{"id":396822,"date":"2026-05-22T07:07:26","date_gmt":"2026-05-22T11:07:26","guid":{"rendered":"https:\/\/www.eldiario.net\/portal\/?p=396822"},"modified":"2026-05-22T07:07:26","modified_gmt":"2026-05-22T11:07:26","slug":"todo-el-trabajo-que-hago-en-bolivia-no-es-valorado","status":"publish","type":"post","link":"https:\/\/www.eldiario.net\/portal\/2026\/05\/22\/todo-el-trabajo-que-hago-en-bolivia-no-es-valorado\/","title":{"rendered":"\u00abTodo el trabajo que hago en Bolivia no es valorado\u00bb"},"content":{"rendered":"<p>Sin apoyo, cansada de pedir ayuda y con una oportunidad dif\u00edcil de dejar, la atleta cochabambina, Benita Parra, tom\u00f3 la decisi\u00f3n de representar a Brasil. La fondista, con dos r\u00e9cords nacionales y un palmar\u00e9s de mucho futuro, disputar\u00e1 su \u00faltima competencia bajo bandera boliviana en el Campeonato Iberoamericano de Atletismo, del 19 al 21 de Junio del 2026, en Lima, Per\u00fa.<br \/>\n\u201cNos estamos preparando para el torneo iberoamericano. Es la \u00faltima competencia que vamos a hacer y despu\u00e9s de esto vamos a tomar una decisi\u00f3n de dejar las cosas y hacer algo por m\u00ed misma\u201d, as\u00ed comenz\u00f3 la entrevista con el medio televisivo, Deporte total, las declaraciones de Parra.<br \/>\nCansada de pedir apoyo, costeando sus pasajes y alimentaci\u00f3n y mostrando grandes resultados para el pa\u00eds, Parra lleg\u00f3 al l\u00edmite de su paciencia y el inter\u00e9s de M\u00e9xico y Brasil hizo que la valluna tome una decisi\u00f3n dif\u00edcil de dejar:<br \/>\n\u201cTengo m\u00e1s posibilidades para Brasil, ya que me invitaron para este pa\u00eds y creo que tomar\u00e9 este camino, porque todo el trabajo que hago aqu\u00ed en Bolivia no es valorado. Es una l\u00e1stima que en Bolivia no haya apoyo, que en Bolivia no valoren el trabajo que hacen para los deportistas, no solo para m\u00ed\u201d, a\u00f1adi\u00f3.<br \/>\nLa fondista Benita Parra se coron\u00f3 recientemente campeona en los 1.500 metros, logrando un tiempo de 4:40,90. Su actuaci\u00f3n dej\u00f3 a todos los presentes llenos de admiraci\u00f3n, en el Campeonato Sudamericano de Indoor (pista cubierta).<br \/>\nDentro de sus otros logros se encuentra lo que marc\u00f3 historia al ganar la medalla de oro en los 5000 metros del Campeonato Sudamericano de Atletismo U23, realizado en Bucaramanga, Colombia. Parra, tambi\u00e9n, obtuvo el segundo lugar en los 5.000 metros planos y se llev\u00f3 la medalla de plata en los Juegos Bolivarianos Ayacucho-Lima 2025. La atleta, nacida en Punata, Cochabamba, registr\u00f3 un tiempo de 16:08.96, estableciendo un nuevo r\u00e9cord nacional y superando su propia marca en la especialidad.<br \/>\n\u201cDespu\u00e9s del Ibeoamericano tomar\u00e9 la decisi\u00f3n. Siempre dar\u00e9 lo mejor de m\u00ed por Bolivia, amo mi pa\u00eds, pero si no hay apoyo no se puede. Cuando fui al campeonato nacional en Lima, Per\u00fa, para hacer una marca y clasificar a los Iberoamericanos, fui con mis propios recursos, he costeado todo. No ten\u00eda el apoyo de nadie. No tengo nada de respuesta de ellos (Federaci\u00f3n Atl\u00e9tica de Bolivia), ni tampoco el tema de las becas, no estoy en lista\u201d, sostuvo la fondista.<br \/>\nBenita naci\u00f3 el 14 de julio de 2002 en Punata, Cochabamba, en una familia de cinco hermanos. Su historia deportiva comenz\u00f3 en agosto de 2022, cuando, alentada por su pareja, quien not\u00f3 su resistencia al correr, decidi\u00f3 probar suerte en el atletismo. Hoy, a sus 23 a\u00f1os, Parra cuenta con mucha historia por contar, pero ser\u00e1 bajo la bandera de Brasil, pa\u00eds con mayor posibilidad de albergar atletas, a diferencia del pa\u00eds.<\/p>\n<p><em>\u00abSiempre dar\u00e9 lo mejor de m\u00ed por Bolivia, amo mi pa\u00eds, pero si no hay apoyo no se puede\u00bb Benita Parra Atleta boliviana<\/em><\/p>\n<p>2 R\u00c9CORDS NACIONALES CUENTA BENITA PARRA EN EL ATLETISMO NACIONAL: EN 5MIL METROS Y 10MIL.<\/p>\n","protected":false},"excerpt":{"rendered":"<p>Sin apoyo, cansada de pedir ayuda y con una oportunidad dif\u00edcil de dejar, la atleta cochabambina, Benita Parra, tom\u00f3 la decisi\u00f3n de representar a Brasil. La fondista, con dos r\u00e9cords nacionales y un palmar\u00e9s de mucho futuro, disputar\u00e1 su \u00faltima competencia bajo bandera boliviana en el Campeonato Iberoamericano de Atletismo, del 19 al 21 de [&hellip;]<\/p>\n","protected":false},"author":1,"featured_media":396823,"comment_status":"closed","ping_status":"open","sticky":false,"template":"","format":"standard","meta":{"_acf_changed":false,"footnotes":""},"categories":[6],"tags":[],"class_list":["post-396822","post","type-post","status-publish","format-standard","has-post-thumbnail","category-deportes"],"acf":{"antetitulo":""},"yoast_head":"<!-- This site is optimized with the Yoast SEO plugin v28.4 - https:\/\/yoast.com\/product\/yoast-seo-wordpress\/ -->\n<title>&quot;Todo el trabajo que hago en Bolivia no es valorado&quot; - El Diario - Bolivia<\/title>\n<meta name=\"robots\" content=\"index, follow, max-snippet:-1, max-image-preview:large, max-video-preview:-1\" \/>\n<link rel=\"canonical\" href=\"https:\/\/www.eldiario.net\/portal\/2026\/05\/22\/todo-el-trabajo-que-hago-en-bolivia-no-es-valorado\/\" \/>\n<meta property=\"og:locale\" content=\"es_ES\" \/>\n<meta property=\"og:type\" content=\"article\" \/>\n<meta property=\"og:title\" content=\"&quot;Todo el trabajo que hago en Bolivia no es valorado&quot; - El Diario - Bolivia\" \/>\n<meta property=\"og:description\" content=\"Sin apoyo, cansada de pedir ayuda y con una oportunidad dif\u00edcil de dejar, la atleta cochabambina, Benita Parra, tom\u00f3 la decisi\u00f3n de representar a Brasil. La fondista, con dos r\u00e9cords nacionales y un palmar\u00e9s de mucho futuro, disputar\u00e1 su \u00faltima competencia bajo bandera boliviana en el Campeonato Iberoamericano de Atletismo, del 19 al 21 de [&hellip;]\" \/>\n<meta property=\"og:url\" content=\"https:\/\/www.eldiario.net\/portal\/2026\/05\/22\/todo-el-trabajo-que-hago-en-bolivia-no-es-valorado\/\" \/>\n<meta property=\"og:site_name\" content=\"El Diario - Bolivia\" \/>\n<meta property=\"article:publisher\" content=\"https:\/\/www.facebook.com\/eldiario.bolivia\/\" \/>\n<meta property=\"article:published_time\" content=\"2026-05-22T11:07:26+00:00\" \/>\n<meta property=\"og:image\" content=\"https:\/\/www.eldiario.net\/portal\/wp-content\/uploads\/2026\/05\/Principal-ok.webp\" \/>\n\t<meta property=\"og:image:width\" content=\"410\" \/>\n\t<meta property=\"og:image:height\" content=\"512\" \/>\n\t<meta property=\"og:image:type\" content=\"image\/webp\" \/>\n<meta name=\"author\" content=\"Jeanette\" \/>\n<meta name=\"twitter:card\" content=\"summary_large_image\" \/>\n<meta name=\"twitter:creator\" content=\"@eldiario_net\" \/>\n<meta name=\"twitter:site\" content=\"@eldiario_net\" \/>\n<meta name=\"twitter:label1\" content=\"Escrito por\" \/>\n\t<meta name=\"twitter:data1\" content=\"Jeanette\" \/>\n\t<meta name=\"twitter:label2\" content=\"Tiempo de lectura\" \/>\n\t<meta name=\"twitter:data2\" content=\"3 minutos\" \/>\n<script type=\"application\/ld+json\" class=\"yoast-schema-graph\">{\"@context\":\"https:\\\/\\\/schema.org\",\"@graph\":[{\"@type\":\"Article\",\"@id\":\"https:\\\/\\\/www.eldiario.net\\\/portal\\\/2026\\\/05\\\/22\\\/todo-el-trabajo-que-hago-en-bolivia-no-es-valorado\\\/#article\",\"isPartOf\":{\"@id\":\"https:\\\/\\\/www.eldiario.net\\\/portal\\\/2026\\\/05\\\/22\\\/todo-el-trabajo-que-hago-en-bolivia-no-es-valorado\\\/\"},\"author\":{\"name\":\"Jeanette\",\"@id\":\"https:\\\/\\\/www.eldiario.net\\\/portal\\\/#\\\/schema\\\/person\\\/2c57cf2b7a7ae032e449e4c9b1019eac\"},\"headline\":\"\u00abTodo el trabajo que hago en Bolivia no es valorado\u00bb\",\"datePublished\":\"2026-05-22T11:07:26+00:00\",\"mainEntityOfPage\":{\"@id\":\"https:\\\/\\\/www.eldiario.net\\\/portal\\\/2026\\\/05\\\/22\\\/todo-el-trabajo-que-hago-en-bolivia-no-es-valorado\\\/\"},\"wordCount\":538,\"publisher\":{\"@id\":\"https:\\\/\\\/www.eldiario.net\\\/portal\\\/#organization\"},\"image\":{\"@id\":\"https:\\\/\\\/www.eldiario.net\\\/portal\\\/2026\\\/05\\\/22\\\/todo-el-trabajo-que-hago-en-bolivia-no-es-valorado\\\/#primaryimage\"},\"thumbnailUrl\":\"https:\\\/\\\/www.eldiario.net\\\/portal\\\/wp-content\\\/uploads\\\/2026\\\/05\\\/Principal-ok.webp\",\"articleSection\":[\"Deportes\"],\"inLanguage\":\"es\"},{\"@type\":\"WebPage\",\"@id\":\"https:\\\/\\\/www.eldiario.net\\\/portal\\\/2026\\\/05\\\/22\\\/todo-el-trabajo-que-hago-en-bolivia-no-es-valorado\\\/\",\"url\":\"https:\\\/\\\/www.eldiario.net\\\/portal\\\/2026\\\/05\\\/22\\\/todo-el-trabajo-que-hago-en-bolivia-no-es-valorado\\\/\",\"name\":\"\\\"Todo el trabajo que hago en Bolivia no es valorado\\\" - El Diario - Bolivia\",\"isPartOf\":{\"@id\":\"https:\\\/\\\/www.eldiario.net\\\/portal\\\/#website\"},\"primaryImageOfPage\":{\"@id\":\"https:\\\/\\\/www.eldiario.net\\\/portal\\\/2026\\\/05\\\/22\\\/todo-el-trabajo-que-hago-en-bolivia-no-es-valorado\\\/#primaryimage\"},\"image\":{\"@id\":\"https:\\\/\\\/www.eldiario.net\\\/portal\\\/2026\\\/05\\\/22\\\/todo-el-trabajo-que-hago-en-bolivia-no-es-valorado\\\/#primaryimage\"},\"thumbnailUrl\":\"https:\\\/\\\/www.eldiario.net\\\/portal\\\/wp-content\\\/uploads\\\/2026\\\/05\\\/Principal-ok.webp\",\"datePublished\":\"2026-05-22T11:07:26+00:00\",\"breadcrumb\":{\"@id\":\"https:\\\/\\\/www.eldiario.net\\\/portal\\\/2026\\\/05\\\/22\\\/todo-el-trabajo-que-hago-en-bolivia-no-es-valorado\\\/#breadcrumb\"},\"inLanguage\":\"es\",\"potentialAction\":[{\"@type\":\"ReadAction\",\"target\":[\"https:\\\/\\\/www.eldiario.net\\\/portal\\\/2026\\\/05\\\/22\\\/todo-el-trabajo-que-hago-en-bolivia-no-es-valorado\\\/\"]}]},{\"@type\":\"ImageObject\",\"inLanguage\":\"es\",\"@id\":\"https:\\\/\\\/www.eldiario.net\\\/portal\\\/2026\\\/05\\\/22\\\/todo-el-trabajo-que-hago-en-bolivia-no-es-valorado\\\/#primaryimage\",\"url\":\"https:\\\/\\\/www.eldiario.net\\\/portal\\\/wp-content\\\/uploads\\\/2026\\\/05\\\/Principal-ok.webp\",\"contentUrl\":\"https:\\\/\\\/www.eldiario.net\\\/portal\\\/wp-content\\\/uploads\\\/2026\\\/05\\\/Principal-ok.webp\",\"width\":410,\"height\":512,\"caption\":\"La atleta Benita Parra celebra su \u00faltimo t\u00edtulo en el campeonato Indoor.\"},{\"@type\":\"BreadcrumbList\",\"@id\":\"https:\\\/\\\/www.eldiario.net\\\/portal\\\/2026\\\/05\\\/22\\\/todo-el-trabajo-que-hago-en-bolivia-no-es-valorado\\\/#breadcrumb\",\"itemListElement\":[{\"@type\":\"ListItem\",\"position\":1,\"name\":\"Portada\",\"item\":\"https:\\\/\\\/www.eldiario.net\\\/portal\\\/\"},{\"@type\":\"ListItem\",\"position\":2,\"name\":\"\u00abTodo el trabajo que hago en Bolivia no es valorado\u00bb\"}]},{\"@type\":\"WebSite\",\"@id\":\"https:\\\/\\\/www.eldiario.net\\\/portal\\\/#website\",\"url\":\"https:\\\/\\\/www.eldiario.net\\\/portal\\\/\",\"name\":\"El Diario - Decano de la prensa nacional\",\"description\":\"El Diario - Decano de la prensa nacional\",\"publisher\":{\"@id\":\"https:\\\/\\\/www.eldiario.net\\\/portal\\\/#organization\"},\"potentialAction\":[{\"@type\":\"SearchAction\",\"target\":{\"@type\":\"EntryPoint\",\"urlTemplate\":\"https:\\\/\\\/www.eldiario.net\\\/portal\\\/?s={search_term_string}\"},\"query-input\":{\"@type\":\"PropertyValueSpecification\",\"valueRequired\":true,\"valueName\":\"search_term_string\"}}],\"inLanguage\":\"es\"},{\"@type\":\"Organization\",\"@id\":\"https:\\\/\\\/www.eldiario.net\\\/portal\\\/#organization\",\"name\":\"El Diario - Decano de la prensa nacional\",\"url\":\"https:\\\/\\\/www.eldiario.net\\\/portal\\\/\",\"logo\":{\"@type\":\"ImageObject\",\"inLanguage\":\"es\",\"@id\":\"https:\\\/\\\/www.eldiario.net\\\/portal\\\/#\\\/schema\\\/logo\\\/image\\\/\",\"url\":\"https:\\\/\\\/www.eldiario.net\\\/portal\\\/wp-content\\\/uploads\\\/2023\\\/07\\\/logo_ED.jpg\",\"contentUrl\":\"https:\\\/\\\/www.eldiario.net\\\/portal\\\/wp-content\\\/uploads\\\/2023\\\/07\\\/logo_ED.jpg\",\"width\":272,\"height\":52,\"caption\":\"El Diario - Decano de la prensa nacional\"},\"image\":{\"@id\":\"https:\\\/\\\/www.eldiario.net\\\/portal\\\/#\\\/schema\\\/logo\\\/image\\\/\"},\"sameAs\":[\"https:\\\/\\\/www.facebook.com\\\/eldiario.bolivia\\\/\",\"https:\\\/\\\/x.com\\\/eldiario_net\"]},{\"@type\":\"Person\",\"@id\":\"https:\\\/\\\/www.eldiario.net\\\/portal\\\/#\\\/schema\\\/person\\\/2c57cf2b7a7ae032e449e4c9b1019eac\",\"name\":\"Jeanette\",\"image\":{\"@type\":\"ImageObject\",\"inLanguage\":\"es\",\"@id\":\"https:\\\/\\\/secure.gravatar.com\\\/avatar\\\/3ea2118a5f7dad2b7138b1187a6b7ee55f160b9968b66013c3a3ef39dd7e5798?s=96&d=mm&r=g\",\"url\":\"https:\\\/\\\/secure.gravatar.com\\\/avatar\\\/3ea2118a5f7dad2b7138b1187a6b7ee55f160b9968b66013c3a3ef39dd7e5798?s=96&d=mm&r=g\",\"contentUrl\":\"https:\\\/\\\/secure.gravatar.com\\\/avatar\\\/3ea2118a5f7dad2b7138b1187a6b7ee55f160b9968b66013c3a3ef39dd7e5798?s=96&d=mm&r=g\",\"caption\":\"Jeanette\"},\"sameAs\":[\"https:\\\/\\\/www.eldiario.net\\\/portal\"],\"url\":\"https:\\\/\\\/www.eldiario.net\\\/portal\\\/author\\\/jeanette\\\/\"}]}<\/script>\n<!-- \/ Yoast SEO plugin. -->","yoast_head_json":{"title":"\"Todo el trabajo que hago en Bolivia no es valorado\" - El Diario - Bolivia","robots":{"index":"index","follow":"follow","max-snippet":"max-snippet:-1","max-image-preview":"max-image-preview:large","max-video-preview":"max-video-preview:-1"},"canonical":"https:\/\/www.eldiario.net\/portal\/2026\/05\/22\/todo-el-trabajo-que-hago-en-bolivia-no-es-valorado\/","og_locale":"es_ES","og_type":"article","og_title":"\"Todo el trabajo que hago en Bolivia no es valorado\" - El Diario - Bolivia","og_description":"Sin apoyo, cansada de pedir ayuda y con una oportunidad dif\u00edcil de dejar, la atleta cochabambina, Benita Parra, tom\u00f3 la decisi\u00f3n de representar a Brasil. La fondista, con dos r\u00e9cords nacionales y un palmar\u00e9s de mucho futuro, disputar\u00e1 su \u00faltima competencia bajo bandera boliviana en el Campeonato Iberoamericano de Atletismo, del 19 al 21 de [&hellip;]","og_url":"https:\/\/www.eldiario.net\/portal\/2026\/05\/22\/todo-el-trabajo-que-hago-en-bolivia-no-es-valorado\/","og_site_name":"El Diario - Bolivia","article_publisher":"https:\/\/www.facebook.com\/eldiario.bolivia\/","article_published_time":"2026-05-22T11:07:26+00:00","og_image":[{"width":410,"height":512,"url":"https:\/\/www.eldiario.net\/portal\/wp-content\/uploads\/2026\/05\/Principal-ok.webp","type":"image\/webp"}],"author":"Jeanette","twitter_card":"summary_large_image","twitter_creator":"@eldiario_net","twitter_site":"@eldiario_net","twitter_misc":{"Escrito por":"Jeanette","Tiempo de lectura":"3 minutos"},"schema":{"@context":"https:\/\/schema.org","@graph":[{"@type":"Article","@id":"https:\/\/www.eldiario.net\/portal\/2026\/05\/22\/todo-el-trabajo-que-hago-en-bolivia-no-es-valorado\/#article","isPartOf":{"@id":"https:\/\/www.eldiario.net\/portal\/2026\/05\/22\/todo-el-trabajo-que-hago-en-bolivia-no-es-valorado\/"},"author":{"name":"Jeanette","@id":"https:\/\/www.eldiario.net\/portal\/#\/schema\/person\/2c57cf2b7a7ae032e449e4c9b1019eac"},"headline":"\u00abTodo el trabajo que hago en Bolivia no es valorado\u00bb","datePublished":"2026-05-22T11:07:26+00:00","mainEntityOfPage":{"@id":"https:\/\/www.eldiario.net\/portal\/2026\/05\/22\/todo-el-trabajo-que-hago-en-bolivia-no-es-valorado\/"},"wordCount":538,"publisher":{"@id":"https:\/\/www.eldiario.net\/portal\/#organization"},"image":{"@id":"https:\/\/www.eldiario.net\/portal\/2026\/05\/22\/todo-el-trabajo-que-hago-en-bolivia-no-es-valorado\/#primaryimage"},"thumbnailUrl":"https:\/\/www.eldiario.net\/portal\/wp-content\/uploads\/2026\/05\/Principal-ok.webp","articleSection":["Deportes"],"inLanguage":"es"},{"@type":"WebPage","@id":"https:\/\/www.eldiario.net\/portal\/2026\/05\/22\/todo-el-trabajo-que-hago-en-bolivia-no-es-valorado\/","url":"https:\/\/www.eldiario.net\/portal\/2026\/05\/22\/todo-el-trabajo-que-hago-en-bolivia-no-es-valorado\/","name":"\"Todo el trabajo que hago en Bolivia no es valorado\" - El Diario - Bolivia","isPartOf":{"@id":"https:\/\/www.eldiario.net\/portal\/#website"},"primaryImageOfPage":{"@id":"https:\/\/www.eldiario.net\/portal\/2026\/05\/22\/todo-el-trabajo-que-hago-en-bolivia-no-es-valorado\/#primaryimage"},"image":{"@id":"https:\/\/www.eldiario.net\/portal\/2026\/05\/22\/todo-el-trabajo-que-hago-en-bolivia-no-es-valorado\/#primaryimage"},"thumbnailUrl":"https:\/\/www.eldiario.net\/portal\/wp-content\/uploads\/2026\/05\/Principal-ok.webp","datePublished":"2026-05-22T11:07:26+00:00","breadcrumb":{"@id":"https:\/\/www.eldiario.net\/portal\/2026\/05\/22\/todo-el-trabajo-que-hago-en-bolivia-no-es-valorado\/#breadcrumb"},"inLanguage":"es","potentialAction":[{"@type":"ReadAction","target":["https:\/\/www.eldiario.net\/portal\/2026\/05\/22\/todo-el-trabajo-que-hago-en-bolivia-no-es-valorado\/"]}]},{"@type":"ImageObject","inLanguage":"es","@id":"https:\/\/www.eldiario.net\/portal\/2026\/05\/22\/todo-el-trabajo-que-hago-en-bolivia-no-es-valorado\/#primaryimage","url":"https:\/\/www.eldiario.net\/portal\/wp-content\/uploads\/2026\/05\/Principal-ok.webp","contentUrl":"https:\/\/www.eldiario.net\/portal\/wp-content\/uploads\/2026\/05\/Principal-ok.webp","width":410,"height":512,"caption":"La atleta Benita Parra celebra su \u00faltimo t\u00edtulo en el campeonato Indoor."},{"@type":"BreadcrumbList","@id":"https:\/\/www.eldiario.net\/portal\/2026\/05\/22\/todo-el-trabajo-que-hago-en-bolivia-no-es-valorado\/#breadcrumb","itemListElement":[{"@type":"ListItem","position":1,"name":"Portada","item":"https:\/\/www.eldiario.net\/portal\/"},{"@type":"ListItem","position":2,"name":"\u00abTodo el trabajo que hago en Bolivia no es valorado\u00bb"}]},{"@type":"WebSite","@id":"https:\/\/www.eldiario.net\/portal\/#website","url":"https:\/\/www.eldiario.net\/portal\/","name":"El Diario - Decano de la prensa nacional","description":"El Diario - Decano de la prensa nacional","publisher":{"@id":"https:\/\/www.eldiario.net\/portal\/#organization"},"potentialAction":[{"@type":"SearchAction","target":{"@type":"EntryPoint","urlTemplate":"https:\/\/www.eldiario.net\/portal\/?s={search_term_string}"},"query-input":{"@type":"PropertyValueSpecification","valueRequired":true,"valueName":"search_term_string"}}],"inLanguage":"es"},{"@type":"Organization","@id":"https:\/\/www.eldiario.net\/portal\/#organization","name":"El Diario - Decano de la prensa nacional","url":"https:\/\/www.eldiario.net\/portal\/","logo":{"@type":"ImageObject","inLanguage":"es","@id":"https:\/\/www.eldiario.net\/portal\/#\/schema\/logo\/image\/","url":"https:\/\/www.eldiario.net\/portal\/wp-content\/uploads\/2023\/07\/logo_ED.jpg","contentUrl":"https:\/\/www.eldiario.net\/portal\/wp-content\/uploads\/2023\/07\/logo_ED.jpg","width":272,"height":52,"caption":"El Diario - Decano de la prensa nacional"},"image":{"@id":"https:\/\/www.eldiario.net\/portal\/#\/schema\/logo\/image\/"},"sameAs":["https:\/\/www.facebook.com\/eldiario.bolivia\/","https:\/\/x.com\/eldiario_net"]},{"@type":"Person","@id":"https:\/\/www.eldiario.net\/portal\/#\/schema\/person\/2c57cf2b7a7ae032e449e4c9b1019eac","name":"Jeanette","image":{"@type":"ImageObject","inLanguage":"es","@id":"https:\/\/secure.gravatar.com\/avatar\/3ea2118a5f7dad2b7138b1187a6b7ee55f160b9968b66013c3a3ef39dd7e5798?s=96&d=mm&r=g","url":"https:\/\/secure.gravatar.com\/avatar\/3ea2118a5f7dad2b7138b1187a6b7ee55f160b9968b66013c3a3ef39dd7e5798?s=96&d=mm&r=g","contentUrl":"https:\/\/secure.gravatar.com\/avatar\/3ea2118a5f7dad2b7138b1187a6b7ee55f160b9968b66013c3a3ef39dd7e5798?s=96&d=mm&r=g","caption":"Jeanette"},"sameAs":["https:\/\/www.eldiario.net\/portal"],"url":"https:\/\/www.eldiario.net\/portal\/author\/jeanette\/"}]}},"_links":{"self":[{"href":"https:\/\/www.eldiario.net\/portal\/wp-json\/wp\/v2\/posts\/396822","targetHints":{"allow":["GET"]}}],"collection":[{"href":"https:\/\/www.eldiario.net\/portal\/wp-json\/wp\/v2\/posts"}],"about":[{"href":"https:\/\/www.eldiario.net\/portal\/wp-json\/wp\/v2\/types\/post"}],"author":[{"embeddable":true,"href":"https:\/\/www.eldiario.net\/portal\/wp-json\/wp\/v2\/users\/1"}],"replies":[{"embeddable":true,"href":"https:\/\/www.eldiario.net\/portal\/wp-json\/wp\/v2\/comments?post=396822"}],"version-history":[{"count":1,"href":"https:\/\/www.eldiario.net\/portal\/wp-json\/wp\/v2\/posts\/396822\/revisions"}],"predecessor-version":[{"id":396824,"href":"https:\/\/www.eldiario.net\/portal\/wp-json\/wp\/v2\/posts\/396822\/revisions\/396824"}],"wp:featuredmedia":[{"embeddable":true,"href":"https:\/\/www.eldiario.net\/portal\/wp-json\/wp\/v2\/media\/396823"}],"wp:attachment":[{"href":"https:\/\/www.eldiario.net\/portal\/wp-json\/wp\/v2\/media?parent=396822"}],"wp:term":[{"taxonomy":"category","embeddable":true,"href":"https:\/\/www.eldiario.net\/portal\/wp-json\/wp\/v2\/categories?post=396822"},{"taxonomy":"post_tag","embeddable":true,"href":"https:\/\/www.eldiario.net\/portal\/wp-json\/wp\/v2\/tags?post=396822"}],"curies":[{"name":"wp","href":"https:\/\/api.w.org\/{rel}","templated":true}]}}