{"id":396819,"date":"2026-05-22T07:06:06","date_gmt":"2026-05-22T11:06:06","guid":{"rendered":"https:\/\/www.eldiario.net\/portal\/?p=396819"},"modified":"2026-05-22T07:06:06","modified_gmt":"2026-05-22T11:06:06","slug":"alejandro-restrepo-asume-la-conduccion-y-bolivar-seguira-en-competencia-internacional","status":"publish","type":"post","link":"https:\/\/www.eldiario.net\/portal\/2026\/05\/22\/alejandro-restrepo-asume-la-conduccion-y-bolivar-seguira-en-competencia-internacional\/","title":{"rendered":"Alejandro Restrepo asume la conducci\u00f3n y Bol\u00edvar seguir\u00e1 en competencia internacional"},"content":{"rendered":"<p>Bol\u00edvar est\u00e1 a un paso de octavos de final de la Copa Libertadores. Para asegurar el pase, tiene que ganar el mi\u00e9rcoles 27 de mayo a Independiente de Rivadavia, en el \u00faltimo partido de la fase de grupos, en cotejo a jugarse en el estadio Tahuichi Aguilera, por decisi\u00f3n de la Conmebol debido al conflicto social que afecta al pa\u00eds.<br \/>\nAnoche, Deportivo La Guaira perdi\u00f3 con Independiente de Rivadavia por 2-4, en partido jugado en Caracas. Con este resultado, el cuadro mendocino se reconfirm\u00f3 en el primer lugar del grupo C con 13 unidades, luego est\u00e1n ubicados Bol\u00edvar y Fluminense con cinco puntos y la mejor diferencia de gol es favorable a los celestes con 0, pero el criterio de desempate es el global de los partidos con el plantel brasile\u00f1o. Como en La Paz gan\u00f3 Bol\u00edvar por 2-0, y en R\u00edo de Janeiro venci\u00f3 Fluminense por 2-1, el gol de Carlos Melgar le da a la Academia la opci\u00f3n de pasar en caso de empate en puntos con los brasile\u00f1os.<br \/>\nPara eso, debe ganar s\u00ed o s\u00ed a Independiente Rivadavia en Santa Cruz, al margen de lo que suceda con Fluminense con La Guaira en R\u00edo de Janeiro.<br \/>\nPero, en el peor de los casos, si Bol\u00edvar se ubica en tercer lugar, podr\u00e1 optar por el play off de la Copa Sudamericana, por lo que se mantendr\u00e1 en competencia internacional.<br \/>\nAyer por la madrugada lleg\u00f3 a La Paz el nuevo t\u00e9cnico de Bol\u00edvar, el colombiano Alejandro Restrepo, quien cuenta con 44 a\u00f1os y el \u00faltimo club que dirigi\u00f3 fue el Independiente Medell\u00edn este a\u00f1o.<br \/>\nRestrepo ser\u00e1 presentado oficialmente esta ma\u00f1ana en Ananta pero desde ayer se puso manos a la obra, con reuniones con la dirigencia, su cuerpo t\u00e9cnico, adem\u00e1s conoci\u00f3 las instalaciones del club. El colombiano qued\u00f3 conforme, s\u00f3lo dijo ayer por la ma\u00f1ana que \u201cestoy feliz, se de la responsabilidad de dirigir a un club grande como Bol\u00edvar\u201d.<br \/>\nEl partido del domingo ante Guabir\u00e1 fue suspendido por los bloqueos, as\u00ed que Restrepo tendr\u00e1 la posibilidad de trabajar cinco d\u00edas, antes de su debut ante Independiente Rivadavia.<\/p>\n<p>44 A\u00f1os tiene Alejandro Restrepo, quien firmar\u00e1 su contrato por 1 a\u00f1o.<\/p>\n","protected":false},"excerpt":{"rendered":"<p>Bol\u00edvar est\u00e1 a un paso de octavos de final de la Copa Libertadores. Para asegurar el pase, tiene que ganar el mi\u00e9rcoles 27 de mayo a Independiente de Rivadavia, en el \u00faltimo partido de la fase de grupos, en cotejo a jugarse en el estadio Tahuichi Aguilera, por decisi\u00f3n de la Conmebol debido al conflicto [&hellip;]<\/p>\n","protected":false},"author":1,"featured_media":396820,"comment_status":"closed","ping_status":"open","sticky":false,"template":"","format":"standard","meta":{"_acf_changed":false,"footnotes":""},"categories":[6],"tags":[],"class_list":["post-396819","post","type-post","status-publish","format-standard","has-post-thumbnail","category-deportes"],"acf":{"antetitulo":""},"yoast_head":"<!-- This site is optimized with the Yoast SEO plugin v28.4 - https:\/\/yoast.com\/product\/yoast-seo-wordpress\/ -->\n<title>Alejandro Restrepo asume la conducci\u00f3n y Bol\u00edvar seguir\u00e1 en competencia internacional - El Diario - Bolivia<\/title>\n<meta name=\"robots\" content=\"index, follow, max-snippet:-1, max-image-preview:large, max-video-preview:-1\" \/>\n<link rel=\"canonical\" href=\"https:\/\/www.eldiario.net\/portal\/2026\/05\/22\/alejandro-restrepo-asume-la-conduccion-y-bolivar-seguira-en-competencia-internacional\/\" \/>\n<meta property=\"og:locale\" content=\"es_ES\" \/>\n<meta property=\"og:type\" content=\"article\" \/>\n<meta property=\"og:title\" content=\"Alejandro Restrepo asume la conducci\u00f3n y Bol\u00edvar seguir\u00e1 en competencia internacional - El Diario - Bolivia\" \/>\n<meta property=\"og:description\" content=\"Bol\u00edvar est\u00e1 a un paso de octavos de final de la Copa Libertadores. Para asegurar el pase, tiene que ganar el mi\u00e9rcoles 27 de mayo a Independiente de Rivadavia, en el \u00faltimo partido de la fase de grupos, en cotejo a jugarse en el estadio Tahuichi Aguilera, por decisi\u00f3n de la Conmebol debido al conflicto [&hellip;]\" \/>\n<meta property=\"og:url\" content=\"https:\/\/www.eldiario.net\/portal\/2026\/05\/22\/alejandro-restrepo-asume-la-conduccion-y-bolivar-seguira-en-competencia-internacional\/\" \/>\n<meta property=\"og:site_name\" content=\"El Diario - Bolivia\" \/>\n<meta property=\"article:publisher\" content=\"https:\/\/www.facebook.com\/eldiario.bolivia\/\" \/>\n<meta property=\"article:published_time\" content=\"2026-05-22T11:06:06+00:00\" \/>\n<meta property=\"og:image\" content=\"https:\/\/www.eldiario.net\/portal\/wp-content\/uploads\/2026\/05\/Bolivar-4.webp\" \/>\n\t<meta property=\"og:image:width\" content=\"466\" \/>\n\t<meta property=\"og:image:height\" content=\"480\" \/>\n\t<meta property=\"og:image:type\" content=\"image\/webp\" \/>\n<meta name=\"author\" content=\"Jeanette\" \/>\n<meta name=\"twitter:card\" content=\"summary_large_image\" \/>\n<meta name=\"twitter:creator\" content=\"@eldiario_net\" \/>\n<meta name=\"twitter:site\" content=\"@eldiario_net\" \/>\n<meta name=\"twitter:label1\" content=\"Escrito por\" \/>\n\t<meta name=\"twitter:data1\" content=\"Jeanette\" \/>\n\t<meta name=\"twitter:label2\" content=\"Tiempo de lectura\" \/>\n\t<meta name=\"twitter:data2\" content=\"2 minutos\" \/>\n<script type=\"application\/ld+json\" class=\"yoast-schema-graph\">{\"@context\":\"https:\\\/\\\/schema.org\",\"@graph\":[{\"@type\":\"Article\",\"@id\":\"https:\\\/\\\/www.eldiario.net\\\/portal\\\/2026\\\/05\\\/22\\\/alejandro-restrepo-asume-la-conduccion-y-bolivar-seguira-en-competencia-internacional\\\/#article\",\"isPartOf\":{\"@id\":\"https:\\\/\\\/www.eldiario.net\\\/portal\\\/2026\\\/05\\\/22\\\/alejandro-restrepo-asume-la-conduccion-y-bolivar-seguira-en-competencia-internacional\\\/\"},\"author\":{\"name\":\"Jeanette\",\"@id\":\"https:\\\/\\\/www.eldiario.net\\\/portal\\\/#\\\/schema\\\/person\\\/2c57cf2b7a7ae032e449e4c9b1019eac\"},\"headline\":\"Alejandro Restrepo asume la conducci\u00f3n y Bol\u00edvar seguir\u00e1 en competencia internacional\",\"datePublished\":\"2026-05-22T11:06:06+00:00\",\"mainEntityOfPage\":{\"@id\":\"https:\\\/\\\/www.eldiario.net\\\/portal\\\/2026\\\/05\\\/22\\\/alejandro-restrepo-asume-la-conduccion-y-bolivar-seguira-en-competencia-internacional\\\/\"},\"wordCount\":395,\"publisher\":{\"@id\":\"https:\\\/\\\/www.eldiario.net\\\/portal\\\/#organization\"},\"image\":{\"@id\":\"https:\\\/\\\/www.eldiario.net\\\/portal\\\/2026\\\/05\\\/22\\\/alejandro-restrepo-asume-la-conduccion-y-bolivar-seguira-en-competencia-internacional\\\/#primaryimage\"},\"thumbnailUrl\":\"https:\\\/\\\/www.eldiario.net\\\/portal\\\/wp-content\\\/uploads\\\/2026\\\/05\\\/Bolivar-4.webp\",\"articleSection\":[\"Deportes\"],\"inLanguage\":\"es\"},{\"@type\":\"WebPage\",\"@id\":\"https:\\\/\\\/www.eldiario.net\\\/portal\\\/2026\\\/05\\\/22\\\/alejandro-restrepo-asume-la-conduccion-y-bolivar-seguira-en-competencia-internacional\\\/\",\"url\":\"https:\\\/\\\/www.eldiario.net\\\/portal\\\/2026\\\/05\\\/22\\\/alejandro-restrepo-asume-la-conduccion-y-bolivar-seguira-en-competencia-internacional\\\/\",\"name\":\"Alejandro Restrepo asume la conducci\u00f3n y Bol\u00edvar seguir\u00e1 en competencia internacional - El Diario - Bolivia\",\"isPartOf\":{\"@id\":\"https:\\\/\\\/www.eldiario.net\\\/portal\\\/#website\"},\"primaryImageOfPage\":{\"@id\":\"https:\\\/\\\/www.eldiario.net\\\/portal\\\/2026\\\/05\\\/22\\\/alejandro-restrepo-asume-la-conduccion-y-bolivar-seguira-en-competencia-internacional\\\/#primaryimage\"},\"image\":{\"@id\":\"https:\\\/\\\/www.eldiario.net\\\/portal\\\/2026\\\/05\\\/22\\\/alejandro-restrepo-asume-la-conduccion-y-bolivar-seguira-en-competencia-internacional\\\/#primaryimage\"},\"thumbnailUrl\":\"https:\\\/\\\/www.eldiario.net\\\/portal\\\/wp-content\\\/uploads\\\/2026\\\/05\\\/Bolivar-4.webp\",\"datePublished\":\"2026-05-22T11:06:06+00:00\",\"breadcrumb\":{\"@id\":\"https:\\\/\\\/www.eldiario.net\\\/portal\\\/2026\\\/05\\\/22\\\/alejandro-restrepo-asume-la-conduccion-y-bolivar-seguira-en-competencia-internacional\\\/#breadcrumb\"},\"inLanguage\":\"es\",\"potentialAction\":[{\"@type\":\"ReadAction\",\"target\":[\"https:\\\/\\\/www.eldiario.net\\\/portal\\\/2026\\\/05\\\/22\\\/alejandro-restrepo-asume-la-conduccion-y-bolivar-seguira-en-competencia-internacional\\\/\"]}]},{\"@type\":\"ImageObject\",\"inLanguage\":\"es\",\"@id\":\"https:\\\/\\\/www.eldiario.net\\\/portal\\\/2026\\\/05\\\/22\\\/alejandro-restrepo-asume-la-conduccion-y-bolivar-seguira-en-competencia-internacional\\\/#primaryimage\",\"url\":\"https:\\\/\\\/www.eldiario.net\\\/portal\\\/wp-content\\\/uploads\\\/2026\\\/05\\\/Bolivar-4.webp\",\"contentUrl\":\"https:\\\/\\\/www.eldiario.net\\\/portal\\\/wp-content\\\/uploads\\\/2026\\\/05\\\/Bolivar-4.webp\",\"width\":466,\"height\":480,\"caption\":\"Bol\u00edvar le dio la bienvenida a su nuevo DT.\"},{\"@type\":\"BreadcrumbList\",\"@id\":\"https:\\\/\\\/www.eldiario.net\\\/portal\\\/2026\\\/05\\\/22\\\/alejandro-restrepo-asume-la-conduccion-y-bolivar-seguira-en-competencia-internacional\\\/#breadcrumb\",\"itemListElement\":[{\"@type\":\"ListItem\",\"position\":1,\"name\":\"Portada\",\"item\":\"https:\\\/\\\/www.eldiario.net\\\/portal\\\/\"},{\"@type\":\"ListItem\",\"position\":2,\"name\":\"Alejandro Restrepo asume la conducci\u00f3n y Bol\u00edvar seguir\u00e1 en competencia internacional\"}]},{\"@type\":\"WebSite\",\"@id\":\"https:\\\/\\\/www.eldiario.net\\\/portal\\\/#website\",\"url\":\"https:\\\/\\\/www.eldiario.net\\\/portal\\\/\",\"name\":\"El Diario - Decano de la prensa nacional\",\"description\":\"El Diario - Decano de la prensa nacional\",\"publisher\":{\"@id\":\"https:\\\/\\\/www.eldiario.net\\\/portal\\\/#organization\"},\"potentialAction\":[{\"@type\":\"SearchAction\",\"target\":{\"@type\":\"EntryPoint\",\"urlTemplate\":\"https:\\\/\\\/www.eldiario.net\\\/portal\\\/?s={search_term_string}\"},\"query-input\":{\"@type\":\"PropertyValueSpecification\",\"valueRequired\":true,\"valueName\":\"search_term_string\"}}],\"inLanguage\":\"es\"},{\"@type\":\"Organization\",\"@id\":\"https:\\\/\\\/www.eldiario.net\\\/portal\\\/#organization\",\"name\":\"El Diario - Decano de la prensa nacional\",\"url\":\"https:\\\/\\\/www.eldiario.net\\\/portal\\\/\",\"logo\":{\"@type\":\"ImageObject\",\"inLanguage\":\"es\",\"@id\":\"https:\\\/\\\/www.eldiario.net\\\/portal\\\/#\\\/schema\\\/logo\\\/image\\\/\",\"url\":\"https:\\\/\\\/www.eldiario.net\\\/portal\\\/wp-content\\\/uploads\\\/2023\\\/07\\\/logo_ED.jpg\",\"contentUrl\":\"https:\\\/\\\/www.eldiario.net\\\/portal\\\/wp-content\\\/uploads\\\/2023\\\/07\\\/logo_ED.jpg\",\"width\":272,\"height\":52,\"caption\":\"El Diario - Decano de la prensa nacional\"},\"image\":{\"@id\":\"https:\\\/\\\/www.eldiario.net\\\/portal\\\/#\\\/schema\\\/logo\\\/image\\\/\"},\"sameAs\":[\"https:\\\/\\\/www.facebook.com\\\/eldiario.bolivia\\\/\",\"https:\\\/\\\/x.com\\\/eldiario_net\"]},{\"@type\":\"Person\",\"@id\":\"https:\\\/\\\/www.eldiario.net\\\/portal\\\/#\\\/schema\\\/person\\\/2c57cf2b7a7ae032e449e4c9b1019eac\",\"name\":\"Jeanette\",\"image\":{\"@type\":\"ImageObject\",\"inLanguage\":\"es\",\"@id\":\"https:\\\/\\\/secure.gravatar.com\\\/avatar\\\/3ea2118a5f7dad2b7138b1187a6b7ee55f160b9968b66013c3a3ef39dd7e5798?s=96&d=mm&r=g\",\"url\":\"https:\\\/\\\/secure.gravatar.com\\\/avatar\\\/3ea2118a5f7dad2b7138b1187a6b7ee55f160b9968b66013c3a3ef39dd7e5798?s=96&d=mm&r=g\",\"contentUrl\":\"https:\\\/\\\/secure.gravatar.com\\\/avatar\\\/3ea2118a5f7dad2b7138b1187a6b7ee55f160b9968b66013c3a3ef39dd7e5798?s=96&d=mm&r=g\",\"caption\":\"Jeanette\"},\"sameAs\":[\"https:\\\/\\\/www.eldiario.net\\\/portal\"],\"url\":\"https:\\\/\\\/www.eldiario.net\\\/portal\\\/author\\\/jeanette\\\/\"}]}<\/script>\n<!-- \/ Yoast SEO plugin. -->","yoast_head_json":{"title":"Alejandro Restrepo asume la conducci\u00f3n y Bol\u00edvar seguir\u00e1 en competencia internacional - El Diario - Bolivia","robots":{"index":"index","follow":"follow","max-snippet":"max-snippet:-1","max-image-preview":"max-image-preview:large","max-video-preview":"max-video-preview:-1"},"canonical":"https:\/\/www.eldiario.net\/portal\/2026\/05\/22\/alejandro-restrepo-asume-la-conduccion-y-bolivar-seguira-en-competencia-internacional\/","og_locale":"es_ES","og_type":"article","og_title":"Alejandro Restrepo asume la conducci\u00f3n y Bol\u00edvar seguir\u00e1 en competencia internacional - El Diario - Bolivia","og_description":"Bol\u00edvar est\u00e1 a un paso de octavos de final de la Copa Libertadores. Para asegurar el pase, tiene que ganar el mi\u00e9rcoles 27 de mayo a Independiente de Rivadavia, en el \u00faltimo partido de la fase de grupos, en cotejo a jugarse en el estadio Tahuichi Aguilera, por decisi\u00f3n de la Conmebol debido al conflicto [&hellip;]","og_url":"https:\/\/www.eldiario.net\/portal\/2026\/05\/22\/alejandro-restrepo-asume-la-conduccion-y-bolivar-seguira-en-competencia-internacional\/","og_site_name":"El Diario - Bolivia","article_publisher":"https:\/\/www.facebook.com\/eldiario.bolivia\/","article_published_time":"2026-05-22T11:06:06+00:00","og_image":[{"width":466,"height":480,"url":"https:\/\/www.eldiario.net\/portal\/wp-content\/uploads\/2026\/05\/Bolivar-4.webp","type":"image\/webp"}],"author":"Jeanette","twitter_card":"summary_large_image","twitter_creator":"@eldiario_net","twitter_site":"@eldiario_net","twitter_misc":{"Escrito por":"Jeanette","Tiempo de lectura":"2 minutos"},"schema":{"@context":"https:\/\/schema.org","@graph":[{"@type":"Article","@id":"https:\/\/www.eldiario.net\/portal\/2026\/05\/22\/alejandro-restrepo-asume-la-conduccion-y-bolivar-seguira-en-competencia-internacional\/#article","isPartOf":{"@id":"https:\/\/www.eldiario.net\/portal\/2026\/05\/22\/alejandro-restrepo-asume-la-conduccion-y-bolivar-seguira-en-competencia-internacional\/"},"author":{"name":"Jeanette","@id":"https:\/\/www.eldiario.net\/portal\/#\/schema\/person\/2c57cf2b7a7ae032e449e4c9b1019eac"},"headline":"Alejandro Restrepo asume la conducci\u00f3n y Bol\u00edvar seguir\u00e1 en competencia internacional","datePublished":"2026-05-22T11:06:06+00:00","mainEntityOfPage":{"@id":"https:\/\/www.eldiario.net\/portal\/2026\/05\/22\/alejandro-restrepo-asume-la-conduccion-y-bolivar-seguira-en-competencia-internacional\/"},"wordCount":395,"publisher":{"@id":"https:\/\/www.eldiario.net\/portal\/#organization"},"image":{"@id":"https:\/\/www.eldiario.net\/portal\/2026\/05\/22\/alejandro-restrepo-asume-la-conduccion-y-bolivar-seguira-en-competencia-internacional\/#primaryimage"},"thumbnailUrl":"https:\/\/www.eldiario.net\/portal\/wp-content\/uploads\/2026\/05\/Bolivar-4.webp","articleSection":["Deportes"],"inLanguage":"es"},{"@type":"WebPage","@id":"https:\/\/www.eldiario.net\/portal\/2026\/05\/22\/alejandro-restrepo-asume-la-conduccion-y-bolivar-seguira-en-competencia-internacional\/","url":"https:\/\/www.eldiario.net\/portal\/2026\/05\/22\/alejandro-restrepo-asume-la-conduccion-y-bolivar-seguira-en-competencia-internacional\/","name":"Alejandro Restrepo asume la conducci\u00f3n y Bol\u00edvar seguir\u00e1 en competencia internacional - El Diario - Bolivia","isPartOf":{"@id":"https:\/\/www.eldiario.net\/portal\/#website"},"primaryImageOfPage":{"@id":"https:\/\/www.eldiario.net\/portal\/2026\/05\/22\/alejandro-restrepo-asume-la-conduccion-y-bolivar-seguira-en-competencia-internacional\/#primaryimage"},"image":{"@id":"https:\/\/www.eldiario.net\/portal\/2026\/05\/22\/alejandro-restrepo-asume-la-conduccion-y-bolivar-seguira-en-competencia-internacional\/#primaryimage"},"thumbnailUrl":"https:\/\/www.eldiario.net\/portal\/wp-content\/uploads\/2026\/05\/Bolivar-4.webp","datePublished":"2026-05-22T11:06:06+00:00","breadcrumb":{"@id":"https:\/\/www.eldiario.net\/portal\/2026\/05\/22\/alejandro-restrepo-asume-la-conduccion-y-bolivar-seguira-en-competencia-internacional\/#breadcrumb"},"inLanguage":"es","potentialAction":[{"@type":"ReadAction","target":["https:\/\/www.eldiario.net\/portal\/2026\/05\/22\/alejandro-restrepo-asume-la-conduccion-y-bolivar-seguira-en-competencia-internacional\/"]}]},{"@type":"ImageObject","inLanguage":"es","@id":"https:\/\/www.eldiario.net\/portal\/2026\/05\/22\/alejandro-restrepo-asume-la-conduccion-y-bolivar-seguira-en-competencia-internacional\/#primaryimage","url":"https:\/\/www.eldiario.net\/portal\/wp-content\/uploads\/2026\/05\/Bolivar-4.webp","contentUrl":"https:\/\/www.eldiario.net\/portal\/wp-content\/uploads\/2026\/05\/Bolivar-4.webp","width":466,"height":480,"caption":"Bol\u00edvar le dio la bienvenida a su nuevo DT."},{"@type":"BreadcrumbList","@id":"https:\/\/www.eldiario.net\/portal\/2026\/05\/22\/alejandro-restrepo-asume-la-conduccion-y-bolivar-seguira-en-competencia-internacional\/#breadcrumb","itemListElement":[{"@type":"ListItem","position":1,"name":"Portada","item":"https:\/\/www.eldiario.net\/portal\/"},{"@type":"ListItem","position":2,"name":"Alejandro Restrepo asume la conducci\u00f3n y Bol\u00edvar seguir\u00e1 en competencia internacional"}]},{"@type":"WebSite","@id":"https:\/\/www.eldiario.net\/portal\/#website","url":"https:\/\/www.eldiario.net\/portal\/","name":"El Diario - Decano de la prensa nacional","description":"El Diario - Decano de la prensa nacional","publisher":{"@id":"https:\/\/www.eldiario.net\/portal\/#organization"},"potentialAction":[{"@type":"SearchAction","target":{"@type":"EntryPoint","urlTemplate":"https:\/\/www.eldiario.net\/portal\/?s={search_term_string}"},"query-input":{"@type":"PropertyValueSpecification","valueRequired":true,"valueName":"search_term_string"}}],"inLanguage":"es"},{"@type":"Organization","@id":"https:\/\/www.eldiario.net\/portal\/#organization","name":"El Diario - Decano de la prensa nacional","url":"https:\/\/www.eldiario.net\/portal\/","logo":{"@type":"ImageObject","inLanguage":"es","@id":"https:\/\/www.eldiario.net\/portal\/#\/schema\/logo\/image\/","url":"https:\/\/www.eldiario.net\/portal\/wp-content\/uploads\/2023\/07\/logo_ED.jpg","contentUrl":"https:\/\/www.eldiario.net\/portal\/wp-content\/uploads\/2023\/07\/logo_ED.jpg","width":272,"height":52,"caption":"El Diario - Decano de la prensa nacional"},"image":{"@id":"https:\/\/www.eldiario.net\/portal\/#\/schema\/logo\/image\/"},"sameAs":["https:\/\/www.facebook.com\/eldiario.bolivia\/","https:\/\/x.com\/eldiario_net"]},{"@type":"Person","@id":"https:\/\/www.eldiario.net\/portal\/#\/schema\/person\/2c57cf2b7a7ae032e449e4c9b1019eac","name":"Jeanette","image":{"@type":"ImageObject","inLanguage":"es","@id":"https:\/\/secure.gravatar.com\/avatar\/3ea2118a5f7dad2b7138b1187a6b7ee55f160b9968b66013c3a3ef39dd7e5798?s=96&d=mm&r=g","url":"https:\/\/secure.gravatar.com\/avatar\/3ea2118a5f7dad2b7138b1187a6b7ee55f160b9968b66013c3a3ef39dd7e5798?s=96&d=mm&r=g","contentUrl":"https:\/\/secure.gravatar.com\/avatar\/3ea2118a5f7dad2b7138b1187a6b7ee55f160b9968b66013c3a3ef39dd7e5798?s=96&d=mm&r=g","caption":"Jeanette"},"sameAs":["https:\/\/www.eldiario.net\/portal"],"url":"https:\/\/www.eldiario.net\/portal\/author\/jeanette\/"}]}},"_links":{"self":[{"href":"https:\/\/www.eldiario.net\/portal\/wp-json\/wp\/v2\/posts\/396819","targetHints":{"allow":["GET"]}}],"collection":[{"href":"https:\/\/www.eldiario.net\/portal\/wp-json\/wp\/v2\/posts"}],"about":[{"href":"https:\/\/www.eldiario.net\/portal\/wp-json\/wp\/v2\/types\/post"}],"author":[{"embeddable":true,"href":"https:\/\/www.eldiario.net\/portal\/wp-json\/wp\/v2\/users\/1"}],"replies":[{"embeddable":true,"href":"https:\/\/www.eldiario.net\/portal\/wp-json\/wp\/v2\/comments?post=396819"}],"version-history":[{"count":1,"href":"https:\/\/www.eldiario.net\/portal\/wp-json\/wp\/v2\/posts\/396819\/revisions"}],"predecessor-version":[{"id":396821,"href":"https:\/\/www.eldiario.net\/portal\/wp-json\/wp\/v2\/posts\/396819\/revisions\/396821"}],"wp:featuredmedia":[{"embeddable":true,"href":"https:\/\/www.eldiario.net\/portal\/wp-json\/wp\/v2\/media\/396820"}],"wp:attachment":[{"href":"https:\/\/www.eldiario.net\/portal\/wp-json\/wp\/v2\/media?parent=396819"}],"wp:term":[{"taxonomy":"category","embeddable":true,"href":"https:\/\/www.eldiario.net\/portal\/wp-json\/wp\/v2\/categories?post=396819"},{"taxonomy":"post_tag","embeddable":true,"href":"https:\/\/www.eldiario.net\/portal\/wp-json\/wp\/v2\/tags?post=396819"}],"curies":[{"name":"wp","href":"https:\/\/api.w.org\/{rel}","templated":true}]}}