{"id":396816,"date":"2026-05-22T07:00:54","date_gmt":"2026-05-22T11:00:54","guid":{"rendered":"https:\/\/www.eldiario.net\/portal\/?p=396816"},"modified":"2026-05-22T07:00:54","modified_gmt":"2026-05-22T11:00:54","slug":"prado-hace-historia-en-roland-garros-hoy-es-el-turno-de-dellien","status":"publish","type":"post","link":"https:\/\/www.eldiario.net\/portal\/2026\/05\/22\/prado-hace-historia-en-roland-garros-hoy-es-el-turno-de-dellien\/","title":{"rendered":"PRADO HACE HISTORIA EN ROLAND GARROS; HOY ES EL TURNO DE DELLIEN"},"content":{"rendered":"<p>Bajo un ambiente ten\u00edstico, con el p\u00fablico compenetrado en cada punto, Juan Carlos Prado sac\u00f3 a relucir un gran juego y luego de dos horas y 22 minutos venci\u00f3 este jueves a Coleman Wong, de Hong Kong, por 6-4, 3-6 y 6-3 para avanzar por primera vez al cuadro principal del Roland Garros que se disputa en Francia.<br \/>\nPrado, de tan solo 21 a\u00f1os, cumpli\u00f3 su objetivo de acceder a la llave central del Grand Slam que se disputa en el Stade Roland Garros de Par\u00eds.<br \/>\nLo hizo mostrando un gran tenis en la cancha 14, donde el p\u00fablico presente, que llen\u00f3 las grader\u00edas, apoy\u00f3 a ambos tenistas, ya que mostraron un gran nivel.<br \/>\nAhora solo le queda esperar por conocer a su rival del main draw, que saldr\u00e1 del sorteo que se realizar\u00e1 el fin de semana.<br \/>\nBolivia tiene la chance de tener a un segundo tenista en el cuadro principal del Roland Garros.<br \/>\nHugo Dellien tendr\u00e1 la posibilidad de hacerlo si vence al espa\u00f1ol Roberto Carball\u00e9s.<br \/>\nJugar\u00e1n este viernes en la cancha 14 a las 05.00 HB. El partido ser\u00e1 transmitido por la cadena internacional ESPN y v\u00eda streaming por Disney+.<\/p>\n","protected":false},"excerpt":{"rendered":"<p>Bajo un ambiente ten\u00edstico, con el p\u00fablico compenetrado en cada punto, Juan Carlos Prado sac\u00f3 a relucir un gran juego y luego de dos horas y 22 minutos venci\u00f3 este jueves a Coleman Wong, de Hong Kong, por 6-4, 3-6 y 6-3 para avanzar por primera vez al cuadro principal del Roland Garros que se [&hellip;]<\/p>\n","protected":false},"author":1,"featured_media":396817,"comment_status":"closed","ping_status":"open","sticky":false,"template":"","format":"standard","meta":{"_acf_changed":false,"footnotes":""},"categories":[6],"tags":[],"class_list":["post-396816","post","type-post","status-publish","format-standard","has-post-thumbnail","category-deportes"],"acf":{"antetitulo":""},"yoast_head":"<!-- This site is optimized with the Yoast SEO plugin v28.4 - https:\/\/yoast.com\/product\/yoast-seo-wordpress\/ -->\n<title>PRADO HACE HISTORIA EN ROLAND GARROS; HOY ES EL TURNO DE DELLIEN - El Diario - Bolivia<\/title>\n<meta name=\"robots\" content=\"index, follow, max-snippet:-1, max-image-preview:large, max-video-preview:-1\" \/>\n<link rel=\"canonical\" href=\"https:\/\/www.eldiario.net\/portal\/2026\/05\/22\/prado-hace-historia-en-roland-garros-hoy-es-el-turno-de-dellien\/\" \/>\n<meta property=\"og:locale\" content=\"es_ES\" \/>\n<meta property=\"og:type\" content=\"article\" \/>\n<meta property=\"og:title\" content=\"PRADO HACE HISTORIA EN ROLAND GARROS; HOY ES EL TURNO DE DELLIEN - El Diario - Bolivia\" \/>\n<meta property=\"og:description\" content=\"Bajo un ambiente ten\u00edstico, con el p\u00fablico compenetrado en cada punto, Juan Carlos Prado sac\u00f3 a relucir un gran juego y luego de dos horas y 22 minutos venci\u00f3 este jueves a Coleman Wong, de Hong Kong, por 6-4, 3-6 y 6-3 para avanzar por primera vez al cuadro principal del Roland Garros que se [&hellip;]\" \/>\n<meta property=\"og:url\" content=\"https:\/\/www.eldiario.net\/portal\/2026\/05\/22\/prado-hace-historia-en-roland-garros-hoy-es-el-turno-de-dellien\/\" \/>\n<meta property=\"og:site_name\" content=\"El Diario - Bolivia\" \/>\n<meta property=\"article:publisher\" content=\"https:\/\/www.facebook.com\/eldiario.bolivia\/\" \/>\n<meta property=\"article:published_time\" content=\"2026-05-22T11:00:54+00:00\" \/>\n<meta property=\"og:image\" content=\"https:\/\/www.eldiario.net\/portal\/wp-content\/uploads\/2026\/05\/Prado-1.webp\" \/>\n\t<meta property=\"og:image:width\" content=\"1280\" \/>\n\t<meta property=\"og:image:height\" content=\"853\" \/>\n\t<meta property=\"og:image:type\" content=\"image\/webp\" \/>\n<meta name=\"author\" content=\"Jeanette\" \/>\n<meta name=\"twitter:card\" content=\"summary_large_image\" \/>\n<meta name=\"twitter:creator\" content=\"@eldiario_net\" \/>\n<meta name=\"twitter:site\" content=\"@eldiario_net\" \/>\n<meta name=\"twitter:label1\" content=\"Escrito por\" \/>\n\t<meta name=\"twitter:data1\" content=\"Jeanette\" \/>\n\t<meta name=\"twitter:label2\" content=\"Tiempo de lectura\" \/>\n\t<meta name=\"twitter:data2\" content=\"2 minutos\" \/>\n<script type=\"application\/ld+json\" class=\"yoast-schema-graph\">{\"@context\":\"https:\\\/\\\/schema.org\",\"@graph\":[{\"@type\":\"Article\",\"@id\":\"https:\\\/\\\/www.eldiario.net\\\/portal\\\/2026\\\/05\\\/22\\\/prado-hace-historia-en-roland-garros-hoy-es-el-turno-de-dellien\\\/#article\",\"isPartOf\":{\"@id\":\"https:\\\/\\\/www.eldiario.net\\\/portal\\\/2026\\\/05\\\/22\\\/prado-hace-historia-en-roland-garros-hoy-es-el-turno-de-dellien\\\/\"},\"author\":{\"name\":\"Jeanette\",\"@id\":\"https:\\\/\\\/www.eldiario.net\\\/portal\\\/#\\\/schema\\\/person\\\/2c57cf2b7a7ae032e449e4c9b1019eac\"},\"headline\":\"PRADO HACE HISTORIA EN ROLAND GARROS; HOY ES EL TURNO DE DELLIEN\",\"datePublished\":\"2026-05-22T11:00:54+00:00\",\"mainEntityOfPage\":{\"@id\":\"https:\\\/\\\/www.eldiario.net\\\/portal\\\/2026\\\/05\\\/22\\\/prado-hace-historia-en-roland-garros-hoy-es-el-turno-de-dellien\\\/\"},\"wordCount\":210,\"publisher\":{\"@id\":\"https:\\\/\\\/www.eldiario.net\\\/portal\\\/#organization\"},\"image\":{\"@id\":\"https:\\\/\\\/www.eldiario.net\\\/portal\\\/2026\\\/05\\\/22\\\/prado-hace-historia-en-roland-garros-hoy-es-el-turno-de-dellien\\\/#primaryimage\"},\"thumbnailUrl\":\"https:\\\/\\\/www.eldiario.net\\\/portal\\\/wp-content\\\/uploads\\\/2026\\\/05\\\/Prado-1.webp\",\"articleSection\":[\"Deportes\"],\"inLanguage\":\"es\"},{\"@type\":\"WebPage\",\"@id\":\"https:\\\/\\\/www.eldiario.net\\\/portal\\\/2026\\\/05\\\/22\\\/prado-hace-historia-en-roland-garros-hoy-es-el-turno-de-dellien\\\/\",\"url\":\"https:\\\/\\\/www.eldiario.net\\\/portal\\\/2026\\\/05\\\/22\\\/prado-hace-historia-en-roland-garros-hoy-es-el-turno-de-dellien\\\/\",\"name\":\"PRADO HACE HISTORIA EN ROLAND GARROS; HOY ES EL TURNO DE DELLIEN - El Diario - Bolivia\",\"isPartOf\":{\"@id\":\"https:\\\/\\\/www.eldiario.net\\\/portal\\\/#website\"},\"primaryImageOfPage\":{\"@id\":\"https:\\\/\\\/www.eldiario.net\\\/portal\\\/2026\\\/05\\\/22\\\/prado-hace-historia-en-roland-garros-hoy-es-el-turno-de-dellien\\\/#primaryimage\"},\"image\":{\"@id\":\"https:\\\/\\\/www.eldiario.net\\\/portal\\\/2026\\\/05\\\/22\\\/prado-hace-historia-en-roland-garros-hoy-es-el-turno-de-dellien\\\/#primaryimage\"},\"thumbnailUrl\":\"https:\\\/\\\/www.eldiario.net\\\/portal\\\/wp-content\\\/uploads\\\/2026\\\/05\\\/Prado-1.webp\",\"datePublished\":\"2026-05-22T11:00:54+00:00\",\"breadcrumb\":{\"@id\":\"https:\\\/\\\/www.eldiario.net\\\/portal\\\/2026\\\/05\\\/22\\\/prado-hace-historia-en-roland-garros-hoy-es-el-turno-de-dellien\\\/#breadcrumb\"},\"inLanguage\":\"es\",\"potentialAction\":[{\"@type\":\"ReadAction\",\"target\":[\"https:\\\/\\\/www.eldiario.net\\\/portal\\\/2026\\\/05\\\/22\\\/prado-hace-historia-en-roland-garros-hoy-es-el-turno-de-dellien\\\/\"]}]},{\"@type\":\"ImageObject\",\"inLanguage\":\"es\",\"@id\":\"https:\\\/\\\/www.eldiario.net\\\/portal\\\/2026\\\/05\\\/22\\\/prado-hace-historia-en-roland-garros-hoy-es-el-turno-de-dellien\\\/#primaryimage\",\"url\":\"https:\\\/\\\/www.eldiario.net\\\/portal\\\/wp-content\\\/uploads\\\/2026\\\/05\\\/Prado-1.webp\",\"contentUrl\":\"https:\\\/\\\/www.eldiario.net\\\/portal\\\/wp-content\\\/uploads\\\/2026\\\/05\\\/Prado-1.webp\",\"width\":1280,\"height\":853,\"caption\":\"Juan Carlos Prado, ayer.\"},{\"@type\":\"BreadcrumbList\",\"@id\":\"https:\\\/\\\/www.eldiario.net\\\/portal\\\/2026\\\/05\\\/22\\\/prado-hace-historia-en-roland-garros-hoy-es-el-turno-de-dellien\\\/#breadcrumb\",\"itemListElement\":[{\"@type\":\"ListItem\",\"position\":1,\"name\":\"Portada\",\"item\":\"https:\\\/\\\/www.eldiario.net\\\/portal\\\/\"},{\"@type\":\"ListItem\",\"position\":2,\"name\":\"PRADO HACE HISTORIA EN ROLAND GARROS; HOY ES EL TURNO DE DELLIEN\"}]},{\"@type\":\"WebSite\",\"@id\":\"https:\\\/\\\/www.eldiario.net\\\/portal\\\/#website\",\"url\":\"https:\\\/\\\/www.eldiario.net\\\/portal\\\/\",\"name\":\"El Diario - Decano de la prensa nacional\",\"description\":\"El Diario - Decano de la prensa nacional\",\"publisher\":{\"@id\":\"https:\\\/\\\/www.eldiario.net\\\/portal\\\/#organization\"},\"potentialAction\":[{\"@type\":\"SearchAction\",\"target\":{\"@type\":\"EntryPoint\",\"urlTemplate\":\"https:\\\/\\\/www.eldiario.net\\\/portal\\\/?s={search_term_string}\"},\"query-input\":{\"@type\":\"PropertyValueSpecification\",\"valueRequired\":true,\"valueName\":\"search_term_string\"}}],\"inLanguage\":\"es\"},{\"@type\":\"Organization\",\"@id\":\"https:\\\/\\\/www.eldiario.net\\\/portal\\\/#organization\",\"name\":\"El Diario - Decano de la prensa nacional\",\"url\":\"https:\\\/\\\/www.eldiario.net\\\/portal\\\/\",\"logo\":{\"@type\":\"ImageObject\",\"inLanguage\":\"es\",\"@id\":\"https:\\\/\\\/www.eldiario.net\\\/portal\\\/#\\\/schema\\\/logo\\\/image\\\/\",\"url\":\"https:\\\/\\\/www.eldiario.net\\\/portal\\\/wp-content\\\/uploads\\\/2023\\\/07\\\/logo_ED.jpg\",\"contentUrl\":\"https:\\\/\\\/www.eldiario.net\\\/portal\\\/wp-content\\\/uploads\\\/2023\\\/07\\\/logo_ED.jpg\",\"width\":272,\"height\":52,\"caption\":\"El Diario - Decano de la prensa nacional\"},\"image\":{\"@id\":\"https:\\\/\\\/www.eldiario.net\\\/portal\\\/#\\\/schema\\\/logo\\\/image\\\/\"},\"sameAs\":[\"https:\\\/\\\/www.facebook.com\\\/eldiario.bolivia\\\/\",\"https:\\\/\\\/x.com\\\/eldiario_net\"]},{\"@type\":\"Person\",\"@id\":\"https:\\\/\\\/www.eldiario.net\\\/portal\\\/#\\\/schema\\\/person\\\/2c57cf2b7a7ae032e449e4c9b1019eac\",\"name\":\"Jeanette\",\"image\":{\"@type\":\"ImageObject\",\"inLanguage\":\"es\",\"@id\":\"https:\\\/\\\/secure.gravatar.com\\\/avatar\\\/3ea2118a5f7dad2b7138b1187a6b7ee55f160b9968b66013c3a3ef39dd7e5798?s=96&d=mm&r=g\",\"url\":\"https:\\\/\\\/secure.gravatar.com\\\/avatar\\\/3ea2118a5f7dad2b7138b1187a6b7ee55f160b9968b66013c3a3ef39dd7e5798?s=96&d=mm&r=g\",\"contentUrl\":\"https:\\\/\\\/secure.gravatar.com\\\/avatar\\\/3ea2118a5f7dad2b7138b1187a6b7ee55f160b9968b66013c3a3ef39dd7e5798?s=96&d=mm&r=g\",\"caption\":\"Jeanette\"},\"sameAs\":[\"https:\\\/\\\/www.eldiario.net\\\/portal\"],\"url\":\"https:\\\/\\\/www.eldiario.net\\\/portal\\\/author\\\/jeanette\\\/\"}]}<\/script>\n<!-- \/ Yoast SEO plugin. -->","yoast_head_json":{"title":"PRADO HACE HISTORIA EN ROLAND GARROS; HOY ES EL TURNO DE DELLIEN - El Diario - Bolivia","robots":{"index":"index","follow":"follow","max-snippet":"max-snippet:-1","max-image-preview":"max-image-preview:large","max-video-preview":"max-video-preview:-1"},"canonical":"https:\/\/www.eldiario.net\/portal\/2026\/05\/22\/prado-hace-historia-en-roland-garros-hoy-es-el-turno-de-dellien\/","og_locale":"es_ES","og_type":"article","og_title":"PRADO HACE HISTORIA EN ROLAND GARROS; HOY ES EL TURNO DE DELLIEN - El Diario - Bolivia","og_description":"Bajo un ambiente ten\u00edstico, con el p\u00fablico compenetrado en cada punto, Juan Carlos Prado sac\u00f3 a relucir un gran juego y luego de dos horas y 22 minutos venci\u00f3 este jueves a Coleman Wong, de Hong Kong, por 6-4, 3-6 y 6-3 para avanzar por primera vez al cuadro principal del Roland Garros que se [&hellip;]","og_url":"https:\/\/www.eldiario.net\/portal\/2026\/05\/22\/prado-hace-historia-en-roland-garros-hoy-es-el-turno-de-dellien\/","og_site_name":"El Diario - Bolivia","article_publisher":"https:\/\/www.facebook.com\/eldiario.bolivia\/","article_published_time":"2026-05-22T11:00:54+00:00","og_image":[{"width":1280,"height":853,"url":"https:\/\/www.eldiario.net\/portal\/wp-content\/uploads\/2026\/05\/Prado-1.webp","type":"image\/webp"}],"author":"Jeanette","twitter_card":"summary_large_image","twitter_creator":"@eldiario_net","twitter_site":"@eldiario_net","twitter_misc":{"Escrito por":"Jeanette","Tiempo de lectura":"2 minutos"},"schema":{"@context":"https:\/\/schema.org","@graph":[{"@type":"Article","@id":"https:\/\/www.eldiario.net\/portal\/2026\/05\/22\/prado-hace-historia-en-roland-garros-hoy-es-el-turno-de-dellien\/#article","isPartOf":{"@id":"https:\/\/www.eldiario.net\/portal\/2026\/05\/22\/prado-hace-historia-en-roland-garros-hoy-es-el-turno-de-dellien\/"},"author":{"name":"Jeanette","@id":"https:\/\/www.eldiario.net\/portal\/#\/schema\/person\/2c57cf2b7a7ae032e449e4c9b1019eac"},"headline":"PRADO HACE HISTORIA EN ROLAND GARROS; HOY ES EL TURNO DE DELLIEN","datePublished":"2026-05-22T11:00:54+00:00","mainEntityOfPage":{"@id":"https:\/\/www.eldiario.net\/portal\/2026\/05\/22\/prado-hace-historia-en-roland-garros-hoy-es-el-turno-de-dellien\/"},"wordCount":210,"publisher":{"@id":"https:\/\/www.eldiario.net\/portal\/#organization"},"image":{"@id":"https:\/\/www.eldiario.net\/portal\/2026\/05\/22\/prado-hace-historia-en-roland-garros-hoy-es-el-turno-de-dellien\/#primaryimage"},"thumbnailUrl":"https:\/\/www.eldiario.net\/portal\/wp-content\/uploads\/2026\/05\/Prado-1.webp","articleSection":["Deportes"],"inLanguage":"es"},{"@type":"WebPage","@id":"https:\/\/www.eldiario.net\/portal\/2026\/05\/22\/prado-hace-historia-en-roland-garros-hoy-es-el-turno-de-dellien\/","url":"https:\/\/www.eldiario.net\/portal\/2026\/05\/22\/prado-hace-historia-en-roland-garros-hoy-es-el-turno-de-dellien\/","name":"PRADO HACE HISTORIA EN ROLAND GARROS; HOY ES EL TURNO DE DELLIEN - El Diario - Bolivia","isPartOf":{"@id":"https:\/\/www.eldiario.net\/portal\/#website"},"primaryImageOfPage":{"@id":"https:\/\/www.eldiario.net\/portal\/2026\/05\/22\/prado-hace-historia-en-roland-garros-hoy-es-el-turno-de-dellien\/#primaryimage"},"image":{"@id":"https:\/\/www.eldiario.net\/portal\/2026\/05\/22\/prado-hace-historia-en-roland-garros-hoy-es-el-turno-de-dellien\/#primaryimage"},"thumbnailUrl":"https:\/\/www.eldiario.net\/portal\/wp-content\/uploads\/2026\/05\/Prado-1.webp","datePublished":"2026-05-22T11:00:54+00:00","breadcrumb":{"@id":"https:\/\/www.eldiario.net\/portal\/2026\/05\/22\/prado-hace-historia-en-roland-garros-hoy-es-el-turno-de-dellien\/#breadcrumb"},"inLanguage":"es","potentialAction":[{"@type":"ReadAction","target":["https:\/\/www.eldiario.net\/portal\/2026\/05\/22\/prado-hace-historia-en-roland-garros-hoy-es-el-turno-de-dellien\/"]}]},{"@type":"ImageObject","inLanguage":"es","@id":"https:\/\/www.eldiario.net\/portal\/2026\/05\/22\/prado-hace-historia-en-roland-garros-hoy-es-el-turno-de-dellien\/#primaryimage","url":"https:\/\/www.eldiario.net\/portal\/wp-content\/uploads\/2026\/05\/Prado-1.webp","contentUrl":"https:\/\/www.eldiario.net\/portal\/wp-content\/uploads\/2026\/05\/Prado-1.webp","width":1280,"height":853,"caption":"Juan Carlos Prado, ayer."},{"@type":"BreadcrumbList","@id":"https:\/\/www.eldiario.net\/portal\/2026\/05\/22\/prado-hace-historia-en-roland-garros-hoy-es-el-turno-de-dellien\/#breadcrumb","itemListElement":[{"@type":"ListItem","position":1,"name":"Portada","item":"https:\/\/www.eldiario.net\/portal\/"},{"@type":"ListItem","position":2,"name":"PRADO HACE HISTORIA EN ROLAND GARROS; HOY ES EL TURNO DE DELLIEN"}]},{"@type":"WebSite","@id":"https:\/\/www.eldiario.net\/portal\/#website","url":"https:\/\/www.eldiario.net\/portal\/","name":"El Diario - Decano de la prensa nacional","description":"El Diario - Decano de la prensa nacional","publisher":{"@id":"https:\/\/www.eldiario.net\/portal\/#organization"},"potentialAction":[{"@type":"SearchAction","target":{"@type":"EntryPoint","urlTemplate":"https:\/\/www.eldiario.net\/portal\/?s={search_term_string}"},"query-input":{"@type":"PropertyValueSpecification","valueRequired":true,"valueName":"search_term_string"}}],"inLanguage":"es"},{"@type":"Organization","@id":"https:\/\/www.eldiario.net\/portal\/#organization","name":"El Diario - Decano de la prensa nacional","url":"https:\/\/www.eldiario.net\/portal\/","logo":{"@type":"ImageObject","inLanguage":"es","@id":"https:\/\/www.eldiario.net\/portal\/#\/schema\/logo\/image\/","url":"https:\/\/www.eldiario.net\/portal\/wp-content\/uploads\/2023\/07\/logo_ED.jpg","contentUrl":"https:\/\/www.eldiario.net\/portal\/wp-content\/uploads\/2023\/07\/logo_ED.jpg","width":272,"height":52,"caption":"El Diario - Decano de la prensa nacional"},"image":{"@id":"https:\/\/www.eldiario.net\/portal\/#\/schema\/logo\/image\/"},"sameAs":["https:\/\/www.facebook.com\/eldiario.bolivia\/","https:\/\/x.com\/eldiario_net"]},{"@type":"Person","@id":"https:\/\/www.eldiario.net\/portal\/#\/schema\/person\/2c57cf2b7a7ae032e449e4c9b1019eac","name":"Jeanette","image":{"@type":"ImageObject","inLanguage":"es","@id":"https:\/\/secure.gravatar.com\/avatar\/3ea2118a5f7dad2b7138b1187a6b7ee55f160b9968b66013c3a3ef39dd7e5798?s=96&d=mm&r=g","url":"https:\/\/secure.gravatar.com\/avatar\/3ea2118a5f7dad2b7138b1187a6b7ee55f160b9968b66013c3a3ef39dd7e5798?s=96&d=mm&r=g","contentUrl":"https:\/\/secure.gravatar.com\/avatar\/3ea2118a5f7dad2b7138b1187a6b7ee55f160b9968b66013c3a3ef39dd7e5798?s=96&d=mm&r=g","caption":"Jeanette"},"sameAs":["https:\/\/www.eldiario.net\/portal"],"url":"https:\/\/www.eldiario.net\/portal\/author\/jeanette\/"}]}},"_links":{"self":[{"href":"https:\/\/www.eldiario.net\/portal\/wp-json\/wp\/v2\/posts\/396816","targetHints":{"allow":["GET"]}}],"collection":[{"href":"https:\/\/www.eldiario.net\/portal\/wp-json\/wp\/v2\/posts"}],"about":[{"href":"https:\/\/www.eldiario.net\/portal\/wp-json\/wp\/v2\/types\/post"}],"author":[{"embeddable":true,"href":"https:\/\/www.eldiario.net\/portal\/wp-json\/wp\/v2\/users\/1"}],"replies":[{"embeddable":true,"href":"https:\/\/www.eldiario.net\/portal\/wp-json\/wp\/v2\/comments?post=396816"}],"version-history":[{"count":1,"href":"https:\/\/www.eldiario.net\/portal\/wp-json\/wp\/v2\/posts\/396816\/revisions"}],"predecessor-version":[{"id":396818,"href":"https:\/\/www.eldiario.net\/portal\/wp-json\/wp\/v2\/posts\/396816\/revisions\/396818"}],"wp:featuredmedia":[{"embeddable":true,"href":"https:\/\/www.eldiario.net\/portal\/wp-json\/wp\/v2\/media\/396817"}],"wp:attachment":[{"href":"https:\/\/www.eldiario.net\/portal\/wp-json\/wp\/v2\/media?parent=396816"}],"wp:term":[{"taxonomy":"category","embeddable":true,"href":"https:\/\/www.eldiario.net\/portal\/wp-json\/wp\/v2\/categories?post=396816"},{"taxonomy":"post_tag","embeddable":true,"href":"https:\/\/www.eldiario.net\/portal\/wp-json\/wp\/v2\/tags?post=396816"}],"curies":[{"name":"wp","href":"https:\/\/api.w.org\/{rel}","templated":true}]}}