{"id":39658,"date":"2021-10-29T04:53:56","date_gmt":"2021-10-29T08:53:56","guid":{"rendered":"https:\/\/www.eldiario.net\/portal\/?p=39658"},"modified":"2021-10-29T04:53:56","modified_gmt":"2021-10-29T08:53:56","slug":"gobierno-contratara-mas-medicos-y-municipios-trazaran-estrategias","status":"publish","type":"post","link":"https:\/\/www.eldiario.net\/portal\/2021\/10\/29\/gobierno-contratara-mas-medicos-y-municipios-trazaran-estrategias\/","title":{"rendered":"Gobierno contratar\u00e1 m\u00e1s m\u00e9dicos y municipios trazar\u00e1n estrategias"},"content":{"rendered":"<p>La reuni\u00f3n entre el Ministerio de Salud y los gobiernos subnacionales emiti\u00f3 ayer un documento de conclusiones para que cada sector tenga participaci\u00f3n activa frente a la amenaza de la cuarta ola de covid-19 en el pa\u00eds.<br \/>\nEl Gobierno central se compromete a contratar 1.816 m\u00e9dicos Aisem para que atiendan a los pacientes en los hospitales de primer, segundo y tercer nivel, adem\u00e1s de extremar la vigilancia epidemiol\u00f3gica mientras que las gobernaciones y municipios deber\u00e1n presentar un plan de lucha contra la pandemia en base al plan nacional.<br \/>\n\u201cEn el tema de recursos humanos se proceder\u00e1 a mantener los 1.816 contratos para continuar reforzando las unidades de cuidados intensivos e intermedios, cifra que podr\u00e1 ser ampliada en funci\u00f3n de la evoluci\u00f3n de la pandemia\u201d, indic\u00f3 el ministro de Salud y Deportes, Jeyson Auza, a tiempo de dar lectura al documento que fue firmado por los representantes subnacionales.<br \/>\nEn la reuni\u00f3n que se extendi\u00f3 durante toda la jornada del jueves, los directores y representantes de los Servicios Departamentales de Salud (Sedes) y municipales expusieron el trabajo que desarrollan en sus regiones para contener la pandemia y coincidieron que es importante reforzar la coordinaci\u00f3n con el Gobierno nacional a fin de mitigar la llegada de una cuarta ola del covid-19.<br \/>\nEl Ministro de Salud remarc\u00f3 que a pesar de que el equipamiento es responsabilidad de los subniveles departamentales y municipales, el Gobierno nacional ha fortalecido las redes de servicios con unidades de cuidados intensivo, intermedios y camas de hospitalizaci\u00f3n, adem\u00e1s se han implementado a nivel nacional 2.576 puntos que realizan el diagn\u00f3stico por PDR \u2013Ag y se adquiri\u00f3 4.043.525 pruebas antig\u00e9nicas.<br \/>\n\u201cNosotros hemos manifestado que debemos extremar la vigilancia epidemiol\u00f3gica y debemos considerar que todo resfr\u00edo es un covid-19 hasta que se demuestre lo contrario (\u2026) cu\u00e1l el objetivo de esto es que un paciente no necesite terapia intensiva\u201d, a\u00f1adi\u00f3.<br \/>\nEn tanto que en el documento los gobiernos subnacionales se comprometieron a implementar diferentes estrategias para conseguir aumentar sus coberturas de vacunaci\u00f3n en sus regiones.<br \/>\n\u201cLos gobiernos subnacionales en el marco del Plan Nacional de Lucha contra el covid-19 consensuado, deber\u00e1n elaborar de manera urgente, sus respectivos planes departamentales y municipales en base a los lineamientos del mismo\u201d indica el \u00faltimo punto de las conclusiones.<br \/>\nPor otro lado, ayer, durante la reuni\u00f3n se destac\u00f3 que el municipio pace\u00f1o haya alcanzado el 102% de la vacunaci\u00f3n con la primera dosis y con la segunda, el 89%, porcentajes que fueron presentados en el evento, inform\u00f3 el burgomaestre pace\u00f1o.<br \/>\n\u201cSiento orgullo por los pace\u00f1os porque con la vacunaci\u00f3n de la primera dosis alcanzamos 102 % y con la segunda 89 %. En reuni\u00f3n nacional con el Ministerio de Salud, gobernadores y alcaldes de capitales pido que se exija carnet anticovid y que los menores de 5 a 15 se vacunen hasta enero\u201d, afirm\u00f3 Arias en su cuenta de Twitter.<\/p>\n","protected":false},"excerpt":{"rendered":"<p>La reuni\u00f3n entre el Ministerio de Salud y los gobiernos subnacionales emiti\u00f3 ayer un documento de conclusiones para que cada sector tenga participaci\u00f3n activa frente a la amenaza de la cuarta ola de covid-19 en el pa\u00eds. El Gobierno central se compromete a contratar 1.816 m\u00e9dicos Aisem para que atiendan a los pacientes en los [&hellip;]<\/p>\n","protected":false},"author":1,"featured_media":39659,"comment_status":"closed","ping_status":"closed","sticky":false,"template":"","format":"standard","meta":{"_acf_changed":false,"footnotes":""},"categories":[12],"tags":[],"class_list":["post-39658","post","type-post","status-publish","format-standard","has-post-thumbnail","category-nacional"],"acf":{"antetitulo":""},"yoast_head":"<!-- This site is optimized with the Yoast SEO plugin v28.4 - https:\/\/yoast.com\/product\/yoast-seo-wordpress\/ -->\n<title>Gobierno contratar\u00e1 m\u00e1s m\u00e9dicos y municipios trazar\u00e1n estrategias - El Diario - Bolivia<\/title>\n<meta name=\"robots\" content=\"index, follow, max-snippet:-1, max-image-preview:large, max-video-preview:-1\" \/>\n<link rel=\"canonical\" href=\"https:\/\/www.eldiario.net\/portal\/2021\/10\/29\/gobierno-contratara-mas-medicos-y-municipios-trazaran-estrategias\/\" \/>\n<meta property=\"og:locale\" content=\"es_ES\" \/>\n<meta property=\"og:type\" content=\"article\" \/>\n<meta property=\"og:title\" content=\"Gobierno contratar\u00e1 m\u00e1s m\u00e9dicos y municipios trazar\u00e1n estrategias - El Diario - Bolivia\" \/>\n<meta property=\"og:description\" content=\"La reuni\u00f3n entre el Ministerio de Salud y los gobiernos subnacionales emiti\u00f3 ayer un documento de conclusiones para que cada sector tenga participaci\u00f3n activa frente a la amenaza de la cuarta ola de covid-19 en el pa\u00eds. El Gobierno central se compromete a contratar 1.816 m\u00e9dicos Aisem para que atiendan a los pacientes en los [&hellip;]\" \/>\n<meta property=\"og:url\" content=\"https:\/\/www.eldiario.net\/portal\/2021\/10\/29\/gobierno-contratara-mas-medicos-y-municipios-trazaran-estrategias\/\" \/>\n<meta property=\"og:site_name\" content=\"El Diario - Bolivia\" \/>\n<meta property=\"article:publisher\" content=\"https:\/\/www.facebook.com\/eldiario.bolivia\/\" \/>\n<meta property=\"article:published_time\" content=\"2021-10-29T08:53:56+00:00\" \/>\n<meta name=\"author\" content=\"Jeanette\" \/>\n<meta name=\"twitter:card\" content=\"summary_large_image\" \/>\n<meta name=\"twitter:creator\" content=\"@eldiario_net\" \/>\n<meta name=\"twitter:site\" content=\"@eldiario_net\" \/>\n<meta name=\"twitter:label1\" content=\"Escrito por\" \/>\n\t<meta name=\"twitter:data1\" content=\"Jeanette\" \/>\n\t<meta name=\"twitter:label2\" content=\"Tiempo de lectura\" \/>\n\t<meta name=\"twitter:data2\" content=\"3 minutos\" \/>\n<script type=\"application\/ld+json\" class=\"yoast-schema-graph\">{\"@context\":\"https:\\\/\\\/schema.org\",\"@graph\":[{\"@type\":\"Article\",\"@id\":\"https:\\\/\\\/www.eldiario.net\\\/portal\\\/2021\\\/10\\\/29\\\/gobierno-contratara-mas-medicos-y-municipios-trazaran-estrategias\\\/#article\",\"isPartOf\":{\"@id\":\"https:\\\/\\\/www.eldiario.net\\\/portal\\\/2021\\\/10\\\/29\\\/gobierno-contratara-mas-medicos-y-municipios-trazaran-estrategias\\\/\"},\"author\":{\"name\":\"Jeanette\",\"@id\":\"https:\\\/\\\/www.eldiario.net\\\/portal\\\/#\\\/schema\\\/person\\\/f46445640444750d7d753ccd04ae01b7\"},\"headline\":\"Gobierno contratar\u00e1 m\u00e1s m\u00e9dicos y municipios trazar\u00e1n estrategias\",\"datePublished\":\"2021-10-29T08:53:56+00:00\",\"mainEntityOfPage\":{\"@id\":\"https:\\\/\\\/www.eldiario.net\\\/portal\\\/2021\\\/10\\\/29\\\/gobierno-contratara-mas-medicos-y-municipios-trazaran-estrategias\\\/\"},\"wordCount\":500,\"publisher\":{\"@id\":\"https:\\\/\\\/www.eldiario.net\\\/portal\\\/#organization\"},\"image\":{\"@id\":\"https:\\\/\\\/www.eldiario.net\\\/portal\\\/2021\\\/10\\\/29\\\/gobierno-contratara-mas-medicos-y-municipios-trazaran-estrategias\\\/#primaryimage\"},\"thumbnailUrl\":\"\",\"articleSection\":[\"Nacional\"],\"inLanguage\":\"es\"},{\"@type\":\"WebPage\",\"@id\":\"https:\\\/\\\/www.eldiario.net\\\/portal\\\/2021\\\/10\\\/29\\\/gobierno-contratara-mas-medicos-y-municipios-trazaran-estrategias\\\/\",\"url\":\"https:\\\/\\\/www.eldiario.net\\\/portal\\\/2021\\\/10\\\/29\\\/gobierno-contratara-mas-medicos-y-municipios-trazaran-estrategias\\\/\",\"name\":\"Gobierno contratar\u00e1 m\u00e1s m\u00e9dicos y municipios trazar\u00e1n estrategias - El Diario - Bolivia\",\"isPartOf\":{\"@id\":\"https:\\\/\\\/www.eldiario.net\\\/portal\\\/#website\"},\"primaryImageOfPage\":{\"@id\":\"https:\\\/\\\/www.eldiario.net\\\/portal\\\/2021\\\/10\\\/29\\\/gobierno-contratara-mas-medicos-y-municipios-trazaran-estrategias\\\/#primaryimage\"},\"image\":{\"@id\":\"https:\\\/\\\/www.eldiario.net\\\/portal\\\/2021\\\/10\\\/29\\\/gobierno-contratara-mas-medicos-y-municipios-trazaran-estrategias\\\/#primaryimage\"},\"thumbnailUrl\":\"\",\"datePublished\":\"2021-10-29T08:53:56+00:00\",\"breadcrumb\":{\"@id\":\"https:\\\/\\\/www.eldiario.net\\\/portal\\\/2021\\\/10\\\/29\\\/gobierno-contratara-mas-medicos-y-municipios-trazaran-estrategias\\\/#breadcrumb\"},\"inLanguage\":\"es\",\"potentialAction\":[{\"@type\":\"ReadAction\",\"target\":[\"https:\\\/\\\/www.eldiario.net\\\/portal\\\/2021\\\/10\\\/29\\\/gobierno-contratara-mas-medicos-y-municipios-trazaran-estrategias\\\/\"]}]},{\"@type\":\"ImageObject\",\"inLanguage\":\"es\",\"@id\":\"https:\\\/\\\/www.eldiario.net\\\/portal\\\/2021\\\/10\\\/29\\\/gobierno-contratara-mas-medicos-y-municipios-trazaran-estrategias\\\/#primaryimage\",\"url\":\"\",\"contentUrl\":\"\"},{\"@type\":\"BreadcrumbList\",\"@id\":\"https:\\\/\\\/www.eldiario.net\\\/portal\\\/2021\\\/10\\\/29\\\/gobierno-contratara-mas-medicos-y-municipios-trazaran-estrategias\\\/#breadcrumb\",\"itemListElement\":[{\"@type\":\"ListItem\",\"position\":1,\"name\":\"Portada\",\"item\":\"https:\\\/\\\/www.eldiario.net\\\/portal\\\/\"},{\"@type\":\"ListItem\",\"position\":2,\"name\":\"Gobierno contratar\u00e1 m\u00e1s m\u00e9dicos y municipios trazar\u00e1n estrategias\"}]},{\"@type\":\"WebSite\",\"@id\":\"https:\\\/\\\/www.eldiario.net\\\/portal\\\/#website\",\"url\":\"https:\\\/\\\/www.eldiario.net\\\/portal\\\/\",\"name\":\"El Diario - Decano de la prensa nacional\",\"description\":\"El Diario - Decano de la prensa nacional\",\"publisher\":{\"@id\":\"https:\\\/\\\/www.eldiario.net\\\/portal\\\/#organization\"},\"potentialAction\":[{\"@type\":\"SearchAction\",\"target\":{\"@type\":\"EntryPoint\",\"urlTemplate\":\"https:\\\/\\\/www.eldiario.net\\\/portal\\\/?s={search_term_string}\"},\"query-input\":{\"@type\":\"PropertyValueSpecification\",\"valueRequired\":true,\"valueName\":\"search_term_string\"}}],\"inLanguage\":\"es\"},{\"@type\":\"Organization\",\"@id\":\"https:\\\/\\\/www.eldiario.net\\\/portal\\\/#organization\",\"name\":\"El Diario - Decano de la prensa nacional\",\"url\":\"https:\\\/\\\/www.eldiario.net\\\/portal\\\/\",\"logo\":{\"@type\":\"ImageObject\",\"inLanguage\":\"es\",\"@id\":\"https:\\\/\\\/www.eldiario.net\\\/portal\\\/#\\\/schema\\\/logo\\\/image\\\/\",\"url\":\"https:\\\/\\\/www.eldiario.net\\\/portal\\\/wp-content\\\/uploads\\\/2023\\\/07\\\/logo_ED.jpg\",\"contentUrl\":\"https:\\\/\\\/www.eldiario.net\\\/portal\\\/wp-content\\\/uploads\\\/2023\\\/07\\\/logo_ED.jpg\",\"width\":272,\"height\":52,\"caption\":\"El Diario - Decano de la prensa nacional\"},\"image\":{\"@id\":\"https:\\\/\\\/www.eldiario.net\\\/portal\\\/#\\\/schema\\\/logo\\\/image\\\/\"},\"sameAs\":[\"https:\\\/\\\/www.facebook.com\\\/eldiario.bolivia\\\/\",\"https:\\\/\\\/x.com\\\/eldiario_net\"]},{\"@type\":\"Person\",\"@id\":\"https:\\\/\\\/www.eldiario.net\\\/portal\\\/#\\\/schema\\\/person\\\/f46445640444750d7d753ccd04ae01b7\",\"name\":\"Jeanette\",\"image\":{\"@type\":\"ImageObject\",\"inLanguage\":\"es\",\"@id\":\"https:\\\/\\\/secure.gravatar.com\\\/avatar\\\/3ea2118a5f7dad2b7138b1187a6b7ee55f160b9968b66013c3a3ef39dd7e5798?s=96&d=mm&r=g\",\"url\":\"https:\\\/\\\/secure.gravatar.com\\\/avatar\\\/3ea2118a5f7dad2b7138b1187a6b7ee55f160b9968b66013c3a3ef39dd7e5798?s=96&d=mm&r=g\",\"contentUrl\":\"https:\\\/\\\/secure.gravatar.com\\\/avatar\\\/3ea2118a5f7dad2b7138b1187a6b7ee55f160b9968b66013c3a3ef39dd7e5798?s=96&d=mm&r=g\",\"caption\":\"Jeanette\"},\"sameAs\":[\"https:\\\/\\\/www.eldiario.net\\\/portal\"],\"url\":\"https:\\\/\\\/www.eldiario.net\\\/portal\\\/author\\\/jeanette\\\/\"}]}<\/script>\n<!-- \/ Yoast SEO plugin. -->","yoast_head_json":{"title":"Gobierno contratar\u00e1 m\u00e1s m\u00e9dicos y municipios trazar\u00e1n estrategias - El Diario - Bolivia","robots":{"index":"index","follow":"follow","max-snippet":"max-snippet:-1","max-image-preview":"max-image-preview:large","max-video-preview":"max-video-preview:-1"},"canonical":"https:\/\/www.eldiario.net\/portal\/2021\/10\/29\/gobierno-contratara-mas-medicos-y-municipios-trazaran-estrategias\/","og_locale":"es_ES","og_type":"article","og_title":"Gobierno contratar\u00e1 m\u00e1s m\u00e9dicos y municipios trazar\u00e1n estrategias - El Diario - Bolivia","og_description":"La reuni\u00f3n entre el Ministerio de Salud y los gobiernos subnacionales emiti\u00f3 ayer un documento de conclusiones para que cada sector tenga participaci\u00f3n activa frente a la amenaza de la cuarta ola de covid-19 en el pa\u00eds. El Gobierno central se compromete a contratar 1.816 m\u00e9dicos Aisem para que atiendan a los pacientes en los [&hellip;]","og_url":"https:\/\/www.eldiario.net\/portal\/2021\/10\/29\/gobierno-contratara-mas-medicos-y-municipios-trazaran-estrategias\/","og_site_name":"El Diario - Bolivia","article_publisher":"https:\/\/www.facebook.com\/eldiario.bolivia\/","article_published_time":"2021-10-29T08:53:56+00:00","author":"Jeanette","twitter_card":"summary_large_image","twitter_creator":"@eldiario_net","twitter_site":"@eldiario_net","twitter_misc":{"Escrito por":"Jeanette","Tiempo de lectura":"3 minutos"},"schema":{"@context":"https:\/\/schema.org","@graph":[{"@type":"Article","@id":"https:\/\/www.eldiario.net\/portal\/2021\/10\/29\/gobierno-contratara-mas-medicos-y-municipios-trazaran-estrategias\/#article","isPartOf":{"@id":"https:\/\/www.eldiario.net\/portal\/2021\/10\/29\/gobierno-contratara-mas-medicos-y-municipios-trazaran-estrategias\/"},"author":{"name":"Jeanette","@id":"https:\/\/www.eldiario.net\/portal\/#\/schema\/person\/f46445640444750d7d753ccd04ae01b7"},"headline":"Gobierno contratar\u00e1 m\u00e1s m\u00e9dicos y municipios trazar\u00e1n estrategias","datePublished":"2021-10-29T08:53:56+00:00","mainEntityOfPage":{"@id":"https:\/\/www.eldiario.net\/portal\/2021\/10\/29\/gobierno-contratara-mas-medicos-y-municipios-trazaran-estrategias\/"},"wordCount":500,"publisher":{"@id":"https:\/\/www.eldiario.net\/portal\/#organization"},"image":{"@id":"https:\/\/www.eldiario.net\/portal\/2021\/10\/29\/gobierno-contratara-mas-medicos-y-municipios-trazaran-estrategias\/#primaryimage"},"thumbnailUrl":"","articleSection":["Nacional"],"inLanguage":"es"},{"@type":"WebPage","@id":"https:\/\/www.eldiario.net\/portal\/2021\/10\/29\/gobierno-contratara-mas-medicos-y-municipios-trazaran-estrategias\/","url":"https:\/\/www.eldiario.net\/portal\/2021\/10\/29\/gobierno-contratara-mas-medicos-y-municipios-trazaran-estrategias\/","name":"Gobierno contratar\u00e1 m\u00e1s m\u00e9dicos y municipios trazar\u00e1n estrategias - El Diario - Bolivia","isPartOf":{"@id":"https:\/\/www.eldiario.net\/portal\/#website"},"primaryImageOfPage":{"@id":"https:\/\/www.eldiario.net\/portal\/2021\/10\/29\/gobierno-contratara-mas-medicos-y-municipios-trazaran-estrategias\/#primaryimage"},"image":{"@id":"https:\/\/www.eldiario.net\/portal\/2021\/10\/29\/gobierno-contratara-mas-medicos-y-municipios-trazaran-estrategias\/#primaryimage"},"thumbnailUrl":"","datePublished":"2021-10-29T08:53:56+00:00","breadcrumb":{"@id":"https:\/\/www.eldiario.net\/portal\/2021\/10\/29\/gobierno-contratara-mas-medicos-y-municipios-trazaran-estrategias\/#breadcrumb"},"inLanguage":"es","potentialAction":[{"@type":"ReadAction","target":["https:\/\/www.eldiario.net\/portal\/2021\/10\/29\/gobierno-contratara-mas-medicos-y-municipios-trazaran-estrategias\/"]}]},{"@type":"ImageObject","inLanguage":"es","@id":"https:\/\/www.eldiario.net\/portal\/2021\/10\/29\/gobierno-contratara-mas-medicos-y-municipios-trazaran-estrategias\/#primaryimage","url":"","contentUrl":""},{"@type":"BreadcrumbList","@id":"https:\/\/www.eldiario.net\/portal\/2021\/10\/29\/gobierno-contratara-mas-medicos-y-municipios-trazaran-estrategias\/#breadcrumb","itemListElement":[{"@type":"ListItem","position":1,"name":"Portada","item":"https:\/\/www.eldiario.net\/portal\/"},{"@type":"ListItem","position":2,"name":"Gobierno contratar\u00e1 m\u00e1s m\u00e9dicos y municipios trazar\u00e1n estrategias"}]},{"@type":"WebSite","@id":"https:\/\/www.eldiario.net\/portal\/#website","url":"https:\/\/www.eldiario.net\/portal\/","name":"El Diario - Decano de la prensa nacional","description":"El Diario - Decano de la prensa nacional","publisher":{"@id":"https:\/\/www.eldiario.net\/portal\/#organization"},"potentialAction":[{"@type":"SearchAction","target":{"@type":"EntryPoint","urlTemplate":"https:\/\/www.eldiario.net\/portal\/?s={search_term_string}"},"query-input":{"@type":"PropertyValueSpecification","valueRequired":true,"valueName":"search_term_string"}}],"inLanguage":"es"},{"@type":"Organization","@id":"https:\/\/www.eldiario.net\/portal\/#organization","name":"El Diario - Decano de la prensa nacional","url":"https:\/\/www.eldiario.net\/portal\/","logo":{"@type":"ImageObject","inLanguage":"es","@id":"https:\/\/www.eldiario.net\/portal\/#\/schema\/logo\/image\/","url":"https:\/\/www.eldiario.net\/portal\/wp-content\/uploads\/2023\/07\/logo_ED.jpg","contentUrl":"https:\/\/www.eldiario.net\/portal\/wp-content\/uploads\/2023\/07\/logo_ED.jpg","width":272,"height":52,"caption":"El Diario - Decano de la prensa nacional"},"image":{"@id":"https:\/\/www.eldiario.net\/portal\/#\/schema\/logo\/image\/"},"sameAs":["https:\/\/www.facebook.com\/eldiario.bolivia\/","https:\/\/x.com\/eldiario_net"]},{"@type":"Person","@id":"https:\/\/www.eldiario.net\/portal\/#\/schema\/person\/f46445640444750d7d753ccd04ae01b7","name":"Jeanette","image":{"@type":"ImageObject","inLanguage":"es","@id":"https:\/\/secure.gravatar.com\/avatar\/3ea2118a5f7dad2b7138b1187a6b7ee55f160b9968b66013c3a3ef39dd7e5798?s=96&d=mm&r=g","url":"https:\/\/secure.gravatar.com\/avatar\/3ea2118a5f7dad2b7138b1187a6b7ee55f160b9968b66013c3a3ef39dd7e5798?s=96&d=mm&r=g","contentUrl":"https:\/\/secure.gravatar.com\/avatar\/3ea2118a5f7dad2b7138b1187a6b7ee55f160b9968b66013c3a3ef39dd7e5798?s=96&d=mm&r=g","caption":"Jeanette"},"sameAs":["https:\/\/www.eldiario.net\/portal"],"url":"https:\/\/www.eldiario.net\/portal\/author\/jeanette\/"}]}},"_links":{"self":[{"href":"https:\/\/www.eldiario.net\/portal\/wp-json\/wp\/v2\/posts\/39658","targetHints":{"allow":["GET"]}}],"collection":[{"href":"https:\/\/www.eldiario.net\/portal\/wp-json\/wp\/v2\/posts"}],"about":[{"href":"https:\/\/www.eldiario.net\/portal\/wp-json\/wp\/v2\/types\/post"}],"author":[{"embeddable":true,"href":"https:\/\/www.eldiario.net\/portal\/wp-json\/wp\/v2\/users\/1"}],"replies":[{"embeddable":true,"href":"https:\/\/www.eldiario.net\/portal\/wp-json\/wp\/v2\/comments?post=39658"}],"version-history":[{"count":0,"href":"https:\/\/www.eldiario.net\/portal\/wp-json\/wp\/v2\/posts\/39658\/revisions"}],"wp:attachment":[{"href":"https:\/\/www.eldiario.net\/portal\/wp-json\/wp\/v2\/media?parent=39658"}],"wp:term":[{"taxonomy":"category","embeddable":true,"href":"https:\/\/www.eldiario.net\/portal\/wp-json\/wp\/v2\/categories?post=39658"},{"taxonomy":"post_tag","embeddable":true,"href":"https:\/\/www.eldiario.net\/portal\/wp-json\/wp\/v2\/tags?post=39658"}],"curies":[{"name":"wp","href":"https:\/\/api.w.org\/{rel}","templated":true}]}}