{"id":39653,"date":"2021-10-29T04:52:05","date_gmt":"2021-10-29T08:52:05","guid":{"rendered":"https:\/\/www.eldiario.net\/portal\/?p=39653"},"modified":"2021-10-29T04:52:05","modified_gmt":"2021-10-29T08:52:05","slug":"calculan-perdida-de-casi-20-000-dosis","status":"publish","type":"post","link":"https:\/\/www.eldiario.net\/portal\/2021\/10\/29\/calculan-perdida-de-casi-20-000-dosis\/","title":{"rendered":"Calculan p\u00e9rdida de casi 20.000 dosis"},"content":{"rendered":"<p>Seg\u00fan c\u00e1lculos, podr\u00edan perderse cerca de 20 mil inyecciones contra covid-19 AstraZeneca hasta fin de mes por falta de tiempo para aplicar las terceras dosis, inform\u00f3 el director del Sedes La Paz, Mayber Aparicio.<br \/>\n\u201cSe pueden perder alrededor de unas 15.000 dosis a 20.000 dosis, posiblemente, es posible que vayamos a perder estas dosis de AstraZeneca, solamente, de ninguna otra, por el tiempo que tenemos para vacunar\u201d, afirm\u00f3 consultado al respecto.<br \/>\nAfirm\u00f3 que el Sedes realizar\u00e1 todas las gestiones posibles para minimizar las p\u00e9rdidas. Las vacunas AstraZeneca tienen fecha de caducidad el 31 de octubre.<br \/>\nPara intensificar la vacunaci\u00f3n, Aparicio dijo que se desplazar\u00e1n al menos 15 brigadas de vacunaci\u00f3n durante este fin de semana en diferentes puntos de la ciudad, inform\u00f3 Erbol.<br \/>\nLa vacunaci\u00f3n de refuerzo fue aprobada para los mayores de 18 de edad que cumplieron m\u00e1s de dos meses de haberse hecho vacunar con la segunda dosis, sin importar el laboratorio.<br \/>\nPor otro lado, el ministro de Salud y Deportes, Jeyson Auza, anunci\u00f3 ayer que acceder\u00e1 de manera p\u00fablica a la tercera dosis de la vacuna contra el covid-19 el \u00faltimo d\u00eda de vigencia de la vacuna AstraZeneca, el domingo 31 de octubre, para desvirtuar informaciones falsas sobre el inoculante que vence a fin de mes.<br \/>\n\u201cQueremos desvirtuar aquella manifestaci\u00f3n que dec\u00eda \u2018no a la vacuna que esta pr\u00f3xima a vencerse\u2019. Como ministro de Salud vamos a recibir la tercera dosis de una ampolla (de AstraZeneca), demostrando lo que hemos propuesto la vacunaci\u00f3n heter\u00f3loga, con la dosis de refuerzo, es segura y efectiva\u201d, indic\u00f3 a los periodistas.<br \/>\nSe\u00f1al\u00f3 que el Ministerio de Salud puso a disposici\u00f3n todas las vacunas para evitar el factor de p\u00e9rdida e invit\u00f3 a la poblaci\u00f3n a acceder de manera voluntaria a la tercera dosis de refuerzo hasta el 31de octubre, reflej\u00f3 ABI.<br \/>\nSeg\u00fan Auza, se espera una cuarta hola de la pandemia que puede ser m\u00e1s intensa; pero se asumir\u00e1 una estrategia conjunta con los servicios departamentales de Salud (Sedes).<\/p>\n","protected":false},"excerpt":{"rendered":"<p>Seg\u00fan c\u00e1lculos, podr\u00edan perderse cerca de 20 mil inyecciones contra covid-19 AstraZeneca hasta fin de mes por falta de tiempo para aplicar las terceras dosis, inform\u00f3 el director del Sedes La Paz, Mayber Aparicio. \u201cSe pueden perder alrededor de unas 15.000 dosis a 20.000 dosis, posiblemente, es posible que vayamos a perder estas dosis de [&hellip;]<\/p>\n","protected":false},"author":1,"featured_media":0,"comment_status":"closed","ping_status":"closed","sticky":false,"template":"","format":"standard","meta":{"_acf_changed":false,"footnotes":""},"categories":[12],"tags":[],"class_list":["post-39653","post","type-post","status-publish","format-standard","category-nacional"],"acf":{"antetitulo":""},"yoast_head":"<!-- This site is optimized with the Yoast SEO plugin v28.4 - https:\/\/yoast.com\/product\/yoast-seo-wordpress\/ -->\n<title>Calculan p\u00e9rdida de casi 20.000 dosis - El Diario - Bolivia<\/title>\n<meta name=\"robots\" content=\"index, follow, max-snippet:-1, max-image-preview:large, max-video-preview:-1\" \/>\n<link rel=\"canonical\" href=\"https:\/\/www.eldiario.net\/portal\/2021\/10\/29\/calculan-perdida-de-casi-20-000-dosis\/\" \/>\n<meta property=\"og:locale\" content=\"es_ES\" \/>\n<meta property=\"og:type\" content=\"article\" \/>\n<meta property=\"og:title\" content=\"Calculan p\u00e9rdida de casi 20.000 dosis - El Diario - Bolivia\" \/>\n<meta property=\"og:description\" content=\"Seg\u00fan c\u00e1lculos, podr\u00edan perderse cerca de 20 mil inyecciones contra covid-19 AstraZeneca hasta fin de mes por falta de tiempo para aplicar las terceras dosis, inform\u00f3 el director del Sedes La Paz, Mayber Aparicio. \u201cSe pueden perder alrededor de unas 15.000 dosis a 20.000 dosis, posiblemente, es posible que vayamos a perder estas dosis de [&hellip;]\" \/>\n<meta property=\"og:url\" content=\"https:\/\/www.eldiario.net\/portal\/2021\/10\/29\/calculan-perdida-de-casi-20-000-dosis\/\" \/>\n<meta property=\"og:site_name\" content=\"El Diario - Bolivia\" \/>\n<meta property=\"article:publisher\" content=\"https:\/\/www.facebook.com\/eldiario.bolivia\/\" \/>\n<meta property=\"article:published_time\" content=\"2021-10-29T08:52:05+00:00\" \/>\n<meta name=\"author\" content=\"Jeanette\" \/>\n<meta name=\"twitter:card\" content=\"summary_large_image\" \/>\n<meta name=\"twitter:creator\" content=\"@eldiario_net\" \/>\n<meta name=\"twitter:site\" content=\"@eldiario_net\" \/>\n<meta name=\"twitter:label1\" content=\"Escrito por\" \/>\n\t<meta name=\"twitter:data1\" content=\"Jeanette\" \/>\n\t<meta name=\"twitter:label2\" content=\"Tiempo de lectura\" \/>\n\t<meta name=\"twitter:data2\" content=\"2 minutos\" \/>\n<script type=\"application\/ld+json\" class=\"yoast-schema-graph\">{\"@context\":\"https:\\\/\\\/schema.org\",\"@graph\":[{\"@type\":\"Article\",\"@id\":\"https:\\\/\\\/www.eldiario.net\\\/portal\\\/2021\\\/10\\\/29\\\/calculan-perdida-de-casi-20-000-dosis\\\/#article\",\"isPartOf\":{\"@id\":\"https:\\\/\\\/www.eldiario.net\\\/portal\\\/2021\\\/10\\\/29\\\/calculan-perdida-de-casi-20-000-dosis\\\/\"},\"author\":{\"name\":\"Jeanette\",\"@id\":\"https:\\\/\\\/www.eldiario.net\\\/portal\\\/#\\\/schema\\\/person\\\/f46445640444750d7d753ccd04ae01b7\"},\"headline\":\"Calculan p\u00e9rdida de casi 20.000 dosis\",\"datePublished\":\"2021-10-29T08:52:05+00:00\",\"mainEntityOfPage\":{\"@id\":\"https:\\\/\\\/www.eldiario.net\\\/portal\\\/2021\\\/10\\\/29\\\/calculan-perdida-de-casi-20-000-dosis\\\/\"},\"wordCount\":349,\"publisher\":{\"@id\":\"https:\\\/\\\/www.eldiario.net\\\/portal\\\/#organization\"},\"articleSection\":[\"Nacional\"],\"inLanguage\":\"es\"},{\"@type\":\"WebPage\",\"@id\":\"https:\\\/\\\/www.eldiario.net\\\/portal\\\/2021\\\/10\\\/29\\\/calculan-perdida-de-casi-20-000-dosis\\\/\",\"url\":\"https:\\\/\\\/www.eldiario.net\\\/portal\\\/2021\\\/10\\\/29\\\/calculan-perdida-de-casi-20-000-dosis\\\/\",\"name\":\"Calculan p\u00e9rdida de casi 20.000 dosis - El Diario - Bolivia\",\"isPartOf\":{\"@id\":\"https:\\\/\\\/www.eldiario.net\\\/portal\\\/#website\"},\"datePublished\":\"2021-10-29T08:52:05+00:00\",\"breadcrumb\":{\"@id\":\"https:\\\/\\\/www.eldiario.net\\\/portal\\\/2021\\\/10\\\/29\\\/calculan-perdida-de-casi-20-000-dosis\\\/#breadcrumb\"},\"inLanguage\":\"es\",\"potentialAction\":[{\"@type\":\"ReadAction\",\"target\":[\"https:\\\/\\\/www.eldiario.net\\\/portal\\\/2021\\\/10\\\/29\\\/calculan-perdida-de-casi-20-000-dosis\\\/\"]}]},{\"@type\":\"BreadcrumbList\",\"@id\":\"https:\\\/\\\/www.eldiario.net\\\/portal\\\/2021\\\/10\\\/29\\\/calculan-perdida-de-casi-20-000-dosis\\\/#breadcrumb\",\"itemListElement\":[{\"@type\":\"ListItem\",\"position\":1,\"name\":\"Portada\",\"item\":\"https:\\\/\\\/www.eldiario.net\\\/portal\\\/\"},{\"@type\":\"ListItem\",\"position\":2,\"name\":\"Calculan p\u00e9rdida de casi 20.000 dosis\"}]},{\"@type\":\"WebSite\",\"@id\":\"https:\\\/\\\/www.eldiario.net\\\/portal\\\/#website\",\"url\":\"https:\\\/\\\/www.eldiario.net\\\/portal\\\/\",\"name\":\"El Diario - Decano de la prensa nacional\",\"description\":\"El Diario - Decano de la prensa nacional\",\"publisher\":{\"@id\":\"https:\\\/\\\/www.eldiario.net\\\/portal\\\/#organization\"},\"potentialAction\":[{\"@type\":\"SearchAction\",\"target\":{\"@type\":\"EntryPoint\",\"urlTemplate\":\"https:\\\/\\\/www.eldiario.net\\\/portal\\\/?s={search_term_string}\"},\"query-input\":{\"@type\":\"PropertyValueSpecification\",\"valueRequired\":true,\"valueName\":\"search_term_string\"}}],\"inLanguage\":\"es\"},{\"@type\":\"Organization\",\"@id\":\"https:\\\/\\\/www.eldiario.net\\\/portal\\\/#organization\",\"name\":\"El Diario - Decano de la prensa nacional\",\"url\":\"https:\\\/\\\/www.eldiario.net\\\/portal\\\/\",\"logo\":{\"@type\":\"ImageObject\",\"inLanguage\":\"es\",\"@id\":\"https:\\\/\\\/www.eldiario.net\\\/portal\\\/#\\\/schema\\\/logo\\\/image\\\/\",\"url\":\"https:\\\/\\\/www.eldiario.net\\\/portal\\\/wp-content\\\/uploads\\\/2023\\\/07\\\/logo_ED.jpg\",\"contentUrl\":\"https:\\\/\\\/www.eldiario.net\\\/portal\\\/wp-content\\\/uploads\\\/2023\\\/07\\\/logo_ED.jpg\",\"width\":272,\"height\":52,\"caption\":\"El Diario - Decano de la prensa nacional\"},\"image\":{\"@id\":\"https:\\\/\\\/www.eldiario.net\\\/portal\\\/#\\\/schema\\\/logo\\\/image\\\/\"},\"sameAs\":[\"https:\\\/\\\/www.facebook.com\\\/eldiario.bolivia\\\/\",\"https:\\\/\\\/x.com\\\/eldiario_net\"]},{\"@type\":\"Person\",\"@id\":\"https:\\\/\\\/www.eldiario.net\\\/portal\\\/#\\\/schema\\\/person\\\/f46445640444750d7d753ccd04ae01b7\",\"name\":\"Jeanette\",\"image\":{\"@type\":\"ImageObject\",\"inLanguage\":\"es\",\"@id\":\"https:\\\/\\\/secure.gravatar.com\\\/avatar\\\/3ea2118a5f7dad2b7138b1187a6b7ee55f160b9968b66013c3a3ef39dd7e5798?s=96&d=mm&r=g\",\"url\":\"https:\\\/\\\/secure.gravatar.com\\\/avatar\\\/3ea2118a5f7dad2b7138b1187a6b7ee55f160b9968b66013c3a3ef39dd7e5798?s=96&d=mm&r=g\",\"contentUrl\":\"https:\\\/\\\/secure.gravatar.com\\\/avatar\\\/3ea2118a5f7dad2b7138b1187a6b7ee55f160b9968b66013c3a3ef39dd7e5798?s=96&d=mm&r=g\",\"caption\":\"Jeanette\"},\"sameAs\":[\"https:\\\/\\\/www.eldiario.net\\\/portal\"],\"url\":\"https:\\\/\\\/www.eldiario.net\\\/portal\\\/author\\\/jeanette\\\/\"}]}<\/script>\n<!-- \/ Yoast SEO plugin. -->","yoast_head_json":{"title":"Calculan p\u00e9rdida de casi 20.000 dosis - El Diario - Bolivia","robots":{"index":"index","follow":"follow","max-snippet":"max-snippet:-1","max-image-preview":"max-image-preview:large","max-video-preview":"max-video-preview:-1"},"canonical":"https:\/\/www.eldiario.net\/portal\/2021\/10\/29\/calculan-perdida-de-casi-20-000-dosis\/","og_locale":"es_ES","og_type":"article","og_title":"Calculan p\u00e9rdida de casi 20.000 dosis - El Diario - Bolivia","og_description":"Seg\u00fan c\u00e1lculos, podr\u00edan perderse cerca de 20 mil inyecciones contra covid-19 AstraZeneca hasta fin de mes por falta de tiempo para aplicar las terceras dosis, inform\u00f3 el director del Sedes La Paz, Mayber Aparicio. \u201cSe pueden perder alrededor de unas 15.000 dosis a 20.000 dosis, posiblemente, es posible que vayamos a perder estas dosis de [&hellip;]","og_url":"https:\/\/www.eldiario.net\/portal\/2021\/10\/29\/calculan-perdida-de-casi-20-000-dosis\/","og_site_name":"El Diario - Bolivia","article_publisher":"https:\/\/www.facebook.com\/eldiario.bolivia\/","article_published_time":"2021-10-29T08:52:05+00:00","author":"Jeanette","twitter_card":"summary_large_image","twitter_creator":"@eldiario_net","twitter_site":"@eldiario_net","twitter_misc":{"Escrito por":"Jeanette","Tiempo de lectura":"2 minutos"},"schema":{"@context":"https:\/\/schema.org","@graph":[{"@type":"Article","@id":"https:\/\/www.eldiario.net\/portal\/2021\/10\/29\/calculan-perdida-de-casi-20-000-dosis\/#article","isPartOf":{"@id":"https:\/\/www.eldiario.net\/portal\/2021\/10\/29\/calculan-perdida-de-casi-20-000-dosis\/"},"author":{"name":"Jeanette","@id":"https:\/\/www.eldiario.net\/portal\/#\/schema\/person\/f46445640444750d7d753ccd04ae01b7"},"headline":"Calculan p\u00e9rdida de casi 20.000 dosis","datePublished":"2021-10-29T08:52:05+00:00","mainEntityOfPage":{"@id":"https:\/\/www.eldiario.net\/portal\/2021\/10\/29\/calculan-perdida-de-casi-20-000-dosis\/"},"wordCount":349,"publisher":{"@id":"https:\/\/www.eldiario.net\/portal\/#organization"},"articleSection":["Nacional"],"inLanguage":"es"},{"@type":"WebPage","@id":"https:\/\/www.eldiario.net\/portal\/2021\/10\/29\/calculan-perdida-de-casi-20-000-dosis\/","url":"https:\/\/www.eldiario.net\/portal\/2021\/10\/29\/calculan-perdida-de-casi-20-000-dosis\/","name":"Calculan p\u00e9rdida de casi 20.000 dosis - El Diario - Bolivia","isPartOf":{"@id":"https:\/\/www.eldiario.net\/portal\/#website"},"datePublished":"2021-10-29T08:52:05+00:00","breadcrumb":{"@id":"https:\/\/www.eldiario.net\/portal\/2021\/10\/29\/calculan-perdida-de-casi-20-000-dosis\/#breadcrumb"},"inLanguage":"es","potentialAction":[{"@type":"ReadAction","target":["https:\/\/www.eldiario.net\/portal\/2021\/10\/29\/calculan-perdida-de-casi-20-000-dosis\/"]}]},{"@type":"BreadcrumbList","@id":"https:\/\/www.eldiario.net\/portal\/2021\/10\/29\/calculan-perdida-de-casi-20-000-dosis\/#breadcrumb","itemListElement":[{"@type":"ListItem","position":1,"name":"Portada","item":"https:\/\/www.eldiario.net\/portal\/"},{"@type":"ListItem","position":2,"name":"Calculan p\u00e9rdida de casi 20.000 dosis"}]},{"@type":"WebSite","@id":"https:\/\/www.eldiario.net\/portal\/#website","url":"https:\/\/www.eldiario.net\/portal\/","name":"El Diario - Decano de la prensa nacional","description":"El Diario - Decano de la prensa nacional","publisher":{"@id":"https:\/\/www.eldiario.net\/portal\/#organization"},"potentialAction":[{"@type":"SearchAction","target":{"@type":"EntryPoint","urlTemplate":"https:\/\/www.eldiario.net\/portal\/?s={search_term_string}"},"query-input":{"@type":"PropertyValueSpecification","valueRequired":true,"valueName":"search_term_string"}}],"inLanguage":"es"},{"@type":"Organization","@id":"https:\/\/www.eldiario.net\/portal\/#organization","name":"El Diario - Decano de la prensa nacional","url":"https:\/\/www.eldiario.net\/portal\/","logo":{"@type":"ImageObject","inLanguage":"es","@id":"https:\/\/www.eldiario.net\/portal\/#\/schema\/logo\/image\/","url":"https:\/\/www.eldiario.net\/portal\/wp-content\/uploads\/2023\/07\/logo_ED.jpg","contentUrl":"https:\/\/www.eldiario.net\/portal\/wp-content\/uploads\/2023\/07\/logo_ED.jpg","width":272,"height":52,"caption":"El Diario - Decano de la prensa nacional"},"image":{"@id":"https:\/\/www.eldiario.net\/portal\/#\/schema\/logo\/image\/"},"sameAs":["https:\/\/www.facebook.com\/eldiario.bolivia\/","https:\/\/x.com\/eldiario_net"]},{"@type":"Person","@id":"https:\/\/www.eldiario.net\/portal\/#\/schema\/person\/f46445640444750d7d753ccd04ae01b7","name":"Jeanette","image":{"@type":"ImageObject","inLanguage":"es","@id":"https:\/\/secure.gravatar.com\/avatar\/3ea2118a5f7dad2b7138b1187a6b7ee55f160b9968b66013c3a3ef39dd7e5798?s=96&d=mm&r=g","url":"https:\/\/secure.gravatar.com\/avatar\/3ea2118a5f7dad2b7138b1187a6b7ee55f160b9968b66013c3a3ef39dd7e5798?s=96&d=mm&r=g","contentUrl":"https:\/\/secure.gravatar.com\/avatar\/3ea2118a5f7dad2b7138b1187a6b7ee55f160b9968b66013c3a3ef39dd7e5798?s=96&d=mm&r=g","caption":"Jeanette"},"sameAs":["https:\/\/www.eldiario.net\/portal"],"url":"https:\/\/www.eldiario.net\/portal\/author\/jeanette\/"}]}},"_links":{"self":[{"href":"https:\/\/www.eldiario.net\/portal\/wp-json\/wp\/v2\/posts\/39653","targetHints":{"allow":["GET"]}}],"collection":[{"href":"https:\/\/www.eldiario.net\/portal\/wp-json\/wp\/v2\/posts"}],"about":[{"href":"https:\/\/www.eldiario.net\/portal\/wp-json\/wp\/v2\/types\/post"}],"author":[{"embeddable":true,"href":"https:\/\/www.eldiario.net\/portal\/wp-json\/wp\/v2\/users\/1"}],"replies":[{"embeddable":true,"href":"https:\/\/www.eldiario.net\/portal\/wp-json\/wp\/v2\/comments?post=39653"}],"version-history":[{"count":0,"href":"https:\/\/www.eldiario.net\/portal\/wp-json\/wp\/v2\/posts\/39653\/revisions"}],"wp:attachment":[{"href":"https:\/\/www.eldiario.net\/portal\/wp-json\/wp\/v2\/media?parent=39653"}],"wp:term":[{"taxonomy":"category","embeddable":true,"href":"https:\/\/www.eldiario.net\/portal\/wp-json\/wp\/v2\/categories?post=39653"},{"taxonomy":"post_tag","embeddable":true,"href":"https:\/\/www.eldiario.net\/portal\/wp-json\/wp\/v2\/tags?post=39653"}],"curies":[{"name":"wp","href":"https:\/\/api.w.org\/{rel}","templated":true}]}}