{"id":39650,"date":"2021-10-29T04:51:34","date_gmt":"2021-10-29T08:51:34","guid":{"rendered":"https:\/\/www.eldiario.net\/portal\/?p=39650"},"modified":"2021-10-29T04:51:34","modified_gmt":"2021-10-29T08:51:34","slug":"linea-amarilla-bordeara-rio-rocha","status":"publish","type":"post","link":"https:\/\/www.eldiario.net\/portal\/2021\/10\/29\/linea-amarilla-bordeara-rio-rocha\/","title":{"rendered":"L\u00ednea amarilla bordear\u00e1 r\u00edo Rocha"},"content":{"rendered":"<p>El ministro de Obras P\u00fablicas, \u00c9dgar Monta\u00f1o, y el alcalde Manfred Reyes Villa acordaron ayer en La Paz llevar adelante la construcci\u00f3n de la l\u00ednea amarilla, por el borde del r\u00edo Rocha, con una plataforma elevada, seg\u00fan las conclusiones que dio a conocer el titular de esa cartera de Estado.<br \/>\nEl ministro inform\u00f3 que en la reuni\u00f3n se mostr\u00f3 el proyecto y primaron las razones t\u00e9cnicas y ambientales, por lo que se instruy\u00f3 a la Unidad T\u00e9cnica de Ferrocarriles el inici\u00f3 de los estudios t\u00e9cnicos en coordinaci\u00f3n con la Alcald\u00eda de Cochabamba.<br \/>\nPara disipar los temores sobre un posible impacto negativo en el \u00e1rea elegida para construir la nueva ruta, tambi\u00e9n se har\u00e1 una socializaci\u00f3n con ambientalistas y vecinos para demostrar que no habr\u00e1 afectaci\u00f3n a los \u00e1rboles que est\u00e1n en el borde del r\u00edo Rocha.<br \/>\nEl alcalde de la ciudad de Cochabamba, Manfred Reyes Villa, inform\u00f3 al concluir la reuni\u00f3n que el proyecto a dise\u00f1o final de la l\u00ednea amarilla del Tren Metropolitano estar\u00e1 listo en tres o seis meses y que prev\u00e9n concluir la obra el pr\u00f3ximo a\u00f1o. Son algunas de las conclusiones de la reuni\u00f3n que tuvo esta ma\u00f1ana con el ministro de Obras P\u00fablicas, \u00c9dgar Monta\u00f1o.<br \/>\n\u201cEn realidad se ha cambiado el trazo del tren metropolitano. Hay una nueva propuesta del tren elevado, que es lo que nosotros siempre est\u00e1bamos pensando para evitar da\u00f1os medioambientales, sobre todo en las \u00e1reas verdes. Vamos a hacer una mesa de trabajo. Dentro de entre tres y seis meses va a estar listo el dise\u00f1o final de este trazo y para el 2022, prevemos inaugurar la L\u00ednea Amarilla en Cochabamba\u201d, explic\u00f3 ante los medios de comunicaci\u00f3n.<br \/>\nReyes Villa ratific\u00f3 que desde el municipio apoyar\u00e1n todo proyecto que vaya en beneficio del \u201cdesarrollo de Cochabamba\u201d. Inform\u00f3 que existen varios proyectos que se encentran en carpeta, con miras a su ejecuci\u00f3n en la presente gesti\u00f3n municipal.<br \/>\nLa reuni\u00f3n entre el Alcalde y el Ministro se realiz\u00f3 en la ciudad de La Paz en horas de la ma\u00f1ana, para la que Reyes Villa viaj\u00f3 a la sede de Gobierno acompa\u00f1ado de un grupo de t\u00e9cnicos.<\/p>\n","protected":false},"excerpt":{"rendered":"<p>El ministro de Obras P\u00fablicas, \u00c9dgar Monta\u00f1o, y el alcalde Manfred Reyes Villa acordaron ayer en La Paz llevar adelante la construcci\u00f3n de la l\u00ednea amarilla, por el borde del r\u00edo Rocha, con una plataforma elevada, seg\u00fan las conclusiones que dio a conocer el titular de esa cartera de Estado. El ministro inform\u00f3 que en [&hellip;]<\/p>\n","protected":false},"author":1,"featured_media":39651,"comment_status":"closed","ping_status":"closed","sticky":false,"template":"","format":"standard","meta":{"_acf_changed":false,"footnotes":""},"categories":[12],"tags":[],"class_list":["post-39650","post","type-post","status-publish","format-standard","has-post-thumbnail","category-nacional"],"acf":{"antetitulo":""},"yoast_head":"<!-- This site is optimized with the Yoast SEO plugin v28.4 - https:\/\/yoast.com\/product\/yoast-seo-wordpress\/ -->\n<title>L\u00ednea amarilla bordear\u00e1 r\u00edo Rocha - El Diario - Bolivia<\/title>\n<meta name=\"robots\" content=\"index, follow, max-snippet:-1, max-image-preview:large, max-video-preview:-1\" \/>\n<link rel=\"canonical\" href=\"https:\/\/www.eldiario.net\/portal\/2021\/10\/29\/linea-amarilla-bordeara-rio-rocha\/\" \/>\n<meta property=\"og:locale\" content=\"es_ES\" \/>\n<meta property=\"og:type\" content=\"article\" \/>\n<meta property=\"og:title\" content=\"L\u00ednea amarilla bordear\u00e1 r\u00edo Rocha - El Diario - Bolivia\" \/>\n<meta property=\"og:description\" content=\"El ministro de Obras P\u00fablicas, \u00c9dgar Monta\u00f1o, y el alcalde Manfred Reyes Villa acordaron ayer en La Paz llevar adelante la construcci\u00f3n de la l\u00ednea amarilla, por el borde del r\u00edo Rocha, con una plataforma elevada, seg\u00fan las conclusiones que dio a conocer el titular de esa cartera de Estado. El ministro inform\u00f3 que en [&hellip;]\" \/>\n<meta property=\"og:url\" content=\"https:\/\/www.eldiario.net\/portal\/2021\/10\/29\/linea-amarilla-bordeara-rio-rocha\/\" \/>\n<meta property=\"og:site_name\" content=\"El Diario - Bolivia\" \/>\n<meta property=\"article:publisher\" content=\"https:\/\/www.facebook.com\/eldiario.bolivia\/\" \/>\n<meta property=\"article:published_time\" content=\"2021-10-29T08:51:34+00:00\" \/>\n<meta name=\"author\" content=\"Jeanette\" \/>\n<meta name=\"twitter:card\" content=\"summary_large_image\" \/>\n<meta name=\"twitter:creator\" content=\"@eldiario_net\" \/>\n<meta name=\"twitter:site\" content=\"@eldiario_net\" \/>\n<meta name=\"twitter:label1\" content=\"Escrito por\" \/>\n\t<meta name=\"twitter:data1\" content=\"Jeanette\" \/>\n\t<meta name=\"twitter:label2\" content=\"Tiempo de lectura\" \/>\n\t<meta name=\"twitter:data2\" content=\"2 minutos\" \/>\n<script type=\"application\/ld+json\" class=\"yoast-schema-graph\">{\"@context\":\"https:\\\/\\\/schema.org\",\"@graph\":[{\"@type\":\"Article\",\"@id\":\"https:\\\/\\\/www.eldiario.net\\\/portal\\\/2021\\\/10\\\/29\\\/linea-amarilla-bordeara-rio-rocha\\\/#article\",\"isPartOf\":{\"@id\":\"https:\\\/\\\/www.eldiario.net\\\/portal\\\/2021\\\/10\\\/29\\\/linea-amarilla-bordeara-rio-rocha\\\/\"},\"author\":{\"name\":\"Jeanette\",\"@id\":\"https:\\\/\\\/www.eldiario.net\\\/portal\\\/#\\\/schema\\\/person\\\/f46445640444750d7d753ccd04ae01b7\"},\"headline\":\"L\u00ednea amarilla bordear\u00e1 r\u00edo Rocha\",\"datePublished\":\"2021-10-29T08:51:34+00:00\",\"mainEntityOfPage\":{\"@id\":\"https:\\\/\\\/www.eldiario.net\\\/portal\\\/2021\\\/10\\\/29\\\/linea-amarilla-bordeara-rio-rocha\\\/\"},\"wordCount\":397,\"publisher\":{\"@id\":\"https:\\\/\\\/www.eldiario.net\\\/portal\\\/#organization\"},\"image\":{\"@id\":\"https:\\\/\\\/www.eldiario.net\\\/portal\\\/2021\\\/10\\\/29\\\/linea-amarilla-bordeara-rio-rocha\\\/#primaryimage\"},\"thumbnailUrl\":\"\",\"articleSection\":[\"Nacional\"],\"inLanguage\":\"es\"},{\"@type\":\"WebPage\",\"@id\":\"https:\\\/\\\/www.eldiario.net\\\/portal\\\/2021\\\/10\\\/29\\\/linea-amarilla-bordeara-rio-rocha\\\/\",\"url\":\"https:\\\/\\\/www.eldiario.net\\\/portal\\\/2021\\\/10\\\/29\\\/linea-amarilla-bordeara-rio-rocha\\\/\",\"name\":\"L\u00ednea amarilla bordear\u00e1 r\u00edo Rocha - El Diario - Bolivia\",\"isPartOf\":{\"@id\":\"https:\\\/\\\/www.eldiario.net\\\/portal\\\/#website\"},\"primaryImageOfPage\":{\"@id\":\"https:\\\/\\\/www.eldiario.net\\\/portal\\\/2021\\\/10\\\/29\\\/linea-amarilla-bordeara-rio-rocha\\\/#primaryimage\"},\"image\":{\"@id\":\"https:\\\/\\\/www.eldiario.net\\\/portal\\\/2021\\\/10\\\/29\\\/linea-amarilla-bordeara-rio-rocha\\\/#primaryimage\"},\"thumbnailUrl\":\"\",\"datePublished\":\"2021-10-29T08:51:34+00:00\",\"breadcrumb\":{\"@id\":\"https:\\\/\\\/www.eldiario.net\\\/portal\\\/2021\\\/10\\\/29\\\/linea-amarilla-bordeara-rio-rocha\\\/#breadcrumb\"},\"inLanguage\":\"es\",\"potentialAction\":[{\"@type\":\"ReadAction\",\"target\":[\"https:\\\/\\\/www.eldiario.net\\\/portal\\\/2021\\\/10\\\/29\\\/linea-amarilla-bordeara-rio-rocha\\\/\"]}]},{\"@type\":\"ImageObject\",\"inLanguage\":\"es\",\"@id\":\"https:\\\/\\\/www.eldiario.net\\\/portal\\\/2021\\\/10\\\/29\\\/linea-amarilla-bordeara-rio-rocha\\\/#primaryimage\",\"url\":\"\",\"contentUrl\":\"\"},{\"@type\":\"BreadcrumbList\",\"@id\":\"https:\\\/\\\/www.eldiario.net\\\/portal\\\/2021\\\/10\\\/29\\\/linea-amarilla-bordeara-rio-rocha\\\/#breadcrumb\",\"itemListElement\":[{\"@type\":\"ListItem\",\"position\":1,\"name\":\"Portada\",\"item\":\"https:\\\/\\\/www.eldiario.net\\\/portal\\\/\"},{\"@type\":\"ListItem\",\"position\":2,\"name\":\"L\u00ednea amarilla bordear\u00e1 r\u00edo Rocha\"}]},{\"@type\":\"WebSite\",\"@id\":\"https:\\\/\\\/www.eldiario.net\\\/portal\\\/#website\",\"url\":\"https:\\\/\\\/www.eldiario.net\\\/portal\\\/\",\"name\":\"El Diario - Decano de la prensa nacional\",\"description\":\"El Diario - Decano de la prensa nacional\",\"publisher\":{\"@id\":\"https:\\\/\\\/www.eldiario.net\\\/portal\\\/#organization\"},\"potentialAction\":[{\"@type\":\"SearchAction\",\"target\":{\"@type\":\"EntryPoint\",\"urlTemplate\":\"https:\\\/\\\/www.eldiario.net\\\/portal\\\/?s={search_term_string}\"},\"query-input\":{\"@type\":\"PropertyValueSpecification\",\"valueRequired\":true,\"valueName\":\"search_term_string\"}}],\"inLanguage\":\"es\"},{\"@type\":\"Organization\",\"@id\":\"https:\\\/\\\/www.eldiario.net\\\/portal\\\/#organization\",\"name\":\"El Diario - Decano de la prensa nacional\",\"url\":\"https:\\\/\\\/www.eldiario.net\\\/portal\\\/\",\"logo\":{\"@type\":\"ImageObject\",\"inLanguage\":\"es\",\"@id\":\"https:\\\/\\\/www.eldiario.net\\\/portal\\\/#\\\/schema\\\/logo\\\/image\\\/\",\"url\":\"https:\\\/\\\/www.eldiario.net\\\/portal\\\/wp-content\\\/uploads\\\/2023\\\/07\\\/logo_ED.jpg\",\"contentUrl\":\"https:\\\/\\\/www.eldiario.net\\\/portal\\\/wp-content\\\/uploads\\\/2023\\\/07\\\/logo_ED.jpg\",\"width\":272,\"height\":52,\"caption\":\"El Diario - Decano de la prensa nacional\"},\"image\":{\"@id\":\"https:\\\/\\\/www.eldiario.net\\\/portal\\\/#\\\/schema\\\/logo\\\/image\\\/\"},\"sameAs\":[\"https:\\\/\\\/www.facebook.com\\\/eldiario.bolivia\\\/\",\"https:\\\/\\\/x.com\\\/eldiario_net\"]},{\"@type\":\"Person\",\"@id\":\"https:\\\/\\\/www.eldiario.net\\\/portal\\\/#\\\/schema\\\/person\\\/f46445640444750d7d753ccd04ae01b7\",\"name\":\"Jeanette\",\"image\":{\"@type\":\"ImageObject\",\"inLanguage\":\"es\",\"@id\":\"https:\\\/\\\/secure.gravatar.com\\\/avatar\\\/3ea2118a5f7dad2b7138b1187a6b7ee55f160b9968b66013c3a3ef39dd7e5798?s=96&d=mm&r=g\",\"url\":\"https:\\\/\\\/secure.gravatar.com\\\/avatar\\\/3ea2118a5f7dad2b7138b1187a6b7ee55f160b9968b66013c3a3ef39dd7e5798?s=96&d=mm&r=g\",\"contentUrl\":\"https:\\\/\\\/secure.gravatar.com\\\/avatar\\\/3ea2118a5f7dad2b7138b1187a6b7ee55f160b9968b66013c3a3ef39dd7e5798?s=96&d=mm&r=g\",\"caption\":\"Jeanette\"},\"sameAs\":[\"https:\\\/\\\/www.eldiario.net\\\/portal\"],\"url\":\"https:\\\/\\\/www.eldiario.net\\\/portal\\\/author\\\/jeanette\\\/\"}]}<\/script>\n<!-- \/ Yoast SEO plugin. -->","yoast_head_json":{"title":"L\u00ednea amarilla bordear\u00e1 r\u00edo Rocha - El Diario - Bolivia","robots":{"index":"index","follow":"follow","max-snippet":"max-snippet:-1","max-image-preview":"max-image-preview:large","max-video-preview":"max-video-preview:-1"},"canonical":"https:\/\/www.eldiario.net\/portal\/2021\/10\/29\/linea-amarilla-bordeara-rio-rocha\/","og_locale":"es_ES","og_type":"article","og_title":"L\u00ednea amarilla bordear\u00e1 r\u00edo Rocha - El Diario - Bolivia","og_description":"El ministro de Obras P\u00fablicas, \u00c9dgar Monta\u00f1o, y el alcalde Manfred Reyes Villa acordaron ayer en La Paz llevar adelante la construcci\u00f3n de la l\u00ednea amarilla, por el borde del r\u00edo Rocha, con una plataforma elevada, seg\u00fan las conclusiones que dio a conocer el titular de esa cartera de Estado. El ministro inform\u00f3 que en [&hellip;]","og_url":"https:\/\/www.eldiario.net\/portal\/2021\/10\/29\/linea-amarilla-bordeara-rio-rocha\/","og_site_name":"El Diario - Bolivia","article_publisher":"https:\/\/www.facebook.com\/eldiario.bolivia\/","article_published_time":"2021-10-29T08:51:34+00:00","author":"Jeanette","twitter_card":"summary_large_image","twitter_creator":"@eldiario_net","twitter_site":"@eldiario_net","twitter_misc":{"Escrito por":"Jeanette","Tiempo de lectura":"2 minutos"},"schema":{"@context":"https:\/\/schema.org","@graph":[{"@type":"Article","@id":"https:\/\/www.eldiario.net\/portal\/2021\/10\/29\/linea-amarilla-bordeara-rio-rocha\/#article","isPartOf":{"@id":"https:\/\/www.eldiario.net\/portal\/2021\/10\/29\/linea-amarilla-bordeara-rio-rocha\/"},"author":{"name":"Jeanette","@id":"https:\/\/www.eldiario.net\/portal\/#\/schema\/person\/f46445640444750d7d753ccd04ae01b7"},"headline":"L\u00ednea amarilla bordear\u00e1 r\u00edo Rocha","datePublished":"2021-10-29T08:51:34+00:00","mainEntityOfPage":{"@id":"https:\/\/www.eldiario.net\/portal\/2021\/10\/29\/linea-amarilla-bordeara-rio-rocha\/"},"wordCount":397,"publisher":{"@id":"https:\/\/www.eldiario.net\/portal\/#organization"},"image":{"@id":"https:\/\/www.eldiario.net\/portal\/2021\/10\/29\/linea-amarilla-bordeara-rio-rocha\/#primaryimage"},"thumbnailUrl":"","articleSection":["Nacional"],"inLanguage":"es"},{"@type":"WebPage","@id":"https:\/\/www.eldiario.net\/portal\/2021\/10\/29\/linea-amarilla-bordeara-rio-rocha\/","url":"https:\/\/www.eldiario.net\/portal\/2021\/10\/29\/linea-amarilla-bordeara-rio-rocha\/","name":"L\u00ednea amarilla bordear\u00e1 r\u00edo Rocha - El Diario - Bolivia","isPartOf":{"@id":"https:\/\/www.eldiario.net\/portal\/#website"},"primaryImageOfPage":{"@id":"https:\/\/www.eldiario.net\/portal\/2021\/10\/29\/linea-amarilla-bordeara-rio-rocha\/#primaryimage"},"image":{"@id":"https:\/\/www.eldiario.net\/portal\/2021\/10\/29\/linea-amarilla-bordeara-rio-rocha\/#primaryimage"},"thumbnailUrl":"","datePublished":"2021-10-29T08:51:34+00:00","breadcrumb":{"@id":"https:\/\/www.eldiario.net\/portal\/2021\/10\/29\/linea-amarilla-bordeara-rio-rocha\/#breadcrumb"},"inLanguage":"es","potentialAction":[{"@type":"ReadAction","target":["https:\/\/www.eldiario.net\/portal\/2021\/10\/29\/linea-amarilla-bordeara-rio-rocha\/"]}]},{"@type":"ImageObject","inLanguage":"es","@id":"https:\/\/www.eldiario.net\/portal\/2021\/10\/29\/linea-amarilla-bordeara-rio-rocha\/#primaryimage","url":"","contentUrl":""},{"@type":"BreadcrumbList","@id":"https:\/\/www.eldiario.net\/portal\/2021\/10\/29\/linea-amarilla-bordeara-rio-rocha\/#breadcrumb","itemListElement":[{"@type":"ListItem","position":1,"name":"Portada","item":"https:\/\/www.eldiario.net\/portal\/"},{"@type":"ListItem","position":2,"name":"L\u00ednea amarilla bordear\u00e1 r\u00edo Rocha"}]},{"@type":"WebSite","@id":"https:\/\/www.eldiario.net\/portal\/#website","url":"https:\/\/www.eldiario.net\/portal\/","name":"El Diario - Decano de la prensa nacional","description":"El Diario - Decano de la prensa nacional","publisher":{"@id":"https:\/\/www.eldiario.net\/portal\/#organization"},"potentialAction":[{"@type":"SearchAction","target":{"@type":"EntryPoint","urlTemplate":"https:\/\/www.eldiario.net\/portal\/?s={search_term_string}"},"query-input":{"@type":"PropertyValueSpecification","valueRequired":true,"valueName":"search_term_string"}}],"inLanguage":"es"},{"@type":"Organization","@id":"https:\/\/www.eldiario.net\/portal\/#organization","name":"El Diario - Decano de la prensa nacional","url":"https:\/\/www.eldiario.net\/portal\/","logo":{"@type":"ImageObject","inLanguage":"es","@id":"https:\/\/www.eldiario.net\/portal\/#\/schema\/logo\/image\/","url":"https:\/\/www.eldiario.net\/portal\/wp-content\/uploads\/2023\/07\/logo_ED.jpg","contentUrl":"https:\/\/www.eldiario.net\/portal\/wp-content\/uploads\/2023\/07\/logo_ED.jpg","width":272,"height":52,"caption":"El Diario - Decano de la prensa nacional"},"image":{"@id":"https:\/\/www.eldiario.net\/portal\/#\/schema\/logo\/image\/"},"sameAs":["https:\/\/www.facebook.com\/eldiario.bolivia\/","https:\/\/x.com\/eldiario_net"]},{"@type":"Person","@id":"https:\/\/www.eldiario.net\/portal\/#\/schema\/person\/f46445640444750d7d753ccd04ae01b7","name":"Jeanette","image":{"@type":"ImageObject","inLanguage":"es","@id":"https:\/\/secure.gravatar.com\/avatar\/3ea2118a5f7dad2b7138b1187a6b7ee55f160b9968b66013c3a3ef39dd7e5798?s=96&d=mm&r=g","url":"https:\/\/secure.gravatar.com\/avatar\/3ea2118a5f7dad2b7138b1187a6b7ee55f160b9968b66013c3a3ef39dd7e5798?s=96&d=mm&r=g","contentUrl":"https:\/\/secure.gravatar.com\/avatar\/3ea2118a5f7dad2b7138b1187a6b7ee55f160b9968b66013c3a3ef39dd7e5798?s=96&d=mm&r=g","caption":"Jeanette"},"sameAs":["https:\/\/www.eldiario.net\/portal"],"url":"https:\/\/www.eldiario.net\/portal\/author\/jeanette\/"}]}},"_links":{"self":[{"href":"https:\/\/www.eldiario.net\/portal\/wp-json\/wp\/v2\/posts\/39650","targetHints":{"allow":["GET"]}}],"collection":[{"href":"https:\/\/www.eldiario.net\/portal\/wp-json\/wp\/v2\/posts"}],"about":[{"href":"https:\/\/www.eldiario.net\/portal\/wp-json\/wp\/v2\/types\/post"}],"author":[{"embeddable":true,"href":"https:\/\/www.eldiario.net\/portal\/wp-json\/wp\/v2\/users\/1"}],"replies":[{"embeddable":true,"href":"https:\/\/www.eldiario.net\/portal\/wp-json\/wp\/v2\/comments?post=39650"}],"version-history":[{"count":0,"href":"https:\/\/www.eldiario.net\/portal\/wp-json\/wp\/v2\/posts\/39650\/revisions"}],"wp:attachment":[{"href":"https:\/\/www.eldiario.net\/portal\/wp-json\/wp\/v2\/media?parent=39650"}],"wp:term":[{"taxonomy":"category","embeddable":true,"href":"https:\/\/www.eldiario.net\/portal\/wp-json\/wp\/v2\/categories?post=39650"},{"taxonomy":"post_tag","embeddable":true,"href":"https:\/\/www.eldiario.net\/portal\/wp-json\/wp\/v2\/tags?post=39650"}],"curies":[{"name":"wp","href":"https:\/\/api.w.org\/{rel}","templated":true}]}}