{"id":39632,"date":"2021-10-29T04:46:05","date_gmt":"2021-10-29T08:46:05","guid":{"rendered":"https:\/\/www.eldiario.net\/portal\/?p=39632"},"modified":"2021-10-29T04:46:05","modified_gmt":"2021-10-29T08:46:05","slug":"amplian-por-seis-meses-detencion-preventiva-contra-ex-jefes-militares","status":"publish","type":"post","link":"https:\/\/www.eldiario.net\/portal\/2021\/10\/29\/amplian-por-seis-meses-detencion-preventiva-contra-ex-jefes-militares\/","title":{"rendered":"Ampl\u00edan por seis meses detenci\u00f3n  preventiva contra ex jefes militares"},"content":{"rendered":"<p>El juez del Juzgado Segundo Anticorrupci\u00f3n dispuso ayer la detenci\u00f3n preventiva, por seis meses, de los ex jefes militares Jorge Terceros y Gonzalo Jarjury dentro del proceso denominado golpe de Estado II. El abogado Eusebio Vera calific\u00f3 la resoluci\u00f3n como \u201cvergonzosa\u201d porque no pudieron acreditar cu\u00e1les fueron los elementos indiciarios.<br \/>\n\u201cTanto los fiscales como jueces obedecen a un libreto que ya est\u00e1 planificado. Hab\u00eda buscado que se suspenda la audiencia al interponer incidentes y excepciones, el juez no me dio curso, me cort\u00f3 la palabra mediante el sistema y de manera forzada llev\u00f3 la audiencia de medidas cautelares\u201d, dijo Vera a EL DIARIO.<br \/>\nEn este nuevo proceso, los ex jefes militares fueron imputados por los tipos penales de resoluciones contrarias a la Constituci\u00f3n y leyes e incumplimiento de deberes.<br \/>\nEn el incidente planteado por Jarjury refiere que la fiscal Lupe Zabala no cumpli\u00f3 con la formalidad prevista por el art\u00edculo 92 del C\u00f3digo de Procedimiento Penal que refiere que antes de iniciar la declaraci\u00f3n se comunicar\u00e1 el hecho que se le atribuye, con todas las circunstancias de tiempo, lugar y forma de su comisi\u00f3n.<br \/>\n\u201cQuedo muy sorprendido porque son reportes de peri\u00f3dicos, son comunicados de representantes de la Asamblea Legislativa a quienes no conozco, adem\u00e1s quiero se\u00f1alar que el hecho es muy gen\u00e9rico y no se ha llegado a un hecho concreto donde yo he participado, adem\u00e1s no se me ha se\u00f1alado donde he cometido un il\u00edcito y la forma c\u00f3mo he cometido\u2026para concluir la lectura de hechos es el mismo de mi anterior declaraci\u00f3n dentro del caso 5679\u2026 haci\u00e9ndole constar de hechos gen\u00e9ricos, que las supuestas \u2018pruebas\u2019 no ten\u00edan relaci\u00f3n conmigo y que era un hecho similar al anterior caso. Consiguientemente, se concluye que la se\u00f1ora fiscal, quien ten\u00eda la obligaci\u00f3n de comunicarme el hecho con circunstancias de lugar, tiempo y forma de su comisi\u00f3n, as\u00ed como las disposiciones que se juzguen aplicables. No lo hizo, no cumpli\u00f3\u201d, dijo.<br \/>\n\u201cPor consiguiente, mi persona no ten\u00eda ni tiene la obligaci\u00f3n alguna de deducirlo, sino al contrario, es el Ministerio P\u00fablico quien ten\u00eda la obligaci\u00f3n de cumplir con los presupuestos legales conforme al Procedimiento Penal, esos presupuestos tienen que ver principalmente con el principio de certeza y el derecho a la defensa, indic\u00e1ndome de manera clara, sobre los hechos que se me sindica (\u2026)\u201d, se lee en el incidente presentado por Jarjury.<br \/>\nAsimismo, el incidente planteado por el general Jorge Terceros se\u00f1ala: \u201cEl se\u00f1or Fiscal me hizo conocer los antecedentes, exhibi\u00e9ndome en ese momento los antecedentes que cursaban en el cuaderno de investigaciones, pero -reitero- ning\u00fan elemento me vinculaba con los hechos investigados y en el transcurso de la declaraci\u00f3n se hizo alusi\u00f3n y se limita a se\u00f1alar \u2018\u2026y otros miembros de las Fuerzas Armadas\u2026\u2019 (cuando somos m\u00e1s de 50.000 hombres que componemos las FFAA), y no se me describi\u00f3 mi actuaci\u00f3n de manera personal o lo que es lo mismo decir, no se me inform\u00f3 o no se me hizo conocer, si mi persona estuvo acompa\u00f1ando o escoltando a la se\u00f1ora Jeanine A\u00f1ez Ch\u00e1vez, no se me hizo conocer de qu\u00e9 manera mi persona supuestamente traslad\u00f3 a la citada se\u00f1ora; de manera contraria, se hace una descripci\u00f3n de forma gen\u00e9rica, es decir, no se menciona, ni se\u00f1ala mi nombre. En esta parte, no se me menciona como autor de manera directa o indirecta, ni se menciona mi calidad de intervenci\u00f3n en estos hechos, ni la forma en la que supuestamente habr\u00eda intervenido\u201d, se lee en parte del documento.<\/p>\n<figure id=\"attachment_39634\" aria-describedby=\"caption-attachment-39634\" style=\"width: 300px\" class=\"wp-caption aligncenter\"><a href=\"https:\/\/www.eldiario.net\/portal\/wp-content\/uploads\/2021\/10\/VERA.jpg\"><img loading=\"lazy\" decoding=\"async\" class=\"size-medium wp-image-39634\" src=\"https:\/\/www.eldiario.net\/portal\/wp-content\/uploads\/2021\/10\/VERA-300x267.jpg\" alt=\"\" width=\"300\" height=\"267\" srcset=\"https:\/\/www.eldiario.net\/portal\/wp-content\/uploads\/2021\/10\/VERA-300x267.jpg 300w, https:\/\/www.eldiario.net\/portal\/wp-content\/uploads\/2021\/10\/VERA-768x683.jpg 768w, https:\/\/www.eldiario.net\/portal\/wp-content\/uploads\/2021\/10\/VERA-696x619.jpg 696w, https:\/\/www.eldiario.net\/portal\/wp-content\/uploads\/2021\/10\/VERA.jpg 1000w\" sizes=\"auto, (max-width: 300px) 100vw, 300px\" \/><\/a><figcaption id=\"caption-attachment-39634\" class=\"wp-caption-text\">EUSEBIO VERA, ABOGADO.<\/figcaption><\/figure>\n","protected":false},"excerpt":{"rendered":"<p>El juez del Juzgado Segundo Anticorrupci\u00f3n dispuso ayer la detenci\u00f3n preventiva, por seis meses, de los ex jefes militares Jorge Terceros y Gonzalo Jarjury dentro del proceso denominado golpe de Estado II. El abogado Eusebio Vera calific\u00f3 la resoluci\u00f3n como \u201cvergonzosa\u201d porque no pudieron acreditar cu\u00e1les fueron los elementos indiciarios. \u201cTanto los fiscales como jueces [&hellip;]<\/p>\n","protected":false},"author":1,"featured_media":39633,"comment_status":"closed","ping_status":"closed","sticky":false,"template":"","format":"standard","meta":{"_acf_changed":false,"footnotes":""},"categories":[39],"tags":[],"class_list":["post-39632","post","type-post","status-publish","format-standard","has-post-thumbnail","category-sociedad"],"acf":{"antetitulo":""},"yoast_head":"<!-- This site is optimized with the Yoast SEO plugin v28.4 - https:\/\/yoast.com\/product\/yoast-seo-wordpress\/ -->\n<title>Ampl\u00edan por seis meses detenci\u00f3n preventiva contra ex jefes militares - El Diario - Bolivia<\/title>\n<meta name=\"robots\" content=\"index, follow, max-snippet:-1, max-image-preview:large, max-video-preview:-1\" \/>\n<link rel=\"canonical\" href=\"https:\/\/www.eldiario.net\/portal\/2021\/10\/29\/amplian-por-seis-meses-detencion-preventiva-contra-ex-jefes-militares\/\" \/>\n<meta property=\"og:locale\" content=\"es_ES\" \/>\n<meta property=\"og:type\" content=\"article\" \/>\n<meta property=\"og:title\" content=\"Ampl\u00edan por seis meses detenci\u00f3n preventiva contra ex jefes militares - El Diario - Bolivia\" \/>\n<meta property=\"og:description\" content=\"El juez del Juzgado Segundo Anticorrupci\u00f3n dispuso ayer la detenci\u00f3n preventiva, por seis meses, de los ex jefes militares Jorge Terceros y Gonzalo Jarjury dentro del proceso denominado golpe de Estado II. El abogado Eusebio Vera calific\u00f3 la resoluci\u00f3n como \u201cvergonzosa\u201d porque no pudieron acreditar cu\u00e1les fueron los elementos indiciarios. \u201cTanto los fiscales como jueces [&hellip;]\" \/>\n<meta property=\"og:url\" content=\"https:\/\/www.eldiario.net\/portal\/2021\/10\/29\/amplian-por-seis-meses-detencion-preventiva-contra-ex-jefes-militares\/\" \/>\n<meta property=\"og:site_name\" content=\"El Diario - Bolivia\" \/>\n<meta property=\"article:publisher\" content=\"https:\/\/www.facebook.com\/eldiario.bolivia\/\" \/>\n<meta property=\"article:published_time\" content=\"2021-10-29T08:46:05+00:00\" \/>\n<meta name=\"author\" content=\"Jeanette\" \/>\n<meta name=\"twitter:card\" content=\"summary_large_image\" \/>\n<meta name=\"twitter:creator\" content=\"@eldiario_net\" \/>\n<meta name=\"twitter:site\" content=\"@eldiario_net\" \/>\n<meta name=\"twitter:label1\" content=\"Escrito por\" \/>\n\t<meta name=\"twitter:data1\" content=\"Jeanette\" \/>\n\t<meta name=\"twitter:label2\" content=\"Tiempo de lectura\" \/>\n\t<meta name=\"twitter:data2\" content=\"3 minutos\" \/>\n<script type=\"application\/ld+json\" class=\"yoast-schema-graph\">{\"@context\":\"https:\\\/\\\/schema.org\",\"@graph\":[{\"@type\":\"Article\",\"@id\":\"https:\\\/\\\/www.eldiario.net\\\/portal\\\/2021\\\/10\\\/29\\\/amplian-por-seis-meses-detencion-preventiva-contra-ex-jefes-militares\\\/#article\",\"isPartOf\":{\"@id\":\"https:\\\/\\\/www.eldiario.net\\\/portal\\\/2021\\\/10\\\/29\\\/amplian-por-seis-meses-detencion-preventiva-contra-ex-jefes-militares\\\/\"},\"author\":{\"name\":\"Jeanette\",\"@id\":\"https:\\\/\\\/www.eldiario.net\\\/portal\\\/#\\\/schema\\\/person\\\/f46445640444750d7d753ccd04ae01b7\"},\"headline\":\"Ampl\u00edan por seis meses detenci\u00f3n preventiva contra ex jefes militares\",\"datePublished\":\"2021-10-29T08:46:05+00:00\",\"mainEntityOfPage\":{\"@id\":\"https:\\\/\\\/www.eldiario.net\\\/portal\\\/2021\\\/10\\\/29\\\/amplian-por-seis-meses-detencion-preventiva-contra-ex-jefes-militares\\\/\"},\"wordCount\":649,\"publisher\":{\"@id\":\"https:\\\/\\\/www.eldiario.net\\\/portal\\\/#organization\"},\"image\":{\"@id\":\"https:\\\/\\\/www.eldiario.net\\\/portal\\\/2021\\\/10\\\/29\\\/amplian-por-seis-meses-detencion-preventiva-contra-ex-jefes-militares\\\/#primaryimage\"},\"thumbnailUrl\":\"\",\"articleSection\":[\"Sociedad - Seguridad\"],\"inLanguage\":\"es\"},{\"@type\":\"WebPage\",\"@id\":\"https:\\\/\\\/www.eldiario.net\\\/portal\\\/2021\\\/10\\\/29\\\/amplian-por-seis-meses-detencion-preventiva-contra-ex-jefes-militares\\\/\",\"url\":\"https:\\\/\\\/www.eldiario.net\\\/portal\\\/2021\\\/10\\\/29\\\/amplian-por-seis-meses-detencion-preventiva-contra-ex-jefes-militares\\\/\",\"name\":\"Ampl\u00edan por seis meses detenci\u00f3n preventiva contra ex jefes militares - El Diario - Bolivia\",\"isPartOf\":{\"@id\":\"https:\\\/\\\/www.eldiario.net\\\/portal\\\/#website\"},\"primaryImageOfPage\":{\"@id\":\"https:\\\/\\\/www.eldiario.net\\\/portal\\\/2021\\\/10\\\/29\\\/amplian-por-seis-meses-detencion-preventiva-contra-ex-jefes-militares\\\/#primaryimage\"},\"image\":{\"@id\":\"https:\\\/\\\/www.eldiario.net\\\/portal\\\/2021\\\/10\\\/29\\\/amplian-por-seis-meses-detencion-preventiva-contra-ex-jefes-militares\\\/#primaryimage\"},\"thumbnailUrl\":\"\",\"datePublished\":\"2021-10-29T08:46:05+00:00\",\"breadcrumb\":{\"@id\":\"https:\\\/\\\/www.eldiario.net\\\/portal\\\/2021\\\/10\\\/29\\\/amplian-por-seis-meses-detencion-preventiva-contra-ex-jefes-militares\\\/#breadcrumb\"},\"inLanguage\":\"es\",\"potentialAction\":[{\"@type\":\"ReadAction\",\"target\":[\"https:\\\/\\\/www.eldiario.net\\\/portal\\\/2021\\\/10\\\/29\\\/amplian-por-seis-meses-detencion-preventiva-contra-ex-jefes-militares\\\/\"]}]},{\"@type\":\"ImageObject\",\"inLanguage\":\"es\",\"@id\":\"https:\\\/\\\/www.eldiario.net\\\/portal\\\/2021\\\/10\\\/29\\\/amplian-por-seis-meses-detencion-preventiva-contra-ex-jefes-militares\\\/#primaryimage\",\"url\":\"\",\"contentUrl\":\"\"},{\"@type\":\"BreadcrumbList\",\"@id\":\"https:\\\/\\\/www.eldiario.net\\\/portal\\\/2021\\\/10\\\/29\\\/amplian-por-seis-meses-detencion-preventiva-contra-ex-jefes-militares\\\/#breadcrumb\",\"itemListElement\":[{\"@type\":\"ListItem\",\"position\":1,\"name\":\"Portada\",\"item\":\"https:\\\/\\\/www.eldiario.net\\\/portal\\\/\"},{\"@type\":\"ListItem\",\"position\":2,\"name\":\"Ampl\u00edan por seis meses detenci\u00f3n preventiva contra ex jefes militares\"}]},{\"@type\":\"WebSite\",\"@id\":\"https:\\\/\\\/www.eldiario.net\\\/portal\\\/#website\",\"url\":\"https:\\\/\\\/www.eldiario.net\\\/portal\\\/\",\"name\":\"El Diario - Decano de la prensa nacional\",\"description\":\"El Diario - Decano de la prensa nacional\",\"publisher\":{\"@id\":\"https:\\\/\\\/www.eldiario.net\\\/portal\\\/#organization\"},\"potentialAction\":[{\"@type\":\"SearchAction\",\"target\":{\"@type\":\"EntryPoint\",\"urlTemplate\":\"https:\\\/\\\/www.eldiario.net\\\/portal\\\/?s={search_term_string}\"},\"query-input\":{\"@type\":\"PropertyValueSpecification\",\"valueRequired\":true,\"valueName\":\"search_term_string\"}}],\"inLanguage\":\"es\"},{\"@type\":\"Organization\",\"@id\":\"https:\\\/\\\/www.eldiario.net\\\/portal\\\/#organization\",\"name\":\"El Diario - Decano de la prensa nacional\",\"url\":\"https:\\\/\\\/www.eldiario.net\\\/portal\\\/\",\"logo\":{\"@type\":\"ImageObject\",\"inLanguage\":\"es\",\"@id\":\"https:\\\/\\\/www.eldiario.net\\\/portal\\\/#\\\/schema\\\/logo\\\/image\\\/\",\"url\":\"https:\\\/\\\/www.eldiario.net\\\/portal\\\/wp-content\\\/uploads\\\/2023\\\/07\\\/logo_ED.jpg\",\"contentUrl\":\"https:\\\/\\\/www.eldiario.net\\\/portal\\\/wp-content\\\/uploads\\\/2023\\\/07\\\/logo_ED.jpg\",\"width\":272,\"height\":52,\"caption\":\"El Diario - Decano de la prensa nacional\"},\"image\":{\"@id\":\"https:\\\/\\\/www.eldiario.net\\\/portal\\\/#\\\/schema\\\/logo\\\/image\\\/\"},\"sameAs\":[\"https:\\\/\\\/www.facebook.com\\\/eldiario.bolivia\\\/\",\"https:\\\/\\\/x.com\\\/eldiario_net\"]},{\"@type\":\"Person\",\"@id\":\"https:\\\/\\\/www.eldiario.net\\\/portal\\\/#\\\/schema\\\/person\\\/f46445640444750d7d753ccd04ae01b7\",\"name\":\"Jeanette\",\"image\":{\"@type\":\"ImageObject\",\"inLanguage\":\"es\",\"@id\":\"https:\\\/\\\/secure.gravatar.com\\\/avatar\\\/3ea2118a5f7dad2b7138b1187a6b7ee55f160b9968b66013c3a3ef39dd7e5798?s=96&d=mm&r=g\",\"url\":\"https:\\\/\\\/secure.gravatar.com\\\/avatar\\\/3ea2118a5f7dad2b7138b1187a6b7ee55f160b9968b66013c3a3ef39dd7e5798?s=96&d=mm&r=g\",\"contentUrl\":\"https:\\\/\\\/secure.gravatar.com\\\/avatar\\\/3ea2118a5f7dad2b7138b1187a6b7ee55f160b9968b66013c3a3ef39dd7e5798?s=96&d=mm&r=g\",\"caption\":\"Jeanette\"},\"sameAs\":[\"https:\\\/\\\/www.eldiario.net\\\/portal\"],\"url\":\"https:\\\/\\\/www.eldiario.net\\\/portal\\\/author\\\/jeanette\\\/\"}]}<\/script>\n<!-- \/ Yoast SEO plugin. -->","yoast_head_json":{"title":"Ampl\u00edan por seis meses detenci\u00f3n preventiva contra ex jefes militares - El Diario - Bolivia","robots":{"index":"index","follow":"follow","max-snippet":"max-snippet:-1","max-image-preview":"max-image-preview:large","max-video-preview":"max-video-preview:-1"},"canonical":"https:\/\/www.eldiario.net\/portal\/2021\/10\/29\/amplian-por-seis-meses-detencion-preventiva-contra-ex-jefes-militares\/","og_locale":"es_ES","og_type":"article","og_title":"Ampl\u00edan por seis meses detenci\u00f3n preventiva contra ex jefes militares - El Diario - Bolivia","og_description":"El juez del Juzgado Segundo Anticorrupci\u00f3n dispuso ayer la detenci\u00f3n preventiva, por seis meses, de los ex jefes militares Jorge Terceros y Gonzalo Jarjury dentro del proceso denominado golpe de Estado II. El abogado Eusebio Vera calific\u00f3 la resoluci\u00f3n como \u201cvergonzosa\u201d porque no pudieron acreditar cu\u00e1les fueron los elementos indiciarios. \u201cTanto los fiscales como jueces [&hellip;]","og_url":"https:\/\/www.eldiario.net\/portal\/2021\/10\/29\/amplian-por-seis-meses-detencion-preventiva-contra-ex-jefes-militares\/","og_site_name":"El Diario - Bolivia","article_publisher":"https:\/\/www.facebook.com\/eldiario.bolivia\/","article_published_time":"2021-10-29T08:46:05+00:00","author":"Jeanette","twitter_card":"summary_large_image","twitter_creator":"@eldiario_net","twitter_site":"@eldiario_net","twitter_misc":{"Escrito por":"Jeanette","Tiempo de lectura":"3 minutos"},"schema":{"@context":"https:\/\/schema.org","@graph":[{"@type":"Article","@id":"https:\/\/www.eldiario.net\/portal\/2021\/10\/29\/amplian-por-seis-meses-detencion-preventiva-contra-ex-jefes-militares\/#article","isPartOf":{"@id":"https:\/\/www.eldiario.net\/portal\/2021\/10\/29\/amplian-por-seis-meses-detencion-preventiva-contra-ex-jefes-militares\/"},"author":{"name":"Jeanette","@id":"https:\/\/www.eldiario.net\/portal\/#\/schema\/person\/f46445640444750d7d753ccd04ae01b7"},"headline":"Ampl\u00edan por seis meses detenci\u00f3n preventiva contra ex jefes militares","datePublished":"2021-10-29T08:46:05+00:00","mainEntityOfPage":{"@id":"https:\/\/www.eldiario.net\/portal\/2021\/10\/29\/amplian-por-seis-meses-detencion-preventiva-contra-ex-jefes-militares\/"},"wordCount":649,"publisher":{"@id":"https:\/\/www.eldiario.net\/portal\/#organization"},"image":{"@id":"https:\/\/www.eldiario.net\/portal\/2021\/10\/29\/amplian-por-seis-meses-detencion-preventiva-contra-ex-jefes-militares\/#primaryimage"},"thumbnailUrl":"","articleSection":["Sociedad - Seguridad"],"inLanguage":"es"},{"@type":"WebPage","@id":"https:\/\/www.eldiario.net\/portal\/2021\/10\/29\/amplian-por-seis-meses-detencion-preventiva-contra-ex-jefes-militares\/","url":"https:\/\/www.eldiario.net\/portal\/2021\/10\/29\/amplian-por-seis-meses-detencion-preventiva-contra-ex-jefes-militares\/","name":"Ampl\u00edan por seis meses detenci\u00f3n preventiva contra ex jefes militares - El Diario - Bolivia","isPartOf":{"@id":"https:\/\/www.eldiario.net\/portal\/#website"},"primaryImageOfPage":{"@id":"https:\/\/www.eldiario.net\/portal\/2021\/10\/29\/amplian-por-seis-meses-detencion-preventiva-contra-ex-jefes-militares\/#primaryimage"},"image":{"@id":"https:\/\/www.eldiario.net\/portal\/2021\/10\/29\/amplian-por-seis-meses-detencion-preventiva-contra-ex-jefes-militares\/#primaryimage"},"thumbnailUrl":"","datePublished":"2021-10-29T08:46:05+00:00","breadcrumb":{"@id":"https:\/\/www.eldiario.net\/portal\/2021\/10\/29\/amplian-por-seis-meses-detencion-preventiva-contra-ex-jefes-militares\/#breadcrumb"},"inLanguage":"es","potentialAction":[{"@type":"ReadAction","target":["https:\/\/www.eldiario.net\/portal\/2021\/10\/29\/amplian-por-seis-meses-detencion-preventiva-contra-ex-jefes-militares\/"]}]},{"@type":"ImageObject","inLanguage":"es","@id":"https:\/\/www.eldiario.net\/portal\/2021\/10\/29\/amplian-por-seis-meses-detencion-preventiva-contra-ex-jefes-militares\/#primaryimage","url":"","contentUrl":""},{"@type":"BreadcrumbList","@id":"https:\/\/www.eldiario.net\/portal\/2021\/10\/29\/amplian-por-seis-meses-detencion-preventiva-contra-ex-jefes-militares\/#breadcrumb","itemListElement":[{"@type":"ListItem","position":1,"name":"Portada","item":"https:\/\/www.eldiario.net\/portal\/"},{"@type":"ListItem","position":2,"name":"Ampl\u00edan por seis meses detenci\u00f3n preventiva contra ex jefes militares"}]},{"@type":"WebSite","@id":"https:\/\/www.eldiario.net\/portal\/#website","url":"https:\/\/www.eldiario.net\/portal\/","name":"El Diario - Decano de la prensa nacional","description":"El Diario - Decano de la prensa nacional","publisher":{"@id":"https:\/\/www.eldiario.net\/portal\/#organization"},"potentialAction":[{"@type":"SearchAction","target":{"@type":"EntryPoint","urlTemplate":"https:\/\/www.eldiario.net\/portal\/?s={search_term_string}"},"query-input":{"@type":"PropertyValueSpecification","valueRequired":true,"valueName":"search_term_string"}}],"inLanguage":"es"},{"@type":"Organization","@id":"https:\/\/www.eldiario.net\/portal\/#organization","name":"El Diario - Decano de la prensa nacional","url":"https:\/\/www.eldiario.net\/portal\/","logo":{"@type":"ImageObject","inLanguage":"es","@id":"https:\/\/www.eldiario.net\/portal\/#\/schema\/logo\/image\/","url":"https:\/\/www.eldiario.net\/portal\/wp-content\/uploads\/2023\/07\/logo_ED.jpg","contentUrl":"https:\/\/www.eldiario.net\/portal\/wp-content\/uploads\/2023\/07\/logo_ED.jpg","width":272,"height":52,"caption":"El Diario - Decano de la prensa nacional"},"image":{"@id":"https:\/\/www.eldiario.net\/portal\/#\/schema\/logo\/image\/"},"sameAs":["https:\/\/www.facebook.com\/eldiario.bolivia\/","https:\/\/x.com\/eldiario_net"]},{"@type":"Person","@id":"https:\/\/www.eldiario.net\/portal\/#\/schema\/person\/f46445640444750d7d753ccd04ae01b7","name":"Jeanette","image":{"@type":"ImageObject","inLanguage":"es","@id":"https:\/\/secure.gravatar.com\/avatar\/3ea2118a5f7dad2b7138b1187a6b7ee55f160b9968b66013c3a3ef39dd7e5798?s=96&d=mm&r=g","url":"https:\/\/secure.gravatar.com\/avatar\/3ea2118a5f7dad2b7138b1187a6b7ee55f160b9968b66013c3a3ef39dd7e5798?s=96&d=mm&r=g","contentUrl":"https:\/\/secure.gravatar.com\/avatar\/3ea2118a5f7dad2b7138b1187a6b7ee55f160b9968b66013c3a3ef39dd7e5798?s=96&d=mm&r=g","caption":"Jeanette"},"sameAs":["https:\/\/www.eldiario.net\/portal"],"url":"https:\/\/www.eldiario.net\/portal\/author\/jeanette\/"}]}},"_links":{"self":[{"href":"https:\/\/www.eldiario.net\/portal\/wp-json\/wp\/v2\/posts\/39632","targetHints":{"allow":["GET"]}}],"collection":[{"href":"https:\/\/www.eldiario.net\/portal\/wp-json\/wp\/v2\/posts"}],"about":[{"href":"https:\/\/www.eldiario.net\/portal\/wp-json\/wp\/v2\/types\/post"}],"author":[{"embeddable":true,"href":"https:\/\/www.eldiario.net\/portal\/wp-json\/wp\/v2\/users\/1"}],"replies":[{"embeddable":true,"href":"https:\/\/www.eldiario.net\/portal\/wp-json\/wp\/v2\/comments?post=39632"}],"version-history":[{"count":0,"href":"https:\/\/www.eldiario.net\/portal\/wp-json\/wp\/v2\/posts\/39632\/revisions"}],"wp:attachment":[{"href":"https:\/\/www.eldiario.net\/portal\/wp-json\/wp\/v2\/media?parent=39632"}],"wp:term":[{"taxonomy":"category","embeddable":true,"href":"https:\/\/www.eldiario.net\/portal\/wp-json\/wp\/v2\/categories?post=39632"},{"taxonomy":"post_tag","embeddable":true,"href":"https:\/\/www.eldiario.net\/portal\/wp-json\/wp\/v2\/tags?post=39632"}],"curies":[{"name":"wp","href":"https:\/\/api.w.org\/{rel}","templated":true}]}}