{"id":39626,"date":"2021-10-29T04:43:57","date_gmt":"2021-10-29T08:43:57","guid":{"rendered":"https:\/\/www.eldiario.net\/portal\/?p=39626"},"modified":"2021-10-29T04:43:57","modified_gmt":"2021-10-29T08:43:57","slug":"iglesia-es-denunciada-por-impedir-la-interrupcion-de-embarazo-de-menor","status":"publish","type":"post","link":"https:\/\/www.eldiario.net\/portal\/2021\/10\/29\/iglesia-es-denunciada-por-impedir-la-interrupcion-de-embarazo-de-menor\/","title":{"rendered":"Iglesia es denunciada por impedir la interrupci\u00f3n de embarazo de menor"},"content":{"rendered":"<p>La Defensor\u00eda del Pueblo de Santa Cruz formaliz\u00f3 ayer una denuncia penal contra personeros de la Iglesia y un hospital que impidieron la interrupci\u00f3n del embarazo de una ni\u00f1a de 11 a\u00f1os. La denuncia tambi\u00e9n es contra servidores p\u00fablicos de la Defensor\u00eda de la Ni\u00f1ez y Adolescencia (DNA) de Yapacan\u00ed, por incumplimiento de deberes y desobediencia a resoluciones e inconstitucionalidad.<br \/>\nEl delegado defensorial de Santa Cruz, Carlos Lara, calific\u00f3 como una \u201ctortura\u201d que se haya negado la interrupci\u00f3n del embarazo a la menor de edad que fue vejada por el padre de su padrastro.<br \/>\n\u201cHubo presi\u00f3n sobre la ni\u00f1a por parte de instituciones a las que hacemos llegar esta denuncia, para que cambien de opini\u00f3n al primer consentimiento que se ha dado para que se realice. Suspender el tratamiento que ya estaba en curso para una ni\u00f1a generar\u00e1 secuelas, adem\u00e1s, tenemos la figura de tortura, es una menor de 11 a\u00f1os y el proceso de embarazo se considera una tortura\u201d, indic\u00f3 Lara.<br \/>\nEl fin de semana se conoci\u00f3 el caso de la ni\u00f1a de 11 a\u00f1os que result\u00f3 embarazada luego de ser v\u00edctima de violaci\u00f3n por parte de su abuelastro.<br \/>\nYa el martes se inform\u00f3 que la peque\u00f1a tiene una gestaci\u00f3n de 21 semanas y se le inici\u00f3 el procedimiento de interrupci\u00f3n del embarazo, que fue suspendido luego de la intervenci\u00f3n de la Iglesia. (Agencias)<\/p>\n","protected":false},"excerpt":{"rendered":"<p>La Defensor\u00eda del Pueblo de Santa Cruz formaliz\u00f3 ayer una denuncia penal contra personeros de la Iglesia y un hospital que impidieron la interrupci\u00f3n del embarazo de una ni\u00f1a de 11 a\u00f1os. La denuncia tambi\u00e9n es contra servidores p\u00fablicos de la Defensor\u00eda de la Ni\u00f1ez y Adolescencia (DNA) de Yapacan\u00ed, por incumplimiento de deberes y [&hellip;]<\/p>\n","protected":false},"author":1,"featured_media":39627,"comment_status":"closed","ping_status":"closed","sticky":false,"template":"","format":"standard","meta":{"_acf_changed":false,"footnotes":""},"categories":[39],"tags":[],"class_list":["post-39626","post","type-post","status-publish","format-standard","has-post-thumbnail","category-sociedad"],"acf":{"antetitulo":""},"yoast_head":"<!-- This site is optimized with the Yoast SEO plugin v28.4 - https:\/\/yoast.com\/product\/yoast-seo-wordpress\/ -->\n<title>Iglesia es denunciada por impedir la interrupci\u00f3n de embarazo de menor - El Diario - Bolivia<\/title>\n<meta name=\"robots\" content=\"index, follow, max-snippet:-1, max-image-preview:large, max-video-preview:-1\" \/>\n<link rel=\"canonical\" href=\"https:\/\/www.eldiario.net\/portal\/2021\/10\/29\/iglesia-es-denunciada-por-impedir-la-interrupcion-de-embarazo-de-menor\/\" \/>\n<meta property=\"og:locale\" content=\"es_ES\" \/>\n<meta property=\"og:type\" content=\"article\" \/>\n<meta property=\"og:title\" content=\"Iglesia es denunciada por impedir la interrupci\u00f3n de embarazo de menor - El Diario - Bolivia\" \/>\n<meta property=\"og:description\" content=\"La Defensor\u00eda del Pueblo de Santa Cruz formaliz\u00f3 ayer una denuncia penal contra personeros de la Iglesia y un hospital que impidieron la interrupci\u00f3n del embarazo de una ni\u00f1a de 11 a\u00f1os. La denuncia tambi\u00e9n es contra servidores p\u00fablicos de la Defensor\u00eda de la Ni\u00f1ez y Adolescencia (DNA) de Yapacan\u00ed, por incumplimiento de deberes y [&hellip;]\" \/>\n<meta property=\"og:url\" content=\"https:\/\/www.eldiario.net\/portal\/2021\/10\/29\/iglesia-es-denunciada-por-impedir-la-interrupcion-de-embarazo-de-menor\/\" \/>\n<meta property=\"og:site_name\" content=\"El Diario - Bolivia\" \/>\n<meta property=\"article:publisher\" content=\"https:\/\/www.facebook.com\/eldiario.bolivia\/\" \/>\n<meta property=\"article:published_time\" content=\"2021-10-29T08:43:57+00:00\" \/>\n<meta name=\"author\" content=\"Jeanette\" \/>\n<meta name=\"twitter:card\" content=\"summary_large_image\" \/>\n<meta name=\"twitter:creator\" content=\"@eldiario_net\" \/>\n<meta name=\"twitter:site\" content=\"@eldiario_net\" \/>\n<meta name=\"twitter:label1\" content=\"Escrito por\" \/>\n\t<meta name=\"twitter:data1\" content=\"Jeanette\" \/>\n\t<meta name=\"twitter:label2\" content=\"Tiempo de lectura\" \/>\n\t<meta name=\"twitter:data2\" content=\"1 minuto\" \/>\n<script type=\"application\/ld+json\" class=\"yoast-schema-graph\">{\"@context\":\"https:\\\/\\\/schema.org\",\"@graph\":[{\"@type\":\"Article\",\"@id\":\"https:\\\/\\\/www.eldiario.net\\\/portal\\\/2021\\\/10\\\/29\\\/iglesia-es-denunciada-por-impedir-la-interrupcion-de-embarazo-de-menor\\\/#article\",\"isPartOf\":{\"@id\":\"https:\\\/\\\/www.eldiario.net\\\/portal\\\/2021\\\/10\\\/29\\\/iglesia-es-denunciada-por-impedir-la-interrupcion-de-embarazo-de-menor\\\/\"},\"author\":{\"name\":\"Jeanette\",\"@id\":\"https:\\\/\\\/www.eldiario.net\\\/portal\\\/#\\\/schema\\\/person\\\/f46445640444750d7d753ccd04ae01b7\"},\"headline\":\"Iglesia es denunciada por impedir la interrupci\u00f3n de embarazo de menor\",\"datePublished\":\"2021-10-29T08:43:57+00:00\",\"mainEntityOfPage\":{\"@id\":\"https:\\\/\\\/www.eldiario.net\\\/portal\\\/2021\\\/10\\\/29\\\/iglesia-es-denunciada-por-impedir-la-interrupcion-de-embarazo-de-menor\\\/\"},\"wordCount\":256,\"publisher\":{\"@id\":\"https:\\\/\\\/www.eldiario.net\\\/portal\\\/#organization\"},\"image\":{\"@id\":\"https:\\\/\\\/www.eldiario.net\\\/portal\\\/2021\\\/10\\\/29\\\/iglesia-es-denunciada-por-impedir-la-interrupcion-de-embarazo-de-menor\\\/#primaryimage\"},\"thumbnailUrl\":\"\",\"articleSection\":[\"Sociedad - Seguridad\"],\"inLanguage\":\"es\"},{\"@type\":\"WebPage\",\"@id\":\"https:\\\/\\\/www.eldiario.net\\\/portal\\\/2021\\\/10\\\/29\\\/iglesia-es-denunciada-por-impedir-la-interrupcion-de-embarazo-de-menor\\\/\",\"url\":\"https:\\\/\\\/www.eldiario.net\\\/portal\\\/2021\\\/10\\\/29\\\/iglesia-es-denunciada-por-impedir-la-interrupcion-de-embarazo-de-menor\\\/\",\"name\":\"Iglesia es denunciada por impedir la interrupci\u00f3n de embarazo de menor - El Diario - Bolivia\",\"isPartOf\":{\"@id\":\"https:\\\/\\\/www.eldiario.net\\\/portal\\\/#website\"},\"primaryImageOfPage\":{\"@id\":\"https:\\\/\\\/www.eldiario.net\\\/portal\\\/2021\\\/10\\\/29\\\/iglesia-es-denunciada-por-impedir-la-interrupcion-de-embarazo-de-menor\\\/#primaryimage\"},\"image\":{\"@id\":\"https:\\\/\\\/www.eldiario.net\\\/portal\\\/2021\\\/10\\\/29\\\/iglesia-es-denunciada-por-impedir-la-interrupcion-de-embarazo-de-menor\\\/#primaryimage\"},\"thumbnailUrl\":\"\",\"datePublished\":\"2021-10-29T08:43:57+00:00\",\"breadcrumb\":{\"@id\":\"https:\\\/\\\/www.eldiario.net\\\/portal\\\/2021\\\/10\\\/29\\\/iglesia-es-denunciada-por-impedir-la-interrupcion-de-embarazo-de-menor\\\/#breadcrumb\"},\"inLanguage\":\"es\",\"potentialAction\":[{\"@type\":\"ReadAction\",\"target\":[\"https:\\\/\\\/www.eldiario.net\\\/portal\\\/2021\\\/10\\\/29\\\/iglesia-es-denunciada-por-impedir-la-interrupcion-de-embarazo-de-menor\\\/\"]}]},{\"@type\":\"ImageObject\",\"inLanguage\":\"es\",\"@id\":\"https:\\\/\\\/www.eldiario.net\\\/portal\\\/2021\\\/10\\\/29\\\/iglesia-es-denunciada-por-impedir-la-interrupcion-de-embarazo-de-menor\\\/#primaryimage\",\"url\":\"\",\"contentUrl\":\"\"},{\"@type\":\"BreadcrumbList\",\"@id\":\"https:\\\/\\\/www.eldiario.net\\\/portal\\\/2021\\\/10\\\/29\\\/iglesia-es-denunciada-por-impedir-la-interrupcion-de-embarazo-de-menor\\\/#breadcrumb\",\"itemListElement\":[{\"@type\":\"ListItem\",\"position\":1,\"name\":\"Portada\",\"item\":\"https:\\\/\\\/www.eldiario.net\\\/portal\\\/\"},{\"@type\":\"ListItem\",\"position\":2,\"name\":\"Iglesia es denunciada por impedir la interrupci\u00f3n de embarazo de menor\"}]},{\"@type\":\"WebSite\",\"@id\":\"https:\\\/\\\/www.eldiario.net\\\/portal\\\/#website\",\"url\":\"https:\\\/\\\/www.eldiario.net\\\/portal\\\/\",\"name\":\"El Diario - Decano de la prensa nacional\",\"description\":\"El Diario - Decano de la prensa nacional\",\"publisher\":{\"@id\":\"https:\\\/\\\/www.eldiario.net\\\/portal\\\/#organization\"},\"potentialAction\":[{\"@type\":\"SearchAction\",\"target\":{\"@type\":\"EntryPoint\",\"urlTemplate\":\"https:\\\/\\\/www.eldiario.net\\\/portal\\\/?s={search_term_string}\"},\"query-input\":{\"@type\":\"PropertyValueSpecification\",\"valueRequired\":true,\"valueName\":\"search_term_string\"}}],\"inLanguage\":\"es\"},{\"@type\":\"Organization\",\"@id\":\"https:\\\/\\\/www.eldiario.net\\\/portal\\\/#organization\",\"name\":\"El Diario - Decano de la prensa nacional\",\"url\":\"https:\\\/\\\/www.eldiario.net\\\/portal\\\/\",\"logo\":{\"@type\":\"ImageObject\",\"inLanguage\":\"es\",\"@id\":\"https:\\\/\\\/www.eldiario.net\\\/portal\\\/#\\\/schema\\\/logo\\\/image\\\/\",\"url\":\"https:\\\/\\\/www.eldiario.net\\\/portal\\\/wp-content\\\/uploads\\\/2023\\\/07\\\/logo_ED.jpg\",\"contentUrl\":\"https:\\\/\\\/www.eldiario.net\\\/portal\\\/wp-content\\\/uploads\\\/2023\\\/07\\\/logo_ED.jpg\",\"width\":272,\"height\":52,\"caption\":\"El Diario - Decano de la prensa nacional\"},\"image\":{\"@id\":\"https:\\\/\\\/www.eldiario.net\\\/portal\\\/#\\\/schema\\\/logo\\\/image\\\/\"},\"sameAs\":[\"https:\\\/\\\/www.facebook.com\\\/eldiario.bolivia\\\/\",\"https:\\\/\\\/x.com\\\/eldiario_net\"]},{\"@type\":\"Person\",\"@id\":\"https:\\\/\\\/www.eldiario.net\\\/portal\\\/#\\\/schema\\\/person\\\/f46445640444750d7d753ccd04ae01b7\",\"name\":\"Jeanette\",\"image\":{\"@type\":\"ImageObject\",\"inLanguage\":\"es\",\"@id\":\"https:\\\/\\\/secure.gravatar.com\\\/avatar\\\/3ea2118a5f7dad2b7138b1187a6b7ee55f160b9968b66013c3a3ef39dd7e5798?s=96&d=mm&r=g\",\"url\":\"https:\\\/\\\/secure.gravatar.com\\\/avatar\\\/3ea2118a5f7dad2b7138b1187a6b7ee55f160b9968b66013c3a3ef39dd7e5798?s=96&d=mm&r=g\",\"contentUrl\":\"https:\\\/\\\/secure.gravatar.com\\\/avatar\\\/3ea2118a5f7dad2b7138b1187a6b7ee55f160b9968b66013c3a3ef39dd7e5798?s=96&d=mm&r=g\",\"caption\":\"Jeanette\"},\"sameAs\":[\"https:\\\/\\\/www.eldiario.net\\\/portal\"],\"url\":\"https:\\\/\\\/www.eldiario.net\\\/portal\\\/author\\\/jeanette\\\/\"}]}<\/script>\n<!-- \/ Yoast SEO plugin. -->","yoast_head_json":{"title":"Iglesia es denunciada por impedir la interrupci\u00f3n de embarazo de menor - El Diario - Bolivia","robots":{"index":"index","follow":"follow","max-snippet":"max-snippet:-1","max-image-preview":"max-image-preview:large","max-video-preview":"max-video-preview:-1"},"canonical":"https:\/\/www.eldiario.net\/portal\/2021\/10\/29\/iglesia-es-denunciada-por-impedir-la-interrupcion-de-embarazo-de-menor\/","og_locale":"es_ES","og_type":"article","og_title":"Iglesia es denunciada por impedir la interrupci\u00f3n de embarazo de menor - El Diario - Bolivia","og_description":"La Defensor\u00eda del Pueblo de Santa Cruz formaliz\u00f3 ayer una denuncia penal contra personeros de la Iglesia y un hospital que impidieron la interrupci\u00f3n del embarazo de una ni\u00f1a de 11 a\u00f1os. La denuncia tambi\u00e9n es contra servidores p\u00fablicos de la Defensor\u00eda de la Ni\u00f1ez y Adolescencia (DNA) de Yapacan\u00ed, por incumplimiento de deberes y [&hellip;]","og_url":"https:\/\/www.eldiario.net\/portal\/2021\/10\/29\/iglesia-es-denunciada-por-impedir-la-interrupcion-de-embarazo-de-menor\/","og_site_name":"El Diario - Bolivia","article_publisher":"https:\/\/www.facebook.com\/eldiario.bolivia\/","article_published_time":"2021-10-29T08:43:57+00:00","author":"Jeanette","twitter_card":"summary_large_image","twitter_creator":"@eldiario_net","twitter_site":"@eldiario_net","twitter_misc":{"Escrito por":"Jeanette","Tiempo de lectura":"1 minuto"},"schema":{"@context":"https:\/\/schema.org","@graph":[{"@type":"Article","@id":"https:\/\/www.eldiario.net\/portal\/2021\/10\/29\/iglesia-es-denunciada-por-impedir-la-interrupcion-de-embarazo-de-menor\/#article","isPartOf":{"@id":"https:\/\/www.eldiario.net\/portal\/2021\/10\/29\/iglesia-es-denunciada-por-impedir-la-interrupcion-de-embarazo-de-menor\/"},"author":{"name":"Jeanette","@id":"https:\/\/www.eldiario.net\/portal\/#\/schema\/person\/f46445640444750d7d753ccd04ae01b7"},"headline":"Iglesia es denunciada por impedir la interrupci\u00f3n de embarazo de menor","datePublished":"2021-10-29T08:43:57+00:00","mainEntityOfPage":{"@id":"https:\/\/www.eldiario.net\/portal\/2021\/10\/29\/iglesia-es-denunciada-por-impedir-la-interrupcion-de-embarazo-de-menor\/"},"wordCount":256,"publisher":{"@id":"https:\/\/www.eldiario.net\/portal\/#organization"},"image":{"@id":"https:\/\/www.eldiario.net\/portal\/2021\/10\/29\/iglesia-es-denunciada-por-impedir-la-interrupcion-de-embarazo-de-menor\/#primaryimage"},"thumbnailUrl":"","articleSection":["Sociedad - Seguridad"],"inLanguage":"es"},{"@type":"WebPage","@id":"https:\/\/www.eldiario.net\/portal\/2021\/10\/29\/iglesia-es-denunciada-por-impedir-la-interrupcion-de-embarazo-de-menor\/","url":"https:\/\/www.eldiario.net\/portal\/2021\/10\/29\/iglesia-es-denunciada-por-impedir-la-interrupcion-de-embarazo-de-menor\/","name":"Iglesia es denunciada por impedir la interrupci\u00f3n de embarazo de menor - El Diario - Bolivia","isPartOf":{"@id":"https:\/\/www.eldiario.net\/portal\/#website"},"primaryImageOfPage":{"@id":"https:\/\/www.eldiario.net\/portal\/2021\/10\/29\/iglesia-es-denunciada-por-impedir-la-interrupcion-de-embarazo-de-menor\/#primaryimage"},"image":{"@id":"https:\/\/www.eldiario.net\/portal\/2021\/10\/29\/iglesia-es-denunciada-por-impedir-la-interrupcion-de-embarazo-de-menor\/#primaryimage"},"thumbnailUrl":"","datePublished":"2021-10-29T08:43:57+00:00","breadcrumb":{"@id":"https:\/\/www.eldiario.net\/portal\/2021\/10\/29\/iglesia-es-denunciada-por-impedir-la-interrupcion-de-embarazo-de-menor\/#breadcrumb"},"inLanguage":"es","potentialAction":[{"@type":"ReadAction","target":["https:\/\/www.eldiario.net\/portal\/2021\/10\/29\/iglesia-es-denunciada-por-impedir-la-interrupcion-de-embarazo-de-menor\/"]}]},{"@type":"ImageObject","inLanguage":"es","@id":"https:\/\/www.eldiario.net\/portal\/2021\/10\/29\/iglesia-es-denunciada-por-impedir-la-interrupcion-de-embarazo-de-menor\/#primaryimage","url":"","contentUrl":""},{"@type":"BreadcrumbList","@id":"https:\/\/www.eldiario.net\/portal\/2021\/10\/29\/iglesia-es-denunciada-por-impedir-la-interrupcion-de-embarazo-de-menor\/#breadcrumb","itemListElement":[{"@type":"ListItem","position":1,"name":"Portada","item":"https:\/\/www.eldiario.net\/portal\/"},{"@type":"ListItem","position":2,"name":"Iglesia es denunciada por impedir la interrupci\u00f3n de embarazo de menor"}]},{"@type":"WebSite","@id":"https:\/\/www.eldiario.net\/portal\/#website","url":"https:\/\/www.eldiario.net\/portal\/","name":"El Diario - Decano de la prensa nacional","description":"El Diario - Decano de la prensa nacional","publisher":{"@id":"https:\/\/www.eldiario.net\/portal\/#organization"},"potentialAction":[{"@type":"SearchAction","target":{"@type":"EntryPoint","urlTemplate":"https:\/\/www.eldiario.net\/portal\/?s={search_term_string}"},"query-input":{"@type":"PropertyValueSpecification","valueRequired":true,"valueName":"search_term_string"}}],"inLanguage":"es"},{"@type":"Organization","@id":"https:\/\/www.eldiario.net\/portal\/#organization","name":"El Diario - Decano de la prensa nacional","url":"https:\/\/www.eldiario.net\/portal\/","logo":{"@type":"ImageObject","inLanguage":"es","@id":"https:\/\/www.eldiario.net\/portal\/#\/schema\/logo\/image\/","url":"https:\/\/www.eldiario.net\/portal\/wp-content\/uploads\/2023\/07\/logo_ED.jpg","contentUrl":"https:\/\/www.eldiario.net\/portal\/wp-content\/uploads\/2023\/07\/logo_ED.jpg","width":272,"height":52,"caption":"El Diario - Decano de la prensa nacional"},"image":{"@id":"https:\/\/www.eldiario.net\/portal\/#\/schema\/logo\/image\/"},"sameAs":["https:\/\/www.facebook.com\/eldiario.bolivia\/","https:\/\/x.com\/eldiario_net"]},{"@type":"Person","@id":"https:\/\/www.eldiario.net\/portal\/#\/schema\/person\/f46445640444750d7d753ccd04ae01b7","name":"Jeanette","image":{"@type":"ImageObject","inLanguage":"es","@id":"https:\/\/secure.gravatar.com\/avatar\/3ea2118a5f7dad2b7138b1187a6b7ee55f160b9968b66013c3a3ef39dd7e5798?s=96&d=mm&r=g","url":"https:\/\/secure.gravatar.com\/avatar\/3ea2118a5f7dad2b7138b1187a6b7ee55f160b9968b66013c3a3ef39dd7e5798?s=96&d=mm&r=g","contentUrl":"https:\/\/secure.gravatar.com\/avatar\/3ea2118a5f7dad2b7138b1187a6b7ee55f160b9968b66013c3a3ef39dd7e5798?s=96&d=mm&r=g","caption":"Jeanette"},"sameAs":["https:\/\/www.eldiario.net\/portal"],"url":"https:\/\/www.eldiario.net\/portal\/author\/jeanette\/"}]}},"_links":{"self":[{"href":"https:\/\/www.eldiario.net\/portal\/wp-json\/wp\/v2\/posts\/39626","targetHints":{"allow":["GET"]}}],"collection":[{"href":"https:\/\/www.eldiario.net\/portal\/wp-json\/wp\/v2\/posts"}],"about":[{"href":"https:\/\/www.eldiario.net\/portal\/wp-json\/wp\/v2\/types\/post"}],"author":[{"embeddable":true,"href":"https:\/\/www.eldiario.net\/portal\/wp-json\/wp\/v2\/users\/1"}],"replies":[{"embeddable":true,"href":"https:\/\/www.eldiario.net\/portal\/wp-json\/wp\/v2\/comments?post=39626"}],"version-history":[{"count":0,"href":"https:\/\/www.eldiario.net\/portal\/wp-json\/wp\/v2\/posts\/39626\/revisions"}],"wp:attachment":[{"href":"https:\/\/www.eldiario.net\/portal\/wp-json\/wp\/v2\/media?parent=39626"}],"wp:term":[{"taxonomy":"category","embeddable":true,"href":"https:\/\/www.eldiario.net\/portal\/wp-json\/wp\/v2\/categories?post=39626"},{"taxonomy":"post_tag","embeddable":true,"href":"https:\/\/www.eldiario.net\/portal\/wp-json\/wp\/v2\/tags?post=39626"}],"curies":[{"name":"wp","href":"https:\/\/api.w.org\/{rel}","templated":true}]}}