{"id":39621,"date":"2021-10-29T04:41:30","date_gmt":"2021-10-29T08:41:30","guid":{"rendered":"https:\/\/www.eldiario.net\/portal\/?p=39621"},"modified":"2021-10-29T04:41:30","modified_gmt":"2021-10-29T08:41:30","slug":"encarcelan-a-padre-y-tio-imputados-por-violacion","status":"publish","type":"post","link":"https:\/\/www.eldiario.net\/portal\/2021\/10\/29\/encarcelan-a-padre-y-tio-imputados-por-violacion\/","title":{"rendered":"Encarcelan a padre y t\u00edo  imputados por violaci\u00f3n"},"content":{"rendered":"<p>Eduardo M. F. (38) y Celso T. A. (52), quienes presuntamente violaron a su hija y sobrina, respectivamente, de 15 a\u00f1os, y abusaron sexualmente de tres hermanas menores de edad, fueron enviados con detenci\u00f3n preventiva por seis meses.<br \/>\nSeg\u00fan la relaci\u00f3n cronol\u00f3gica de la Polic\u00eda, los abusos sexuales comenzaron en 2017 por parte del t\u00edo abuelo Celso A. a una menor de 15 a\u00f1os, luego, el calvario continu\u00f3 ya que, sobre la base de los testimonios recogidos hasta ahora, en febrero de 2020 el padre de la v\u00edctima tambi\u00e9n abus\u00f3 sexualmente de ella y recientemente se conoci\u00f3 que el t\u00edo abuelo abus\u00f3 a las hermanas de 13 y 11 a\u00f1os.<br \/>\nPor otro lado, la Alcald\u00eda de La Paz inform\u00f3 ayer que la Defensor\u00eda Municipal rescat\u00f3 a las tres menores de edad que sufrieron supuesta agresi\u00f3n sexual por el padre y t\u00edo.<br \/>\n\u201cLo que haremos es proteger a las ni\u00f1as, posterior, dentro de una dos semanas, cuando ellas est\u00e9n estables, las llevaremos a c\u00e1mara Gesell para que den la versi\u00f3n de la hechos, para que no haya concusiones ni alienaci\u00f3n parental por parte la abuela y puedan ocultar los hechos que se hubieran podido dar en ese domicilio\u201d, inform\u00f3 el director de la Defensor\u00eda Municipal, Harry Suaznabar.<br \/>\nEl funcionario municipal asegur\u00f3 que hab\u00eda riesgo para las tres ni\u00f1as en la casa de la abuela porque est\u00e1n en curso dos procesos de investigaci\u00f3n por agresi\u00f3n sexual. \u201cUno por el due\u00f1o de casa donde viv\u00edan y dos, por un t\u00edo de l\u00ednea materna; ellos viven en el lugar por lo que las ni\u00f1as se encontraban en riesgo\u201d, dijo.<br \/>\nLa coordinadora de la plataforma San Antonio, de la Defensor\u00eda Municipal, Rita Paredes, explic\u00f3 que las tres menores estuvieron en casa de la abuela, donde el t\u00edo de l\u00ednea materna cometi\u00f3 las agresiones sexuales y luego con el padre quien es presunto autor de similares delitos.<br \/>\nAgreg\u00f3 que se hicieron valoraciones psicol\u00f3gicas constantes ya que en 2012 fueron v\u00edctimas de supuestos maltratos por parte de la madre, quien el a\u00f1o pasado falleci\u00f3.<br \/>\nSeg\u00fan Paredes, los ex\u00e1menes psicol\u00f3gicos a las menores reflejaban que no hab\u00eda agresiones sexuales sino apego al padre. Dijo que la \u00faltima visita al domicilio del progenitor fue el 25 de octubre y ese d\u00eda les dijo a los funcionarios municipales que sus hijas estaban con la abuela.<br \/>\nEl caso tiene otro antecedente de 2012, porque el padre denunci\u00f3 a la madre por presunto maltrato y violencia; por tal motivo es que el var\u00f3n reclam\u00f3 la tutela de sus hijas.<br \/>\nLos dos varones, presuntos autores de las agresiones sexuales, fueron presentados la ma\u00f1ana de este jueves por la Polic\u00eda Nacional y en el reporte emitido en conferencia de prensa se adelant\u00f3 que hay familiares implicados en una supuesta red de pornograf\u00eda infantil.<\/p>\n","protected":false},"excerpt":{"rendered":"<p>Eduardo M. F. (38) y Celso T. A. (52), quienes presuntamente violaron a su hija y sobrina, respectivamente, de 15 a\u00f1os, y abusaron sexualmente de tres hermanas menores de edad, fueron enviados con detenci\u00f3n preventiva por seis meses. Seg\u00fan la relaci\u00f3n cronol\u00f3gica de la Polic\u00eda, los abusos sexuales comenzaron en 2017 por parte del t\u00edo [&hellip;]<\/p>\n","protected":false},"author":1,"featured_media":0,"comment_status":"closed","ping_status":"closed","sticky":false,"template":"","format":"standard","meta":{"_acf_changed":false,"footnotes":""},"categories":[39],"tags":[],"class_list":["post-39621","post","type-post","status-publish","format-standard","category-sociedad"],"acf":{"antetitulo":""},"yoast_head":"<!-- This site is optimized with the Yoast SEO plugin v28.4 - https:\/\/yoast.com\/product\/yoast-seo-wordpress\/ -->\n<title>Encarcelan a padre y t\u00edo imputados por violaci\u00f3n - El Diario - Bolivia<\/title>\n<meta name=\"robots\" content=\"index, follow, max-snippet:-1, max-image-preview:large, max-video-preview:-1\" \/>\n<link rel=\"canonical\" href=\"https:\/\/www.eldiario.net\/portal\/2021\/10\/29\/encarcelan-a-padre-y-tio-imputados-por-violacion\/\" \/>\n<meta property=\"og:locale\" content=\"es_ES\" \/>\n<meta property=\"og:type\" content=\"article\" \/>\n<meta property=\"og:title\" content=\"Encarcelan a padre y t\u00edo imputados por violaci\u00f3n - El Diario - Bolivia\" \/>\n<meta property=\"og:description\" content=\"Eduardo M. F. (38) y Celso T. A. (52), quienes presuntamente violaron a su hija y sobrina, respectivamente, de 15 a\u00f1os, y abusaron sexualmente de tres hermanas menores de edad, fueron enviados con detenci\u00f3n preventiva por seis meses. Seg\u00fan la relaci\u00f3n cronol\u00f3gica de la Polic\u00eda, los abusos sexuales comenzaron en 2017 por parte del t\u00edo [&hellip;]\" \/>\n<meta property=\"og:url\" content=\"https:\/\/www.eldiario.net\/portal\/2021\/10\/29\/encarcelan-a-padre-y-tio-imputados-por-violacion\/\" \/>\n<meta property=\"og:site_name\" content=\"El Diario - Bolivia\" \/>\n<meta property=\"article:publisher\" content=\"https:\/\/www.facebook.com\/eldiario.bolivia\/\" \/>\n<meta property=\"article:published_time\" content=\"2021-10-29T08:41:30+00:00\" \/>\n<meta name=\"author\" content=\"Jeanette\" \/>\n<meta name=\"twitter:card\" content=\"summary_large_image\" \/>\n<meta name=\"twitter:creator\" content=\"@eldiario_net\" \/>\n<meta name=\"twitter:site\" content=\"@eldiario_net\" \/>\n<meta name=\"twitter:label1\" content=\"Escrito por\" \/>\n\t<meta name=\"twitter:data1\" content=\"Jeanette\" \/>\n\t<meta name=\"twitter:label2\" content=\"Tiempo de lectura\" \/>\n\t<meta name=\"twitter:data2\" content=\"3 minutos\" \/>\n<script type=\"application\/ld+json\" class=\"yoast-schema-graph\">{\"@context\":\"https:\\\/\\\/schema.org\",\"@graph\":[{\"@type\":\"Article\",\"@id\":\"https:\\\/\\\/www.eldiario.net\\\/portal\\\/2021\\\/10\\\/29\\\/encarcelan-a-padre-y-tio-imputados-por-violacion\\\/#article\",\"isPartOf\":{\"@id\":\"https:\\\/\\\/www.eldiario.net\\\/portal\\\/2021\\\/10\\\/29\\\/encarcelan-a-padre-y-tio-imputados-por-violacion\\\/\"},\"author\":{\"name\":\"Jeanette\",\"@id\":\"https:\\\/\\\/www.eldiario.net\\\/portal\\\/#\\\/schema\\\/person\\\/f46445640444750d7d753ccd04ae01b7\"},\"headline\":\"Encarcelan a padre y t\u00edo imputados por violaci\u00f3n\",\"datePublished\":\"2021-10-29T08:41:30+00:00\",\"mainEntityOfPage\":{\"@id\":\"https:\\\/\\\/www.eldiario.net\\\/portal\\\/2021\\\/10\\\/29\\\/encarcelan-a-padre-y-tio-imputados-por-violacion\\\/\"},\"wordCount\":505,\"publisher\":{\"@id\":\"https:\\\/\\\/www.eldiario.net\\\/portal\\\/#organization\"},\"articleSection\":[\"Sociedad - Seguridad\"],\"inLanguage\":\"es\"},{\"@type\":\"WebPage\",\"@id\":\"https:\\\/\\\/www.eldiario.net\\\/portal\\\/2021\\\/10\\\/29\\\/encarcelan-a-padre-y-tio-imputados-por-violacion\\\/\",\"url\":\"https:\\\/\\\/www.eldiario.net\\\/portal\\\/2021\\\/10\\\/29\\\/encarcelan-a-padre-y-tio-imputados-por-violacion\\\/\",\"name\":\"Encarcelan a padre y t\u00edo imputados por violaci\u00f3n - El Diario - Bolivia\",\"isPartOf\":{\"@id\":\"https:\\\/\\\/www.eldiario.net\\\/portal\\\/#website\"},\"datePublished\":\"2021-10-29T08:41:30+00:00\",\"breadcrumb\":{\"@id\":\"https:\\\/\\\/www.eldiario.net\\\/portal\\\/2021\\\/10\\\/29\\\/encarcelan-a-padre-y-tio-imputados-por-violacion\\\/#breadcrumb\"},\"inLanguage\":\"es\",\"potentialAction\":[{\"@type\":\"ReadAction\",\"target\":[\"https:\\\/\\\/www.eldiario.net\\\/portal\\\/2021\\\/10\\\/29\\\/encarcelan-a-padre-y-tio-imputados-por-violacion\\\/\"]}]},{\"@type\":\"BreadcrumbList\",\"@id\":\"https:\\\/\\\/www.eldiario.net\\\/portal\\\/2021\\\/10\\\/29\\\/encarcelan-a-padre-y-tio-imputados-por-violacion\\\/#breadcrumb\",\"itemListElement\":[{\"@type\":\"ListItem\",\"position\":1,\"name\":\"Portada\",\"item\":\"https:\\\/\\\/www.eldiario.net\\\/portal\\\/\"},{\"@type\":\"ListItem\",\"position\":2,\"name\":\"Encarcelan a padre y t\u00edo imputados por violaci\u00f3n\"}]},{\"@type\":\"WebSite\",\"@id\":\"https:\\\/\\\/www.eldiario.net\\\/portal\\\/#website\",\"url\":\"https:\\\/\\\/www.eldiario.net\\\/portal\\\/\",\"name\":\"El Diario - Decano de la prensa nacional\",\"description\":\"El Diario - Decano de la prensa nacional\",\"publisher\":{\"@id\":\"https:\\\/\\\/www.eldiario.net\\\/portal\\\/#organization\"},\"potentialAction\":[{\"@type\":\"SearchAction\",\"target\":{\"@type\":\"EntryPoint\",\"urlTemplate\":\"https:\\\/\\\/www.eldiario.net\\\/portal\\\/?s={search_term_string}\"},\"query-input\":{\"@type\":\"PropertyValueSpecification\",\"valueRequired\":true,\"valueName\":\"search_term_string\"}}],\"inLanguage\":\"es\"},{\"@type\":\"Organization\",\"@id\":\"https:\\\/\\\/www.eldiario.net\\\/portal\\\/#organization\",\"name\":\"El Diario - Decano de la prensa nacional\",\"url\":\"https:\\\/\\\/www.eldiario.net\\\/portal\\\/\",\"logo\":{\"@type\":\"ImageObject\",\"inLanguage\":\"es\",\"@id\":\"https:\\\/\\\/www.eldiario.net\\\/portal\\\/#\\\/schema\\\/logo\\\/image\\\/\",\"url\":\"https:\\\/\\\/www.eldiario.net\\\/portal\\\/wp-content\\\/uploads\\\/2023\\\/07\\\/logo_ED.jpg\",\"contentUrl\":\"https:\\\/\\\/www.eldiario.net\\\/portal\\\/wp-content\\\/uploads\\\/2023\\\/07\\\/logo_ED.jpg\",\"width\":272,\"height\":52,\"caption\":\"El Diario - Decano de la prensa nacional\"},\"image\":{\"@id\":\"https:\\\/\\\/www.eldiario.net\\\/portal\\\/#\\\/schema\\\/logo\\\/image\\\/\"},\"sameAs\":[\"https:\\\/\\\/www.facebook.com\\\/eldiario.bolivia\\\/\",\"https:\\\/\\\/x.com\\\/eldiario_net\"]},{\"@type\":\"Person\",\"@id\":\"https:\\\/\\\/www.eldiario.net\\\/portal\\\/#\\\/schema\\\/person\\\/f46445640444750d7d753ccd04ae01b7\",\"name\":\"Jeanette\",\"image\":{\"@type\":\"ImageObject\",\"inLanguage\":\"es\",\"@id\":\"https:\\\/\\\/secure.gravatar.com\\\/avatar\\\/3ea2118a5f7dad2b7138b1187a6b7ee55f160b9968b66013c3a3ef39dd7e5798?s=96&d=mm&r=g\",\"url\":\"https:\\\/\\\/secure.gravatar.com\\\/avatar\\\/3ea2118a5f7dad2b7138b1187a6b7ee55f160b9968b66013c3a3ef39dd7e5798?s=96&d=mm&r=g\",\"contentUrl\":\"https:\\\/\\\/secure.gravatar.com\\\/avatar\\\/3ea2118a5f7dad2b7138b1187a6b7ee55f160b9968b66013c3a3ef39dd7e5798?s=96&d=mm&r=g\",\"caption\":\"Jeanette\"},\"sameAs\":[\"https:\\\/\\\/www.eldiario.net\\\/portal\"],\"url\":\"https:\\\/\\\/www.eldiario.net\\\/portal\\\/author\\\/jeanette\\\/\"}]}<\/script>\n<!-- \/ Yoast SEO plugin. -->","yoast_head_json":{"title":"Encarcelan a padre y t\u00edo imputados por violaci\u00f3n - El Diario - Bolivia","robots":{"index":"index","follow":"follow","max-snippet":"max-snippet:-1","max-image-preview":"max-image-preview:large","max-video-preview":"max-video-preview:-1"},"canonical":"https:\/\/www.eldiario.net\/portal\/2021\/10\/29\/encarcelan-a-padre-y-tio-imputados-por-violacion\/","og_locale":"es_ES","og_type":"article","og_title":"Encarcelan a padre y t\u00edo imputados por violaci\u00f3n - El Diario - Bolivia","og_description":"Eduardo M. F. (38) y Celso T. A. (52), quienes presuntamente violaron a su hija y sobrina, respectivamente, de 15 a\u00f1os, y abusaron sexualmente de tres hermanas menores de edad, fueron enviados con detenci\u00f3n preventiva por seis meses. Seg\u00fan la relaci\u00f3n cronol\u00f3gica de la Polic\u00eda, los abusos sexuales comenzaron en 2017 por parte del t\u00edo [&hellip;]","og_url":"https:\/\/www.eldiario.net\/portal\/2021\/10\/29\/encarcelan-a-padre-y-tio-imputados-por-violacion\/","og_site_name":"El Diario - Bolivia","article_publisher":"https:\/\/www.facebook.com\/eldiario.bolivia\/","article_published_time":"2021-10-29T08:41:30+00:00","author":"Jeanette","twitter_card":"summary_large_image","twitter_creator":"@eldiario_net","twitter_site":"@eldiario_net","twitter_misc":{"Escrito por":"Jeanette","Tiempo de lectura":"3 minutos"},"schema":{"@context":"https:\/\/schema.org","@graph":[{"@type":"Article","@id":"https:\/\/www.eldiario.net\/portal\/2021\/10\/29\/encarcelan-a-padre-y-tio-imputados-por-violacion\/#article","isPartOf":{"@id":"https:\/\/www.eldiario.net\/portal\/2021\/10\/29\/encarcelan-a-padre-y-tio-imputados-por-violacion\/"},"author":{"name":"Jeanette","@id":"https:\/\/www.eldiario.net\/portal\/#\/schema\/person\/f46445640444750d7d753ccd04ae01b7"},"headline":"Encarcelan a padre y t\u00edo imputados por violaci\u00f3n","datePublished":"2021-10-29T08:41:30+00:00","mainEntityOfPage":{"@id":"https:\/\/www.eldiario.net\/portal\/2021\/10\/29\/encarcelan-a-padre-y-tio-imputados-por-violacion\/"},"wordCount":505,"publisher":{"@id":"https:\/\/www.eldiario.net\/portal\/#organization"},"articleSection":["Sociedad - Seguridad"],"inLanguage":"es"},{"@type":"WebPage","@id":"https:\/\/www.eldiario.net\/portal\/2021\/10\/29\/encarcelan-a-padre-y-tio-imputados-por-violacion\/","url":"https:\/\/www.eldiario.net\/portal\/2021\/10\/29\/encarcelan-a-padre-y-tio-imputados-por-violacion\/","name":"Encarcelan a padre y t\u00edo imputados por violaci\u00f3n - El Diario - Bolivia","isPartOf":{"@id":"https:\/\/www.eldiario.net\/portal\/#website"},"datePublished":"2021-10-29T08:41:30+00:00","breadcrumb":{"@id":"https:\/\/www.eldiario.net\/portal\/2021\/10\/29\/encarcelan-a-padre-y-tio-imputados-por-violacion\/#breadcrumb"},"inLanguage":"es","potentialAction":[{"@type":"ReadAction","target":["https:\/\/www.eldiario.net\/portal\/2021\/10\/29\/encarcelan-a-padre-y-tio-imputados-por-violacion\/"]}]},{"@type":"BreadcrumbList","@id":"https:\/\/www.eldiario.net\/portal\/2021\/10\/29\/encarcelan-a-padre-y-tio-imputados-por-violacion\/#breadcrumb","itemListElement":[{"@type":"ListItem","position":1,"name":"Portada","item":"https:\/\/www.eldiario.net\/portal\/"},{"@type":"ListItem","position":2,"name":"Encarcelan a padre y t\u00edo imputados por violaci\u00f3n"}]},{"@type":"WebSite","@id":"https:\/\/www.eldiario.net\/portal\/#website","url":"https:\/\/www.eldiario.net\/portal\/","name":"El Diario - Decano de la prensa nacional","description":"El Diario - Decano de la prensa nacional","publisher":{"@id":"https:\/\/www.eldiario.net\/portal\/#organization"},"potentialAction":[{"@type":"SearchAction","target":{"@type":"EntryPoint","urlTemplate":"https:\/\/www.eldiario.net\/portal\/?s={search_term_string}"},"query-input":{"@type":"PropertyValueSpecification","valueRequired":true,"valueName":"search_term_string"}}],"inLanguage":"es"},{"@type":"Organization","@id":"https:\/\/www.eldiario.net\/portal\/#organization","name":"El Diario - Decano de la prensa nacional","url":"https:\/\/www.eldiario.net\/portal\/","logo":{"@type":"ImageObject","inLanguage":"es","@id":"https:\/\/www.eldiario.net\/portal\/#\/schema\/logo\/image\/","url":"https:\/\/www.eldiario.net\/portal\/wp-content\/uploads\/2023\/07\/logo_ED.jpg","contentUrl":"https:\/\/www.eldiario.net\/portal\/wp-content\/uploads\/2023\/07\/logo_ED.jpg","width":272,"height":52,"caption":"El Diario - Decano de la prensa nacional"},"image":{"@id":"https:\/\/www.eldiario.net\/portal\/#\/schema\/logo\/image\/"},"sameAs":["https:\/\/www.facebook.com\/eldiario.bolivia\/","https:\/\/x.com\/eldiario_net"]},{"@type":"Person","@id":"https:\/\/www.eldiario.net\/portal\/#\/schema\/person\/f46445640444750d7d753ccd04ae01b7","name":"Jeanette","image":{"@type":"ImageObject","inLanguage":"es","@id":"https:\/\/secure.gravatar.com\/avatar\/3ea2118a5f7dad2b7138b1187a6b7ee55f160b9968b66013c3a3ef39dd7e5798?s=96&d=mm&r=g","url":"https:\/\/secure.gravatar.com\/avatar\/3ea2118a5f7dad2b7138b1187a6b7ee55f160b9968b66013c3a3ef39dd7e5798?s=96&d=mm&r=g","contentUrl":"https:\/\/secure.gravatar.com\/avatar\/3ea2118a5f7dad2b7138b1187a6b7ee55f160b9968b66013c3a3ef39dd7e5798?s=96&d=mm&r=g","caption":"Jeanette"},"sameAs":["https:\/\/www.eldiario.net\/portal"],"url":"https:\/\/www.eldiario.net\/portal\/author\/jeanette\/"}]}},"_links":{"self":[{"href":"https:\/\/www.eldiario.net\/portal\/wp-json\/wp\/v2\/posts\/39621","targetHints":{"allow":["GET"]}}],"collection":[{"href":"https:\/\/www.eldiario.net\/portal\/wp-json\/wp\/v2\/posts"}],"about":[{"href":"https:\/\/www.eldiario.net\/portal\/wp-json\/wp\/v2\/types\/post"}],"author":[{"embeddable":true,"href":"https:\/\/www.eldiario.net\/portal\/wp-json\/wp\/v2\/users\/1"}],"replies":[{"embeddable":true,"href":"https:\/\/www.eldiario.net\/portal\/wp-json\/wp\/v2\/comments?post=39621"}],"version-history":[{"count":0,"href":"https:\/\/www.eldiario.net\/portal\/wp-json\/wp\/v2\/posts\/39621\/revisions"}],"wp:attachment":[{"href":"https:\/\/www.eldiario.net\/portal\/wp-json\/wp\/v2\/media?parent=39621"}],"wp:term":[{"taxonomy":"category","embeddable":true,"href":"https:\/\/www.eldiario.net\/portal\/wp-json\/wp\/v2\/categories?post=39621"},{"taxonomy":"post_tag","embeddable":true,"href":"https:\/\/www.eldiario.net\/portal\/wp-json\/wp\/v2\/tags?post=39621"}],"curies":[{"name":"wp","href":"https:\/\/api.w.org\/{rel}","templated":true}]}}