{"id":39612,"date":"2021-10-29T04:36:39","date_gmt":"2021-10-29T08:36:39","guid":{"rendered":"https:\/\/www.eldiario.net\/portal\/?p=39612"},"modified":"2021-10-29T04:36:39","modified_gmt":"2021-10-29T08:36:39","slug":"hombres-armados-saquean-tribunal-judicial-de-haiti","status":"publish","type":"post","link":"https:\/\/www.eldiario.net\/portal\/2021\/10\/29\/hombres-armados-saquean-tribunal-judicial-de-haiti\/","title":{"rendered":"Hombres armados saquean Tribunal Judicial de Hait\u00ed"},"content":{"rendered":"<p>Puerto Pr\u00edncipe.- La oficina del Tribunal de Primera Instancia de Puerto Pr\u00edncipe en la que se est\u00e1 investigando el magnicidio del presidente haitiano, Jovenel Mo\u00efse, fue asaltada y saqueada ayer por un grupo de hombres armados no identificados.<br \/>\nAdem\u00e1s de su despacho, el juez de instrucci\u00f3n encargado de investigar el asesinato de Mo\u00efse, Gary Or\u00e9lien, tambi\u00e9n fue v\u00edctima hace unos d\u00edas de una emboscada a su veh\u00edculo por parte de hombres armados, informa el portal de noticias haitiano Rezo Nodwes.<br \/>\nSe trata de la segunda en apenas una semana que el tribunal es objeto de un ataque de estas caracter\u00edsticas. En la noche del pasado mi\u00e9rcoles, ya fue tambi\u00e9n asaltada las oficinas que se encargan de investigar el asesinato del presidente del Colegio de Abogados de Puerto Pr\u00edncipe, Monferrier Dorval.<br \/>\nLa noticia ha sido confirmada por el decano del tribunal, Bernard Saint Vil, aunque no se han dado detalles acerca del contenido ni del material sustra\u00eddo. Un incidente, que seg\u00fan las autoridades, se producen con bastante asiduidad, por lo que temen que retrase a un m\u00e1s un caso por el que ya han sido detenidos 40 personas, entre ellas 18 mercenarios colombianos.<br \/>\nLa semana pasada, las autoridades de Jamaica confirmaron el arresto de quien es considerado principal autor material de la muerte de Moise, Marco Antonio Palacios, antiguo militar colombiano, cuya extradici\u00f3n ya ha sido solicitada por Hait\u00ed.<br \/>\nEl d\u00e9bil Gobierno haitiano se encuentra en estos momentos no solo intentando arrojar m\u00e1s luz a la muerte de Moise, sino tambi\u00e9n a una en\u00e9sima crisis de seguridad, que est\u00e1 afectando al suministro de energ\u00eda, despu\u00e9s de que las pandillas hayan asaltado las principales instalaciones de combustible mientras condicionan levantar el bloqueo a la dimisi\u00f3n del primer ministro, Ariel Henry. (Europa Press)<\/p>\n","protected":false},"excerpt":{"rendered":"<p>Puerto Pr\u00edncipe.- La oficina del Tribunal de Primera Instancia de Puerto Pr\u00edncipe en la que se est\u00e1 investigando el magnicidio del presidente haitiano, Jovenel Mo\u00efse, fue asaltada y saqueada ayer por un grupo de hombres armados no identificados. Adem\u00e1s de su despacho, el juez de instrucci\u00f3n encargado de investigar el asesinato de Mo\u00efse, Gary Or\u00e9lien, [&hellip;]<\/p>\n","protected":false},"author":1,"featured_media":39613,"comment_status":"closed","ping_status":"closed","sticky":false,"template":"","format":"standard","meta":{"_acf_changed":false,"footnotes":""},"categories":[3],"tags":[],"class_list":["post-39612","post","type-post","status-publish","format-standard","has-post-thumbnail","category-internacional"],"acf":{"antetitulo":""},"yoast_head":"<!-- This site is optimized with the Yoast SEO plugin v28.4 - https:\/\/yoast.com\/product\/yoast-seo-wordpress\/ -->\n<title>Hombres armados saquean Tribunal Judicial de Hait\u00ed - El Diario - Bolivia<\/title>\n<meta name=\"robots\" content=\"index, follow, max-snippet:-1, max-image-preview:large, max-video-preview:-1\" \/>\n<link rel=\"canonical\" href=\"https:\/\/www.eldiario.net\/portal\/2021\/10\/29\/hombres-armados-saquean-tribunal-judicial-de-haiti\/\" \/>\n<meta property=\"og:locale\" content=\"es_ES\" \/>\n<meta property=\"og:type\" content=\"article\" \/>\n<meta property=\"og:title\" content=\"Hombres armados saquean Tribunal Judicial de Hait\u00ed - El Diario - Bolivia\" \/>\n<meta property=\"og:description\" content=\"Puerto Pr\u00edncipe.- La oficina del Tribunal de Primera Instancia de Puerto Pr\u00edncipe en la que se est\u00e1 investigando el magnicidio del presidente haitiano, Jovenel Mo\u00efse, fue asaltada y saqueada ayer por un grupo de hombres armados no identificados. Adem\u00e1s de su despacho, el juez de instrucci\u00f3n encargado de investigar el asesinato de Mo\u00efse, Gary Or\u00e9lien, [&hellip;]\" \/>\n<meta property=\"og:url\" content=\"https:\/\/www.eldiario.net\/portal\/2021\/10\/29\/hombres-armados-saquean-tribunal-judicial-de-haiti\/\" \/>\n<meta property=\"og:site_name\" content=\"El Diario - Bolivia\" \/>\n<meta property=\"article:publisher\" content=\"https:\/\/www.facebook.com\/eldiario.bolivia\/\" \/>\n<meta property=\"article:published_time\" content=\"2021-10-29T08:36:39+00:00\" \/>\n<meta name=\"author\" content=\"Jeanette\" \/>\n<meta name=\"twitter:card\" content=\"summary_large_image\" \/>\n<meta name=\"twitter:creator\" content=\"@eldiario_net\" \/>\n<meta name=\"twitter:site\" content=\"@eldiario_net\" \/>\n<meta name=\"twitter:label1\" content=\"Escrito por\" \/>\n\t<meta name=\"twitter:data1\" content=\"Jeanette\" \/>\n\t<meta name=\"twitter:label2\" content=\"Tiempo de lectura\" \/>\n\t<meta name=\"twitter:data2\" content=\"2 minutos\" \/>\n<script type=\"application\/ld+json\" class=\"yoast-schema-graph\">{\"@context\":\"https:\\\/\\\/schema.org\",\"@graph\":[{\"@type\":\"Article\",\"@id\":\"https:\\\/\\\/www.eldiario.net\\\/portal\\\/2021\\\/10\\\/29\\\/hombres-armados-saquean-tribunal-judicial-de-haiti\\\/#article\",\"isPartOf\":{\"@id\":\"https:\\\/\\\/www.eldiario.net\\\/portal\\\/2021\\\/10\\\/29\\\/hombres-armados-saquean-tribunal-judicial-de-haiti\\\/\"},\"author\":{\"name\":\"Jeanette\",\"@id\":\"https:\\\/\\\/www.eldiario.net\\\/portal\\\/#\\\/schema\\\/person\\\/f46445640444750d7d753ccd04ae01b7\"},\"headline\":\"Hombres armados saquean Tribunal Judicial de Hait\u00ed\",\"datePublished\":\"2021-10-29T08:36:39+00:00\",\"mainEntityOfPage\":{\"@id\":\"https:\\\/\\\/www.eldiario.net\\\/portal\\\/2021\\\/10\\\/29\\\/hombres-armados-saquean-tribunal-judicial-de-haiti\\\/\"},\"wordCount\":322,\"publisher\":{\"@id\":\"https:\\\/\\\/www.eldiario.net\\\/portal\\\/#organization\"},\"image\":{\"@id\":\"https:\\\/\\\/www.eldiario.net\\\/portal\\\/2021\\\/10\\\/29\\\/hombres-armados-saquean-tribunal-judicial-de-haiti\\\/#primaryimage\"},\"thumbnailUrl\":\"\",\"articleSection\":[\"Internacional\"],\"inLanguage\":\"es\"},{\"@type\":\"WebPage\",\"@id\":\"https:\\\/\\\/www.eldiario.net\\\/portal\\\/2021\\\/10\\\/29\\\/hombres-armados-saquean-tribunal-judicial-de-haiti\\\/\",\"url\":\"https:\\\/\\\/www.eldiario.net\\\/portal\\\/2021\\\/10\\\/29\\\/hombres-armados-saquean-tribunal-judicial-de-haiti\\\/\",\"name\":\"Hombres armados saquean Tribunal Judicial de Hait\u00ed - El Diario - Bolivia\",\"isPartOf\":{\"@id\":\"https:\\\/\\\/www.eldiario.net\\\/portal\\\/#website\"},\"primaryImageOfPage\":{\"@id\":\"https:\\\/\\\/www.eldiario.net\\\/portal\\\/2021\\\/10\\\/29\\\/hombres-armados-saquean-tribunal-judicial-de-haiti\\\/#primaryimage\"},\"image\":{\"@id\":\"https:\\\/\\\/www.eldiario.net\\\/portal\\\/2021\\\/10\\\/29\\\/hombres-armados-saquean-tribunal-judicial-de-haiti\\\/#primaryimage\"},\"thumbnailUrl\":\"\",\"datePublished\":\"2021-10-29T08:36:39+00:00\",\"breadcrumb\":{\"@id\":\"https:\\\/\\\/www.eldiario.net\\\/portal\\\/2021\\\/10\\\/29\\\/hombres-armados-saquean-tribunal-judicial-de-haiti\\\/#breadcrumb\"},\"inLanguage\":\"es\",\"potentialAction\":[{\"@type\":\"ReadAction\",\"target\":[\"https:\\\/\\\/www.eldiario.net\\\/portal\\\/2021\\\/10\\\/29\\\/hombres-armados-saquean-tribunal-judicial-de-haiti\\\/\"]}]},{\"@type\":\"ImageObject\",\"inLanguage\":\"es\",\"@id\":\"https:\\\/\\\/www.eldiario.net\\\/portal\\\/2021\\\/10\\\/29\\\/hombres-armados-saquean-tribunal-judicial-de-haiti\\\/#primaryimage\",\"url\":\"\",\"contentUrl\":\"\"},{\"@type\":\"BreadcrumbList\",\"@id\":\"https:\\\/\\\/www.eldiario.net\\\/portal\\\/2021\\\/10\\\/29\\\/hombres-armados-saquean-tribunal-judicial-de-haiti\\\/#breadcrumb\",\"itemListElement\":[{\"@type\":\"ListItem\",\"position\":1,\"name\":\"Portada\",\"item\":\"https:\\\/\\\/www.eldiario.net\\\/portal\\\/\"},{\"@type\":\"ListItem\",\"position\":2,\"name\":\"Hombres armados saquean Tribunal Judicial de Hait\u00ed\"}]},{\"@type\":\"WebSite\",\"@id\":\"https:\\\/\\\/www.eldiario.net\\\/portal\\\/#website\",\"url\":\"https:\\\/\\\/www.eldiario.net\\\/portal\\\/\",\"name\":\"El Diario - Decano de la prensa nacional\",\"description\":\"El Diario - Decano de la prensa nacional\",\"publisher\":{\"@id\":\"https:\\\/\\\/www.eldiario.net\\\/portal\\\/#organization\"},\"potentialAction\":[{\"@type\":\"SearchAction\",\"target\":{\"@type\":\"EntryPoint\",\"urlTemplate\":\"https:\\\/\\\/www.eldiario.net\\\/portal\\\/?s={search_term_string}\"},\"query-input\":{\"@type\":\"PropertyValueSpecification\",\"valueRequired\":true,\"valueName\":\"search_term_string\"}}],\"inLanguage\":\"es\"},{\"@type\":\"Organization\",\"@id\":\"https:\\\/\\\/www.eldiario.net\\\/portal\\\/#organization\",\"name\":\"El Diario - Decano de la prensa nacional\",\"url\":\"https:\\\/\\\/www.eldiario.net\\\/portal\\\/\",\"logo\":{\"@type\":\"ImageObject\",\"inLanguage\":\"es\",\"@id\":\"https:\\\/\\\/www.eldiario.net\\\/portal\\\/#\\\/schema\\\/logo\\\/image\\\/\",\"url\":\"https:\\\/\\\/www.eldiario.net\\\/portal\\\/wp-content\\\/uploads\\\/2023\\\/07\\\/logo_ED.jpg\",\"contentUrl\":\"https:\\\/\\\/www.eldiario.net\\\/portal\\\/wp-content\\\/uploads\\\/2023\\\/07\\\/logo_ED.jpg\",\"width\":272,\"height\":52,\"caption\":\"El Diario - Decano de la prensa nacional\"},\"image\":{\"@id\":\"https:\\\/\\\/www.eldiario.net\\\/portal\\\/#\\\/schema\\\/logo\\\/image\\\/\"},\"sameAs\":[\"https:\\\/\\\/www.facebook.com\\\/eldiario.bolivia\\\/\",\"https:\\\/\\\/x.com\\\/eldiario_net\"]},{\"@type\":\"Person\",\"@id\":\"https:\\\/\\\/www.eldiario.net\\\/portal\\\/#\\\/schema\\\/person\\\/f46445640444750d7d753ccd04ae01b7\",\"name\":\"Jeanette\",\"image\":{\"@type\":\"ImageObject\",\"inLanguage\":\"es\",\"@id\":\"https:\\\/\\\/secure.gravatar.com\\\/avatar\\\/3ea2118a5f7dad2b7138b1187a6b7ee55f160b9968b66013c3a3ef39dd7e5798?s=96&d=mm&r=g\",\"url\":\"https:\\\/\\\/secure.gravatar.com\\\/avatar\\\/3ea2118a5f7dad2b7138b1187a6b7ee55f160b9968b66013c3a3ef39dd7e5798?s=96&d=mm&r=g\",\"contentUrl\":\"https:\\\/\\\/secure.gravatar.com\\\/avatar\\\/3ea2118a5f7dad2b7138b1187a6b7ee55f160b9968b66013c3a3ef39dd7e5798?s=96&d=mm&r=g\",\"caption\":\"Jeanette\"},\"sameAs\":[\"https:\\\/\\\/www.eldiario.net\\\/portal\"],\"url\":\"https:\\\/\\\/www.eldiario.net\\\/portal\\\/author\\\/jeanette\\\/\"}]}<\/script>\n<!-- \/ Yoast SEO plugin. -->","yoast_head_json":{"title":"Hombres armados saquean Tribunal Judicial de Hait\u00ed - El Diario - Bolivia","robots":{"index":"index","follow":"follow","max-snippet":"max-snippet:-1","max-image-preview":"max-image-preview:large","max-video-preview":"max-video-preview:-1"},"canonical":"https:\/\/www.eldiario.net\/portal\/2021\/10\/29\/hombres-armados-saquean-tribunal-judicial-de-haiti\/","og_locale":"es_ES","og_type":"article","og_title":"Hombres armados saquean Tribunal Judicial de Hait\u00ed - El Diario - Bolivia","og_description":"Puerto Pr\u00edncipe.- La oficina del Tribunal de Primera Instancia de Puerto Pr\u00edncipe en la que se est\u00e1 investigando el magnicidio del presidente haitiano, Jovenel Mo\u00efse, fue asaltada y saqueada ayer por un grupo de hombres armados no identificados. Adem\u00e1s de su despacho, el juez de instrucci\u00f3n encargado de investigar el asesinato de Mo\u00efse, Gary Or\u00e9lien, [&hellip;]","og_url":"https:\/\/www.eldiario.net\/portal\/2021\/10\/29\/hombres-armados-saquean-tribunal-judicial-de-haiti\/","og_site_name":"El Diario - Bolivia","article_publisher":"https:\/\/www.facebook.com\/eldiario.bolivia\/","article_published_time":"2021-10-29T08:36:39+00:00","author":"Jeanette","twitter_card":"summary_large_image","twitter_creator":"@eldiario_net","twitter_site":"@eldiario_net","twitter_misc":{"Escrito por":"Jeanette","Tiempo de lectura":"2 minutos"},"schema":{"@context":"https:\/\/schema.org","@graph":[{"@type":"Article","@id":"https:\/\/www.eldiario.net\/portal\/2021\/10\/29\/hombres-armados-saquean-tribunal-judicial-de-haiti\/#article","isPartOf":{"@id":"https:\/\/www.eldiario.net\/portal\/2021\/10\/29\/hombres-armados-saquean-tribunal-judicial-de-haiti\/"},"author":{"name":"Jeanette","@id":"https:\/\/www.eldiario.net\/portal\/#\/schema\/person\/f46445640444750d7d753ccd04ae01b7"},"headline":"Hombres armados saquean Tribunal Judicial de Hait\u00ed","datePublished":"2021-10-29T08:36:39+00:00","mainEntityOfPage":{"@id":"https:\/\/www.eldiario.net\/portal\/2021\/10\/29\/hombres-armados-saquean-tribunal-judicial-de-haiti\/"},"wordCount":322,"publisher":{"@id":"https:\/\/www.eldiario.net\/portal\/#organization"},"image":{"@id":"https:\/\/www.eldiario.net\/portal\/2021\/10\/29\/hombres-armados-saquean-tribunal-judicial-de-haiti\/#primaryimage"},"thumbnailUrl":"","articleSection":["Internacional"],"inLanguage":"es"},{"@type":"WebPage","@id":"https:\/\/www.eldiario.net\/portal\/2021\/10\/29\/hombres-armados-saquean-tribunal-judicial-de-haiti\/","url":"https:\/\/www.eldiario.net\/portal\/2021\/10\/29\/hombres-armados-saquean-tribunal-judicial-de-haiti\/","name":"Hombres armados saquean Tribunal Judicial de Hait\u00ed - El Diario - Bolivia","isPartOf":{"@id":"https:\/\/www.eldiario.net\/portal\/#website"},"primaryImageOfPage":{"@id":"https:\/\/www.eldiario.net\/portal\/2021\/10\/29\/hombres-armados-saquean-tribunal-judicial-de-haiti\/#primaryimage"},"image":{"@id":"https:\/\/www.eldiario.net\/portal\/2021\/10\/29\/hombres-armados-saquean-tribunal-judicial-de-haiti\/#primaryimage"},"thumbnailUrl":"","datePublished":"2021-10-29T08:36:39+00:00","breadcrumb":{"@id":"https:\/\/www.eldiario.net\/portal\/2021\/10\/29\/hombres-armados-saquean-tribunal-judicial-de-haiti\/#breadcrumb"},"inLanguage":"es","potentialAction":[{"@type":"ReadAction","target":["https:\/\/www.eldiario.net\/portal\/2021\/10\/29\/hombres-armados-saquean-tribunal-judicial-de-haiti\/"]}]},{"@type":"ImageObject","inLanguage":"es","@id":"https:\/\/www.eldiario.net\/portal\/2021\/10\/29\/hombres-armados-saquean-tribunal-judicial-de-haiti\/#primaryimage","url":"","contentUrl":""},{"@type":"BreadcrumbList","@id":"https:\/\/www.eldiario.net\/portal\/2021\/10\/29\/hombres-armados-saquean-tribunal-judicial-de-haiti\/#breadcrumb","itemListElement":[{"@type":"ListItem","position":1,"name":"Portada","item":"https:\/\/www.eldiario.net\/portal\/"},{"@type":"ListItem","position":2,"name":"Hombres armados saquean Tribunal Judicial de Hait\u00ed"}]},{"@type":"WebSite","@id":"https:\/\/www.eldiario.net\/portal\/#website","url":"https:\/\/www.eldiario.net\/portal\/","name":"El Diario - Decano de la prensa nacional","description":"El Diario - Decano de la prensa nacional","publisher":{"@id":"https:\/\/www.eldiario.net\/portal\/#organization"},"potentialAction":[{"@type":"SearchAction","target":{"@type":"EntryPoint","urlTemplate":"https:\/\/www.eldiario.net\/portal\/?s={search_term_string}"},"query-input":{"@type":"PropertyValueSpecification","valueRequired":true,"valueName":"search_term_string"}}],"inLanguage":"es"},{"@type":"Organization","@id":"https:\/\/www.eldiario.net\/portal\/#organization","name":"El Diario - Decano de la prensa nacional","url":"https:\/\/www.eldiario.net\/portal\/","logo":{"@type":"ImageObject","inLanguage":"es","@id":"https:\/\/www.eldiario.net\/portal\/#\/schema\/logo\/image\/","url":"https:\/\/www.eldiario.net\/portal\/wp-content\/uploads\/2023\/07\/logo_ED.jpg","contentUrl":"https:\/\/www.eldiario.net\/portal\/wp-content\/uploads\/2023\/07\/logo_ED.jpg","width":272,"height":52,"caption":"El Diario - Decano de la prensa nacional"},"image":{"@id":"https:\/\/www.eldiario.net\/portal\/#\/schema\/logo\/image\/"},"sameAs":["https:\/\/www.facebook.com\/eldiario.bolivia\/","https:\/\/x.com\/eldiario_net"]},{"@type":"Person","@id":"https:\/\/www.eldiario.net\/portal\/#\/schema\/person\/f46445640444750d7d753ccd04ae01b7","name":"Jeanette","image":{"@type":"ImageObject","inLanguage":"es","@id":"https:\/\/secure.gravatar.com\/avatar\/3ea2118a5f7dad2b7138b1187a6b7ee55f160b9968b66013c3a3ef39dd7e5798?s=96&d=mm&r=g","url":"https:\/\/secure.gravatar.com\/avatar\/3ea2118a5f7dad2b7138b1187a6b7ee55f160b9968b66013c3a3ef39dd7e5798?s=96&d=mm&r=g","contentUrl":"https:\/\/secure.gravatar.com\/avatar\/3ea2118a5f7dad2b7138b1187a6b7ee55f160b9968b66013c3a3ef39dd7e5798?s=96&d=mm&r=g","caption":"Jeanette"},"sameAs":["https:\/\/www.eldiario.net\/portal"],"url":"https:\/\/www.eldiario.net\/portal\/author\/jeanette\/"}]}},"_links":{"self":[{"href":"https:\/\/www.eldiario.net\/portal\/wp-json\/wp\/v2\/posts\/39612","targetHints":{"allow":["GET"]}}],"collection":[{"href":"https:\/\/www.eldiario.net\/portal\/wp-json\/wp\/v2\/posts"}],"about":[{"href":"https:\/\/www.eldiario.net\/portal\/wp-json\/wp\/v2\/types\/post"}],"author":[{"embeddable":true,"href":"https:\/\/www.eldiario.net\/portal\/wp-json\/wp\/v2\/users\/1"}],"replies":[{"embeddable":true,"href":"https:\/\/www.eldiario.net\/portal\/wp-json\/wp\/v2\/comments?post=39612"}],"version-history":[{"count":0,"href":"https:\/\/www.eldiario.net\/portal\/wp-json\/wp\/v2\/posts\/39612\/revisions"}],"wp:attachment":[{"href":"https:\/\/www.eldiario.net\/portal\/wp-json\/wp\/v2\/media?parent=39612"}],"wp:term":[{"taxonomy":"category","embeddable":true,"href":"https:\/\/www.eldiario.net\/portal\/wp-json\/wp\/v2\/categories?post=39612"},{"taxonomy":"post_tag","embeddable":true,"href":"https:\/\/www.eldiario.net\/portal\/wp-json\/wp\/v2\/tags?post=39612"}],"curies":[{"name":"wp","href":"https:\/\/api.w.org\/{rel}","templated":true}]}}