{"id":39609,"date":"2021-10-29T04:35:31","date_gmt":"2021-10-29T08:35:31","guid":{"rendered":"https:\/\/www.eldiario.net\/portal\/?p=39609"},"modified":"2021-10-29T04:35:31","modified_gmt":"2021-10-29T08:35:31","slug":"taiwan-reconoce-presencia-de-militares-de-eeuu-en-isla","status":"publish","type":"post","link":"https:\/\/www.eldiario.net\/portal\/2021\/10\/29\/taiwan-reconoce-presencia-de-militares-de-eeuu-en-isla\/","title":{"rendered":"Taiw\u00e1n reconoce presencia  de militares de EEUU en isla"},"content":{"rendered":"<p>Taip\u00e9i.- La presidenta de Taiw\u00e1n, Tsai Ing-wen, reconoci\u00f3 la presencia de militares estadounidenses en la isla. Lo hizo durante una entrevista con la CNN y en un momento en el que las relaciones entre la isla autogobernada y Pek\u00edn se encuentran en el peor momento de los \u00faltimos 40 a\u00f1os.<br \/>\nSe trata de unidades de operaciones especiales de la Infanter\u00eda de Marina de EEUU cuya misi\u00f3n es adiestrar las fuerzas militares taiwaneses en previsi\u00f3n de un posible conflicto con China.<br \/>\n\u00abCooperamos ampliamente con Estados Unidos para aumentar nuestra capacidad defensiva\u00bb, puntualiz\u00f3 la presidenta a la CNN en 28 de octubre. Si bien no revel\u00f3 la cifra exacta de militares estadounidenses en la isla, asegur\u00f3 que \u00abno son tantos como la gente cree\u00bb.<br \/>\nLa primera confirmaci\u00f3n oficial del Gobierno taiwan\u00e9s sobre la presencia militar estadounidense coincide con las recientes declaraciones del presidente de Estados Unidos, Joe Biden, en las que asegur\u00f3 que su pa\u00eds est\u00e1 listo para defender a Taiw\u00e1n en caso de agresi\u00f3n desde la China continental contra la regi\u00f3n autogobernada. M\u00e1s tarde, la portavoz de la Casa Blanca, Jen Psaki, subray\u00f3 que la pol\u00edtica de ambig\u00fcedad estrat\u00e9gica sigue vigente, seg\u00fan la cual Estados Unidos sigue reconociendo a Pek\u00edn como el \u00fanico gobierno leg\u00edtimo de China, pero al mismo tiempo mantiene el derecho a mantener relaciones especiales con la isla.<br \/>\nA principios de octubre, el ministro de Defensa taiwan\u00e9s, Chiu Kuo-cheng, subray\u00f3 que las tensiones de la isla con la China continental estaban en su peor momento, y a\u00f1adi\u00f3 que exist\u00eda el riesgo de que fuese a m\u00e1s. Horas antes, China hab\u00eda enviado una cifra r\u00e9cord de aviones militares a la zona de defensa de la Taiw\u00e1n.<br \/>\nPor su parte, China se opone a la presencia de soldados estadounidenses. Tambi\u00e9n a \u00abcualquier forma de intercambios oficiales y contactos militares\u00bb entre ambos socios, seg\u00fan declar\u00f3 el portavoz de Exteriores chino, Wang Wenbin.<br \/>\nPek\u00edn considera a la isla parte de su territorio, si bien desde 1949 Taiw\u00e1n se autogobierna con una administraci\u00f3n propia a ra\u00edz de que las tropas nacionalistas de Chiang Kai-shek, derrotadas durante la guerra civil china, se refugiaran en la isla y proclamaran la Rep\u00fablica China. Tras la unificaci\u00f3n del pa\u00eds en la d\u00e9cada de 1980, el entonces presidente de la Rep\u00fablica Popular de China, Deng Xiaoping, adopt\u00f3 la pol\u00edtica denominada un pa\u00eds, dos sistemas, seg\u00fan la cual coexisten dos modelos pol\u00edticos y econ\u00f3micos: la de la China continental y la de Taiw\u00e1n. Sin embargo, Pek\u00edn no ha renunciado a la reunificaci\u00f3n completa. El Gobierno de Tsai defiende que la elecci\u00f3n del futuro de Taiw\u00e1n corresponde a sus ciudadanos. (Sputnik News)<\/p>\n","protected":false},"excerpt":{"rendered":"<p>Taip\u00e9i.- La presidenta de Taiw\u00e1n, Tsai Ing-wen, reconoci\u00f3 la presencia de militares estadounidenses en la isla. Lo hizo durante una entrevista con la CNN y en un momento en el que las relaciones entre la isla autogobernada y Pek\u00edn se encuentran en el peor momento de los \u00faltimos 40 a\u00f1os. Se trata de unidades de [&hellip;]<\/p>\n","protected":false},"author":1,"featured_media":39610,"comment_status":"closed","ping_status":"closed","sticky":false,"template":"","format":"standard","meta":{"_acf_changed":false,"footnotes":""},"categories":[3],"tags":[],"class_list":["post-39609","post","type-post","status-publish","format-standard","has-post-thumbnail","category-internacional"],"acf":{"antetitulo":""},"yoast_head":"<!-- This site is optimized with the Yoast SEO plugin v28.4 - https:\/\/yoast.com\/product\/yoast-seo-wordpress\/ -->\n<title>Taiw\u00e1n reconoce presencia de militares de EEUU en isla - El Diario - Bolivia<\/title>\n<meta name=\"robots\" content=\"index, follow, max-snippet:-1, max-image-preview:large, max-video-preview:-1\" \/>\n<link rel=\"canonical\" href=\"https:\/\/www.eldiario.net\/portal\/2021\/10\/29\/taiwan-reconoce-presencia-de-militares-de-eeuu-en-isla\/\" \/>\n<meta property=\"og:locale\" content=\"es_ES\" \/>\n<meta property=\"og:type\" content=\"article\" \/>\n<meta property=\"og:title\" content=\"Taiw\u00e1n reconoce presencia de militares de EEUU en isla - El Diario - Bolivia\" \/>\n<meta property=\"og:description\" content=\"Taip\u00e9i.- La presidenta de Taiw\u00e1n, Tsai Ing-wen, reconoci\u00f3 la presencia de militares estadounidenses en la isla. Lo hizo durante una entrevista con la CNN y en un momento en el que las relaciones entre la isla autogobernada y Pek\u00edn se encuentran en el peor momento de los \u00faltimos 40 a\u00f1os. Se trata de unidades de [&hellip;]\" \/>\n<meta property=\"og:url\" content=\"https:\/\/www.eldiario.net\/portal\/2021\/10\/29\/taiwan-reconoce-presencia-de-militares-de-eeuu-en-isla\/\" \/>\n<meta property=\"og:site_name\" content=\"El Diario - Bolivia\" \/>\n<meta property=\"article:publisher\" content=\"https:\/\/www.facebook.com\/eldiario.bolivia\/\" \/>\n<meta property=\"article:published_time\" content=\"2021-10-29T08:35:31+00:00\" \/>\n<meta name=\"author\" content=\"Jeanette\" \/>\n<meta name=\"twitter:card\" content=\"summary_large_image\" \/>\n<meta name=\"twitter:creator\" content=\"@eldiario_net\" \/>\n<meta name=\"twitter:site\" content=\"@eldiario_net\" \/>\n<meta name=\"twitter:label1\" content=\"Escrito por\" \/>\n\t<meta name=\"twitter:data1\" content=\"Jeanette\" \/>\n\t<meta name=\"twitter:label2\" content=\"Tiempo de lectura\" \/>\n\t<meta name=\"twitter:data2\" content=\"2 minutos\" \/>\n<script type=\"application\/ld+json\" class=\"yoast-schema-graph\">{\"@context\":\"https:\\\/\\\/schema.org\",\"@graph\":[{\"@type\":\"Article\",\"@id\":\"https:\\\/\\\/www.eldiario.net\\\/portal\\\/2021\\\/10\\\/29\\\/taiwan-reconoce-presencia-de-militares-de-eeuu-en-isla\\\/#article\",\"isPartOf\":{\"@id\":\"https:\\\/\\\/www.eldiario.net\\\/portal\\\/2021\\\/10\\\/29\\\/taiwan-reconoce-presencia-de-militares-de-eeuu-en-isla\\\/\"},\"author\":{\"name\":\"Jeanette\",\"@id\":\"https:\\\/\\\/www.eldiario.net\\\/portal\\\/#\\\/schema\\\/person\\\/f46445640444750d7d753ccd04ae01b7\"},\"headline\":\"Taiw\u00e1n reconoce presencia de militares de EEUU en isla\",\"datePublished\":\"2021-10-29T08:35:31+00:00\",\"mainEntityOfPage\":{\"@id\":\"https:\\\/\\\/www.eldiario.net\\\/portal\\\/2021\\\/10\\\/29\\\/taiwan-reconoce-presencia-de-militares-de-eeuu-en-isla\\\/\"},\"wordCount\":487,\"publisher\":{\"@id\":\"https:\\\/\\\/www.eldiario.net\\\/portal\\\/#organization\"},\"image\":{\"@id\":\"https:\\\/\\\/www.eldiario.net\\\/portal\\\/2021\\\/10\\\/29\\\/taiwan-reconoce-presencia-de-militares-de-eeuu-en-isla\\\/#primaryimage\"},\"thumbnailUrl\":\"\",\"articleSection\":[\"Internacional\"],\"inLanguage\":\"es\"},{\"@type\":\"WebPage\",\"@id\":\"https:\\\/\\\/www.eldiario.net\\\/portal\\\/2021\\\/10\\\/29\\\/taiwan-reconoce-presencia-de-militares-de-eeuu-en-isla\\\/\",\"url\":\"https:\\\/\\\/www.eldiario.net\\\/portal\\\/2021\\\/10\\\/29\\\/taiwan-reconoce-presencia-de-militares-de-eeuu-en-isla\\\/\",\"name\":\"Taiw\u00e1n reconoce presencia de militares de EEUU en isla - El Diario - Bolivia\",\"isPartOf\":{\"@id\":\"https:\\\/\\\/www.eldiario.net\\\/portal\\\/#website\"},\"primaryImageOfPage\":{\"@id\":\"https:\\\/\\\/www.eldiario.net\\\/portal\\\/2021\\\/10\\\/29\\\/taiwan-reconoce-presencia-de-militares-de-eeuu-en-isla\\\/#primaryimage\"},\"image\":{\"@id\":\"https:\\\/\\\/www.eldiario.net\\\/portal\\\/2021\\\/10\\\/29\\\/taiwan-reconoce-presencia-de-militares-de-eeuu-en-isla\\\/#primaryimage\"},\"thumbnailUrl\":\"\",\"datePublished\":\"2021-10-29T08:35:31+00:00\",\"breadcrumb\":{\"@id\":\"https:\\\/\\\/www.eldiario.net\\\/portal\\\/2021\\\/10\\\/29\\\/taiwan-reconoce-presencia-de-militares-de-eeuu-en-isla\\\/#breadcrumb\"},\"inLanguage\":\"es\",\"potentialAction\":[{\"@type\":\"ReadAction\",\"target\":[\"https:\\\/\\\/www.eldiario.net\\\/portal\\\/2021\\\/10\\\/29\\\/taiwan-reconoce-presencia-de-militares-de-eeuu-en-isla\\\/\"]}]},{\"@type\":\"ImageObject\",\"inLanguage\":\"es\",\"@id\":\"https:\\\/\\\/www.eldiario.net\\\/portal\\\/2021\\\/10\\\/29\\\/taiwan-reconoce-presencia-de-militares-de-eeuu-en-isla\\\/#primaryimage\",\"url\":\"\",\"contentUrl\":\"\"},{\"@type\":\"BreadcrumbList\",\"@id\":\"https:\\\/\\\/www.eldiario.net\\\/portal\\\/2021\\\/10\\\/29\\\/taiwan-reconoce-presencia-de-militares-de-eeuu-en-isla\\\/#breadcrumb\",\"itemListElement\":[{\"@type\":\"ListItem\",\"position\":1,\"name\":\"Portada\",\"item\":\"https:\\\/\\\/www.eldiario.net\\\/portal\\\/\"},{\"@type\":\"ListItem\",\"position\":2,\"name\":\"Taiw\u00e1n reconoce presencia de militares de EEUU en isla\"}]},{\"@type\":\"WebSite\",\"@id\":\"https:\\\/\\\/www.eldiario.net\\\/portal\\\/#website\",\"url\":\"https:\\\/\\\/www.eldiario.net\\\/portal\\\/\",\"name\":\"El Diario - Decano de la prensa nacional\",\"description\":\"El Diario - Decano de la prensa nacional\",\"publisher\":{\"@id\":\"https:\\\/\\\/www.eldiario.net\\\/portal\\\/#organization\"},\"potentialAction\":[{\"@type\":\"SearchAction\",\"target\":{\"@type\":\"EntryPoint\",\"urlTemplate\":\"https:\\\/\\\/www.eldiario.net\\\/portal\\\/?s={search_term_string}\"},\"query-input\":{\"@type\":\"PropertyValueSpecification\",\"valueRequired\":true,\"valueName\":\"search_term_string\"}}],\"inLanguage\":\"es\"},{\"@type\":\"Organization\",\"@id\":\"https:\\\/\\\/www.eldiario.net\\\/portal\\\/#organization\",\"name\":\"El Diario - Decano de la prensa nacional\",\"url\":\"https:\\\/\\\/www.eldiario.net\\\/portal\\\/\",\"logo\":{\"@type\":\"ImageObject\",\"inLanguage\":\"es\",\"@id\":\"https:\\\/\\\/www.eldiario.net\\\/portal\\\/#\\\/schema\\\/logo\\\/image\\\/\",\"url\":\"https:\\\/\\\/www.eldiario.net\\\/portal\\\/wp-content\\\/uploads\\\/2023\\\/07\\\/logo_ED.jpg\",\"contentUrl\":\"https:\\\/\\\/www.eldiario.net\\\/portal\\\/wp-content\\\/uploads\\\/2023\\\/07\\\/logo_ED.jpg\",\"width\":272,\"height\":52,\"caption\":\"El Diario - Decano de la prensa nacional\"},\"image\":{\"@id\":\"https:\\\/\\\/www.eldiario.net\\\/portal\\\/#\\\/schema\\\/logo\\\/image\\\/\"},\"sameAs\":[\"https:\\\/\\\/www.facebook.com\\\/eldiario.bolivia\\\/\",\"https:\\\/\\\/x.com\\\/eldiario_net\"]},{\"@type\":\"Person\",\"@id\":\"https:\\\/\\\/www.eldiario.net\\\/portal\\\/#\\\/schema\\\/person\\\/f46445640444750d7d753ccd04ae01b7\",\"name\":\"Jeanette\",\"image\":{\"@type\":\"ImageObject\",\"inLanguage\":\"es\",\"@id\":\"https:\\\/\\\/secure.gravatar.com\\\/avatar\\\/3ea2118a5f7dad2b7138b1187a6b7ee55f160b9968b66013c3a3ef39dd7e5798?s=96&d=mm&r=g\",\"url\":\"https:\\\/\\\/secure.gravatar.com\\\/avatar\\\/3ea2118a5f7dad2b7138b1187a6b7ee55f160b9968b66013c3a3ef39dd7e5798?s=96&d=mm&r=g\",\"contentUrl\":\"https:\\\/\\\/secure.gravatar.com\\\/avatar\\\/3ea2118a5f7dad2b7138b1187a6b7ee55f160b9968b66013c3a3ef39dd7e5798?s=96&d=mm&r=g\",\"caption\":\"Jeanette\"},\"sameAs\":[\"https:\\\/\\\/www.eldiario.net\\\/portal\"],\"url\":\"https:\\\/\\\/www.eldiario.net\\\/portal\\\/author\\\/jeanette\\\/\"}]}<\/script>\n<!-- \/ Yoast SEO plugin. -->","yoast_head_json":{"title":"Taiw\u00e1n reconoce presencia de militares de EEUU en isla - El Diario - Bolivia","robots":{"index":"index","follow":"follow","max-snippet":"max-snippet:-1","max-image-preview":"max-image-preview:large","max-video-preview":"max-video-preview:-1"},"canonical":"https:\/\/www.eldiario.net\/portal\/2021\/10\/29\/taiwan-reconoce-presencia-de-militares-de-eeuu-en-isla\/","og_locale":"es_ES","og_type":"article","og_title":"Taiw\u00e1n reconoce presencia de militares de EEUU en isla - El Diario - Bolivia","og_description":"Taip\u00e9i.- La presidenta de Taiw\u00e1n, Tsai Ing-wen, reconoci\u00f3 la presencia de militares estadounidenses en la isla. Lo hizo durante una entrevista con la CNN y en un momento en el que las relaciones entre la isla autogobernada y Pek\u00edn se encuentran en el peor momento de los \u00faltimos 40 a\u00f1os. Se trata de unidades de [&hellip;]","og_url":"https:\/\/www.eldiario.net\/portal\/2021\/10\/29\/taiwan-reconoce-presencia-de-militares-de-eeuu-en-isla\/","og_site_name":"El Diario - Bolivia","article_publisher":"https:\/\/www.facebook.com\/eldiario.bolivia\/","article_published_time":"2021-10-29T08:35:31+00:00","author":"Jeanette","twitter_card":"summary_large_image","twitter_creator":"@eldiario_net","twitter_site":"@eldiario_net","twitter_misc":{"Escrito por":"Jeanette","Tiempo de lectura":"2 minutos"},"schema":{"@context":"https:\/\/schema.org","@graph":[{"@type":"Article","@id":"https:\/\/www.eldiario.net\/portal\/2021\/10\/29\/taiwan-reconoce-presencia-de-militares-de-eeuu-en-isla\/#article","isPartOf":{"@id":"https:\/\/www.eldiario.net\/portal\/2021\/10\/29\/taiwan-reconoce-presencia-de-militares-de-eeuu-en-isla\/"},"author":{"name":"Jeanette","@id":"https:\/\/www.eldiario.net\/portal\/#\/schema\/person\/f46445640444750d7d753ccd04ae01b7"},"headline":"Taiw\u00e1n reconoce presencia de militares de EEUU en isla","datePublished":"2021-10-29T08:35:31+00:00","mainEntityOfPage":{"@id":"https:\/\/www.eldiario.net\/portal\/2021\/10\/29\/taiwan-reconoce-presencia-de-militares-de-eeuu-en-isla\/"},"wordCount":487,"publisher":{"@id":"https:\/\/www.eldiario.net\/portal\/#organization"},"image":{"@id":"https:\/\/www.eldiario.net\/portal\/2021\/10\/29\/taiwan-reconoce-presencia-de-militares-de-eeuu-en-isla\/#primaryimage"},"thumbnailUrl":"","articleSection":["Internacional"],"inLanguage":"es"},{"@type":"WebPage","@id":"https:\/\/www.eldiario.net\/portal\/2021\/10\/29\/taiwan-reconoce-presencia-de-militares-de-eeuu-en-isla\/","url":"https:\/\/www.eldiario.net\/portal\/2021\/10\/29\/taiwan-reconoce-presencia-de-militares-de-eeuu-en-isla\/","name":"Taiw\u00e1n reconoce presencia de militares de EEUU en isla - El Diario - Bolivia","isPartOf":{"@id":"https:\/\/www.eldiario.net\/portal\/#website"},"primaryImageOfPage":{"@id":"https:\/\/www.eldiario.net\/portal\/2021\/10\/29\/taiwan-reconoce-presencia-de-militares-de-eeuu-en-isla\/#primaryimage"},"image":{"@id":"https:\/\/www.eldiario.net\/portal\/2021\/10\/29\/taiwan-reconoce-presencia-de-militares-de-eeuu-en-isla\/#primaryimage"},"thumbnailUrl":"","datePublished":"2021-10-29T08:35:31+00:00","breadcrumb":{"@id":"https:\/\/www.eldiario.net\/portal\/2021\/10\/29\/taiwan-reconoce-presencia-de-militares-de-eeuu-en-isla\/#breadcrumb"},"inLanguage":"es","potentialAction":[{"@type":"ReadAction","target":["https:\/\/www.eldiario.net\/portal\/2021\/10\/29\/taiwan-reconoce-presencia-de-militares-de-eeuu-en-isla\/"]}]},{"@type":"ImageObject","inLanguage":"es","@id":"https:\/\/www.eldiario.net\/portal\/2021\/10\/29\/taiwan-reconoce-presencia-de-militares-de-eeuu-en-isla\/#primaryimage","url":"","contentUrl":""},{"@type":"BreadcrumbList","@id":"https:\/\/www.eldiario.net\/portal\/2021\/10\/29\/taiwan-reconoce-presencia-de-militares-de-eeuu-en-isla\/#breadcrumb","itemListElement":[{"@type":"ListItem","position":1,"name":"Portada","item":"https:\/\/www.eldiario.net\/portal\/"},{"@type":"ListItem","position":2,"name":"Taiw\u00e1n reconoce presencia de militares de EEUU en isla"}]},{"@type":"WebSite","@id":"https:\/\/www.eldiario.net\/portal\/#website","url":"https:\/\/www.eldiario.net\/portal\/","name":"El Diario - Decano de la prensa nacional","description":"El Diario - Decano de la prensa nacional","publisher":{"@id":"https:\/\/www.eldiario.net\/portal\/#organization"},"potentialAction":[{"@type":"SearchAction","target":{"@type":"EntryPoint","urlTemplate":"https:\/\/www.eldiario.net\/portal\/?s={search_term_string}"},"query-input":{"@type":"PropertyValueSpecification","valueRequired":true,"valueName":"search_term_string"}}],"inLanguage":"es"},{"@type":"Organization","@id":"https:\/\/www.eldiario.net\/portal\/#organization","name":"El Diario - Decano de la prensa nacional","url":"https:\/\/www.eldiario.net\/portal\/","logo":{"@type":"ImageObject","inLanguage":"es","@id":"https:\/\/www.eldiario.net\/portal\/#\/schema\/logo\/image\/","url":"https:\/\/www.eldiario.net\/portal\/wp-content\/uploads\/2023\/07\/logo_ED.jpg","contentUrl":"https:\/\/www.eldiario.net\/portal\/wp-content\/uploads\/2023\/07\/logo_ED.jpg","width":272,"height":52,"caption":"El Diario - Decano de la prensa nacional"},"image":{"@id":"https:\/\/www.eldiario.net\/portal\/#\/schema\/logo\/image\/"},"sameAs":["https:\/\/www.facebook.com\/eldiario.bolivia\/","https:\/\/x.com\/eldiario_net"]},{"@type":"Person","@id":"https:\/\/www.eldiario.net\/portal\/#\/schema\/person\/f46445640444750d7d753ccd04ae01b7","name":"Jeanette","image":{"@type":"ImageObject","inLanguage":"es","@id":"https:\/\/secure.gravatar.com\/avatar\/3ea2118a5f7dad2b7138b1187a6b7ee55f160b9968b66013c3a3ef39dd7e5798?s=96&d=mm&r=g","url":"https:\/\/secure.gravatar.com\/avatar\/3ea2118a5f7dad2b7138b1187a6b7ee55f160b9968b66013c3a3ef39dd7e5798?s=96&d=mm&r=g","contentUrl":"https:\/\/secure.gravatar.com\/avatar\/3ea2118a5f7dad2b7138b1187a6b7ee55f160b9968b66013c3a3ef39dd7e5798?s=96&d=mm&r=g","caption":"Jeanette"},"sameAs":["https:\/\/www.eldiario.net\/portal"],"url":"https:\/\/www.eldiario.net\/portal\/author\/jeanette\/"}]}},"_links":{"self":[{"href":"https:\/\/www.eldiario.net\/portal\/wp-json\/wp\/v2\/posts\/39609","targetHints":{"allow":["GET"]}}],"collection":[{"href":"https:\/\/www.eldiario.net\/portal\/wp-json\/wp\/v2\/posts"}],"about":[{"href":"https:\/\/www.eldiario.net\/portal\/wp-json\/wp\/v2\/types\/post"}],"author":[{"embeddable":true,"href":"https:\/\/www.eldiario.net\/portal\/wp-json\/wp\/v2\/users\/1"}],"replies":[{"embeddable":true,"href":"https:\/\/www.eldiario.net\/portal\/wp-json\/wp\/v2\/comments?post=39609"}],"version-history":[{"count":0,"href":"https:\/\/www.eldiario.net\/portal\/wp-json\/wp\/v2\/posts\/39609\/revisions"}],"wp:attachment":[{"href":"https:\/\/www.eldiario.net\/portal\/wp-json\/wp\/v2\/media?parent=39609"}],"wp:term":[{"taxonomy":"category","embeddable":true,"href":"https:\/\/www.eldiario.net\/portal\/wp-json\/wp\/v2\/categories?post=39609"},{"taxonomy":"post_tag","embeddable":true,"href":"https:\/\/www.eldiario.net\/portal\/wp-json\/wp\/v2\/tags?post=39609"}],"curies":[{"name":"wp","href":"https:\/\/api.w.org\/{rel}","templated":true}]}}