{"id":39606,"date":"2021-10-29T04:34:19","date_gmt":"2021-10-29T08:34:19","guid":{"rendered":"https:\/\/www.eldiario.net\/portal\/?p=39606"},"modified":"2021-10-29T04:34:19","modified_gmt":"2021-10-29T08:34:19","slug":"consejo-de-seguridad-de-onu-insta-a-restablecer-gobierno-de-transicion","status":"publish","type":"post","link":"https:\/\/www.eldiario.net\/portal\/2021\/10\/29\/consejo-de-seguridad-de-onu-insta-a-restablecer-gobierno-de-transicion\/","title":{"rendered":"Consejo de Seguridad de ONU insta  a restablecer gobierno de transici\u00f3n"},"content":{"rendered":"<p>Militares de Sud\u00e1n que restablezcan el gobierno de transici\u00f3n y que act\u00faen \u00abcon la m\u00e1xima moderaci\u00f3n\u00bb despu\u00e9s de un golpe de Estado liderado por el presidente del Consejo Soberano de Transici\u00f3n, Abdelfat\u00e1 al Burhan, contra el primer ministro sudan\u00e9s, Abdal\u00e1 Hamdok, mientras que ha adelantado que continuar\u00e1 monitorizando la situaci\u00f3n en el pa\u00eds.<br \/>\nTras una reuni\u00f3n celebrada este jueves, los miembros del consejo han expresado \u00absu profunda preocupaci\u00f3n por la toma militar\u00bb en el pa\u00eds africano, as\u00ed como por \u00abla suspensi\u00f3n de algunas instituciones de transici\u00f3n, la declaraci\u00f3n del estado de emergencia y la detenci\u00f3n de Hamdok y otros miembros civiles del gobierno de transici\u00f3n\u00bb.<br \/>\nEn este contexto, pidieron la liberaci\u00f3n \u00abinmediata\u00bb de todos estos detenidos, tras \u00abtomar notar del regreso del primer ministro\u00bb, mientras que han exhortado a las partes a que \u00abejerzan la m\u00e1xima moderaci\u00f3n y se abstengan del uso de la violencia\u00bb, seg\u00fan un comunicado que ha compartido la misi\u00f3n de Estonia en la ONU.<br \/>\nLos miembros del Consejo de Naciones Unidas han alertado de que \u00abcualquier intento de socavar el proceso de transici\u00f3n democr\u00e1tica en Sud\u00e1n pone en peligro la seguridad, la estabilidad y el desarrollo\u00bb en el pa\u00eds, mientras que han subrayado su \u00abfirme compromiso\u00bb con \u00abla soberan\u00eda, la independencia y la integridad territorial y la unidad nacional\u00bb.<br \/>\nAsimismo, record\u00f3 \u00abla importancia del pleno respeto de los Derechos Humanos, incluido el derecho de reuni\u00f3n pac\u00edfica y la libertad de expresi\u00f3n\u00bb a la vez que han pedido \u00aba las autoridades militares de Sud\u00e1n que restablezcan el gobierno de transici\u00f3n liderado por civiles sobre la base del Documento Constitucional\u00bb y la transici\u00f3n.<br \/>\n\u00abInstamos a todas las partes interesadas a entablar un di\u00e1logo sin condiciones previas, con el fin de permitir la plena aplicaci\u00f3n del Documento Constitucional y el Acuerdo de Paz de Juba, que sustentan la transici\u00f3n democr\u00e1tica de Sud\u00e1n\u00bb, reclamaron.<br \/>\nPor \u00faltimo, aprovecharon la ocasi\u00f3n para expresar su \u00absolidaridad\u00bb con el pueblo sudan\u00e9s y afirmar su \u00abdisposici\u00f3n a apoyar los esfuerzos para llevar a cabo la transici\u00f3n de una manera que haga realidad las esperanzas y aspiraciones del pueblo sudan\u00e9s de una vida inclusiva, pac\u00edfica, democr\u00e1tica y futuro pr\u00f3spero\u00bb.<br \/>\nAl Burhan defendi\u00f3 el martes la asonada y denunci\u00f3 que las fuerzas pol\u00edticas \u00abquer\u00edan monopolizar\u00bb la transici\u00f3n, tras varias semanas de tensiones y acusaciones entre civiles y militares, antes de prometer que el Ej\u00e9rcito \u00abno interferir\u00e1\u00bb en la formaci\u00f3n del nuevo Ejecutivo.<br \/>\nSud\u00e1n fue escenario a mediados de septiembre de un intento de golpe de Estado, seg\u00fan apuntaron las autoridades de transici\u00f3n, a cargo de un grupo de oficiales de las Fuerzas Armadas supuestamente vinculados con el expresidente Omar Has\u00e1n al Bashir, derrocado en 2019 en una asonada tras meses de masivas manifestaciones en su contra.<br \/>\nLas autoridades de transici\u00f3n fueron instauradas tras un acuerdo entre la junta militar anterior, surgida tras el golpe de Estado de 2019, y diversas organizaciones civiles y formaciones pol\u00edticas opositoras. Este Gobierno ha iniciado una bater\u00eda de reformas sociales y econ\u00f3micas y ha alcanzado un acuerdo de paz con importantes grupos rebeldes de Darfur y otras zonas del pa\u00eds.<br \/>\nSin embargo, la intentona de septiembre deriv\u00f3 en un intercambio de cr\u00edticas y acusaciones entre los elementos civiles y militares que ha ahondado la crisis pol\u00edtica, incluidas peticiones por parte de Al Burhan para disolver el Gobierno, que han derivado en los \u00faltimos d\u00edas en manifestaciones enfrentadas a favor de las autoridades de transici\u00f3n y el Ej\u00e9rcito. (Europa Press)<\/p>\n","protected":false},"excerpt":{"rendered":"<p>Militares de Sud\u00e1n que restablezcan el gobierno de transici\u00f3n y que act\u00faen \u00abcon la m\u00e1xima moderaci\u00f3n\u00bb despu\u00e9s de un golpe de Estado liderado por el presidente del Consejo Soberano de Transici\u00f3n, Abdelfat\u00e1 al Burhan, contra el primer ministro sudan\u00e9s, Abdal\u00e1 Hamdok, mientras que ha adelantado que continuar\u00e1 monitorizando la situaci\u00f3n en el pa\u00eds. Tras una [&hellip;]<\/p>\n","protected":false},"author":1,"featured_media":39607,"comment_status":"closed","ping_status":"closed","sticky":false,"template":"","format":"standard","meta":{"_acf_changed":false,"footnotes":""},"categories":[3],"tags":[],"class_list":["post-39606","post","type-post","status-publish","format-standard","has-post-thumbnail","category-internacional"],"acf":{"antetitulo":""},"yoast_head":"<!-- This site is optimized with the Yoast SEO plugin v28.4 - https:\/\/yoast.com\/product\/yoast-seo-wordpress\/ -->\n<title>Consejo de Seguridad de ONU insta a restablecer gobierno de transici\u00f3n - El Diario - Bolivia<\/title>\n<meta name=\"robots\" content=\"index, follow, max-snippet:-1, max-image-preview:large, max-video-preview:-1\" \/>\n<link rel=\"canonical\" href=\"https:\/\/www.eldiario.net\/portal\/2021\/10\/29\/consejo-de-seguridad-de-onu-insta-a-restablecer-gobierno-de-transicion\/\" \/>\n<meta property=\"og:locale\" content=\"es_ES\" \/>\n<meta property=\"og:type\" content=\"article\" \/>\n<meta property=\"og:title\" content=\"Consejo de Seguridad de ONU insta a restablecer gobierno de transici\u00f3n - El Diario - Bolivia\" \/>\n<meta property=\"og:description\" content=\"Militares de Sud\u00e1n que restablezcan el gobierno de transici\u00f3n y que act\u00faen \u00abcon la m\u00e1xima moderaci\u00f3n\u00bb despu\u00e9s de un golpe de Estado liderado por el presidente del Consejo Soberano de Transici\u00f3n, Abdelfat\u00e1 al Burhan, contra el primer ministro sudan\u00e9s, Abdal\u00e1 Hamdok, mientras que ha adelantado que continuar\u00e1 monitorizando la situaci\u00f3n en el pa\u00eds. Tras una [&hellip;]\" \/>\n<meta property=\"og:url\" content=\"https:\/\/www.eldiario.net\/portal\/2021\/10\/29\/consejo-de-seguridad-de-onu-insta-a-restablecer-gobierno-de-transicion\/\" \/>\n<meta property=\"og:site_name\" content=\"El Diario - Bolivia\" \/>\n<meta property=\"article:publisher\" content=\"https:\/\/www.facebook.com\/eldiario.bolivia\/\" \/>\n<meta property=\"article:published_time\" content=\"2021-10-29T08:34:19+00:00\" \/>\n<meta name=\"author\" content=\"Jeanette\" \/>\n<meta name=\"twitter:card\" content=\"summary_large_image\" \/>\n<meta name=\"twitter:creator\" content=\"@eldiario_net\" \/>\n<meta name=\"twitter:site\" content=\"@eldiario_net\" \/>\n<meta name=\"twitter:label1\" content=\"Escrito por\" \/>\n\t<meta name=\"twitter:data1\" content=\"Jeanette\" \/>\n\t<meta name=\"twitter:label2\" content=\"Tiempo de lectura\" \/>\n\t<meta name=\"twitter:data2\" content=\"3 minutos\" \/>\n<script type=\"application\/ld+json\" class=\"yoast-schema-graph\">{\"@context\":\"https:\\\/\\\/schema.org\",\"@graph\":[{\"@type\":\"Article\",\"@id\":\"https:\\\/\\\/www.eldiario.net\\\/portal\\\/2021\\\/10\\\/29\\\/consejo-de-seguridad-de-onu-insta-a-restablecer-gobierno-de-transicion\\\/#article\",\"isPartOf\":{\"@id\":\"https:\\\/\\\/www.eldiario.net\\\/portal\\\/2021\\\/10\\\/29\\\/consejo-de-seguridad-de-onu-insta-a-restablecer-gobierno-de-transicion\\\/\"},\"author\":{\"name\":\"Jeanette\",\"@id\":\"https:\\\/\\\/www.eldiario.net\\\/portal\\\/#\\\/schema\\\/person\\\/f46445640444750d7d753ccd04ae01b7\"},\"headline\":\"Consejo de Seguridad de ONU insta a restablecer gobierno de transici\u00f3n\",\"datePublished\":\"2021-10-29T08:34:19+00:00\",\"mainEntityOfPage\":{\"@id\":\"https:\\\/\\\/www.eldiario.net\\\/portal\\\/2021\\\/10\\\/29\\\/consejo-de-seguridad-de-onu-insta-a-restablecer-gobierno-de-transicion\\\/\"},\"wordCount\":643,\"publisher\":{\"@id\":\"https:\\\/\\\/www.eldiario.net\\\/portal\\\/#organization\"},\"image\":{\"@id\":\"https:\\\/\\\/www.eldiario.net\\\/portal\\\/2021\\\/10\\\/29\\\/consejo-de-seguridad-de-onu-insta-a-restablecer-gobierno-de-transicion\\\/#primaryimage\"},\"thumbnailUrl\":\"\",\"articleSection\":[\"Internacional\"],\"inLanguage\":\"es\"},{\"@type\":\"WebPage\",\"@id\":\"https:\\\/\\\/www.eldiario.net\\\/portal\\\/2021\\\/10\\\/29\\\/consejo-de-seguridad-de-onu-insta-a-restablecer-gobierno-de-transicion\\\/\",\"url\":\"https:\\\/\\\/www.eldiario.net\\\/portal\\\/2021\\\/10\\\/29\\\/consejo-de-seguridad-de-onu-insta-a-restablecer-gobierno-de-transicion\\\/\",\"name\":\"Consejo de Seguridad de ONU insta a restablecer gobierno de transici\u00f3n - El Diario - Bolivia\",\"isPartOf\":{\"@id\":\"https:\\\/\\\/www.eldiario.net\\\/portal\\\/#website\"},\"primaryImageOfPage\":{\"@id\":\"https:\\\/\\\/www.eldiario.net\\\/portal\\\/2021\\\/10\\\/29\\\/consejo-de-seguridad-de-onu-insta-a-restablecer-gobierno-de-transicion\\\/#primaryimage\"},\"image\":{\"@id\":\"https:\\\/\\\/www.eldiario.net\\\/portal\\\/2021\\\/10\\\/29\\\/consejo-de-seguridad-de-onu-insta-a-restablecer-gobierno-de-transicion\\\/#primaryimage\"},\"thumbnailUrl\":\"\",\"datePublished\":\"2021-10-29T08:34:19+00:00\",\"breadcrumb\":{\"@id\":\"https:\\\/\\\/www.eldiario.net\\\/portal\\\/2021\\\/10\\\/29\\\/consejo-de-seguridad-de-onu-insta-a-restablecer-gobierno-de-transicion\\\/#breadcrumb\"},\"inLanguage\":\"es\",\"potentialAction\":[{\"@type\":\"ReadAction\",\"target\":[\"https:\\\/\\\/www.eldiario.net\\\/portal\\\/2021\\\/10\\\/29\\\/consejo-de-seguridad-de-onu-insta-a-restablecer-gobierno-de-transicion\\\/\"]}]},{\"@type\":\"ImageObject\",\"inLanguage\":\"es\",\"@id\":\"https:\\\/\\\/www.eldiario.net\\\/portal\\\/2021\\\/10\\\/29\\\/consejo-de-seguridad-de-onu-insta-a-restablecer-gobierno-de-transicion\\\/#primaryimage\",\"url\":\"\",\"contentUrl\":\"\"},{\"@type\":\"BreadcrumbList\",\"@id\":\"https:\\\/\\\/www.eldiario.net\\\/portal\\\/2021\\\/10\\\/29\\\/consejo-de-seguridad-de-onu-insta-a-restablecer-gobierno-de-transicion\\\/#breadcrumb\",\"itemListElement\":[{\"@type\":\"ListItem\",\"position\":1,\"name\":\"Portada\",\"item\":\"https:\\\/\\\/www.eldiario.net\\\/portal\\\/\"},{\"@type\":\"ListItem\",\"position\":2,\"name\":\"Consejo de Seguridad de ONU insta a restablecer gobierno de transici\u00f3n\"}]},{\"@type\":\"WebSite\",\"@id\":\"https:\\\/\\\/www.eldiario.net\\\/portal\\\/#website\",\"url\":\"https:\\\/\\\/www.eldiario.net\\\/portal\\\/\",\"name\":\"El Diario - Decano de la prensa nacional\",\"description\":\"El Diario - Decano de la prensa nacional\",\"publisher\":{\"@id\":\"https:\\\/\\\/www.eldiario.net\\\/portal\\\/#organization\"},\"potentialAction\":[{\"@type\":\"SearchAction\",\"target\":{\"@type\":\"EntryPoint\",\"urlTemplate\":\"https:\\\/\\\/www.eldiario.net\\\/portal\\\/?s={search_term_string}\"},\"query-input\":{\"@type\":\"PropertyValueSpecification\",\"valueRequired\":true,\"valueName\":\"search_term_string\"}}],\"inLanguage\":\"es\"},{\"@type\":\"Organization\",\"@id\":\"https:\\\/\\\/www.eldiario.net\\\/portal\\\/#organization\",\"name\":\"El Diario - Decano de la prensa nacional\",\"url\":\"https:\\\/\\\/www.eldiario.net\\\/portal\\\/\",\"logo\":{\"@type\":\"ImageObject\",\"inLanguage\":\"es\",\"@id\":\"https:\\\/\\\/www.eldiario.net\\\/portal\\\/#\\\/schema\\\/logo\\\/image\\\/\",\"url\":\"https:\\\/\\\/www.eldiario.net\\\/portal\\\/wp-content\\\/uploads\\\/2023\\\/07\\\/logo_ED.jpg\",\"contentUrl\":\"https:\\\/\\\/www.eldiario.net\\\/portal\\\/wp-content\\\/uploads\\\/2023\\\/07\\\/logo_ED.jpg\",\"width\":272,\"height\":52,\"caption\":\"El Diario - Decano de la prensa nacional\"},\"image\":{\"@id\":\"https:\\\/\\\/www.eldiario.net\\\/portal\\\/#\\\/schema\\\/logo\\\/image\\\/\"},\"sameAs\":[\"https:\\\/\\\/www.facebook.com\\\/eldiario.bolivia\\\/\",\"https:\\\/\\\/x.com\\\/eldiario_net\"]},{\"@type\":\"Person\",\"@id\":\"https:\\\/\\\/www.eldiario.net\\\/portal\\\/#\\\/schema\\\/person\\\/f46445640444750d7d753ccd04ae01b7\",\"name\":\"Jeanette\",\"image\":{\"@type\":\"ImageObject\",\"inLanguage\":\"es\",\"@id\":\"https:\\\/\\\/secure.gravatar.com\\\/avatar\\\/3ea2118a5f7dad2b7138b1187a6b7ee55f160b9968b66013c3a3ef39dd7e5798?s=96&d=mm&r=g\",\"url\":\"https:\\\/\\\/secure.gravatar.com\\\/avatar\\\/3ea2118a5f7dad2b7138b1187a6b7ee55f160b9968b66013c3a3ef39dd7e5798?s=96&d=mm&r=g\",\"contentUrl\":\"https:\\\/\\\/secure.gravatar.com\\\/avatar\\\/3ea2118a5f7dad2b7138b1187a6b7ee55f160b9968b66013c3a3ef39dd7e5798?s=96&d=mm&r=g\",\"caption\":\"Jeanette\"},\"sameAs\":[\"https:\\\/\\\/www.eldiario.net\\\/portal\"],\"url\":\"https:\\\/\\\/www.eldiario.net\\\/portal\\\/author\\\/jeanette\\\/\"}]}<\/script>\n<!-- \/ Yoast SEO plugin. -->","yoast_head_json":{"title":"Consejo de Seguridad de ONU insta a restablecer gobierno de transici\u00f3n - El Diario - Bolivia","robots":{"index":"index","follow":"follow","max-snippet":"max-snippet:-1","max-image-preview":"max-image-preview:large","max-video-preview":"max-video-preview:-1"},"canonical":"https:\/\/www.eldiario.net\/portal\/2021\/10\/29\/consejo-de-seguridad-de-onu-insta-a-restablecer-gobierno-de-transicion\/","og_locale":"es_ES","og_type":"article","og_title":"Consejo de Seguridad de ONU insta a restablecer gobierno de transici\u00f3n - El Diario - Bolivia","og_description":"Militares de Sud\u00e1n que restablezcan el gobierno de transici\u00f3n y que act\u00faen \u00abcon la m\u00e1xima moderaci\u00f3n\u00bb despu\u00e9s de un golpe de Estado liderado por el presidente del Consejo Soberano de Transici\u00f3n, Abdelfat\u00e1 al Burhan, contra el primer ministro sudan\u00e9s, Abdal\u00e1 Hamdok, mientras que ha adelantado que continuar\u00e1 monitorizando la situaci\u00f3n en el pa\u00eds. Tras una [&hellip;]","og_url":"https:\/\/www.eldiario.net\/portal\/2021\/10\/29\/consejo-de-seguridad-de-onu-insta-a-restablecer-gobierno-de-transicion\/","og_site_name":"El Diario - Bolivia","article_publisher":"https:\/\/www.facebook.com\/eldiario.bolivia\/","article_published_time":"2021-10-29T08:34:19+00:00","author":"Jeanette","twitter_card":"summary_large_image","twitter_creator":"@eldiario_net","twitter_site":"@eldiario_net","twitter_misc":{"Escrito por":"Jeanette","Tiempo de lectura":"3 minutos"},"schema":{"@context":"https:\/\/schema.org","@graph":[{"@type":"Article","@id":"https:\/\/www.eldiario.net\/portal\/2021\/10\/29\/consejo-de-seguridad-de-onu-insta-a-restablecer-gobierno-de-transicion\/#article","isPartOf":{"@id":"https:\/\/www.eldiario.net\/portal\/2021\/10\/29\/consejo-de-seguridad-de-onu-insta-a-restablecer-gobierno-de-transicion\/"},"author":{"name":"Jeanette","@id":"https:\/\/www.eldiario.net\/portal\/#\/schema\/person\/f46445640444750d7d753ccd04ae01b7"},"headline":"Consejo de Seguridad de ONU insta a restablecer gobierno de transici\u00f3n","datePublished":"2021-10-29T08:34:19+00:00","mainEntityOfPage":{"@id":"https:\/\/www.eldiario.net\/portal\/2021\/10\/29\/consejo-de-seguridad-de-onu-insta-a-restablecer-gobierno-de-transicion\/"},"wordCount":643,"publisher":{"@id":"https:\/\/www.eldiario.net\/portal\/#organization"},"image":{"@id":"https:\/\/www.eldiario.net\/portal\/2021\/10\/29\/consejo-de-seguridad-de-onu-insta-a-restablecer-gobierno-de-transicion\/#primaryimage"},"thumbnailUrl":"","articleSection":["Internacional"],"inLanguage":"es"},{"@type":"WebPage","@id":"https:\/\/www.eldiario.net\/portal\/2021\/10\/29\/consejo-de-seguridad-de-onu-insta-a-restablecer-gobierno-de-transicion\/","url":"https:\/\/www.eldiario.net\/portal\/2021\/10\/29\/consejo-de-seguridad-de-onu-insta-a-restablecer-gobierno-de-transicion\/","name":"Consejo de Seguridad de ONU insta a restablecer gobierno de transici\u00f3n - El Diario - Bolivia","isPartOf":{"@id":"https:\/\/www.eldiario.net\/portal\/#website"},"primaryImageOfPage":{"@id":"https:\/\/www.eldiario.net\/portal\/2021\/10\/29\/consejo-de-seguridad-de-onu-insta-a-restablecer-gobierno-de-transicion\/#primaryimage"},"image":{"@id":"https:\/\/www.eldiario.net\/portal\/2021\/10\/29\/consejo-de-seguridad-de-onu-insta-a-restablecer-gobierno-de-transicion\/#primaryimage"},"thumbnailUrl":"","datePublished":"2021-10-29T08:34:19+00:00","breadcrumb":{"@id":"https:\/\/www.eldiario.net\/portal\/2021\/10\/29\/consejo-de-seguridad-de-onu-insta-a-restablecer-gobierno-de-transicion\/#breadcrumb"},"inLanguage":"es","potentialAction":[{"@type":"ReadAction","target":["https:\/\/www.eldiario.net\/portal\/2021\/10\/29\/consejo-de-seguridad-de-onu-insta-a-restablecer-gobierno-de-transicion\/"]}]},{"@type":"ImageObject","inLanguage":"es","@id":"https:\/\/www.eldiario.net\/portal\/2021\/10\/29\/consejo-de-seguridad-de-onu-insta-a-restablecer-gobierno-de-transicion\/#primaryimage","url":"","contentUrl":""},{"@type":"BreadcrumbList","@id":"https:\/\/www.eldiario.net\/portal\/2021\/10\/29\/consejo-de-seguridad-de-onu-insta-a-restablecer-gobierno-de-transicion\/#breadcrumb","itemListElement":[{"@type":"ListItem","position":1,"name":"Portada","item":"https:\/\/www.eldiario.net\/portal\/"},{"@type":"ListItem","position":2,"name":"Consejo de Seguridad de ONU insta a restablecer gobierno de transici\u00f3n"}]},{"@type":"WebSite","@id":"https:\/\/www.eldiario.net\/portal\/#website","url":"https:\/\/www.eldiario.net\/portal\/","name":"El Diario - Decano de la prensa nacional","description":"El Diario - Decano de la prensa nacional","publisher":{"@id":"https:\/\/www.eldiario.net\/portal\/#organization"},"potentialAction":[{"@type":"SearchAction","target":{"@type":"EntryPoint","urlTemplate":"https:\/\/www.eldiario.net\/portal\/?s={search_term_string}"},"query-input":{"@type":"PropertyValueSpecification","valueRequired":true,"valueName":"search_term_string"}}],"inLanguage":"es"},{"@type":"Organization","@id":"https:\/\/www.eldiario.net\/portal\/#organization","name":"El Diario - Decano de la prensa nacional","url":"https:\/\/www.eldiario.net\/portal\/","logo":{"@type":"ImageObject","inLanguage":"es","@id":"https:\/\/www.eldiario.net\/portal\/#\/schema\/logo\/image\/","url":"https:\/\/www.eldiario.net\/portal\/wp-content\/uploads\/2023\/07\/logo_ED.jpg","contentUrl":"https:\/\/www.eldiario.net\/portal\/wp-content\/uploads\/2023\/07\/logo_ED.jpg","width":272,"height":52,"caption":"El Diario - Decano de la prensa nacional"},"image":{"@id":"https:\/\/www.eldiario.net\/portal\/#\/schema\/logo\/image\/"},"sameAs":["https:\/\/www.facebook.com\/eldiario.bolivia\/","https:\/\/x.com\/eldiario_net"]},{"@type":"Person","@id":"https:\/\/www.eldiario.net\/portal\/#\/schema\/person\/f46445640444750d7d753ccd04ae01b7","name":"Jeanette","image":{"@type":"ImageObject","inLanguage":"es","@id":"https:\/\/secure.gravatar.com\/avatar\/3ea2118a5f7dad2b7138b1187a6b7ee55f160b9968b66013c3a3ef39dd7e5798?s=96&d=mm&r=g","url":"https:\/\/secure.gravatar.com\/avatar\/3ea2118a5f7dad2b7138b1187a6b7ee55f160b9968b66013c3a3ef39dd7e5798?s=96&d=mm&r=g","contentUrl":"https:\/\/secure.gravatar.com\/avatar\/3ea2118a5f7dad2b7138b1187a6b7ee55f160b9968b66013c3a3ef39dd7e5798?s=96&d=mm&r=g","caption":"Jeanette"},"sameAs":["https:\/\/www.eldiario.net\/portal"],"url":"https:\/\/www.eldiario.net\/portal\/author\/jeanette\/"}]}},"_links":{"self":[{"href":"https:\/\/www.eldiario.net\/portal\/wp-json\/wp\/v2\/posts\/39606","targetHints":{"allow":["GET"]}}],"collection":[{"href":"https:\/\/www.eldiario.net\/portal\/wp-json\/wp\/v2\/posts"}],"about":[{"href":"https:\/\/www.eldiario.net\/portal\/wp-json\/wp\/v2\/types\/post"}],"author":[{"embeddable":true,"href":"https:\/\/www.eldiario.net\/portal\/wp-json\/wp\/v2\/users\/1"}],"replies":[{"embeddable":true,"href":"https:\/\/www.eldiario.net\/portal\/wp-json\/wp\/v2\/comments?post=39606"}],"version-history":[{"count":0,"href":"https:\/\/www.eldiario.net\/portal\/wp-json\/wp\/v2\/posts\/39606\/revisions"}],"wp:attachment":[{"href":"https:\/\/www.eldiario.net\/portal\/wp-json\/wp\/v2\/media?parent=39606"}],"wp:term":[{"taxonomy":"category","embeddable":true,"href":"https:\/\/www.eldiario.net\/portal\/wp-json\/wp\/v2\/categories?post=39606"},{"taxonomy":"post_tag","embeddable":true,"href":"https:\/\/www.eldiario.net\/portal\/wp-json\/wp\/v2\/tags?post=39606"}],"curies":[{"name":"wp","href":"https:\/\/api.w.org\/{rel}","templated":true}]}}