{"id":39595,"date":"2021-10-29T04:32:17","date_gmt":"2021-10-29T08:32:17","guid":{"rendered":"https:\/\/www.eldiario.net\/portal\/?p=39595"},"modified":"2021-10-29T04:32:17","modified_gmt":"2021-10-29T08:32:17","slug":"vamos-peor","status":"publish","type":"post","link":"https:\/\/www.eldiario.net\/portal\/2021\/10\/29\/vamos-peor\/","title":{"rendered":"Vamos peor"},"content":{"rendered":"<p>El Banco Central admite que en el primer semestre lleg\u00f3 al pa\u00eds menos inversi\u00f3n extranjera que en igual periodo de los \u00faltimos seis a\u00f1os.<br \/>\nEl dato es que entre enero y junio de 2014 hab\u00edan llegado 717 millones de d\u00f3lares y esta vez solamente 314 millones.<br \/>\nEl Gobierno hab\u00eda estado ofreciendo informaciones sobre el comportamiento de la econom\u00eda de este a\u00f1o como un gran mejoramiento respecto de 2020, sin aclarar que se trat\u00f3 de un a\u00f1o de par\u00e1lisis y que el efecto \u201crebote\u201d de ahora se ha dado en todo el mundo.<br \/>\nEste dato, de la inversi\u00f3n que ha ca\u00eddo viene a mostrar que las cosas est\u00e1n empeorando en el pa\u00eds porque la cifra de este a\u00f1o es incluso peor a la del a\u00f1o de la par\u00e1lisis.<br \/>\nEl BCB no hace proyecciones pero se puede prever que la tendencia descendente de las inversiones se mantenga, o quiz\u00e1 incluso se agudice en las pr\u00f3ximas gestiones.<br \/>\nEsto porque el presidente Luis Arce Catacora y los voceros del MAS se han propuesto mencionar que el proyecto que persiguen es imponer el socialismo en Bolivia.<br \/>\nAl parecer han recordado que el nombre del partido significa \u201cMovimiento al (hacia el) Socialismo\u201d, lo que quiz\u00e1 no sea compartido por los sectores vinculados con actividades econ\u00f3micas informales.<br \/>\nQuienes repiten con mayor \u00e9nfasis este mensaje sobre el objetivo de llegar al socialismo son el exvicepresidente Garc\u00eda Linera y el exministro Quintana: \u201cNuestra intenci\u00f3n es quitarles el dinero a los ricos para d\u00e1rselo a los pobres\u201d.<br \/>\nUn mensaje que, ciertamente, no ayuda a atraer inversiones, sino todo lo contrario, lo que terminar\u00eda acentuando la tendencia de los \u00faltimos seis a\u00f1os.<br \/>\nEl problema es que el pa\u00eds necesita desesperadamente la llegada de inversiones extranjeras ahora que la inversi\u00f3n p\u00fablica es manejada por un gobierno masista, sin intenciones de cambiar su obsesi\u00f3n por invertir el dinero del pa\u00eds en proyectos inservibles, pensando solo en la \u201ccomisi\u00f3n\u201d. No hay se\u00f1ales de que eso vaya a cambiar.<br \/>\nArgentina est\u00e1 pagando entre 12 y 15 d\u00f3lares el mill\u00f3n de BTU de gas natural licuado, el doble de lo que costaba en 2019, lo que hubiera permitido que Bolivia mejore precios por su gas, pero los yacimientos se han agotado de manera irreversible\u2026 por falta de inversiones.<br \/>\nLas petroleras o se han ido o est\u00e1n cambiando de rubro, seg\u00fan la tendencia actual, y el Gobierno sigue enviando mensajes agresivos contra la empresa privada, como hace con el caso del litio.<br \/>\nEl mensaje sobre el futuro socialista de Bolivia, que ahora lanza el MAS, tendr\u00eda que servir para que el electorado tome decisiones.<a href=\"https:\/\/www.eldiario.net\/portal\/wp-content\/uploads\/2021\/10\/Sin-titulo-1-4.jpg\"><img loading=\"lazy\" decoding=\"async\" class=\"aligncenter size-medium wp-image-39596\" src=\"https:\/\/www.eldiario.net\/portal\/wp-content\/uploads\/2021\/10\/Sin-titulo-1-4-300x60.jpg\" alt=\"\" width=\"300\" height=\"60\" \/><\/a><\/p>\n<p><img loading=\"lazy\" decoding=\"async\" class=\"alignleft size-full wp-image-39597\" src=\"https:\/\/www.eldiario.net\/portal\/wp-content\/uploads\/2021\/10\/PETROLEO-4.jpg\" alt=\"\" width=\"150\" height=\"202\" \/>PETR\u00d3LEO<\/p>\n<p>El precio del petr\u00f3leo cay\u00f3 esta semana como resultado de adelantos en las negociaciones internacionales con Ir\u00e1n que aseguran podr\u00e1n reiniciar sus proyectos nucleares sin sanciones. Estados Unidos hab\u00eda decidido unilateralmente implementar sanciones sobre Ir\u00e1n durante la presidencia de Donald Trump. Si todo sale bien, Ir\u00e1n volver\u00e1 a exportar petr\u00f3leo de forma regular y esto podr\u00eda cubrir la falta de petr\u00f3leo que eleva el precio en el \u00faltimo mes.<\/p>\n<p>&nbsp;<\/p>\n<p>&nbsp;<\/p>\n<p><img loading=\"lazy\" decoding=\"async\" class=\"alignleft size-full wp-image-39598\" src=\"https:\/\/www.eldiario.net\/portal\/wp-content\/uploads\/2021\/10\/ORO-4.jpg\" alt=\"\" width=\"150\" height=\"189\" \/>ORO<\/p>\n<p>La demanda mundial de oro registr\u00f3 una ca\u00edda interanual del 7 % durante el tercer trimestre, con una ca\u00edda de la inversi\u00f3n en el metal precioso de m\u00e1s del 50 %, liderada por una salida trimestral de fondos cotizados en bolsa respaldados por oro, seg\u00fan un informe de la World Gold Council publicado el mi\u00e9rcoles. El oro es la principal exportaci\u00f3n de Bolivia desde que super\u00f3 el valor de las exportaciones de Gas natural en lo que va de 2021.<\/p>\n<p>&nbsp;<\/p>\n<p>&nbsp;<\/p>\n<p><img loading=\"lazy\" decoding=\"async\" class=\"alignleft size-full wp-image-39599\" src=\"https:\/\/www.eldiario.net\/portal\/wp-content\/uploads\/2021\/10\/ZINC-4.jpg\" alt=\"\" width=\"150\" height=\"195\" \/>ZINC<\/p>\n<p>La reducci\u00f3n en la demanda mundial de zinc del a\u00f1o pasado fue de 4,6 % y el aumento de este a\u00f1o ser\u00e1 de 7 %, aseguran los expertos. El alto precio de la energ\u00eda en Europa result\u00f3 en anuncios de recortes de producci\u00f3n de zinc de Nyrstar (50 %) y Glencor (no especificado). El efecto de las restricciones de energ\u00eda en China se ve en la reducci\u00f3n de la demanda de zinc por parte de las industrias que producen bienes y sobre todo la construcci\u00f3n.<\/p>\n<p>&nbsp;<\/p>\n<p>&nbsp;<\/p>\n<p><em><strong>Bonos miserables<\/strong><\/em><\/p>\n<p>Este martes 26 de octubre, Venezuela comenz\u00f3 a entregar, en efectivo, el bono \u201cEconom\u00eda Familiar\u201d de 3,5 Bol\u00edvares (de los estrenados el 1 de octubre), lo que ahora equivale a US$ 0,8 y es tambi\u00e9n el equivalente al 50 % del salario m\u00ednimo mensual. Es el s\u00e9ptimo bono del mes que tratan de mejorar la crisis del hambre del socialismo del Siglo XXI.<\/p>\n<p><em><strong>Acuerdo urgente<\/strong><\/em><\/p>\n<p>\u201cSi todav\u00eda no cerramos un acuerdo, es porque no nos vamos a arrodillar\u201d, dijo Alberto Fern\u00e1ndez, el presidente de Argentina que busca un acuerdo para refinanciar una deuda de US$ 44.000 millones. La \u00faltima propuesta del FMI incluye facilitar regulaciones para la producci\u00f3n, el comercio y reformas a la estructura tributaria.<\/p>\n<p><em><strong>Desacuerdo peruano<\/strong><\/em><\/p>\n<p>El presidente del Per\u00fa, Pedro Castillo, ha pedido al Congreso facultades extraordinarias para aumentar impuestos y para \u201cestatizaci\u00f3n o nacionalizaci\u00f3n\u201d. En un esfuerzo fallido por apaciguar a los inversionistas, el ministro de econom\u00eda, Pedro Francke, dijo que \u201cnacionalizar\u201d el gas de Camisea \u201cno implica una estatizaci\u00f3n\u201d.<\/p>\n<p style=\"text-align: center;\">Lo bueno<br \/>\n***<br \/>\nEs que el Gobierno dice que volver\u00e1 a llamar a los interesados en desarrollar el litio de Uyuni, despu\u00e9s de varios intentos que quedaron desiertos.<\/p>\n<p style=\"text-align: center;\">Lo malo<br \/>\n***<br \/>\nEs que ahora se da por descontado que el contrato ha de ser entregado a alguna empresa china, por razones netamente pol\u00edticas, de alineamiento mundial.<\/p>\n<p style=\"text-align: center;\">Lo feo<br \/>\n***<br \/>\nEs que el mercado mundial del litio est\u00e1 copado y en Sudam\u00e9rica solo Chile y Argentina han quedado entre los mejor preparados para entrar en la competencia.<\/p>\n","protected":false},"excerpt":{"rendered":"<p>El Banco Central admite que en el primer semestre lleg\u00f3 al pa\u00eds menos inversi\u00f3n extranjera que en igual periodo de los \u00faltimos seis a\u00f1os. El dato es que entre enero y junio de 2014 hab\u00edan llegado 717 millones de d\u00f3lares y esta vez solamente 314 millones. El Gobierno hab\u00eda estado ofreciendo informaciones sobre el comportamiento [&hellip;]<\/p>\n","protected":false},"author":1,"featured_media":39600,"comment_status":"closed","ping_status":"closed","sticky":false,"template":"","format":"standard","meta":{"_acf_changed":false,"footnotes":""},"categories":[7],"tags":[],"class_list":["post-39595","post","type-post","status-publish","format-standard","has-post-thumbnail","category-economia"],"acf":{"antetitulo":""},"yoast_head":"<!-- This site is optimized with the Yoast SEO plugin v28.4 - https:\/\/yoast.com\/product\/yoast-seo-wordpress\/ -->\n<title>Vamos peor - El Diario - Bolivia<\/title>\n<meta name=\"robots\" content=\"index, follow, max-snippet:-1, max-image-preview:large, max-video-preview:-1\" \/>\n<link rel=\"canonical\" href=\"https:\/\/www.eldiario.net\/portal\/2021\/10\/29\/vamos-peor\/\" \/>\n<meta property=\"og:locale\" content=\"es_ES\" \/>\n<meta property=\"og:type\" content=\"article\" \/>\n<meta property=\"og:title\" content=\"Vamos peor - El Diario - Bolivia\" \/>\n<meta property=\"og:description\" content=\"El Banco Central admite que en el primer semestre lleg\u00f3 al pa\u00eds menos inversi\u00f3n extranjera que en igual periodo de los \u00faltimos seis a\u00f1os. El dato es que entre enero y junio de 2014 hab\u00edan llegado 717 millones de d\u00f3lares y esta vez solamente 314 millones. El Gobierno hab\u00eda estado ofreciendo informaciones sobre el comportamiento [&hellip;]\" \/>\n<meta property=\"og:url\" content=\"https:\/\/www.eldiario.net\/portal\/2021\/10\/29\/vamos-peor\/\" \/>\n<meta property=\"og:site_name\" content=\"El Diario - Bolivia\" \/>\n<meta property=\"article:publisher\" content=\"https:\/\/www.facebook.com\/eldiario.bolivia\/\" \/>\n<meta property=\"article:published_time\" content=\"2021-10-29T08:32:17+00:00\" \/>\n<meta name=\"author\" content=\"Jeanette\" \/>\n<meta name=\"twitter:card\" content=\"summary_large_image\" \/>\n<meta name=\"twitter:creator\" content=\"@eldiario_net\" \/>\n<meta name=\"twitter:site\" content=\"@eldiario_net\" \/>\n<meta name=\"twitter:label1\" content=\"Escrito por\" \/>\n\t<meta name=\"twitter:data1\" content=\"Jeanette\" \/>\n\t<meta name=\"twitter:label2\" content=\"Tiempo de lectura\" \/>\n\t<meta name=\"twitter:data2\" content=\"5 minutos\" \/>\n<script type=\"application\/ld+json\" class=\"yoast-schema-graph\">{\"@context\":\"https:\\\/\\\/schema.org\",\"@graph\":[{\"@type\":\"Article\",\"@id\":\"https:\\\/\\\/www.eldiario.net\\\/portal\\\/2021\\\/10\\\/29\\\/vamos-peor\\\/#article\",\"isPartOf\":{\"@id\":\"https:\\\/\\\/www.eldiario.net\\\/portal\\\/2021\\\/10\\\/29\\\/vamos-peor\\\/\"},\"author\":{\"name\":\"Jeanette\",\"@id\":\"https:\\\/\\\/www.eldiario.net\\\/portal\\\/#\\\/schema\\\/person\\\/f46445640444750d7d753ccd04ae01b7\"},\"headline\":\"Vamos peor\",\"datePublished\":\"2021-10-29T08:32:17+00:00\",\"mainEntityOfPage\":{\"@id\":\"https:\\\/\\\/www.eldiario.net\\\/portal\\\/2021\\\/10\\\/29\\\/vamos-peor\\\/\"},\"wordCount\":972,\"publisher\":{\"@id\":\"https:\\\/\\\/www.eldiario.net\\\/portal\\\/#organization\"},\"image\":{\"@id\":\"https:\\\/\\\/www.eldiario.net\\\/portal\\\/2021\\\/10\\\/29\\\/vamos-peor\\\/#primaryimage\"},\"thumbnailUrl\":\"\",\"articleSection\":[\"Econom\u00eda\"],\"inLanguage\":\"es\"},{\"@type\":\"WebPage\",\"@id\":\"https:\\\/\\\/www.eldiario.net\\\/portal\\\/2021\\\/10\\\/29\\\/vamos-peor\\\/\",\"url\":\"https:\\\/\\\/www.eldiario.net\\\/portal\\\/2021\\\/10\\\/29\\\/vamos-peor\\\/\",\"name\":\"Vamos peor - El Diario - Bolivia\",\"isPartOf\":{\"@id\":\"https:\\\/\\\/www.eldiario.net\\\/portal\\\/#website\"},\"primaryImageOfPage\":{\"@id\":\"https:\\\/\\\/www.eldiario.net\\\/portal\\\/2021\\\/10\\\/29\\\/vamos-peor\\\/#primaryimage\"},\"image\":{\"@id\":\"https:\\\/\\\/www.eldiario.net\\\/portal\\\/2021\\\/10\\\/29\\\/vamos-peor\\\/#primaryimage\"},\"thumbnailUrl\":\"\",\"datePublished\":\"2021-10-29T08:32:17+00:00\",\"breadcrumb\":{\"@id\":\"https:\\\/\\\/www.eldiario.net\\\/portal\\\/2021\\\/10\\\/29\\\/vamos-peor\\\/#breadcrumb\"},\"inLanguage\":\"es\",\"potentialAction\":[{\"@type\":\"ReadAction\",\"target\":[\"https:\\\/\\\/www.eldiario.net\\\/portal\\\/2021\\\/10\\\/29\\\/vamos-peor\\\/\"]}]},{\"@type\":\"ImageObject\",\"inLanguage\":\"es\",\"@id\":\"https:\\\/\\\/www.eldiario.net\\\/portal\\\/2021\\\/10\\\/29\\\/vamos-peor\\\/#primaryimage\",\"url\":\"\",\"contentUrl\":\"\"},{\"@type\":\"BreadcrumbList\",\"@id\":\"https:\\\/\\\/www.eldiario.net\\\/portal\\\/2021\\\/10\\\/29\\\/vamos-peor\\\/#breadcrumb\",\"itemListElement\":[{\"@type\":\"ListItem\",\"position\":1,\"name\":\"Portada\",\"item\":\"https:\\\/\\\/www.eldiario.net\\\/portal\\\/\"},{\"@type\":\"ListItem\",\"position\":2,\"name\":\"Vamos peor\"}]},{\"@type\":\"WebSite\",\"@id\":\"https:\\\/\\\/www.eldiario.net\\\/portal\\\/#website\",\"url\":\"https:\\\/\\\/www.eldiario.net\\\/portal\\\/\",\"name\":\"El Diario - Decano de la prensa nacional\",\"description\":\"El Diario - Decano de la prensa nacional\",\"publisher\":{\"@id\":\"https:\\\/\\\/www.eldiario.net\\\/portal\\\/#organization\"},\"potentialAction\":[{\"@type\":\"SearchAction\",\"target\":{\"@type\":\"EntryPoint\",\"urlTemplate\":\"https:\\\/\\\/www.eldiario.net\\\/portal\\\/?s={search_term_string}\"},\"query-input\":{\"@type\":\"PropertyValueSpecification\",\"valueRequired\":true,\"valueName\":\"search_term_string\"}}],\"inLanguage\":\"es\"},{\"@type\":\"Organization\",\"@id\":\"https:\\\/\\\/www.eldiario.net\\\/portal\\\/#organization\",\"name\":\"El Diario - Decano de la prensa nacional\",\"url\":\"https:\\\/\\\/www.eldiario.net\\\/portal\\\/\",\"logo\":{\"@type\":\"ImageObject\",\"inLanguage\":\"es\",\"@id\":\"https:\\\/\\\/www.eldiario.net\\\/portal\\\/#\\\/schema\\\/logo\\\/image\\\/\",\"url\":\"https:\\\/\\\/www.eldiario.net\\\/portal\\\/wp-content\\\/uploads\\\/2023\\\/07\\\/logo_ED.jpg\",\"contentUrl\":\"https:\\\/\\\/www.eldiario.net\\\/portal\\\/wp-content\\\/uploads\\\/2023\\\/07\\\/logo_ED.jpg\",\"width\":272,\"height\":52,\"caption\":\"El Diario - Decano de la prensa nacional\"},\"image\":{\"@id\":\"https:\\\/\\\/www.eldiario.net\\\/portal\\\/#\\\/schema\\\/logo\\\/image\\\/\"},\"sameAs\":[\"https:\\\/\\\/www.facebook.com\\\/eldiario.bolivia\\\/\",\"https:\\\/\\\/x.com\\\/eldiario_net\"]},{\"@type\":\"Person\",\"@id\":\"https:\\\/\\\/www.eldiario.net\\\/portal\\\/#\\\/schema\\\/person\\\/f46445640444750d7d753ccd04ae01b7\",\"name\":\"Jeanette\",\"image\":{\"@type\":\"ImageObject\",\"inLanguage\":\"es\",\"@id\":\"https:\\\/\\\/secure.gravatar.com\\\/avatar\\\/3ea2118a5f7dad2b7138b1187a6b7ee55f160b9968b66013c3a3ef39dd7e5798?s=96&d=mm&r=g\",\"url\":\"https:\\\/\\\/secure.gravatar.com\\\/avatar\\\/3ea2118a5f7dad2b7138b1187a6b7ee55f160b9968b66013c3a3ef39dd7e5798?s=96&d=mm&r=g\",\"contentUrl\":\"https:\\\/\\\/secure.gravatar.com\\\/avatar\\\/3ea2118a5f7dad2b7138b1187a6b7ee55f160b9968b66013c3a3ef39dd7e5798?s=96&d=mm&r=g\",\"caption\":\"Jeanette\"},\"sameAs\":[\"https:\\\/\\\/www.eldiario.net\\\/portal\"],\"url\":\"https:\\\/\\\/www.eldiario.net\\\/portal\\\/author\\\/jeanette\\\/\"}]}<\/script>\n<!-- \/ Yoast SEO plugin. -->","yoast_head_json":{"title":"Vamos peor - El Diario - Bolivia","robots":{"index":"index","follow":"follow","max-snippet":"max-snippet:-1","max-image-preview":"max-image-preview:large","max-video-preview":"max-video-preview:-1"},"canonical":"https:\/\/www.eldiario.net\/portal\/2021\/10\/29\/vamos-peor\/","og_locale":"es_ES","og_type":"article","og_title":"Vamos peor - El Diario - Bolivia","og_description":"El Banco Central admite que en el primer semestre lleg\u00f3 al pa\u00eds menos inversi\u00f3n extranjera que en igual periodo de los \u00faltimos seis a\u00f1os. El dato es que entre enero y junio de 2014 hab\u00edan llegado 717 millones de d\u00f3lares y esta vez solamente 314 millones. El Gobierno hab\u00eda estado ofreciendo informaciones sobre el comportamiento [&hellip;]","og_url":"https:\/\/www.eldiario.net\/portal\/2021\/10\/29\/vamos-peor\/","og_site_name":"El Diario - Bolivia","article_publisher":"https:\/\/www.facebook.com\/eldiario.bolivia\/","article_published_time":"2021-10-29T08:32:17+00:00","author":"Jeanette","twitter_card":"summary_large_image","twitter_creator":"@eldiario_net","twitter_site":"@eldiario_net","twitter_misc":{"Escrito por":"Jeanette","Tiempo de lectura":"5 minutos"},"schema":{"@context":"https:\/\/schema.org","@graph":[{"@type":"Article","@id":"https:\/\/www.eldiario.net\/portal\/2021\/10\/29\/vamos-peor\/#article","isPartOf":{"@id":"https:\/\/www.eldiario.net\/portal\/2021\/10\/29\/vamos-peor\/"},"author":{"name":"Jeanette","@id":"https:\/\/www.eldiario.net\/portal\/#\/schema\/person\/f46445640444750d7d753ccd04ae01b7"},"headline":"Vamos peor","datePublished":"2021-10-29T08:32:17+00:00","mainEntityOfPage":{"@id":"https:\/\/www.eldiario.net\/portal\/2021\/10\/29\/vamos-peor\/"},"wordCount":972,"publisher":{"@id":"https:\/\/www.eldiario.net\/portal\/#organization"},"image":{"@id":"https:\/\/www.eldiario.net\/portal\/2021\/10\/29\/vamos-peor\/#primaryimage"},"thumbnailUrl":"","articleSection":["Econom\u00eda"],"inLanguage":"es"},{"@type":"WebPage","@id":"https:\/\/www.eldiario.net\/portal\/2021\/10\/29\/vamos-peor\/","url":"https:\/\/www.eldiario.net\/portal\/2021\/10\/29\/vamos-peor\/","name":"Vamos peor - El Diario - Bolivia","isPartOf":{"@id":"https:\/\/www.eldiario.net\/portal\/#website"},"primaryImageOfPage":{"@id":"https:\/\/www.eldiario.net\/portal\/2021\/10\/29\/vamos-peor\/#primaryimage"},"image":{"@id":"https:\/\/www.eldiario.net\/portal\/2021\/10\/29\/vamos-peor\/#primaryimage"},"thumbnailUrl":"","datePublished":"2021-10-29T08:32:17+00:00","breadcrumb":{"@id":"https:\/\/www.eldiario.net\/portal\/2021\/10\/29\/vamos-peor\/#breadcrumb"},"inLanguage":"es","potentialAction":[{"@type":"ReadAction","target":["https:\/\/www.eldiario.net\/portal\/2021\/10\/29\/vamos-peor\/"]}]},{"@type":"ImageObject","inLanguage":"es","@id":"https:\/\/www.eldiario.net\/portal\/2021\/10\/29\/vamos-peor\/#primaryimage","url":"","contentUrl":""},{"@type":"BreadcrumbList","@id":"https:\/\/www.eldiario.net\/portal\/2021\/10\/29\/vamos-peor\/#breadcrumb","itemListElement":[{"@type":"ListItem","position":1,"name":"Portada","item":"https:\/\/www.eldiario.net\/portal\/"},{"@type":"ListItem","position":2,"name":"Vamos peor"}]},{"@type":"WebSite","@id":"https:\/\/www.eldiario.net\/portal\/#website","url":"https:\/\/www.eldiario.net\/portal\/","name":"El Diario - Decano de la prensa nacional","description":"El Diario - Decano de la prensa nacional","publisher":{"@id":"https:\/\/www.eldiario.net\/portal\/#organization"},"potentialAction":[{"@type":"SearchAction","target":{"@type":"EntryPoint","urlTemplate":"https:\/\/www.eldiario.net\/portal\/?s={search_term_string}"},"query-input":{"@type":"PropertyValueSpecification","valueRequired":true,"valueName":"search_term_string"}}],"inLanguage":"es"},{"@type":"Organization","@id":"https:\/\/www.eldiario.net\/portal\/#organization","name":"El Diario - Decano de la prensa nacional","url":"https:\/\/www.eldiario.net\/portal\/","logo":{"@type":"ImageObject","inLanguage":"es","@id":"https:\/\/www.eldiario.net\/portal\/#\/schema\/logo\/image\/","url":"https:\/\/www.eldiario.net\/portal\/wp-content\/uploads\/2023\/07\/logo_ED.jpg","contentUrl":"https:\/\/www.eldiario.net\/portal\/wp-content\/uploads\/2023\/07\/logo_ED.jpg","width":272,"height":52,"caption":"El Diario - Decano de la prensa nacional"},"image":{"@id":"https:\/\/www.eldiario.net\/portal\/#\/schema\/logo\/image\/"},"sameAs":["https:\/\/www.facebook.com\/eldiario.bolivia\/","https:\/\/x.com\/eldiario_net"]},{"@type":"Person","@id":"https:\/\/www.eldiario.net\/portal\/#\/schema\/person\/f46445640444750d7d753ccd04ae01b7","name":"Jeanette","image":{"@type":"ImageObject","inLanguage":"es","@id":"https:\/\/secure.gravatar.com\/avatar\/3ea2118a5f7dad2b7138b1187a6b7ee55f160b9968b66013c3a3ef39dd7e5798?s=96&d=mm&r=g","url":"https:\/\/secure.gravatar.com\/avatar\/3ea2118a5f7dad2b7138b1187a6b7ee55f160b9968b66013c3a3ef39dd7e5798?s=96&d=mm&r=g","contentUrl":"https:\/\/secure.gravatar.com\/avatar\/3ea2118a5f7dad2b7138b1187a6b7ee55f160b9968b66013c3a3ef39dd7e5798?s=96&d=mm&r=g","caption":"Jeanette"},"sameAs":["https:\/\/www.eldiario.net\/portal"],"url":"https:\/\/www.eldiario.net\/portal\/author\/jeanette\/"}]}},"_links":{"self":[{"href":"https:\/\/www.eldiario.net\/portal\/wp-json\/wp\/v2\/posts\/39595","targetHints":{"allow":["GET"]}}],"collection":[{"href":"https:\/\/www.eldiario.net\/portal\/wp-json\/wp\/v2\/posts"}],"about":[{"href":"https:\/\/www.eldiario.net\/portal\/wp-json\/wp\/v2\/types\/post"}],"author":[{"embeddable":true,"href":"https:\/\/www.eldiario.net\/portal\/wp-json\/wp\/v2\/users\/1"}],"replies":[{"embeddable":true,"href":"https:\/\/www.eldiario.net\/portal\/wp-json\/wp\/v2\/comments?post=39595"}],"version-history":[{"count":0,"href":"https:\/\/www.eldiario.net\/portal\/wp-json\/wp\/v2\/posts\/39595\/revisions"}],"wp:attachment":[{"href":"https:\/\/www.eldiario.net\/portal\/wp-json\/wp\/v2\/media?parent=39595"}],"wp:term":[{"taxonomy":"category","embeddable":true,"href":"https:\/\/www.eldiario.net\/portal\/wp-json\/wp\/v2\/categories?post=39595"},{"taxonomy":"post_tag","embeddable":true,"href":"https:\/\/www.eldiario.net\/portal\/wp-json\/wp\/v2\/tags?post=39595"}],"curies":[{"name":"wp","href":"https:\/\/api.w.org\/{rel}","templated":true}]}}