{"id":39591,"date":"2021-10-29T04:25:21","date_gmt":"2021-10-29T08:25:21","guid":{"rendered":"https:\/\/www.eldiario.net\/portal\/?p=39591"},"modified":"2021-10-29T04:25:21","modified_gmt":"2021-10-29T08:25:21","slug":"bolivia-reporta-superavit-comercial-de-us-1-500-millones-a-septiembre","status":"publish","type":"post","link":"https:\/\/www.eldiario.net\/portal\/2021\/10\/29\/bolivia-reporta-superavit-comercial-de-us-1-500-millones-a-septiembre\/","title":{"rendered":"Bolivia reporta super\u00e1vit comercial  de $us 1.500 millones a septiembre"},"content":{"rendered":"<p>A septiembre de 2021, las exportaciones reportaron un crecimiento del 40 % respecto a 2020 y 17 % con relaci\u00f3n a 2019. Las importaciones crecieron un 25 % respecto a 2020 y decrecieron un 13 % en 2019. Se reporta un super\u00e1vit comercial de 1500 millones de d\u00f3lares, report\u00f3 el gerente general de la C\u00e1mara Nacional de Comercio, Gustavo J\u00e1uregui, en su cuenta de Twitter.<br \/>\nAl mes de septiembre de la gesti\u00f3n 2021, el saldo comercial registr\u00f3 un super\u00e1vit acumulado de 1.500 millones de d\u00f3lares, en comparaci\u00f3n a similar periodo de 2020, en que se present\u00f3 d\u00e9ficit de -109 millones, inform\u00f3 el Instituto Nacional de Estad\u00edstica (INE).<br \/>\nDespu\u00e9s de seis a\u00f1os nuevamente se registra un super\u00e1vit comercial, impulsado por los minerales y en menor aporte de los hidrocarburos, as\u00ed como las manufacturas, debido a un entorno internacional favorable.<br \/>\nLas exportaciones totales a septiembre de 2021 muestran un incremento de 66 % alcanzado 7.986 millones de d\u00f3lares, cifra mayor en 3.174 millones de d\u00f3lares a la registrada en el mismo per\u00edodo de 2020.<br \/>\nPor su parte, las importaciones a septiembre presentan un incremento de 32 % alcanzando a 6.486 millones de d\u00f3lares, cifra mayor en 1.565 millones a la registrada en igual per\u00edodo de 2020, cuando se obtuvo 4.921 millones de d\u00f3lares.<br \/>\nDe enero a septiembre 2021, las exportaciones nacionales (que no incluyen reexportaciones ni efectos personales) llegaron a 7.913,0 millones de d\u00f3lares, cifra muy superior a la registrada en similar per\u00edodo de 2020, cuando se alcanz\u00f3 4.747,0 millones de d\u00f3lares, representando un incremento de 66,7 %.<br \/>\nEse comportamiento se explica por las variaciones positivas que se registraron en: agricultura, ganader\u00eda, caza, silvicultura y pesca 21,4 %; extracci\u00f3n de hidrocarburos 9,1 %; extracci\u00f3n de minerales en 104,9 % e industria manufacturera 98,5 %.<br \/>\nLos principales productos que aumentaron las exportaciones en agricultura, ganader\u00eda, caza, silvicultura y pesca fueron: casta\u00f1a en 43,3 %; semillas de s\u00e9samo (ajonjol\u00ed) en 20,6 % y bananas en 8,4 %.<br \/>\nLa extracci\u00f3n de hidrocarburos muestra una recuperaci\u00f3n paulatina del sector debido a las exportaciones de gas natural que alcanz\u00f3 un 8,5 % y combustible (petr\u00f3leo) con 91,8 %, mientras que la actividad minera present\u00f3 una variaci\u00f3n positiva por el incremento de las exportaciones del mineral de plata en 130,0 %, de plomo en 106,0 % y zinc en 88,5 %, en comparaci\u00f3n a similar per\u00edodo de 2020.<br \/>\nA septiembre de la gesti\u00f3n, los principales productos de la industria manufacturera que incrementaron las exportaciones respecto al mismo per\u00edodo del 2020 fueron: esta\u00f1o met\u00e1lico en 177,3 %, oro met\u00e1lico en 123,5 %, carne de la especie bovina en 100,4 %, y productos derivados de soya en 76,3 %.<\/p>\n\n","protected":false},"excerpt":{"rendered":"<p>A septiembre de 2021, las exportaciones reportaron un crecimiento del 40 % respecto a 2020 y 17 % con relaci\u00f3n a 2019. Las importaciones crecieron un 25 % respecto a 2020 y decrecieron un 13 % en 2019. Se reporta un super\u00e1vit comercial de 1500 millones de d\u00f3lares, report\u00f3 el gerente general de la C\u00e1mara [&hellip;]<\/p>\n","protected":false},"author":1,"featured_media":39592,"comment_status":"closed","ping_status":"closed","sticky":false,"template":"","format":"standard","meta":{"_acf_changed":false,"footnotes":""},"categories":[7],"tags":[],"class_list":["post-39591","post","type-post","status-publish","format-standard","has-post-thumbnail","category-economia"],"acf":{"antetitulo":""},"yoast_head":"<!-- This site is optimized with the Yoast SEO plugin v28.4 - https:\/\/yoast.com\/product\/yoast-seo-wordpress\/ -->\n<title>Bolivia reporta super\u00e1vit comercial de $us 1.500 millones a septiembre - El Diario - Bolivia<\/title>\n<meta name=\"robots\" content=\"index, follow, max-snippet:-1, max-image-preview:large, max-video-preview:-1\" \/>\n<link rel=\"canonical\" href=\"https:\/\/www.eldiario.net\/portal\/2021\/10\/29\/bolivia-reporta-superavit-comercial-de-us-1-500-millones-a-septiembre\/\" \/>\n<meta property=\"og:locale\" content=\"es_ES\" \/>\n<meta property=\"og:type\" content=\"article\" \/>\n<meta property=\"og:title\" content=\"Bolivia reporta super\u00e1vit comercial de $us 1.500 millones a septiembre - El Diario - Bolivia\" \/>\n<meta property=\"og:description\" content=\"A septiembre de 2021, las exportaciones reportaron un crecimiento del 40 % respecto a 2020 y 17 % con relaci\u00f3n a 2019. Las importaciones crecieron un 25 % respecto a 2020 y decrecieron un 13 % en 2019. Se reporta un super\u00e1vit comercial de 1500 millones de d\u00f3lares, report\u00f3 el gerente general de la C\u00e1mara [&hellip;]\" \/>\n<meta property=\"og:url\" content=\"https:\/\/www.eldiario.net\/portal\/2021\/10\/29\/bolivia-reporta-superavit-comercial-de-us-1-500-millones-a-septiembre\/\" \/>\n<meta property=\"og:site_name\" content=\"El Diario - Bolivia\" \/>\n<meta property=\"article:publisher\" content=\"https:\/\/www.facebook.com\/eldiario.bolivia\/\" \/>\n<meta property=\"article:published_time\" content=\"2021-10-29T08:25:21+00:00\" \/>\n<meta name=\"author\" content=\"Jeanette\" \/>\n<meta name=\"twitter:card\" content=\"summary_large_image\" \/>\n<meta name=\"twitter:creator\" content=\"@eldiario_net\" \/>\n<meta name=\"twitter:site\" content=\"@eldiario_net\" \/>\n<meta name=\"twitter:label1\" content=\"Escrito por\" \/>\n\t<meta name=\"twitter:data1\" content=\"Jeanette\" \/>\n\t<meta name=\"twitter:label2\" content=\"Tiempo de lectura\" \/>\n\t<meta name=\"twitter:data2\" content=\"2 minutos\" \/>\n<script type=\"application\/ld+json\" class=\"yoast-schema-graph\">{\"@context\":\"https:\\\/\\\/schema.org\",\"@graph\":[{\"@type\":\"Article\",\"@id\":\"https:\\\/\\\/www.eldiario.net\\\/portal\\\/2021\\\/10\\\/29\\\/bolivia-reporta-superavit-comercial-de-us-1-500-millones-a-septiembre\\\/#article\",\"isPartOf\":{\"@id\":\"https:\\\/\\\/www.eldiario.net\\\/portal\\\/2021\\\/10\\\/29\\\/bolivia-reporta-superavit-comercial-de-us-1-500-millones-a-septiembre\\\/\"},\"author\":{\"name\":\"Jeanette\",\"@id\":\"https:\\\/\\\/www.eldiario.net\\\/portal\\\/#\\\/schema\\\/person\\\/f46445640444750d7d753ccd04ae01b7\"},\"headline\":\"Bolivia reporta super\u00e1vit comercial de $us 1.500 millones a septiembre\",\"datePublished\":\"2021-10-29T08:25:21+00:00\",\"mainEntityOfPage\":{\"@id\":\"https:\\\/\\\/www.eldiario.net\\\/portal\\\/2021\\\/10\\\/29\\\/bolivia-reporta-superavit-comercial-de-us-1-500-millones-a-septiembre\\\/\"},\"wordCount\":424,\"publisher\":{\"@id\":\"https:\\\/\\\/www.eldiario.net\\\/portal\\\/#organization\"},\"image\":{\"@id\":\"https:\\\/\\\/www.eldiario.net\\\/portal\\\/2021\\\/10\\\/29\\\/bolivia-reporta-superavit-comercial-de-us-1-500-millones-a-septiembre\\\/#primaryimage\"},\"thumbnailUrl\":\"\",\"articleSection\":[\"Econom\u00eda\"],\"inLanguage\":\"es\"},{\"@type\":\"WebPage\",\"@id\":\"https:\\\/\\\/www.eldiario.net\\\/portal\\\/2021\\\/10\\\/29\\\/bolivia-reporta-superavit-comercial-de-us-1-500-millones-a-septiembre\\\/\",\"url\":\"https:\\\/\\\/www.eldiario.net\\\/portal\\\/2021\\\/10\\\/29\\\/bolivia-reporta-superavit-comercial-de-us-1-500-millones-a-septiembre\\\/\",\"name\":\"Bolivia reporta super\u00e1vit comercial de $us 1.500 millones a septiembre - El Diario - Bolivia\",\"isPartOf\":{\"@id\":\"https:\\\/\\\/www.eldiario.net\\\/portal\\\/#website\"},\"primaryImageOfPage\":{\"@id\":\"https:\\\/\\\/www.eldiario.net\\\/portal\\\/2021\\\/10\\\/29\\\/bolivia-reporta-superavit-comercial-de-us-1-500-millones-a-septiembre\\\/#primaryimage\"},\"image\":{\"@id\":\"https:\\\/\\\/www.eldiario.net\\\/portal\\\/2021\\\/10\\\/29\\\/bolivia-reporta-superavit-comercial-de-us-1-500-millones-a-septiembre\\\/#primaryimage\"},\"thumbnailUrl\":\"\",\"datePublished\":\"2021-10-29T08:25:21+00:00\",\"breadcrumb\":{\"@id\":\"https:\\\/\\\/www.eldiario.net\\\/portal\\\/2021\\\/10\\\/29\\\/bolivia-reporta-superavit-comercial-de-us-1-500-millones-a-septiembre\\\/#breadcrumb\"},\"inLanguage\":\"es\",\"potentialAction\":[{\"@type\":\"ReadAction\",\"target\":[\"https:\\\/\\\/www.eldiario.net\\\/portal\\\/2021\\\/10\\\/29\\\/bolivia-reporta-superavit-comercial-de-us-1-500-millones-a-septiembre\\\/\"]}]},{\"@type\":\"ImageObject\",\"inLanguage\":\"es\",\"@id\":\"https:\\\/\\\/www.eldiario.net\\\/portal\\\/2021\\\/10\\\/29\\\/bolivia-reporta-superavit-comercial-de-us-1-500-millones-a-septiembre\\\/#primaryimage\",\"url\":\"\",\"contentUrl\":\"\"},{\"@type\":\"BreadcrumbList\",\"@id\":\"https:\\\/\\\/www.eldiario.net\\\/portal\\\/2021\\\/10\\\/29\\\/bolivia-reporta-superavit-comercial-de-us-1-500-millones-a-septiembre\\\/#breadcrumb\",\"itemListElement\":[{\"@type\":\"ListItem\",\"position\":1,\"name\":\"Portada\",\"item\":\"https:\\\/\\\/www.eldiario.net\\\/portal\\\/\"},{\"@type\":\"ListItem\",\"position\":2,\"name\":\"Bolivia reporta super\u00e1vit comercial de $us 1.500 millones a septiembre\"}]},{\"@type\":\"WebSite\",\"@id\":\"https:\\\/\\\/www.eldiario.net\\\/portal\\\/#website\",\"url\":\"https:\\\/\\\/www.eldiario.net\\\/portal\\\/\",\"name\":\"El Diario - Decano de la prensa nacional\",\"description\":\"El Diario - Decano de la prensa nacional\",\"publisher\":{\"@id\":\"https:\\\/\\\/www.eldiario.net\\\/portal\\\/#organization\"},\"potentialAction\":[{\"@type\":\"SearchAction\",\"target\":{\"@type\":\"EntryPoint\",\"urlTemplate\":\"https:\\\/\\\/www.eldiario.net\\\/portal\\\/?s={search_term_string}\"},\"query-input\":{\"@type\":\"PropertyValueSpecification\",\"valueRequired\":true,\"valueName\":\"search_term_string\"}}],\"inLanguage\":\"es\"},{\"@type\":\"Organization\",\"@id\":\"https:\\\/\\\/www.eldiario.net\\\/portal\\\/#organization\",\"name\":\"El Diario - Decano de la prensa nacional\",\"url\":\"https:\\\/\\\/www.eldiario.net\\\/portal\\\/\",\"logo\":{\"@type\":\"ImageObject\",\"inLanguage\":\"es\",\"@id\":\"https:\\\/\\\/www.eldiario.net\\\/portal\\\/#\\\/schema\\\/logo\\\/image\\\/\",\"url\":\"https:\\\/\\\/www.eldiario.net\\\/portal\\\/wp-content\\\/uploads\\\/2023\\\/07\\\/logo_ED.jpg\",\"contentUrl\":\"https:\\\/\\\/www.eldiario.net\\\/portal\\\/wp-content\\\/uploads\\\/2023\\\/07\\\/logo_ED.jpg\",\"width\":272,\"height\":52,\"caption\":\"El Diario - Decano de la prensa nacional\"},\"image\":{\"@id\":\"https:\\\/\\\/www.eldiario.net\\\/portal\\\/#\\\/schema\\\/logo\\\/image\\\/\"},\"sameAs\":[\"https:\\\/\\\/www.facebook.com\\\/eldiario.bolivia\\\/\",\"https:\\\/\\\/x.com\\\/eldiario_net\"]},{\"@type\":\"Person\",\"@id\":\"https:\\\/\\\/www.eldiario.net\\\/portal\\\/#\\\/schema\\\/person\\\/f46445640444750d7d753ccd04ae01b7\",\"name\":\"Jeanette\",\"image\":{\"@type\":\"ImageObject\",\"inLanguage\":\"es\",\"@id\":\"https:\\\/\\\/secure.gravatar.com\\\/avatar\\\/3ea2118a5f7dad2b7138b1187a6b7ee55f160b9968b66013c3a3ef39dd7e5798?s=96&d=mm&r=g\",\"url\":\"https:\\\/\\\/secure.gravatar.com\\\/avatar\\\/3ea2118a5f7dad2b7138b1187a6b7ee55f160b9968b66013c3a3ef39dd7e5798?s=96&d=mm&r=g\",\"contentUrl\":\"https:\\\/\\\/secure.gravatar.com\\\/avatar\\\/3ea2118a5f7dad2b7138b1187a6b7ee55f160b9968b66013c3a3ef39dd7e5798?s=96&d=mm&r=g\",\"caption\":\"Jeanette\"},\"sameAs\":[\"https:\\\/\\\/www.eldiario.net\\\/portal\"],\"url\":\"https:\\\/\\\/www.eldiario.net\\\/portal\\\/author\\\/jeanette\\\/\"}]}<\/script>\n<!-- \/ Yoast SEO plugin. -->","yoast_head_json":{"title":"Bolivia reporta super\u00e1vit comercial de $us 1.500 millones a septiembre - El Diario - Bolivia","robots":{"index":"index","follow":"follow","max-snippet":"max-snippet:-1","max-image-preview":"max-image-preview:large","max-video-preview":"max-video-preview:-1"},"canonical":"https:\/\/www.eldiario.net\/portal\/2021\/10\/29\/bolivia-reporta-superavit-comercial-de-us-1-500-millones-a-septiembre\/","og_locale":"es_ES","og_type":"article","og_title":"Bolivia reporta super\u00e1vit comercial de $us 1.500 millones a septiembre - El Diario - Bolivia","og_description":"A septiembre de 2021, las exportaciones reportaron un crecimiento del 40 % respecto a 2020 y 17 % con relaci\u00f3n a 2019. Las importaciones crecieron un 25 % respecto a 2020 y decrecieron un 13 % en 2019. Se reporta un super\u00e1vit comercial de 1500 millones de d\u00f3lares, report\u00f3 el gerente general de la C\u00e1mara [&hellip;]","og_url":"https:\/\/www.eldiario.net\/portal\/2021\/10\/29\/bolivia-reporta-superavit-comercial-de-us-1-500-millones-a-septiembre\/","og_site_name":"El Diario - Bolivia","article_publisher":"https:\/\/www.facebook.com\/eldiario.bolivia\/","article_published_time":"2021-10-29T08:25:21+00:00","author":"Jeanette","twitter_card":"summary_large_image","twitter_creator":"@eldiario_net","twitter_site":"@eldiario_net","twitter_misc":{"Escrito por":"Jeanette","Tiempo de lectura":"2 minutos"},"schema":{"@context":"https:\/\/schema.org","@graph":[{"@type":"Article","@id":"https:\/\/www.eldiario.net\/portal\/2021\/10\/29\/bolivia-reporta-superavit-comercial-de-us-1-500-millones-a-septiembre\/#article","isPartOf":{"@id":"https:\/\/www.eldiario.net\/portal\/2021\/10\/29\/bolivia-reporta-superavit-comercial-de-us-1-500-millones-a-septiembre\/"},"author":{"name":"Jeanette","@id":"https:\/\/www.eldiario.net\/portal\/#\/schema\/person\/f46445640444750d7d753ccd04ae01b7"},"headline":"Bolivia reporta super\u00e1vit comercial de $us 1.500 millones a septiembre","datePublished":"2021-10-29T08:25:21+00:00","mainEntityOfPage":{"@id":"https:\/\/www.eldiario.net\/portal\/2021\/10\/29\/bolivia-reporta-superavit-comercial-de-us-1-500-millones-a-septiembre\/"},"wordCount":424,"publisher":{"@id":"https:\/\/www.eldiario.net\/portal\/#organization"},"image":{"@id":"https:\/\/www.eldiario.net\/portal\/2021\/10\/29\/bolivia-reporta-superavit-comercial-de-us-1-500-millones-a-septiembre\/#primaryimage"},"thumbnailUrl":"","articleSection":["Econom\u00eda"],"inLanguage":"es"},{"@type":"WebPage","@id":"https:\/\/www.eldiario.net\/portal\/2021\/10\/29\/bolivia-reporta-superavit-comercial-de-us-1-500-millones-a-septiembre\/","url":"https:\/\/www.eldiario.net\/portal\/2021\/10\/29\/bolivia-reporta-superavit-comercial-de-us-1-500-millones-a-septiembre\/","name":"Bolivia reporta super\u00e1vit comercial de $us 1.500 millones a septiembre - El Diario - Bolivia","isPartOf":{"@id":"https:\/\/www.eldiario.net\/portal\/#website"},"primaryImageOfPage":{"@id":"https:\/\/www.eldiario.net\/portal\/2021\/10\/29\/bolivia-reporta-superavit-comercial-de-us-1-500-millones-a-septiembre\/#primaryimage"},"image":{"@id":"https:\/\/www.eldiario.net\/portal\/2021\/10\/29\/bolivia-reporta-superavit-comercial-de-us-1-500-millones-a-septiembre\/#primaryimage"},"thumbnailUrl":"","datePublished":"2021-10-29T08:25:21+00:00","breadcrumb":{"@id":"https:\/\/www.eldiario.net\/portal\/2021\/10\/29\/bolivia-reporta-superavit-comercial-de-us-1-500-millones-a-septiembre\/#breadcrumb"},"inLanguage":"es","potentialAction":[{"@type":"ReadAction","target":["https:\/\/www.eldiario.net\/portal\/2021\/10\/29\/bolivia-reporta-superavit-comercial-de-us-1-500-millones-a-septiembre\/"]}]},{"@type":"ImageObject","inLanguage":"es","@id":"https:\/\/www.eldiario.net\/portal\/2021\/10\/29\/bolivia-reporta-superavit-comercial-de-us-1-500-millones-a-septiembre\/#primaryimage","url":"","contentUrl":""},{"@type":"BreadcrumbList","@id":"https:\/\/www.eldiario.net\/portal\/2021\/10\/29\/bolivia-reporta-superavit-comercial-de-us-1-500-millones-a-septiembre\/#breadcrumb","itemListElement":[{"@type":"ListItem","position":1,"name":"Portada","item":"https:\/\/www.eldiario.net\/portal\/"},{"@type":"ListItem","position":2,"name":"Bolivia reporta super\u00e1vit comercial de $us 1.500 millones a septiembre"}]},{"@type":"WebSite","@id":"https:\/\/www.eldiario.net\/portal\/#website","url":"https:\/\/www.eldiario.net\/portal\/","name":"El Diario - Decano de la prensa nacional","description":"El Diario - Decano de la prensa nacional","publisher":{"@id":"https:\/\/www.eldiario.net\/portal\/#organization"},"potentialAction":[{"@type":"SearchAction","target":{"@type":"EntryPoint","urlTemplate":"https:\/\/www.eldiario.net\/portal\/?s={search_term_string}"},"query-input":{"@type":"PropertyValueSpecification","valueRequired":true,"valueName":"search_term_string"}}],"inLanguage":"es"},{"@type":"Organization","@id":"https:\/\/www.eldiario.net\/portal\/#organization","name":"El Diario - Decano de la prensa nacional","url":"https:\/\/www.eldiario.net\/portal\/","logo":{"@type":"ImageObject","inLanguage":"es","@id":"https:\/\/www.eldiario.net\/portal\/#\/schema\/logo\/image\/","url":"https:\/\/www.eldiario.net\/portal\/wp-content\/uploads\/2023\/07\/logo_ED.jpg","contentUrl":"https:\/\/www.eldiario.net\/portal\/wp-content\/uploads\/2023\/07\/logo_ED.jpg","width":272,"height":52,"caption":"El Diario - Decano de la prensa nacional"},"image":{"@id":"https:\/\/www.eldiario.net\/portal\/#\/schema\/logo\/image\/"},"sameAs":["https:\/\/www.facebook.com\/eldiario.bolivia\/","https:\/\/x.com\/eldiario_net"]},{"@type":"Person","@id":"https:\/\/www.eldiario.net\/portal\/#\/schema\/person\/f46445640444750d7d753ccd04ae01b7","name":"Jeanette","image":{"@type":"ImageObject","inLanguage":"es","@id":"https:\/\/secure.gravatar.com\/avatar\/3ea2118a5f7dad2b7138b1187a6b7ee55f160b9968b66013c3a3ef39dd7e5798?s=96&d=mm&r=g","url":"https:\/\/secure.gravatar.com\/avatar\/3ea2118a5f7dad2b7138b1187a6b7ee55f160b9968b66013c3a3ef39dd7e5798?s=96&d=mm&r=g","contentUrl":"https:\/\/secure.gravatar.com\/avatar\/3ea2118a5f7dad2b7138b1187a6b7ee55f160b9968b66013c3a3ef39dd7e5798?s=96&d=mm&r=g","caption":"Jeanette"},"sameAs":["https:\/\/www.eldiario.net\/portal"],"url":"https:\/\/www.eldiario.net\/portal\/author\/jeanette\/"}]}},"_links":{"self":[{"href":"https:\/\/www.eldiario.net\/portal\/wp-json\/wp\/v2\/posts\/39591","targetHints":{"allow":["GET"]}}],"collection":[{"href":"https:\/\/www.eldiario.net\/portal\/wp-json\/wp\/v2\/posts"}],"about":[{"href":"https:\/\/www.eldiario.net\/portal\/wp-json\/wp\/v2\/types\/post"}],"author":[{"embeddable":true,"href":"https:\/\/www.eldiario.net\/portal\/wp-json\/wp\/v2\/users\/1"}],"replies":[{"embeddable":true,"href":"https:\/\/www.eldiario.net\/portal\/wp-json\/wp\/v2\/comments?post=39591"}],"version-history":[{"count":0,"href":"https:\/\/www.eldiario.net\/portal\/wp-json\/wp\/v2\/posts\/39591\/revisions"}],"wp:attachment":[{"href":"https:\/\/www.eldiario.net\/portal\/wp-json\/wp\/v2\/media?parent=39591"}],"wp:term":[{"taxonomy":"category","embeddable":true,"href":"https:\/\/www.eldiario.net\/portal\/wp-json\/wp\/v2\/categories?post=39591"},{"taxonomy":"post_tag","embeddable":true,"href":"https:\/\/www.eldiario.net\/portal\/wp-json\/wp\/v2\/tags?post=39591"}],"curies":[{"name":"wp","href":"https:\/\/api.w.org\/{rel}","templated":true}]}}