{"id":39587,"date":"2021-10-29T04:24:06","date_gmt":"2021-10-29T08:24:06","guid":{"rendered":"https:\/\/www.eldiario.net\/portal\/?p=39587"},"modified":"2021-10-29T04:24:06","modified_gmt":"2021-10-29T08:24:06","slug":"continuan-avasallamientos-a-predios-productivos-y-propietarios-piden-garantias","status":"publish","type":"post","link":"https:\/\/www.eldiario.net\/portal\/2021\/10\/29\/continuan-avasallamientos-a-predios-productivos-y-propietarios-piden-garantias\/","title":{"rendered":"Contin\u00faan avasallamientos a predios productivos y propietarios piden garant\u00edas"},"content":{"rendered":"<p>Ante el continuo avasallamiento de predios productivos en el departamento de Santa Cruz, los propietarios a trav\u00e9s de sus organizaciones agremiadas solicitan a las autoridades garant\u00edas para el desarrollo de sus actividades. Anapo, a trav\u00e9s de sus representantes, denunci\u00f3 el avasallamiento de la zona agr\u00edcola Las Alondras.<br \/>\nLa Asociaci\u00f3n de Productores de Oleaginosas y Trigo (Anapo), a trav\u00e9s de su presidente, Fidel Flores, expres\u00f3 la preocupaci\u00f3n de su sector productivo por el avasallamiento que se ha dado al predio agr\u00edcola \u201cLas Alondras\u201d, que se encuentra en la zona del norte integrado y que fue realizado por unas 70 personas, quienes ingresaron a la fuerza retiraron al personal bajo amenazas y robaron maquinaria agr\u00edcola.<br \/>\n\u201cExiste la preocupaci\u00f3n de predios agr\u00edcolas vecinos, que en conjunto representan unas 20 mil hect\u00e1reas que est\u00e1n en peligro de ser tomadas por los avasalladores, las cuales se dedican a la producci\u00f3n de soya, principalmente\u201d, indic\u00f3 Flores.<br \/>\nInform\u00f3 que los productores afectados ya han realizado las denuncias penales como corresponde contra los cabecillas identificados y esperan que las autoridades respectivas act\u00faen con celeridad y rigurosidad para detener estos actos delincuenciales que est\u00e1n ocurriendo.<br \/>\nSe\u00f1al\u00f3 que como sector productivo piden al Gobierno que brinde a los productores la seguridad jur\u00eddica para las tierras productivas y que act\u00fae en el marco de lo que establece la ley contra los avasalladores, que est\u00e1n tomando tierras productivas que producen alimentos para todos los bolivianos.<\/p>\n<p>Tomados<br \/>\nMientras tanto, ayer Anapo llev\u00f3 a periodistas al lugar de los avasallamientos y de repente fueron rodeados de encapuchados disparando al aire para amedrentar a los reporteros y ejecutivos de la entidad agr\u00edcola.<br \/>\nLuego de varias horas se inform\u00f3 que fueron liberados, pero los ejecutivos de Anapo exigen a las autoridades a tomar cartas en el asunto para detener a los avasalladores, que solo provocar\u00e1n reducir la producci\u00f3n de alimentos, ya que los predios ocupados producen principalmente soya.<\/p>\n<p>Encapuchados<br \/>\nUna de las personas que escap\u00f3 de los avasalladores Rony Roca relat\u00f3 que la intimidaci\u00f3n se realiz\u00f3 desde hace un mes, pero unos diez d\u00edas atr\u00e1s empezaron a ingresar a los predios encapuchados armados.<br \/>\nIndic\u00f3 que el avasallamiento provoc\u00f3 cuatro heridos de bala y utilizan la maquinar\u00eda tomada para realizar nuevos senderos y afectar los puentes en el lugar, solicit\u00f3 a las autoridades a que se ponga orden en el lugar.<br \/>\nDijo que pegan a la gente, amenazan con disparar y no permiten el ingreso de personal al lugar, adem\u00e1s no se puede dialogar con ellos.<br \/>\nRelat\u00f3 que tienen rifles con mira telesc\u00f3pica y no se dejan ver el rostro, se\u00f1al\u00f3 que sus familiares no pudieron salir del lugar.<br \/>\nEntretanto, Flores expres\u00f3 su preocupaci\u00f3n por los avasallamientos que sufren propiedades que est\u00e1n en proceso de producci\u00f3n de alimentos y solicit\u00f3 a las autoridades a que tomen medidas para precautelar las tierras productivas.<br \/>\nSe\u00f1al\u00f3 que los avasalladores ingresan a los predios a destrozar todo a su paso, ya que rompen las cercas, los candados se apropian de la maquinar\u00eda, entre otras cosas.<br \/>\nApunt\u00f3 que es responsabilidad del Gobierno garantizar predios en plena producci\u00f3n de alimentos.<br \/>\nPor su parte, el periodista de PAT, Roger Ticona, inform\u00f3 que fueron sorprendidos por los encapuchados en segundos y los amenazaron con armas, pero logr\u00f3 escapar.<br \/>\n\u201cFueron enca\u00f1onados\u201d, se\u00f1al\u00f3 al indicar que por suerte lograron escapar del lugar a toda velocidad.<\/p>\n<figure id=\"attachment_39589\" aria-describedby=\"caption-attachment-39589\" style=\"width: 213px\" class=\"wp-caption aligncenter\"><a href=\"https:\/\/www.eldiario.net\/portal\/wp-content\/uploads\/2021\/10\/fidel.jpg\"><img loading=\"lazy\" decoding=\"async\" class=\"size-medium wp-image-39589\" src=\"https:\/\/www.eldiario.net\/portal\/wp-content\/uploads\/2021\/10\/fidel-213x300.jpg\" alt=\"\" width=\"213\" height=\"300\" \/><\/a><figcaption id=\"caption-attachment-39589\" class=\"wp-caption-text\">Rony Roca, trabajador del lugar.<\/figcaption><\/figure>\n","protected":false},"excerpt":{"rendered":"<p>Ante el continuo avasallamiento de predios productivos en el departamento de Santa Cruz, los propietarios a trav\u00e9s de sus organizaciones agremiadas solicitan a las autoridades garant\u00edas para el desarrollo de sus actividades. Anapo, a trav\u00e9s de sus representantes, denunci\u00f3 el avasallamiento de la zona agr\u00edcola Las Alondras. La Asociaci\u00f3n de Productores de Oleaginosas y Trigo [&hellip;]<\/p>\n","protected":false},"author":1,"featured_media":39588,"comment_status":"closed","ping_status":"closed","sticky":false,"template":"","format":"standard","meta":{"_acf_changed":false,"footnotes":""},"categories":[7],"tags":[],"class_list":["post-39587","post","type-post","status-publish","format-standard","has-post-thumbnail","category-economia"],"acf":{"antetitulo":""},"yoast_head":"<!-- This site is optimized with the Yoast SEO plugin v28.4 - https:\/\/yoast.com\/product\/yoast-seo-wordpress\/ -->\n<title>Contin\u00faan avasallamientos a predios productivos y propietarios piden garant\u00edas - El Diario - Bolivia<\/title>\n<meta name=\"robots\" content=\"index, follow, max-snippet:-1, max-image-preview:large, max-video-preview:-1\" \/>\n<link rel=\"canonical\" href=\"https:\/\/www.eldiario.net\/portal\/2021\/10\/29\/continuan-avasallamientos-a-predios-productivos-y-propietarios-piden-garantias\/\" \/>\n<meta property=\"og:locale\" content=\"es_ES\" \/>\n<meta property=\"og:type\" content=\"article\" \/>\n<meta property=\"og:title\" content=\"Contin\u00faan avasallamientos a predios productivos y propietarios piden garant\u00edas - El Diario - Bolivia\" \/>\n<meta property=\"og:description\" content=\"Ante el continuo avasallamiento de predios productivos en el departamento de Santa Cruz, los propietarios a trav\u00e9s de sus organizaciones agremiadas solicitan a las autoridades garant\u00edas para el desarrollo de sus actividades. Anapo, a trav\u00e9s de sus representantes, denunci\u00f3 el avasallamiento de la zona agr\u00edcola Las Alondras. La Asociaci\u00f3n de Productores de Oleaginosas y Trigo [&hellip;]\" \/>\n<meta property=\"og:url\" content=\"https:\/\/www.eldiario.net\/portal\/2021\/10\/29\/continuan-avasallamientos-a-predios-productivos-y-propietarios-piden-garantias\/\" \/>\n<meta property=\"og:site_name\" content=\"El Diario - Bolivia\" \/>\n<meta property=\"article:publisher\" content=\"https:\/\/www.facebook.com\/eldiario.bolivia\/\" \/>\n<meta property=\"article:published_time\" content=\"2021-10-29T08:24:06+00:00\" \/>\n<meta name=\"author\" content=\"Jeanette\" \/>\n<meta name=\"twitter:card\" content=\"summary_large_image\" \/>\n<meta name=\"twitter:creator\" content=\"@eldiario_net\" \/>\n<meta name=\"twitter:site\" content=\"@eldiario_net\" \/>\n<meta name=\"twitter:label1\" content=\"Escrito por\" \/>\n\t<meta name=\"twitter:data1\" content=\"Jeanette\" \/>\n\t<meta name=\"twitter:label2\" content=\"Tiempo de lectura\" \/>\n\t<meta name=\"twitter:data2\" content=\"3 minutos\" \/>\n<script type=\"application\/ld+json\" class=\"yoast-schema-graph\">{\"@context\":\"https:\\\/\\\/schema.org\",\"@graph\":[{\"@type\":\"Article\",\"@id\":\"https:\\\/\\\/www.eldiario.net\\\/portal\\\/2021\\\/10\\\/29\\\/continuan-avasallamientos-a-predios-productivos-y-propietarios-piden-garantias\\\/#article\",\"isPartOf\":{\"@id\":\"https:\\\/\\\/www.eldiario.net\\\/portal\\\/2021\\\/10\\\/29\\\/continuan-avasallamientos-a-predios-productivos-y-propietarios-piden-garantias\\\/\"},\"author\":{\"name\":\"Jeanette\",\"@id\":\"https:\\\/\\\/www.eldiario.net\\\/portal\\\/#\\\/schema\\\/person\\\/f46445640444750d7d753ccd04ae01b7\"},\"headline\":\"Contin\u00faan avasallamientos a predios productivos y propietarios piden garant\u00edas\",\"datePublished\":\"2021-10-29T08:24:06+00:00\",\"mainEntityOfPage\":{\"@id\":\"https:\\\/\\\/www.eldiario.net\\\/portal\\\/2021\\\/10\\\/29\\\/continuan-avasallamientos-a-predios-productivos-y-propietarios-piden-garantias\\\/\"},\"wordCount\":607,\"publisher\":{\"@id\":\"https:\\\/\\\/www.eldiario.net\\\/portal\\\/#organization\"},\"image\":{\"@id\":\"https:\\\/\\\/www.eldiario.net\\\/portal\\\/2021\\\/10\\\/29\\\/continuan-avasallamientos-a-predios-productivos-y-propietarios-piden-garantias\\\/#primaryimage\"},\"thumbnailUrl\":\"\",\"articleSection\":[\"Econom\u00eda\"],\"inLanguage\":\"es\"},{\"@type\":\"WebPage\",\"@id\":\"https:\\\/\\\/www.eldiario.net\\\/portal\\\/2021\\\/10\\\/29\\\/continuan-avasallamientos-a-predios-productivos-y-propietarios-piden-garantias\\\/\",\"url\":\"https:\\\/\\\/www.eldiario.net\\\/portal\\\/2021\\\/10\\\/29\\\/continuan-avasallamientos-a-predios-productivos-y-propietarios-piden-garantias\\\/\",\"name\":\"Contin\u00faan avasallamientos a predios productivos y propietarios piden garant\u00edas - El Diario - Bolivia\",\"isPartOf\":{\"@id\":\"https:\\\/\\\/www.eldiario.net\\\/portal\\\/#website\"},\"primaryImageOfPage\":{\"@id\":\"https:\\\/\\\/www.eldiario.net\\\/portal\\\/2021\\\/10\\\/29\\\/continuan-avasallamientos-a-predios-productivos-y-propietarios-piden-garantias\\\/#primaryimage\"},\"image\":{\"@id\":\"https:\\\/\\\/www.eldiario.net\\\/portal\\\/2021\\\/10\\\/29\\\/continuan-avasallamientos-a-predios-productivos-y-propietarios-piden-garantias\\\/#primaryimage\"},\"thumbnailUrl\":\"\",\"datePublished\":\"2021-10-29T08:24:06+00:00\",\"breadcrumb\":{\"@id\":\"https:\\\/\\\/www.eldiario.net\\\/portal\\\/2021\\\/10\\\/29\\\/continuan-avasallamientos-a-predios-productivos-y-propietarios-piden-garantias\\\/#breadcrumb\"},\"inLanguage\":\"es\",\"potentialAction\":[{\"@type\":\"ReadAction\",\"target\":[\"https:\\\/\\\/www.eldiario.net\\\/portal\\\/2021\\\/10\\\/29\\\/continuan-avasallamientos-a-predios-productivos-y-propietarios-piden-garantias\\\/\"]}]},{\"@type\":\"ImageObject\",\"inLanguage\":\"es\",\"@id\":\"https:\\\/\\\/www.eldiario.net\\\/portal\\\/2021\\\/10\\\/29\\\/continuan-avasallamientos-a-predios-productivos-y-propietarios-piden-garantias\\\/#primaryimage\",\"url\":\"\",\"contentUrl\":\"\"},{\"@type\":\"BreadcrumbList\",\"@id\":\"https:\\\/\\\/www.eldiario.net\\\/portal\\\/2021\\\/10\\\/29\\\/continuan-avasallamientos-a-predios-productivos-y-propietarios-piden-garantias\\\/#breadcrumb\",\"itemListElement\":[{\"@type\":\"ListItem\",\"position\":1,\"name\":\"Portada\",\"item\":\"https:\\\/\\\/www.eldiario.net\\\/portal\\\/\"},{\"@type\":\"ListItem\",\"position\":2,\"name\":\"Contin\u00faan avasallamientos a predios productivos y propietarios piden garant\u00edas\"}]},{\"@type\":\"WebSite\",\"@id\":\"https:\\\/\\\/www.eldiario.net\\\/portal\\\/#website\",\"url\":\"https:\\\/\\\/www.eldiario.net\\\/portal\\\/\",\"name\":\"El Diario - Decano de la prensa nacional\",\"description\":\"El Diario - Decano de la prensa nacional\",\"publisher\":{\"@id\":\"https:\\\/\\\/www.eldiario.net\\\/portal\\\/#organization\"},\"potentialAction\":[{\"@type\":\"SearchAction\",\"target\":{\"@type\":\"EntryPoint\",\"urlTemplate\":\"https:\\\/\\\/www.eldiario.net\\\/portal\\\/?s={search_term_string}\"},\"query-input\":{\"@type\":\"PropertyValueSpecification\",\"valueRequired\":true,\"valueName\":\"search_term_string\"}}],\"inLanguage\":\"es\"},{\"@type\":\"Organization\",\"@id\":\"https:\\\/\\\/www.eldiario.net\\\/portal\\\/#organization\",\"name\":\"El Diario - Decano de la prensa nacional\",\"url\":\"https:\\\/\\\/www.eldiario.net\\\/portal\\\/\",\"logo\":{\"@type\":\"ImageObject\",\"inLanguage\":\"es\",\"@id\":\"https:\\\/\\\/www.eldiario.net\\\/portal\\\/#\\\/schema\\\/logo\\\/image\\\/\",\"url\":\"https:\\\/\\\/www.eldiario.net\\\/portal\\\/wp-content\\\/uploads\\\/2023\\\/07\\\/logo_ED.jpg\",\"contentUrl\":\"https:\\\/\\\/www.eldiario.net\\\/portal\\\/wp-content\\\/uploads\\\/2023\\\/07\\\/logo_ED.jpg\",\"width\":272,\"height\":52,\"caption\":\"El Diario - Decano de la prensa nacional\"},\"image\":{\"@id\":\"https:\\\/\\\/www.eldiario.net\\\/portal\\\/#\\\/schema\\\/logo\\\/image\\\/\"},\"sameAs\":[\"https:\\\/\\\/www.facebook.com\\\/eldiario.bolivia\\\/\",\"https:\\\/\\\/x.com\\\/eldiario_net\"]},{\"@type\":\"Person\",\"@id\":\"https:\\\/\\\/www.eldiario.net\\\/portal\\\/#\\\/schema\\\/person\\\/f46445640444750d7d753ccd04ae01b7\",\"name\":\"Jeanette\",\"image\":{\"@type\":\"ImageObject\",\"inLanguage\":\"es\",\"@id\":\"https:\\\/\\\/secure.gravatar.com\\\/avatar\\\/3ea2118a5f7dad2b7138b1187a6b7ee55f160b9968b66013c3a3ef39dd7e5798?s=96&d=mm&r=g\",\"url\":\"https:\\\/\\\/secure.gravatar.com\\\/avatar\\\/3ea2118a5f7dad2b7138b1187a6b7ee55f160b9968b66013c3a3ef39dd7e5798?s=96&d=mm&r=g\",\"contentUrl\":\"https:\\\/\\\/secure.gravatar.com\\\/avatar\\\/3ea2118a5f7dad2b7138b1187a6b7ee55f160b9968b66013c3a3ef39dd7e5798?s=96&d=mm&r=g\",\"caption\":\"Jeanette\"},\"sameAs\":[\"https:\\\/\\\/www.eldiario.net\\\/portal\"],\"url\":\"https:\\\/\\\/www.eldiario.net\\\/portal\\\/author\\\/jeanette\\\/\"}]}<\/script>\n<!-- \/ Yoast SEO plugin. -->","yoast_head_json":{"title":"Contin\u00faan avasallamientos a predios productivos y propietarios piden garant\u00edas - El Diario - Bolivia","robots":{"index":"index","follow":"follow","max-snippet":"max-snippet:-1","max-image-preview":"max-image-preview:large","max-video-preview":"max-video-preview:-1"},"canonical":"https:\/\/www.eldiario.net\/portal\/2021\/10\/29\/continuan-avasallamientos-a-predios-productivos-y-propietarios-piden-garantias\/","og_locale":"es_ES","og_type":"article","og_title":"Contin\u00faan avasallamientos a predios productivos y propietarios piden garant\u00edas - El Diario - Bolivia","og_description":"Ante el continuo avasallamiento de predios productivos en el departamento de Santa Cruz, los propietarios a trav\u00e9s de sus organizaciones agremiadas solicitan a las autoridades garant\u00edas para el desarrollo de sus actividades. Anapo, a trav\u00e9s de sus representantes, denunci\u00f3 el avasallamiento de la zona agr\u00edcola Las Alondras. La Asociaci\u00f3n de Productores de Oleaginosas y Trigo [&hellip;]","og_url":"https:\/\/www.eldiario.net\/portal\/2021\/10\/29\/continuan-avasallamientos-a-predios-productivos-y-propietarios-piden-garantias\/","og_site_name":"El Diario - Bolivia","article_publisher":"https:\/\/www.facebook.com\/eldiario.bolivia\/","article_published_time":"2021-10-29T08:24:06+00:00","author":"Jeanette","twitter_card":"summary_large_image","twitter_creator":"@eldiario_net","twitter_site":"@eldiario_net","twitter_misc":{"Escrito por":"Jeanette","Tiempo de lectura":"3 minutos"},"schema":{"@context":"https:\/\/schema.org","@graph":[{"@type":"Article","@id":"https:\/\/www.eldiario.net\/portal\/2021\/10\/29\/continuan-avasallamientos-a-predios-productivos-y-propietarios-piden-garantias\/#article","isPartOf":{"@id":"https:\/\/www.eldiario.net\/portal\/2021\/10\/29\/continuan-avasallamientos-a-predios-productivos-y-propietarios-piden-garantias\/"},"author":{"name":"Jeanette","@id":"https:\/\/www.eldiario.net\/portal\/#\/schema\/person\/f46445640444750d7d753ccd04ae01b7"},"headline":"Contin\u00faan avasallamientos a predios productivos y propietarios piden garant\u00edas","datePublished":"2021-10-29T08:24:06+00:00","mainEntityOfPage":{"@id":"https:\/\/www.eldiario.net\/portal\/2021\/10\/29\/continuan-avasallamientos-a-predios-productivos-y-propietarios-piden-garantias\/"},"wordCount":607,"publisher":{"@id":"https:\/\/www.eldiario.net\/portal\/#organization"},"image":{"@id":"https:\/\/www.eldiario.net\/portal\/2021\/10\/29\/continuan-avasallamientos-a-predios-productivos-y-propietarios-piden-garantias\/#primaryimage"},"thumbnailUrl":"","articleSection":["Econom\u00eda"],"inLanguage":"es"},{"@type":"WebPage","@id":"https:\/\/www.eldiario.net\/portal\/2021\/10\/29\/continuan-avasallamientos-a-predios-productivos-y-propietarios-piden-garantias\/","url":"https:\/\/www.eldiario.net\/portal\/2021\/10\/29\/continuan-avasallamientos-a-predios-productivos-y-propietarios-piden-garantias\/","name":"Contin\u00faan avasallamientos a predios productivos y propietarios piden garant\u00edas - El Diario - Bolivia","isPartOf":{"@id":"https:\/\/www.eldiario.net\/portal\/#website"},"primaryImageOfPage":{"@id":"https:\/\/www.eldiario.net\/portal\/2021\/10\/29\/continuan-avasallamientos-a-predios-productivos-y-propietarios-piden-garantias\/#primaryimage"},"image":{"@id":"https:\/\/www.eldiario.net\/portal\/2021\/10\/29\/continuan-avasallamientos-a-predios-productivos-y-propietarios-piden-garantias\/#primaryimage"},"thumbnailUrl":"","datePublished":"2021-10-29T08:24:06+00:00","breadcrumb":{"@id":"https:\/\/www.eldiario.net\/portal\/2021\/10\/29\/continuan-avasallamientos-a-predios-productivos-y-propietarios-piden-garantias\/#breadcrumb"},"inLanguage":"es","potentialAction":[{"@type":"ReadAction","target":["https:\/\/www.eldiario.net\/portal\/2021\/10\/29\/continuan-avasallamientos-a-predios-productivos-y-propietarios-piden-garantias\/"]}]},{"@type":"ImageObject","inLanguage":"es","@id":"https:\/\/www.eldiario.net\/portal\/2021\/10\/29\/continuan-avasallamientos-a-predios-productivos-y-propietarios-piden-garantias\/#primaryimage","url":"","contentUrl":""},{"@type":"BreadcrumbList","@id":"https:\/\/www.eldiario.net\/portal\/2021\/10\/29\/continuan-avasallamientos-a-predios-productivos-y-propietarios-piden-garantias\/#breadcrumb","itemListElement":[{"@type":"ListItem","position":1,"name":"Portada","item":"https:\/\/www.eldiario.net\/portal\/"},{"@type":"ListItem","position":2,"name":"Contin\u00faan avasallamientos a predios productivos y propietarios piden garant\u00edas"}]},{"@type":"WebSite","@id":"https:\/\/www.eldiario.net\/portal\/#website","url":"https:\/\/www.eldiario.net\/portal\/","name":"El Diario - Decano de la prensa nacional","description":"El Diario - Decano de la prensa nacional","publisher":{"@id":"https:\/\/www.eldiario.net\/portal\/#organization"},"potentialAction":[{"@type":"SearchAction","target":{"@type":"EntryPoint","urlTemplate":"https:\/\/www.eldiario.net\/portal\/?s={search_term_string}"},"query-input":{"@type":"PropertyValueSpecification","valueRequired":true,"valueName":"search_term_string"}}],"inLanguage":"es"},{"@type":"Organization","@id":"https:\/\/www.eldiario.net\/portal\/#organization","name":"El Diario - Decano de la prensa nacional","url":"https:\/\/www.eldiario.net\/portal\/","logo":{"@type":"ImageObject","inLanguage":"es","@id":"https:\/\/www.eldiario.net\/portal\/#\/schema\/logo\/image\/","url":"https:\/\/www.eldiario.net\/portal\/wp-content\/uploads\/2023\/07\/logo_ED.jpg","contentUrl":"https:\/\/www.eldiario.net\/portal\/wp-content\/uploads\/2023\/07\/logo_ED.jpg","width":272,"height":52,"caption":"El Diario - Decano de la prensa nacional"},"image":{"@id":"https:\/\/www.eldiario.net\/portal\/#\/schema\/logo\/image\/"},"sameAs":["https:\/\/www.facebook.com\/eldiario.bolivia\/","https:\/\/x.com\/eldiario_net"]},{"@type":"Person","@id":"https:\/\/www.eldiario.net\/portal\/#\/schema\/person\/f46445640444750d7d753ccd04ae01b7","name":"Jeanette","image":{"@type":"ImageObject","inLanguage":"es","@id":"https:\/\/secure.gravatar.com\/avatar\/3ea2118a5f7dad2b7138b1187a6b7ee55f160b9968b66013c3a3ef39dd7e5798?s=96&d=mm&r=g","url":"https:\/\/secure.gravatar.com\/avatar\/3ea2118a5f7dad2b7138b1187a6b7ee55f160b9968b66013c3a3ef39dd7e5798?s=96&d=mm&r=g","contentUrl":"https:\/\/secure.gravatar.com\/avatar\/3ea2118a5f7dad2b7138b1187a6b7ee55f160b9968b66013c3a3ef39dd7e5798?s=96&d=mm&r=g","caption":"Jeanette"},"sameAs":["https:\/\/www.eldiario.net\/portal"],"url":"https:\/\/www.eldiario.net\/portal\/author\/jeanette\/"}]}},"_links":{"self":[{"href":"https:\/\/www.eldiario.net\/portal\/wp-json\/wp\/v2\/posts\/39587","targetHints":{"allow":["GET"]}}],"collection":[{"href":"https:\/\/www.eldiario.net\/portal\/wp-json\/wp\/v2\/posts"}],"about":[{"href":"https:\/\/www.eldiario.net\/portal\/wp-json\/wp\/v2\/types\/post"}],"author":[{"embeddable":true,"href":"https:\/\/www.eldiario.net\/portal\/wp-json\/wp\/v2\/users\/1"}],"replies":[{"embeddable":true,"href":"https:\/\/www.eldiario.net\/portal\/wp-json\/wp\/v2\/comments?post=39587"}],"version-history":[{"count":0,"href":"https:\/\/www.eldiario.net\/portal\/wp-json\/wp\/v2\/posts\/39587\/revisions"}],"wp:attachment":[{"href":"https:\/\/www.eldiario.net\/portal\/wp-json\/wp\/v2\/media?parent=39587"}],"wp:term":[{"taxonomy":"category","embeddable":true,"href":"https:\/\/www.eldiario.net\/portal\/wp-json\/wp\/v2\/categories?post=39587"},{"taxonomy":"post_tag","embeddable":true,"href":"https:\/\/www.eldiario.net\/portal\/wp-json\/wp\/v2\/tags?post=39587"}],"curies":[{"name":"wp","href":"https:\/\/api.w.org\/{rel}","templated":true}]}}