{"id":39585,"date":"2021-10-29T04:22:11","date_gmt":"2021-10-29T08:22:11","guid":{"rendered":"https:\/\/www.eldiario.net\/portal\/?p=39585"},"modified":"2021-10-29T04:22:11","modified_gmt":"2021-10-29T08:22:11","slug":"ganaderos-en-emergencia-y-gobierno-convoca-a-dialogo","status":"publish","type":"post","link":"https:\/\/www.eldiario.net\/portal\/2021\/10\/29\/ganaderos-en-emergencia-y-gobierno-convoca-a-dialogo\/","title":{"rendered":"Ganaderos en emergencia y  Gobierno convoca a di\u00e1logo"},"content":{"rendered":"<p>Ante el estado de emergencia declarado por los ganaderos del pa\u00eds, el Ministerio de Desarrollo Productivo y Econom\u00eda Plural convoc\u00f3 a la Confederaci\u00f3n de Ganaderos de Bolivia (Congabol), a una reuni\u00f3n informativa para explicar los alcances del acta de acuerdo suscrito entre el Gobierno nacional y la Confederaci\u00f3n Nacional de Trabajadores de Carne de Bolivia (Contracabol), firmado el martes 26 de octubre.<br \/>\nLos ganaderos del pa\u00eds ratificaron su posici\u00f3n de que los precios de la carne de res al consumidor final se deben mantener sin modificaci\u00f3n, ya que han demostrado que el precio del kilogramo gancho en la actualidad est\u00e1 dentro de los rangos normales, verificado sobre la base de datos oficiales del Observatorio Agroambiental y Productivo (OAP), que es el ente oficial de informaci\u00f3n de precios de los productos agropecuarios del Estado boliviano, se\u00f1ala el pronunciamiento del sector realizado el mi\u00e9rcoles pasado.<br \/>\nAsimismo, expresaron su profundo rechazo a la decisi\u00f3n de pretender cerrar los centros de remate, siendo que estos son uno de los canales m\u00e1s transparentes y \u00e1giles con que cuentan los productores y demandantes de ganado, los cuales se encuentran extendidos en todos los departamentos productores de ganado.<br \/>\n\u201cEl Estado boliviano no debe atentar contra las formas de comercializaci\u00f3n que han demostrado ser de beneficio para la sociedad en su conjunto, ante la presi\u00f3n de un sector que es solamente uno de los eslabones de la cadena c\u00e1rnica nacional, sin tomar en cuenta a: productores ganaderos, centros de remate, mataderos, frigor\u00edficos, industrias c\u00e1rnicas, ferias comunales y municipales, intermediarios, transportistas de ganado y productos c\u00e1rnicos a nivel nacional e internacional, comercializadores al detalle (friales, supermercados, puestos de mercado), casas comercializadoras de insumos para la ganader\u00eda y el campo, sistema financiero y consumidores, entre otros\u201d, se\u00f1alan<br \/>\nExigieron que el \u201cBalance de la Oferta y Demanda de Carne\u201d sea manejada de manera participativa, con datos estad\u00edsticos actualizados, transparentes, representativos y confiables, ajenos a interpretaciones sesgadas que pueden provocar incertidumbre a las inversiones que viene realizando d\u00eda a d\u00eda el sector ganadero.<br \/>\nConvocaron a las autoridades involucradas, en el plazo m\u00e1s breve posible, a sentarse en una sola mesa con todos los representantes de los eslabones de la cadena c\u00e1rnica nacional para poder de esta manera arribar a soluciones integrales acerca de la problem\u00e1tica de la comercializaci\u00f3n de la carne, mientras tanto mantienen un estado de emergencia.<br \/>\nAl respecto, el presidente de la C\u00e1mara Agropecuaria del Oriente (CAO), Fernando Hurtado, reproch\u00f3 la decisi\u00f3n del Gobierno, que beneficia a unos cuantos pero perjudica a toda la poblaci\u00f3n.<br \/>\nLament\u00f3 que las autoridades no conozcan la realidad del mercado de la carne y de los actores y por ello preocupa que no se tomen decisiones equilibradas.<br \/>\nCr\u00edtico la decisi\u00f3n de formar un comit\u00e9 fiscalizador con potencial de cierre de remates y, adem\u00e1s, fue enf\u00e1tico en se\u00f1alar que la oferta y la demanda lo regula el mercado y no un comit\u00e9.<br \/>\nAsimismo, calific\u00f3 como un atentado a la inversi\u00f3n privada, la potestad que tendr\u00e1 el comit\u00e9 en definir cupos de exportaci\u00f3n y lo \u00fanico que provocar\u00e1 es un desabastecimiento.<br \/>\nMientras tanto, Huanca se\u00f1al\u00f3 que Congabol no haya entendido los alcances del contenido del acta del acuerdo suscrito con Contracabol y, por ello, invit\u00f3 a la dirigencia de Congabol para sostener una reuni\u00f3n y explicar los alcances de este acuerdo que solo busca garantizar la provisi\u00f3n de carne a precio justo.<br \/>\nEn ese marco, la autoridad dijo que los ganaderos deber\u00edan sumarse al trabajo conjunto con acciones concretas orientadas al incremento del hato ganadero bovino y poner a disposici\u00f3n de la poblaci\u00f3n mayor cantidad de carne a precio justo y de ganado bovino en pie de carne de alta calidad.<\/p>\n","protected":false},"excerpt":{"rendered":"<p>Ante el estado de emergencia declarado por los ganaderos del pa\u00eds, el Ministerio de Desarrollo Productivo y Econom\u00eda Plural convoc\u00f3 a la Confederaci\u00f3n de Ganaderos de Bolivia (Congabol), a una reuni\u00f3n informativa para explicar los alcances del acta de acuerdo suscrito entre el Gobierno nacional y la Confederaci\u00f3n Nacional de Trabajadores de Carne de Bolivia [&hellip;]<\/p>\n","protected":false},"author":1,"featured_media":0,"comment_status":"closed","ping_status":"closed","sticky":false,"template":"","format":"standard","meta":{"_acf_changed":false,"footnotes":""},"categories":[7],"tags":[],"class_list":["post-39585","post","type-post","status-publish","format-standard","category-economia"],"acf":{"antetitulo":""},"yoast_head":"<!-- This site is optimized with the Yoast SEO plugin v28.4 - https:\/\/yoast.com\/product\/yoast-seo-wordpress\/ -->\n<title>Ganaderos en emergencia y Gobierno convoca a di\u00e1logo - El Diario - Bolivia<\/title>\n<meta name=\"robots\" content=\"index, follow, max-snippet:-1, max-image-preview:large, max-video-preview:-1\" \/>\n<link rel=\"canonical\" href=\"https:\/\/www.eldiario.net\/portal\/2021\/10\/29\/ganaderos-en-emergencia-y-gobierno-convoca-a-dialogo\/\" \/>\n<meta property=\"og:locale\" content=\"es_ES\" \/>\n<meta property=\"og:type\" content=\"article\" \/>\n<meta property=\"og:title\" content=\"Ganaderos en emergencia y Gobierno convoca a di\u00e1logo - El Diario - Bolivia\" \/>\n<meta property=\"og:description\" content=\"Ante el estado de emergencia declarado por los ganaderos del pa\u00eds, el Ministerio de Desarrollo Productivo y Econom\u00eda Plural convoc\u00f3 a la Confederaci\u00f3n de Ganaderos de Bolivia (Congabol), a una reuni\u00f3n informativa para explicar los alcances del acta de acuerdo suscrito entre el Gobierno nacional y la Confederaci\u00f3n Nacional de Trabajadores de Carne de Bolivia [&hellip;]\" \/>\n<meta property=\"og:url\" content=\"https:\/\/www.eldiario.net\/portal\/2021\/10\/29\/ganaderos-en-emergencia-y-gobierno-convoca-a-dialogo\/\" \/>\n<meta property=\"og:site_name\" content=\"El Diario - Bolivia\" \/>\n<meta property=\"article:publisher\" content=\"https:\/\/www.facebook.com\/eldiario.bolivia\/\" \/>\n<meta property=\"article:published_time\" content=\"2021-10-29T08:22:11+00:00\" \/>\n<meta name=\"author\" content=\"Jeanette\" \/>\n<meta name=\"twitter:card\" content=\"summary_large_image\" \/>\n<meta name=\"twitter:creator\" content=\"@eldiario_net\" \/>\n<meta name=\"twitter:site\" content=\"@eldiario_net\" \/>\n<meta name=\"twitter:label1\" content=\"Escrito por\" \/>\n\t<meta name=\"twitter:data1\" content=\"Jeanette\" \/>\n\t<meta name=\"twitter:label2\" content=\"Tiempo de lectura\" \/>\n\t<meta name=\"twitter:data2\" content=\"3 minutos\" \/>\n<script type=\"application\/ld+json\" class=\"yoast-schema-graph\">{\"@context\":\"https:\\\/\\\/schema.org\",\"@graph\":[{\"@type\":\"Article\",\"@id\":\"https:\\\/\\\/www.eldiario.net\\\/portal\\\/2021\\\/10\\\/29\\\/ganaderos-en-emergencia-y-gobierno-convoca-a-dialogo\\\/#article\",\"isPartOf\":{\"@id\":\"https:\\\/\\\/www.eldiario.net\\\/portal\\\/2021\\\/10\\\/29\\\/ganaderos-en-emergencia-y-gobierno-convoca-a-dialogo\\\/\"},\"author\":{\"name\":\"Jeanette\",\"@id\":\"https:\\\/\\\/www.eldiario.net\\\/portal\\\/#\\\/schema\\\/person\\\/f46445640444750d7d753ccd04ae01b7\"},\"headline\":\"Ganaderos en emergencia y Gobierno convoca a di\u00e1logo\",\"datePublished\":\"2021-10-29T08:22:11+00:00\",\"mainEntityOfPage\":{\"@id\":\"https:\\\/\\\/www.eldiario.net\\\/portal\\\/2021\\\/10\\\/29\\\/ganaderos-en-emergencia-y-gobierno-convoca-a-dialogo\\\/\"},\"wordCount\":656,\"publisher\":{\"@id\":\"https:\\\/\\\/www.eldiario.net\\\/portal\\\/#organization\"},\"articleSection\":[\"Econom\u00eda\"],\"inLanguage\":\"es\"},{\"@type\":\"WebPage\",\"@id\":\"https:\\\/\\\/www.eldiario.net\\\/portal\\\/2021\\\/10\\\/29\\\/ganaderos-en-emergencia-y-gobierno-convoca-a-dialogo\\\/\",\"url\":\"https:\\\/\\\/www.eldiario.net\\\/portal\\\/2021\\\/10\\\/29\\\/ganaderos-en-emergencia-y-gobierno-convoca-a-dialogo\\\/\",\"name\":\"Ganaderos en emergencia y Gobierno convoca a di\u00e1logo - El Diario - Bolivia\",\"isPartOf\":{\"@id\":\"https:\\\/\\\/www.eldiario.net\\\/portal\\\/#website\"},\"datePublished\":\"2021-10-29T08:22:11+00:00\",\"breadcrumb\":{\"@id\":\"https:\\\/\\\/www.eldiario.net\\\/portal\\\/2021\\\/10\\\/29\\\/ganaderos-en-emergencia-y-gobierno-convoca-a-dialogo\\\/#breadcrumb\"},\"inLanguage\":\"es\",\"potentialAction\":[{\"@type\":\"ReadAction\",\"target\":[\"https:\\\/\\\/www.eldiario.net\\\/portal\\\/2021\\\/10\\\/29\\\/ganaderos-en-emergencia-y-gobierno-convoca-a-dialogo\\\/\"]}]},{\"@type\":\"BreadcrumbList\",\"@id\":\"https:\\\/\\\/www.eldiario.net\\\/portal\\\/2021\\\/10\\\/29\\\/ganaderos-en-emergencia-y-gobierno-convoca-a-dialogo\\\/#breadcrumb\",\"itemListElement\":[{\"@type\":\"ListItem\",\"position\":1,\"name\":\"Portada\",\"item\":\"https:\\\/\\\/www.eldiario.net\\\/portal\\\/\"},{\"@type\":\"ListItem\",\"position\":2,\"name\":\"Ganaderos en emergencia y Gobierno convoca a di\u00e1logo\"}]},{\"@type\":\"WebSite\",\"@id\":\"https:\\\/\\\/www.eldiario.net\\\/portal\\\/#website\",\"url\":\"https:\\\/\\\/www.eldiario.net\\\/portal\\\/\",\"name\":\"El Diario - Decano de la prensa nacional\",\"description\":\"El Diario - Decano de la prensa nacional\",\"publisher\":{\"@id\":\"https:\\\/\\\/www.eldiario.net\\\/portal\\\/#organization\"},\"potentialAction\":[{\"@type\":\"SearchAction\",\"target\":{\"@type\":\"EntryPoint\",\"urlTemplate\":\"https:\\\/\\\/www.eldiario.net\\\/portal\\\/?s={search_term_string}\"},\"query-input\":{\"@type\":\"PropertyValueSpecification\",\"valueRequired\":true,\"valueName\":\"search_term_string\"}}],\"inLanguage\":\"es\"},{\"@type\":\"Organization\",\"@id\":\"https:\\\/\\\/www.eldiario.net\\\/portal\\\/#organization\",\"name\":\"El Diario - Decano de la prensa nacional\",\"url\":\"https:\\\/\\\/www.eldiario.net\\\/portal\\\/\",\"logo\":{\"@type\":\"ImageObject\",\"inLanguage\":\"es\",\"@id\":\"https:\\\/\\\/www.eldiario.net\\\/portal\\\/#\\\/schema\\\/logo\\\/image\\\/\",\"url\":\"https:\\\/\\\/www.eldiario.net\\\/portal\\\/wp-content\\\/uploads\\\/2023\\\/07\\\/logo_ED.jpg\",\"contentUrl\":\"https:\\\/\\\/www.eldiario.net\\\/portal\\\/wp-content\\\/uploads\\\/2023\\\/07\\\/logo_ED.jpg\",\"width\":272,\"height\":52,\"caption\":\"El Diario - Decano de la prensa nacional\"},\"image\":{\"@id\":\"https:\\\/\\\/www.eldiario.net\\\/portal\\\/#\\\/schema\\\/logo\\\/image\\\/\"},\"sameAs\":[\"https:\\\/\\\/www.facebook.com\\\/eldiario.bolivia\\\/\",\"https:\\\/\\\/x.com\\\/eldiario_net\"]},{\"@type\":\"Person\",\"@id\":\"https:\\\/\\\/www.eldiario.net\\\/portal\\\/#\\\/schema\\\/person\\\/f46445640444750d7d753ccd04ae01b7\",\"name\":\"Jeanette\",\"image\":{\"@type\":\"ImageObject\",\"inLanguage\":\"es\",\"@id\":\"https:\\\/\\\/secure.gravatar.com\\\/avatar\\\/3ea2118a5f7dad2b7138b1187a6b7ee55f160b9968b66013c3a3ef39dd7e5798?s=96&d=mm&r=g\",\"url\":\"https:\\\/\\\/secure.gravatar.com\\\/avatar\\\/3ea2118a5f7dad2b7138b1187a6b7ee55f160b9968b66013c3a3ef39dd7e5798?s=96&d=mm&r=g\",\"contentUrl\":\"https:\\\/\\\/secure.gravatar.com\\\/avatar\\\/3ea2118a5f7dad2b7138b1187a6b7ee55f160b9968b66013c3a3ef39dd7e5798?s=96&d=mm&r=g\",\"caption\":\"Jeanette\"},\"sameAs\":[\"https:\\\/\\\/www.eldiario.net\\\/portal\"],\"url\":\"https:\\\/\\\/www.eldiario.net\\\/portal\\\/author\\\/jeanette\\\/\"}]}<\/script>\n<!-- \/ Yoast SEO plugin. -->","yoast_head_json":{"title":"Ganaderos en emergencia y Gobierno convoca a di\u00e1logo - El Diario - Bolivia","robots":{"index":"index","follow":"follow","max-snippet":"max-snippet:-1","max-image-preview":"max-image-preview:large","max-video-preview":"max-video-preview:-1"},"canonical":"https:\/\/www.eldiario.net\/portal\/2021\/10\/29\/ganaderos-en-emergencia-y-gobierno-convoca-a-dialogo\/","og_locale":"es_ES","og_type":"article","og_title":"Ganaderos en emergencia y Gobierno convoca a di\u00e1logo - El Diario - Bolivia","og_description":"Ante el estado de emergencia declarado por los ganaderos del pa\u00eds, el Ministerio de Desarrollo Productivo y Econom\u00eda Plural convoc\u00f3 a la Confederaci\u00f3n de Ganaderos de Bolivia (Congabol), a una reuni\u00f3n informativa para explicar los alcances del acta de acuerdo suscrito entre el Gobierno nacional y la Confederaci\u00f3n Nacional de Trabajadores de Carne de Bolivia [&hellip;]","og_url":"https:\/\/www.eldiario.net\/portal\/2021\/10\/29\/ganaderos-en-emergencia-y-gobierno-convoca-a-dialogo\/","og_site_name":"El Diario - Bolivia","article_publisher":"https:\/\/www.facebook.com\/eldiario.bolivia\/","article_published_time":"2021-10-29T08:22:11+00:00","author":"Jeanette","twitter_card":"summary_large_image","twitter_creator":"@eldiario_net","twitter_site":"@eldiario_net","twitter_misc":{"Escrito por":"Jeanette","Tiempo de lectura":"3 minutos"},"schema":{"@context":"https:\/\/schema.org","@graph":[{"@type":"Article","@id":"https:\/\/www.eldiario.net\/portal\/2021\/10\/29\/ganaderos-en-emergencia-y-gobierno-convoca-a-dialogo\/#article","isPartOf":{"@id":"https:\/\/www.eldiario.net\/portal\/2021\/10\/29\/ganaderos-en-emergencia-y-gobierno-convoca-a-dialogo\/"},"author":{"name":"Jeanette","@id":"https:\/\/www.eldiario.net\/portal\/#\/schema\/person\/f46445640444750d7d753ccd04ae01b7"},"headline":"Ganaderos en emergencia y Gobierno convoca a di\u00e1logo","datePublished":"2021-10-29T08:22:11+00:00","mainEntityOfPage":{"@id":"https:\/\/www.eldiario.net\/portal\/2021\/10\/29\/ganaderos-en-emergencia-y-gobierno-convoca-a-dialogo\/"},"wordCount":656,"publisher":{"@id":"https:\/\/www.eldiario.net\/portal\/#organization"},"articleSection":["Econom\u00eda"],"inLanguage":"es"},{"@type":"WebPage","@id":"https:\/\/www.eldiario.net\/portal\/2021\/10\/29\/ganaderos-en-emergencia-y-gobierno-convoca-a-dialogo\/","url":"https:\/\/www.eldiario.net\/portal\/2021\/10\/29\/ganaderos-en-emergencia-y-gobierno-convoca-a-dialogo\/","name":"Ganaderos en emergencia y Gobierno convoca a di\u00e1logo - El Diario - Bolivia","isPartOf":{"@id":"https:\/\/www.eldiario.net\/portal\/#website"},"datePublished":"2021-10-29T08:22:11+00:00","breadcrumb":{"@id":"https:\/\/www.eldiario.net\/portal\/2021\/10\/29\/ganaderos-en-emergencia-y-gobierno-convoca-a-dialogo\/#breadcrumb"},"inLanguage":"es","potentialAction":[{"@type":"ReadAction","target":["https:\/\/www.eldiario.net\/portal\/2021\/10\/29\/ganaderos-en-emergencia-y-gobierno-convoca-a-dialogo\/"]}]},{"@type":"BreadcrumbList","@id":"https:\/\/www.eldiario.net\/portal\/2021\/10\/29\/ganaderos-en-emergencia-y-gobierno-convoca-a-dialogo\/#breadcrumb","itemListElement":[{"@type":"ListItem","position":1,"name":"Portada","item":"https:\/\/www.eldiario.net\/portal\/"},{"@type":"ListItem","position":2,"name":"Ganaderos en emergencia y Gobierno convoca a di\u00e1logo"}]},{"@type":"WebSite","@id":"https:\/\/www.eldiario.net\/portal\/#website","url":"https:\/\/www.eldiario.net\/portal\/","name":"El Diario - Decano de la prensa nacional","description":"El Diario - Decano de la prensa nacional","publisher":{"@id":"https:\/\/www.eldiario.net\/portal\/#organization"},"potentialAction":[{"@type":"SearchAction","target":{"@type":"EntryPoint","urlTemplate":"https:\/\/www.eldiario.net\/portal\/?s={search_term_string}"},"query-input":{"@type":"PropertyValueSpecification","valueRequired":true,"valueName":"search_term_string"}}],"inLanguage":"es"},{"@type":"Organization","@id":"https:\/\/www.eldiario.net\/portal\/#organization","name":"El Diario - Decano de la prensa nacional","url":"https:\/\/www.eldiario.net\/portal\/","logo":{"@type":"ImageObject","inLanguage":"es","@id":"https:\/\/www.eldiario.net\/portal\/#\/schema\/logo\/image\/","url":"https:\/\/www.eldiario.net\/portal\/wp-content\/uploads\/2023\/07\/logo_ED.jpg","contentUrl":"https:\/\/www.eldiario.net\/portal\/wp-content\/uploads\/2023\/07\/logo_ED.jpg","width":272,"height":52,"caption":"El Diario - Decano de la prensa nacional"},"image":{"@id":"https:\/\/www.eldiario.net\/portal\/#\/schema\/logo\/image\/"},"sameAs":["https:\/\/www.facebook.com\/eldiario.bolivia\/","https:\/\/x.com\/eldiario_net"]},{"@type":"Person","@id":"https:\/\/www.eldiario.net\/portal\/#\/schema\/person\/f46445640444750d7d753ccd04ae01b7","name":"Jeanette","image":{"@type":"ImageObject","inLanguage":"es","@id":"https:\/\/secure.gravatar.com\/avatar\/3ea2118a5f7dad2b7138b1187a6b7ee55f160b9968b66013c3a3ef39dd7e5798?s=96&d=mm&r=g","url":"https:\/\/secure.gravatar.com\/avatar\/3ea2118a5f7dad2b7138b1187a6b7ee55f160b9968b66013c3a3ef39dd7e5798?s=96&d=mm&r=g","contentUrl":"https:\/\/secure.gravatar.com\/avatar\/3ea2118a5f7dad2b7138b1187a6b7ee55f160b9968b66013c3a3ef39dd7e5798?s=96&d=mm&r=g","caption":"Jeanette"},"sameAs":["https:\/\/www.eldiario.net\/portal"],"url":"https:\/\/www.eldiario.net\/portal\/author\/jeanette\/"}]}},"_links":{"self":[{"href":"https:\/\/www.eldiario.net\/portal\/wp-json\/wp\/v2\/posts\/39585","targetHints":{"allow":["GET"]}}],"collection":[{"href":"https:\/\/www.eldiario.net\/portal\/wp-json\/wp\/v2\/posts"}],"about":[{"href":"https:\/\/www.eldiario.net\/portal\/wp-json\/wp\/v2\/types\/post"}],"author":[{"embeddable":true,"href":"https:\/\/www.eldiario.net\/portal\/wp-json\/wp\/v2\/users\/1"}],"replies":[{"embeddable":true,"href":"https:\/\/www.eldiario.net\/portal\/wp-json\/wp\/v2\/comments?post=39585"}],"version-history":[{"count":0,"href":"https:\/\/www.eldiario.net\/portal\/wp-json\/wp\/v2\/posts\/39585\/revisions"}],"wp:attachment":[{"href":"https:\/\/www.eldiario.net\/portal\/wp-json\/wp\/v2\/media?parent=39585"}],"wp:term":[{"taxonomy":"category","embeddable":true,"href":"https:\/\/www.eldiario.net\/portal\/wp-json\/wp\/v2\/categories?post=39585"},{"taxonomy":"post_tag","embeddable":true,"href":"https:\/\/www.eldiario.net\/portal\/wp-json\/wp\/v2\/tags?post=39585"}],"curies":[{"name":"wp","href":"https:\/\/api.w.org\/{rel}","templated":true}]}}