{"id":39583,"date":"2021-10-29T04:21:54","date_gmt":"2021-10-29T08:21:54","guid":{"rendered":"https:\/\/www.eldiario.net\/portal\/?p=39583"},"modified":"2021-10-29T04:21:54","modified_gmt":"2021-10-29T08:21:54","slug":"proyecto-de-ley-de-desarrollo-social-va-contra-las-autonomias","status":"publish","type":"post","link":"https:\/\/www.eldiario.net\/portal\/2021\/10\/29\/proyecto-de-ley-de-desarrollo-social-va-contra-las-autonomias\/","title":{"rendered":"Proyecto de ley de desarrollo  social va contra las autonom\u00edas"},"content":{"rendered":"<p>El Proyecto de Ley (PL) N\u00b0342\/2021 Plan de Desarrollo Econ\u00f3mico y Social 2021 -2025 va contra la autonom\u00eda departamental y afecta los intereses de universidades as\u00ed como de municipios.<br \/>\nLa C\u00e1mara de Diputados empez\u00f3 el tratamiento del proyecto de ley del \u201cPlan de Desarrollo Econ\u00f3mico y Social\u201d, que establece una inversi\u00f3n de 33.197 millones de d\u00f3lares, la m\u00e1s alta en las \u00faltimas d\u00e9cadas, inform\u00f3 el presidente de la Comisi\u00f3n de Planificaci\u00f3n, Pol\u00edtica Econ\u00f3mica y Finanzas ese ente legislativo, Omar Yujra.<br \/>\n\u201cEste proyecto trastoca las competencias auton\u00f3micas (&#8230;) se equivoca nuevamente el MAS, comete el mismo error y advertimos que puede correr la misma suerte que el PL 218 y la Ley N\u00b0 1386 que han generado una serie de movilizaciones (\u0085) seguramente las universidades, municipios y gobernaciones van a tener que salir a las calles para pedir la abrogaci\u00f3n una vez que sea aprobada y promulgada, porque esta Ley no ha sido socializada\u201d, cuestion\u00f3 el jefe de bancada de Creemos, Erwin Baz\u00e1n.<br \/>\nBaz\u00e1n se\u00f1al\u00f3 que mientras el mi\u00e9rcoles la Directiva de Diputados convocaba a la sesi\u00f3n de ayer, el PL N\u00b0 342\/2021-2025 ingres\u00f3 r\u00e1pidamente a la Comisi\u00f3n de Planificaci\u00f3n para su aprobaci\u00f3n sin el an\u00e1lisis previo que requiere, que el MAS pretende aprobar dentro su plan de control absoluto del Estado, inclusive incumpliendo el Reglamento de la C\u00e1mara de Diputados y la Constituci\u00f3n Pol\u00edtica del Estado (CPE).<br \/>\nLas objeciones de Creemos al PL N\u00b0 342 tienen que ver, principalmente, con la vulneraci\u00f3n a la independencia de poderes que dispone en el art. 4 \u201c(Obligatoriedad) El Plan de Desarrollo Econ\u00f3mico y Social 2021 \u00b4- 2025 \u00b4Reconstruyendo la Econom\u00eda para Vivir Bien Hacia la Industrializaci\u00f3n con Sustituci\u00f3n de Importaciones\u201d es de ejecuci\u00f3n y aplicaci\u00f3n obligatoria por parte las siguientes entidades: \u00d3rgano Ejecutivo, \u00d3rgano Legislativo y sus empresas p\u00fablicas, \u00d3rgano Judicial, \u00d3rgano Electoral, Tribunal Constitucional Plurinacional, Instituciones de control y defensa del Estado, Entidades Aut\u00f3nomas Territoriales y Universidades.<br \/>\nEl par\u00e1grafo II de este mismo art\u00edculo instruye que los planes sectoriales, territoriales, multisectoriales, estrat\u00e9gicos ministeriales, entre otros, deber\u00e1n ser adecuados, formulados, elaborados y ejecutados en \u201cconcordancia con el Plan de Desarrollo Econ\u00f3mico y Social\u201d.<br \/>\n\u201cEsto reconfirma la intromisi\u00f3n del Gobierno en las competencias de las Entidades Territoriales Aut\u00f3nomas (ETA), universidades y otros poderes del Estado. Lo que el MAS hace permanentemente es atropellar el Reglamento de la propia C\u00e1mara de Diputados, mete los proyectos de Ley el mismo d\u00eda para que sean aprobados a la carrea. Un plan de desarrollo econ\u00f3mico-social es suficientemente importante y serio para darle amplitud en el debate democr\u00e1tico tanto en la Comisi\u00f3n de Planificaci\u00f3n como en su socializaci\u00f3n\u201d, puntualiz\u00f3.<\/p>\n","protected":false},"excerpt":{"rendered":"<p>El Proyecto de Ley (PL) N\u00b0342\/2021 Plan de Desarrollo Econ\u00f3mico y Social 2021 -2025 va contra la autonom\u00eda departamental y afecta los intereses de universidades as\u00ed como de municipios. La C\u00e1mara de Diputados empez\u00f3 el tratamiento del proyecto de ley del \u201cPlan de Desarrollo Econ\u00f3mico y Social\u201d, que establece una inversi\u00f3n de 33.197 millones de [&hellip;]<\/p>\n","protected":false},"author":1,"featured_media":0,"comment_status":"closed","ping_status":"closed","sticky":false,"template":"","format":"standard","meta":{"_acf_changed":false,"footnotes":""},"categories":[7],"tags":[],"class_list":["post-39583","post","type-post","status-publish","format-standard","category-economia"],"acf":{"antetitulo":""},"yoast_head":"<!-- This site is optimized with the Yoast SEO plugin v28.4 - https:\/\/yoast.com\/product\/yoast-seo-wordpress\/ -->\n<title>Proyecto de ley de desarrollo social va contra las autonom\u00edas - El Diario - Bolivia<\/title>\n<meta name=\"robots\" content=\"index, follow, max-snippet:-1, max-image-preview:large, max-video-preview:-1\" \/>\n<link rel=\"canonical\" href=\"https:\/\/www.eldiario.net\/portal\/2021\/10\/29\/proyecto-de-ley-de-desarrollo-social-va-contra-las-autonomias\/\" \/>\n<meta property=\"og:locale\" content=\"es_ES\" \/>\n<meta property=\"og:type\" content=\"article\" \/>\n<meta property=\"og:title\" content=\"Proyecto de ley de desarrollo social va contra las autonom\u00edas - El Diario - Bolivia\" \/>\n<meta property=\"og:description\" content=\"El Proyecto de Ley (PL) N\u00b0342\/2021 Plan de Desarrollo Econ\u00f3mico y Social 2021 -2025 va contra la autonom\u00eda departamental y afecta los intereses de universidades as\u00ed como de municipios. La C\u00e1mara de Diputados empez\u00f3 el tratamiento del proyecto de ley del \u201cPlan de Desarrollo Econ\u00f3mico y Social\u201d, que establece una inversi\u00f3n de 33.197 millones de [&hellip;]\" \/>\n<meta property=\"og:url\" content=\"https:\/\/www.eldiario.net\/portal\/2021\/10\/29\/proyecto-de-ley-de-desarrollo-social-va-contra-las-autonomias\/\" \/>\n<meta property=\"og:site_name\" content=\"El Diario - Bolivia\" \/>\n<meta property=\"article:publisher\" content=\"https:\/\/www.facebook.com\/eldiario.bolivia\/\" \/>\n<meta property=\"article:published_time\" content=\"2021-10-29T08:21:54+00:00\" \/>\n<meta name=\"author\" content=\"Jeanette\" \/>\n<meta name=\"twitter:card\" content=\"summary_large_image\" \/>\n<meta name=\"twitter:creator\" content=\"@eldiario_net\" \/>\n<meta name=\"twitter:site\" content=\"@eldiario_net\" \/>\n<meta name=\"twitter:label1\" content=\"Escrito por\" \/>\n\t<meta name=\"twitter:data1\" content=\"Jeanette\" \/>\n\t<meta name=\"twitter:label2\" content=\"Tiempo de lectura\" \/>\n\t<meta name=\"twitter:data2\" content=\"2 minutos\" \/>\n<script type=\"application\/ld+json\" class=\"yoast-schema-graph\">{\"@context\":\"https:\\\/\\\/schema.org\",\"@graph\":[{\"@type\":\"Article\",\"@id\":\"https:\\\/\\\/www.eldiario.net\\\/portal\\\/2021\\\/10\\\/29\\\/proyecto-de-ley-de-desarrollo-social-va-contra-las-autonomias\\\/#article\",\"isPartOf\":{\"@id\":\"https:\\\/\\\/www.eldiario.net\\\/portal\\\/2021\\\/10\\\/29\\\/proyecto-de-ley-de-desarrollo-social-va-contra-las-autonomias\\\/\"},\"author\":{\"name\":\"Jeanette\",\"@id\":\"https:\\\/\\\/www.eldiario.net\\\/portal\\\/#\\\/schema\\\/person\\\/f46445640444750d7d753ccd04ae01b7\"},\"headline\":\"Proyecto de ley de desarrollo social va contra las autonom\u00edas\",\"datePublished\":\"2021-10-29T08:21:54+00:00\",\"mainEntityOfPage\":{\"@id\":\"https:\\\/\\\/www.eldiario.net\\\/portal\\\/2021\\\/10\\\/29\\\/proyecto-de-ley-de-desarrollo-social-va-contra-las-autonomias\\\/\"},\"wordCount\":481,\"publisher\":{\"@id\":\"https:\\\/\\\/www.eldiario.net\\\/portal\\\/#organization\"},\"articleSection\":[\"Econom\u00eda\"],\"inLanguage\":\"es\"},{\"@type\":\"WebPage\",\"@id\":\"https:\\\/\\\/www.eldiario.net\\\/portal\\\/2021\\\/10\\\/29\\\/proyecto-de-ley-de-desarrollo-social-va-contra-las-autonomias\\\/\",\"url\":\"https:\\\/\\\/www.eldiario.net\\\/portal\\\/2021\\\/10\\\/29\\\/proyecto-de-ley-de-desarrollo-social-va-contra-las-autonomias\\\/\",\"name\":\"Proyecto de ley de desarrollo social va contra las autonom\u00edas - El Diario - Bolivia\",\"isPartOf\":{\"@id\":\"https:\\\/\\\/www.eldiario.net\\\/portal\\\/#website\"},\"datePublished\":\"2021-10-29T08:21:54+00:00\",\"breadcrumb\":{\"@id\":\"https:\\\/\\\/www.eldiario.net\\\/portal\\\/2021\\\/10\\\/29\\\/proyecto-de-ley-de-desarrollo-social-va-contra-las-autonomias\\\/#breadcrumb\"},\"inLanguage\":\"es\",\"potentialAction\":[{\"@type\":\"ReadAction\",\"target\":[\"https:\\\/\\\/www.eldiario.net\\\/portal\\\/2021\\\/10\\\/29\\\/proyecto-de-ley-de-desarrollo-social-va-contra-las-autonomias\\\/\"]}]},{\"@type\":\"BreadcrumbList\",\"@id\":\"https:\\\/\\\/www.eldiario.net\\\/portal\\\/2021\\\/10\\\/29\\\/proyecto-de-ley-de-desarrollo-social-va-contra-las-autonomias\\\/#breadcrumb\",\"itemListElement\":[{\"@type\":\"ListItem\",\"position\":1,\"name\":\"Portada\",\"item\":\"https:\\\/\\\/www.eldiario.net\\\/portal\\\/\"},{\"@type\":\"ListItem\",\"position\":2,\"name\":\"Proyecto de ley de desarrollo social va contra las autonom\u00edas\"}]},{\"@type\":\"WebSite\",\"@id\":\"https:\\\/\\\/www.eldiario.net\\\/portal\\\/#website\",\"url\":\"https:\\\/\\\/www.eldiario.net\\\/portal\\\/\",\"name\":\"El Diario - Decano de la prensa nacional\",\"description\":\"El Diario - Decano de la prensa nacional\",\"publisher\":{\"@id\":\"https:\\\/\\\/www.eldiario.net\\\/portal\\\/#organization\"},\"potentialAction\":[{\"@type\":\"SearchAction\",\"target\":{\"@type\":\"EntryPoint\",\"urlTemplate\":\"https:\\\/\\\/www.eldiario.net\\\/portal\\\/?s={search_term_string}\"},\"query-input\":{\"@type\":\"PropertyValueSpecification\",\"valueRequired\":true,\"valueName\":\"search_term_string\"}}],\"inLanguage\":\"es\"},{\"@type\":\"Organization\",\"@id\":\"https:\\\/\\\/www.eldiario.net\\\/portal\\\/#organization\",\"name\":\"El Diario - Decano de la prensa nacional\",\"url\":\"https:\\\/\\\/www.eldiario.net\\\/portal\\\/\",\"logo\":{\"@type\":\"ImageObject\",\"inLanguage\":\"es\",\"@id\":\"https:\\\/\\\/www.eldiario.net\\\/portal\\\/#\\\/schema\\\/logo\\\/image\\\/\",\"url\":\"https:\\\/\\\/www.eldiario.net\\\/portal\\\/wp-content\\\/uploads\\\/2023\\\/07\\\/logo_ED.jpg\",\"contentUrl\":\"https:\\\/\\\/www.eldiario.net\\\/portal\\\/wp-content\\\/uploads\\\/2023\\\/07\\\/logo_ED.jpg\",\"width\":272,\"height\":52,\"caption\":\"El Diario - Decano de la prensa nacional\"},\"image\":{\"@id\":\"https:\\\/\\\/www.eldiario.net\\\/portal\\\/#\\\/schema\\\/logo\\\/image\\\/\"},\"sameAs\":[\"https:\\\/\\\/www.facebook.com\\\/eldiario.bolivia\\\/\",\"https:\\\/\\\/x.com\\\/eldiario_net\"]},{\"@type\":\"Person\",\"@id\":\"https:\\\/\\\/www.eldiario.net\\\/portal\\\/#\\\/schema\\\/person\\\/f46445640444750d7d753ccd04ae01b7\",\"name\":\"Jeanette\",\"image\":{\"@type\":\"ImageObject\",\"inLanguage\":\"es\",\"@id\":\"https:\\\/\\\/secure.gravatar.com\\\/avatar\\\/3ea2118a5f7dad2b7138b1187a6b7ee55f160b9968b66013c3a3ef39dd7e5798?s=96&d=mm&r=g\",\"url\":\"https:\\\/\\\/secure.gravatar.com\\\/avatar\\\/3ea2118a5f7dad2b7138b1187a6b7ee55f160b9968b66013c3a3ef39dd7e5798?s=96&d=mm&r=g\",\"contentUrl\":\"https:\\\/\\\/secure.gravatar.com\\\/avatar\\\/3ea2118a5f7dad2b7138b1187a6b7ee55f160b9968b66013c3a3ef39dd7e5798?s=96&d=mm&r=g\",\"caption\":\"Jeanette\"},\"sameAs\":[\"https:\\\/\\\/www.eldiario.net\\\/portal\"],\"url\":\"https:\\\/\\\/www.eldiario.net\\\/portal\\\/author\\\/jeanette\\\/\"}]}<\/script>\n<!-- \/ Yoast SEO plugin. -->","yoast_head_json":{"title":"Proyecto de ley de desarrollo social va contra las autonom\u00edas - El Diario - Bolivia","robots":{"index":"index","follow":"follow","max-snippet":"max-snippet:-1","max-image-preview":"max-image-preview:large","max-video-preview":"max-video-preview:-1"},"canonical":"https:\/\/www.eldiario.net\/portal\/2021\/10\/29\/proyecto-de-ley-de-desarrollo-social-va-contra-las-autonomias\/","og_locale":"es_ES","og_type":"article","og_title":"Proyecto de ley de desarrollo social va contra las autonom\u00edas - El Diario - Bolivia","og_description":"El Proyecto de Ley (PL) N\u00b0342\/2021 Plan de Desarrollo Econ\u00f3mico y Social 2021 -2025 va contra la autonom\u00eda departamental y afecta los intereses de universidades as\u00ed como de municipios. La C\u00e1mara de Diputados empez\u00f3 el tratamiento del proyecto de ley del \u201cPlan de Desarrollo Econ\u00f3mico y Social\u201d, que establece una inversi\u00f3n de 33.197 millones de [&hellip;]","og_url":"https:\/\/www.eldiario.net\/portal\/2021\/10\/29\/proyecto-de-ley-de-desarrollo-social-va-contra-las-autonomias\/","og_site_name":"El Diario - Bolivia","article_publisher":"https:\/\/www.facebook.com\/eldiario.bolivia\/","article_published_time":"2021-10-29T08:21:54+00:00","author":"Jeanette","twitter_card":"summary_large_image","twitter_creator":"@eldiario_net","twitter_site":"@eldiario_net","twitter_misc":{"Escrito por":"Jeanette","Tiempo de lectura":"2 minutos"},"schema":{"@context":"https:\/\/schema.org","@graph":[{"@type":"Article","@id":"https:\/\/www.eldiario.net\/portal\/2021\/10\/29\/proyecto-de-ley-de-desarrollo-social-va-contra-las-autonomias\/#article","isPartOf":{"@id":"https:\/\/www.eldiario.net\/portal\/2021\/10\/29\/proyecto-de-ley-de-desarrollo-social-va-contra-las-autonomias\/"},"author":{"name":"Jeanette","@id":"https:\/\/www.eldiario.net\/portal\/#\/schema\/person\/f46445640444750d7d753ccd04ae01b7"},"headline":"Proyecto de ley de desarrollo social va contra las autonom\u00edas","datePublished":"2021-10-29T08:21:54+00:00","mainEntityOfPage":{"@id":"https:\/\/www.eldiario.net\/portal\/2021\/10\/29\/proyecto-de-ley-de-desarrollo-social-va-contra-las-autonomias\/"},"wordCount":481,"publisher":{"@id":"https:\/\/www.eldiario.net\/portal\/#organization"},"articleSection":["Econom\u00eda"],"inLanguage":"es"},{"@type":"WebPage","@id":"https:\/\/www.eldiario.net\/portal\/2021\/10\/29\/proyecto-de-ley-de-desarrollo-social-va-contra-las-autonomias\/","url":"https:\/\/www.eldiario.net\/portal\/2021\/10\/29\/proyecto-de-ley-de-desarrollo-social-va-contra-las-autonomias\/","name":"Proyecto de ley de desarrollo social va contra las autonom\u00edas - El Diario - Bolivia","isPartOf":{"@id":"https:\/\/www.eldiario.net\/portal\/#website"},"datePublished":"2021-10-29T08:21:54+00:00","breadcrumb":{"@id":"https:\/\/www.eldiario.net\/portal\/2021\/10\/29\/proyecto-de-ley-de-desarrollo-social-va-contra-las-autonomias\/#breadcrumb"},"inLanguage":"es","potentialAction":[{"@type":"ReadAction","target":["https:\/\/www.eldiario.net\/portal\/2021\/10\/29\/proyecto-de-ley-de-desarrollo-social-va-contra-las-autonomias\/"]}]},{"@type":"BreadcrumbList","@id":"https:\/\/www.eldiario.net\/portal\/2021\/10\/29\/proyecto-de-ley-de-desarrollo-social-va-contra-las-autonomias\/#breadcrumb","itemListElement":[{"@type":"ListItem","position":1,"name":"Portada","item":"https:\/\/www.eldiario.net\/portal\/"},{"@type":"ListItem","position":2,"name":"Proyecto de ley de desarrollo social va contra las autonom\u00edas"}]},{"@type":"WebSite","@id":"https:\/\/www.eldiario.net\/portal\/#website","url":"https:\/\/www.eldiario.net\/portal\/","name":"El Diario - Decano de la prensa nacional","description":"El Diario - Decano de la prensa nacional","publisher":{"@id":"https:\/\/www.eldiario.net\/portal\/#organization"},"potentialAction":[{"@type":"SearchAction","target":{"@type":"EntryPoint","urlTemplate":"https:\/\/www.eldiario.net\/portal\/?s={search_term_string}"},"query-input":{"@type":"PropertyValueSpecification","valueRequired":true,"valueName":"search_term_string"}}],"inLanguage":"es"},{"@type":"Organization","@id":"https:\/\/www.eldiario.net\/portal\/#organization","name":"El Diario - Decano de la prensa nacional","url":"https:\/\/www.eldiario.net\/portal\/","logo":{"@type":"ImageObject","inLanguage":"es","@id":"https:\/\/www.eldiario.net\/portal\/#\/schema\/logo\/image\/","url":"https:\/\/www.eldiario.net\/portal\/wp-content\/uploads\/2023\/07\/logo_ED.jpg","contentUrl":"https:\/\/www.eldiario.net\/portal\/wp-content\/uploads\/2023\/07\/logo_ED.jpg","width":272,"height":52,"caption":"El Diario - Decano de la prensa nacional"},"image":{"@id":"https:\/\/www.eldiario.net\/portal\/#\/schema\/logo\/image\/"},"sameAs":["https:\/\/www.facebook.com\/eldiario.bolivia\/","https:\/\/x.com\/eldiario_net"]},{"@type":"Person","@id":"https:\/\/www.eldiario.net\/portal\/#\/schema\/person\/f46445640444750d7d753ccd04ae01b7","name":"Jeanette","image":{"@type":"ImageObject","inLanguage":"es","@id":"https:\/\/secure.gravatar.com\/avatar\/3ea2118a5f7dad2b7138b1187a6b7ee55f160b9968b66013c3a3ef39dd7e5798?s=96&d=mm&r=g","url":"https:\/\/secure.gravatar.com\/avatar\/3ea2118a5f7dad2b7138b1187a6b7ee55f160b9968b66013c3a3ef39dd7e5798?s=96&d=mm&r=g","contentUrl":"https:\/\/secure.gravatar.com\/avatar\/3ea2118a5f7dad2b7138b1187a6b7ee55f160b9968b66013c3a3ef39dd7e5798?s=96&d=mm&r=g","caption":"Jeanette"},"sameAs":["https:\/\/www.eldiario.net\/portal"],"url":"https:\/\/www.eldiario.net\/portal\/author\/jeanette\/"}]}},"_links":{"self":[{"href":"https:\/\/www.eldiario.net\/portal\/wp-json\/wp\/v2\/posts\/39583","targetHints":{"allow":["GET"]}}],"collection":[{"href":"https:\/\/www.eldiario.net\/portal\/wp-json\/wp\/v2\/posts"}],"about":[{"href":"https:\/\/www.eldiario.net\/portal\/wp-json\/wp\/v2\/types\/post"}],"author":[{"embeddable":true,"href":"https:\/\/www.eldiario.net\/portal\/wp-json\/wp\/v2\/users\/1"}],"replies":[{"embeddable":true,"href":"https:\/\/www.eldiario.net\/portal\/wp-json\/wp\/v2\/comments?post=39583"}],"version-history":[{"count":0,"href":"https:\/\/www.eldiario.net\/portal\/wp-json\/wp\/v2\/posts\/39583\/revisions"}],"wp:attachment":[{"href":"https:\/\/www.eldiario.net\/portal\/wp-json\/wp\/v2\/media?parent=39583"}],"wp:term":[{"taxonomy":"category","embeddable":true,"href":"https:\/\/www.eldiario.net\/portal\/wp-json\/wp\/v2\/categories?post=39583"},{"taxonomy":"post_tag","embeddable":true,"href":"https:\/\/www.eldiario.net\/portal\/wp-json\/wp\/v2\/tags?post=39583"}],"curies":[{"name":"wp","href":"https:\/\/api.w.org\/{rel}","templated":true}]}}