{"id":39581,"date":"2021-10-29T04:21:36","date_gmt":"2021-10-29T08:21:36","guid":{"rendered":"https:\/\/www.eldiario.net\/portal\/?p=39581"},"modified":"2021-10-29T04:21:36","modified_gmt":"2021-10-29T08:21:36","slug":"19-empresas-muestran-interes-en-via-ferrea-bulo-bulo-ivirgazama-villa-tunari","status":"publish","type":"post","link":"https:\/\/www.eldiario.net\/portal\/2021\/10\/29\/19-empresas-muestran-interes-en-via-ferrea-bulo-bulo-ivirgazama-villa-tunari\/","title":{"rendered":"19 empresas muestran inter\u00e9s en v\u00eda  f\u00e9rrea Bulo Bulo-Ivirgazama-Villa Tunari"},"content":{"rendered":"<p>A un mes de la licitaci\u00f3n para el estudio de dise\u00f1o t\u00e9cnico de preinversi\u00f3n de la v\u00eda f\u00e9rrea Bulo Bulo-Ivirgazama-Villa Tunari se presentaron 19 empresas interesadas en este importante proyecto, en el marco del Corredor Ferroviario Bioce\u00e1nico de Integraci\u00f3n (CFBI) del cual es parte Bolivia.<br \/>\n\u201cSe presentaron 19 empresas para hacer el Estudio de la v\u00eda F\u00e9rrea Bulo Bulo &#8211; Ivirgazama &#8211; Puerto Villarroel; en el tramo dos, Ivirgazama &#8211; Villa Tunari, y tambi\u00e9n la supervisi\u00f3n de las Consultor\u00edas en este tramo\u201d, dijo el ministro de Obras P\u00fablicas, Servicios y Vivienda, Edgar Monta\u00f1o.<br \/>\nLa autoridad se\u00f1al\u00f3 que se tiene asignado 2.810.000 d\u00f3lares, recursos no reembolsables provenientes de la CAF -Banco de Desarrollo de Am\u00e9rica Latina.<br \/>\nDe acuerdo con la autoridad, a partir de hoy arranca un cronograma establecido para aperturar los sobres, seg\u00fan procedimiento establecido.<br \/>\nEn esa l\u00ednea, la autoridad hizo la invitaci\u00f3n a la Sociedad de Ingenieros, al Colegio de Arquitectos, al sector del transporte y a la ciudadan\u00eda del departamento de Cochabamba para que asistan a la apertura de los sobres de dicha licitaci\u00f3n, en el marco de la transparencia y el acceso a la informaci\u00f3n.<\/p>\n","protected":false},"excerpt":{"rendered":"<p>A un mes de la licitaci\u00f3n para el estudio de dise\u00f1o t\u00e9cnico de preinversi\u00f3n de la v\u00eda f\u00e9rrea Bulo Bulo-Ivirgazama-Villa Tunari se presentaron 19 empresas interesadas en este importante proyecto, en el marco del Corredor Ferroviario Bioce\u00e1nico de Integraci\u00f3n (CFBI) del cual es parte Bolivia. \u201cSe presentaron 19 empresas para hacer el Estudio de la [&hellip;]<\/p>\n","protected":false},"author":1,"featured_media":0,"comment_status":"closed","ping_status":"closed","sticky":false,"template":"","format":"standard","meta":{"_acf_changed":false,"footnotes":""},"categories":[7],"tags":[],"class_list":["post-39581","post","type-post","status-publish","format-standard","category-economia"],"acf":{"antetitulo":""},"yoast_head":"<!-- This site is optimized with the Yoast SEO plugin v28.4 - https:\/\/yoast.com\/product\/yoast-seo-wordpress\/ -->\n<title>19 empresas muestran inter\u00e9s en v\u00eda f\u00e9rrea Bulo Bulo-Ivirgazama-Villa Tunari - El Diario - Bolivia<\/title>\n<meta name=\"robots\" content=\"index, follow, max-snippet:-1, max-image-preview:large, max-video-preview:-1\" \/>\n<link rel=\"canonical\" href=\"https:\/\/www.eldiario.net\/portal\/2021\/10\/29\/19-empresas-muestran-interes-en-via-ferrea-bulo-bulo-ivirgazama-villa-tunari\/\" \/>\n<meta property=\"og:locale\" content=\"es_ES\" \/>\n<meta property=\"og:type\" content=\"article\" \/>\n<meta property=\"og:title\" content=\"19 empresas muestran inter\u00e9s en v\u00eda f\u00e9rrea Bulo Bulo-Ivirgazama-Villa Tunari - El Diario - Bolivia\" \/>\n<meta property=\"og:description\" content=\"A un mes de la licitaci\u00f3n para el estudio de dise\u00f1o t\u00e9cnico de preinversi\u00f3n de la v\u00eda f\u00e9rrea Bulo Bulo-Ivirgazama-Villa Tunari se presentaron 19 empresas interesadas en este importante proyecto, en el marco del Corredor Ferroviario Bioce\u00e1nico de Integraci\u00f3n (CFBI) del cual es parte Bolivia. \u201cSe presentaron 19 empresas para hacer el Estudio de la [&hellip;]\" \/>\n<meta property=\"og:url\" content=\"https:\/\/www.eldiario.net\/portal\/2021\/10\/29\/19-empresas-muestran-interes-en-via-ferrea-bulo-bulo-ivirgazama-villa-tunari\/\" \/>\n<meta property=\"og:site_name\" content=\"El Diario - Bolivia\" \/>\n<meta property=\"article:publisher\" content=\"https:\/\/www.facebook.com\/eldiario.bolivia\/\" \/>\n<meta property=\"article:published_time\" content=\"2021-10-29T08:21:36+00:00\" \/>\n<meta name=\"author\" content=\"Jeanette\" \/>\n<meta name=\"twitter:card\" content=\"summary_large_image\" \/>\n<meta name=\"twitter:creator\" content=\"@eldiario_net\" \/>\n<meta name=\"twitter:site\" content=\"@eldiario_net\" \/>\n<meta name=\"twitter:label1\" content=\"Escrito por\" \/>\n\t<meta name=\"twitter:data1\" content=\"Jeanette\" \/>\n\t<meta name=\"twitter:label2\" content=\"Tiempo de lectura\" \/>\n\t<meta name=\"twitter:data2\" content=\"1 minuto\" \/>\n<script type=\"application\/ld+json\" class=\"yoast-schema-graph\">{\"@context\":\"https:\\\/\\\/schema.org\",\"@graph\":[{\"@type\":\"Article\",\"@id\":\"https:\\\/\\\/www.eldiario.net\\\/portal\\\/2021\\\/10\\\/29\\\/19-empresas-muestran-interes-en-via-ferrea-bulo-bulo-ivirgazama-villa-tunari\\\/#article\",\"isPartOf\":{\"@id\":\"https:\\\/\\\/www.eldiario.net\\\/portal\\\/2021\\\/10\\\/29\\\/19-empresas-muestran-interes-en-via-ferrea-bulo-bulo-ivirgazama-villa-tunari\\\/\"},\"author\":{\"name\":\"Jeanette\",\"@id\":\"https:\\\/\\\/www.eldiario.net\\\/portal\\\/#\\\/schema\\\/person\\\/f46445640444750d7d753ccd04ae01b7\"},\"headline\":\"19 empresas muestran inter\u00e9s en v\u00eda f\u00e9rrea Bulo Bulo-Ivirgazama-Villa Tunari\",\"datePublished\":\"2021-10-29T08:21:36+00:00\",\"mainEntityOfPage\":{\"@id\":\"https:\\\/\\\/www.eldiario.net\\\/portal\\\/2021\\\/10\\\/29\\\/19-empresas-muestran-interes-en-via-ferrea-bulo-bulo-ivirgazama-villa-tunari\\\/\"},\"wordCount\":221,\"publisher\":{\"@id\":\"https:\\\/\\\/www.eldiario.net\\\/portal\\\/#organization\"},\"articleSection\":[\"Econom\u00eda\"],\"inLanguage\":\"es\"},{\"@type\":\"WebPage\",\"@id\":\"https:\\\/\\\/www.eldiario.net\\\/portal\\\/2021\\\/10\\\/29\\\/19-empresas-muestran-interes-en-via-ferrea-bulo-bulo-ivirgazama-villa-tunari\\\/\",\"url\":\"https:\\\/\\\/www.eldiario.net\\\/portal\\\/2021\\\/10\\\/29\\\/19-empresas-muestran-interes-en-via-ferrea-bulo-bulo-ivirgazama-villa-tunari\\\/\",\"name\":\"19 empresas muestran inter\u00e9s en v\u00eda f\u00e9rrea Bulo Bulo-Ivirgazama-Villa Tunari - El Diario - Bolivia\",\"isPartOf\":{\"@id\":\"https:\\\/\\\/www.eldiario.net\\\/portal\\\/#website\"},\"datePublished\":\"2021-10-29T08:21:36+00:00\",\"breadcrumb\":{\"@id\":\"https:\\\/\\\/www.eldiario.net\\\/portal\\\/2021\\\/10\\\/29\\\/19-empresas-muestran-interes-en-via-ferrea-bulo-bulo-ivirgazama-villa-tunari\\\/#breadcrumb\"},\"inLanguage\":\"es\",\"potentialAction\":[{\"@type\":\"ReadAction\",\"target\":[\"https:\\\/\\\/www.eldiario.net\\\/portal\\\/2021\\\/10\\\/29\\\/19-empresas-muestran-interes-en-via-ferrea-bulo-bulo-ivirgazama-villa-tunari\\\/\"]}]},{\"@type\":\"BreadcrumbList\",\"@id\":\"https:\\\/\\\/www.eldiario.net\\\/portal\\\/2021\\\/10\\\/29\\\/19-empresas-muestran-interes-en-via-ferrea-bulo-bulo-ivirgazama-villa-tunari\\\/#breadcrumb\",\"itemListElement\":[{\"@type\":\"ListItem\",\"position\":1,\"name\":\"Portada\",\"item\":\"https:\\\/\\\/www.eldiario.net\\\/portal\\\/\"},{\"@type\":\"ListItem\",\"position\":2,\"name\":\"19 empresas muestran inter\u00e9s en v\u00eda f\u00e9rrea Bulo Bulo-Ivirgazama-Villa Tunari\"}]},{\"@type\":\"WebSite\",\"@id\":\"https:\\\/\\\/www.eldiario.net\\\/portal\\\/#website\",\"url\":\"https:\\\/\\\/www.eldiario.net\\\/portal\\\/\",\"name\":\"El Diario - Decano de la prensa nacional\",\"description\":\"El Diario - Decano de la prensa nacional\",\"publisher\":{\"@id\":\"https:\\\/\\\/www.eldiario.net\\\/portal\\\/#organization\"},\"potentialAction\":[{\"@type\":\"SearchAction\",\"target\":{\"@type\":\"EntryPoint\",\"urlTemplate\":\"https:\\\/\\\/www.eldiario.net\\\/portal\\\/?s={search_term_string}\"},\"query-input\":{\"@type\":\"PropertyValueSpecification\",\"valueRequired\":true,\"valueName\":\"search_term_string\"}}],\"inLanguage\":\"es\"},{\"@type\":\"Organization\",\"@id\":\"https:\\\/\\\/www.eldiario.net\\\/portal\\\/#organization\",\"name\":\"El Diario - Decano de la prensa nacional\",\"url\":\"https:\\\/\\\/www.eldiario.net\\\/portal\\\/\",\"logo\":{\"@type\":\"ImageObject\",\"inLanguage\":\"es\",\"@id\":\"https:\\\/\\\/www.eldiario.net\\\/portal\\\/#\\\/schema\\\/logo\\\/image\\\/\",\"url\":\"https:\\\/\\\/www.eldiario.net\\\/portal\\\/wp-content\\\/uploads\\\/2023\\\/07\\\/logo_ED.jpg\",\"contentUrl\":\"https:\\\/\\\/www.eldiario.net\\\/portal\\\/wp-content\\\/uploads\\\/2023\\\/07\\\/logo_ED.jpg\",\"width\":272,\"height\":52,\"caption\":\"El Diario - Decano de la prensa nacional\"},\"image\":{\"@id\":\"https:\\\/\\\/www.eldiario.net\\\/portal\\\/#\\\/schema\\\/logo\\\/image\\\/\"},\"sameAs\":[\"https:\\\/\\\/www.facebook.com\\\/eldiario.bolivia\\\/\",\"https:\\\/\\\/x.com\\\/eldiario_net\"]},{\"@type\":\"Person\",\"@id\":\"https:\\\/\\\/www.eldiario.net\\\/portal\\\/#\\\/schema\\\/person\\\/f46445640444750d7d753ccd04ae01b7\",\"name\":\"Jeanette\",\"image\":{\"@type\":\"ImageObject\",\"inLanguage\":\"es\",\"@id\":\"https:\\\/\\\/secure.gravatar.com\\\/avatar\\\/3ea2118a5f7dad2b7138b1187a6b7ee55f160b9968b66013c3a3ef39dd7e5798?s=96&d=mm&r=g\",\"url\":\"https:\\\/\\\/secure.gravatar.com\\\/avatar\\\/3ea2118a5f7dad2b7138b1187a6b7ee55f160b9968b66013c3a3ef39dd7e5798?s=96&d=mm&r=g\",\"contentUrl\":\"https:\\\/\\\/secure.gravatar.com\\\/avatar\\\/3ea2118a5f7dad2b7138b1187a6b7ee55f160b9968b66013c3a3ef39dd7e5798?s=96&d=mm&r=g\",\"caption\":\"Jeanette\"},\"sameAs\":[\"https:\\\/\\\/www.eldiario.net\\\/portal\"],\"url\":\"https:\\\/\\\/www.eldiario.net\\\/portal\\\/author\\\/jeanette\\\/\"}]}<\/script>\n<!-- \/ Yoast SEO plugin. -->","yoast_head_json":{"title":"19 empresas muestran inter\u00e9s en v\u00eda f\u00e9rrea Bulo Bulo-Ivirgazama-Villa Tunari - El Diario - Bolivia","robots":{"index":"index","follow":"follow","max-snippet":"max-snippet:-1","max-image-preview":"max-image-preview:large","max-video-preview":"max-video-preview:-1"},"canonical":"https:\/\/www.eldiario.net\/portal\/2021\/10\/29\/19-empresas-muestran-interes-en-via-ferrea-bulo-bulo-ivirgazama-villa-tunari\/","og_locale":"es_ES","og_type":"article","og_title":"19 empresas muestran inter\u00e9s en v\u00eda f\u00e9rrea Bulo Bulo-Ivirgazama-Villa Tunari - El Diario - Bolivia","og_description":"A un mes de la licitaci\u00f3n para el estudio de dise\u00f1o t\u00e9cnico de preinversi\u00f3n de la v\u00eda f\u00e9rrea Bulo Bulo-Ivirgazama-Villa Tunari se presentaron 19 empresas interesadas en este importante proyecto, en el marco del Corredor Ferroviario Bioce\u00e1nico de Integraci\u00f3n (CFBI) del cual es parte Bolivia. \u201cSe presentaron 19 empresas para hacer el Estudio de la [&hellip;]","og_url":"https:\/\/www.eldiario.net\/portal\/2021\/10\/29\/19-empresas-muestran-interes-en-via-ferrea-bulo-bulo-ivirgazama-villa-tunari\/","og_site_name":"El Diario - Bolivia","article_publisher":"https:\/\/www.facebook.com\/eldiario.bolivia\/","article_published_time":"2021-10-29T08:21:36+00:00","author":"Jeanette","twitter_card":"summary_large_image","twitter_creator":"@eldiario_net","twitter_site":"@eldiario_net","twitter_misc":{"Escrito por":"Jeanette","Tiempo de lectura":"1 minuto"},"schema":{"@context":"https:\/\/schema.org","@graph":[{"@type":"Article","@id":"https:\/\/www.eldiario.net\/portal\/2021\/10\/29\/19-empresas-muestran-interes-en-via-ferrea-bulo-bulo-ivirgazama-villa-tunari\/#article","isPartOf":{"@id":"https:\/\/www.eldiario.net\/portal\/2021\/10\/29\/19-empresas-muestran-interes-en-via-ferrea-bulo-bulo-ivirgazama-villa-tunari\/"},"author":{"name":"Jeanette","@id":"https:\/\/www.eldiario.net\/portal\/#\/schema\/person\/f46445640444750d7d753ccd04ae01b7"},"headline":"19 empresas muestran inter\u00e9s en v\u00eda f\u00e9rrea Bulo Bulo-Ivirgazama-Villa Tunari","datePublished":"2021-10-29T08:21:36+00:00","mainEntityOfPage":{"@id":"https:\/\/www.eldiario.net\/portal\/2021\/10\/29\/19-empresas-muestran-interes-en-via-ferrea-bulo-bulo-ivirgazama-villa-tunari\/"},"wordCount":221,"publisher":{"@id":"https:\/\/www.eldiario.net\/portal\/#organization"},"articleSection":["Econom\u00eda"],"inLanguage":"es"},{"@type":"WebPage","@id":"https:\/\/www.eldiario.net\/portal\/2021\/10\/29\/19-empresas-muestran-interes-en-via-ferrea-bulo-bulo-ivirgazama-villa-tunari\/","url":"https:\/\/www.eldiario.net\/portal\/2021\/10\/29\/19-empresas-muestran-interes-en-via-ferrea-bulo-bulo-ivirgazama-villa-tunari\/","name":"19 empresas muestran inter\u00e9s en v\u00eda f\u00e9rrea Bulo Bulo-Ivirgazama-Villa Tunari - El Diario - Bolivia","isPartOf":{"@id":"https:\/\/www.eldiario.net\/portal\/#website"},"datePublished":"2021-10-29T08:21:36+00:00","breadcrumb":{"@id":"https:\/\/www.eldiario.net\/portal\/2021\/10\/29\/19-empresas-muestran-interes-en-via-ferrea-bulo-bulo-ivirgazama-villa-tunari\/#breadcrumb"},"inLanguage":"es","potentialAction":[{"@type":"ReadAction","target":["https:\/\/www.eldiario.net\/portal\/2021\/10\/29\/19-empresas-muestran-interes-en-via-ferrea-bulo-bulo-ivirgazama-villa-tunari\/"]}]},{"@type":"BreadcrumbList","@id":"https:\/\/www.eldiario.net\/portal\/2021\/10\/29\/19-empresas-muestran-interes-en-via-ferrea-bulo-bulo-ivirgazama-villa-tunari\/#breadcrumb","itemListElement":[{"@type":"ListItem","position":1,"name":"Portada","item":"https:\/\/www.eldiario.net\/portal\/"},{"@type":"ListItem","position":2,"name":"19 empresas muestran inter\u00e9s en v\u00eda f\u00e9rrea Bulo Bulo-Ivirgazama-Villa Tunari"}]},{"@type":"WebSite","@id":"https:\/\/www.eldiario.net\/portal\/#website","url":"https:\/\/www.eldiario.net\/portal\/","name":"El Diario - Decano de la prensa nacional","description":"El Diario - Decano de la prensa nacional","publisher":{"@id":"https:\/\/www.eldiario.net\/portal\/#organization"},"potentialAction":[{"@type":"SearchAction","target":{"@type":"EntryPoint","urlTemplate":"https:\/\/www.eldiario.net\/portal\/?s={search_term_string}"},"query-input":{"@type":"PropertyValueSpecification","valueRequired":true,"valueName":"search_term_string"}}],"inLanguage":"es"},{"@type":"Organization","@id":"https:\/\/www.eldiario.net\/portal\/#organization","name":"El Diario - Decano de la prensa nacional","url":"https:\/\/www.eldiario.net\/portal\/","logo":{"@type":"ImageObject","inLanguage":"es","@id":"https:\/\/www.eldiario.net\/portal\/#\/schema\/logo\/image\/","url":"https:\/\/www.eldiario.net\/portal\/wp-content\/uploads\/2023\/07\/logo_ED.jpg","contentUrl":"https:\/\/www.eldiario.net\/portal\/wp-content\/uploads\/2023\/07\/logo_ED.jpg","width":272,"height":52,"caption":"El Diario - Decano de la prensa nacional"},"image":{"@id":"https:\/\/www.eldiario.net\/portal\/#\/schema\/logo\/image\/"},"sameAs":["https:\/\/www.facebook.com\/eldiario.bolivia\/","https:\/\/x.com\/eldiario_net"]},{"@type":"Person","@id":"https:\/\/www.eldiario.net\/portal\/#\/schema\/person\/f46445640444750d7d753ccd04ae01b7","name":"Jeanette","image":{"@type":"ImageObject","inLanguage":"es","@id":"https:\/\/secure.gravatar.com\/avatar\/3ea2118a5f7dad2b7138b1187a6b7ee55f160b9968b66013c3a3ef39dd7e5798?s=96&d=mm&r=g","url":"https:\/\/secure.gravatar.com\/avatar\/3ea2118a5f7dad2b7138b1187a6b7ee55f160b9968b66013c3a3ef39dd7e5798?s=96&d=mm&r=g","contentUrl":"https:\/\/secure.gravatar.com\/avatar\/3ea2118a5f7dad2b7138b1187a6b7ee55f160b9968b66013c3a3ef39dd7e5798?s=96&d=mm&r=g","caption":"Jeanette"},"sameAs":["https:\/\/www.eldiario.net\/portal"],"url":"https:\/\/www.eldiario.net\/portal\/author\/jeanette\/"}]}},"_links":{"self":[{"href":"https:\/\/www.eldiario.net\/portal\/wp-json\/wp\/v2\/posts\/39581","targetHints":{"allow":["GET"]}}],"collection":[{"href":"https:\/\/www.eldiario.net\/portal\/wp-json\/wp\/v2\/posts"}],"about":[{"href":"https:\/\/www.eldiario.net\/portal\/wp-json\/wp\/v2\/types\/post"}],"author":[{"embeddable":true,"href":"https:\/\/www.eldiario.net\/portal\/wp-json\/wp\/v2\/users\/1"}],"replies":[{"embeddable":true,"href":"https:\/\/www.eldiario.net\/portal\/wp-json\/wp\/v2\/comments?post=39581"}],"version-history":[{"count":0,"href":"https:\/\/www.eldiario.net\/portal\/wp-json\/wp\/v2\/posts\/39581\/revisions"}],"wp:attachment":[{"href":"https:\/\/www.eldiario.net\/portal\/wp-json\/wp\/v2\/media?parent=39581"}],"wp:term":[{"taxonomy":"category","embeddable":true,"href":"https:\/\/www.eldiario.net\/portal\/wp-json\/wp\/v2\/categories?post=39581"},{"taxonomy":"post_tag","embeddable":true,"href":"https:\/\/www.eldiario.net\/portal\/wp-json\/wp\/v2\/tags?post=39581"}],"curies":[{"name":"wp","href":"https:\/\/api.w.org\/{rel}","templated":true}]}}