{"id":39579,"date":"2021-10-29T04:21:20","date_gmt":"2021-10-29T08:21:20","guid":{"rendered":"https:\/\/www.eldiario.net\/portal\/?p=39579"},"modified":"2021-10-29T04:21:20","modified_gmt":"2021-10-29T08:21:20","slug":"comibol-suscribe-contrato-de-produccion-en-amayapampa-por-us-200-millones","status":"publish","type":"post","link":"https:\/\/www.eldiario.net\/portal\/2021\/10\/29\/comibol-suscribe-contrato-de-produccion-en-amayapampa-por-us-200-millones\/","title":{"rendered":"Comibol suscribe contrato de producci\u00f3n  en Amayapampa por $us 200 millones"},"content":{"rendered":"<p>Despu\u00e9s de varios meses de movilizaci\u00f3n de los trabajadores de Amayapampa, la Corporaci\u00f3n Minera de Bolivia (Comibol) y la empresa Phoenixminig S.A. suscriben hoy un contrato de producci\u00f3n minera por 200 millones de d\u00f3lares, cuyo yacimiento est\u00e1 ubicado en el municipio de Chayanta, provincia Rafael Bustillo del departamento de Potos\u00ed, as\u00ed lo hizo conocer el titular de la empresa estatal minera, Eugenio Mendoza.<br \/>\n\u201cAmayapampa es un yacimiento aur\u00edfero de mucho futuro; desde su reversi\u00f3n el Estado busc\u00f3 inversionistas potenciales, se han hecho licitaciones importantes, pero no se pudo llegar a acuerdos favorables con los ofertantes. Este a\u00f1o hemos tenido la suerte de encontrar una empresa seria (Phoenixminig S.A.), de origen estadounidense &#8211; chino, y ahora estamos a puertas de cerrar el contrato de producci\u00f3n minera\u201d, inform\u00f3 a la ABI el presidente ejecutivo de la Comibol, Eugenio Mendoza.<br \/>\nSeg\u00fan antecedentes expuestos por la entidad minera, Amayapampa es un yacimiento de oro encontrado en 1996. En 2012, la empresa Lion Gold se adjudic\u00f3 su explotaci\u00f3n, pero no desarroll\u00f3 ninguna actividad productiva, por lo que el Gobierno decidi\u00f3 revertir sus concesiones a trav\u00e9s de un proceso que termin\u00f3 a fines del primer semestre de 2015.<br \/>\nLos operadores de esa firma abandonaron intempestivamente los trabajos. Despu\u00e9s de varios a\u00f1os de inactividad, Amayapampa de manos privadas pas\u00f3 el 10 de octubre de 2016 a administraci\u00f3n de la Comibol.<br \/>\n\u201cLuego de la b\u00fasqueda de inversiones y dos licitaciones, se logra la suscripci\u00f3n del Contrato de Producci\u00f3n Minera. Este acuerdo ser\u00e1 de mucho beneficio tanto para la Comibol, el municipio, el departamento de Potos\u00ed y para el pa\u00eds\u201d, afirm\u00f3 Mendoza.<br \/>\nExplic\u00f3 que el contrato tiene una vigencia de 15 a\u00f1os y las operaciones mineras se realizar\u00e1n en el marco del cuidado ambiental, respeto a la Madre Tierra, seguridad jur\u00eddica, entre otros.<br \/>\nAdem\u00e1s, dijo que la empresa reconocer\u00e1 los gastos que la Comibol hizo durante cinco a\u00f1os en el yacimiento ($us 16 millones) y, al margen, cancelar\u00e1 la indemnizaci\u00f3n adeudada a los trabajadores por empresas que se adjudicaron su explotaci\u00f3n ($us 7,5 millones).<\/p>\n","protected":false},"excerpt":{"rendered":"<p>Despu\u00e9s de varios meses de movilizaci\u00f3n de los trabajadores de Amayapampa, la Corporaci\u00f3n Minera de Bolivia (Comibol) y la empresa Phoenixminig S.A. suscriben hoy un contrato de producci\u00f3n minera por 200 millones de d\u00f3lares, cuyo yacimiento est\u00e1 ubicado en el municipio de Chayanta, provincia Rafael Bustillo del departamento de Potos\u00ed, as\u00ed lo hizo conocer el [&hellip;]<\/p>\n","protected":false},"author":1,"featured_media":0,"comment_status":"closed","ping_status":"closed","sticky":false,"template":"","format":"standard","meta":{"_acf_changed":false,"footnotes":""},"categories":[7],"tags":[],"class_list":["post-39579","post","type-post","status-publish","format-standard","category-economia"],"acf":{"antetitulo":""},"yoast_head":"<!-- This site is optimized with the Yoast SEO plugin v28.4 - https:\/\/yoast.com\/product\/yoast-seo-wordpress\/ -->\n<title>Comibol suscribe contrato de producci\u00f3n en Amayapampa por $us 200 millones - El Diario - Bolivia<\/title>\n<meta name=\"robots\" content=\"index, follow, max-snippet:-1, max-image-preview:large, max-video-preview:-1\" \/>\n<link rel=\"canonical\" href=\"https:\/\/www.eldiario.net\/portal\/2021\/10\/29\/comibol-suscribe-contrato-de-produccion-en-amayapampa-por-us-200-millones\/\" \/>\n<meta property=\"og:locale\" content=\"es_ES\" \/>\n<meta property=\"og:type\" content=\"article\" \/>\n<meta property=\"og:title\" content=\"Comibol suscribe contrato de producci\u00f3n en Amayapampa por $us 200 millones - El Diario - Bolivia\" \/>\n<meta property=\"og:description\" content=\"Despu\u00e9s de varios meses de movilizaci\u00f3n de los trabajadores de Amayapampa, la Corporaci\u00f3n Minera de Bolivia (Comibol) y la empresa Phoenixminig S.A. suscriben hoy un contrato de producci\u00f3n minera por 200 millones de d\u00f3lares, cuyo yacimiento est\u00e1 ubicado en el municipio de Chayanta, provincia Rafael Bustillo del departamento de Potos\u00ed, as\u00ed lo hizo conocer el [&hellip;]\" \/>\n<meta property=\"og:url\" content=\"https:\/\/www.eldiario.net\/portal\/2021\/10\/29\/comibol-suscribe-contrato-de-produccion-en-amayapampa-por-us-200-millones\/\" \/>\n<meta property=\"og:site_name\" content=\"El Diario - Bolivia\" \/>\n<meta property=\"article:publisher\" content=\"https:\/\/www.facebook.com\/eldiario.bolivia\/\" \/>\n<meta property=\"article:published_time\" content=\"2021-10-29T08:21:20+00:00\" \/>\n<meta name=\"author\" content=\"Jeanette\" \/>\n<meta name=\"twitter:card\" content=\"summary_large_image\" \/>\n<meta name=\"twitter:creator\" content=\"@eldiario_net\" \/>\n<meta name=\"twitter:site\" content=\"@eldiario_net\" \/>\n<meta name=\"twitter:label1\" content=\"Escrito por\" \/>\n\t<meta name=\"twitter:data1\" content=\"Jeanette\" \/>\n\t<meta name=\"twitter:label2\" content=\"Tiempo de lectura\" \/>\n\t<meta name=\"twitter:data2\" content=\"2 minutos\" \/>\n<script type=\"application\/ld+json\" class=\"yoast-schema-graph\">{\"@context\":\"https:\\\/\\\/schema.org\",\"@graph\":[{\"@type\":\"Article\",\"@id\":\"https:\\\/\\\/www.eldiario.net\\\/portal\\\/2021\\\/10\\\/29\\\/comibol-suscribe-contrato-de-produccion-en-amayapampa-por-us-200-millones\\\/#article\",\"isPartOf\":{\"@id\":\"https:\\\/\\\/www.eldiario.net\\\/portal\\\/2021\\\/10\\\/29\\\/comibol-suscribe-contrato-de-produccion-en-amayapampa-por-us-200-millones\\\/\"},\"author\":{\"name\":\"Jeanette\",\"@id\":\"https:\\\/\\\/www.eldiario.net\\\/portal\\\/#\\\/schema\\\/person\\\/f46445640444750d7d753ccd04ae01b7\"},\"headline\":\"Comibol suscribe contrato de producci\u00f3n en Amayapampa por $us 200 millones\",\"datePublished\":\"2021-10-29T08:21:20+00:00\",\"mainEntityOfPage\":{\"@id\":\"https:\\\/\\\/www.eldiario.net\\\/portal\\\/2021\\\/10\\\/29\\\/comibol-suscribe-contrato-de-produccion-en-amayapampa-por-us-200-millones\\\/\"},\"wordCount\":365,\"publisher\":{\"@id\":\"https:\\\/\\\/www.eldiario.net\\\/portal\\\/#organization\"},\"articleSection\":[\"Econom\u00eda\"],\"inLanguage\":\"es\"},{\"@type\":\"WebPage\",\"@id\":\"https:\\\/\\\/www.eldiario.net\\\/portal\\\/2021\\\/10\\\/29\\\/comibol-suscribe-contrato-de-produccion-en-amayapampa-por-us-200-millones\\\/\",\"url\":\"https:\\\/\\\/www.eldiario.net\\\/portal\\\/2021\\\/10\\\/29\\\/comibol-suscribe-contrato-de-produccion-en-amayapampa-por-us-200-millones\\\/\",\"name\":\"Comibol suscribe contrato de producci\u00f3n en Amayapampa por $us 200 millones - El Diario - Bolivia\",\"isPartOf\":{\"@id\":\"https:\\\/\\\/www.eldiario.net\\\/portal\\\/#website\"},\"datePublished\":\"2021-10-29T08:21:20+00:00\",\"breadcrumb\":{\"@id\":\"https:\\\/\\\/www.eldiario.net\\\/portal\\\/2021\\\/10\\\/29\\\/comibol-suscribe-contrato-de-produccion-en-amayapampa-por-us-200-millones\\\/#breadcrumb\"},\"inLanguage\":\"es\",\"potentialAction\":[{\"@type\":\"ReadAction\",\"target\":[\"https:\\\/\\\/www.eldiario.net\\\/portal\\\/2021\\\/10\\\/29\\\/comibol-suscribe-contrato-de-produccion-en-amayapampa-por-us-200-millones\\\/\"]}]},{\"@type\":\"BreadcrumbList\",\"@id\":\"https:\\\/\\\/www.eldiario.net\\\/portal\\\/2021\\\/10\\\/29\\\/comibol-suscribe-contrato-de-produccion-en-amayapampa-por-us-200-millones\\\/#breadcrumb\",\"itemListElement\":[{\"@type\":\"ListItem\",\"position\":1,\"name\":\"Portada\",\"item\":\"https:\\\/\\\/www.eldiario.net\\\/portal\\\/\"},{\"@type\":\"ListItem\",\"position\":2,\"name\":\"Comibol suscribe contrato de producci\u00f3n en Amayapampa por $us 200 millones\"}]},{\"@type\":\"WebSite\",\"@id\":\"https:\\\/\\\/www.eldiario.net\\\/portal\\\/#website\",\"url\":\"https:\\\/\\\/www.eldiario.net\\\/portal\\\/\",\"name\":\"El Diario - Decano de la prensa nacional\",\"description\":\"El Diario - Decano de la prensa nacional\",\"publisher\":{\"@id\":\"https:\\\/\\\/www.eldiario.net\\\/portal\\\/#organization\"},\"potentialAction\":[{\"@type\":\"SearchAction\",\"target\":{\"@type\":\"EntryPoint\",\"urlTemplate\":\"https:\\\/\\\/www.eldiario.net\\\/portal\\\/?s={search_term_string}\"},\"query-input\":{\"@type\":\"PropertyValueSpecification\",\"valueRequired\":true,\"valueName\":\"search_term_string\"}}],\"inLanguage\":\"es\"},{\"@type\":\"Organization\",\"@id\":\"https:\\\/\\\/www.eldiario.net\\\/portal\\\/#organization\",\"name\":\"El Diario - Decano de la prensa nacional\",\"url\":\"https:\\\/\\\/www.eldiario.net\\\/portal\\\/\",\"logo\":{\"@type\":\"ImageObject\",\"inLanguage\":\"es\",\"@id\":\"https:\\\/\\\/www.eldiario.net\\\/portal\\\/#\\\/schema\\\/logo\\\/image\\\/\",\"url\":\"https:\\\/\\\/www.eldiario.net\\\/portal\\\/wp-content\\\/uploads\\\/2023\\\/07\\\/logo_ED.jpg\",\"contentUrl\":\"https:\\\/\\\/www.eldiario.net\\\/portal\\\/wp-content\\\/uploads\\\/2023\\\/07\\\/logo_ED.jpg\",\"width\":272,\"height\":52,\"caption\":\"El Diario - Decano de la prensa nacional\"},\"image\":{\"@id\":\"https:\\\/\\\/www.eldiario.net\\\/portal\\\/#\\\/schema\\\/logo\\\/image\\\/\"},\"sameAs\":[\"https:\\\/\\\/www.facebook.com\\\/eldiario.bolivia\\\/\",\"https:\\\/\\\/x.com\\\/eldiario_net\"]},{\"@type\":\"Person\",\"@id\":\"https:\\\/\\\/www.eldiario.net\\\/portal\\\/#\\\/schema\\\/person\\\/f46445640444750d7d753ccd04ae01b7\",\"name\":\"Jeanette\",\"image\":{\"@type\":\"ImageObject\",\"inLanguage\":\"es\",\"@id\":\"https:\\\/\\\/secure.gravatar.com\\\/avatar\\\/3ea2118a5f7dad2b7138b1187a6b7ee55f160b9968b66013c3a3ef39dd7e5798?s=96&d=mm&r=g\",\"url\":\"https:\\\/\\\/secure.gravatar.com\\\/avatar\\\/3ea2118a5f7dad2b7138b1187a6b7ee55f160b9968b66013c3a3ef39dd7e5798?s=96&d=mm&r=g\",\"contentUrl\":\"https:\\\/\\\/secure.gravatar.com\\\/avatar\\\/3ea2118a5f7dad2b7138b1187a6b7ee55f160b9968b66013c3a3ef39dd7e5798?s=96&d=mm&r=g\",\"caption\":\"Jeanette\"},\"sameAs\":[\"https:\\\/\\\/www.eldiario.net\\\/portal\"],\"url\":\"https:\\\/\\\/www.eldiario.net\\\/portal\\\/author\\\/jeanette\\\/\"}]}<\/script>\n<!-- \/ Yoast SEO plugin. -->","yoast_head_json":{"title":"Comibol suscribe contrato de producci\u00f3n en Amayapampa por $us 200 millones - El Diario - Bolivia","robots":{"index":"index","follow":"follow","max-snippet":"max-snippet:-1","max-image-preview":"max-image-preview:large","max-video-preview":"max-video-preview:-1"},"canonical":"https:\/\/www.eldiario.net\/portal\/2021\/10\/29\/comibol-suscribe-contrato-de-produccion-en-amayapampa-por-us-200-millones\/","og_locale":"es_ES","og_type":"article","og_title":"Comibol suscribe contrato de producci\u00f3n en Amayapampa por $us 200 millones - El Diario - Bolivia","og_description":"Despu\u00e9s de varios meses de movilizaci\u00f3n de los trabajadores de Amayapampa, la Corporaci\u00f3n Minera de Bolivia (Comibol) y la empresa Phoenixminig S.A. suscriben hoy un contrato de producci\u00f3n minera por 200 millones de d\u00f3lares, cuyo yacimiento est\u00e1 ubicado en el municipio de Chayanta, provincia Rafael Bustillo del departamento de Potos\u00ed, as\u00ed lo hizo conocer el [&hellip;]","og_url":"https:\/\/www.eldiario.net\/portal\/2021\/10\/29\/comibol-suscribe-contrato-de-produccion-en-amayapampa-por-us-200-millones\/","og_site_name":"El Diario - Bolivia","article_publisher":"https:\/\/www.facebook.com\/eldiario.bolivia\/","article_published_time":"2021-10-29T08:21:20+00:00","author":"Jeanette","twitter_card":"summary_large_image","twitter_creator":"@eldiario_net","twitter_site":"@eldiario_net","twitter_misc":{"Escrito por":"Jeanette","Tiempo de lectura":"2 minutos"},"schema":{"@context":"https:\/\/schema.org","@graph":[{"@type":"Article","@id":"https:\/\/www.eldiario.net\/portal\/2021\/10\/29\/comibol-suscribe-contrato-de-produccion-en-amayapampa-por-us-200-millones\/#article","isPartOf":{"@id":"https:\/\/www.eldiario.net\/portal\/2021\/10\/29\/comibol-suscribe-contrato-de-produccion-en-amayapampa-por-us-200-millones\/"},"author":{"name":"Jeanette","@id":"https:\/\/www.eldiario.net\/portal\/#\/schema\/person\/f46445640444750d7d753ccd04ae01b7"},"headline":"Comibol suscribe contrato de producci\u00f3n en Amayapampa por $us 200 millones","datePublished":"2021-10-29T08:21:20+00:00","mainEntityOfPage":{"@id":"https:\/\/www.eldiario.net\/portal\/2021\/10\/29\/comibol-suscribe-contrato-de-produccion-en-amayapampa-por-us-200-millones\/"},"wordCount":365,"publisher":{"@id":"https:\/\/www.eldiario.net\/portal\/#organization"},"articleSection":["Econom\u00eda"],"inLanguage":"es"},{"@type":"WebPage","@id":"https:\/\/www.eldiario.net\/portal\/2021\/10\/29\/comibol-suscribe-contrato-de-produccion-en-amayapampa-por-us-200-millones\/","url":"https:\/\/www.eldiario.net\/portal\/2021\/10\/29\/comibol-suscribe-contrato-de-produccion-en-amayapampa-por-us-200-millones\/","name":"Comibol suscribe contrato de producci\u00f3n en Amayapampa por $us 200 millones - El Diario - Bolivia","isPartOf":{"@id":"https:\/\/www.eldiario.net\/portal\/#website"},"datePublished":"2021-10-29T08:21:20+00:00","breadcrumb":{"@id":"https:\/\/www.eldiario.net\/portal\/2021\/10\/29\/comibol-suscribe-contrato-de-produccion-en-amayapampa-por-us-200-millones\/#breadcrumb"},"inLanguage":"es","potentialAction":[{"@type":"ReadAction","target":["https:\/\/www.eldiario.net\/portal\/2021\/10\/29\/comibol-suscribe-contrato-de-produccion-en-amayapampa-por-us-200-millones\/"]}]},{"@type":"BreadcrumbList","@id":"https:\/\/www.eldiario.net\/portal\/2021\/10\/29\/comibol-suscribe-contrato-de-produccion-en-amayapampa-por-us-200-millones\/#breadcrumb","itemListElement":[{"@type":"ListItem","position":1,"name":"Portada","item":"https:\/\/www.eldiario.net\/portal\/"},{"@type":"ListItem","position":2,"name":"Comibol suscribe contrato de producci\u00f3n en Amayapampa por $us 200 millones"}]},{"@type":"WebSite","@id":"https:\/\/www.eldiario.net\/portal\/#website","url":"https:\/\/www.eldiario.net\/portal\/","name":"El Diario - Decano de la prensa nacional","description":"El Diario - Decano de la prensa nacional","publisher":{"@id":"https:\/\/www.eldiario.net\/portal\/#organization"},"potentialAction":[{"@type":"SearchAction","target":{"@type":"EntryPoint","urlTemplate":"https:\/\/www.eldiario.net\/portal\/?s={search_term_string}"},"query-input":{"@type":"PropertyValueSpecification","valueRequired":true,"valueName":"search_term_string"}}],"inLanguage":"es"},{"@type":"Organization","@id":"https:\/\/www.eldiario.net\/portal\/#organization","name":"El Diario - Decano de la prensa nacional","url":"https:\/\/www.eldiario.net\/portal\/","logo":{"@type":"ImageObject","inLanguage":"es","@id":"https:\/\/www.eldiario.net\/portal\/#\/schema\/logo\/image\/","url":"https:\/\/www.eldiario.net\/portal\/wp-content\/uploads\/2023\/07\/logo_ED.jpg","contentUrl":"https:\/\/www.eldiario.net\/portal\/wp-content\/uploads\/2023\/07\/logo_ED.jpg","width":272,"height":52,"caption":"El Diario - Decano de la prensa nacional"},"image":{"@id":"https:\/\/www.eldiario.net\/portal\/#\/schema\/logo\/image\/"},"sameAs":["https:\/\/www.facebook.com\/eldiario.bolivia\/","https:\/\/x.com\/eldiario_net"]},{"@type":"Person","@id":"https:\/\/www.eldiario.net\/portal\/#\/schema\/person\/f46445640444750d7d753ccd04ae01b7","name":"Jeanette","image":{"@type":"ImageObject","inLanguage":"es","@id":"https:\/\/secure.gravatar.com\/avatar\/3ea2118a5f7dad2b7138b1187a6b7ee55f160b9968b66013c3a3ef39dd7e5798?s=96&d=mm&r=g","url":"https:\/\/secure.gravatar.com\/avatar\/3ea2118a5f7dad2b7138b1187a6b7ee55f160b9968b66013c3a3ef39dd7e5798?s=96&d=mm&r=g","contentUrl":"https:\/\/secure.gravatar.com\/avatar\/3ea2118a5f7dad2b7138b1187a6b7ee55f160b9968b66013c3a3ef39dd7e5798?s=96&d=mm&r=g","caption":"Jeanette"},"sameAs":["https:\/\/www.eldiario.net\/portal"],"url":"https:\/\/www.eldiario.net\/portal\/author\/jeanette\/"}]}},"_links":{"self":[{"href":"https:\/\/www.eldiario.net\/portal\/wp-json\/wp\/v2\/posts\/39579","targetHints":{"allow":["GET"]}}],"collection":[{"href":"https:\/\/www.eldiario.net\/portal\/wp-json\/wp\/v2\/posts"}],"about":[{"href":"https:\/\/www.eldiario.net\/portal\/wp-json\/wp\/v2\/types\/post"}],"author":[{"embeddable":true,"href":"https:\/\/www.eldiario.net\/portal\/wp-json\/wp\/v2\/users\/1"}],"replies":[{"embeddable":true,"href":"https:\/\/www.eldiario.net\/portal\/wp-json\/wp\/v2\/comments?post=39579"}],"version-history":[{"count":0,"href":"https:\/\/www.eldiario.net\/portal\/wp-json\/wp\/v2\/posts\/39579\/revisions"}],"wp:attachment":[{"href":"https:\/\/www.eldiario.net\/portal\/wp-json\/wp\/v2\/media?parent=39579"}],"wp:term":[{"taxonomy":"category","embeddable":true,"href":"https:\/\/www.eldiario.net\/portal\/wp-json\/wp\/v2\/categories?post=39579"},{"taxonomy":"post_tag","embeddable":true,"href":"https:\/\/www.eldiario.net\/portal\/wp-json\/wp\/v2\/tags?post=39579"}],"curies":[{"name":"wp","href":"https:\/\/api.w.org\/{rel}","templated":true}]}}