{"id":39577,"date":"2021-10-29T04:20:39","date_gmt":"2021-10-29T08:20:39","guid":{"rendered":"https:\/\/www.eldiario.net\/portal\/?p=39577"},"modified":"2021-10-29T04:20:39","modified_gmt":"2021-10-29T08:20:39","slug":"la-labor-del-intelectual","status":"publish","type":"post","link":"https:\/\/www.eldiario.net\/portal\/2021\/10\/29\/la-labor-del-intelectual\/","title":{"rendered":"La labor del intelectual"},"content":{"rendered":"<p>Primero definamos brevemente qu\u00e9 es el intelectual. Para ello, combinar\u00e9 las definiciones que dos intelectuales dan sobre este t\u00e9rmino. El fil\u00f3sofo Felipe Mansilla, por una parte, dice que el intelectual es un individuo \u2014cuyo antecedente m\u00e1s lejano podr\u00eda encontrarse en los profetas de la Biblia\u2014 que tiene la misi\u00f3n de deshacer entuertos y denunciar extrav\u00edos de un determinado colectivo. El soci\u00f3logo Salvador Romero Pittari, por otra parte, indica que el intelectual es una persona que, aparte de estar dotada de un bagaje erudito y un relativo ingenio, ejerce un magisterio moral. O sea, que debe ser \u00e9tico y honesto (pues hay casos en que un hombre re\u00fane erudici\u00f3n e ingenio, pero no abraza c\u00f3digos \u00e9ticos). A esas dos definiciones, yo agregar\u00eda la del poeta V\u00edctor Hugo, que dice que el intelectual es aqu\u00e9l que alumbra la marcha de los pueblos con la luz de su pensamiento. De este modo, tenemos que un intelectual es \u2014o deber\u00eda ser\u2014 una persona \u00e9tica, ingeniosa y dotada de un bagaje cultural, que asume posturas cr\u00edticas respecto a una determinada realidad o contexto cultural o social y que, finalmente, tiene la misi\u00f3n de iluminar con sus ideas el camino de las sociedades.<br \/>\nLos intelectuales tuvieron antes mucha m\u00e1s influencia que hoy. Hasta principios del Siglo XX su voz era muy significativa. Todo cambi\u00f3 cuando se iniciaron aquellos fen\u00f3menos llamados cultura de masas, revoluci\u00f3n tecnol\u00f3gica, consumo masivo e inmersi\u00f3n de las masas en la actividad pol\u00edtica, fen\u00f3menos que banalizaron la informaci\u00f3n y los productos culturales y que fueron estudiados por los fil\u00f3sofos de la Escuela de Frankfurt y el historiador Eric Hobsbawm. A esos fen\u00f3menos se sumaron las corrientes de pensamiento y arte relativistas, que hicieron creer a las personas que cada cual pod\u00eda tener su propia verdad y que toda certeza deb\u00eda ser objeto de cuestionamiento.<br \/>\nLa labor del intelectual deber\u00eda estar siempre cimentada en la cr\u00edtica y no en la complacencia, en la sana disidencia y no en el convencionalismo, pues para cantar el coro de la satisfacci\u00f3n y la alegr\u00eda est\u00e1n la sociedad ingenua y los pol\u00edticos oportunistas o vac\u00edos de ideolog\u00eda. Es por eso que muchas veces \u2014sobre todo en las sociedades conservadoras y arraigadas en las tradiciones malas y perniciosas para el desarrollo, como las latinoamericanas\u2014 el intelectual \u201ccae mal\u201d o incomoda. Ahora bien, esta incomodidad no solo se produce cuando el intelectual trabaja en los campos de la pol\u00edtica, la religi\u00f3n o la sociedad (como fue el caso de Alcides Arguedas), sino tambi\u00e9n cuando ingresa en los campos est\u00e9ticos y art\u00edsticos, marcha a contracorriente de las modas comerciales del momento y revaloriza un arte excelso del pasado muy lejano (como fue el caso de Franz Tamayo).<br \/>\nEl intelectual debe asumir posturas reflexivas, cr\u00edticas y edificantes. Y adem\u00e1s debe ser audaz. Pues de poco sirve una persona ingeniosa, erudita y \u00e9tica, pero carente de coraje para criticar y enfrentarse a los desvar\u00edos de los actores sociales o la sociedad en su conjunto. Ciertamente muchos ilustrados inteligentes de nuestro medio no hacen esto; ya sea por ambiciones pol\u00edticas, ya por no quedar mal con unos u otros, callan ciertas cosas que deber\u00edan ser dichas por su pluma o su boca. Son pacatos. Y entonces su magisterio se reduce a una mera labor de comentaristas tibios. Hay tambi\u00e9n de aqu\u00e9llos que venden sus plumas o sus voces a un partido o una situaci\u00f3n, y entonces su cualidad \u00e9tica queda a la deriva, despoj\u00e1ndose ellos mismos del honor de ser intelectuales. Un d\u00eda, por ejemplo, podr\u00edan escribir en tono encomi\u00e1stico la biograf\u00eda de un magnate capitalista, y al d\u00eda siguiente una laude de un partido de izquierdas.<br \/>\nLa sociedad debe entender al intelectual. Con esto no me refiero a que debe entenderlo solamente en cuanto al fondo de su pensamiento, sino, sobre todo, a que debe entender la labor que cumple en la sociedad. Cuando, por ejemplo, lanza cr\u00edticas inc\u00f3modas, acaso incisivas, hacia una persona, movimiento social o partido pol\u00edtico, pero cr\u00edticas bien fundamentadas, no est\u00e1 en contra de la persona, movimiento o partido como tal, lo est\u00e1 contra el efecto que ellos tienen en la realidad. Es entonces cuando est\u00e1 haciendo lo que debe hacer en este mundo. \u00c9sa, y no otra, es su labor.<\/p>\n<p>Ignacio Vera de Rada es profesor universitario.<\/p>\n","protected":false},"excerpt":{"rendered":"<p>Primero definamos brevemente qu\u00e9 es el intelectual. Para ello, combinar\u00e9 las definiciones que dos intelectuales dan sobre este t\u00e9rmino. El fil\u00f3sofo Felipe Mansilla, por una parte, dice que el intelectual es un individuo \u2014cuyo antecedente m\u00e1s lejano podr\u00eda encontrarse en los profetas de la Biblia\u2014 que tiene la misi\u00f3n de deshacer entuertos y denunciar extrav\u00edos [&hellip;]<\/p>\n","protected":false},"author":1,"featured_media":6031,"comment_status":"closed","ping_status":"closed","sticky":false,"template":"","format":"standard","meta":{"_acf_changed":false,"footnotes":""},"categories":[9],"tags":[],"class_list":["post-39577","post","type-post","status-publish","format-standard","has-post-thumbnail","category-opinion"],"acf":{"antetitulo":""},"yoast_head":"<!-- This site is optimized with the Yoast SEO plugin v28.4 - https:\/\/yoast.com\/product\/yoast-seo-wordpress\/ -->\n<title>La labor del intelectual - El Diario - Bolivia<\/title>\n<meta name=\"robots\" content=\"index, follow, max-snippet:-1, max-image-preview:large, max-video-preview:-1\" \/>\n<link rel=\"canonical\" href=\"https:\/\/www.eldiario.net\/portal\/2021\/10\/29\/la-labor-del-intelectual\/\" \/>\n<meta property=\"og:locale\" content=\"es_ES\" \/>\n<meta property=\"og:type\" content=\"article\" \/>\n<meta property=\"og:title\" content=\"La labor del intelectual - El Diario - Bolivia\" \/>\n<meta property=\"og:description\" content=\"Primero definamos brevemente qu\u00e9 es el intelectual. Para ello, combinar\u00e9 las definiciones que dos intelectuales dan sobre este t\u00e9rmino. El fil\u00f3sofo Felipe Mansilla, por una parte, dice que el intelectual es un individuo \u2014cuyo antecedente m\u00e1s lejano podr\u00eda encontrarse en los profetas de la Biblia\u2014 que tiene la misi\u00f3n de deshacer entuertos y denunciar extrav\u00edos [&hellip;]\" \/>\n<meta property=\"og:url\" content=\"https:\/\/www.eldiario.net\/portal\/2021\/10\/29\/la-labor-del-intelectual\/\" \/>\n<meta property=\"og:site_name\" content=\"El Diario - Bolivia\" \/>\n<meta property=\"article:publisher\" content=\"https:\/\/www.facebook.com\/eldiario.bolivia\/\" \/>\n<meta property=\"article:published_time\" content=\"2021-10-29T08:20:39+00:00\" \/>\n<meta property=\"og:image\" content=\"https:\/\/www.eldiario.net\/portal\/wp-content\/uploads\/2021\/05\/Ignacio-Vera-de-Rada.jpg\" \/>\n\t<meta property=\"og:image:width\" content=\"1200\" \/>\n\t<meta property=\"og:image:height\" content=\"628\" \/>\n\t<meta property=\"og:image:type\" content=\"image\/jpeg\" \/>\n<meta name=\"author\" content=\"Jeanette\" \/>\n<meta name=\"twitter:card\" content=\"summary_large_image\" \/>\n<meta name=\"twitter:creator\" content=\"@eldiario_net\" \/>\n<meta name=\"twitter:site\" content=\"@eldiario_net\" \/>\n<meta name=\"twitter:label1\" content=\"Escrito por\" \/>\n\t<meta name=\"twitter:data1\" content=\"Jeanette\" \/>\n\t<meta name=\"twitter:label2\" content=\"Tiempo de lectura\" \/>\n\t<meta name=\"twitter:data2\" content=\"4 minutos\" \/>\n<script type=\"application\/ld+json\" class=\"yoast-schema-graph\">{\"@context\":\"https:\\\/\\\/schema.org\",\"@graph\":[{\"@type\":\"Article\",\"@id\":\"https:\\\/\\\/www.eldiario.net\\\/portal\\\/2021\\\/10\\\/29\\\/la-labor-del-intelectual\\\/#article\",\"isPartOf\":{\"@id\":\"https:\\\/\\\/www.eldiario.net\\\/portal\\\/2021\\\/10\\\/29\\\/la-labor-del-intelectual\\\/\"},\"author\":{\"name\":\"Jeanette\",\"@id\":\"https:\\\/\\\/www.eldiario.net\\\/portal\\\/#\\\/schema\\\/person\\\/f46445640444750d7d753ccd04ae01b7\"},\"headline\":\"La labor del intelectual\",\"datePublished\":\"2021-10-29T08:20:39+00:00\",\"mainEntityOfPage\":{\"@id\":\"https:\\\/\\\/www.eldiario.net\\\/portal\\\/2021\\\/10\\\/29\\\/la-labor-del-intelectual\\\/\"},\"wordCount\":772,\"publisher\":{\"@id\":\"https:\\\/\\\/www.eldiario.net\\\/portal\\\/#organization\"},\"image\":{\"@id\":\"https:\\\/\\\/www.eldiario.net\\\/portal\\\/2021\\\/10\\\/29\\\/la-labor-del-intelectual\\\/#primaryimage\"},\"thumbnailUrl\":\"https:\\\/\\\/www.eldiario.net\\\/portal\\\/wp-content\\\/uploads\\\/2021\\\/05\\\/Ignacio-Vera-de-Rada.jpg\",\"articleSection\":[\"Opini\u00f3n\"],\"inLanguage\":\"es\"},{\"@type\":\"WebPage\",\"@id\":\"https:\\\/\\\/www.eldiario.net\\\/portal\\\/2021\\\/10\\\/29\\\/la-labor-del-intelectual\\\/\",\"url\":\"https:\\\/\\\/www.eldiario.net\\\/portal\\\/2021\\\/10\\\/29\\\/la-labor-del-intelectual\\\/\",\"name\":\"La labor del intelectual - El Diario - Bolivia\",\"isPartOf\":{\"@id\":\"https:\\\/\\\/www.eldiario.net\\\/portal\\\/#website\"},\"primaryImageOfPage\":{\"@id\":\"https:\\\/\\\/www.eldiario.net\\\/portal\\\/2021\\\/10\\\/29\\\/la-labor-del-intelectual\\\/#primaryimage\"},\"image\":{\"@id\":\"https:\\\/\\\/www.eldiario.net\\\/portal\\\/2021\\\/10\\\/29\\\/la-labor-del-intelectual\\\/#primaryimage\"},\"thumbnailUrl\":\"https:\\\/\\\/www.eldiario.net\\\/portal\\\/wp-content\\\/uploads\\\/2021\\\/05\\\/Ignacio-Vera-de-Rada.jpg\",\"datePublished\":\"2021-10-29T08:20:39+00:00\",\"breadcrumb\":{\"@id\":\"https:\\\/\\\/www.eldiario.net\\\/portal\\\/2021\\\/10\\\/29\\\/la-labor-del-intelectual\\\/#breadcrumb\"},\"inLanguage\":\"es\",\"potentialAction\":[{\"@type\":\"ReadAction\",\"target\":[\"https:\\\/\\\/www.eldiario.net\\\/portal\\\/2021\\\/10\\\/29\\\/la-labor-del-intelectual\\\/\"]}]},{\"@type\":\"ImageObject\",\"inLanguage\":\"es\",\"@id\":\"https:\\\/\\\/www.eldiario.net\\\/portal\\\/2021\\\/10\\\/29\\\/la-labor-del-intelectual\\\/#primaryimage\",\"url\":\"https:\\\/\\\/www.eldiario.net\\\/portal\\\/wp-content\\\/uploads\\\/2021\\\/05\\\/Ignacio-Vera-de-Rada.jpg\",\"contentUrl\":\"https:\\\/\\\/www.eldiario.net\\\/portal\\\/wp-content\\\/uploads\\\/2021\\\/05\\\/Ignacio-Vera-de-Rada.jpg\",\"width\":1200,\"height\":628},{\"@type\":\"BreadcrumbList\",\"@id\":\"https:\\\/\\\/www.eldiario.net\\\/portal\\\/2021\\\/10\\\/29\\\/la-labor-del-intelectual\\\/#breadcrumb\",\"itemListElement\":[{\"@type\":\"ListItem\",\"position\":1,\"name\":\"Portada\",\"item\":\"https:\\\/\\\/www.eldiario.net\\\/portal\\\/\"},{\"@type\":\"ListItem\",\"position\":2,\"name\":\"La labor del intelectual\"}]},{\"@type\":\"WebSite\",\"@id\":\"https:\\\/\\\/www.eldiario.net\\\/portal\\\/#website\",\"url\":\"https:\\\/\\\/www.eldiario.net\\\/portal\\\/\",\"name\":\"El Diario - Decano de la prensa nacional\",\"description\":\"El Diario - Decano de la prensa nacional\",\"publisher\":{\"@id\":\"https:\\\/\\\/www.eldiario.net\\\/portal\\\/#organization\"},\"potentialAction\":[{\"@type\":\"SearchAction\",\"target\":{\"@type\":\"EntryPoint\",\"urlTemplate\":\"https:\\\/\\\/www.eldiario.net\\\/portal\\\/?s={search_term_string}\"},\"query-input\":{\"@type\":\"PropertyValueSpecification\",\"valueRequired\":true,\"valueName\":\"search_term_string\"}}],\"inLanguage\":\"es\"},{\"@type\":\"Organization\",\"@id\":\"https:\\\/\\\/www.eldiario.net\\\/portal\\\/#organization\",\"name\":\"El Diario - Decano de la prensa nacional\",\"url\":\"https:\\\/\\\/www.eldiario.net\\\/portal\\\/\",\"logo\":{\"@type\":\"ImageObject\",\"inLanguage\":\"es\",\"@id\":\"https:\\\/\\\/www.eldiario.net\\\/portal\\\/#\\\/schema\\\/logo\\\/image\\\/\",\"url\":\"https:\\\/\\\/www.eldiario.net\\\/portal\\\/wp-content\\\/uploads\\\/2023\\\/07\\\/logo_ED.jpg\",\"contentUrl\":\"https:\\\/\\\/www.eldiario.net\\\/portal\\\/wp-content\\\/uploads\\\/2023\\\/07\\\/logo_ED.jpg\",\"width\":272,\"height\":52,\"caption\":\"El Diario - Decano de la prensa nacional\"},\"image\":{\"@id\":\"https:\\\/\\\/www.eldiario.net\\\/portal\\\/#\\\/schema\\\/logo\\\/image\\\/\"},\"sameAs\":[\"https:\\\/\\\/www.facebook.com\\\/eldiario.bolivia\\\/\",\"https:\\\/\\\/x.com\\\/eldiario_net\"]},{\"@type\":\"Person\",\"@id\":\"https:\\\/\\\/www.eldiario.net\\\/portal\\\/#\\\/schema\\\/person\\\/f46445640444750d7d753ccd04ae01b7\",\"name\":\"Jeanette\",\"image\":{\"@type\":\"ImageObject\",\"inLanguage\":\"es\",\"@id\":\"https:\\\/\\\/secure.gravatar.com\\\/avatar\\\/3ea2118a5f7dad2b7138b1187a6b7ee55f160b9968b66013c3a3ef39dd7e5798?s=96&d=mm&r=g\",\"url\":\"https:\\\/\\\/secure.gravatar.com\\\/avatar\\\/3ea2118a5f7dad2b7138b1187a6b7ee55f160b9968b66013c3a3ef39dd7e5798?s=96&d=mm&r=g\",\"contentUrl\":\"https:\\\/\\\/secure.gravatar.com\\\/avatar\\\/3ea2118a5f7dad2b7138b1187a6b7ee55f160b9968b66013c3a3ef39dd7e5798?s=96&d=mm&r=g\",\"caption\":\"Jeanette\"},\"sameAs\":[\"https:\\\/\\\/www.eldiario.net\\\/portal\"],\"url\":\"https:\\\/\\\/www.eldiario.net\\\/portal\\\/author\\\/jeanette\\\/\"}]}<\/script>\n<!-- \/ Yoast SEO plugin. -->","yoast_head_json":{"title":"La labor del intelectual - El Diario - Bolivia","robots":{"index":"index","follow":"follow","max-snippet":"max-snippet:-1","max-image-preview":"max-image-preview:large","max-video-preview":"max-video-preview:-1"},"canonical":"https:\/\/www.eldiario.net\/portal\/2021\/10\/29\/la-labor-del-intelectual\/","og_locale":"es_ES","og_type":"article","og_title":"La labor del intelectual - El Diario - Bolivia","og_description":"Primero definamos brevemente qu\u00e9 es el intelectual. Para ello, combinar\u00e9 las definiciones que dos intelectuales dan sobre este t\u00e9rmino. El fil\u00f3sofo Felipe Mansilla, por una parte, dice que el intelectual es un individuo \u2014cuyo antecedente m\u00e1s lejano podr\u00eda encontrarse en los profetas de la Biblia\u2014 que tiene la misi\u00f3n de deshacer entuertos y denunciar extrav\u00edos [&hellip;]","og_url":"https:\/\/www.eldiario.net\/portal\/2021\/10\/29\/la-labor-del-intelectual\/","og_site_name":"El Diario - Bolivia","article_publisher":"https:\/\/www.facebook.com\/eldiario.bolivia\/","article_published_time":"2021-10-29T08:20:39+00:00","og_image":[{"width":1200,"height":628,"url":"https:\/\/www.eldiario.net\/portal\/wp-content\/uploads\/2021\/05\/Ignacio-Vera-de-Rada.jpg","type":"image\/jpeg"}],"author":"Jeanette","twitter_card":"summary_large_image","twitter_creator":"@eldiario_net","twitter_site":"@eldiario_net","twitter_misc":{"Escrito por":"Jeanette","Tiempo de lectura":"4 minutos"},"schema":{"@context":"https:\/\/schema.org","@graph":[{"@type":"Article","@id":"https:\/\/www.eldiario.net\/portal\/2021\/10\/29\/la-labor-del-intelectual\/#article","isPartOf":{"@id":"https:\/\/www.eldiario.net\/portal\/2021\/10\/29\/la-labor-del-intelectual\/"},"author":{"name":"Jeanette","@id":"https:\/\/www.eldiario.net\/portal\/#\/schema\/person\/f46445640444750d7d753ccd04ae01b7"},"headline":"La labor del intelectual","datePublished":"2021-10-29T08:20:39+00:00","mainEntityOfPage":{"@id":"https:\/\/www.eldiario.net\/portal\/2021\/10\/29\/la-labor-del-intelectual\/"},"wordCount":772,"publisher":{"@id":"https:\/\/www.eldiario.net\/portal\/#organization"},"image":{"@id":"https:\/\/www.eldiario.net\/portal\/2021\/10\/29\/la-labor-del-intelectual\/#primaryimage"},"thumbnailUrl":"https:\/\/www.eldiario.net\/portal\/wp-content\/uploads\/2021\/05\/Ignacio-Vera-de-Rada.jpg","articleSection":["Opini\u00f3n"],"inLanguage":"es"},{"@type":"WebPage","@id":"https:\/\/www.eldiario.net\/portal\/2021\/10\/29\/la-labor-del-intelectual\/","url":"https:\/\/www.eldiario.net\/portal\/2021\/10\/29\/la-labor-del-intelectual\/","name":"La labor del intelectual - El Diario - Bolivia","isPartOf":{"@id":"https:\/\/www.eldiario.net\/portal\/#website"},"primaryImageOfPage":{"@id":"https:\/\/www.eldiario.net\/portal\/2021\/10\/29\/la-labor-del-intelectual\/#primaryimage"},"image":{"@id":"https:\/\/www.eldiario.net\/portal\/2021\/10\/29\/la-labor-del-intelectual\/#primaryimage"},"thumbnailUrl":"https:\/\/www.eldiario.net\/portal\/wp-content\/uploads\/2021\/05\/Ignacio-Vera-de-Rada.jpg","datePublished":"2021-10-29T08:20:39+00:00","breadcrumb":{"@id":"https:\/\/www.eldiario.net\/portal\/2021\/10\/29\/la-labor-del-intelectual\/#breadcrumb"},"inLanguage":"es","potentialAction":[{"@type":"ReadAction","target":["https:\/\/www.eldiario.net\/portal\/2021\/10\/29\/la-labor-del-intelectual\/"]}]},{"@type":"ImageObject","inLanguage":"es","@id":"https:\/\/www.eldiario.net\/portal\/2021\/10\/29\/la-labor-del-intelectual\/#primaryimage","url":"https:\/\/www.eldiario.net\/portal\/wp-content\/uploads\/2021\/05\/Ignacio-Vera-de-Rada.jpg","contentUrl":"https:\/\/www.eldiario.net\/portal\/wp-content\/uploads\/2021\/05\/Ignacio-Vera-de-Rada.jpg","width":1200,"height":628},{"@type":"BreadcrumbList","@id":"https:\/\/www.eldiario.net\/portal\/2021\/10\/29\/la-labor-del-intelectual\/#breadcrumb","itemListElement":[{"@type":"ListItem","position":1,"name":"Portada","item":"https:\/\/www.eldiario.net\/portal\/"},{"@type":"ListItem","position":2,"name":"La labor del intelectual"}]},{"@type":"WebSite","@id":"https:\/\/www.eldiario.net\/portal\/#website","url":"https:\/\/www.eldiario.net\/portal\/","name":"El Diario - Decano de la prensa nacional","description":"El Diario - Decano de la prensa nacional","publisher":{"@id":"https:\/\/www.eldiario.net\/portal\/#organization"},"potentialAction":[{"@type":"SearchAction","target":{"@type":"EntryPoint","urlTemplate":"https:\/\/www.eldiario.net\/portal\/?s={search_term_string}"},"query-input":{"@type":"PropertyValueSpecification","valueRequired":true,"valueName":"search_term_string"}}],"inLanguage":"es"},{"@type":"Organization","@id":"https:\/\/www.eldiario.net\/portal\/#organization","name":"El Diario - Decano de la prensa nacional","url":"https:\/\/www.eldiario.net\/portal\/","logo":{"@type":"ImageObject","inLanguage":"es","@id":"https:\/\/www.eldiario.net\/portal\/#\/schema\/logo\/image\/","url":"https:\/\/www.eldiario.net\/portal\/wp-content\/uploads\/2023\/07\/logo_ED.jpg","contentUrl":"https:\/\/www.eldiario.net\/portal\/wp-content\/uploads\/2023\/07\/logo_ED.jpg","width":272,"height":52,"caption":"El Diario - Decano de la prensa nacional"},"image":{"@id":"https:\/\/www.eldiario.net\/portal\/#\/schema\/logo\/image\/"},"sameAs":["https:\/\/www.facebook.com\/eldiario.bolivia\/","https:\/\/x.com\/eldiario_net"]},{"@type":"Person","@id":"https:\/\/www.eldiario.net\/portal\/#\/schema\/person\/f46445640444750d7d753ccd04ae01b7","name":"Jeanette","image":{"@type":"ImageObject","inLanguage":"es","@id":"https:\/\/secure.gravatar.com\/avatar\/3ea2118a5f7dad2b7138b1187a6b7ee55f160b9968b66013c3a3ef39dd7e5798?s=96&d=mm&r=g","url":"https:\/\/secure.gravatar.com\/avatar\/3ea2118a5f7dad2b7138b1187a6b7ee55f160b9968b66013c3a3ef39dd7e5798?s=96&d=mm&r=g","contentUrl":"https:\/\/secure.gravatar.com\/avatar\/3ea2118a5f7dad2b7138b1187a6b7ee55f160b9968b66013c3a3ef39dd7e5798?s=96&d=mm&r=g","caption":"Jeanette"},"sameAs":["https:\/\/www.eldiario.net\/portal"],"url":"https:\/\/www.eldiario.net\/portal\/author\/jeanette\/"}]}},"_links":{"self":[{"href":"https:\/\/www.eldiario.net\/portal\/wp-json\/wp\/v2\/posts\/39577","targetHints":{"allow":["GET"]}}],"collection":[{"href":"https:\/\/www.eldiario.net\/portal\/wp-json\/wp\/v2\/posts"}],"about":[{"href":"https:\/\/www.eldiario.net\/portal\/wp-json\/wp\/v2\/types\/post"}],"author":[{"embeddable":true,"href":"https:\/\/www.eldiario.net\/portal\/wp-json\/wp\/v2\/users\/1"}],"replies":[{"embeddable":true,"href":"https:\/\/www.eldiario.net\/portal\/wp-json\/wp\/v2\/comments?post=39577"}],"version-history":[{"count":0,"href":"https:\/\/www.eldiario.net\/portal\/wp-json\/wp\/v2\/posts\/39577\/revisions"}],"wp:featuredmedia":[{"embeddable":true,"href":"https:\/\/www.eldiario.net\/portal\/wp-json\/wp\/v2\/media\/6031"}],"wp:attachment":[{"href":"https:\/\/www.eldiario.net\/portal\/wp-json\/wp\/v2\/media?parent=39577"}],"wp:term":[{"taxonomy":"category","embeddable":true,"href":"https:\/\/www.eldiario.net\/portal\/wp-json\/wp\/v2\/categories?post=39577"},{"taxonomy":"post_tag","embeddable":true,"href":"https:\/\/www.eldiario.net\/portal\/wp-json\/wp\/v2\/tags?post=39577"}],"curies":[{"name":"wp","href":"https:\/\/api.w.org\/{rel}","templated":true}]}}