{"id":395762,"date":"2026-05-19T07:47:35","date_gmt":"2026-05-19T11:47:35","guid":{"rendered":"https:\/\/www.eldiario.net\/portal\/?p=395762"},"modified":"2026-05-19T07:47:35","modified_gmt":"2026-05-19T11:47:35","slug":"neymar-fue-convocado-por-el-dt-de-la-seleccion-de-brasil","status":"publish","type":"post","link":"https:\/\/www.eldiario.net\/portal\/2026\/05\/19\/neymar-fue-convocado-por-el-dt-de-la-seleccion-de-brasil\/","title":{"rendered":"Neymar fue convocado por el  DT de la selecci\u00f3n de Brasil"},"content":{"rendered":"<p>El entrenador Carlos Ancelotti present\u00f3 a los 26 convocados de la Selecci\u00f3n de Brasil para disputar el Mundial 2026, entre los que se encuentra Neymar. Desde que asumi\u00f3 como seleccionador, Ancelotti hab\u00eda evitado convocar al exjugador de Barcelona y Paris Saint-Germain, dejando en claro que solo llevar\u00eda al Mundial a futbolistas que estuvieran \u201cal 100%\u201d desde lo f\u00edsico. Sin embargo, a \u00faltimo momento, el delantero del Santos se gan\u00f3 un lugar y jugar\u00e1 su cuarta Copa del Mundo.<\/p>\n<p>\u201cFue muy dif\u00edcil seleccionar a estos 26 jugadores\u201d, admiti\u00f3 el entrenador en el evento en R\u00edo de Janeiro organizado especialmente para anunciar la lista. Adem\u00e1s, agreg\u00f3: \u201cEsta lista puede desarrollar un f\u00fatbol de calidad, con un esp\u00edritu colectivo extraordinario, con buena actitud, concentraci\u00f3n y disciplina. No es la lista perfecta porque el equipo perfecto no existe\u201d.<\/p>\n<p>\u201cQueremos ser el equipo m\u00e1s resiliente del mundo para intentar ganar el Mundial\u201d, sostuvo. \u201cNo tengo miedo de decir que podemos ganar la Copa del Mundo. S\u00e9 que hay expectativas altas y eso da m\u00e1s motivaci\u00f3n, eso es muy importante para prepararnos\u201d, sum\u00f3.<\/p>\n<p>En la previa al Mundial, la selecci\u00f3n de Brasil jugar\u00e1 dos amistosos. El primero ser\u00e1 ante Panam\u00e1 el 31 de mayo en el estadio Maracan\u00e1 y el segundo se disputar\u00e1 el 6 de junio frente a Egipto en Cleveland, Ohio.<\/p>\n<p>Con cinco t\u00edtulos, Brasil es la selecci\u00f3n con m\u00e1s consagraciones de la historia en mundiales. Gan\u00f3 su \u00faltimo t\u00edtulo en la edici\u00f3n de Corea-Jap\u00f3n 2002 y ahora el gran objetivo de Ancelotti y sus jugadores ser\u00e1 volver a llevar al equipo a lo m\u00e1s alto.<\/p>\n<p>Estos son los 26 convocados de Brasil para el Mundial 2026:<\/p>\n<ol>\n<li>-Alisson &#8211; Liverpool<\/li>\n<li>-Danilo &#8211; Flamengo<\/li>\n<li>-Gabriel Magalh\u00e3es &#8211; Arsenal<\/li>\n<li>-Marquinhos &#8211; PSG<\/li>\n<li>-Casemiro &#8211; Manchester United<\/li>\n<li>-Alex Sandro &#8211; Flamengo<\/li>\n<li>-Vinicius Junior &#8211; Real Madrid<\/li>\n<li>-Bruno Guimar\u00e3es &#8211; Newcastle<\/li>\n<li>-Matheus Cunha &#8211; Manchester United<\/li>\n<li>-Neymar &#8211; Santos<\/li>\n<li>-Raphinha &#8211; Barcelona<\/li>\n<li>-Ederson &#8211; Fenerbahce<\/li>\n<li>-Danilo Santos \u2013 Botafogo<\/li>\n<li>-Wesley &#8211; Roma<\/li>\n<li>-Paquet\u00e1 &#8211; Flamengo<\/li>\n<li>-Douglas Santos &#8211; Zenit<\/li>\n<li>-Gabriel Martinelli &#8211; Arsenal<\/li>\n<li>-Rayan &#8211; Bournemouth<\/li>\n<li>-Igor Thiago &#8211; Brentford<\/li>\n<li>-Fabinho &#8211; Al-Ittihad<\/li>\n<li>-Endrick &#8211; Olympique Lyon<\/li>\n<li>-Weverton &#8211; Gr\u00eamio<\/li>\n<li>-Luiz Henrique &#8211; Zenit<\/li>\n<li>-Bremer &#8211; Juventus<\/li>\n<li>-Iba\u00f1ez &#8211; Al-Ahli<\/li>\n<li>-L\u00e9o Pereira \u2013 Flamengo<\/li>\n<\/ol>\n<p>&nbsp;<\/p>\n<p>(AGENCIAS)<\/p>\n","protected":false},"excerpt":{"rendered":"<p>El entrenador Carlos Ancelotti present\u00f3 a los 26 convocados de la Selecci\u00f3n de Brasil para disputar el Mundial 2026, entre los que se encuentra Neymar. Desde que asumi\u00f3 como seleccionador, Ancelotti hab\u00eda evitado convocar al exjugador de Barcelona y Paris Saint-Germain, dejando en claro que solo llevar\u00eda al Mundial a futbolistas que estuvieran \u201cal 100%\u201d [&hellip;]<\/p>\n","protected":false},"author":1,"featured_media":395763,"comment_status":"closed","ping_status":"open","sticky":false,"template":"","format":"standard","meta":{"_acf_changed":false,"footnotes":""},"categories":[6],"tags":[],"class_list":["post-395762","post","type-post","status-publish","format-standard","has-post-thumbnail","category-deportes"],"acf":{"antetitulo":"COPA DEL MUNDO 2026"},"yoast_head":"<!-- This site is optimized with the Yoast SEO plugin v28.4 - https:\/\/yoast.com\/product\/yoast-seo-wordpress\/ -->\n<title>Neymar fue convocado por el DT de la selecci\u00f3n de Brasil - El Diario - Bolivia<\/title>\n<meta name=\"robots\" content=\"index, follow, max-snippet:-1, max-image-preview:large, max-video-preview:-1\" \/>\n<link rel=\"canonical\" href=\"https:\/\/www.eldiario.net\/portal\/2026\/05\/19\/neymar-fue-convocado-por-el-dt-de-la-seleccion-de-brasil\/\" \/>\n<meta property=\"og:locale\" content=\"es_ES\" \/>\n<meta property=\"og:type\" content=\"article\" \/>\n<meta property=\"og:title\" content=\"Neymar fue convocado por el DT de la selecci\u00f3n de Brasil - El Diario - Bolivia\" \/>\n<meta property=\"og:description\" content=\"El entrenador Carlos Ancelotti present\u00f3 a los 26 convocados de la Selecci\u00f3n de Brasil para disputar el Mundial 2026, entre los que se encuentra Neymar. Desde que asumi\u00f3 como seleccionador, Ancelotti hab\u00eda evitado convocar al exjugador de Barcelona y Paris Saint-Germain, dejando en claro que solo llevar\u00eda al Mundial a futbolistas que estuvieran \u201cal 100%\u201d [&hellip;]\" \/>\n<meta property=\"og:url\" content=\"https:\/\/www.eldiario.net\/portal\/2026\/05\/19\/neymar-fue-convocado-por-el-dt-de-la-seleccion-de-brasil\/\" \/>\n<meta property=\"og:site_name\" content=\"El Diario - Bolivia\" \/>\n<meta property=\"article:publisher\" content=\"https:\/\/www.facebook.com\/eldiario.bolivia\/\" \/>\n<meta property=\"article:published_time\" content=\"2026-05-19T11:47:35+00:00\" \/>\n<meta property=\"og:image\" content=\"https:\/\/www.eldiario.net\/portal\/wp-content\/uploads\/2026\/05\/Naymar-18.webp\" \/>\n\t<meta property=\"og:image:width\" content=\"720\" \/>\n\t<meta property=\"og:image:height\" content=\"802\" \/>\n\t<meta property=\"og:image:type\" content=\"image\/webp\" \/>\n<meta name=\"author\" content=\"Jeanette\" \/>\n<meta name=\"twitter:card\" content=\"summary_large_image\" \/>\n<meta name=\"twitter:creator\" content=\"@eldiario_net\" \/>\n<meta name=\"twitter:site\" content=\"@eldiario_net\" \/>\n<meta name=\"twitter:label1\" content=\"Escrito por\" \/>\n\t<meta name=\"twitter:data1\" content=\"Jeanette\" \/>\n\t<meta name=\"twitter:label2\" content=\"Tiempo de lectura\" \/>\n\t<meta name=\"twitter:data2\" content=\"2 minutos\" \/>\n<script type=\"application\/ld+json\" class=\"yoast-schema-graph\">{\"@context\":\"https:\\\/\\\/schema.org\",\"@graph\":[{\"@type\":\"Article\",\"@id\":\"https:\\\/\\\/www.eldiario.net\\\/portal\\\/2026\\\/05\\\/19\\\/neymar-fue-convocado-por-el-dt-de-la-seleccion-de-brasil\\\/#article\",\"isPartOf\":{\"@id\":\"https:\\\/\\\/www.eldiario.net\\\/portal\\\/2026\\\/05\\\/19\\\/neymar-fue-convocado-por-el-dt-de-la-seleccion-de-brasil\\\/\"},\"author\":{\"name\":\"Jeanette\",\"@id\":\"https:\\\/\\\/www.eldiario.net\\\/portal\\\/#\\\/schema\\\/person\\\/2c57cf2b7a7ae032e449e4c9b1019eac\"},\"headline\":\"Neymar fue convocado por el DT de la selecci\u00f3n de Brasil\",\"datePublished\":\"2026-05-19T11:47:35+00:00\",\"mainEntityOfPage\":{\"@id\":\"https:\\\/\\\/www.eldiario.net\\\/portal\\\/2026\\\/05\\\/19\\\/neymar-fue-convocado-por-el-dt-de-la-seleccion-de-brasil\\\/\"},\"wordCount\":395,\"publisher\":{\"@id\":\"https:\\\/\\\/www.eldiario.net\\\/portal\\\/#organization\"},\"image\":{\"@id\":\"https:\\\/\\\/www.eldiario.net\\\/portal\\\/2026\\\/05\\\/19\\\/neymar-fue-convocado-por-el-dt-de-la-seleccion-de-brasil\\\/#primaryimage\"},\"thumbnailUrl\":\"https:\\\/\\\/www.eldiario.net\\\/portal\\\/wp-content\\\/uploads\\\/2026\\\/05\\\/Naymar-18.webp\",\"articleSection\":[\"Deportes\"],\"inLanguage\":\"es\"},{\"@type\":\"WebPage\",\"@id\":\"https:\\\/\\\/www.eldiario.net\\\/portal\\\/2026\\\/05\\\/19\\\/neymar-fue-convocado-por-el-dt-de-la-seleccion-de-brasil\\\/\",\"url\":\"https:\\\/\\\/www.eldiario.net\\\/portal\\\/2026\\\/05\\\/19\\\/neymar-fue-convocado-por-el-dt-de-la-seleccion-de-brasil\\\/\",\"name\":\"Neymar fue convocado por el DT de la selecci\u00f3n de Brasil - El Diario - Bolivia\",\"isPartOf\":{\"@id\":\"https:\\\/\\\/www.eldiario.net\\\/portal\\\/#website\"},\"primaryImageOfPage\":{\"@id\":\"https:\\\/\\\/www.eldiario.net\\\/portal\\\/2026\\\/05\\\/19\\\/neymar-fue-convocado-por-el-dt-de-la-seleccion-de-brasil\\\/#primaryimage\"},\"image\":{\"@id\":\"https:\\\/\\\/www.eldiario.net\\\/portal\\\/2026\\\/05\\\/19\\\/neymar-fue-convocado-por-el-dt-de-la-seleccion-de-brasil\\\/#primaryimage\"},\"thumbnailUrl\":\"https:\\\/\\\/www.eldiario.net\\\/portal\\\/wp-content\\\/uploads\\\/2026\\\/05\\\/Naymar-18.webp\",\"datePublished\":\"2026-05-19T11:47:35+00:00\",\"breadcrumb\":{\"@id\":\"https:\\\/\\\/www.eldiario.net\\\/portal\\\/2026\\\/05\\\/19\\\/neymar-fue-convocado-por-el-dt-de-la-seleccion-de-brasil\\\/#breadcrumb\"},\"inLanguage\":\"es\",\"potentialAction\":[{\"@type\":\"ReadAction\",\"target\":[\"https:\\\/\\\/www.eldiario.net\\\/portal\\\/2026\\\/05\\\/19\\\/neymar-fue-convocado-por-el-dt-de-la-seleccion-de-brasil\\\/\"]}]},{\"@type\":\"ImageObject\",\"inLanguage\":\"es\",\"@id\":\"https:\\\/\\\/www.eldiario.net\\\/portal\\\/2026\\\/05\\\/19\\\/neymar-fue-convocado-por-el-dt-de-la-seleccion-de-brasil\\\/#primaryimage\",\"url\":\"https:\\\/\\\/www.eldiario.net\\\/portal\\\/wp-content\\\/uploads\\\/2026\\\/05\\\/Naymar-18.webp\",\"contentUrl\":\"https:\\\/\\\/www.eldiario.net\\\/portal\\\/wp-content\\\/uploads\\\/2026\\\/05\\\/Naymar-18.webp\",\"width\":720,\"height\":802},{\"@type\":\"BreadcrumbList\",\"@id\":\"https:\\\/\\\/www.eldiario.net\\\/portal\\\/2026\\\/05\\\/19\\\/neymar-fue-convocado-por-el-dt-de-la-seleccion-de-brasil\\\/#breadcrumb\",\"itemListElement\":[{\"@type\":\"ListItem\",\"position\":1,\"name\":\"Portada\",\"item\":\"https:\\\/\\\/www.eldiario.net\\\/portal\\\/\"},{\"@type\":\"ListItem\",\"position\":2,\"name\":\"Neymar fue convocado por el DT de la selecci\u00f3n de Brasil\"}]},{\"@type\":\"WebSite\",\"@id\":\"https:\\\/\\\/www.eldiario.net\\\/portal\\\/#website\",\"url\":\"https:\\\/\\\/www.eldiario.net\\\/portal\\\/\",\"name\":\"El Diario - Decano de la prensa nacional\",\"description\":\"El Diario - Decano de la prensa nacional\",\"publisher\":{\"@id\":\"https:\\\/\\\/www.eldiario.net\\\/portal\\\/#organization\"},\"potentialAction\":[{\"@type\":\"SearchAction\",\"target\":{\"@type\":\"EntryPoint\",\"urlTemplate\":\"https:\\\/\\\/www.eldiario.net\\\/portal\\\/?s={search_term_string}\"},\"query-input\":{\"@type\":\"PropertyValueSpecification\",\"valueRequired\":true,\"valueName\":\"search_term_string\"}}],\"inLanguage\":\"es\"},{\"@type\":\"Organization\",\"@id\":\"https:\\\/\\\/www.eldiario.net\\\/portal\\\/#organization\",\"name\":\"El Diario - Decano de la prensa nacional\",\"url\":\"https:\\\/\\\/www.eldiario.net\\\/portal\\\/\",\"logo\":{\"@type\":\"ImageObject\",\"inLanguage\":\"es\",\"@id\":\"https:\\\/\\\/www.eldiario.net\\\/portal\\\/#\\\/schema\\\/logo\\\/image\\\/\",\"url\":\"https:\\\/\\\/www.eldiario.net\\\/portal\\\/wp-content\\\/uploads\\\/2023\\\/07\\\/logo_ED.jpg\",\"contentUrl\":\"https:\\\/\\\/www.eldiario.net\\\/portal\\\/wp-content\\\/uploads\\\/2023\\\/07\\\/logo_ED.jpg\",\"width\":272,\"height\":52,\"caption\":\"El Diario - Decano de la prensa nacional\"},\"image\":{\"@id\":\"https:\\\/\\\/www.eldiario.net\\\/portal\\\/#\\\/schema\\\/logo\\\/image\\\/\"},\"sameAs\":[\"https:\\\/\\\/www.facebook.com\\\/eldiario.bolivia\\\/\",\"https:\\\/\\\/x.com\\\/eldiario_net\"]},{\"@type\":\"Person\",\"@id\":\"https:\\\/\\\/www.eldiario.net\\\/portal\\\/#\\\/schema\\\/person\\\/2c57cf2b7a7ae032e449e4c9b1019eac\",\"name\":\"Jeanette\",\"image\":{\"@type\":\"ImageObject\",\"inLanguage\":\"es\",\"@id\":\"https:\\\/\\\/secure.gravatar.com\\\/avatar\\\/3ea2118a5f7dad2b7138b1187a6b7ee55f160b9968b66013c3a3ef39dd7e5798?s=96&d=mm&r=g\",\"url\":\"https:\\\/\\\/secure.gravatar.com\\\/avatar\\\/3ea2118a5f7dad2b7138b1187a6b7ee55f160b9968b66013c3a3ef39dd7e5798?s=96&d=mm&r=g\",\"contentUrl\":\"https:\\\/\\\/secure.gravatar.com\\\/avatar\\\/3ea2118a5f7dad2b7138b1187a6b7ee55f160b9968b66013c3a3ef39dd7e5798?s=96&d=mm&r=g\",\"caption\":\"Jeanette\"},\"sameAs\":[\"https:\\\/\\\/www.eldiario.net\\\/portal\"],\"url\":\"https:\\\/\\\/www.eldiario.net\\\/portal\\\/author\\\/jeanette\\\/\"}]}<\/script>\n<!-- \/ Yoast SEO plugin. -->","yoast_head_json":{"title":"Neymar fue convocado por el DT de la selecci\u00f3n de Brasil - El Diario - Bolivia","robots":{"index":"index","follow":"follow","max-snippet":"max-snippet:-1","max-image-preview":"max-image-preview:large","max-video-preview":"max-video-preview:-1"},"canonical":"https:\/\/www.eldiario.net\/portal\/2026\/05\/19\/neymar-fue-convocado-por-el-dt-de-la-seleccion-de-brasil\/","og_locale":"es_ES","og_type":"article","og_title":"Neymar fue convocado por el DT de la selecci\u00f3n de Brasil - El Diario - Bolivia","og_description":"El entrenador Carlos Ancelotti present\u00f3 a los 26 convocados de la Selecci\u00f3n de Brasil para disputar el Mundial 2026, entre los que se encuentra Neymar. Desde que asumi\u00f3 como seleccionador, Ancelotti hab\u00eda evitado convocar al exjugador de Barcelona y Paris Saint-Germain, dejando en claro que solo llevar\u00eda al Mundial a futbolistas que estuvieran \u201cal 100%\u201d [&hellip;]","og_url":"https:\/\/www.eldiario.net\/portal\/2026\/05\/19\/neymar-fue-convocado-por-el-dt-de-la-seleccion-de-brasil\/","og_site_name":"El Diario - Bolivia","article_publisher":"https:\/\/www.facebook.com\/eldiario.bolivia\/","article_published_time":"2026-05-19T11:47:35+00:00","og_image":[{"width":720,"height":802,"url":"https:\/\/www.eldiario.net\/portal\/wp-content\/uploads\/2026\/05\/Naymar-18.webp","type":"image\/webp"}],"author":"Jeanette","twitter_card":"summary_large_image","twitter_creator":"@eldiario_net","twitter_site":"@eldiario_net","twitter_misc":{"Escrito por":"Jeanette","Tiempo de lectura":"2 minutos"},"schema":{"@context":"https:\/\/schema.org","@graph":[{"@type":"Article","@id":"https:\/\/www.eldiario.net\/portal\/2026\/05\/19\/neymar-fue-convocado-por-el-dt-de-la-seleccion-de-brasil\/#article","isPartOf":{"@id":"https:\/\/www.eldiario.net\/portal\/2026\/05\/19\/neymar-fue-convocado-por-el-dt-de-la-seleccion-de-brasil\/"},"author":{"name":"Jeanette","@id":"https:\/\/www.eldiario.net\/portal\/#\/schema\/person\/2c57cf2b7a7ae032e449e4c9b1019eac"},"headline":"Neymar fue convocado por el DT de la selecci\u00f3n de Brasil","datePublished":"2026-05-19T11:47:35+00:00","mainEntityOfPage":{"@id":"https:\/\/www.eldiario.net\/portal\/2026\/05\/19\/neymar-fue-convocado-por-el-dt-de-la-seleccion-de-brasil\/"},"wordCount":395,"publisher":{"@id":"https:\/\/www.eldiario.net\/portal\/#organization"},"image":{"@id":"https:\/\/www.eldiario.net\/portal\/2026\/05\/19\/neymar-fue-convocado-por-el-dt-de-la-seleccion-de-brasil\/#primaryimage"},"thumbnailUrl":"https:\/\/www.eldiario.net\/portal\/wp-content\/uploads\/2026\/05\/Naymar-18.webp","articleSection":["Deportes"],"inLanguage":"es"},{"@type":"WebPage","@id":"https:\/\/www.eldiario.net\/portal\/2026\/05\/19\/neymar-fue-convocado-por-el-dt-de-la-seleccion-de-brasil\/","url":"https:\/\/www.eldiario.net\/portal\/2026\/05\/19\/neymar-fue-convocado-por-el-dt-de-la-seleccion-de-brasil\/","name":"Neymar fue convocado por el DT de la selecci\u00f3n de Brasil - El Diario - Bolivia","isPartOf":{"@id":"https:\/\/www.eldiario.net\/portal\/#website"},"primaryImageOfPage":{"@id":"https:\/\/www.eldiario.net\/portal\/2026\/05\/19\/neymar-fue-convocado-por-el-dt-de-la-seleccion-de-brasil\/#primaryimage"},"image":{"@id":"https:\/\/www.eldiario.net\/portal\/2026\/05\/19\/neymar-fue-convocado-por-el-dt-de-la-seleccion-de-brasil\/#primaryimage"},"thumbnailUrl":"https:\/\/www.eldiario.net\/portal\/wp-content\/uploads\/2026\/05\/Naymar-18.webp","datePublished":"2026-05-19T11:47:35+00:00","breadcrumb":{"@id":"https:\/\/www.eldiario.net\/portal\/2026\/05\/19\/neymar-fue-convocado-por-el-dt-de-la-seleccion-de-brasil\/#breadcrumb"},"inLanguage":"es","potentialAction":[{"@type":"ReadAction","target":["https:\/\/www.eldiario.net\/portal\/2026\/05\/19\/neymar-fue-convocado-por-el-dt-de-la-seleccion-de-brasil\/"]}]},{"@type":"ImageObject","inLanguage":"es","@id":"https:\/\/www.eldiario.net\/portal\/2026\/05\/19\/neymar-fue-convocado-por-el-dt-de-la-seleccion-de-brasil\/#primaryimage","url":"https:\/\/www.eldiario.net\/portal\/wp-content\/uploads\/2026\/05\/Naymar-18.webp","contentUrl":"https:\/\/www.eldiario.net\/portal\/wp-content\/uploads\/2026\/05\/Naymar-18.webp","width":720,"height":802},{"@type":"BreadcrumbList","@id":"https:\/\/www.eldiario.net\/portal\/2026\/05\/19\/neymar-fue-convocado-por-el-dt-de-la-seleccion-de-brasil\/#breadcrumb","itemListElement":[{"@type":"ListItem","position":1,"name":"Portada","item":"https:\/\/www.eldiario.net\/portal\/"},{"@type":"ListItem","position":2,"name":"Neymar fue convocado por el DT de la selecci\u00f3n de Brasil"}]},{"@type":"WebSite","@id":"https:\/\/www.eldiario.net\/portal\/#website","url":"https:\/\/www.eldiario.net\/portal\/","name":"El Diario - Decano de la prensa nacional","description":"El Diario - Decano de la prensa nacional","publisher":{"@id":"https:\/\/www.eldiario.net\/portal\/#organization"},"potentialAction":[{"@type":"SearchAction","target":{"@type":"EntryPoint","urlTemplate":"https:\/\/www.eldiario.net\/portal\/?s={search_term_string}"},"query-input":{"@type":"PropertyValueSpecification","valueRequired":true,"valueName":"search_term_string"}}],"inLanguage":"es"},{"@type":"Organization","@id":"https:\/\/www.eldiario.net\/portal\/#organization","name":"El Diario - Decano de la prensa nacional","url":"https:\/\/www.eldiario.net\/portal\/","logo":{"@type":"ImageObject","inLanguage":"es","@id":"https:\/\/www.eldiario.net\/portal\/#\/schema\/logo\/image\/","url":"https:\/\/www.eldiario.net\/portal\/wp-content\/uploads\/2023\/07\/logo_ED.jpg","contentUrl":"https:\/\/www.eldiario.net\/portal\/wp-content\/uploads\/2023\/07\/logo_ED.jpg","width":272,"height":52,"caption":"El Diario - Decano de la prensa nacional"},"image":{"@id":"https:\/\/www.eldiario.net\/portal\/#\/schema\/logo\/image\/"},"sameAs":["https:\/\/www.facebook.com\/eldiario.bolivia\/","https:\/\/x.com\/eldiario_net"]},{"@type":"Person","@id":"https:\/\/www.eldiario.net\/portal\/#\/schema\/person\/2c57cf2b7a7ae032e449e4c9b1019eac","name":"Jeanette","image":{"@type":"ImageObject","inLanguage":"es","@id":"https:\/\/secure.gravatar.com\/avatar\/3ea2118a5f7dad2b7138b1187a6b7ee55f160b9968b66013c3a3ef39dd7e5798?s=96&d=mm&r=g","url":"https:\/\/secure.gravatar.com\/avatar\/3ea2118a5f7dad2b7138b1187a6b7ee55f160b9968b66013c3a3ef39dd7e5798?s=96&d=mm&r=g","contentUrl":"https:\/\/secure.gravatar.com\/avatar\/3ea2118a5f7dad2b7138b1187a6b7ee55f160b9968b66013c3a3ef39dd7e5798?s=96&d=mm&r=g","caption":"Jeanette"},"sameAs":["https:\/\/www.eldiario.net\/portal"],"url":"https:\/\/www.eldiario.net\/portal\/author\/jeanette\/"}]}},"_links":{"self":[{"href":"https:\/\/www.eldiario.net\/portal\/wp-json\/wp\/v2\/posts\/395762","targetHints":{"allow":["GET"]}}],"collection":[{"href":"https:\/\/www.eldiario.net\/portal\/wp-json\/wp\/v2\/posts"}],"about":[{"href":"https:\/\/www.eldiario.net\/portal\/wp-json\/wp\/v2\/types\/post"}],"author":[{"embeddable":true,"href":"https:\/\/www.eldiario.net\/portal\/wp-json\/wp\/v2\/users\/1"}],"replies":[{"embeddable":true,"href":"https:\/\/www.eldiario.net\/portal\/wp-json\/wp\/v2\/comments?post=395762"}],"version-history":[{"count":1,"href":"https:\/\/www.eldiario.net\/portal\/wp-json\/wp\/v2\/posts\/395762\/revisions"}],"predecessor-version":[{"id":395764,"href":"https:\/\/www.eldiario.net\/portal\/wp-json\/wp\/v2\/posts\/395762\/revisions\/395764"}],"wp:featuredmedia":[{"embeddable":true,"href":"https:\/\/www.eldiario.net\/portal\/wp-json\/wp\/v2\/media\/395763"}],"wp:attachment":[{"href":"https:\/\/www.eldiario.net\/portal\/wp-json\/wp\/v2\/media?parent=395762"}],"wp:term":[{"taxonomy":"category","embeddable":true,"href":"https:\/\/www.eldiario.net\/portal\/wp-json\/wp\/v2\/categories?post=395762"},{"taxonomy":"post_tag","embeddable":true,"href":"https:\/\/www.eldiario.net\/portal\/wp-json\/wp\/v2\/tags?post=395762"}],"curies":[{"name":"wp","href":"https:\/\/api.w.org\/{rel}","templated":true}]}}