{"id":39571,"date":"2021-10-29T04:18:24","date_gmt":"2021-10-29T08:18:24","guid":{"rendered":"https:\/\/www.eldiario.net\/portal\/?p=39571"},"modified":"2021-10-29T04:18:24","modified_gmt":"2021-10-29T08:18:24","slug":"la-mentira-en-la-politica-4","status":"publish","type":"post","link":"https:\/\/www.eldiario.net\/portal\/2021\/10\/29\/la-mentira-en-la-politica-4\/","title":{"rendered":"La mentira en la pol\u00edtica"},"content":{"rendered":"<p>\u00bfQu\u00e9 pas\u00f3 con el presunto atentado contra el presidente electo Luis Arce Catacora, que denunci\u00f3 con bombos y platillos el Ministro de Gobierno en d\u00edas pasados? \u00bfPor qu\u00e9 no se ha sabido nada m\u00e1s del \u201cmagnicidio\u201d, cuando el ministro del Castillo apareci\u00f3 en la televisi\u00f3n, en vivo, y nos hizo poner los cabellos de punta anunciando que se hab\u00eda descubierto un complot en el que algunos sicarios habr\u00edan estado en Bolivia con la misi\u00f3n de asesinar al ahora presidente? \u00bfC\u00f3mo se puede explicar que despu\u00e9s de alborotar a toda la ciudadan\u00eda haya ca\u00eddo un manto de silencio de parte de la autoridad, al extremo de no mencionarse m\u00e1s el truculento asunto? \u00bfNos vamos a quedar con la duda de si existi\u00f3 o no este frustrado asesinato, ese \u201cmagnicidio\u201d cinematogr\u00e1fico?<br \/>\nLa \u00fanica respuesta posible es que aqu\u00ed alguien minti\u00f3 feamente. Que todo se trat\u00f3 de una mentira grosera o del \u00e1nimo de desviar la atenci\u00f3n p\u00fablica ante tanto desgobierno; de un embuste que resulta intolerable si procede de quien tiene a su cargo la seguridad del Estado. Y si el Ministro de Gobierno no es el mentiroso, significa que alguien le minti\u00f3 a \u00e9l. Y si alguien le minti\u00f3 y \u00e9l se lo crey\u00f3 y lo lanz\u00f3 a los cuatro vientos es que le tomaron el pelo. Y si fue as\u00ed, ese cargo de tanta responsabilidad le queda grande. Su silencio actual no lo puede salvar.<br \/>\nEs que no se trat\u00f3 de contar sobre la Caperucita Roja o el Lobo Feroz. El ministro no dijo que se sospechaba o se rumoreaba que unos criminales hab\u00edan venido a Bolivia a matar al futuro mandatario. Nada de eso. El Ministro de Gobierno dio nombres y mostr\u00f3 fotograf\u00edas de cinco presuntos sicarios que nos miraron desde las pantallas de la televisi\u00f3n, asust\u00e1ndonos. Dijo que arribaron por Viru Viru en octubre del a\u00f1o pasado y que se hab\u00edan alojado en el hotel Presidente de La Paz, cerca al Palacio Quemado y la Casa del Pueblo, el lugar supuestamente previsto para soltar el plomo. Hasta hizo conocer los n\u00fameros de las habitaciones donde se alojaron los pistoleros, tray\u00e9ndonos el mal recuerdo de lo acontecido en el hotel Las Am\u00e9ricas, cuando no hubo cuentos sino tiros mortales ejecutados por las autoridades masistas. Y dijo que los malevos tambi\u00e9n se hab\u00edan reunido con autoridades del gobierno en el hotel Marriot de Santa Cruz. Y que algunos de los sicarios participaron, mucho despu\u00e9s, en el terrible hecho de sangre donde acribillaron, en su cama, al estilo m\u00e1s gansteril, a Jovenal Moise, presidente de Hait\u00ed. \u00bfNo nos recuerda a alguna escena de El Padrino? \u00bfO a las violentas muertes de Trujillo o de Tachito Somoza?<br \/>\nLas expresiones del ministro no se detuvieron en los gatilleros a sueldo, sino que hubo el prop\u00f3sito de involucrar al ministro de Defensa del gobierno de la se\u00f1ora A\u00f1ez, Fernando L\u00f3pez Julio. Es decir que a la ex presidente deseaban echarle encima, sobre tantas maldades y canalladas, la responsabilidad de planificar matar a un mandatario electo. Este s\u00ed que es un melodrama que no puede quedarse a medias. \u00a1Es que es demasiada dosis! Los bolivianos tenemos todo el derecho de exigir al Ministro de Gobierno que nos cuente la historia hasta el final y que nos diga cu\u00e1l ser\u00eda el motivo para que los sicarios desistieran de apretar el gatillo. Con mayor raz\u00f3n si la historia se la crey\u00f3 el propio Arce Catacora, quien horas despu\u00e9s de lanzado el terrible anuncio, dijo con cara de v\u00edctima: \u201cQuisieron atentar contra nuestra vida\u201d.<br \/>\nAlgo similar a los muchos atentados contra su existencia que se inventa Evo Morales; esos \u201cmagnicidios\u201d que le encanta citar, y que son un cuento chino. Ha viajado hasta M\u00e9xico para agradecerle a L\u00f3pez Obrador por haberle salvado la vida envi\u00e1ndole un avi\u00f3n que, dizque, debi\u00f3 hacer una acrobacia espeluznante al decolar, para eludir un misil boliviano, lo que caus\u00f3 hilaridad en la gente. Pura chapuza para impresionar.<br \/>\nNo se trata de que todos los pol\u00edticos sean mentirosos. Si fuera as\u00ed el mundo ser\u00eda un caos absoluto y viviera en una total anarqu\u00eda porque nadie confiar\u00eda en los embusteros. Entonces nos encontramos con que existen pol\u00edticos que no mienten porque deploran hacerlo; otros que mienten poco, lo necesario para engalanar lo que desean mostrar; otros que mienten demasiado y que pierden la confianza de su pueblo; y otros como los que ahora tenemos gobernando, que mienten sin arrugarse, por mentirosos nom\u00e1s.<\/p>\n","protected":false},"excerpt":{"rendered":"<p>\u00bfQu\u00e9 pas\u00f3 con el presunto atentado contra el presidente electo Luis Arce Catacora, que denunci\u00f3 con bombos y platillos el Ministro de Gobierno en d\u00edas pasados? \u00bfPor qu\u00e9 no se ha sabido nada m\u00e1s del \u201cmagnicidio\u201d, cuando el ministro del Castillo apareci\u00f3 en la televisi\u00f3n, en vivo, y nos hizo poner los cabellos de punta [&hellip;]<\/p>\n","protected":false},"author":1,"featured_media":3522,"comment_status":"closed","ping_status":"closed","sticky":false,"template":"","format":"standard","meta":{"_acf_changed":false,"footnotes":""},"categories":[9],"tags":[],"class_list":["post-39571","post","type-post","status-publish","format-standard","has-post-thumbnail","category-opinion"],"acf":{"antetitulo":""},"yoast_head":"<!-- This site is optimized with the Yoast SEO plugin v28.4 - https:\/\/yoast.com\/product\/yoast-seo-wordpress\/ -->\n<title>La mentira en la pol\u00edtica - El Diario - Bolivia<\/title>\n<meta name=\"robots\" content=\"index, follow, max-snippet:-1, max-image-preview:large, max-video-preview:-1\" \/>\n<link rel=\"canonical\" href=\"https:\/\/www.eldiario.net\/portal\/2021\/10\/29\/la-mentira-en-la-politica-4\/\" \/>\n<meta property=\"og:locale\" content=\"es_ES\" \/>\n<meta property=\"og:type\" content=\"article\" \/>\n<meta property=\"og:title\" content=\"La mentira en la pol\u00edtica - El Diario - Bolivia\" \/>\n<meta property=\"og:description\" content=\"\u00bfQu\u00e9 pas\u00f3 con el presunto atentado contra el presidente electo Luis Arce Catacora, que denunci\u00f3 con bombos y platillos el Ministro de Gobierno en d\u00edas pasados? \u00bfPor qu\u00e9 no se ha sabido nada m\u00e1s del \u201cmagnicidio\u201d, cuando el ministro del Castillo apareci\u00f3 en la televisi\u00f3n, en vivo, y nos hizo poner los cabellos de punta [&hellip;]\" \/>\n<meta property=\"og:url\" content=\"https:\/\/www.eldiario.net\/portal\/2021\/10\/29\/la-mentira-en-la-politica-4\/\" \/>\n<meta property=\"og:site_name\" content=\"El Diario - Bolivia\" \/>\n<meta property=\"article:publisher\" content=\"https:\/\/www.facebook.com\/eldiario.bolivia\/\" \/>\n<meta property=\"article:published_time\" content=\"2021-10-29T08:18:24+00:00\" \/>\n<meta property=\"og:image\" content=\"https:\/\/www.eldiario.net\/portal\/wp-content\/uploads\/2021\/05\/Manfredo-Kempff-Suarez.jpg\" \/>\n\t<meta property=\"og:image:width\" content=\"1200\" \/>\n\t<meta property=\"og:image:height\" content=\"628\" \/>\n\t<meta property=\"og:image:type\" content=\"image\/jpeg\" \/>\n<meta name=\"author\" content=\"Jeanette\" \/>\n<meta name=\"twitter:card\" content=\"summary_large_image\" \/>\n<meta name=\"twitter:creator\" content=\"@eldiario_net\" \/>\n<meta name=\"twitter:site\" content=\"@eldiario_net\" \/>\n<meta name=\"twitter:label1\" content=\"Escrito por\" \/>\n\t<meta name=\"twitter:data1\" content=\"Jeanette\" \/>\n\t<meta name=\"twitter:label2\" content=\"Tiempo de lectura\" \/>\n\t<meta name=\"twitter:data2\" content=\"4 minutos\" \/>\n<script type=\"application\/ld+json\" class=\"yoast-schema-graph\">{\"@context\":\"https:\\\/\\\/schema.org\",\"@graph\":[{\"@type\":\"Article\",\"@id\":\"https:\\\/\\\/www.eldiario.net\\\/portal\\\/2021\\\/10\\\/29\\\/la-mentira-en-la-politica-4\\\/#article\",\"isPartOf\":{\"@id\":\"https:\\\/\\\/www.eldiario.net\\\/portal\\\/2021\\\/10\\\/29\\\/la-mentira-en-la-politica-4\\\/\"},\"author\":{\"name\":\"Jeanette\",\"@id\":\"https:\\\/\\\/www.eldiario.net\\\/portal\\\/#\\\/schema\\\/person\\\/f46445640444750d7d753ccd04ae01b7\"},\"headline\":\"La mentira en la pol\u00edtica\",\"datePublished\":\"2021-10-29T08:18:24+00:00\",\"mainEntityOfPage\":{\"@id\":\"https:\\\/\\\/www.eldiario.net\\\/portal\\\/2021\\\/10\\\/29\\\/la-mentira-en-la-politica-4\\\/\"},\"wordCount\":789,\"publisher\":{\"@id\":\"https:\\\/\\\/www.eldiario.net\\\/portal\\\/#organization\"},\"image\":{\"@id\":\"https:\\\/\\\/www.eldiario.net\\\/portal\\\/2021\\\/10\\\/29\\\/la-mentira-en-la-politica-4\\\/#primaryimage\"},\"thumbnailUrl\":\"https:\\\/\\\/www.eldiario.net\\\/portal\\\/wp-content\\\/uploads\\\/2021\\\/05\\\/Manfredo-Kempff-Suarez.jpg\",\"articleSection\":[\"Opini\u00f3n\"],\"inLanguage\":\"es\"},{\"@type\":\"WebPage\",\"@id\":\"https:\\\/\\\/www.eldiario.net\\\/portal\\\/2021\\\/10\\\/29\\\/la-mentira-en-la-politica-4\\\/\",\"url\":\"https:\\\/\\\/www.eldiario.net\\\/portal\\\/2021\\\/10\\\/29\\\/la-mentira-en-la-politica-4\\\/\",\"name\":\"La mentira en la pol\u00edtica - El Diario - Bolivia\",\"isPartOf\":{\"@id\":\"https:\\\/\\\/www.eldiario.net\\\/portal\\\/#website\"},\"primaryImageOfPage\":{\"@id\":\"https:\\\/\\\/www.eldiario.net\\\/portal\\\/2021\\\/10\\\/29\\\/la-mentira-en-la-politica-4\\\/#primaryimage\"},\"image\":{\"@id\":\"https:\\\/\\\/www.eldiario.net\\\/portal\\\/2021\\\/10\\\/29\\\/la-mentira-en-la-politica-4\\\/#primaryimage\"},\"thumbnailUrl\":\"https:\\\/\\\/www.eldiario.net\\\/portal\\\/wp-content\\\/uploads\\\/2021\\\/05\\\/Manfredo-Kempff-Suarez.jpg\",\"datePublished\":\"2021-10-29T08:18:24+00:00\",\"breadcrumb\":{\"@id\":\"https:\\\/\\\/www.eldiario.net\\\/portal\\\/2021\\\/10\\\/29\\\/la-mentira-en-la-politica-4\\\/#breadcrumb\"},\"inLanguage\":\"es\",\"potentialAction\":[{\"@type\":\"ReadAction\",\"target\":[\"https:\\\/\\\/www.eldiario.net\\\/portal\\\/2021\\\/10\\\/29\\\/la-mentira-en-la-politica-4\\\/\"]}]},{\"@type\":\"ImageObject\",\"inLanguage\":\"es\",\"@id\":\"https:\\\/\\\/www.eldiario.net\\\/portal\\\/2021\\\/10\\\/29\\\/la-mentira-en-la-politica-4\\\/#primaryimage\",\"url\":\"https:\\\/\\\/www.eldiario.net\\\/portal\\\/wp-content\\\/uploads\\\/2021\\\/05\\\/Manfredo-Kempff-Suarez.jpg\",\"contentUrl\":\"https:\\\/\\\/www.eldiario.net\\\/portal\\\/wp-content\\\/uploads\\\/2021\\\/05\\\/Manfredo-Kempff-Suarez.jpg\",\"width\":1200,\"height\":628},{\"@type\":\"BreadcrumbList\",\"@id\":\"https:\\\/\\\/www.eldiario.net\\\/portal\\\/2021\\\/10\\\/29\\\/la-mentira-en-la-politica-4\\\/#breadcrumb\",\"itemListElement\":[{\"@type\":\"ListItem\",\"position\":1,\"name\":\"Portada\",\"item\":\"https:\\\/\\\/www.eldiario.net\\\/portal\\\/\"},{\"@type\":\"ListItem\",\"position\":2,\"name\":\"La mentira en la pol\u00edtica\"}]},{\"@type\":\"WebSite\",\"@id\":\"https:\\\/\\\/www.eldiario.net\\\/portal\\\/#website\",\"url\":\"https:\\\/\\\/www.eldiario.net\\\/portal\\\/\",\"name\":\"El Diario - Decano de la prensa nacional\",\"description\":\"El Diario - Decano de la prensa nacional\",\"publisher\":{\"@id\":\"https:\\\/\\\/www.eldiario.net\\\/portal\\\/#organization\"},\"potentialAction\":[{\"@type\":\"SearchAction\",\"target\":{\"@type\":\"EntryPoint\",\"urlTemplate\":\"https:\\\/\\\/www.eldiario.net\\\/portal\\\/?s={search_term_string}\"},\"query-input\":{\"@type\":\"PropertyValueSpecification\",\"valueRequired\":true,\"valueName\":\"search_term_string\"}}],\"inLanguage\":\"es\"},{\"@type\":\"Organization\",\"@id\":\"https:\\\/\\\/www.eldiario.net\\\/portal\\\/#organization\",\"name\":\"El Diario - Decano de la prensa nacional\",\"url\":\"https:\\\/\\\/www.eldiario.net\\\/portal\\\/\",\"logo\":{\"@type\":\"ImageObject\",\"inLanguage\":\"es\",\"@id\":\"https:\\\/\\\/www.eldiario.net\\\/portal\\\/#\\\/schema\\\/logo\\\/image\\\/\",\"url\":\"https:\\\/\\\/www.eldiario.net\\\/portal\\\/wp-content\\\/uploads\\\/2023\\\/07\\\/logo_ED.jpg\",\"contentUrl\":\"https:\\\/\\\/www.eldiario.net\\\/portal\\\/wp-content\\\/uploads\\\/2023\\\/07\\\/logo_ED.jpg\",\"width\":272,\"height\":52,\"caption\":\"El Diario - Decano de la prensa nacional\"},\"image\":{\"@id\":\"https:\\\/\\\/www.eldiario.net\\\/portal\\\/#\\\/schema\\\/logo\\\/image\\\/\"},\"sameAs\":[\"https:\\\/\\\/www.facebook.com\\\/eldiario.bolivia\\\/\",\"https:\\\/\\\/x.com\\\/eldiario_net\"]},{\"@type\":\"Person\",\"@id\":\"https:\\\/\\\/www.eldiario.net\\\/portal\\\/#\\\/schema\\\/person\\\/f46445640444750d7d753ccd04ae01b7\",\"name\":\"Jeanette\",\"image\":{\"@type\":\"ImageObject\",\"inLanguage\":\"es\",\"@id\":\"https:\\\/\\\/secure.gravatar.com\\\/avatar\\\/3ea2118a5f7dad2b7138b1187a6b7ee55f160b9968b66013c3a3ef39dd7e5798?s=96&d=mm&r=g\",\"url\":\"https:\\\/\\\/secure.gravatar.com\\\/avatar\\\/3ea2118a5f7dad2b7138b1187a6b7ee55f160b9968b66013c3a3ef39dd7e5798?s=96&d=mm&r=g\",\"contentUrl\":\"https:\\\/\\\/secure.gravatar.com\\\/avatar\\\/3ea2118a5f7dad2b7138b1187a6b7ee55f160b9968b66013c3a3ef39dd7e5798?s=96&d=mm&r=g\",\"caption\":\"Jeanette\"},\"sameAs\":[\"https:\\\/\\\/www.eldiario.net\\\/portal\"],\"url\":\"https:\\\/\\\/www.eldiario.net\\\/portal\\\/author\\\/jeanette\\\/\"}]}<\/script>\n<!-- \/ Yoast SEO plugin. -->","yoast_head_json":{"title":"La mentira en la pol\u00edtica - El Diario - Bolivia","robots":{"index":"index","follow":"follow","max-snippet":"max-snippet:-1","max-image-preview":"max-image-preview:large","max-video-preview":"max-video-preview:-1"},"canonical":"https:\/\/www.eldiario.net\/portal\/2021\/10\/29\/la-mentira-en-la-politica-4\/","og_locale":"es_ES","og_type":"article","og_title":"La mentira en la pol\u00edtica - El Diario - Bolivia","og_description":"\u00bfQu\u00e9 pas\u00f3 con el presunto atentado contra el presidente electo Luis Arce Catacora, que denunci\u00f3 con bombos y platillos el Ministro de Gobierno en d\u00edas pasados? \u00bfPor qu\u00e9 no se ha sabido nada m\u00e1s del \u201cmagnicidio\u201d, cuando el ministro del Castillo apareci\u00f3 en la televisi\u00f3n, en vivo, y nos hizo poner los cabellos de punta [&hellip;]","og_url":"https:\/\/www.eldiario.net\/portal\/2021\/10\/29\/la-mentira-en-la-politica-4\/","og_site_name":"El Diario - Bolivia","article_publisher":"https:\/\/www.facebook.com\/eldiario.bolivia\/","article_published_time":"2021-10-29T08:18:24+00:00","og_image":[{"width":1200,"height":628,"url":"https:\/\/www.eldiario.net\/portal\/wp-content\/uploads\/2021\/05\/Manfredo-Kempff-Suarez.jpg","type":"image\/jpeg"}],"author":"Jeanette","twitter_card":"summary_large_image","twitter_creator":"@eldiario_net","twitter_site":"@eldiario_net","twitter_misc":{"Escrito por":"Jeanette","Tiempo de lectura":"4 minutos"},"schema":{"@context":"https:\/\/schema.org","@graph":[{"@type":"Article","@id":"https:\/\/www.eldiario.net\/portal\/2021\/10\/29\/la-mentira-en-la-politica-4\/#article","isPartOf":{"@id":"https:\/\/www.eldiario.net\/portal\/2021\/10\/29\/la-mentira-en-la-politica-4\/"},"author":{"name":"Jeanette","@id":"https:\/\/www.eldiario.net\/portal\/#\/schema\/person\/f46445640444750d7d753ccd04ae01b7"},"headline":"La mentira en la pol\u00edtica","datePublished":"2021-10-29T08:18:24+00:00","mainEntityOfPage":{"@id":"https:\/\/www.eldiario.net\/portal\/2021\/10\/29\/la-mentira-en-la-politica-4\/"},"wordCount":789,"publisher":{"@id":"https:\/\/www.eldiario.net\/portal\/#organization"},"image":{"@id":"https:\/\/www.eldiario.net\/portal\/2021\/10\/29\/la-mentira-en-la-politica-4\/#primaryimage"},"thumbnailUrl":"https:\/\/www.eldiario.net\/portal\/wp-content\/uploads\/2021\/05\/Manfredo-Kempff-Suarez.jpg","articleSection":["Opini\u00f3n"],"inLanguage":"es"},{"@type":"WebPage","@id":"https:\/\/www.eldiario.net\/portal\/2021\/10\/29\/la-mentira-en-la-politica-4\/","url":"https:\/\/www.eldiario.net\/portal\/2021\/10\/29\/la-mentira-en-la-politica-4\/","name":"La mentira en la pol\u00edtica - El Diario - Bolivia","isPartOf":{"@id":"https:\/\/www.eldiario.net\/portal\/#website"},"primaryImageOfPage":{"@id":"https:\/\/www.eldiario.net\/portal\/2021\/10\/29\/la-mentira-en-la-politica-4\/#primaryimage"},"image":{"@id":"https:\/\/www.eldiario.net\/portal\/2021\/10\/29\/la-mentira-en-la-politica-4\/#primaryimage"},"thumbnailUrl":"https:\/\/www.eldiario.net\/portal\/wp-content\/uploads\/2021\/05\/Manfredo-Kempff-Suarez.jpg","datePublished":"2021-10-29T08:18:24+00:00","breadcrumb":{"@id":"https:\/\/www.eldiario.net\/portal\/2021\/10\/29\/la-mentira-en-la-politica-4\/#breadcrumb"},"inLanguage":"es","potentialAction":[{"@type":"ReadAction","target":["https:\/\/www.eldiario.net\/portal\/2021\/10\/29\/la-mentira-en-la-politica-4\/"]}]},{"@type":"ImageObject","inLanguage":"es","@id":"https:\/\/www.eldiario.net\/portal\/2021\/10\/29\/la-mentira-en-la-politica-4\/#primaryimage","url":"https:\/\/www.eldiario.net\/portal\/wp-content\/uploads\/2021\/05\/Manfredo-Kempff-Suarez.jpg","contentUrl":"https:\/\/www.eldiario.net\/portal\/wp-content\/uploads\/2021\/05\/Manfredo-Kempff-Suarez.jpg","width":1200,"height":628},{"@type":"BreadcrumbList","@id":"https:\/\/www.eldiario.net\/portal\/2021\/10\/29\/la-mentira-en-la-politica-4\/#breadcrumb","itemListElement":[{"@type":"ListItem","position":1,"name":"Portada","item":"https:\/\/www.eldiario.net\/portal\/"},{"@type":"ListItem","position":2,"name":"La mentira en la pol\u00edtica"}]},{"@type":"WebSite","@id":"https:\/\/www.eldiario.net\/portal\/#website","url":"https:\/\/www.eldiario.net\/portal\/","name":"El Diario - Decano de la prensa nacional","description":"El Diario - Decano de la prensa nacional","publisher":{"@id":"https:\/\/www.eldiario.net\/portal\/#organization"},"potentialAction":[{"@type":"SearchAction","target":{"@type":"EntryPoint","urlTemplate":"https:\/\/www.eldiario.net\/portal\/?s={search_term_string}"},"query-input":{"@type":"PropertyValueSpecification","valueRequired":true,"valueName":"search_term_string"}}],"inLanguage":"es"},{"@type":"Organization","@id":"https:\/\/www.eldiario.net\/portal\/#organization","name":"El Diario - Decano de la prensa nacional","url":"https:\/\/www.eldiario.net\/portal\/","logo":{"@type":"ImageObject","inLanguage":"es","@id":"https:\/\/www.eldiario.net\/portal\/#\/schema\/logo\/image\/","url":"https:\/\/www.eldiario.net\/portal\/wp-content\/uploads\/2023\/07\/logo_ED.jpg","contentUrl":"https:\/\/www.eldiario.net\/portal\/wp-content\/uploads\/2023\/07\/logo_ED.jpg","width":272,"height":52,"caption":"El Diario - Decano de la prensa nacional"},"image":{"@id":"https:\/\/www.eldiario.net\/portal\/#\/schema\/logo\/image\/"},"sameAs":["https:\/\/www.facebook.com\/eldiario.bolivia\/","https:\/\/x.com\/eldiario_net"]},{"@type":"Person","@id":"https:\/\/www.eldiario.net\/portal\/#\/schema\/person\/f46445640444750d7d753ccd04ae01b7","name":"Jeanette","image":{"@type":"ImageObject","inLanguage":"es","@id":"https:\/\/secure.gravatar.com\/avatar\/3ea2118a5f7dad2b7138b1187a6b7ee55f160b9968b66013c3a3ef39dd7e5798?s=96&d=mm&r=g","url":"https:\/\/secure.gravatar.com\/avatar\/3ea2118a5f7dad2b7138b1187a6b7ee55f160b9968b66013c3a3ef39dd7e5798?s=96&d=mm&r=g","contentUrl":"https:\/\/secure.gravatar.com\/avatar\/3ea2118a5f7dad2b7138b1187a6b7ee55f160b9968b66013c3a3ef39dd7e5798?s=96&d=mm&r=g","caption":"Jeanette"},"sameAs":["https:\/\/www.eldiario.net\/portal"],"url":"https:\/\/www.eldiario.net\/portal\/author\/jeanette\/"}]}},"_links":{"self":[{"href":"https:\/\/www.eldiario.net\/portal\/wp-json\/wp\/v2\/posts\/39571","targetHints":{"allow":["GET"]}}],"collection":[{"href":"https:\/\/www.eldiario.net\/portal\/wp-json\/wp\/v2\/posts"}],"about":[{"href":"https:\/\/www.eldiario.net\/portal\/wp-json\/wp\/v2\/types\/post"}],"author":[{"embeddable":true,"href":"https:\/\/www.eldiario.net\/portal\/wp-json\/wp\/v2\/users\/1"}],"replies":[{"embeddable":true,"href":"https:\/\/www.eldiario.net\/portal\/wp-json\/wp\/v2\/comments?post=39571"}],"version-history":[{"count":0,"href":"https:\/\/www.eldiario.net\/portal\/wp-json\/wp\/v2\/posts\/39571\/revisions"}],"wp:featuredmedia":[{"embeddable":true,"href":"https:\/\/www.eldiario.net\/portal\/wp-json\/wp\/v2\/media\/3522"}],"wp:attachment":[{"href":"https:\/\/www.eldiario.net\/portal\/wp-json\/wp\/v2\/media?parent=39571"}],"wp:term":[{"taxonomy":"category","embeddable":true,"href":"https:\/\/www.eldiario.net\/portal\/wp-json\/wp\/v2\/categories?post=39571"},{"taxonomy":"post_tag","embeddable":true,"href":"https:\/\/www.eldiario.net\/portal\/wp-json\/wp\/v2\/tags?post=39571"}],"curies":[{"name":"wp","href":"https:\/\/api.w.org\/{rel}","templated":true}]}}