{"id":39569,"date":"2021-10-29T04:17:41","date_gmt":"2021-10-29T08:17:41","guid":{"rendered":"https:\/\/www.eldiario.net\/portal\/?p=39569"},"modified":"2021-10-29T04:17:41","modified_gmt":"2021-10-29T08:17:41","slug":"filosofia-del-tiempo","status":"publish","type":"post","link":"https:\/\/www.eldiario.net\/portal\/2021\/10\/29\/filosofia-del-tiempo\/","title":{"rendered":"Filosof\u00eda del tiempo"},"content":{"rendered":"<p>Para San Agust\u00edn de Hipona el tiempo es una paradoja, porque es \u201cun ahora\u201d que no se puede detener, pues si se detuviese ya no existir\u00eda, por ello, el tiempo no tiene dimensi\u00f3n ya que se devanase, siendo el alma la verdadera medida del tiempo. El pasado es el recuerdo, el futuro lo que se espera y el presente es atenci\u00f3n.<br \/>\nEl tiempo es, entonces, infinito y a la vez finito. Infinito porque su paso es constante y no deslumbra un final; es finito, ya que el ser humano se desenvuelve en un tiempo determinado que tiene un inicio (nacimiento) y tambi\u00e9n un final (muerte). En lo que se refiere al tiempo finito, no son pocos los que experimentan sentimientos de angustia, el cual deriva de la certeza de la proximidad de la muerte. Albert Camus se\u00f1alaba que esta era la raz\u00f3n principal por lo que el hombre hab\u00eda creado a sus dioses, para sobrellevar de mejor manera esta angustia. San Francisco de As\u00eds, en el opuesto de Camus, se\u00f1alaba: \u201cyo no soy un cobarde que teme a la muerte. El Se\u00f1or por su gracia y misericordia, me ha unido tan estrechamente a \u00c9l, que me siento tan feliz para vivir como para morir\u201d. Ambas aseveraciones confluyen en las experiencias y sentimientos humanos; en todo caso, no se puede escapar de la angustia que genera el paso del tiempo, pero a la vez, tambi\u00e9n se puede albergar la esperanza de saber que la muerte no tiene la \u00faltima palabra.<br \/>\nEl paso del tiempo es constante, no retrocede, el tiempo transcurrido no regresa, avanza. A pesar de ello, existen diversas corrientes del pensamiento que aseveran que el tiempo puede correr al rev\u00e9s, como una forma de reivindicaci\u00f3n pol\u00edtica. Hannah Arendt, fil\u00f3sofa y pensadora de origen alem\u00e1n, se\u00f1alaba: \u201cla concepci\u00f3n que se tenga del tiempo determina los v\u00ednculos que se puedan desarrollar en el modo de constituirse en sujetos pol\u00edticos o incluso la imposibilidad de hacerlo\u201d, es decir, seg\u00fan la idea del tiempo que se tenga, la persona puede convertirse o no en un sujeto pol\u00edtico. Aun as\u00ed, el tiempo no corre para atr\u00e1s. Si bien existen algunos acontecimientos c\u00edclicos (fen\u00f3menos naturales), no implica que el tiempo regrese sobre sus pasos. Tratar de deconstruir el pasado para armarlo seg\u00fan posturas o ideolog\u00edas pol\u00edticas no genera historia, no logra retroceder el tiempo, solo se cae en la inseguridad de no entender que el tiempo para el ser humano es finito y que lo que nos toque hacer con \u00e9l depende \u00fanicamente de nosotros.<br \/>\nDesde el punto de vista de la f\u00edsica, se podr\u00eda decir que el tiempo es comprendido como \u201cun flujo de sucesos\u201d, es decir, que los acontecimientos son organizados de manera secuencial. El tiempo es movimiento &#8211;a no ser que nos encontremos en medio de un agujero negro donde el tiempo se dobla y contrae&#8211; y ese movimiento simplemente no regresa; en lo que ata\u00f1e directamente al hombre, el tiempo es parte de la esencia humana, por ello, tampoco regresa, siempre avanza. La concepci\u00f3n del tiempo que regresa en s\u00ed mismo como deconstrucci\u00f3n de valores, culturas y sociedades es altamente enga\u00f1oso y tambi\u00e9n peligroso.<br \/>\nEl tiempo es lo que hacemos con \u00e9l, no lo que pretenden que hagamos con \u00e9l. Esta premisa es esencial para la elaboraci\u00f3n de pensamientos y reflexiones basados en preceptos \u00e9ticos y morales. Tratar de \u201cdeconstruir\u201d el tiempo para amoldar la historia, seg\u00fan premisas ideol\u00f3gicas, no solo destruye nuestra historia, tambi\u00e9n a la sociedad entera.<\/p>\n<p>Marcelo Miranda Loayza, Te\u00f3logo y Bloguero.<\/p>\n","protected":false},"excerpt":{"rendered":"<p>Para San Agust\u00edn de Hipona el tiempo es una paradoja, porque es \u201cun ahora\u201d que no se puede detener, pues si se detuviese ya no existir\u00eda, por ello, el tiempo no tiene dimensi\u00f3n ya que se devanase, siendo el alma la verdadera medida del tiempo. El pasado es el recuerdo, el futuro lo que se [&hellip;]<\/p>\n","protected":false},"author":1,"featured_media":13530,"comment_status":"closed","ping_status":"closed","sticky":false,"template":"","format":"standard","meta":{"_acf_changed":false,"footnotes":""},"categories":[9],"tags":[],"class_list":["post-39569","post","type-post","status-publish","format-standard","has-post-thumbnail","category-opinion"],"acf":{"antetitulo":""},"yoast_head":"<!-- This site is optimized with the Yoast SEO plugin v28.4 - https:\/\/yoast.com\/product\/yoast-seo-wordpress\/ -->\n<title>Filosof\u00eda del tiempo - El Diario - Bolivia<\/title>\n<meta name=\"robots\" content=\"index, follow, max-snippet:-1, max-image-preview:large, max-video-preview:-1\" \/>\n<link rel=\"canonical\" href=\"https:\/\/www.eldiario.net\/portal\/2021\/10\/29\/filosofia-del-tiempo\/\" \/>\n<meta property=\"og:locale\" content=\"es_ES\" \/>\n<meta property=\"og:type\" content=\"article\" \/>\n<meta property=\"og:title\" content=\"Filosof\u00eda del tiempo - El Diario - Bolivia\" \/>\n<meta property=\"og:description\" content=\"Para San Agust\u00edn de Hipona el tiempo es una paradoja, porque es \u201cun ahora\u201d que no se puede detener, pues si se detuviese ya no existir\u00eda, por ello, el tiempo no tiene dimensi\u00f3n ya que se devanase, siendo el alma la verdadera medida del tiempo. El pasado es el recuerdo, el futuro lo que se [&hellip;]\" \/>\n<meta property=\"og:url\" content=\"https:\/\/www.eldiario.net\/portal\/2021\/10\/29\/filosofia-del-tiempo\/\" \/>\n<meta property=\"og:site_name\" content=\"El Diario - Bolivia\" \/>\n<meta property=\"article:publisher\" content=\"https:\/\/www.facebook.com\/eldiario.bolivia\/\" \/>\n<meta property=\"article:published_time\" content=\"2021-10-29T08:17:41+00:00\" \/>\n<meta name=\"author\" content=\"Jeanette\" \/>\n<meta name=\"twitter:card\" content=\"summary_large_image\" \/>\n<meta name=\"twitter:creator\" content=\"@eldiario_net\" \/>\n<meta name=\"twitter:site\" content=\"@eldiario_net\" \/>\n<meta name=\"twitter:label1\" content=\"Escrito por\" \/>\n\t<meta name=\"twitter:data1\" content=\"Jeanette\" \/>\n\t<meta name=\"twitter:label2\" content=\"Tiempo de lectura\" \/>\n\t<meta name=\"twitter:data2\" content=\"3 minutos\" \/>\n<script type=\"application\/ld+json\" class=\"yoast-schema-graph\">{\"@context\":\"https:\\\/\\\/schema.org\",\"@graph\":[{\"@type\":\"Article\",\"@id\":\"https:\\\/\\\/www.eldiario.net\\\/portal\\\/2021\\\/10\\\/29\\\/filosofia-del-tiempo\\\/#article\",\"isPartOf\":{\"@id\":\"https:\\\/\\\/www.eldiario.net\\\/portal\\\/2021\\\/10\\\/29\\\/filosofia-del-tiempo\\\/\"},\"author\":{\"name\":\"Jeanette\",\"@id\":\"https:\\\/\\\/www.eldiario.net\\\/portal\\\/#\\\/schema\\\/person\\\/f46445640444750d7d753ccd04ae01b7\"},\"headline\":\"Filosof\u00eda del tiempo\",\"datePublished\":\"2021-10-29T08:17:41+00:00\",\"mainEntityOfPage\":{\"@id\":\"https:\\\/\\\/www.eldiario.net\\\/portal\\\/2021\\\/10\\\/29\\\/filosofia-del-tiempo\\\/\"},\"wordCount\":629,\"publisher\":{\"@id\":\"https:\\\/\\\/www.eldiario.net\\\/portal\\\/#organization\"},\"image\":{\"@id\":\"https:\\\/\\\/www.eldiario.net\\\/portal\\\/2021\\\/10\\\/29\\\/filosofia-del-tiempo\\\/#primaryimage\"},\"thumbnailUrl\":\"\",\"articleSection\":[\"Opini\u00f3n\"],\"inLanguage\":\"es\"},{\"@type\":\"WebPage\",\"@id\":\"https:\\\/\\\/www.eldiario.net\\\/portal\\\/2021\\\/10\\\/29\\\/filosofia-del-tiempo\\\/\",\"url\":\"https:\\\/\\\/www.eldiario.net\\\/portal\\\/2021\\\/10\\\/29\\\/filosofia-del-tiempo\\\/\",\"name\":\"Filosof\u00eda del tiempo - El Diario - Bolivia\",\"isPartOf\":{\"@id\":\"https:\\\/\\\/www.eldiario.net\\\/portal\\\/#website\"},\"primaryImageOfPage\":{\"@id\":\"https:\\\/\\\/www.eldiario.net\\\/portal\\\/2021\\\/10\\\/29\\\/filosofia-del-tiempo\\\/#primaryimage\"},\"image\":{\"@id\":\"https:\\\/\\\/www.eldiario.net\\\/portal\\\/2021\\\/10\\\/29\\\/filosofia-del-tiempo\\\/#primaryimage\"},\"thumbnailUrl\":\"\",\"datePublished\":\"2021-10-29T08:17:41+00:00\",\"breadcrumb\":{\"@id\":\"https:\\\/\\\/www.eldiario.net\\\/portal\\\/2021\\\/10\\\/29\\\/filosofia-del-tiempo\\\/#breadcrumb\"},\"inLanguage\":\"es\",\"potentialAction\":[{\"@type\":\"ReadAction\",\"target\":[\"https:\\\/\\\/www.eldiario.net\\\/portal\\\/2021\\\/10\\\/29\\\/filosofia-del-tiempo\\\/\"]}]},{\"@type\":\"ImageObject\",\"inLanguage\":\"es\",\"@id\":\"https:\\\/\\\/www.eldiario.net\\\/portal\\\/2021\\\/10\\\/29\\\/filosofia-del-tiempo\\\/#primaryimage\",\"url\":\"\",\"contentUrl\":\"\"},{\"@type\":\"BreadcrumbList\",\"@id\":\"https:\\\/\\\/www.eldiario.net\\\/portal\\\/2021\\\/10\\\/29\\\/filosofia-del-tiempo\\\/#breadcrumb\",\"itemListElement\":[{\"@type\":\"ListItem\",\"position\":1,\"name\":\"Portada\",\"item\":\"https:\\\/\\\/www.eldiario.net\\\/portal\\\/\"},{\"@type\":\"ListItem\",\"position\":2,\"name\":\"Filosof\u00eda del tiempo\"}]},{\"@type\":\"WebSite\",\"@id\":\"https:\\\/\\\/www.eldiario.net\\\/portal\\\/#website\",\"url\":\"https:\\\/\\\/www.eldiario.net\\\/portal\\\/\",\"name\":\"El Diario - Decano de la prensa nacional\",\"description\":\"El Diario - Decano de la prensa nacional\",\"publisher\":{\"@id\":\"https:\\\/\\\/www.eldiario.net\\\/portal\\\/#organization\"},\"potentialAction\":[{\"@type\":\"SearchAction\",\"target\":{\"@type\":\"EntryPoint\",\"urlTemplate\":\"https:\\\/\\\/www.eldiario.net\\\/portal\\\/?s={search_term_string}\"},\"query-input\":{\"@type\":\"PropertyValueSpecification\",\"valueRequired\":true,\"valueName\":\"search_term_string\"}}],\"inLanguage\":\"es\"},{\"@type\":\"Organization\",\"@id\":\"https:\\\/\\\/www.eldiario.net\\\/portal\\\/#organization\",\"name\":\"El Diario - Decano de la prensa nacional\",\"url\":\"https:\\\/\\\/www.eldiario.net\\\/portal\\\/\",\"logo\":{\"@type\":\"ImageObject\",\"inLanguage\":\"es\",\"@id\":\"https:\\\/\\\/www.eldiario.net\\\/portal\\\/#\\\/schema\\\/logo\\\/image\\\/\",\"url\":\"https:\\\/\\\/www.eldiario.net\\\/portal\\\/wp-content\\\/uploads\\\/2023\\\/07\\\/logo_ED.jpg\",\"contentUrl\":\"https:\\\/\\\/www.eldiario.net\\\/portal\\\/wp-content\\\/uploads\\\/2023\\\/07\\\/logo_ED.jpg\",\"width\":272,\"height\":52,\"caption\":\"El Diario - Decano de la prensa nacional\"},\"image\":{\"@id\":\"https:\\\/\\\/www.eldiario.net\\\/portal\\\/#\\\/schema\\\/logo\\\/image\\\/\"},\"sameAs\":[\"https:\\\/\\\/www.facebook.com\\\/eldiario.bolivia\\\/\",\"https:\\\/\\\/x.com\\\/eldiario_net\"]},{\"@type\":\"Person\",\"@id\":\"https:\\\/\\\/www.eldiario.net\\\/portal\\\/#\\\/schema\\\/person\\\/f46445640444750d7d753ccd04ae01b7\",\"name\":\"Jeanette\",\"image\":{\"@type\":\"ImageObject\",\"inLanguage\":\"es\",\"@id\":\"https:\\\/\\\/secure.gravatar.com\\\/avatar\\\/3ea2118a5f7dad2b7138b1187a6b7ee55f160b9968b66013c3a3ef39dd7e5798?s=96&d=mm&r=g\",\"url\":\"https:\\\/\\\/secure.gravatar.com\\\/avatar\\\/3ea2118a5f7dad2b7138b1187a6b7ee55f160b9968b66013c3a3ef39dd7e5798?s=96&d=mm&r=g\",\"contentUrl\":\"https:\\\/\\\/secure.gravatar.com\\\/avatar\\\/3ea2118a5f7dad2b7138b1187a6b7ee55f160b9968b66013c3a3ef39dd7e5798?s=96&d=mm&r=g\",\"caption\":\"Jeanette\"},\"sameAs\":[\"https:\\\/\\\/www.eldiario.net\\\/portal\"],\"url\":\"https:\\\/\\\/www.eldiario.net\\\/portal\\\/author\\\/jeanette\\\/\"}]}<\/script>\n<!-- \/ Yoast SEO plugin. -->","yoast_head_json":{"title":"Filosof\u00eda del tiempo - El Diario - Bolivia","robots":{"index":"index","follow":"follow","max-snippet":"max-snippet:-1","max-image-preview":"max-image-preview:large","max-video-preview":"max-video-preview:-1"},"canonical":"https:\/\/www.eldiario.net\/portal\/2021\/10\/29\/filosofia-del-tiempo\/","og_locale":"es_ES","og_type":"article","og_title":"Filosof\u00eda del tiempo - El Diario - Bolivia","og_description":"Para San Agust\u00edn de Hipona el tiempo es una paradoja, porque es \u201cun ahora\u201d que no se puede detener, pues si se detuviese ya no existir\u00eda, por ello, el tiempo no tiene dimensi\u00f3n ya que se devanase, siendo el alma la verdadera medida del tiempo. El pasado es el recuerdo, el futuro lo que se [&hellip;]","og_url":"https:\/\/www.eldiario.net\/portal\/2021\/10\/29\/filosofia-del-tiempo\/","og_site_name":"El Diario - Bolivia","article_publisher":"https:\/\/www.facebook.com\/eldiario.bolivia\/","article_published_time":"2021-10-29T08:17:41+00:00","author":"Jeanette","twitter_card":"summary_large_image","twitter_creator":"@eldiario_net","twitter_site":"@eldiario_net","twitter_misc":{"Escrito por":"Jeanette","Tiempo de lectura":"3 minutos"},"schema":{"@context":"https:\/\/schema.org","@graph":[{"@type":"Article","@id":"https:\/\/www.eldiario.net\/portal\/2021\/10\/29\/filosofia-del-tiempo\/#article","isPartOf":{"@id":"https:\/\/www.eldiario.net\/portal\/2021\/10\/29\/filosofia-del-tiempo\/"},"author":{"name":"Jeanette","@id":"https:\/\/www.eldiario.net\/portal\/#\/schema\/person\/f46445640444750d7d753ccd04ae01b7"},"headline":"Filosof\u00eda del tiempo","datePublished":"2021-10-29T08:17:41+00:00","mainEntityOfPage":{"@id":"https:\/\/www.eldiario.net\/portal\/2021\/10\/29\/filosofia-del-tiempo\/"},"wordCount":629,"publisher":{"@id":"https:\/\/www.eldiario.net\/portal\/#organization"},"image":{"@id":"https:\/\/www.eldiario.net\/portal\/2021\/10\/29\/filosofia-del-tiempo\/#primaryimage"},"thumbnailUrl":"","articleSection":["Opini\u00f3n"],"inLanguage":"es"},{"@type":"WebPage","@id":"https:\/\/www.eldiario.net\/portal\/2021\/10\/29\/filosofia-del-tiempo\/","url":"https:\/\/www.eldiario.net\/portal\/2021\/10\/29\/filosofia-del-tiempo\/","name":"Filosof\u00eda del tiempo - El Diario - Bolivia","isPartOf":{"@id":"https:\/\/www.eldiario.net\/portal\/#website"},"primaryImageOfPage":{"@id":"https:\/\/www.eldiario.net\/portal\/2021\/10\/29\/filosofia-del-tiempo\/#primaryimage"},"image":{"@id":"https:\/\/www.eldiario.net\/portal\/2021\/10\/29\/filosofia-del-tiempo\/#primaryimage"},"thumbnailUrl":"","datePublished":"2021-10-29T08:17:41+00:00","breadcrumb":{"@id":"https:\/\/www.eldiario.net\/portal\/2021\/10\/29\/filosofia-del-tiempo\/#breadcrumb"},"inLanguage":"es","potentialAction":[{"@type":"ReadAction","target":["https:\/\/www.eldiario.net\/portal\/2021\/10\/29\/filosofia-del-tiempo\/"]}]},{"@type":"ImageObject","inLanguage":"es","@id":"https:\/\/www.eldiario.net\/portal\/2021\/10\/29\/filosofia-del-tiempo\/#primaryimage","url":"","contentUrl":""},{"@type":"BreadcrumbList","@id":"https:\/\/www.eldiario.net\/portal\/2021\/10\/29\/filosofia-del-tiempo\/#breadcrumb","itemListElement":[{"@type":"ListItem","position":1,"name":"Portada","item":"https:\/\/www.eldiario.net\/portal\/"},{"@type":"ListItem","position":2,"name":"Filosof\u00eda del tiempo"}]},{"@type":"WebSite","@id":"https:\/\/www.eldiario.net\/portal\/#website","url":"https:\/\/www.eldiario.net\/portal\/","name":"El Diario - Decano de la prensa nacional","description":"El Diario - Decano de la prensa nacional","publisher":{"@id":"https:\/\/www.eldiario.net\/portal\/#organization"},"potentialAction":[{"@type":"SearchAction","target":{"@type":"EntryPoint","urlTemplate":"https:\/\/www.eldiario.net\/portal\/?s={search_term_string}"},"query-input":{"@type":"PropertyValueSpecification","valueRequired":true,"valueName":"search_term_string"}}],"inLanguage":"es"},{"@type":"Organization","@id":"https:\/\/www.eldiario.net\/portal\/#organization","name":"El Diario - Decano de la prensa nacional","url":"https:\/\/www.eldiario.net\/portal\/","logo":{"@type":"ImageObject","inLanguage":"es","@id":"https:\/\/www.eldiario.net\/portal\/#\/schema\/logo\/image\/","url":"https:\/\/www.eldiario.net\/portal\/wp-content\/uploads\/2023\/07\/logo_ED.jpg","contentUrl":"https:\/\/www.eldiario.net\/portal\/wp-content\/uploads\/2023\/07\/logo_ED.jpg","width":272,"height":52,"caption":"El Diario - Decano de la prensa nacional"},"image":{"@id":"https:\/\/www.eldiario.net\/portal\/#\/schema\/logo\/image\/"},"sameAs":["https:\/\/www.facebook.com\/eldiario.bolivia\/","https:\/\/x.com\/eldiario_net"]},{"@type":"Person","@id":"https:\/\/www.eldiario.net\/portal\/#\/schema\/person\/f46445640444750d7d753ccd04ae01b7","name":"Jeanette","image":{"@type":"ImageObject","inLanguage":"es","@id":"https:\/\/secure.gravatar.com\/avatar\/3ea2118a5f7dad2b7138b1187a6b7ee55f160b9968b66013c3a3ef39dd7e5798?s=96&d=mm&r=g","url":"https:\/\/secure.gravatar.com\/avatar\/3ea2118a5f7dad2b7138b1187a6b7ee55f160b9968b66013c3a3ef39dd7e5798?s=96&d=mm&r=g","contentUrl":"https:\/\/secure.gravatar.com\/avatar\/3ea2118a5f7dad2b7138b1187a6b7ee55f160b9968b66013c3a3ef39dd7e5798?s=96&d=mm&r=g","caption":"Jeanette"},"sameAs":["https:\/\/www.eldiario.net\/portal"],"url":"https:\/\/www.eldiario.net\/portal\/author\/jeanette\/"}]}},"_links":{"self":[{"href":"https:\/\/www.eldiario.net\/portal\/wp-json\/wp\/v2\/posts\/39569","targetHints":{"allow":["GET"]}}],"collection":[{"href":"https:\/\/www.eldiario.net\/portal\/wp-json\/wp\/v2\/posts"}],"about":[{"href":"https:\/\/www.eldiario.net\/portal\/wp-json\/wp\/v2\/types\/post"}],"author":[{"embeddable":true,"href":"https:\/\/www.eldiario.net\/portal\/wp-json\/wp\/v2\/users\/1"}],"replies":[{"embeddable":true,"href":"https:\/\/www.eldiario.net\/portal\/wp-json\/wp\/v2\/comments?post=39569"}],"version-history":[{"count":0,"href":"https:\/\/www.eldiario.net\/portal\/wp-json\/wp\/v2\/posts\/39569\/revisions"}],"wp:attachment":[{"href":"https:\/\/www.eldiario.net\/portal\/wp-json\/wp\/v2\/media?parent=39569"}],"wp:term":[{"taxonomy":"category","embeddable":true,"href":"https:\/\/www.eldiario.net\/portal\/wp-json\/wp\/v2\/categories?post=39569"},{"taxonomy":"post_tag","embeddable":true,"href":"https:\/\/www.eldiario.net\/portal\/wp-json\/wp\/v2\/tags?post=39569"}],"curies":[{"name":"wp","href":"https:\/\/api.w.org\/{rel}","templated":true}]}}