{"id":39562,"date":"2021-10-29T04:14:55","date_gmt":"2021-10-29T08:14:55","guid":{"rendered":"https:\/\/www.eldiario.net\/portal\/?p=39562"},"modified":"2021-10-29T04:14:55","modified_gmt":"2021-10-29T08:14:55","slug":"reflexiones-en-torno-a-noviembre-de-2019","status":"publish","type":"post","link":"https:\/\/www.eldiario.net\/portal\/2021\/10\/29\/reflexiones-en-torno-a-noviembre-de-2019\/","title":{"rendered":"Reflexiones en torno a noviembre de 2019"},"content":{"rendered":"<p><em><span class=\"dropcap \" style=\"background-color: #ffffff; color: #000000; border-color: #ffffff;\">C<\/span>undi\u00f3 el malestar p\u00fablico desde que el presidente del Estado no reconoci\u00f3 su derrota en el refer\u00e9ndum de febrero de 2019, evento convocado para habilitar una cuarta reelecci\u00f3n presidencial. El resultado del refer\u00e9ndum neg\u00f3 a Evo Morales una nueva postulaci\u00f3n. \u00c9ste recurri\u00f3 al Tribunal Constitucional, fallando a su favor con el argumento de que la reelecci\u00f3n indefinida es un \u201cderecho humano\u201d. <\/em><br \/>\n<em>Sobre esa base Morales convoc\u00f3 a elecciones generales, siendo tachadas de fraude. Desde entonces se dio una serie de acciones que culminaron en la renuncia y salida del pa\u00eds de Morales y sus inmediatos. Sucedieron hechos luctuosos que conoce la ciudadan\u00eda. Renunciante toda la cadena de sucesi\u00f3n constitucional, se cre\u00f3 el vac\u00edo de poder. Como el pa\u00eds no pod\u00eda confrontar tal situaci\u00f3n, Jeanine A\u00f1ez, segunda vicepresidenta del Senado, se vio poco menos que obligada a presidir el Estado, iniciando una necesaria pacificaci\u00f3n. Despu\u00e9s de muchas dificultades se convoc\u00f3 a elecciones libres y democr\u00e1ticas en las cuales Luis Arce se impuso con el 55% de los votos y es el actual gobernante. <\/em><br \/>\n<em>Se cuestiona las amenazas contra los parientes cercanos de Adriana Salvatierrra y de V\u00edctor Borda, presidentes del Senado y Diputados, respectivamente. El segundo habr\u00eda sido anoticiado de la quema de la casa de uno de sus hermanos, motivando su renuncia. No se conoce a\u00fan la autor\u00eda de la quema de una parte del Tribunal Electoral Departamental de Potos\u00ed. El atentado contra el hermano de Borda, es muy posible que se deba al resentimiento de los c\u00edvicos potosinos por la negativa del gobierno a sus demandas y la dura represi\u00f3n en La Paz, pocos a\u00f1os antes. En esa ocasi\u00f3n V\u00edctor Borda no habr\u00eda gestionado a favor de sus coterr\u00e1neos. Paralelamente al vac\u00edo de poder, grupos del partido de Morales iniciaron la quema de las viviendas del rector Waldo Albarrac\u00edn, de la periodista Casimira Lema y de m\u00e1s de 60 buses de la flota municipal PumaKatari, simult\u00e1neamente fueron incendiados los m\u00f3dulos policiales de El Alto, hubo saqueos y otros atentados en la zona Sur de La Paz. Tanta simultaneidad sugiere una planificaci\u00f3n a fin de que en medio del caos retorne al poder Evo Morales y los suyos.<\/em><br \/>\n<em>Otra versi\u00f3n vinculada a la supuesta ilegalidad de la presidenta Jeanine A\u00f1ez, es que la Polic\u00eda impidiera el acceso de los parlamentarios del MAS al Palacio Legislativo los d\u00edas 11, 12 y siguientes de noviembre 2019, aspecto muy dudoso. M\u00e1s bien parece evidente que la ausencia oficialista obedeci\u00f3 al cumplimiento de la instrucci\u00f3n de renuncia de los legisladores masistas bajo el objetivo de globalizar el vac\u00edo de poder. Lo corroboran las aseveraciones de varios diputados y senadores de esa tienda en sentido de haber recibido tal instrucci\u00f3n de la c\u00fapula masista. Si pese a ello los dos tercios de la Asamblea Legislativa regularizaran su asistencia algunos d\u00edas despu\u00e9s, se dice que fue cosa de ellos. <\/em><br \/>\n<em>Desde el retorno al pa\u00eds de Evo Morales se trata de instalar la versi\u00f3n de un golpe de Estado, frente a los que alegan fraude electoral. Este debate no tendr\u00e1 fin porque ambas partes son irreductibles. El oficialismo realiza una serie de actos para enervar la posibilidad de fraude y reivindicar la figura de Evo Morales. Si bien no la repondr\u00e1n a plenitud, permitir\u00e1 al gobierno enjuiciar a todos los sindicados como propiciadores y actores del \u201cgolpe\u201d. Esa puede ser la verdadera intenci\u00f3n en la mira de allanar y desbrozar el camino del ex presidente hacia su objetivo de retorno al poder. Los enjuiciamientos y sanciones preliminares hace rato se iniciaron.<\/em><\/p>\n","protected":false},"excerpt":{"rendered":"<p>Cundi\u00f3 el malestar p\u00fablico desde que el presidente del Estado no reconoci\u00f3 su derrota en el refer\u00e9ndum de febrero de 2019, evento convocado para habilitar una cuarta reelecci\u00f3n presidencial. El resultado del refer\u00e9ndum neg\u00f3 a Evo Morales una nueva postulaci\u00f3n. \u00c9ste recurri\u00f3 al Tribunal Constitucional, fallando a su favor con el argumento de que la [&hellip;]<\/p>\n","protected":false},"author":1,"featured_media":0,"comment_status":"closed","ping_status":"closed","sticky":false,"template":"","format":"standard","meta":{"_acf_changed":false,"footnotes":""},"categories":[4],"tags":[],"class_list":["post-39562","post","type-post","status-publish","format-standard","category-editorial"],"acf":{"antetitulo":""},"yoast_head":"<!-- This site is optimized with the Yoast SEO plugin v28.4 - https:\/\/yoast.com\/product\/yoast-seo-wordpress\/ -->\n<title>Reflexiones en torno a noviembre de 2019 - El Diario - Bolivia<\/title>\n<meta name=\"robots\" content=\"index, follow, max-snippet:-1, max-image-preview:large, max-video-preview:-1\" \/>\n<link rel=\"canonical\" href=\"https:\/\/www.eldiario.net\/portal\/2021\/10\/29\/reflexiones-en-torno-a-noviembre-de-2019\/\" \/>\n<meta property=\"og:locale\" content=\"es_ES\" \/>\n<meta property=\"og:type\" content=\"article\" \/>\n<meta property=\"og:title\" content=\"Reflexiones en torno a noviembre de 2019 - El Diario - Bolivia\" \/>\n<meta property=\"og:description\" content=\"Cundi\u00f3 el malestar p\u00fablico desde que el presidente del Estado no reconoci\u00f3 su derrota en el refer\u00e9ndum de febrero de 2019, evento convocado para habilitar una cuarta reelecci\u00f3n presidencial. El resultado del refer\u00e9ndum neg\u00f3 a Evo Morales una nueva postulaci\u00f3n. \u00c9ste recurri\u00f3 al Tribunal Constitucional, fallando a su favor con el argumento de que la [&hellip;]\" \/>\n<meta property=\"og:url\" content=\"https:\/\/www.eldiario.net\/portal\/2021\/10\/29\/reflexiones-en-torno-a-noviembre-de-2019\/\" \/>\n<meta property=\"og:site_name\" content=\"El Diario - Bolivia\" \/>\n<meta property=\"article:publisher\" content=\"https:\/\/www.facebook.com\/eldiario.bolivia\/\" \/>\n<meta property=\"article:published_time\" content=\"2021-10-29T08:14:55+00:00\" \/>\n<meta name=\"author\" content=\"Jeanette\" \/>\n<meta name=\"twitter:card\" content=\"summary_large_image\" \/>\n<meta name=\"twitter:creator\" content=\"@eldiario_net\" \/>\n<meta name=\"twitter:site\" content=\"@eldiario_net\" \/>\n<meta name=\"twitter:label1\" content=\"Escrito por\" \/>\n\t<meta name=\"twitter:data1\" content=\"Jeanette\" \/>\n\t<meta name=\"twitter:label2\" content=\"Tiempo de lectura\" \/>\n\t<meta name=\"twitter:data2\" content=\"3 minutos\" \/>\n<script type=\"application\/ld+json\" class=\"yoast-schema-graph\">{\"@context\":\"https:\\\/\\\/schema.org\",\"@graph\":[{\"@type\":\"Article\",\"@id\":\"https:\\\/\\\/www.eldiario.net\\\/portal\\\/2021\\\/10\\\/29\\\/reflexiones-en-torno-a-noviembre-de-2019\\\/#article\",\"isPartOf\":{\"@id\":\"https:\\\/\\\/www.eldiario.net\\\/portal\\\/2021\\\/10\\\/29\\\/reflexiones-en-torno-a-noviembre-de-2019\\\/\"},\"author\":{\"name\":\"Jeanette\",\"@id\":\"https:\\\/\\\/www.eldiario.net\\\/portal\\\/#\\\/schema\\\/person\\\/f46445640444750d7d753ccd04ae01b7\"},\"headline\":\"Reflexiones en torno a noviembre de 2019\",\"datePublished\":\"2021-10-29T08:14:55+00:00\",\"mainEntityOfPage\":{\"@id\":\"https:\\\/\\\/www.eldiario.net\\\/portal\\\/2021\\\/10\\\/29\\\/reflexiones-en-torno-a-noviembre-de-2019\\\/\"},\"wordCount\":633,\"publisher\":{\"@id\":\"https:\\\/\\\/www.eldiario.net\\\/portal\\\/#organization\"},\"articleSection\":[\"Editorial\"],\"inLanguage\":\"es\"},{\"@type\":\"WebPage\",\"@id\":\"https:\\\/\\\/www.eldiario.net\\\/portal\\\/2021\\\/10\\\/29\\\/reflexiones-en-torno-a-noviembre-de-2019\\\/\",\"url\":\"https:\\\/\\\/www.eldiario.net\\\/portal\\\/2021\\\/10\\\/29\\\/reflexiones-en-torno-a-noviembre-de-2019\\\/\",\"name\":\"Reflexiones en torno a noviembre de 2019 - El Diario - Bolivia\",\"isPartOf\":{\"@id\":\"https:\\\/\\\/www.eldiario.net\\\/portal\\\/#website\"},\"datePublished\":\"2021-10-29T08:14:55+00:00\",\"breadcrumb\":{\"@id\":\"https:\\\/\\\/www.eldiario.net\\\/portal\\\/2021\\\/10\\\/29\\\/reflexiones-en-torno-a-noviembre-de-2019\\\/#breadcrumb\"},\"inLanguage\":\"es\",\"potentialAction\":[{\"@type\":\"ReadAction\",\"target\":[\"https:\\\/\\\/www.eldiario.net\\\/portal\\\/2021\\\/10\\\/29\\\/reflexiones-en-torno-a-noviembre-de-2019\\\/\"]}]},{\"@type\":\"BreadcrumbList\",\"@id\":\"https:\\\/\\\/www.eldiario.net\\\/portal\\\/2021\\\/10\\\/29\\\/reflexiones-en-torno-a-noviembre-de-2019\\\/#breadcrumb\",\"itemListElement\":[{\"@type\":\"ListItem\",\"position\":1,\"name\":\"Portada\",\"item\":\"https:\\\/\\\/www.eldiario.net\\\/portal\\\/\"},{\"@type\":\"ListItem\",\"position\":2,\"name\":\"Reflexiones en torno a noviembre de 2019\"}]},{\"@type\":\"WebSite\",\"@id\":\"https:\\\/\\\/www.eldiario.net\\\/portal\\\/#website\",\"url\":\"https:\\\/\\\/www.eldiario.net\\\/portal\\\/\",\"name\":\"El Diario - Decano de la prensa nacional\",\"description\":\"El Diario - Decano de la prensa nacional\",\"publisher\":{\"@id\":\"https:\\\/\\\/www.eldiario.net\\\/portal\\\/#organization\"},\"potentialAction\":[{\"@type\":\"SearchAction\",\"target\":{\"@type\":\"EntryPoint\",\"urlTemplate\":\"https:\\\/\\\/www.eldiario.net\\\/portal\\\/?s={search_term_string}\"},\"query-input\":{\"@type\":\"PropertyValueSpecification\",\"valueRequired\":true,\"valueName\":\"search_term_string\"}}],\"inLanguage\":\"es\"},{\"@type\":\"Organization\",\"@id\":\"https:\\\/\\\/www.eldiario.net\\\/portal\\\/#organization\",\"name\":\"El Diario - Decano de la prensa nacional\",\"url\":\"https:\\\/\\\/www.eldiario.net\\\/portal\\\/\",\"logo\":{\"@type\":\"ImageObject\",\"inLanguage\":\"es\",\"@id\":\"https:\\\/\\\/www.eldiario.net\\\/portal\\\/#\\\/schema\\\/logo\\\/image\\\/\",\"url\":\"https:\\\/\\\/www.eldiario.net\\\/portal\\\/wp-content\\\/uploads\\\/2023\\\/07\\\/logo_ED.jpg\",\"contentUrl\":\"https:\\\/\\\/www.eldiario.net\\\/portal\\\/wp-content\\\/uploads\\\/2023\\\/07\\\/logo_ED.jpg\",\"width\":272,\"height\":52,\"caption\":\"El Diario - Decano de la prensa nacional\"},\"image\":{\"@id\":\"https:\\\/\\\/www.eldiario.net\\\/portal\\\/#\\\/schema\\\/logo\\\/image\\\/\"},\"sameAs\":[\"https:\\\/\\\/www.facebook.com\\\/eldiario.bolivia\\\/\",\"https:\\\/\\\/x.com\\\/eldiario_net\"]},{\"@type\":\"Person\",\"@id\":\"https:\\\/\\\/www.eldiario.net\\\/portal\\\/#\\\/schema\\\/person\\\/f46445640444750d7d753ccd04ae01b7\",\"name\":\"Jeanette\",\"image\":{\"@type\":\"ImageObject\",\"inLanguage\":\"es\",\"@id\":\"https:\\\/\\\/secure.gravatar.com\\\/avatar\\\/3ea2118a5f7dad2b7138b1187a6b7ee55f160b9968b66013c3a3ef39dd7e5798?s=96&d=mm&r=g\",\"url\":\"https:\\\/\\\/secure.gravatar.com\\\/avatar\\\/3ea2118a5f7dad2b7138b1187a6b7ee55f160b9968b66013c3a3ef39dd7e5798?s=96&d=mm&r=g\",\"contentUrl\":\"https:\\\/\\\/secure.gravatar.com\\\/avatar\\\/3ea2118a5f7dad2b7138b1187a6b7ee55f160b9968b66013c3a3ef39dd7e5798?s=96&d=mm&r=g\",\"caption\":\"Jeanette\"},\"sameAs\":[\"https:\\\/\\\/www.eldiario.net\\\/portal\"],\"url\":\"https:\\\/\\\/www.eldiario.net\\\/portal\\\/author\\\/jeanette\\\/\"}]}<\/script>\n<!-- \/ Yoast SEO plugin. -->","yoast_head_json":{"title":"Reflexiones en torno a noviembre de 2019 - El Diario - Bolivia","robots":{"index":"index","follow":"follow","max-snippet":"max-snippet:-1","max-image-preview":"max-image-preview:large","max-video-preview":"max-video-preview:-1"},"canonical":"https:\/\/www.eldiario.net\/portal\/2021\/10\/29\/reflexiones-en-torno-a-noviembre-de-2019\/","og_locale":"es_ES","og_type":"article","og_title":"Reflexiones en torno a noviembre de 2019 - El Diario - Bolivia","og_description":"Cundi\u00f3 el malestar p\u00fablico desde que el presidente del Estado no reconoci\u00f3 su derrota en el refer\u00e9ndum de febrero de 2019, evento convocado para habilitar una cuarta reelecci\u00f3n presidencial. El resultado del refer\u00e9ndum neg\u00f3 a Evo Morales una nueva postulaci\u00f3n. \u00c9ste recurri\u00f3 al Tribunal Constitucional, fallando a su favor con el argumento de que la [&hellip;]","og_url":"https:\/\/www.eldiario.net\/portal\/2021\/10\/29\/reflexiones-en-torno-a-noviembre-de-2019\/","og_site_name":"El Diario - Bolivia","article_publisher":"https:\/\/www.facebook.com\/eldiario.bolivia\/","article_published_time":"2021-10-29T08:14:55+00:00","author":"Jeanette","twitter_card":"summary_large_image","twitter_creator":"@eldiario_net","twitter_site":"@eldiario_net","twitter_misc":{"Escrito por":"Jeanette","Tiempo de lectura":"3 minutos"},"schema":{"@context":"https:\/\/schema.org","@graph":[{"@type":"Article","@id":"https:\/\/www.eldiario.net\/portal\/2021\/10\/29\/reflexiones-en-torno-a-noviembre-de-2019\/#article","isPartOf":{"@id":"https:\/\/www.eldiario.net\/portal\/2021\/10\/29\/reflexiones-en-torno-a-noviembre-de-2019\/"},"author":{"name":"Jeanette","@id":"https:\/\/www.eldiario.net\/portal\/#\/schema\/person\/f46445640444750d7d753ccd04ae01b7"},"headline":"Reflexiones en torno a noviembre de 2019","datePublished":"2021-10-29T08:14:55+00:00","mainEntityOfPage":{"@id":"https:\/\/www.eldiario.net\/portal\/2021\/10\/29\/reflexiones-en-torno-a-noviembre-de-2019\/"},"wordCount":633,"publisher":{"@id":"https:\/\/www.eldiario.net\/portal\/#organization"},"articleSection":["Editorial"],"inLanguage":"es"},{"@type":"WebPage","@id":"https:\/\/www.eldiario.net\/portal\/2021\/10\/29\/reflexiones-en-torno-a-noviembre-de-2019\/","url":"https:\/\/www.eldiario.net\/portal\/2021\/10\/29\/reflexiones-en-torno-a-noviembre-de-2019\/","name":"Reflexiones en torno a noviembre de 2019 - El Diario - Bolivia","isPartOf":{"@id":"https:\/\/www.eldiario.net\/portal\/#website"},"datePublished":"2021-10-29T08:14:55+00:00","breadcrumb":{"@id":"https:\/\/www.eldiario.net\/portal\/2021\/10\/29\/reflexiones-en-torno-a-noviembre-de-2019\/#breadcrumb"},"inLanguage":"es","potentialAction":[{"@type":"ReadAction","target":["https:\/\/www.eldiario.net\/portal\/2021\/10\/29\/reflexiones-en-torno-a-noviembre-de-2019\/"]}]},{"@type":"BreadcrumbList","@id":"https:\/\/www.eldiario.net\/portal\/2021\/10\/29\/reflexiones-en-torno-a-noviembre-de-2019\/#breadcrumb","itemListElement":[{"@type":"ListItem","position":1,"name":"Portada","item":"https:\/\/www.eldiario.net\/portal\/"},{"@type":"ListItem","position":2,"name":"Reflexiones en torno a noviembre de 2019"}]},{"@type":"WebSite","@id":"https:\/\/www.eldiario.net\/portal\/#website","url":"https:\/\/www.eldiario.net\/portal\/","name":"El Diario - Decano de la prensa nacional","description":"El Diario - Decano de la prensa nacional","publisher":{"@id":"https:\/\/www.eldiario.net\/portal\/#organization"},"potentialAction":[{"@type":"SearchAction","target":{"@type":"EntryPoint","urlTemplate":"https:\/\/www.eldiario.net\/portal\/?s={search_term_string}"},"query-input":{"@type":"PropertyValueSpecification","valueRequired":true,"valueName":"search_term_string"}}],"inLanguage":"es"},{"@type":"Organization","@id":"https:\/\/www.eldiario.net\/portal\/#organization","name":"El Diario - Decano de la prensa nacional","url":"https:\/\/www.eldiario.net\/portal\/","logo":{"@type":"ImageObject","inLanguage":"es","@id":"https:\/\/www.eldiario.net\/portal\/#\/schema\/logo\/image\/","url":"https:\/\/www.eldiario.net\/portal\/wp-content\/uploads\/2023\/07\/logo_ED.jpg","contentUrl":"https:\/\/www.eldiario.net\/portal\/wp-content\/uploads\/2023\/07\/logo_ED.jpg","width":272,"height":52,"caption":"El Diario - Decano de la prensa nacional"},"image":{"@id":"https:\/\/www.eldiario.net\/portal\/#\/schema\/logo\/image\/"},"sameAs":["https:\/\/www.facebook.com\/eldiario.bolivia\/","https:\/\/x.com\/eldiario_net"]},{"@type":"Person","@id":"https:\/\/www.eldiario.net\/portal\/#\/schema\/person\/f46445640444750d7d753ccd04ae01b7","name":"Jeanette","image":{"@type":"ImageObject","inLanguage":"es","@id":"https:\/\/secure.gravatar.com\/avatar\/3ea2118a5f7dad2b7138b1187a6b7ee55f160b9968b66013c3a3ef39dd7e5798?s=96&d=mm&r=g","url":"https:\/\/secure.gravatar.com\/avatar\/3ea2118a5f7dad2b7138b1187a6b7ee55f160b9968b66013c3a3ef39dd7e5798?s=96&d=mm&r=g","contentUrl":"https:\/\/secure.gravatar.com\/avatar\/3ea2118a5f7dad2b7138b1187a6b7ee55f160b9968b66013c3a3ef39dd7e5798?s=96&d=mm&r=g","caption":"Jeanette"},"sameAs":["https:\/\/www.eldiario.net\/portal"],"url":"https:\/\/www.eldiario.net\/portal\/author\/jeanette\/"}]}},"_links":{"self":[{"href":"https:\/\/www.eldiario.net\/portal\/wp-json\/wp\/v2\/posts\/39562","targetHints":{"allow":["GET"]}}],"collection":[{"href":"https:\/\/www.eldiario.net\/portal\/wp-json\/wp\/v2\/posts"}],"about":[{"href":"https:\/\/www.eldiario.net\/portal\/wp-json\/wp\/v2\/types\/post"}],"author":[{"embeddable":true,"href":"https:\/\/www.eldiario.net\/portal\/wp-json\/wp\/v2\/users\/1"}],"replies":[{"embeddable":true,"href":"https:\/\/www.eldiario.net\/portal\/wp-json\/wp\/v2\/comments?post=39562"}],"version-history":[{"count":0,"href":"https:\/\/www.eldiario.net\/portal\/wp-json\/wp\/v2\/posts\/39562\/revisions"}],"wp:attachment":[{"href":"https:\/\/www.eldiario.net\/portal\/wp-json\/wp\/v2\/media?parent=39562"}],"wp:term":[{"taxonomy":"category","embeddable":true,"href":"https:\/\/www.eldiario.net\/portal\/wp-json\/wp\/v2\/categories?post=39562"},{"taxonomy":"post_tag","embeddable":true,"href":"https:\/\/www.eldiario.net\/portal\/wp-json\/wp\/v2\/tags?post=39562"}],"curies":[{"name":"wp","href":"https:\/\/api.w.org\/{rel}","templated":true}]}}