{"id":39555,"date":"2021-10-29T04:14:21","date_gmt":"2021-10-29T08:14:21","guid":{"rendered":"https:\/\/www.eldiario.net\/portal\/?p=39555"},"modified":"2021-10-29T04:14:21","modified_gmt":"2021-10-29T08:14:21","slug":"maria-rene-soto","status":"publish","type":"post","link":"https:\/\/www.eldiario.net\/portal\/2021\/10\/29\/maria-rene-soto\/","title":{"rendered":"Mar\u00eda Ren\u00e9 Soto"},"content":{"rendered":"<p>Nuestra hermosa invitada de hoy en Cvltvral es una destacada artista multinivel cuyo trabajo se orienta a diversas actividades en diferentes voluntariados, siendo profesora de arte, m\u00fasica y danza. Ella ha participado a nivel nacional e internacional en varias exposiciones colectivas como individuales; fue part\u00edcipe de diversos grupos musicales en Tarija y en La Paz.<br \/>\nSus estudios los llev\u00f3 a cabo en la Universidad Aut\u00f3noma Juan Misael Saracho (UAJMS) y a la par estudi\u00f3 en la \u201cAcademia de Bella Artes\u201d de Tarija as\u00ed como en la \u201cEscuela Municipal de M\u00fasica, Pastor Ach\u00e1\u201d de Tarija. Como podremos apreciar en esta nota, su trabajo cubre un espectro art\u00edstico muy amplio que se pormenorizar\u00e1 en la presente nota\u2026 sean todos bienvenidos al show.<\/p>\n<p><strong>\u00bfQui\u00e9n es Mar\u00eda Ren\u00e9?<\/strong><br \/>\nEres una artista multifac\u00e9tica y te has adentrado en muchas pr\u00e1cticas art\u00edsticas distintas.<\/p>\n<p><strong>\u00bfCu\u00e1l fue el primer arte que te llam\u00f3 la atenci\u00f3n?<\/strong><br \/>\nMe encant\u00f3 dibujar desde los 6 a\u00f1os, un t\u00edo me regal\u00f3 un estuche lleno de colores marcadores, pasteles para pintar, etc., y desde entonces naci\u00f3 la curiosidad por dibujar y pintar.<\/p>\n<p><strong>\u00bfCu\u00e1l es el principal objetivo de tus obras como artista pl\u00e1stica?<\/strong><br \/>\nDefinir un estilo adem\u00e1s de perfeccionar las diversas t\u00e9cnicas y contar las historias detr\u00e1s de las obras, historias que me impactaron bastante como el caso de la renovaci\u00f3n del \u00e1guila, en el cual retrat\u00e9 a un \u00e1guila y me impresion\u00f3 su historia de renovaci\u00f3n ya que a los 30 a\u00f1os debe arrancarse el pico y las plumas para alargar su tiempo de vida.<\/p>\n<p><strong>\u00bfQu\u00e9 buscas comunicar mediante ellas?<\/strong><br \/>\nHistorias de superaci\u00f3n personal, para que tengan en cuenta que lo m\u00e1s importante es aprovechar cada d\u00eda como si fuera el \u00faltimo y que la m\u00ednima acci\u00f3n vale m\u00e1s que la m\u00e1s grande decisi\u00f3n.<\/p>\n<p><strong>\u00bfQu\u00e9 efecto causa en tu ser el baile?<\/strong><br \/>\nEs una manera de liberarme y de ser feliz, me encanta mucho poder expresarme mediante la danza y lo que m\u00e1s adoro es bailar nuestra m\u00fasica folkl\u00f3rica, por eso estuve de profesora en el ballet Mamani Mamani.<\/p>\n<p><strong>\u00bfCu\u00e1ntas presentaciones tendr\u00e1s a lo largo de tu carrera?<\/strong><br \/>\nTodas las que se me den la oportunidad. Ahora estoy con algunas presentaciones de danzas K-Pop en la que reci\u00e9n estoy incursionando y en cuanto a exposiciones de arte estoy apuntando a exponer a diversos pa\u00edses. Ya expuse en Estados Unidos enviando obras para la reserva del \u201cGato Andino\u201d, sin embargo me gustar\u00eda exponer internacionalmente.<\/p>\n<p><strong>Como si fuera poco, eres tambi\u00e9n actriz \u00bfC\u00f3mo definir\u00edas tu paso por las tablas?<\/strong><br \/>\nEl teatro y participar en proyectos audiovisuales es muy lindo. Para m\u00ed son solo oportunidades que Dios nos da y que, si es que se puede, hay que aprovecharlas. Actu\u00e9 para spots y tambi\u00e9n en teatros como el Modesta Sanjin\u00e9s de la Casa de la Cultura; es una manera de perder el miedo a estar en p\u00fablico, es lindo crear personajes e interpretarlos.<\/p>\n<p><strong>Encima de todo, eres una virtuosa m\u00fasica multiinstrumentista \u00bfUna de tus participaciones m\u00e1s importantes en este \u00e1mbito art\u00edstico es junto a Los Olvidados?<\/strong><br \/>\nS\u00ed, soy quenista en el grupo Los Olvidados, sin embargo, debido a la pandemia se ha limitado el n\u00famero de presentaciones presenciales. Tambi\u00e9n estuve junto a la Tuna Femenina de la UMSA tocando quena y mandolina. En Tarija estuve con grupos musicales tocando viol\u00edn.<br \/>\nLa m\u00fasica es muy linda e interpretarla a\u00fan mas, por ello doy muchas gracias a los directores de los diferentes grupos en los cuales me dieron la oportunidad de participar.<\/p>\n<p><strong>\u00bfQu\u00e9 presentaciones tienes en agenda para lo que queda de este pand\u00e9mico 2021?<\/strong><br \/>\nLo m\u00e1s pronto son presentaciones de K-Pop y el 31 de octubre.<\/p>\n<p>Checklist:<\/p>\n<p>3 libros inolvidables:<br \/>\n&#8211; La fuerza de sheccid<br \/>\n&#8211; Mujercitas<br \/>\n&#8211; Las Venas Abiertas ge America Latina<\/p>\n<p>Discos para toda la vida:<br \/>\n&#8211; Solo le pido a Dios<br \/>\n&#8211; Cuando pienses en volver<\/p>\n<p>Lugares del mundo para conocer s\u00ed o s\u00ed:<br \/>\n&#8211; Salar de Uyuni<br \/>\n&#8211; El Valle de Tarija<\/p>\n<p>3 artistas que m\u00e1s admires:<br \/>\n&#8211; Leonardo Da Vinci<br \/>\n&#8211; Miiguel Angel<br \/>\n&#8211; Aishwarya Rai<\/p>\n<p>3 cosas imprescindibles en la vida:<br \/>\n&#8211; La salud, la familia y la felicidad<\/p>\n\n","protected":false},"excerpt":{"rendered":"<p>Nuestra hermosa invitada de hoy en Cvltvral es una destacada artista multinivel cuyo trabajo se orienta a diversas actividades en diferentes voluntariados, siendo profesora de arte, m\u00fasica y danza. Ella ha participado a nivel nacional e internacional en varias exposiciones colectivas como individuales; fue part\u00edcipe de diversos grupos musicales en Tarija y en La Paz. [&hellip;]<\/p>\n","protected":false},"author":1,"featured_media":39556,"comment_status":"closed","ping_status":"closed","sticky":false,"template":"","format":"standard","meta":{"_acf_changed":false,"footnotes":""},"categories":[8],"tags":[],"class_list":["post-39555","post","type-post","status-publish","format-standard","has-post-thumbnail","category-cultural"],"acf":{"antetitulo":""},"yoast_head":"<!-- This site is optimized with the Yoast SEO plugin v28.4 - https:\/\/yoast.com\/product\/yoast-seo-wordpress\/ -->\n<title>Mar\u00eda Ren\u00e9 Soto - El Diario - Bolivia<\/title>\n<meta name=\"robots\" content=\"index, follow, max-snippet:-1, max-image-preview:large, max-video-preview:-1\" \/>\n<link rel=\"canonical\" href=\"https:\/\/www.eldiario.net\/portal\/2021\/10\/29\/maria-rene-soto\/\" \/>\n<meta property=\"og:locale\" content=\"es_ES\" \/>\n<meta property=\"og:type\" content=\"article\" \/>\n<meta property=\"og:title\" content=\"Mar\u00eda Ren\u00e9 Soto - El Diario - Bolivia\" \/>\n<meta property=\"og:description\" content=\"Nuestra hermosa invitada de hoy en Cvltvral es una destacada artista multinivel cuyo trabajo se orienta a diversas actividades en diferentes voluntariados, siendo profesora de arte, m\u00fasica y danza. Ella ha participado a nivel nacional e internacional en varias exposiciones colectivas como individuales; fue part\u00edcipe de diversos grupos musicales en Tarija y en La Paz. [&hellip;]\" \/>\n<meta property=\"og:url\" content=\"https:\/\/www.eldiario.net\/portal\/2021\/10\/29\/maria-rene-soto\/\" \/>\n<meta property=\"og:site_name\" content=\"El Diario - Bolivia\" \/>\n<meta property=\"article:publisher\" content=\"https:\/\/www.facebook.com\/eldiario.bolivia\/\" \/>\n<meta property=\"article:published_time\" content=\"2021-10-29T08:14:21+00:00\" \/>\n<meta name=\"author\" content=\"Jeanette\" \/>\n<meta name=\"twitter:card\" content=\"summary_large_image\" \/>\n<meta name=\"twitter:creator\" content=\"@eldiario_net\" \/>\n<meta name=\"twitter:site\" content=\"@eldiario_net\" \/>\n<meta name=\"twitter:label1\" content=\"Escrito por\" \/>\n\t<meta name=\"twitter:data1\" content=\"Jeanette\" \/>\n\t<meta name=\"twitter:label2\" content=\"Tiempo de lectura\" \/>\n\t<meta name=\"twitter:data2\" content=\"3 minutos\" \/>\n<script type=\"application\/ld+json\" class=\"yoast-schema-graph\">{\"@context\":\"https:\\\/\\\/schema.org\",\"@graph\":[{\"@type\":\"Article\",\"@id\":\"https:\\\/\\\/www.eldiario.net\\\/portal\\\/2021\\\/10\\\/29\\\/maria-rene-soto\\\/#article\",\"isPartOf\":{\"@id\":\"https:\\\/\\\/www.eldiario.net\\\/portal\\\/2021\\\/10\\\/29\\\/maria-rene-soto\\\/\"},\"author\":{\"name\":\"Jeanette\",\"@id\":\"https:\\\/\\\/www.eldiario.net\\\/portal\\\/#\\\/schema\\\/person\\\/f46445640444750d7d753ccd04ae01b7\"},\"headline\":\"Mar\u00eda Ren\u00e9 Soto\",\"datePublished\":\"2021-10-29T08:14:21+00:00\",\"mainEntityOfPage\":{\"@id\":\"https:\\\/\\\/www.eldiario.net\\\/portal\\\/2021\\\/10\\\/29\\\/maria-rene-soto\\\/\"},\"wordCount\":735,\"publisher\":{\"@id\":\"https:\\\/\\\/www.eldiario.net\\\/portal\\\/#organization\"},\"image\":{\"@id\":\"https:\\\/\\\/www.eldiario.net\\\/portal\\\/2021\\\/10\\\/29\\\/maria-rene-soto\\\/#primaryimage\"},\"thumbnailUrl\":\"\",\"articleSection\":[\"Cultural\"],\"inLanguage\":\"es\"},{\"@type\":\"WebPage\",\"@id\":\"https:\\\/\\\/www.eldiario.net\\\/portal\\\/2021\\\/10\\\/29\\\/maria-rene-soto\\\/\",\"url\":\"https:\\\/\\\/www.eldiario.net\\\/portal\\\/2021\\\/10\\\/29\\\/maria-rene-soto\\\/\",\"name\":\"Mar\u00eda Ren\u00e9 Soto - El Diario - Bolivia\",\"isPartOf\":{\"@id\":\"https:\\\/\\\/www.eldiario.net\\\/portal\\\/#website\"},\"primaryImageOfPage\":{\"@id\":\"https:\\\/\\\/www.eldiario.net\\\/portal\\\/2021\\\/10\\\/29\\\/maria-rene-soto\\\/#primaryimage\"},\"image\":{\"@id\":\"https:\\\/\\\/www.eldiario.net\\\/portal\\\/2021\\\/10\\\/29\\\/maria-rene-soto\\\/#primaryimage\"},\"thumbnailUrl\":\"\",\"datePublished\":\"2021-10-29T08:14:21+00:00\",\"breadcrumb\":{\"@id\":\"https:\\\/\\\/www.eldiario.net\\\/portal\\\/2021\\\/10\\\/29\\\/maria-rene-soto\\\/#breadcrumb\"},\"inLanguage\":\"es\",\"potentialAction\":[{\"@type\":\"ReadAction\",\"target\":[\"https:\\\/\\\/www.eldiario.net\\\/portal\\\/2021\\\/10\\\/29\\\/maria-rene-soto\\\/\"]}]},{\"@type\":\"ImageObject\",\"inLanguage\":\"es\",\"@id\":\"https:\\\/\\\/www.eldiario.net\\\/portal\\\/2021\\\/10\\\/29\\\/maria-rene-soto\\\/#primaryimage\",\"url\":\"\",\"contentUrl\":\"\"},{\"@type\":\"BreadcrumbList\",\"@id\":\"https:\\\/\\\/www.eldiario.net\\\/portal\\\/2021\\\/10\\\/29\\\/maria-rene-soto\\\/#breadcrumb\",\"itemListElement\":[{\"@type\":\"ListItem\",\"position\":1,\"name\":\"Portada\",\"item\":\"https:\\\/\\\/www.eldiario.net\\\/portal\\\/\"},{\"@type\":\"ListItem\",\"position\":2,\"name\":\"Mar\u00eda Ren\u00e9 Soto\"}]},{\"@type\":\"WebSite\",\"@id\":\"https:\\\/\\\/www.eldiario.net\\\/portal\\\/#website\",\"url\":\"https:\\\/\\\/www.eldiario.net\\\/portal\\\/\",\"name\":\"El Diario - Decano de la prensa nacional\",\"description\":\"El Diario - Decano de la prensa nacional\",\"publisher\":{\"@id\":\"https:\\\/\\\/www.eldiario.net\\\/portal\\\/#organization\"},\"potentialAction\":[{\"@type\":\"SearchAction\",\"target\":{\"@type\":\"EntryPoint\",\"urlTemplate\":\"https:\\\/\\\/www.eldiario.net\\\/portal\\\/?s={search_term_string}\"},\"query-input\":{\"@type\":\"PropertyValueSpecification\",\"valueRequired\":true,\"valueName\":\"search_term_string\"}}],\"inLanguage\":\"es\"},{\"@type\":\"Organization\",\"@id\":\"https:\\\/\\\/www.eldiario.net\\\/portal\\\/#organization\",\"name\":\"El Diario - Decano de la prensa nacional\",\"url\":\"https:\\\/\\\/www.eldiario.net\\\/portal\\\/\",\"logo\":{\"@type\":\"ImageObject\",\"inLanguage\":\"es\",\"@id\":\"https:\\\/\\\/www.eldiario.net\\\/portal\\\/#\\\/schema\\\/logo\\\/image\\\/\",\"url\":\"https:\\\/\\\/www.eldiario.net\\\/portal\\\/wp-content\\\/uploads\\\/2023\\\/07\\\/logo_ED.jpg\",\"contentUrl\":\"https:\\\/\\\/www.eldiario.net\\\/portal\\\/wp-content\\\/uploads\\\/2023\\\/07\\\/logo_ED.jpg\",\"width\":272,\"height\":52,\"caption\":\"El Diario - Decano de la prensa nacional\"},\"image\":{\"@id\":\"https:\\\/\\\/www.eldiario.net\\\/portal\\\/#\\\/schema\\\/logo\\\/image\\\/\"},\"sameAs\":[\"https:\\\/\\\/www.facebook.com\\\/eldiario.bolivia\\\/\",\"https:\\\/\\\/x.com\\\/eldiario_net\"]},{\"@type\":\"Person\",\"@id\":\"https:\\\/\\\/www.eldiario.net\\\/portal\\\/#\\\/schema\\\/person\\\/f46445640444750d7d753ccd04ae01b7\",\"name\":\"Jeanette\",\"image\":{\"@type\":\"ImageObject\",\"inLanguage\":\"es\",\"@id\":\"https:\\\/\\\/secure.gravatar.com\\\/avatar\\\/3ea2118a5f7dad2b7138b1187a6b7ee55f160b9968b66013c3a3ef39dd7e5798?s=96&d=mm&r=g\",\"url\":\"https:\\\/\\\/secure.gravatar.com\\\/avatar\\\/3ea2118a5f7dad2b7138b1187a6b7ee55f160b9968b66013c3a3ef39dd7e5798?s=96&d=mm&r=g\",\"contentUrl\":\"https:\\\/\\\/secure.gravatar.com\\\/avatar\\\/3ea2118a5f7dad2b7138b1187a6b7ee55f160b9968b66013c3a3ef39dd7e5798?s=96&d=mm&r=g\",\"caption\":\"Jeanette\"},\"sameAs\":[\"https:\\\/\\\/www.eldiario.net\\\/portal\"],\"url\":\"https:\\\/\\\/www.eldiario.net\\\/portal\\\/author\\\/jeanette\\\/\"}]}<\/script>\n<!-- \/ Yoast SEO plugin. -->","yoast_head_json":{"title":"Mar\u00eda Ren\u00e9 Soto - El Diario - Bolivia","robots":{"index":"index","follow":"follow","max-snippet":"max-snippet:-1","max-image-preview":"max-image-preview:large","max-video-preview":"max-video-preview:-1"},"canonical":"https:\/\/www.eldiario.net\/portal\/2021\/10\/29\/maria-rene-soto\/","og_locale":"es_ES","og_type":"article","og_title":"Mar\u00eda Ren\u00e9 Soto - El Diario - Bolivia","og_description":"Nuestra hermosa invitada de hoy en Cvltvral es una destacada artista multinivel cuyo trabajo se orienta a diversas actividades en diferentes voluntariados, siendo profesora de arte, m\u00fasica y danza. Ella ha participado a nivel nacional e internacional en varias exposiciones colectivas como individuales; fue part\u00edcipe de diversos grupos musicales en Tarija y en La Paz. [&hellip;]","og_url":"https:\/\/www.eldiario.net\/portal\/2021\/10\/29\/maria-rene-soto\/","og_site_name":"El Diario - Bolivia","article_publisher":"https:\/\/www.facebook.com\/eldiario.bolivia\/","article_published_time":"2021-10-29T08:14:21+00:00","author":"Jeanette","twitter_card":"summary_large_image","twitter_creator":"@eldiario_net","twitter_site":"@eldiario_net","twitter_misc":{"Escrito por":"Jeanette","Tiempo de lectura":"3 minutos"},"schema":{"@context":"https:\/\/schema.org","@graph":[{"@type":"Article","@id":"https:\/\/www.eldiario.net\/portal\/2021\/10\/29\/maria-rene-soto\/#article","isPartOf":{"@id":"https:\/\/www.eldiario.net\/portal\/2021\/10\/29\/maria-rene-soto\/"},"author":{"name":"Jeanette","@id":"https:\/\/www.eldiario.net\/portal\/#\/schema\/person\/f46445640444750d7d753ccd04ae01b7"},"headline":"Mar\u00eda Ren\u00e9 Soto","datePublished":"2021-10-29T08:14:21+00:00","mainEntityOfPage":{"@id":"https:\/\/www.eldiario.net\/portal\/2021\/10\/29\/maria-rene-soto\/"},"wordCount":735,"publisher":{"@id":"https:\/\/www.eldiario.net\/portal\/#organization"},"image":{"@id":"https:\/\/www.eldiario.net\/portal\/2021\/10\/29\/maria-rene-soto\/#primaryimage"},"thumbnailUrl":"","articleSection":["Cultural"],"inLanguage":"es"},{"@type":"WebPage","@id":"https:\/\/www.eldiario.net\/portal\/2021\/10\/29\/maria-rene-soto\/","url":"https:\/\/www.eldiario.net\/portal\/2021\/10\/29\/maria-rene-soto\/","name":"Mar\u00eda Ren\u00e9 Soto - El Diario - Bolivia","isPartOf":{"@id":"https:\/\/www.eldiario.net\/portal\/#website"},"primaryImageOfPage":{"@id":"https:\/\/www.eldiario.net\/portal\/2021\/10\/29\/maria-rene-soto\/#primaryimage"},"image":{"@id":"https:\/\/www.eldiario.net\/portal\/2021\/10\/29\/maria-rene-soto\/#primaryimage"},"thumbnailUrl":"","datePublished":"2021-10-29T08:14:21+00:00","breadcrumb":{"@id":"https:\/\/www.eldiario.net\/portal\/2021\/10\/29\/maria-rene-soto\/#breadcrumb"},"inLanguage":"es","potentialAction":[{"@type":"ReadAction","target":["https:\/\/www.eldiario.net\/portal\/2021\/10\/29\/maria-rene-soto\/"]}]},{"@type":"ImageObject","inLanguage":"es","@id":"https:\/\/www.eldiario.net\/portal\/2021\/10\/29\/maria-rene-soto\/#primaryimage","url":"","contentUrl":""},{"@type":"BreadcrumbList","@id":"https:\/\/www.eldiario.net\/portal\/2021\/10\/29\/maria-rene-soto\/#breadcrumb","itemListElement":[{"@type":"ListItem","position":1,"name":"Portada","item":"https:\/\/www.eldiario.net\/portal\/"},{"@type":"ListItem","position":2,"name":"Mar\u00eda Ren\u00e9 Soto"}]},{"@type":"WebSite","@id":"https:\/\/www.eldiario.net\/portal\/#website","url":"https:\/\/www.eldiario.net\/portal\/","name":"El Diario - Decano de la prensa nacional","description":"El Diario - Decano de la prensa nacional","publisher":{"@id":"https:\/\/www.eldiario.net\/portal\/#organization"},"potentialAction":[{"@type":"SearchAction","target":{"@type":"EntryPoint","urlTemplate":"https:\/\/www.eldiario.net\/portal\/?s={search_term_string}"},"query-input":{"@type":"PropertyValueSpecification","valueRequired":true,"valueName":"search_term_string"}}],"inLanguage":"es"},{"@type":"Organization","@id":"https:\/\/www.eldiario.net\/portal\/#organization","name":"El Diario - Decano de la prensa nacional","url":"https:\/\/www.eldiario.net\/portal\/","logo":{"@type":"ImageObject","inLanguage":"es","@id":"https:\/\/www.eldiario.net\/portal\/#\/schema\/logo\/image\/","url":"https:\/\/www.eldiario.net\/portal\/wp-content\/uploads\/2023\/07\/logo_ED.jpg","contentUrl":"https:\/\/www.eldiario.net\/portal\/wp-content\/uploads\/2023\/07\/logo_ED.jpg","width":272,"height":52,"caption":"El Diario - Decano de la prensa nacional"},"image":{"@id":"https:\/\/www.eldiario.net\/portal\/#\/schema\/logo\/image\/"},"sameAs":["https:\/\/www.facebook.com\/eldiario.bolivia\/","https:\/\/x.com\/eldiario_net"]},{"@type":"Person","@id":"https:\/\/www.eldiario.net\/portal\/#\/schema\/person\/f46445640444750d7d753ccd04ae01b7","name":"Jeanette","image":{"@type":"ImageObject","inLanguage":"es","@id":"https:\/\/secure.gravatar.com\/avatar\/3ea2118a5f7dad2b7138b1187a6b7ee55f160b9968b66013c3a3ef39dd7e5798?s=96&d=mm&r=g","url":"https:\/\/secure.gravatar.com\/avatar\/3ea2118a5f7dad2b7138b1187a6b7ee55f160b9968b66013c3a3ef39dd7e5798?s=96&d=mm&r=g","contentUrl":"https:\/\/secure.gravatar.com\/avatar\/3ea2118a5f7dad2b7138b1187a6b7ee55f160b9968b66013c3a3ef39dd7e5798?s=96&d=mm&r=g","caption":"Jeanette"},"sameAs":["https:\/\/www.eldiario.net\/portal"],"url":"https:\/\/www.eldiario.net\/portal\/author\/jeanette\/"}]}},"_links":{"self":[{"href":"https:\/\/www.eldiario.net\/portal\/wp-json\/wp\/v2\/posts\/39555","targetHints":{"allow":["GET"]}}],"collection":[{"href":"https:\/\/www.eldiario.net\/portal\/wp-json\/wp\/v2\/posts"}],"about":[{"href":"https:\/\/www.eldiario.net\/portal\/wp-json\/wp\/v2\/types\/post"}],"author":[{"embeddable":true,"href":"https:\/\/www.eldiario.net\/portal\/wp-json\/wp\/v2\/users\/1"}],"replies":[{"embeddable":true,"href":"https:\/\/www.eldiario.net\/portal\/wp-json\/wp\/v2\/comments?post=39555"}],"version-history":[{"count":0,"href":"https:\/\/www.eldiario.net\/portal\/wp-json\/wp\/v2\/posts\/39555\/revisions"}],"wp:attachment":[{"href":"https:\/\/www.eldiario.net\/portal\/wp-json\/wp\/v2\/media?parent=39555"}],"wp:term":[{"taxonomy":"category","embeddable":true,"href":"https:\/\/www.eldiario.net\/portal\/wp-json\/wp\/v2\/categories?post=39555"},{"taxonomy":"post_tag","embeddable":true,"href":"https:\/\/www.eldiario.net\/portal\/wp-json\/wp\/v2\/tags?post=39555"}],"curies":[{"name":"wp","href":"https:\/\/api.w.org\/{rel}","templated":true}]}}