{"id":395172,"date":"2026-05-18T01:11:40","date_gmt":"2026-05-18T05:11:40","guid":{"rendered":"https:\/\/www.eldiario.net\/portal\/?p=395172"},"modified":"2026-05-17T09:12:38","modified_gmt":"2026-05-17T13:12:38","slug":"china-lidera-la-carrera-digital-con-la-primera-computadora-cuantica-de-doble-nucleo-del-mundo","status":"publish","type":"post","link":"https:\/\/www.eldiario.net\/portal\/2026\/05\/18\/china-lidera-la-carrera-digital-con-la-primera-computadora-cuantica-de-doble-nucleo-del-mundo\/","title":{"rendered":"China lidera la carrera digital con la primera computadora cu\u00e1ntica de doble n\u00facleo del mundo"},"content":{"rendered":"<p>La competencia global por dominar la computaci\u00f3n cu\u00e1ntica ha dado un nuevo salto con el anuncio de <strong>CAS Cold Atom Technology<\/strong>, empresa china que present\u00f3 oficialmente la <strong>Hanyuan-2<\/strong>, considerada la primera computadora cu\u00e1ntica de \u00e1tomos neutros con arquitectura de doble n\u00facleo. El lanzamiento, realizado en Wuhan, provincia de Hubei, marca un hito que podr\u00eda redefinir el futuro del procesamiento de datos y acelerar la rivalidad tecnol\u00f3gica entre las grandes potencias.<\/p>\n<p><strong>Un nuevo paradigma en hardware cu\u00e1ntico<\/strong><\/p>\n<p>El proyecto se construy\u00f3 sobre tecnolog\u00eda de <strong>matrices de \u00e1tomos neutros<\/strong>, una de las \u00e1reas m\u00e1s prometedoras dentro del hardware cu\u00e1ntico. Seg\u00fan explic\u00f3 Ge Guiguo, especialista principal de la compa\u00f1\u00eda, la m\u00e1quina integra <strong>100 \u00e1tomos de rubidio-85 y 100 de rubidio-87<\/strong>, conformando un sistema de doble n\u00facleo con <strong>200 c\u00fabits<\/strong>.<\/p>\n<p>Los c\u00fabits son la unidad b\u00e1sica de informaci\u00f3n en computaci\u00f3n cu\u00e1ntica. A diferencia de los bits tradicionales, que solo pueden representar 0 o 1, los c\u00fabits aprovechan fen\u00f3menos como la <strong>superposici\u00f3n cu\u00e1ntica<\/strong>, lo que les permite existir en m\u00faltiples estados simult\u00e1neamente. Esta propiedad abre la puerta a c\u00e1lculos extremadamente complejos que resultan imposibles para las computadoras convencionales.<\/p>\n<p>La diferencia clave de la Hanyuan-2 frente a otros sistemas es que utiliza <strong>dos n\u00facleos independientes<\/strong> basados en \u00e1tomos neutros. Este dise\u00f1o busca ampliar la capacidad operativa y mejorar la estabilidad general del procesamiento cu\u00e1ntico, un reto constante en la industria.<\/p>\n<p><strong>C\u00f3mo funciona la arquitectura de doble n\u00facleo<\/strong><\/p>\n<p>Cada n\u00facleo de la Hanyuan-2 funciona como un conjunto aut\u00f3nomo de c\u00fabits. Ambos pueden operar en paralelo para incrementar el rendimiento o trabajar bajo un esquema de <strong>\u201cn\u00facleo maestro y n\u00facleo auxiliar\u201d<\/strong>, pensado para reforzar la estabilidad de los c\u00fabits l\u00f3gicos y reducir errores.<\/p>\n<p>Uno de los mayores desaf\u00edos de la computaci\u00f3n cu\u00e1ntica es la <strong>escalabilidad<\/strong>. A medida que aumenta el n\u00famero de c\u00fabits, tambi\u00e9n crecen los problemas de interferencia y p\u00e9rdida de coherencia entre part\u00edculas cercanas. La arquitectura de doble n\u00facleo intenta resolver este obst\u00e1culo dividiendo el procesamiento en dos sistemas coordinados, lo que minimiza interferencias y mejora la posibilidad de ampliar la potencia en el futuro.<\/p>\n<p>Adem\u00e1s, la Hanyuan-2 introduce una ventaja significativa frente a otros desarrollos internacionales: <strong>consume menos de 7 kilovatios<\/strong> y no requiere sistemas criog\u00e9nicos de refrigeraci\u00f3n para alcanzar temperaturas ultrabajas. Esto reduce costos y facilita la implementaci\u00f3n en espacios convencionales, alejando la idea de que las computadoras cu\u00e1nticas solo pueden existir en laboratorios altamente especializados.<\/p>\n<p><strong>Impacto en la ciencia y la seguridad internacional<\/strong><\/p>\n<p>La computaci\u00f3n cu\u00e1ntica basada en \u00e1tomos neutros se ha convertido en una de las grandes apuestas tecnol\u00f3gicas a nivel mundial gracias a su escalabilidad, tiempos de coherencia prolongados y precisi\u00f3n de control superior frente a otros enfoques experimentales.<\/p>\n<p>El avance de CAS Cold Atom Technology fortalece la posici\u00f3n de China en una competencia estrat\u00e9gica donde tambi\u00e9n participan Estados Unidos y Europa. La creaci\u00f3n de sistemas m\u00e1s potentes y estables podr\u00eda transformar sectores clave como:<\/p>\n<ul>\n<li><strong>Inteligencia artificial<\/strong>, al permitir entrenar modelos m\u00e1s complejos en menos tiempo.<\/li>\n<li><strong>Criptograf\u00eda<\/strong>, con la capacidad de romper sistemas de cifrado actuales y crear nuevos m\u00e9todos de seguridad.<\/li>\n<li><strong>Medicina<\/strong>, acelerando el descubrimiento de f\u00e1rmacos y simulaciones moleculares.<\/li>\n<li><strong>Investigaci\u00f3n cient\u00edfica<\/strong>, al resolver problemas que requieren c\u00e1lculos masivos.<\/li>\n<li><strong>Defensa<\/strong>, con aplicaciones en comunicaciones seguras y simulaciones estrat\u00e9gicas.<\/li>\n<\/ul>\n<p>Expertos se\u00f1alan que este tipo de avances tambi\u00e9n tendr\u00e1 repercusiones en la <strong>seguridad internacional<\/strong>, especialmente en el \u00e1mbito del cifrado de datos y la protecci\u00f3n de informaci\u00f3n sensible. Aunque la adopci\u00f3n masiva de esta tecnolog\u00eda a\u00fan necesita a\u00f1os de desarrollo, la presentaci\u00f3n de la Hanyuan-2 demuestra que la carrera cu\u00e1ntica global ha entrado en una nueva etapa de innovaci\u00f3n acelerada.<\/p>\n<p>China, con este logro, no solo reafirma su liderazgo en el terreno digital, sino que tambi\u00e9n env\u00eda un mensaje claro: la pr\u00f3xima generaci\u00f3n de computadoras cu\u00e1nticas ya no ser\u00e1 un concepto futurista, sino una realidad que empieza a tomar forma y que promete transformar la econom\u00eda, la ciencia y la geopol\u00edtica mundial.<\/p>\n","protected":false},"excerpt":{"rendered":"<p>La competencia global por dominar la computaci\u00f3n cu\u00e1ntica ha dado un nuevo salto con el anuncio de CAS Cold Atom Technology, empresa china que present\u00f3 oficialmente la Hanyuan-2, considerada la primera computadora cu\u00e1ntica de \u00e1tomos neutros con arquitectura de doble n\u00facleo. El lanzamiento, realizado en Wuhan, provincia de Hubei, marca un hito que podr\u00eda redefinir [&hellip;]<\/p>\n","protected":false},"author":1,"featured_media":395173,"comment_status":"closed","ping_status":"open","sticky":false,"template":"","format":"standard","meta":{"_acf_changed":false,"footnotes":""},"categories":[46],"tags":[],"class_list":["post-395172","post","type-post","status-publish","format-standard","has-post-thumbnail","category-ciencia-computacion"],"acf":{"antetitulo":""},"yoast_head":"<!-- This site is optimized with the Yoast SEO plugin v28.4 - https:\/\/yoast.com\/product\/yoast-seo-wordpress\/ -->\n<title>China lidera la carrera digital con la primera computadora cu\u00e1ntica de doble n\u00facleo del mundo - El Diario - Bolivia<\/title>\n<meta name=\"robots\" content=\"index, follow, max-snippet:-1, max-image-preview:large, max-video-preview:-1\" \/>\n<link rel=\"canonical\" href=\"https:\/\/www.eldiario.net\/portal\/2026\/05\/18\/china-lidera-la-carrera-digital-con-la-primera-computadora-cuantica-de-doble-nucleo-del-mundo\/\" \/>\n<meta property=\"og:locale\" content=\"es_ES\" \/>\n<meta property=\"og:type\" content=\"article\" \/>\n<meta property=\"og:title\" content=\"China lidera la carrera digital con la primera computadora cu\u00e1ntica de doble n\u00facleo del mundo - El Diario - Bolivia\" \/>\n<meta property=\"og:description\" content=\"La competencia global por dominar la computaci\u00f3n cu\u00e1ntica ha dado un nuevo salto con el anuncio de CAS Cold Atom Technology, empresa china que present\u00f3 oficialmente la Hanyuan-2, considerada la primera computadora cu\u00e1ntica de \u00e1tomos neutros con arquitectura de doble n\u00facleo. El lanzamiento, realizado en Wuhan, provincia de Hubei, marca un hito que podr\u00eda redefinir [&hellip;]\" \/>\n<meta property=\"og:url\" content=\"https:\/\/www.eldiario.net\/portal\/2026\/05\/18\/china-lidera-la-carrera-digital-con-la-primera-computadora-cuantica-de-doble-nucleo-del-mundo\/\" \/>\n<meta property=\"og:site_name\" content=\"El Diario - Bolivia\" \/>\n<meta property=\"article:publisher\" content=\"https:\/\/www.facebook.com\/eldiario.bolivia\/\" \/>\n<meta property=\"article:published_time\" content=\"2026-05-18T05:11:40+00:00\" \/>\n<meta property=\"og:image\" content=\"https:\/\/www.eldiario.net\/portal\/wp-content\/uploads\/2026\/05\/6-B-1-2.webp\" \/>\n\t<meta property=\"og:image:width\" content=\"827\" \/>\n\t<meta property=\"og:image:height\" content=\"479\" \/>\n\t<meta property=\"og:image:type\" content=\"image\/webp\" \/>\n<meta name=\"author\" content=\"Jeanette\" \/>\n<meta name=\"twitter:card\" content=\"summary_large_image\" \/>\n<meta name=\"twitter:creator\" content=\"@eldiario_net\" \/>\n<meta name=\"twitter:site\" content=\"@eldiario_net\" \/>\n<meta name=\"twitter:label1\" content=\"Escrito por\" \/>\n\t<meta name=\"twitter:data1\" content=\"Jeanette\" \/>\n\t<meta name=\"twitter:label2\" content=\"Tiempo de lectura\" \/>\n\t<meta name=\"twitter:data2\" content=\"4 minutos\" \/>\n<script type=\"application\/ld+json\" class=\"yoast-schema-graph\">{\"@context\":\"https:\\\/\\\/schema.org\",\"@graph\":[{\"@type\":\"Article\",\"@id\":\"https:\\\/\\\/www.eldiario.net\\\/portal\\\/2026\\\/05\\\/18\\\/china-lidera-la-carrera-digital-con-la-primera-computadora-cuantica-de-doble-nucleo-del-mundo\\\/#article\",\"isPartOf\":{\"@id\":\"https:\\\/\\\/www.eldiario.net\\\/portal\\\/2026\\\/05\\\/18\\\/china-lidera-la-carrera-digital-con-la-primera-computadora-cuantica-de-doble-nucleo-del-mundo\\\/\"},\"author\":{\"name\":\"Jeanette\",\"@id\":\"https:\\\/\\\/www.eldiario.net\\\/portal\\\/#\\\/schema\\\/person\\\/2c57cf2b7a7ae032e449e4c9b1019eac\"},\"headline\":\"China lidera la carrera digital con la primera computadora cu\u00e1ntica de doble n\u00facleo del mundo\",\"datePublished\":\"2026-05-18T05:11:40+00:00\",\"mainEntityOfPage\":{\"@id\":\"https:\\\/\\\/www.eldiario.net\\\/portal\\\/2026\\\/05\\\/18\\\/china-lidera-la-carrera-digital-con-la-primera-computadora-cuantica-de-doble-nucleo-del-mundo\\\/\"},\"wordCount\":741,\"publisher\":{\"@id\":\"https:\\\/\\\/www.eldiario.net\\\/portal\\\/#organization\"},\"image\":{\"@id\":\"https:\\\/\\\/www.eldiario.net\\\/portal\\\/2026\\\/05\\\/18\\\/china-lidera-la-carrera-digital-con-la-primera-computadora-cuantica-de-doble-nucleo-del-mundo\\\/#primaryimage\"},\"thumbnailUrl\":\"https:\\\/\\\/www.eldiario.net\\\/portal\\\/wp-content\\\/uploads\\\/2026\\\/05\\\/6-B-1-2.webp\",\"articleSection\":[\"Ciencia y Computaci\u00f3n\"],\"inLanguage\":\"es\"},{\"@type\":\"WebPage\",\"@id\":\"https:\\\/\\\/www.eldiario.net\\\/portal\\\/2026\\\/05\\\/18\\\/china-lidera-la-carrera-digital-con-la-primera-computadora-cuantica-de-doble-nucleo-del-mundo\\\/\",\"url\":\"https:\\\/\\\/www.eldiario.net\\\/portal\\\/2026\\\/05\\\/18\\\/china-lidera-la-carrera-digital-con-la-primera-computadora-cuantica-de-doble-nucleo-del-mundo\\\/\",\"name\":\"China lidera la carrera digital con la primera computadora cu\u00e1ntica de doble n\u00facleo del mundo - El Diario - Bolivia\",\"isPartOf\":{\"@id\":\"https:\\\/\\\/www.eldiario.net\\\/portal\\\/#website\"},\"primaryImageOfPage\":{\"@id\":\"https:\\\/\\\/www.eldiario.net\\\/portal\\\/2026\\\/05\\\/18\\\/china-lidera-la-carrera-digital-con-la-primera-computadora-cuantica-de-doble-nucleo-del-mundo\\\/#primaryimage\"},\"image\":{\"@id\":\"https:\\\/\\\/www.eldiario.net\\\/portal\\\/2026\\\/05\\\/18\\\/china-lidera-la-carrera-digital-con-la-primera-computadora-cuantica-de-doble-nucleo-del-mundo\\\/#primaryimage\"},\"thumbnailUrl\":\"https:\\\/\\\/www.eldiario.net\\\/portal\\\/wp-content\\\/uploads\\\/2026\\\/05\\\/6-B-1-2.webp\",\"datePublished\":\"2026-05-18T05:11:40+00:00\",\"breadcrumb\":{\"@id\":\"https:\\\/\\\/www.eldiario.net\\\/portal\\\/2026\\\/05\\\/18\\\/china-lidera-la-carrera-digital-con-la-primera-computadora-cuantica-de-doble-nucleo-del-mundo\\\/#breadcrumb\"},\"inLanguage\":\"es\",\"potentialAction\":[{\"@type\":\"ReadAction\",\"target\":[\"https:\\\/\\\/www.eldiario.net\\\/portal\\\/2026\\\/05\\\/18\\\/china-lidera-la-carrera-digital-con-la-primera-computadora-cuantica-de-doble-nucleo-del-mundo\\\/\"]}]},{\"@type\":\"ImageObject\",\"inLanguage\":\"es\",\"@id\":\"https:\\\/\\\/www.eldiario.net\\\/portal\\\/2026\\\/05\\\/18\\\/china-lidera-la-carrera-digital-con-la-primera-computadora-cuantica-de-doble-nucleo-del-mundo\\\/#primaryimage\",\"url\":\"https:\\\/\\\/www.eldiario.net\\\/portal\\\/wp-content\\\/uploads\\\/2026\\\/05\\\/6-B-1-2.webp\",\"contentUrl\":\"https:\\\/\\\/www.eldiario.net\\\/portal\\\/wp-content\\\/uploads\\\/2026\\\/05\\\/6-B-1-2.webp\",\"width\":827,\"height\":479},{\"@type\":\"BreadcrumbList\",\"@id\":\"https:\\\/\\\/www.eldiario.net\\\/portal\\\/2026\\\/05\\\/18\\\/china-lidera-la-carrera-digital-con-la-primera-computadora-cuantica-de-doble-nucleo-del-mundo\\\/#breadcrumb\",\"itemListElement\":[{\"@type\":\"ListItem\",\"position\":1,\"name\":\"Portada\",\"item\":\"https:\\\/\\\/www.eldiario.net\\\/portal\\\/\"},{\"@type\":\"ListItem\",\"position\":2,\"name\":\"China lidera la carrera digital con la primera computadora cu\u00e1ntica de doble n\u00facleo del mundo\"}]},{\"@type\":\"WebSite\",\"@id\":\"https:\\\/\\\/www.eldiario.net\\\/portal\\\/#website\",\"url\":\"https:\\\/\\\/www.eldiario.net\\\/portal\\\/\",\"name\":\"El Diario - Decano de la prensa nacional\",\"description\":\"El Diario - Decano de la prensa nacional\",\"publisher\":{\"@id\":\"https:\\\/\\\/www.eldiario.net\\\/portal\\\/#organization\"},\"potentialAction\":[{\"@type\":\"SearchAction\",\"target\":{\"@type\":\"EntryPoint\",\"urlTemplate\":\"https:\\\/\\\/www.eldiario.net\\\/portal\\\/?s={search_term_string}\"},\"query-input\":{\"@type\":\"PropertyValueSpecification\",\"valueRequired\":true,\"valueName\":\"search_term_string\"}}],\"inLanguage\":\"es\"},{\"@type\":\"Organization\",\"@id\":\"https:\\\/\\\/www.eldiario.net\\\/portal\\\/#organization\",\"name\":\"El Diario - Decano de la prensa nacional\",\"url\":\"https:\\\/\\\/www.eldiario.net\\\/portal\\\/\",\"logo\":{\"@type\":\"ImageObject\",\"inLanguage\":\"es\",\"@id\":\"https:\\\/\\\/www.eldiario.net\\\/portal\\\/#\\\/schema\\\/logo\\\/image\\\/\",\"url\":\"https:\\\/\\\/www.eldiario.net\\\/portal\\\/wp-content\\\/uploads\\\/2023\\\/07\\\/logo_ED.jpg\",\"contentUrl\":\"https:\\\/\\\/www.eldiario.net\\\/portal\\\/wp-content\\\/uploads\\\/2023\\\/07\\\/logo_ED.jpg\",\"width\":272,\"height\":52,\"caption\":\"El Diario - Decano de la prensa nacional\"},\"image\":{\"@id\":\"https:\\\/\\\/www.eldiario.net\\\/portal\\\/#\\\/schema\\\/logo\\\/image\\\/\"},\"sameAs\":[\"https:\\\/\\\/www.facebook.com\\\/eldiario.bolivia\\\/\",\"https:\\\/\\\/x.com\\\/eldiario_net\"]},{\"@type\":\"Person\",\"@id\":\"https:\\\/\\\/www.eldiario.net\\\/portal\\\/#\\\/schema\\\/person\\\/2c57cf2b7a7ae032e449e4c9b1019eac\",\"name\":\"Jeanette\",\"image\":{\"@type\":\"ImageObject\",\"inLanguage\":\"es\",\"@id\":\"https:\\\/\\\/secure.gravatar.com\\\/avatar\\\/3ea2118a5f7dad2b7138b1187a6b7ee55f160b9968b66013c3a3ef39dd7e5798?s=96&d=mm&r=g\",\"url\":\"https:\\\/\\\/secure.gravatar.com\\\/avatar\\\/3ea2118a5f7dad2b7138b1187a6b7ee55f160b9968b66013c3a3ef39dd7e5798?s=96&d=mm&r=g\",\"contentUrl\":\"https:\\\/\\\/secure.gravatar.com\\\/avatar\\\/3ea2118a5f7dad2b7138b1187a6b7ee55f160b9968b66013c3a3ef39dd7e5798?s=96&d=mm&r=g\",\"caption\":\"Jeanette\"},\"sameAs\":[\"https:\\\/\\\/www.eldiario.net\\\/portal\"],\"url\":\"https:\\\/\\\/www.eldiario.net\\\/portal\\\/author\\\/jeanette\\\/\"}]}<\/script>\n<!-- \/ Yoast SEO plugin. -->","yoast_head_json":{"title":"China lidera la carrera digital con la primera computadora cu\u00e1ntica de doble n\u00facleo del mundo - El Diario - Bolivia","robots":{"index":"index","follow":"follow","max-snippet":"max-snippet:-1","max-image-preview":"max-image-preview:large","max-video-preview":"max-video-preview:-1"},"canonical":"https:\/\/www.eldiario.net\/portal\/2026\/05\/18\/china-lidera-la-carrera-digital-con-la-primera-computadora-cuantica-de-doble-nucleo-del-mundo\/","og_locale":"es_ES","og_type":"article","og_title":"China lidera la carrera digital con la primera computadora cu\u00e1ntica de doble n\u00facleo del mundo - El Diario - Bolivia","og_description":"La competencia global por dominar la computaci\u00f3n cu\u00e1ntica ha dado un nuevo salto con el anuncio de CAS Cold Atom Technology, empresa china que present\u00f3 oficialmente la Hanyuan-2, considerada la primera computadora cu\u00e1ntica de \u00e1tomos neutros con arquitectura de doble n\u00facleo. El lanzamiento, realizado en Wuhan, provincia de Hubei, marca un hito que podr\u00eda redefinir [&hellip;]","og_url":"https:\/\/www.eldiario.net\/portal\/2026\/05\/18\/china-lidera-la-carrera-digital-con-la-primera-computadora-cuantica-de-doble-nucleo-del-mundo\/","og_site_name":"El Diario - Bolivia","article_publisher":"https:\/\/www.facebook.com\/eldiario.bolivia\/","article_published_time":"2026-05-18T05:11:40+00:00","og_image":[{"width":827,"height":479,"url":"https:\/\/www.eldiario.net\/portal\/wp-content\/uploads\/2026\/05\/6-B-1-2.webp","type":"image\/webp"}],"author":"Jeanette","twitter_card":"summary_large_image","twitter_creator":"@eldiario_net","twitter_site":"@eldiario_net","twitter_misc":{"Escrito por":"Jeanette","Tiempo de lectura":"4 minutos"},"schema":{"@context":"https:\/\/schema.org","@graph":[{"@type":"Article","@id":"https:\/\/www.eldiario.net\/portal\/2026\/05\/18\/china-lidera-la-carrera-digital-con-la-primera-computadora-cuantica-de-doble-nucleo-del-mundo\/#article","isPartOf":{"@id":"https:\/\/www.eldiario.net\/portal\/2026\/05\/18\/china-lidera-la-carrera-digital-con-la-primera-computadora-cuantica-de-doble-nucleo-del-mundo\/"},"author":{"name":"Jeanette","@id":"https:\/\/www.eldiario.net\/portal\/#\/schema\/person\/2c57cf2b7a7ae032e449e4c9b1019eac"},"headline":"China lidera la carrera digital con la primera computadora cu\u00e1ntica de doble n\u00facleo del mundo","datePublished":"2026-05-18T05:11:40+00:00","mainEntityOfPage":{"@id":"https:\/\/www.eldiario.net\/portal\/2026\/05\/18\/china-lidera-la-carrera-digital-con-la-primera-computadora-cuantica-de-doble-nucleo-del-mundo\/"},"wordCount":741,"publisher":{"@id":"https:\/\/www.eldiario.net\/portal\/#organization"},"image":{"@id":"https:\/\/www.eldiario.net\/portal\/2026\/05\/18\/china-lidera-la-carrera-digital-con-la-primera-computadora-cuantica-de-doble-nucleo-del-mundo\/#primaryimage"},"thumbnailUrl":"https:\/\/www.eldiario.net\/portal\/wp-content\/uploads\/2026\/05\/6-B-1-2.webp","articleSection":["Ciencia y Computaci\u00f3n"],"inLanguage":"es"},{"@type":"WebPage","@id":"https:\/\/www.eldiario.net\/portal\/2026\/05\/18\/china-lidera-la-carrera-digital-con-la-primera-computadora-cuantica-de-doble-nucleo-del-mundo\/","url":"https:\/\/www.eldiario.net\/portal\/2026\/05\/18\/china-lidera-la-carrera-digital-con-la-primera-computadora-cuantica-de-doble-nucleo-del-mundo\/","name":"China lidera la carrera digital con la primera computadora cu\u00e1ntica de doble n\u00facleo del mundo - El Diario - Bolivia","isPartOf":{"@id":"https:\/\/www.eldiario.net\/portal\/#website"},"primaryImageOfPage":{"@id":"https:\/\/www.eldiario.net\/portal\/2026\/05\/18\/china-lidera-la-carrera-digital-con-la-primera-computadora-cuantica-de-doble-nucleo-del-mundo\/#primaryimage"},"image":{"@id":"https:\/\/www.eldiario.net\/portal\/2026\/05\/18\/china-lidera-la-carrera-digital-con-la-primera-computadora-cuantica-de-doble-nucleo-del-mundo\/#primaryimage"},"thumbnailUrl":"https:\/\/www.eldiario.net\/portal\/wp-content\/uploads\/2026\/05\/6-B-1-2.webp","datePublished":"2026-05-18T05:11:40+00:00","breadcrumb":{"@id":"https:\/\/www.eldiario.net\/portal\/2026\/05\/18\/china-lidera-la-carrera-digital-con-la-primera-computadora-cuantica-de-doble-nucleo-del-mundo\/#breadcrumb"},"inLanguage":"es","potentialAction":[{"@type":"ReadAction","target":["https:\/\/www.eldiario.net\/portal\/2026\/05\/18\/china-lidera-la-carrera-digital-con-la-primera-computadora-cuantica-de-doble-nucleo-del-mundo\/"]}]},{"@type":"ImageObject","inLanguage":"es","@id":"https:\/\/www.eldiario.net\/portal\/2026\/05\/18\/china-lidera-la-carrera-digital-con-la-primera-computadora-cuantica-de-doble-nucleo-del-mundo\/#primaryimage","url":"https:\/\/www.eldiario.net\/portal\/wp-content\/uploads\/2026\/05\/6-B-1-2.webp","contentUrl":"https:\/\/www.eldiario.net\/portal\/wp-content\/uploads\/2026\/05\/6-B-1-2.webp","width":827,"height":479},{"@type":"BreadcrumbList","@id":"https:\/\/www.eldiario.net\/portal\/2026\/05\/18\/china-lidera-la-carrera-digital-con-la-primera-computadora-cuantica-de-doble-nucleo-del-mundo\/#breadcrumb","itemListElement":[{"@type":"ListItem","position":1,"name":"Portada","item":"https:\/\/www.eldiario.net\/portal\/"},{"@type":"ListItem","position":2,"name":"China lidera la carrera digital con la primera computadora cu\u00e1ntica de doble n\u00facleo del mundo"}]},{"@type":"WebSite","@id":"https:\/\/www.eldiario.net\/portal\/#website","url":"https:\/\/www.eldiario.net\/portal\/","name":"El Diario - Decano de la prensa nacional","description":"El Diario - Decano de la prensa nacional","publisher":{"@id":"https:\/\/www.eldiario.net\/portal\/#organization"},"potentialAction":[{"@type":"SearchAction","target":{"@type":"EntryPoint","urlTemplate":"https:\/\/www.eldiario.net\/portal\/?s={search_term_string}"},"query-input":{"@type":"PropertyValueSpecification","valueRequired":true,"valueName":"search_term_string"}}],"inLanguage":"es"},{"@type":"Organization","@id":"https:\/\/www.eldiario.net\/portal\/#organization","name":"El Diario - Decano de la prensa nacional","url":"https:\/\/www.eldiario.net\/portal\/","logo":{"@type":"ImageObject","inLanguage":"es","@id":"https:\/\/www.eldiario.net\/portal\/#\/schema\/logo\/image\/","url":"https:\/\/www.eldiario.net\/portal\/wp-content\/uploads\/2023\/07\/logo_ED.jpg","contentUrl":"https:\/\/www.eldiario.net\/portal\/wp-content\/uploads\/2023\/07\/logo_ED.jpg","width":272,"height":52,"caption":"El Diario - Decano de la prensa nacional"},"image":{"@id":"https:\/\/www.eldiario.net\/portal\/#\/schema\/logo\/image\/"},"sameAs":["https:\/\/www.facebook.com\/eldiario.bolivia\/","https:\/\/x.com\/eldiario_net"]},{"@type":"Person","@id":"https:\/\/www.eldiario.net\/portal\/#\/schema\/person\/2c57cf2b7a7ae032e449e4c9b1019eac","name":"Jeanette","image":{"@type":"ImageObject","inLanguage":"es","@id":"https:\/\/secure.gravatar.com\/avatar\/3ea2118a5f7dad2b7138b1187a6b7ee55f160b9968b66013c3a3ef39dd7e5798?s=96&d=mm&r=g","url":"https:\/\/secure.gravatar.com\/avatar\/3ea2118a5f7dad2b7138b1187a6b7ee55f160b9968b66013c3a3ef39dd7e5798?s=96&d=mm&r=g","contentUrl":"https:\/\/secure.gravatar.com\/avatar\/3ea2118a5f7dad2b7138b1187a6b7ee55f160b9968b66013c3a3ef39dd7e5798?s=96&d=mm&r=g","caption":"Jeanette"},"sameAs":["https:\/\/www.eldiario.net\/portal"],"url":"https:\/\/www.eldiario.net\/portal\/author\/jeanette\/"}]}},"_links":{"self":[{"href":"https:\/\/www.eldiario.net\/portal\/wp-json\/wp\/v2\/posts\/395172","targetHints":{"allow":["GET"]}}],"collection":[{"href":"https:\/\/www.eldiario.net\/portal\/wp-json\/wp\/v2\/posts"}],"about":[{"href":"https:\/\/www.eldiario.net\/portal\/wp-json\/wp\/v2\/types\/post"}],"author":[{"embeddable":true,"href":"https:\/\/www.eldiario.net\/portal\/wp-json\/wp\/v2\/users\/1"}],"replies":[{"embeddable":true,"href":"https:\/\/www.eldiario.net\/portal\/wp-json\/wp\/v2\/comments?post=395172"}],"version-history":[{"count":1,"href":"https:\/\/www.eldiario.net\/portal\/wp-json\/wp\/v2\/posts\/395172\/revisions"}],"predecessor-version":[{"id":395174,"href":"https:\/\/www.eldiario.net\/portal\/wp-json\/wp\/v2\/posts\/395172\/revisions\/395174"}],"wp:featuredmedia":[{"embeddable":true,"href":"https:\/\/www.eldiario.net\/portal\/wp-json\/wp\/v2\/media\/395173"}],"wp:attachment":[{"href":"https:\/\/www.eldiario.net\/portal\/wp-json\/wp\/v2\/media?parent=395172"}],"wp:term":[{"taxonomy":"category","embeddable":true,"href":"https:\/\/www.eldiario.net\/portal\/wp-json\/wp\/v2\/categories?post=395172"},{"taxonomy":"post_tag","embeddable":true,"href":"https:\/\/www.eldiario.net\/portal\/wp-json\/wp\/v2\/tags?post=395172"}],"curies":[{"name":"wp","href":"https:\/\/api.w.org\/{rel}","templated":true}]}}