{"id":395163,"date":"2026-05-18T01:07:24","date_gmt":"2026-05-18T05:07:24","guid":{"rendered":"https:\/\/www.eldiario.net\/portal\/?p=395163"},"modified":"2026-05-17T09:07:58","modified_gmt":"2026-05-17T13:07:58","slug":"controla-el-brillo-color-y-contraste-de-tu-monitor-desde-la-barra-de-tareas-en-windows","status":"publish","type":"post","link":"https:\/\/www.eldiario.net\/portal\/2026\/05\/18\/controla-el-brillo-color-y-contraste-de-tu-monitor-desde-la-barra-de-tareas-en-windows\/","title":{"rendered":"Controla el brillo, color y contraste de tu monitor desde la barra de tareas en Windows"},"content":{"rendered":"<p>Windows 11 es un sistema operativo bastante completo, pero muchos usuarios echan en falta funciones que faciliten tareas cotidianas. Para cubrir esas necesidades, Microsoft ofrece <strong>PowerToys<\/strong>, una suite gratuita y de c\u00f3digo abierto que a\u00f1ade herramientas adicionales y mejora las ya existentes.<\/p>\n<p>Entre sus novedades m\u00e1s recientes destaca una funci\u00f3n pensada para uno de los componentes m\u00e1s importantes de la computadora: la pantalla. Gracias a la \u00faltima versi\u00f3n de PowerToys, ahora es posible <strong>ajustar par\u00e1metros del monitor directamente desde la barra de tareas<\/strong>, sin necesidad de recurrir a los botones f\u00edsicos del dispositivo ni a los men\u00fas de configuraci\u00f3n del sistema.<\/p>\n<p><strong>Power Display: la nueva herramienta de PowerToys<\/strong><\/p>\n<p>La versi\u00f3n <strong>0.99.1 de PowerToys<\/strong> incorpora una utilidad llamada <strong>Power Display<\/strong>, que permite controlar aspectos como el brillo, el contraste o la temperatura del color desde un icono en la bandeja del sistema.<\/p>\n<p>El funcionamiento es sencillo:<\/p>\n<ol>\n<li>Instala la \u00faltima versi\u00f3n de PowerToys.<\/li>\n<li>Abre la suite y, en el panel izquierdo, selecciona <strong>Power Display<\/strong>.<\/li>\n<li>Activa la funci\u00f3n en el panel derecho. Por defecto, la opci\u00f3n <em>Mostrar icono en la bandeja del sistema<\/em> ya viene habilitada.<\/li>\n<li>Una vez activada, aparecer\u00e1 un nuevo icono en la bandeja del sistema con los controles disponibles para tu monitor.<\/li>\n<\/ol>\n<p><strong>Qu\u00e9 se puede ajustar desde la barra de tareas<\/strong><\/p>\n<p>Los controles que aparecen dependen del monitor conectado, pero como m\u00ednimo se incluye un <strong>control deslizante para el brillo<\/strong>. Adem\u00e1s, en muchos casos tambi\u00e9n se pueden modificar:<\/p>\n<ul>\n<li>Contraste.<\/li>\n<li>Temperatura del color.<\/li>\n<li>Rotaci\u00f3n de la pantalla.<\/li>\n<li>Volumen.<\/li>\n<\/ul>\n<p>Otra ventaja es que <strong>Power Display detecta varios monitores<\/strong> y permite configurar cada uno de ellos de manera independiente, mostrando los controles deslizantes correspondientes.<\/p>\n<p><strong>Una mejora pr\u00e1ctica para el d\u00eda a d\u00eda<\/strong><\/p>\n<p>Hasta ahora, cambiar el brillo o el contraste del monitor implicaba buscar los botones f\u00edsicos del dispositivo o navegar por las opciones de configuraci\u00f3n de Windows. Con Power Display, esos ajustes se realizan en segundos desde la barra de tareas, lo que agiliza el trabajo y evita interrupciones innecesarias.<\/p>\n<p>En definitiva, esta nueva funci\u00f3n convierte a PowerToys en una herramienta a\u00fan m\u00e1s \u00fatil para quienes buscan personalizar y optimizar su experiencia en Windows 11. Con un simple clic en la bandeja del sistema, los usuarios pueden controlar su monitor de forma r\u00e1pida, c\u00f3moda y sin complicaciones.<\/p>\n<p>&nbsp;<\/p>\n","protected":false},"excerpt":{"rendered":"<p>Windows 11 es un sistema operativo bastante completo, pero muchos usuarios echan en falta funciones que faciliten tareas cotidianas. Para cubrir esas necesidades, Microsoft ofrece PowerToys, una suite gratuita y de c\u00f3digo abierto que a\u00f1ade herramientas adicionales y mejora las ya existentes. Entre sus novedades m\u00e1s recientes destaca una funci\u00f3n pensada para uno de los [&hellip;]<\/p>\n","protected":false},"author":1,"featured_media":395164,"comment_status":"closed","ping_status":"open","sticky":false,"template":"","format":"standard","meta":{"_acf_changed":false,"footnotes":""},"categories":[46],"tags":[],"class_list":["post-395163","post","type-post","status-publish","format-standard","has-post-thumbnail","category-ciencia-computacion"],"acf":{"antetitulo":""},"yoast_head":"<!-- This site is optimized with the Yoast SEO plugin v28.4 - https:\/\/yoast.com\/product\/yoast-seo-wordpress\/ -->\n<title>Controla el brillo, color y contraste de tu monitor desde la barra de tareas en Windows - El Diario - Bolivia<\/title>\n<meta name=\"robots\" content=\"index, follow, max-snippet:-1, max-image-preview:large, max-video-preview:-1\" \/>\n<link rel=\"canonical\" href=\"https:\/\/www.eldiario.net\/portal\/2026\/05\/18\/controla-el-brillo-color-y-contraste-de-tu-monitor-desde-la-barra-de-tareas-en-windows\/\" \/>\n<meta property=\"og:locale\" content=\"es_ES\" \/>\n<meta property=\"og:type\" content=\"article\" \/>\n<meta property=\"og:title\" content=\"Controla el brillo, color y contraste de tu monitor desde la barra de tareas en Windows - El Diario - Bolivia\" \/>\n<meta property=\"og:description\" content=\"Windows 11 es un sistema operativo bastante completo, pero muchos usuarios echan en falta funciones que faciliten tareas cotidianas. Para cubrir esas necesidades, Microsoft ofrece PowerToys, una suite gratuita y de c\u00f3digo abierto que a\u00f1ade herramientas adicionales y mejora las ya existentes. Entre sus novedades m\u00e1s recientes destaca una funci\u00f3n pensada para uno de los [&hellip;]\" \/>\n<meta property=\"og:url\" content=\"https:\/\/www.eldiario.net\/portal\/2026\/05\/18\/controla-el-brillo-color-y-contraste-de-tu-monitor-desde-la-barra-de-tareas-en-windows\/\" \/>\n<meta property=\"og:site_name\" content=\"El Diario - Bolivia\" \/>\n<meta property=\"article:publisher\" content=\"https:\/\/www.facebook.com\/eldiario.bolivia\/\" \/>\n<meta property=\"article:published_time\" content=\"2026-05-18T05:07:24+00:00\" \/>\n<meta property=\"og:image\" content=\"https:\/\/www.eldiario.net\/portal\/wp-content\/uploads\/2026\/05\/3-B-1-1.webp\" \/>\n\t<meta property=\"og:image:width\" content=\"884\" \/>\n\t<meta property=\"og:image:height\" content=\"568\" \/>\n\t<meta property=\"og:image:type\" content=\"image\/webp\" \/>\n<meta name=\"author\" content=\"Jeanette\" \/>\n<meta name=\"twitter:card\" content=\"summary_large_image\" \/>\n<meta name=\"twitter:creator\" content=\"@eldiario_net\" \/>\n<meta name=\"twitter:site\" content=\"@eldiario_net\" \/>\n<meta name=\"twitter:label1\" content=\"Escrito por\" \/>\n\t<meta name=\"twitter:data1\" content=\"Jeanette\" \/>\n\t<meta name=\"twitter:label2\" content=\"Tiempo de lectura\" \/>\n\t<meta name=\"twitter:data2\" content=\"2 minutos\" \/>\n<script type=\"application\/ld+json\" class=\"yoast-schema-graph\">{\"@context\":\"https:\\\/\\\/schema.org\",\"@graph\":[{\"@type\":\"Article\",\"@id\":\"https:\\\/\\\/www.eldiario.net\\\/portal\\\/2026\\\/05\\\/18\\\/controla-el-brillo-color-y-contraste-de-tu-monitor-desde-la-barra-de-tareas-en-windows\\\/#article\",\"isPartOf\":{\"@id\":\"https:\\\/\\\/www.eldiario.net\\\/portal\\\/2026\\\/05\\\/18\\\/controla-el-brillo-color-y-contraste-de-tu-monitor-desde-la-barra-de-tareas-en-windows\\\/\"},\"author\":{\"name\":\"Jeanette\",\"@id\":\"https:\\\/\\\/www.eldiario.net\\\/portal\\\/#\\\/schema\\\/person\\\/2c57cf2b7a7ae032e449e4c9b1019eac\"},\"headline\":\"Controla el brillo, color y contraste de tu monitor desde la barra de tareas en Windows\",\"datePublished\":\"2026-05-18T05:07:24+00:00\",\"mainEntityOfPage\":{\"@id\":\"https:\\\/\\\/www.eldiario.net\\\/portal\\\/2026\\\/05\\\/18\\\/controla-el-brillo-color-y-contraste-de-tu-monitor-desde-la-barra-de-tareas-en-windows\\\/\"},\"wordCount\":417,\"publisher\":{\"@id\":\"https:\\\/\\\/www.eldiario.net\\\/portal\\\/#organization\"},\"image\":{\"@id\":\"https:\\\/\\\/www.eldiario.net\\\/portal\\\/2026\\\/05\\\/18\\\/controla-el-brillo-color-y-contraste-de-tu-monitor-desde-la-barra-de-tareas-en-windows\\\/#primaryimage\"},\"thumbnailUrl\":\"https:\\\/\\\/www.eldiario.net\\\/portal\\\/wp-content\\\/uploads\\\/2026\\\/05\\\/3-B-1-1.webp\",\"articleSection\":[\"Ciencia y Computaci\u00f3n\"],\"inLanguage\":\"es\"},{\"@type\":\"WebPage\",\"@id\":\"https:\\\/\\\/www.eldiario.net\\\/portal\\\/2026\\\/05\\\/18\\\/controla-el-brillo-color-y-contraste-de-tu-monitor-desde-la-barra-de-tareas-en-windows\\\/\",\"url\":\"https:\\\/\\\/www.eldiario.net\\\/portal\\\/2026\\\/05\\\/18\\\/controla-el-brillo-color-y-contraste-de-tu-monitor-desde-la-barra-de-tareas-en-windows\\\/\",\"name\":\"Controla el brillo, color y contraste de tu monitor desde la barra de tareas en Windows - El Diario - Bolivia\",\"isPartOf\":{\"@id\":\"https:\\\/\\\/www.eldiario.net\\\/portal\\\/#website\"},\"primaryImageOfPage\":{\"@id\":\"https:\\\/\\\/www.eldiario.net\\\/portal\\\/2026\\\/05\\\/18\\\/controla-el-brillo-color-y-contraste-de-tu-monitor-desde-la-barra-de-tareas-en-windows\\\/#primaryimage\"},\"image\":{\"@id\":\"https:\\\/\\\/www.eldiario.net\\\/portal\\\/2026\\\/05\\\/18\\\/controla-el-brillo-color-y-contraste-de-tu-monitor-desde-la-barra-de-tareas-en-windows\\\/#primaryimage\"},\"thumbnailUrl\":\"https:\\\/\\\/www.eldiario.net\\\/portal\\\/wp-content\\\/uploads\\\/2026\\\/05\\\/3-B-1-1.webp\",\"datePublished\":\"2026-05-18T05:07:24+00:00\",\"breadcrumb\":{\"@id\":\"https:\\\/\\\/www.eldiario.net\\\/portal\\\/2026\\\/05\\\/18\\\/controla-el-brillo-color-y-contraste-de-tu-monitor-desde-la-barra-de-tareas-en-windows\\\/#breadcrumb\"},\"inLanguage\":\"es\",\"potentialAction\":[{\"@type\":\"ReadAction\",\"target\":[\"https:\\\/\\\/www.eldiario.net\\\/portal\\\/2026\\\/05\\\/18\\\/controla-el-brillo-color-y-contraste-de-tu-monitor-desde-la-barra-de-tareas-en-windows\\\/\"]}]},{\"@type\":\"ImageObject\",\"inLanguage\":\"es\",\"@id\":\"https:\\\/\\\/www.eldiario.net\\\/portal\\\/2026\\\/05\\\/18\\\/controla-el-brillo-color-y-contraste-de-tu-monitor-desde-la-barra-de-tareas-en-windows\\\/#primaryimage\",\"url\":\"https:\\\/\\\/www.eldiario.net\\\/portal\\\/wp-content\\\/uploads\\\/2026\\\/05\\\/3-B-1-1.webp\",\"contentUrl\":\"https:\\\/\\\/www.eldiario.net\\\/portal\\\/wp-content\\\/uploads\\\/2026\\\/05\\\/3-B-1-1.webp\",\"width\":884,\"height\":568},{\"@type\":\"BreadcrumbList\",\"@id\":\"https:\\\/\\\/www.eldiario.net\\\/portal\\\/2026\\\/05\\\/18\\\/controla-el-brillo-color-y-contraste-de-tu-monitor-desde-la-barra-de-tareas-en-windows\\\/#breadcrumb\",\"itemListElement\":[{\"@type\":\"ListItem\",\"position\":1,\"name\":\"Portada\",\"item\":\"https:\\\/\\\/www.eldiario.net\\\/portal\\\/\"},{\"@type\":\"ListItem\",\"position\":2,\"name\":\"Controla el brillo, color y contraste de tu monitor desde la barra de tareas en Windows\"}]},{\"@type\":\"WebSite\",\"@id\":\"https:\\\/\\\/www.eldiario.net\\\/portal\\\/#website\",\"url\":\"https:\\\/\\\/www.eldiario.net\\\/portal\\\/\",\"name\":\"El Diario - Decano de la prensa nacional\",\"description\":\"El Diario - Decano de la prensa nacional\",\"publisher\":{\"@id\":\"https:\\\/\\\/www.eldiario.net\\\/portal\\\/#organization\"},\"potentialAction\":[{\"@type\":\"SearchAction\",\"target\":{\"@type\":\"EntryPoint\",\"urlTemplate\":\"https:\\\/\\\/www.eldiario.net\\\/portal\\\/?s={search_term_string}\"},\"query-input\":{\"@type\":\"PropertyValueSpecification\",\"valueRequired\":true,\"valueName\":\"search_term_string\"}}],\"inLanguage\":\"es\"},{\"@type\":\"Organization\",\"@id\":\"https:\\\/\\\/www.eldiario.net\\\/portal\\\/#organization\",\"name\":\"El Diario - Decano de la prensa nacional\",\"url\":\"https:\\\/\\\/www.eldiario.net\\\/portal\\\/\",\"logo\":{\"@type\":\"ImageObject\",\"inLanguage\":\"es\",\"@id\":\"https:\\\/\\\/www.eldiario.net\\\/portal\\\/#\\\/schema\\\/logo\\\/image\\\/\",\"url\":\"https:\\\/\\\/www.eldiario.net\\\/portal\\\/wp-content\\\/uploads\\\/2023\\\/07\\\/logo_ED.jpg\",\"contentUrl\":\"https:\\\/\\\/www.eldiario.net\\\/portal\\\/wp-content\\\/uploads\\\/2023\\\/07\\\/logo_ED.jpg\",\"width\":272,\"height\":52,\"caption\":\"El Diario - Decano de la prensa nacional\"},\"image\":{\"@id\":\"https:\\\/\\\/www.eldiario.net\\\/portal\\\/#\\\/schema\\\/logo\\\/image\\\/\"},\"sameAs\":[\"https:\\\/\\\/www.facebook.com\\\/eldiario.bolivia\\\/\",\"https:\\\/\\\/x.com\\\/eldiario_net\"]},{\"@type\":\"Person\",\"@id\":\"https:\\\/\\\/www.eldiario.net\\\/portal\\\/#\\\/schema\\\/person\\\/2c57cf2b7a7ae032e449e4c9b1019eac\",\"name\":\"Jeanette\",\"image\":{\"@type\":\"ImageObject\",\"inLanguage\":\"es\",\"@id\":\"https:\\\/\\\/secure.gravatar.com\\\/avatar\\\/3ea2118a5f7dad2b7138b1187a6b7ee55f160b9968b66013c3a3ef39dd7e5798?s=96&d=mm&r=g\",\"url\":\"https:\\\/\\\/secure.gravatar.com\\\/avatar\\\/3ea2118a5f7dad2b7138b1187a6b7ee55f160b9968b66013c3a3ef39dd7e5798?s=96&d=mm&r=g\",\"contentUrl\":\"https:\\\/\\\/secure.gravatar.com\\\/avatar\\\/3ea2118a5f7dad2b7138b1187a6b7ee55f160b9968b66013c3a3ef39dd7e5798?s=96&d=mm&r=g\",\"caption\":\"Jeanette\"},\"sameAs\":[\"https:\\\/\\\/www.eldiario.net\\\/portal\"],\"url\":\"https:\\\/\\\/www.eldiario.net\\\/portal\\\/author\\\/jeanette\\\/\"}]}<\/script>\n<!-- \/ Yoast SEO plugin. -->","yoast_head_json":{"title":"Controla el brillo, color y contraste de tu monitor desde la barra de tareas en Windows - El Diario - Bolivia","robots":{"index":"index","follow":"follow","max-snippet":"max-snippet:-1","max-image-preview":"max-image-preview:large","max-video-preview":"max-video-preview:-1"},"canonical":"https:\/\/www.eldiario.net\/portal\/2026\/05\/18\/controla-el-brillo-color-y-contraste-de-tu-monitor-desde-la-barra-de-tareas-en-windows\/","og_locale":"es_ES","og_type":"article","og_title":"Controla el brillo, color y contraste de tu monitor desde la barra de tareas en Windows - El Diario - Bolivia","og_description":"Windows 11 es un sistema operativo bastante completo, pero muchos usuarios echan en falta funciones que faciliten tareas cotidianas. Para cubrir esas necesidades, Microsoft ofrece PowerToys, una suite gratuita y de c\u00f3digo abierto que a\u00f1ade herramientas adicionales y mejora las ya existentes. Entre sus novedades m\u00e1s recientes destaca una funci\u00f3n pensada para uno de los [&hellip;]","og_url":"https:\/\/www.eldiario.net\/portal\/2026\/05\/18\/controla-el-brillo-color-y-contraste-de-tu-monitor-desde-la-barra-de-tareas-en-windows\/","og_site_name":"El Diario - Bolivia","article_publisher":"https:\/\/www.facebook.com\/eldiario.bolivia\/","article_published_time":"2026-05-18T05:07:24+00:00","og_image":[{"width":884,"height":568,"url":"https:\/\/www.eldiario.net\/portal\/wp-content\/uploads\/2026\/05\/3-B-1-1.webp","type":"image\/webp"}],"author":"Jeanette","twitter_card":"summary_large_image","twitter_creator":"@eldiario_net","twitter_site":"@eldiario_net","twitter_misc":{"Escrito por":"Jeanette","Tiempo de lectura":"2 minutos"},"schema":{"@context":"https:\/\/schema.org","@graph":[{"@type":"Article","@id":"https:\/\/www.eldiario.net\/portal\/2026\/05\/18\/controla-el-brillo-color-y-contraste-de-tu-monitor-desde-la-barra-de-tareas-en-windows\/#article","isPartOf":{"@id":"https:\/\/www.eldiario.net\/portal\/2026\/05\/18\/controla-el-brillo-color-y-contraste-de-tu-monitor-desde-la-barra-de-tareas-en-windows\/"},"author":{"name":"Jeanette","@id":"https:\/\/www.eldiario.net\/portal\/#\/schema\/person\/2c57cf2b7a7ae032e449e4c9b1019eac"},"headline":"Controla el brillo, color y contraste de tu monitor desde la barra de tareas en Windows","datePublished":"2026-05-18T05:07:24+00:00","mainEntityOfPage":{"@id":"https:\/\/www.eldiario.net\/portal\/2026\/05\/18\/controla-el-brillo-color-y-contraste-de-tu-monitor-desde-la-barra-de-tareas-en-windows\/"},"wordCount":417,"publisher":{"@id":"https:\/\/www.eldiario.net\/portal\/#organization"},"image":{"@id":"https:\/\/www.eldiario.net\/portal\/2026\/05\/18\/controla-el-brillo-color-y-contraste-de-tu-monitor-desde-la-barra-de-tareas-en-windows\/#primaryimage"},"thumbnailUrl":"https:\/\/www.eldiario.net\/portal\/wp-content\/uploads\/2026\/05\/3-B-1-1.webp","articleSection":["Ciencia y Computaci\u00f3n"],"inLanguage":"es"},{"@type":"WebPage","@id":"https:\/\/www.eldiario.net\/portal\/2026\/05\/18\/controla-el-brillo-color-y-contraste-de-tu-monitor-desde-la-barra-de-tareas-en-windows\/","url":"https:\/\/www.eldiario.net\/portal\/2026\/05\/18\/controla-el-brillo-color-y-contraste-de-tu-monitor-desde-la-barra-de-tareas-en-windows\/","name":"Controla el brillo, color y contraste de tu monitor desde la barra de tareas en Windows - El Diario - Bolivia","isPartOf":{"@id":"https:\/\/www.eldiario.net\/portal\/#website"},"primaryImageOfPage":{"@id":"https:\/\/www.eldiario.net\/portal\/2026\/05\/18\/controla-el-brillo-color-y-contraste-de-tu-monitor-desde-la-barra-de-tareas-en-windows\/#primaryimage"},"image":{"@id":"https:\/\/www.eldiario.net\/portal\/2026\/05\/18\/controla-el-brillo-color-y-contraste-de-tu-monitor-desde-la-barra-de-tareas-en-windows\/#primaryimage"},"thumbnailUrl":"https:\/\/www.eldiario.net\/portal\/wp-content\/uploads\/2026\/05\/3-B-1-1.webp","datePublished":"2026-05-18T05:07:24+00:00","breadcrumb":{"@id":"https:\/\/www.eldiario.net\/portal\/2026\/05\/18\/controla-el-brillo-color-y-contraste-de-tu-monitor-desde-la-barra-de-tareas-en-windows\/#breadcrumb"},"inLanguage":"es","potentialAction":[{"@type":"ReadAction","target":["https:\/\/www.eldiario.net\/portal\/2026\/05\/18\/controla-el-brillo-color-y-contraste-de-tu-monitor-desde-la-barra-de-tareas-en-windows\/"]}]},{"@type":"ImageObject","inLanguage":"es","@id":"https:\/\/www.eldiario.net\/portal\/2026\/05\/18\/controla-el-brillo-color-y-contraste-de-tu-monitor-desde-la-barra-de-tareas-en-windows\/#primaryimage","url":"https:\/\/www.eldiario.net\/portal\/wp-content\/uploads\/2026\/05\/3-B-1-1.webp","contentUrl":"https:\/\/www.eldiario.net\/portal\/wp-content\/uploads\/2026\/05\/3-B-1-1.webp","width":884,"height":568},{"@type":"BreadcrumbList","@id":"https:\/\/www.eldiario.net\/portal\/2026\/05\/18\/controla-el-brillo-color-y-contraste-de-tu-monitor-desde-la-barra-de-tareas-en-windows\/#breadcrumb","itemListElement":[{"@type":"ListItem","position":1,"name":"Portada","item":"https:\/\/www.eldiario.net\/portal\/"},{"@type":"ListItem","position":2,"name":"Controla el brillo, color y contraste de tu monitor desde la barra de tareas en Windows"}]},{"@type":"WebSite","@id":"https:\/\/www.eldiario.net\/portal\/#website","url":"https:\/\/www.eldiario.net\/portal\/","name":"El Diario - Decano de la prensa nacional","description":"El Diario - Decano de la prensa nacional","publisher":{"@id":"https:\/\/www.eldiario.net\/portal\/#organization"},"potentialAction":[{"@type":"SearchAction","target":{"@type":"EntryPoint","urlTemplate":"https:\/\/www.eldiario.net\/portal\/?s={search_term_string}"},"query-input":{"@type":"PropertyValueSpecification","valueRequired":true,"valueName":"search_term_string"}}],"inLanguage":"es"},{"@type":"Organization","@id":"https:\/\/www.eldiario.net\/portal\/#organization","name":"El Diario - Decano de la prensa nacional","url":"https:\/\/www.eldiario.net\/portal\/","logo":{"@type":"ImageObject","inLanguage":"es","@id":"https:\/\/www.eldiario.net\/portal\/#\/schema\/logo\/image\/","url":"https:\/\/www.eldiario.net\/portal\/wp-content\/uploads\/2023\/07\/logo_ED.jpg","contentUrl":"https:\/\/www.eldiario.net\/portal\/wp-content\/uploads\/2023\/07\/logo_ED.jpg","width":272,"height":52,"caption":"El Diario - Decano de la prensa nacional"},"image":{"@id":"https:\/\/www.eldiario.net\/portal\/#\/schema\/logo\/image\/"},"sameAs":["https:\/\/www.facebook.com\/eldiario.bolivia\/","https:\/\/x.com\/eldiario_net"]},{"@type":"Person","@id":"https:\/\/www.eldiario.net\/portal\/#\/schema\/person\/2c57cf2b7a7ae032e449e4c9b1019eac","name":"Jeanette","image":{"@type":"ImageObject","inLanguage":"es","@id":"https:\/\/secure.gravatar.com\/avatar\/3ea2118a5f7dad2b7138b1187a6b7ee55f160b9968b66013c3a3ef39dd7e5798?s=96&d=mm&r=g","url":"https:\/\/secure.gravatar.com\/avatar\/3ea2118a5f7dad2b7138b1187a6b7ee55f160b9968b66013c3a3ef39dd7e5798?s=96&d=mm&r=g","contentUrl":"https:\/\/secure.gravatar.com\/avatar\/3ea2118a5f7dad2b7138b1187a6b7ee55f160b9968b66013c3a3ef39dd7e5798?s=96&d=mm&r=g","caption":"Jeanette"},"sameAs":["https:\/\/www.eldiario.net\/portal"],"url":"https:\/\/www.eldiario.net\/portal\/author\/jeanette\/"}]}},"_links":{"self":[{"href":"https:\/\/www.eldiario.net\/portal\/wp-json\/wp\/v2\/posts\/395163","targetHints":{"allow":["GET"]}}],"collection":[{"href":"https:\/\/www.eldiario.net\/portal\/wp-json\/wp\/v2\/posts"}],"about":[{"href":"https:\/\/www.eldiario.net\/portal\/wp-json\/wp\/v2\/types\/post"}],"author":[{"embeddable":true,"href":"https:\/\/www.eldiario.net\/portal\/wp-json\/wp\/v2\/users\/1"}],"replies":[{"embeddable":true,"href":"https:\/\/www.eldiario.net\/portal\/wp-json\/wp\/v2\/comments?post=395163"}],"version-history":[{"count":1,"href":"https:\/\/www.eldiario.net\/portal\/wp-json\/wp\/v2\/posts\/395163\/revisions"}],"predecessor-version":[{"id":395165,"href":"https:\/\/www.eldiario.net\/portal\/wp-json\/wp\/v2\/posts\/395163\/revisions\/395165"}],"wp:featuredmedia":[{"embeddable":true,"href":"https:\/\/www.eldiario.net\/portal\/wp-json\/wp\/v2\/media\/395164"}],"wp:attachment":[{"href":"https:\/\/www.eldiario.net\/portal\/wp-json\/wp\/v2\/media?parent=395163"}],"wp:term":[{"taxonomy":"category","embeddable":true,"href":"https:\/\/www.eldiario.net\/portal\/wp-json\/wp\/v2\/categories?post=395163"},{"taxonomy":"post_tag","embeddable":true,"href":"https:\/\/www.eldiario.net\/portal\/wp-json\/wp\/v2\/tags?post=395163"}],"curies":[{"name":"wp","href":"https:\/\/api.w.org\/{rel}","templated":true}]}}