{"id":395160,"date":"2026-05-18T01:05:55","date_gmt":"2026-05-18T05:05:55","guid":{"rendered":"https:\/\/www.eldiario.net\/portal\/?p=395160"},"modified":"2026-05-17T09:06:46","modified_gmt":"2026-05-17T13:06:46","slug":"crossborder-connect-la-nueva-autopista-que-conecta-a-bolivia-con-los-pagos-globales","status":"publish","type":"post","link":"https:\/\/www.eldiario.net\/portal\/2026\/05\/18\/crossborder-connect-la-nueva-autopista-que-conecta-a-bolivia-con-los-pagos-globales\/","title":{"rendered":"Crossborder Connect: \u201cla nueva autopista\u201d que conecta a Bolivia con los pagos globales"},"content":{"rendered":"<p>En un contexto donde el acceso y circulaci\u00f3n de divisas se ha convertido en un factor cr\u00edtico para la econom\u00eda, S\u00edntesis S.A. present\u00f3 \u201cCrossborder Connect: La Nueva Autopista\u201d, una infraestructura de pagos que busca reducir fricciones en transacciones internacionales y facilitar el comercio hacia y desde\u00a0 pa\u00eds de forma m\u00e1s eficiente.<\/p>\n<p>La soluci\u00f3n permite que pagos generados en el exterior ingresen o salgan de Bolivia como operaciones locales, habilitando a comercios, empresas y sectores como turismo a recibir o pagar en bolivianos (BOB) sin necesidad de cuentas en el extranjero. Este enfoque reduce costos, acorta tiempos de liquidaci\u00f3n y simplifica procesos que tradicionalmente han limitado la competitividad de actores locales en mercados internacionales.<\/p>\n<p>A nivel ciudadano, el impacto se traduce en mayor acceso a pagos internacionales sin intermediaciones complejas: los turistas bolivianos en el exterior pueden pagar con sus\u00a0 plataformas bancarias o billeteras m\u00f3viles sin necesidad de efectivo escaneando QRs en Brasil, Argentina, Per\u00fa y Colombia.<\/p>\n<p>En el caso de turistas que visitan Bolivia, esta infraestructura permitir\u00e1 tambi\u00e9n que las personas extranjeras puedan pagar localmente desde sus cuentas bancarias en el exterior escaneando QRs en cualquier comercio en Bolivia. Esto sin la fricci\u00f3n de comprar divisas o activos digitales, sino simplemente con el saldo de su moneda local.<\/p>\n<p>Crossborder opera bajo tres esquemas:<\/p>\n<ul>\n<li><strong>Pay In:<\/strong> facilita que comercios bolivianos reciban pagos de extranjeros mediante QR internacionales, ampliando el ingreso de divisas en sectores como turismo y comercio.<\/li>\n<li><strong>Pay Out:<\/strong> permite a usuarios locales pagar en pa\u00edses como Brasil o Argentina directamente desde una cuenta en bolivianos, integrando sistemas como PIX y QR interoperable.<\/li>\n<li><strong>Bridge:<\/strong> conecta a actores fintech globales con el mercado boliviano mediante conversi\u00f3n automatizada a moneda local<\/li>\n<\/ul>\n<p>La infraestructura procesa transacciones en tiempo real e integra conciliaci\u00f3n automatizada, seguridad y cumplimiento normativo, elementos clave para escalar operaciones en el sistema financiero formal.<\/p>\n<p>Como parte de esta iniciativa, S\u00edntesis S.A. concret\u00f3 una alianza estrat\u00e9gica con Depay, empresa especializada en infraestructura de pagos regionales y soluciones crossborder en Latinoam\u00e9rica. La colaboraci\u00f3n fortalece la capacidad de integraci\u00f3n internacional de la plataforma y ampl\u00eda la interoperabilidad con sistemas de pagos regionales, QR transfronterizos y nuevos esquemas digitales de liquidaci\u00f3n.<\/p>\n<p>La alianza aporta valor al ecosistema boliviano al combinar la experiencia local de S\u00edntesis en recaudaci\u00f3n y pagos digitales con la infraestructura regional de Depay, permitiendo acelerar conexiones internacionales, simplificar integraciones y habilitar nuevas oportunidades de expansi\u00f3n para comercios, entidades financieras y plataformas digitales.<\/p>\n<p>\u201cEstamos abordando una limitaci\u00f3n estructural: la dificultad para mover dinero entre Bolivia y el resto del mundo. Esta infraestructura permite que las operaciones internacionales se integren al sistema local con mayor eficiencia\u201d, se\u00f1al\u00f3 Rony Garafulic Gerente General de S\u00edntesis S.A.<\/p>\n<p>Con este lanzamiento, S\u00edntesis introduce una infraestructura que no solo impacta en la operaci\u00f3n de pagos, sino que tambi\u00e9n puede incidir en variables econ\u00f3micas relevantes como la digitalizaci\u00f3n del flujo de dinero, la formalizaci\u00f3n de ingresos internacionales y la competitividad del comercio boliviano en el entorno global.<\/p>\n","protected":false},"excerpt":{"rendered":"<p>En un contexto donde el acceso y circulaci\u00f3n de divisas se ha convertido en un factor cr\u00edtico para la econom\u00eda, S\u00edntesis S.A. present\u00f3 \u201cCrossborder Connect: La Nueva Autopista\u201d, una infraestructura de pagos que busca reducir fricciones en transacciones internacionales y facilitar el comercio hacia y desde\u00a0 pa\u00eds de forma m\u00e1s eficiente. La soluci\u00f3n permite que [&hellip;]<\/p>\n","protected":false},"author":1,"featured_media":395161,"comment_status":"closed","ping_status":"open","sticky":false,"template":"","format":"standard","meta":{"_acf_changed":false,"footnotes":""},"categories":[46],"tags":[],"class_list":["post-395160","post","type-post","status-publish","format-standard","has-post-thumbnail","category-ciencia-computacion"],"acf":{"antetitulo":""},"yoast_head":"<!-- This site is optimized with the Yoast SEO plugin v28.4 - https:\/\/yoast.com\/product\/yoast-seo-wordpress\/ -->\n<title>Crossborder Connect: \u201cla nueva autopista\u201d que conecta a Bolivia con los pagos globales - El Diario - Bolivia<\/title>\n<meta name=\"robots\" content=\"index, follow, max-snippet:-1, max-image-preview:large, max-video-preview:-1\" \/>\n<link rel=\"canonical\" href=\"https:\/\/www.eldiario.net\/portal\/2026\/05\/18\/crossborder-connect-la-nueva-autopista-que-conecta-a-bolivia-con-los-pagos-globales\/\" \/>\n<meta property=\"og:locale\" content=\"es_ES\" \/>\n<meta property=\"og:type\" content=\"article\" \/>\n<meta property=\"og:title\" content=\"Crossborder Connect: \u201cla nueva autopista\u201d que conecta a Bolivia con los pagos globales - El Diario - Bolivia\" \/>\n<meta property=\"og:description\" content=\"En un contexto donde el acceso y circulaci\u00f3n de divisas se ha convertido en un factor cr\u00edtico para la econom\u00eda, S\u00edntesis S.A. present\u00f3 \u201cCrossborder Connect: La Nueva Autopista\u201d, una infraestructura de pagos que busca reducir fricciones en transacciones internacionales y facilitar el comercio hacia y desde\u00a0 pa\u00eds de forma m\u00e1s eficiente. La soluci\u00f3n permite que [&hellip;]\" \/>\n<meta property=\"og:url\" content=\"https:\/\/www.eldiario.net\/portal\/2026\/05\/18\/crossborder-connect-la-nueva-autopista-que-conecta-a-bolivia-con-los-pagos-globales\/\" \/>\n<meta property=\"og:site_name\" content=\"El Diario - Bolivia\" \/>\n<meta property=\"article:publisher\" content=\"https:\/\/www.facebook.com\/eldiario.bolivia\/\" \/>\n<meta property=\"article:published_time\" content=\"2026-05-18T05:05:55+00:00\" \/>\n<meta property=\"og:image\" content=\"https:\/\/www.eldiario.net\/portal\/wp-content\/uploads\/2026\/05\/8-B-1-1.webp\" \/>\n\t<meta property=\"og:image:width\" content=\"1280\" \/>\n\t<meta property=\"og:image:height\" content=\"854\" \/>\n\t<meta property=\"og:image:type\" content=\"image\/webp\" \/>\n<meta name=\"author\" content=\"Jeanette\" \/>\n<meta name=\"twitter:card\" content=\"summary_large_image\" \/>\n<meta name=\"twitter:creator\" content=\"@eldiario_net\" \/>\n<meta name=\"twitter:site\" content=\"@eldiario_net\" \/>\n<meta name=\"twitter:label1\" content=\"Escrito por\" \/>\n\t<meta name=\"twitter:data1\" content=\"Jeanette\" \/>\n\t<meta name=\"twitter:label2\" content=\"Tiempo de lectura\" \/>\n\t<meta name=\"twitter:data2\" content=\"3 minutos\" \/>\n<script type=\"application\/ld+json\" class=\"yoast-schema-graph\">{\"@context\":\"https:\\\/\\\/schema.org\",\"@graph\":[{\"@type\":\"Article\",\"@id\":\"https:\\\/\\\/www.eldiario.net\\\/portal\\\/2026\\\/05\\\/18\\\/crossborder-connect-la-nueva-autopista-que-conecta-a-bolivia-con-los-pagos-globales\\\/#article\",\"isPartOf\":{\"@id\":\"https:\\\/\\\/www.eldiario.net\\\/portal\\\/2026\\\/05\\\/18\\\/crossborder-connect-la-nueva-autopista-que-conecta-a-bolivia-con-los-pagos-globales\\\/\"},\"author\":{\"name\":\"Jeanette\",\"@id\":\"https:\\\/\\\/www.eldiario.net\\\/portal\\\/#\\\/schema\\\/person\\\/2c57cf2b7a7ae032e449e4c9b1019eac\"},\"headline\":\"Crossborder Connect: \u201cla nueva autopista\u201d que conecta a Bolivia con los pagos globales\",\"datePublished\":\"2026-05-18T05:05:55+00:00\",\"mainEntityOfPage\":{\"@id\":\"https:\\\/\\\/www.eldiario.net\\\/portal\\\/2026\\\/05\\\/18\\\/crossborder-connect-la-nueva-autopista-que-conecta-a-bolivia-con-los-pagos-globales\\\/\"},\"wordCount\":537,\"publisher\":{\"@id\":\"https:\\\/\\\/www.eldiario.net\\\/portal\\\/#organization\"},\"image\":{\"@id\":\"https:\\\/\\\/www.eldiario.net\\\/portal\\\/2026\\\/05\\\/18\\\/crossborder-connect-la-nueva-autopista-que-conecta-a-bolivia-con-los-pagos-globales\\\/#primaryimage\"},\"thumbnailUrl\":\"https:\\\/\\\/www.eldiario.net\\\/portal\\\/wp-content\\\/uploads\\\/2026\\\/05\\\/8-B-1-1.webp\",\"articleSection\":[\"Ciencia y Computaci\u00f3n\"],\"inLanguage\":\"es\"},{\"@type\":\"WebPage\",\"@id\":\"https:\\\/\\\/www.eldiario.net\\\/portal\\\/2026\\\/05\\\/18\\\/crossborder-connect-la-nueva-autopista-que-conecta-a-bolivia-con-los-pagos-globales\\\/\",\"url\":\"https:\\\/\\\/www.eldiario.net\\\/portal\\\/2026\\\/05\\\/18\\\/crossborder-connect-la-nueva-autopista-que-conecta-a-bolivia-con-los-pagos-globales\\\/\",\"name\":\"Crossborder Connect: \u201cla nueva autopista\u201d que conecta a Bolivia con los pagos globales - El Diario - Bolivia\",\"isPartOf\":{\"@id\":\"https:\\\/\\\/www.eldiario.net\\\/portal\\\/#website\"},\"primaryImageOfPage\":{\"@id\":\"https:\\\/\\\/www.eldiario.net\\\/portal\\\/2026\\\/05\\\/18\\\/crossborder-connect-la-nueva-autopista-que-conecta-a-bolivia-con-los-pagos-globales\\\/#primaryimage\"},\"image\":{\"@id\":\"https:\\\/\\\/www.eldiario.net\\\/portal\\\/2026\\\/05\\\/18\\\/crossborder-connect-la-nueva-autopista-que-conecta-a-bolivia-con-los-pagos-globales\\\/#primaryimage\"},\"thumbnailUrl\":\"https:\\\/\\\/www.eldiario.net\\\/portal\\\/wp-content\\\/uploads\\\/2026\\\/05\\\/8-B-1-1.webp\",\"datePublished\":\"2026-05-18T05:05:55+00:00\",\"breadcrumb\":{\"@id\":\"https:\\\/\\\/www.eldiario.net\\\/portal\\\/2026\\\/05\\\/18\\\/crossborder-connect-la-nueva-autopista-que-conecta-a-bolivia-con-los-pagos-globales\\\/#breadcrumb\"},\"inLanguage\":\"es\",\"potentialAction\":[{\"@type\":\"ReadAction\",\"target\":[\"https:\\\/\\\/www.eldiario.net\\\/portal\\\/2026\\\/05\\\/18\\\/crossborder-connect-la-nueva-autopista-que-conecta-a-bolivia-con-los-pagos-globales\\\/\"]}]},{\"@type\":\"ImageObject\",\"inLanguage\":\"es\",\"@id\":\"https:\\\/\\\/www.eldiario.net\\\/portal\\\/2026\\\/05\\\/18\\\/crossborder-connect-la-nueva-autopista-que-conecta-a-bolivia-con-los-pagos-globales\\\/#primaryimage\",\"url\":\"https:\\\/\\\/www.eldiario.net\\\/portal\\\/wp-content\\\/uploads\\\/2026\\\/05\\\/8-B-1-1.webp\",\"contentUrl\":\"https:\\\/\\\/www.eldiario.net\\\/portal\\\/wp-content\\\/uploads\\\/2026\\\/05\\\/8-B-1-1.webp\",\"width\":1280,\"height\":854},{\"@type\":\"BreadcrumbList\",\"@id\":\"https:\\\/\\\/www.eldiario.net\\\/portal\\\/2026\\\/05\\\/18\\\/crossborder-connect-la-nueva-autopista-que-conecta-a-bolivia-con-los-pagos-globales\\\/#breadcrumb\",\"itemListElement\":[{\"@type\":\"ListItem\",\"position\":1,\"name\":\"Portada\",\"item\":\"https:\\\/\\\/www.eldiario.net\\\/portal\\\/\"},{\"@type\":\"ListItem\",\"position\":2,\"name\":\"Crossborder Connect: \u201cla nueva autopista\u201d que conecta a Bolivia con los pagos globales\"}]},{\"@type\":\"WebSite\",\"@id\":\"https:\\\/\\\/www.eldiario.net\\\/portal\\\/#website\",\"url\":\"https:\\\/\\\/www.eldiario.net\\\/portal\\\/\",\"name\":\"El Diario - Decano de la prensa nacional\",\"description\":\"El Diario - Decano de la prensa nacional\",\"publisher\":{\"@id\":\"https:\\\/\\\/www.eldiario.net\\\/portal\\\/#organization\"},\"potentialAction\":[{\"@type\":\"SearchAction\",\"target\":{\"@type\":\"EntryPoint\",\"urlTemplate\":\"https:\\\/\\\/www.eldiario.net\\\/portal\\\/?s={search_term_string}\"},\"query-input\":{\"@type\":\"PropertyValueSpecification\",\"valueRequired\":true,\"valueName\":\"search_term_string\"}}],\"inLanguage\":\"es\"},{\"@type\":\"Organization\",\"@id\":\"https:\\\/\\\/www.eldiario.net\\\/portal\\\/#organization\",\"name\":\"El Diario - Decano de la prensa nacional\",\"url\":\"https:\\\/\\\/www.eldiario.net\\\/portal\\\/\",\"logo\":{\"@type\":\"ImageObject\",\"inLanguage\":\"es\",\"@id\":\"https:\\\/\\\/www.eldiario.net\\\/portal\\\/#\\\/schema\\\/logo\\\/image\\\/\",\"url\":\"https:\\\/\\\/www.eldiario.net\\\/portal\\\/wp-content\\\/uploads\\\/2023\\\/07\\\/logo_ED.jpg\",\"contentUrl\":\"https:\\\/\\\/www.eldiario.net\\\/portal\\\/wp-content\\\/uploads\\\/2023\\\/07\\\/logo_ED.jpg\",\"width\":272,\"height\":52,\"caption\":\"El Diario - Decano de la prensa nacional\"},\"image\":{\"@id\":\"https:\\\/\\\/www.eldiario.net\\\/portal\\\/#\\\/schema\\\/logo\\\/image\\\/\"},\"sameAs\":[\"https:\\\/\\\/www.facebook.com\\\/eldiario.bolivia\\\/\",\"https:\\\/\\\/x.com\\\/eldiario_net\"]},{\"@type\":\"Person\",\"@id\":\"https:\\\/\\\/www.eldiario.net\\\/portal\\\/#\\\/schema\\\/person\\\/2c57cf2b7a7ae032e449e4c9b1019eac\",\"name\":\"Jeanette\",\"image\":{\"@type\":\"ImageObject\",\"inLanguage\":\"es\",\"@id\":\"https:\\\/\\\/secure.gravatar.com\\\/avatar\\\/3ea2118a5f7dad2b7138b1187a6b7ee55f160b9968b66013c3a3ef39dd7e5798?s=96&d=mm&r=g\",\"url\":\"https:\\\/\\\/secure.gravatar.com\\\/avatar\\\/3ea2118a5f7dad2b7138b1187a6b7ee55f160b9968b66013c3a3ef39dd7e5798?s=96&d=mm&r=g\",\"contentUrl\":\"https:\\\/\\\/secure.gravatar.com\\\/avatar\\\/3ea2118a5f7dad2b7138b1187a6b7ee55f160b9968b66013c3a3ef39dd7e5798?s=96&d=mm&r=g\",\"caption\":\"Jeanette\"},\"sameAs\":[\"https:\\\/\\\/www.eldiario.net\\\/portal\"],\"url\":\"https:\\\/\\\/www.eldiario.net\\\/portal\\\/author\\\/jeanette\\\/\"}]}<\/script>\n<!-- \/ Yoast SEO plugin. -->","yoast_head_json":{"title":"Crossborder Connect: \u201cla nueva autopista\u201d que conecta a Bolivia con los pagos globales - El Diario - Bolivia","robots":{"index":"index","follow":"follow","max-snippet":"max-snippet:-1","max-image-preview":"max-image-preview:large","max-video-preview":"max-video-preview:-1"},"canonical":"https:\/\/www.eldiario.net\/portal\/2026\/05\/18\/crossborder-connect-la-nueva-autopista-que-conecta-a-bolivia-con-los-pagos-globales\/","og_locale":"es_ES","og_type":"article","og_title":"Crossborder Connect: \u201cla nueva autopista\u201d que conecta a Bolivia con los pagos globales - El Diario - Bolivia","og_description":"En un contexto donde el acceso y circulaci\u00f3n de divisas se ha convertido en un factor cr\u00edtico para la econom\u00eda, S\u00edntesis S.A. present\u00f3 \u201cCrossborder Connect: La Nueva Autopista\u201d, una infraestructura de pagos que busca reducir fricciones en transacciones internacionales y facilitar el comercio hacia y desde\u00a0 pa\u00eds de forma m\u00e1s eficiente. La soluci\u00f3n permite que [&hellip;]","og_url":"https:\/\/www.eldiario.net\/portal\/2026\/05\/18\/crossborder-connect-la-nueva-autopista-que-conecta-a-bolivia-con-los-pagos-globales\/","og_site_name":"El Diario - Bolivia","article_publisher":"https:\/\/www.facebook.com\/eldiario.bolivia\/","article_published_time":"2026-05-18T05:05:55+00:00","og_image":[{"width":1280,"height":854,"url":"https:\/\/www.eldiario.net\/portal\/wp-content\/uploads\/2026\/05\/8-B-1-1.webp","type":"image\/webp"}],"author":"Jeanette","twitter_card":"summary_large_image","twitter_creator":"@eldiario_net","twitter_site":"@eldiario_net","twitter_misc":{"Escrito por":"Jeanette","Tiempo de lectura":"3 minutos"},"schema":{"@context":"https:\/\/schema.org","@graph":[{"@type":"Article","@id":"https:\/\/www.eldiario.net\/portal\/2026\/05\/18\/crossborder-connect-la-nueva-autopista-que-conecta-a-bolivia-con-los-pagos-globales\/#article","isPartOf":{"@id":"https:\/\/www.eldiario.net\/portal\/2026\/05\/18\/crossborder-connect-la-nueva-autopista-que-conecta-a-bolivia-con-los-pagos-globales\/"},"author":{"name":"Jeanette","@id":"https:\/\/www.eldiario.net\/portal\/#\/schema\/person\/2c57cf2b7a7ae032e449e4c9b1019eac"},"headline":"Crossborder Connect: \u201cla nueva autopista\u201d que conecta a Bolivia con los pagos globales","datePublished":"2026-05-18T05:05:55+00:00","mainEntityOfPage":{"@id":"https:\/\/www.eldiario.net\/portal\/2026\/05\/18\/crossborder-connect-la-nueva-autopista-que-conecta-a-bolivia-con-los-pagos-globales\/"},"wordCount":537,"publisher":{"@id":"https:\/\/www.eldiario.net\/portal\/#organization"},"image":{"@id":"https:\/\/www.eldiario.net\/portal\/2026\/05\/18\/crossborder-connect-la-nueva-autopista-que-conecta-a-bolivia-con-los-pagos-globales\/#primaryimage"},"thumbnailUrl":"https:\/\/www.eldiario.net\/portal\/wp-content\/uploads\/2026\/05\/8-B-1-1.webp","articleSection":["Ciencia y Computaci\u00f3n"],"inLanguage":"es"},{"@type":"WebPage","@id":"https:\/\/www.eldiario.net\/portal\/2026\/05\/18\/crossborder-connect-la-nueva-autopista-que-conecta-a-bolivia-con-los-pagos-globales\/","url":"https:\/\/www.eldiario.net\/portal\/2026\/05\/18\/crossborder-connect-la-nueva-autopista-que-conecta-a-bolivia-con-los-pagos-globales\/","name":"Crossborder Connect: \u201cla nueva autopista\u201d que conecta a Bolivia con los pagos globales - El Diario - Bolivia","isPartOf":{"@id":"https:\/\/www.eldiario.net\/portal\/#website"},"primaryImageOfPage":{"@id":"https:\/\/www.eldiario.net\/portal\/2026\/05\/18\/crossborder-connect-la-nueva-autopista-que-conecta-a-bolivia-con-los-pagos-globales\/#primaryimage"},"image":{"@id":"https:\/\/www.eldiario.net\/portal\/2026\/05\/18\/crossborder-connect-la-nueva-autopista-que-conecta-a-bolivia-con-los-pagos-globales\/#primaryimage"},"thumbnailUrl":"https:\/\/www.eldiario.net\/portal\/wp-content\/uploads\/2026\/05\/8-B-1-1.webp","datePublished":"2026-05-18T05:05:55+00:00","breadcrumb":{"@id":"https:\/\/www.eldiario.net\/portal\/2026\/05\/18\/crossborder-connect-la-nueva-autopista-que-conecta-a-bolivia-con-los-pagos-globales\/#breadcrumb"},"inLanguage":"es","potentialAction":[{"@type":"ReadAction","target":["https:\/\/www.eldiario.net\/portal\/2026\/05\/18\/crossborder-connect-la-nueva-autopista-que-conecta-a-bolivia-con-los-pagos-globales\/"]}]},{"@type":"ImageObject","inLanguage":"es","@id":"https:\/\/www.eldiario.net\/portal\/2026\/05\/18\/crossborder-connect-la-nueva-autopista-que-conecta-a-bolivia-con-los-pagos-globales\/#primaryimage","url":"https:\/\/www.eldiario.net\/portal\/wp-content\/uploads\/2026\/05\/8-B-1-1.webp","contentUrl":"https:\/\/www.eldiario.net\/portal\/wp-content\/uploads\/2026\/05\/8-B-1-1.webp","width":1280,"height":854},{"@type":"BreadcrumbList","@id":"https:\/\/www.eldiario.net\/portal\/2026\/05\/18\/crossborder-connect-la-nueva-autopista-que-conecta-a-bolivia-con-los-pagos-globales\/#breadcrumb","itemListElement":[{"@type":"ListItem","position":1,"name":"Portada","item":"https:\/\/www.eldiario.net\/portal\/"},{"@type":"ListItem","position":2,"name":"Crossborder Connect: \u201cla nueva autopista\u201d que conecta a Bolivia con los pagos globales"}]},{"@type":"WebSite","@id":"https:\/\/www.eldiario.net\/portal\/#website","url":"https:\/\/www.eldiario.net\/portal\/","name":"El Diario - Decano de la prensa nacional","description":"El Diario - Decano de la prensa nacional","publisher":{"@id":"https:\/\/www.eldiario.net\/portal\/#organization"},"potentialAction":[{"@type":"SearchAction","target":{"@type":"EntryPoint","urlTemplate":"https:\/\/www.eldiario.net\/portal\/?s={search_term_string}"},"query-input":{"@type":"PropertyValueSpecification","valueRequired":true,"valueName":"search_term_string"}}],"inLanguage":"es"},{"@type":"Organization","@id":"https:\/\/www.eldiario.net\/portal\/#organization","name":"El Diario - Decano de la prensa nacional","url":"https:\/\/www.eldiario.net\/portal\/","logo":{"@type":"ImageObject","inLanguage":"es","@id":"https:\/\/www.eldiario.net\/portal\/#\/schema\/logo\/image\/","url":"https:\/\/www.eldiario.net\/portal\/wp-content\/uploads\/2023\/07\/logo_ED.jpg","contentUrl":"https:\/\/www.eldiario.net\/portal\/wp-content\/uploads\/2023\/07\/logo_ED.jpg","width":272,"height":52,"caption":"El Diario - Decano de la prensa nacional"},"image":{"@id":"https:\/\/www.eldiario.net\/portal\/#\/schema\/logo\/image\/"},"sameAs":["https:\/\/www.facebook.com\/eldiario.bolivia\/","https:\/\/x.com\/eldiario_net"]},{"@type":"Person","@id":"https:\/\/www.eldiario.net\/portal\/#\/schema\/person\/2c57cf2b7a7ae032e449e4c9b1019eac","name":"Jeanette","image":{"@type":"ImageObject","inLanguage":"es","@id":"https:\/\/secure.gravatar.com\/avatar\/3ea2118a5f7dad2b7138b1187a6b7ee55f160b9968b66013c3a3ef39dd7e5798?s=96&d=mm&r=g","url":"https:\/\/secure.gravatar.com\/avatar\/3ea2118a5f7dad2b7138b1187a6b7ee55f160b9968b66013c3a3ef39dd7e5798?s=96&d=mm&r=g","contentUrl":"https:\/\/secure.gravatar.com\/avatar\/3ea2118a5f7dad2b7138b1187a6b7ee55f160b9968b66013c3a3ef39dd7e5798?s=96&d=mm&r=g","caption":"Jeanette"},"sameAs":["https:\/\/www.eldiario.net\/portal"],"url":"https:\/\/www.eldiario.net\/portal\/author\/jeanette\/"}]}},"_links":{"self":[{"href":"https:\/\/www.eldiario.net\/portal\/wp-json\/wp\/v2\/posts\/395160","targetHints":{"allow":["GET"]}}],"collection":[{"href":"https:\/\/www.eldiario.net\/portal\/wp-json\/wp\/v2\/posts"}],"about":[{"href":"https:\/\/www.eldiario.net\/portal\/wp-json\/wp\/v2\/types\/post"}],"author":[{"embeddable":true,"href":"https:\/\/www.eldiario.net\/portal\/wp-json\/wp\/v2\/users\/1"}],"replies":[{"embeddable":true,"href":"https:\/\/www.eldiario.net\/portal\/wp-json\/wp\/v2\/comments?post=395160"}],"version-history":[{"count":1,"href":"https:\/\/www.eldiario.net\/portal\/wp-json\/wp\/v2\/posts\/395160\/revisions"}],"predecessor-version":[{"id":395162,"href":"https:\/\/www.eldiario.net\/portal\/wp-json\/wp\/v2\/posts\/395160\/revisions\/395162"}],"wp:featuredmedia":[{"embeddable":true,"href":"https:\/\/www.eldiario.net\/portal\/wp-json\/wp\/v2\/media\/395161"}],"wp:attachment":[{"href":"https:\/\/www.eldiario.net\/portal\/wp-json\/wp\/v2\/media?parent=395160"}],"wp:term":[{"taxonomy":"category","embeddable":true,"href":"https:\/\/www.eldiario.net\/portal\/wp-json\/wp\/v2\/categories?post=395160"},{"taxonomy":"post_tag","embeddable":true,"href":"https:\/\/www.eldiario.net\/portal\/wp-json\/wp\/v2\/tags?post=395160"}],"curies":[{"name":"wp","href":"https:\/\/api.w.org\/{rel}","templated":true}]}}