{"id":394556,"date":"2026-05-15T07:11:42","date_gmt":"2026-05-15T11:11:42","guid":{"rendered":"https:\/\/www.eldiario.net\/portal\/?p=394556"},"modified":"2026-05-15T07:11:42","modified_gmt":"2026-05-15T11:11:42","slug":"exposicion-a-dispositivos-digitales-educacion-o-simple-sobreexposicion","status":"publish","type":"post","link":"https:\/\/www.eldiario.net\/portal\/2026\/05\/15\/exposicion-a-dispositivos-digitales-educacion-o-simple-sobreexposicion\/","title":{"rendered":"Exposici\u00f3n a dispositivos digitales Educaci\u00f3n o simple sobreexposici\u00f3n"},"content":{"rendered":"<p><strong>Por. Lic. H\u00e9ctor Molina<\/strong><\/p>\n<p>&nbsp;<\/p>\n<p><strong>\u00bfQu\u00e9 es un dispositivo digital?<\/strong><\/p>\n<p>&nbsp;<\/p>\n<p>La comprensi\u00f3n del cerebro humano en la era contempor\u00e1nea exige un an\u00e1lisis profundo de c\u00f3mo los entornos artificiales modifican la arquitectura neuronal. La exposici\u00f3n a dispositivos digitales se define como el proceso de interacci\u00f3n sensorial, cognitiva y motriz entre un individuo y una interfaz electr\u00f3nica (smartphones, tablets, computadoras o consolas). Desde la biolog\u00eda celular y las neurociencias, esta interacci\u00f3n no es un acto pasivo; es un bombardeo de est\u00edmulos que activa circuitos espec\u00edficos y puede reconfigurar la sinapsis mediante la neuroplasticidad.<\/p>\n<p>&nbsp;<\/p>\n<p>A continuaci\u00f3n, se detallan sus caracter\u00edsticas y tipolog\u00edas bajo una mirada cient\u00edfica adaptada para la comprensi\u00f3n juvenil.<\/p>\n<p>&nbsp;<\/p>\n<p><strong>Naturaleza de la exposici\u00f3n digital<\/strong><\/p>\n<p>&nbsp;<\/p>\n<p>La exposici\u00f3n digital se caracteriza por la estimulaci\u00f3n multisensorial intensiva. A diferencia de la lectura en papel o la observaci\u00f3n del entorno natural, las pantallas emiten luz azul de alta energ\u00eda, la cual impacta directamente en las c\u00e9lulas ganglionares de la retina. Este proceso biol\u00f3gico env\u00eda se\u00f1ales al n\u00facleo supraquiasm\u00e1tico del hipot\u00e1lamo, alterando la producci\u00f3n de melatonina y, por ende, el ciclo circadiano.<\/p>\n<p>&nbsp;<\/p>\n<p>Otra caracter\u00edstica fundamental es la retroalimentaci\u00f3n dopamin\u00e9rgica. Los dispositivos est\u00e1n dise\u00f1ados bajo principios de neuropsicolog\u00eda para generar micro recompensas inmediatas (notificaciones, sonidos, likes). Esto crea un bucle en el sistema de recompensa del cerebro, espec\u00edficamente en el \u00e1rea tegmental ventral y el n\u00facleo accumbens, lo que puede derivar en una b\u00fasqueda compulsiva de estimulaci\u00f3n, compitiendo con las actividades de la vida real que requieren mayor esfuerzo cognitivo.<\/p>\n<p>&nbsp;<\/p>\n<p><strong>Caracter\u00edsticas de la interacci\u00f3n digital<\/strong><\/p>\n<p>&nbsp;<\/p>\n<p>Para que una interacci\u00f3n sea considerada exposici\u00f3n digital, suelen confluir ciertos elementos t\u00e9cnicos y biol\u00f3gicos:<\/p>\n<p>&nbsp;<\/p>\n<ul>\n<li><strong>Inmediatez y ubicuidad.<\/strong> La capacidad de acceder a informaci\u00f3n o entretenimiento de forma instant\u00e1nea rompe la capacidad de tolerancia a la frustraci\u00f3n y el entrenamiento de la gratificaci\u00f3n postergada, funciones reguladas por la corteza prefrontal.<\/li>\n<\/ul>\n<p>&nbsp;<\/p>\n<ul>\n<li><strong>Hiperestimulaci\u00f3n visual.<\/strong> El movimiento constante y el cambio de encuadre en los videos cortos mantienen al sistema de atenci\u00f3n ex\u00f3gena (autom\u00e1tico) en alerta m\u00e1xima, dificultando el desarrollo de la atenci\u00f3n sostenida o end\u00f3gena.<\/li>\n<\/ul>\n<p>&nbsp;<\/p>\n<ul>\n<li><strong>Fragmentaci\u00f3n de la informaci\u00f3n.<\/strong> El consumo digital suele ser breve y superficial. Desde la psicopedagog\u00eda, se observa que esto puede limitar la consolidaci\u00f3n de la memoria a largo plazo, ya que el hipocampo no logra procesar la informaci\u00f3n con la profundidad necesaria antes de ser desplazada por un nuevo est\u00edmulo.<\/li>\n<\/ul>\n<p>&nbsp;<\/p>\n<p><strong>Tipos de exposici\u00f3n a dispositivos<\/strong><\/p>\n<p>&nbsp;<\/p>\n<p>La ciencia clasifica la exposici\u00f3n no solo por el tiempo, sino por la intenci\u00f3n y el impacto en el desarrollo neuronal:<\/p>\n<p>&nbsp;<\/p>\n<ol>\n<li><strong> Exposici\u00f3n pasiva &#8211; Consumo de contenido<\/strong><\/li>\n<\/ol>\n<p>&nbsp;<\/p>\n<p>Ocurre cuando el individuo recibe informaci\u00f3n sin realizar un esfuerzo creativo o cr\u00edtico. Ejemplos de esto son observar videos de manera infinita (scrolling) o mirar series. Biol\u00f3gicamente, hay una baja activaci\u00f3n de las \u00e1reas motoras y de planificaci\u00f3n, predominando una actividad en las \u00e1reas sensoriales primarias. Si es excesiva, puede generar una desconexi\u00f3n con el entorno f\u00edsico.<\/p>\n<p>&nbsp;<\/p>\n<ol start=\"2\">\n<li><strong> Exposici\u00f3n activa o productiva<\/strong><\/li>\n<\/ol>\n<p>&nbsp;<\/p>\n<p>Este tipo implica el uso del dispositivo como una herramienta para la creaci\u00f3n. Programar, editar videos, dise\u00f1ar digitalmente o escribir son ejemplos de exposici\u00f3n activa. Aqu\u00ed, la corteza prefrontal y las \u00e1reas de asociaci\u00f3n est\u00e1n altamente involucradas, lo que promueve el desarrollo de habilidades de resoluci\u00f3n de problemas y pensamiento l\u00f3gico.<\/p>\n<p>&nbsp;<\/p>\n<ol start=\"3\">\n<li><strong> Exposici\u00f3n social &#8211; Interacci\u00f3n mediada<\/strong><\/li>\n<\/ol>\n<p>&nbsp;<\/p>\n<p>Se refiere al uso de dispositivos para la comunicaci\u00f3n humana a trav\u00e9s de redes sociales o videojuegos en l\u00ednea. En este escenario, entran en juego las neuronas espejo y la teor\u00eda de la mente, aunque de forma limitada, ya que se pierde gran parte del lenguaje no verbal (feromonas, microexpresiones f\u00edsicas, contacto visual real), lo que obliga al cerebro a realizar un sobreesfuerzo para interpretar las intenciones del otro.<\/p>\n<p>&nbsp;<\/p>\n<ol start=\"4\">\n<li><strong> Exposici\u00f3n educativa &#8211; Aprendizaje dirigido<\/strong><\/li>\n<\/ol>\n<p>&nbsp;<\/p>\n<p>Es la interacci\u00f3n con plataformas dise\u00f1adas espec\u00edficamente para el andamiaje del conocimiento. Cuando est\u00e1 bien estructurada, utiliza la gamificaci\u00f3n para mantener el inter\u00e9s, facilitando la neuroplasticidad positiva al presentar retos que se ajustan al nivel de desarrollo del estudiante.<\/p>\n<p>&nbsp;<\/p>\n<p>En conclusi\u00f3n, la exposici\u00f3n a dispositivos digitales es un fen\u00f3meno complejo que act\u00faa como un entrenador de la mente. Dependiendo de su tipo y caracter\u00edsticas, puede ser un catalizador del talento humano o un obst\u00e1culo para la maduraci\u00f3n de las \u00e1reas cerebrales encargadas del control de impulsos y la reflexi\u00f3n profunda.<\/p>\n\r\n                <style type=\"text\/css\">\r\n                    \r\n                    #tdi_1  .td-doubleSlider-2 .td-item1 {\r\n                        background: url(https:\/\/www.eldiario.net\/portal\/wp-content\/uploads\/2026\/05\/Socio-Exposicion-social-Interaccion-mediada-80x60.webp) 0 0 no-repeat;\r\n                    }\r\n                    #tdi_1  .td-doubleSlider-2 .td-item2 {\r\n                        background: url(https:\/\/www.eldiario.net\/portal\/wp-content\/uploads\/2026\/05\/Socio-Exposicion-a-dispositivos-digitales-80x60.webp) 0 0 no-repeat;\r\n                    }\r\n                    #tdi_1  .td-doubleSlider-2 .td-item3 {\r\n                        background: url(https:\/\/www.eldiario.net\/portal\/wp-content\/uploads\/2026\/05\/Socio-Exposicion-educativa-Aprendizaje-dirigido-80x60.webp) 0 0 no-repeat;\r\n                    }\r\n                    #tdi_1  .td-doubleSlider-2 .td-item4 {\r\n                        background: url(https:\/\/www.eldiario.net\/portal\/wp-content\/uploads\/2026\/05\/Socio-Exposicion-pasiva-Consumo-de-contenido-80x60.webp) 0 0 no-repeat;\r\n                    }\r\n                <\/style>\r\n\r\n                <div id=\"tdi_1\" class=\"td-gallery td-slide-on-2-columns\">\r\n                    <div class=\"post_td_gallery\">\r\n                        <div class=\"td-gallery-slide-top\">\r\n                           <div class=\"td-gallery-title\"><\/div>\r\n\r\n                            <div class=\"td-gallery-controls-wrapper\">\r\n                                <div class=\"td-gallery-slide-count\"><span class=\"td-gallery-slide-item-focus\">1<\/span> de 4<\/div>\r\n                                <div class=\"td-gallery-slide-prev-next-but\">\r\n                                    <i class = \"td-icon-left doubleSliderPrevButton\"><\/i>\r\n                                    <i class = \"td-icon-right doubleSliderNextButton\"><\/i>\r\n                                <\/div>\r\n                            <\/div>\r\n                        <\/div>\r\n\r\n                        <div class = \"td-doubleSlider-1 \">\r\n                            <div class = \"td-slider\">\r\n                                \r\n                    <div class = \"td-slide-item td-item1\">\r\n                        <figure class=\"td-slide-galery-figure td-slide-popup-gallery\">\r\n                            <a class=\"slide-gallery-image-link\" href=\"https:\/\/www.eldiario.net\/portal\/wp-content\/uploads\/2026\/05\/Socio-Exposicion-social-Interaccion-mediada.webp\" title=\"Socio - Exposici\u00f3n social - Interacci\u00f3n mediada\"  data-caption=\"\"  data-description=\"\">\r\n                                <img decoding=\"async\" src=\"https:\/\/www.eldiario.net\/portal\/wp-content\/uploads\/2026\/05\/Socio-Exposicion-social-Interaccion-mediada-603x420.webp\" srcset=\"https:\/\/www.eldiario.net\/portal\/wp-content\/uploads\/2026\/05\/Socio-Exposicion-social-Interaccion-mediada-603x420.webp 603w, https:\/\/www.eldiario.net\/portal\/wp-content\/uploads\/2026\/05\/Socio-Exposicion-social-Interaccion-mediada-300x209.webp 300w, https:\/\/www.eldiario.net\/portal\/wp-content\/uploads\/2026\/05\/Socio-Exposicion-social-Interaccion-mediada-768x535.webp 768w, https:\/\/www.eldiario.net\/portal\/wp-content\/uploads\/2026\/05\/Socio-Exposicion-social-Interaccion-mediada-150x104.webp 150w, https:\/\/www.eldiario.net\/portal\/wp-content\/uploads\/2026\/05\/Socio-Exposicion-social-Interaccion-mediada-696x485.webp 696w, https:\/\/www.eldiario.net\/portal\/wp-content\/uploads\/2026\/05\/Socio-Exposicion-social-Interaccion-mediada.webp 1024w\" sizes=\"(max-width: 603px) 100vw, 603px\" alt=\"\">\r\n                            <\/a>\r\n                            \r\n                        <\/figure>\r\n                    <\/div>\r\n                    <div class = \"td-slide-item td-item2\">\r\n                        <figure class=\"td-slide-galery-figure td-slide-popup-gallery\">\r\n                            <a class=\"slide-gallery-image-link\" href=\"https:\/\/www.eldiario.net\/portal\/wp-content\/uploads\/2026\/05\/Socio-Exposicion-a-dispositivos-digitales.webp\" title=\"Socio - Exposici\u00f3n a dispositivos digitales\"  data-caption=\"\"  data-description=\"\">\r\n                                <img decoding=\"async\" src=\"https:\/\/www.eldiario.net\/portal\/wp-content\/uploads\/2026\/05\/Socio-Exposicion-a-dispositivos-digitales-714x420.webp\" srcset=\"https:\/\/www.eldiario.net\/portal\/wp-content\/uploads\/2026\/05\/Socio-Exposicion-a-dispositivos-digitales-714x420.webp 714w, https:\/\/www.eldiario.net\/portal\/wp-content\/uploads\/2026\/05\/Socio-Exposicion-a-dispositivos-digitales-300x176.webp 300w, https:\/\/www.eldiario.net\/portal\/wp-content\/uploads\/2026\/05\/Socio-Exposicion-a-dispositivos-digitales-768x452.webp 768w, https:\/\/www.eldiario.net\/portal\/wp-content\/uploads\/2026\/05\/Socio-Exposicion-a-dispositivos-digitales-150x88.webp 150w, https:\/\/www.eldiario.net\/portal\/wp-content\/uploads\/2026\/05\/Socio-Exposicion-a-dispositivos-digitales-696x409.webp 696w, https:\/\/www.eldiario.net\/portal\/wp-content\/uploads\/2026\/05\/Socio-Exposicion-a-dispositivos-digitales.webp 850w\" sizes=\"(max-width: 714px) 100vw, 714px\" alt=\"\">\r\n                            <\/a>\r\n                            \r\n                        <\/figure>\r\n                    <\/div>\r\n                    <div class = \"td-slide-item td-item3\">\r\n                        <figure class=\"td-slide-galery-figure td-slide-popup-gallery\">\r\n                            <a class=\"slide-gallery-image-link\" href=\"https:\/\/www.eldiario.net\/portal\/wp-content\/uploads\/2026\/05\/Socio-Exposicion-educativa-Aprendizaje-dirigido.webp\" title=\"Socio - Exposici\u00f3n educativa - Aprendizaje dirigido\"  data-caption=\"\"  data-description=\"\">\r\n                                <img decoding=\"async\" src=\"https:\/\/www.eldiario.net\/portal\/wp-content\/uploads\/2026\/05\/Socio-Exposicion-educativa-Aprendizaje-dirigido.webp\" srcset=\"https:\/\/www.eldiario.net\/portal\/wp-content\/uploads\/2026\/05\/Socio-Exposicion-educativa-Aprendizaje-dirigido.webp 297w, https:\/\/www.eldiario.net\/portal\/wp-content\/uploads\/2026\/05\/Socio-Exposicion-educativa-Aprendizaje-dirigido-150x85.webp 150w\" sizes=\"(max-width: 297px) 100vw, 297px\" alt=\"\">\r\n                            <\/a>\r\n                            \r\n                        <\/figure>\r\n                    <\/div>\r\n                    <div class = \"td-slide-item td-item4\">\r\n                        <figure class=\"td-slide-galery-figure td-slide-popup-gallery\">\r\n                            <a class=\"slide-gallery-image-link\" href=\"https:\/\/www.eldiario.net\/portal\/wp-content\/uploads\/2026\/05\/Socio-Exposicion-pasiva-Consumo-de-contenido.webp\" title=\"Socio - Exposici\u00f3n pasiva - Consumo de contenido\"  data-caption=\"\"  data-description=\"\">\r\n                                <img decoding=\"async\" src=\"https:\/\/www.eldiario.net\/portal\/wp-content\/uploads\/2026\/05\/Socio-Exposicion-pasiva-Consumo-de-contenido.webp\" srcset=\"https:\/\/www.eldiario.net\/portal\/wp-content\/uploads\/2026\/05\/Socio-Exposicion-pasiva-Consumo-de-contenido.webp 454w, https:\/\/www.eldiario.net\/portal\/wp-content\/uploads\/2026\/05\/Socio-Exposicion-pasiva-Consumo-de-contenido-300x198.webp 300w, https:\/\/www.eldiario.net\/portal\/wp-content\/uploads\/2026\/05\/Socio-Exposicion-pasiva-Consumo-de-contenido-150x99.webp 150w\" sizes=\"(max-width: 454px) 100vw, 454px\" alt=\"\">\r\n                            <\/a>\r\n                            \r\n                        <\/figure>\r\n                    <\/div>\r\n                            <\/div>\r\n                        <\/div>\r\n\r\n                        <div class = \"td-doubleSlider-2\">\r\n                            <div class = \"td-slider\">\r\n                                \r\n                    <div class = \"td-button td-item1\">\r\n                        <div class = \"td-border\"><\/div>\r\n                    <\/div>\r\n                    <div class = \"td-button td-item2\">\r\n                        <div class = \"td-border\"><\/div>\r\n                    <\/div>\r\n                    <div class = \"td-button td-item3\">\r\n                        <div class = \"td-border\"><\/div>\r\n                    <\/div>\r\n                    <div class = \"td-button td-item4\">\r\n                        <div class = \"td-border\"><\/div>\r\n                    <\/div>\r\n                            <\/div>\r\n                        <\/div>\r\n\r\n                    <\/div>\r\n\r\n                <\/div>\r\n                \n","protected":false},"excerpt":{"rendered":"<p>Por. Lic. H\u00e9ctor Molina &nbsp; \u00bfQu\u00e9 es un dispositivo digital? &nbsp; La comprensi\u00f3n del cerebro humano en la era contempor\u00e1nea exige un an\u00e1lisis profundo de c\u00f3mo los entornos artificiales modifican la arquitectura neuronal. La exposici\u00f3n a dispositivos digitales se define como el proceso de interacci\u00f3n sensorial, cognitiva y motriz entre un individuo y una interfaz [&hellip;]<\/p>\n","protected":false},"author":1,"featured_media":394557,"comment_status":"closed","ping_status":"open","sticky":false,"template":"","format":"standard","meta":{"_acf_changed":false,"footnotes":""},"categories":[43],"tags":[],"class_list":["post-394556","post","type-post","status-publish","format-standard","has-post-thumbnail","category-nuevos-horizontes"],"acf":{"antetitulo":""},"yoast_head":"<!-- This site is optimized with the Yoast SEO plugin v28.4 - https:\/\/yoast.com\/product\/yoast-seo-wordpress\/ -->\n<title>Exposici\u00f3n a dispositivos digitales Educaci\u00f3n o simple sobreexposici\u00f3n - El Diario - Bolivia<\/title>\n<meta name=\"robots\" content=\"index, follow, max-snippet:-1, max-image-preview:large, max-video-preview:-1\" \/>\n<link rel=\"canonical\" href=\"https:\/\/www.eldiario.net\/portal\/2026\/05\/15\/exposicion-a-dispositivos-digitales-educacion-o-simple-sobreexposicion\/\" \/>\n<meta property=\"og:locale\" content=\"es_ES\" \/>\n<meta property=\"og:type\" content=\"article\" \/>\n<meta property=\"og:title\" content=\"Exposici\u00f3n a dispositivos digitales Educaci\u00f3n o simple sobreexposici\u00f3n - El Diario - Bolivia\" \/>\n<meta property=\"og:description\" content=\"Por. Lic. H\u00e9ctor Molina &nbsp; \u00bfQu\u00e9 es un dispositivo digital? &nbsp; La comprensi\u00f3n del cerebro humano en la era contempor\u00e1nea exige un an\u00e1lisis profundo de c\u00f3mo los entornos artificiales modifican la arquitectura neuronal. La exposici\u00f3n a dispositivos digitales se define como el proceso de interacci\u00f3n sensorial, cognitiva y motriz entre un individuo y una interfaz [&hellip;]\" \/>\n<meta property=\"og:url\" content=\"https:\/\/www.eldiario.net\/portal\/2026\/05\/15\/exposicion-a-dispositivos-digitales-educacion-o-simple-sobreexposicion\/\" \/>\n<meta property=\"og:site_name\" content=\"El Diario - Bolivia\" \/>\n<meta property=\"article:publisher\" content=\"https:\/\/www.facebook.com\/eldiario.bolivia\/\" \/>\n<meta property=\"article:published_time\" content=\"2026-05-15T11:11:42+00:00\" \/>\n<meta property=\"og:image\" content=\"https:\/\/www.eldiario.net\/portal\/wp-content\/uploads\/2026\/05\/Socio-Exposicion-social-Interaccion-mediada.webp\" \/>\n\t<meta property=\"og:image:width\" content=\"1024\" \/>\n\t<meta property=\"og:image:height\" content=\"713\" \/>\n\t<meta property=\"og:image:type\" content=\"image\/webp\" \/>\n<meta name=\"author\" content=\"Jeanette\" \/>\n<meta name=\"twitter:card\" content=\"summary_large_image\" \/>\n<meta name=\"twitter:creator\" content=\"@eldiario_net\" \/>\n<meta name=\"twitter:site\" content=\"@eldiario_net\" \/>\n<meta name=\"twitter:label1\" content=\"Escrito por\" \/>\n\t<meta name=\"twitter:data1\" content=\"Jeanette\" \/>\n\t<meta name=\"twitter:label2\" content=\"Tiempo de lectura\" \/>\n\t<meta name=\"twitter:data2\" content=\"4 minutos\" \/>\n<script type=\"application\/ld+json\" class=\"yoast-schema-graph\">{\"@context\":\"https:\\\/\\\/schema.org\",\"@graph\":[{\"@type\":\"Article\",\"@id\":\"https:\\\/\\\/www.eldiario.net\\\/portal\\\/2026\\\/05\\\/15\\\/exposicion-a-dispositivos-digitales-educacion-o-simple-sobreexposicion\\\/#article\",\"isPartOf\":{\"@id\":\"https:\\\/\\\/www.eldiario.net\\\/portal\\\/2026\\\/05\\\/15\\\/exposicion-a-dispositivos-digitales-educacion-o-simple-sobreexposicion\\\/\"},\"author\":{\"name\":\"Jeanette\",\"@id\":\"https:\\\/\\\/www.eldiario.net\\\/portal\\\/#\\\/schema\\\/person\\\/2c57cf2b7a7ae032e449e4c9b1019eac\"},\"headline\":\"Exposici\u00f3n a dispositivos digitales Educaci\u00f3n o simple sobreexposici\u00f3n\",\"datePublished\":\"2026-05-15T11:11:42+00:00\",\"mainEntityOfPage\":{\"@id\":\"https:\\\/\\\/www.eldiario.net\\\/portal\\\/2026\\\/05\\\/15\\\/exposicion-a-dispositivos-digitales-educacion-o-simple-sobreexposicion\\\/\"},\"wordCount\":838,\"publisher\":{\"@id\":\"https:\\\/\\\/www.eldiario.net\\\/portal\\\/#organization\"},\"image\":{\"@id\":\"https:\\\/\\\/www.eldiario.net\\\/portal\\\/2026\\\/05\\\/15\\\/exposicion-a-dispositivos-digitales-educacion-o-simple-sobreexposicion\\\/#primaryimage\"},\"thumbnailUrl\":\"https:\\\/\\\/www.eldiario.net\\\/portal\\\/wp-content\\\/uploads\\\/2026\\\/05\\\/Socio-Exposicion-social-Interaccion-mediada.webp\",\"articleSection\":[\"Nuevos Horizontes\"],\"inLanguage\":\"es\"},{\"@type\":\"WebPage\",\"@id\":\"https:\\\/\\\/www.eldiario.net\\\/portal\\\/2026\\\/05\\\/15\\\/exposicion-a-dispositivos-digitales-educacion-o-simple-sobreexposicion\\\/\",\"url\":\"https:\\\/\\\/www.eldiario.net\\\/portal\\\/2026\\\/05\\\/15\\\/exposicion-a-dispositivos-digitales-educacion-o-simple-sobreexposicion\\\/\",\"name\":\"Exposici\u00f3n a dispositivos digitales Educaci\u00f3n o simple sobreexposici\u00f3n - El Diario - Bolivia\",\"isPartOf\":{\"@id\":\"https:\\\/\\\/www.eldiario.net\\\/portal\\\/#website\"},\"primaryImageOfPage\":{\"@id\":\"https:\\\/\\\/www.eldiario.net\\\/portal\\\/2026\\\/05\\\/15\\\/exposicion-a-dispositivos-digitales-educacion-o-simple-sobreexposicion\\\/#primaryimage\"},\"image\":{\"@id\":\"https:\\\/\\\/www.eldiario.net\\\/portal\\\/2026\\\/05\\\/15\\\/exposicion-a-dispositivos-digitales-educacion-o-simple-sobreexposicion\\\/#primaryimage\"},\"thumbnailUrl\":\"https:\\\/\\\/www.eldiario.net\\\/portal\\\/wp-content\\\/uploads\\\/2026\\\/05\\\/Socio-Exposicion-social-Interaccion-mediada.webp\",\"datePublished\":\"2026-05-15T11:11:42+00:00\",\"breadcrumb\":{\"@id\":\"https:\\\/\\\/www.eldiario.net\\\/portal\\\/2026\\\/05\\\/15\\\/exposicion-a-dispositivos-digitales-educacion-o-simple-sobreexposicion\\\/#breadcrumb\"},\"inLanguage\":\"es\",\"potentialAction\":[{\"@type\":\"ReadAction\",\"target\":[\"https:\\\/\\\/www.eldiario.net\\\/portal\\\/2026\\\/05\\\/15\\\/exposicion-a-dispositivos-digitales-educacion-o-simple-sobreexposicion\\\/\"]}]},{\"@type\":\"ImageObject\",\"inLanguage\":\"es\",\"@id\":\"https:\\\/\\\/www.eldiario.net\\\/portal\\\/2026\\\/05\\\/15\\\/exposicion-a-dispositivos-digitales-educacion-o-simple-sobreexposicion\\\/#primaryimage\",\"url\":\"https:\\\/\\\/www.eldiario.net\\\/portal\\\/wp-content\\\/uploads\\\/2026\\\/05\\\/Socio-Exposicion-social-Interaccion-mediada.webp\",\"contentUrl\":\"https:\\\/\\\/www.eldiario.net\\\/portal\\\/wp-content\\\/uploads\\\/2026\\\/05\\\/Socio-Exposicion-social-Interaccion-mediada.webp\",\"width\":1024,\"height\":713},{\"@type\":\"BreadcrumbList\",\"@id\":\"https:\\\/\\\/www.eldiario.net\\\/portal\\\/2026\\\/05\\\/15\\\/exposicion-a-dispositivos-digitales-educacion-o-simple-sobreexposicion\\\/#breadcrumb\",\"itemListElement\":[{\"@type\":\"ListItem\",\"position\":1,\"name\":\"Portada\",\"item\":\"https:\\\/\\\/www.eldiario.net\\\/portal\\\/\"},{\"@type\":\"ListItem\",\"position\":2,\"name\":\"Exposici\u00f3n a dispositivos digitales Educaci\u00f3n o simple sobreexposici\u00f3n\"}]},{\"@type\":\"WebSite\",\"@id\":\"https:\\\/\\\/www.eldiario.net\\\/portal\\\/#website\",\"url\":\"https:\\\/\\\/www.eldiario.net\\\/portal\\\/\",\"name\":\"El Diario - Decano de la prensa nacional\",\"description\":\"El Diario - Decano de la prensa nacional\",\"publisher\":{\"@id\":\"https:\\\/\\\/www.eldiario.net\\\/portal\\\/#organization\"},\"potentialAction\":[{\"@type\":\"SearchAction\",\"target\":{\"@type\":\"EntryPoint\",\"urlTemplate\":\"https:\\\/\\\/www.eldiario.net\\\/portal\\\/?s={search_term_string}\"},\"query-input\":{\"@type\":\"PropertyValueSpecification\",\"valueRequired\":true,\"valueName\":\"search_term_string\"}}],\"inLanguage\":\"es\"},{\"@type\":\"Organization\",\"@id\":\"https:\\\/\\\/www.eldiario.net\\\/portal\\\/#organization\",\"name\":\"El Diario - Decano de la prensa nacional\",\"url\":\"https:\\\/\\\/www.eldiario.net\\\/portal\\\/\",\"logo\":{\"@type\":\"ImageObject\",\"inLanguage\":\"es\",\"@id\":\"https:\\\/\\\/www.eldiario.net\\\/portal\\\/#\\\/schema\\\/logo\\\/image\\\/\",\"url\":\"https:\\\/\\\/www.eldiario.net\\\/portal\\\/wp-content\\\/uploads\\\/2023\\\/07\\\/logo_ED.jpg\",\"contentUrl\":\"https:\\\/\\\/www.eldiario.net\\\/portal\\\/wp-content\\\/uploads\\\/2023\\\/07\\\/logo_ED.jpg\",\"width\":272,\"height\":52,\"caption\":\"El Diario - Decano de la prensa nacional\"},\"image\":{\"@id\":\"https:\\\/\\\/www.eldiario.net\\\/portal\\\/#\\\/schema\\\/logo\\\/image\\\/\"},\"sameAs\":[\"https:\\\/\\\/www.facebook.com\\\/eldiario.bolivia\\\/\",\"https:\\\/\\\/x.com\\\/eldiario_net\"]},{\"@type\":\"Person\",\"@id\":\"https:\\\/\\\/www.eldiario.net\\\/portal\\\/#\\\/schema\\\/person\\\/2c57cf2b7a7ae032e449e4c9b1019eac\",\"name\":\"Jeanette\",\"image\":{\"@type\":\"ImageObject\",\"inLanguage\":\"es\",\"@id\":\"https:\\\/\\\/secure.gravatar.com\\\/avatar\\\/3ea2118a5f7dad2b7138b1187a6b7ee55f160b9968b66013c3a3ef39dd7e5798?s=96&d=mm&r=g\",\"url\":\"https:\\\/\\\/secure.gravatar.com\\\/avatar\\\/3ea2118a5f7dad2b7138b1187a6b7ee55f160b9968b66013c3a3ef39dd7e5798?s=96&d=mm&r=g\",\"contentUrl\":\"https:\\\/\\\/secure.gravatar.com\\\/avatar\\\/3ea2118a5f7dad2b7138b1187a6b7ee55f160b9968b66013c3a3ef39dd7e5798?s=96&d=mm&r=g\",\"caption\":\"Jeanette\"},\"sameAs\":[\"https:\\\/\\\/www.eldiario.net\\\/portal\"],\"url\":\"https:\\\/\\\/www.eldiario.net\\\/portal\\\/author\\\/jeanette\\\/\"}]}<\/script>\n<!-- \/ Yoast SEO plugin. -->","yoast_head_json":{"title":"Exposici\u00f3n a dispositivos digitales Educaci\u00f3n o simple sobreexposici\u00f3n - El Diario - Bolivia","robots":{"index":"index","follow":"follow","max-snippet":"max-snippet:-1","max-image-preview":"max-image-preview:large","max-video-preview":"max-video-preview:-1"},"canonical":"https:\/\/www.eldiario.net\/portal\/2026\/05\/15\/exposicion-a-dispositivos-digitales-educacion-o-simple-sobreexposicion\/","og_locale":"es_ES","og_type":"article","og_title":"Exposici\u00f3n a dispositivos digitales Educaci\u00f3n o simple sobreexposici\u00f3n - El Diario - Bolivia","og_description":"Por. Lic. H\u00e9ctor Molina &nbsp; \u00bfQu\u00e9 es un dispositivo digital? &nbsp; La comprensi\u00f3n del cerebro humano en la era contempor\u00e1nea exige un an\u00e1lisis profundo de c\u00f3mo los entornos artificiales modifican la arquitectura neuronal. La exposici\u00f3n a dispositivos digitales se define como el proceso de interacci\u00f3n sensorial, cognitiva y motriz entre un individuo y una interfaz [&hellip;]","og_url":"https:\/\/www.eldiario.net\/portal\/2026\/05\/15\/exposicion-a-dispositivos-digitales-educacion-o-simple-sobreexposicion\/","og_site_name":"El Diario - Bolivia","article_publisher":"https:\/\/www.facebook.com\/eldiario.bolivia\/","article_published_time":"2026-05-15T11:11:42+00:00","og_image":[{"width":1024,"height":713,"url":"https:\/\/www.eldiario.net\/portal\/wp-content\/uploads\/2026\/05\/Socio-Exposicion-social-Interaccion-mediada.webp","type":"image\/webp"}],"author":"Jeanette","twitter_card":"summary_large_image","twitter_creator":"@eldiario_net","twitter_site":"@eldiario_net","twitter_misc":{"Escrito por":"Jeanette","Tiempo de lectura":"4 minutos"},"schema":{"@context":"https:\/\/schema.org","@graph":[{"@type":"Article","@id":"https:\/\/www.eldiario.net\/portal\/2026\/05\/15\/exposicion-a-dispositivos-digitales-educacion-o-simple-sobreexposicion\/#article","isPartOf":{"@id":"https:\/\/www.eldiario.net\/portal\/2026\/05\/15\/exposicion-a-dispositivos-digitales-educacion-o-simple-sobreexposicion\/"},"author":{"name":"Jeanette","@id":"https:\/\/www.eldiario.net\/portal\/#\/schema\/person\/2c57cf2b7a7ae032e449e4c9b1019eac"},"headline":"Exposici\u00f3n a dispositivos digitales Educaci\u00f3n o simple sobreexposici\u00f3n","datePublished":"2026-05-15T11:11:42+00:00","mainEntityOfPage":{"@id":"https:\/\/www.eldiario.net\/portal\/2026\/05\/15\/exposicion-a-dispositivos-digitales-educacion-o-simple-sobreexposicion\/"},"wordCount":838,"publisher":{"@id":"https:\/\/www.eldiario.net\/portal\/#organization"},"image":{"@id":"https:\/\/www.eldiario.net\/portal\/2026\/05\/15\/exposicion-a-dispositivos-digitales-educacion-o-simple-sobreexposicion\/#primaryimage"},"thumbnailUrl":"https:\/\/www.eldiario.net\/portal\/wp-content\/uploads\/2026\/05\/Socio-Exposicion-social-Interaccion-mediada.webp","articleSection":["Nuevos Horizontes"],"inLanguage":"es"},{"@type":"WebPage","@id":"https:\/\/www.eldiario.net\/portal\/2026\/05\/15\/exposicion-a-dispositivos-digitales-educacion-o-simple-sobreexposicion\/","url":"https:\/\/www.eldiario.net\/portal\/2026\/05\/15\/exposicion-a-dispositivos-digitales-educacion-o-simple-sobreexposicion\/","name":"Exposici\u00f3n a dispositivos digitales Educaci\u00f3n o simple sobreexposici\u00f3n - El Diario - Bolivia","isPartOf":{"@id":"https:\/\/www.eldiario.net\/portal\/#website"},"primaryImageOfPage":{"@id":"https:\/\/www.eldiario.net\/portal\/2026\/05\/15\/exposicion-a-dispositivos-digitales-educacion-o-simple-sobreexposicion\/#primaryimage"},"image":{"@id":"https:\/\/www.eldiario.net\/portal\/2026\/05\/15\/exposicion-a-dispositivos-digitales-educacion-o-simple-sobreexposicion\/#primaryimage"},"thumbnailUrl":"https:\/\/www.eldiario.net\/portal\/wp-content\/uploads\/2026\/05\/Socio-Exposicion-social-Interaccion-mediada.webp","datePublished":"2026-05-15T11:11:42+00:00","breadcrumb":{"@id":"https:\/\/www.eldiario.net\/portal\/2026\/05\/15\/exposicion-a-dispositivos-digitales-educacion-o-simple-sobreexposicion\/#breadcrumb"},"inLanguage":"es","potentialAction":[{"@type":"ReadAction","target":["https:\/\/www.eldiario.net\/portal\/2026\/05\/15\/exposicion-a-dispositivos-digitales-educacion-o-simple-sobreexposicion\/"]}]},{"@type":"ImageObject","inLanguage":"es","@id":"https:\/\/www.eldiario.net\/portal\/2026\/05\/15\/exposicion-a-dispositivos-digitales-educacion-o-simple-sobreexposicion\/#primaryimage","url":"https:\/\/www.eldiario.net\/portal\/wp-content\/uploads\/2026\/05\/Socio-Exposicion-social-Interaccion-mediada.webp","contentUrl":"https:\/\/www.eldiario.net\/portal\/wp-content\/uploads\/2026\/05\/Socio-Exposicion-social-Interaccion-mediada.webp","width":1024,"height":713},{"@type":"BreadcrumbList","@id":"https:\/\/www.eldiario.net\/portal\/2026\/05\/15\/exposicion-a-dispositivos-digitales-educacion-o-simple-sobreexposicion\/#breadcrumb","itemListElement":[{"@type":"ListItem","position":1,"name":"Portada","item":"https:\/\/www.eldiario.net\/portal\/"},{"@type":"ListItem","position":2,"name":"Exposici\u00f3n a dispositivos digitales Educaci\u00f3n o simple sobreexposici\u00f3n"}]},{"@type":"WebSite","@id":"https:\/\/www.eldiario.net\/portal\/#website","url":"https:\/\/www.eldiario.net\/portal\/","name":"El Diario - Decano de la prensa nacional","description":"El Diario - Decano de la prensa nacional","publisher":{"@id":"https:\/\/www.eldiario.net\/portal\/#organization"},"potentialAction":[{"@type":"SearchAction","target":{"@type":"EntryPoint","urlTemplate":"https:\/\/www.eldiario.net\/portal\/?s={search_term_string}"},"query-input":{"@type":"PropertyValueSpecification","valueRequired":true,"valueName":"search_term_string"}}],"inLanguage":"es"},{"@type":"Organization","@id":"https:\/\/www.eldiario.net\/portal\/#organization","name":"El Diario - Decano de la prensa nacional","url":"https:\/\/www.eldiario.net\/portal\/","logo":{"@type":"ImageObject","inLanguage":"es","@id":"https:\/\/www.eldiario.net\/portal\/#\/schema\/logo\/image\/","url":"https:\/\/www.eldiario.net\/portal\/wp-content\/uploads\/2023\/07\/logo_ED.jpg","contentUrl":"https:\/\/www.eldiario.net\/portal\/wp-content\/uploads\/2023\/07\/logo_ED.jpg","width":272,"height":52,"caption":"El Diario - Decano de la prensa nacional"},"image":{"@id":"https:\/\/www.eldiario.net\/portal\/#\/schema\/logo\/image\/"},"sameAs":["https:\/\/www.facebook.com\/eldiario.bolivia\/","https:\/\/x.com\/eldiario_net"]},{"@type":"Person","@id":"https:\/\/www.eldiario.net\/portal\/#\/schema\/person\/2c57cf2b7a7ae032e449e4c9b1019eac","name":"Jeanette","image":{"@type":"ImageObject","inLanguage":"es","@id":"https:\/\/secure.gravatar.com\/avatar\/3ea2118a5f7dad2b7138b1187a6b7ee55f160b9968b66013c3a3ef39dd7e5798?s=96&d=mm&r=g","url":"https:\/\/secure.gravatar.com\/avatar\/3ea2118a5f7dad2b7138b1187a6b7ee55f160b9968b66013c3a3ef39dd7e5798?s=96&d=mm&r=g","contentUrl":"https:\/\/secure.gravatar.com\/avatar\/3ea2118a5f7dad2b7138b1187a6b7ee55f160b9968b66013c3a3ef39dd7e5798?s=96&d=mm&r=g","caption":"Jeanette"},"sameAs":["https:\/\/www.eldiario.net\/portal"],"url":"https:\/\/www.eldiario.net\/portal\/author\/jeanette\/"}]}},"_links":{"self":[{"href":"https:\/\/www.eldiario.net\/portal\/wp-json\/wp\/v2\/posts\/394556","targetHints":{"allow":["GET"]}}],"collection":[{"href":"https:\/\/www.eldiario.net\/portal\/wp-json\/wp\/v2\/posts"}],"about":[{"href":"https:\/\/www.eldiario.net\/portal\/wp-json\/wp\/v2\/types\/post"}],"author":[{"embeddable":true,"href":"https:\/\/www.eldiario.net\/portal\/wp-json\/wp\/v2\/users\/1"}],"replies":[{"embeddable":true,"href":"https:\/\/www.eldiario.net\/portal\/wp-json\/wp\/v2\/comments?post=394556"}],"version-history":[{"count":1,"href":"https:\/\/www.eldiario.net\/portal\/wp-json\/wp\/v2\/posts\/394556\/revisions"}],"predecessor-version":[{"id":394561,"href":"https:\/\/www.eldiario.net\/portal\/wp-json\/wp\/v2\/posts\/394556\/revisions\/394561"}],"wp:featuredmedia":[{"embeddable":true,"href":"https:\/\/www.eldiario.net\/portal\/wp-json\/wp\/v2\/media\/394557"}],"wp:attachment":[{"href":"https:\/\/www.eldiario.net\/portal\/wp-json\/wp\/v2\/media?parent=394556"}],"wp:term":[{"taxonomy":"category","embeddable":true,"href":"https:\/\/www.eldiario.net\/portal\/wp-json\/wp\/v2\/categories?post=394556"},{"taxonomy":"post_tag","embeddable":true,"href":"https:\/\/www.eldiario.net\/portal\/wp-json\/wp\/v2\/tags?post=394556"}],"curies":[{"name":"wp","href":"https:\/\/api.w.org\/{rel}","templated":true}]}}