{"id":394036,"date":"2026-05-14T06:28:13","date_gmt":"2026-05-14T10:28:13","guid":{"rendered":"https:\/\/www.eldiario.net\/portal\/?p=394036"},"modified":"2026-05-14T06:28:13","modified_gmt":"2026-05-14T10:28:13","slug":"detienen-a-hombre-con-bs-5-millones-e-indagan-origen-del-dinero","status":"publish","type":"post","link":"https:\/\/www.eldiario.net\/portal\/2026\/05\/14\/detienen-a-hombre-con-bs-5-millones-e-indagan-origen-del-dinero\/","title":{"rendered":"Detienen a hombre con Bs 5 millones  e indagan origen del dinero"},"content":{"rendered":"<p>La Polic\u00eda aprehendi\u00f3 a un hombre que transportaba cerca de Bs 5 millones en una maleta, luego de que no pudiera justificar el origen del dinero, por lo que fue abierto un proceso por legitimaci\u00f3n de ganancias il\u00edcitas y se investiga adem\u00e1s si tendr\u00eda relaci\u00f3n con los bloqueos registrados en el pa\u00eds.<\/p>\n<p>El director departamental de la Fuerza Especial de Lucha Contra el Crimen (Felcc), Henry Pinto, indic\u00f3 que la hip\u00f3tesis sobre una posible vinculaci\u00f3n con la financiaci\u00f3n de las protestas a\u00fan no est\u00e1 confirmada y forma parte de las l\u00edneas investigativas en desarrollo.<\/p>\n<p>De acuerdo con el reporte policial, la intervenci\u00f3n se realiz\u00f3 la noche del martes, momento en el que se aprehendi\u00f3 a una persona que portaba cerca de 4,8 millones de bolivianos en efectivo.<\/p>\n<p>Seg\u00fan la versi\u00f3n inicial del detenido, el dinero tendr\u00eda relaci\u00f3n con una supuesta venta de oro; sin embargo, hasta el momento no present\u00f3 documentaci\u00f3n que respalde esa afirmaci\u00f3n, situaci\u00f3n que mantiene en duda el origen legal de los fondos.<\/p>\n<p>En el operativo tambi\u00e9n fue aprehendido otro individuo que acompa\u00f1aba al principal investigado. Ambos fueron puestos a disposici\u00f3n de la unidad de legitimaci\u00f3n de ganancias il\u00edcitas, donde prestan declaraciones para determinar el destino real del dinero y si existe o no alguna actividad irregular vinculada al caso.<\/p>\n","protected":false},"excerpt":{"rendered":"<p>La Polic\u00eda aprehendi\u00f3 a un hombre que transportaba cerca de Bs 5 millones en una maleta, luego de que no pudiera justificar el origen del dinero, por lo que fue abierto un proceso por legitimaci\u00f3n de ganancias il\u00edcitas y se investiga adem\u00e1s si tendr\u00eda relaci\u00f3n con los bloqueos registrados en el pa\u00eds. El director departamental [&hellip;]<\/p>\n","protected":false},"author":1,"featured_media":394037,"comment_status":"closed","ping_status":"open","sticky":false,"template":"","format":"standard","meta":{"_acf_changed":false,"footnotes":""},"categories":[39],"tags":[],"class_list":["post-394036","post","type-post","status-publish","format-standard","has-post-thumbnail","category-sociedad"],"acf":{"antetitulo":""},"yoast_head":"<!-- This site is optimized with the Yoast SEO plugin v28.3 - https:\/\/yoast.com\/product\/yoast-seo-wordpress\/ -->\n<title>Detienen a hombre con Bs 5 millones e indagan origen del dinero - El Diario - Bolivia<\/title>\n<meta name=\"robots\" content=\"index, follow, max-snippet:-1, max-image-preview:large, max-video-preview:-1\" \/>\n<link rel=\"canonical\" href=\"https:\/\/www.eldiario.net\/portal\/2026\/05\/14\/detienen-a-hombre-con-bs-5-millones-e-indagan-origen-del-dinero\/\" \/>\n<meta property=\"og:locale\" content=\"es_ES\" \/>\n<meta property=\"og:type\" content=\"article\" \/>\n<meta property=\"og:title\" content=\"Detienen a hombre con Bs 5 millones e indagan origen del dinero - El Diario - Bolivia\" \/>\n<meta property=\"og:description\" content=\"La Polic\u00eda aprehendi\u00f3 a un hombre que transportaba cerca de Bs 5 millones en una maleta, luego de que no pudiera justificar el origen del dinero, por lo que fue abierto un proceso por legitimaci\u00f3n de ganancias il\u00edcitas y se investiga adem\u00e1s si tendr\u00eda relaci\u00f3n con los bloqueos registrados en el pa\u00eds. El director departamental [&hellip;]\" \/>\n<meta property=\"og:url\" content=\"https:\/\/www.eldiario.net\/portal\/2026\/05\/14\/detienen-a-hombre-con-bs-5-millones-e-indagan-origen-del-dinero\/\" \/>\n<meta property=\"og:site_name\" content=\"El Diario - Bolivia\" \/>\n<meta property=\"article:publisher\" content=\"https:\/\/www.facebook.com\/eldiario.bolivia\/\" \/>\n<meta property=\"article:published_time\" content=\"2026-05-14T10:28:13+00:00\" \/>\n<meta property=\"og:image\" content=\"https:\/\/www.eldiario.net\/portal\/wp-content\/uploads\/2026\/05\/DINERO-FOTO.webp\" \/>\n\t<meta property=\"og:image:width\" content=\"1013\" \/>\n\t<meta property=\"og:image:height\" content=\"619\" \/>\n\t<meta property=\"og:image:type\" content=\"image\/webp\" \/>\n<meta name=\"author\" content=\"Jeanette\" \/>\n<meta name=\"twitter:card\" content=\"summary_large_image\" \/>\n<meta name=\"twitter:creator\" content=\"@eldiario_net\" \/>\n<meta name=\"twitter:site\" content=\"@eldiario_net\" \/>\n<meta name=\"twitter:label1\" content=\"Escrito por\" \/>\n\t<meta name=\"twitter:data1\" content=\"Jeanette\" \/>\n\t<meta name=\"twitter:label2\" content=\"Tiempo de lectura\" \/>\n\t<meta name=\"twitter:data2\" content=\"2 minutos\" \/>\n<script type=\"application\/ld+json\" class=\"yoast-schema-graph\">{\"@context\":\"https:\\\/\\\/schema.org\",\"@graph\":[{\"@type\":\"Article\",\"@id\":\"https:\\\/\\\/www.eldiario.net\\\/portal\\\/2026\\\/05\\\/14\\\/detienen-a-hombre-con-bs-5-millones-e-indagan-origen-del-dinero\\\/#article\",\"isPartOf\":{\"@id\":\"https:\\\/\\\/www.eldiario.net\\\/portal\\\/2026\\\/05\\\/14\\\/detienen-a-hombre-con-bs-5-millones-e-indagan-origen-del-dinero\\\/\"},\"author\":{\"name\":\"Jeanette\",\"@id\":\"https:\\\/\\\/www.eldiario.net\\\/portal\\\/#\\\/schema\\\/person\\\/f46445640444750d7d753ccd04ae01b7\"},\"headline\":\"Detienen a hombre con Bs 5 millones e indagan origen del dinero\",\"datePublished\":\"2026-05-14T10:28:13+00:00\",\"mainEntityOfPage\":{\"@id\":\"https:\\\/\\\/www.eldiario.net\\\/portal\\\/2026\\\/05\\\/14\\\/detienen-a-hombre-con-bs-5-millones-e-indagan-origen-del-dinero\\\/\"},\"wordCount\":247,\"publisher\":{\"@id\":\"https:\\\/\\\/www.eldiario.net\\\/portal\\\/#organization\"},\"image\":{\"@id\":\"https:\\\/\\\/www.eldiario.net\\\/portal\\\/2026\\\/05\\\/14\\\/detienen-a-hombre-con-bs-5-millones-e-indagan-origen-del-dinero\\\/#primaryimage\"},\"thumbnailUrl\":\"https:\\\/\\\/www.eldiario.net\\\/portal\\\/wp-content\\\/uploads\\\/2026\\\/05\\\/DINERO-FOTO.webp\",\"articleSection\":[\"Sociedad - Seguridad\"],\"inLanguage\":\"es\"},{\"@type\":\"WebPage\",\"@id\":\"https:\\\/\\\/www.eldiario.net\\\/portal\\\/2026\\\/05\\\/14\\\/detienen-a-hombre-con-bs-5-millones-e-indagan-origen-del-dinero\\\/\",\"url\":\"https:\\\/\\\/www.eldiario.net\\\/portal\\\/2026\\\/05\\\/14\\\/detienen-a-hombre-con-bs-5-millones-e-indagan-origen-del-dinero\\\/\",\"name\":\"Detienen a hombre con Bs 5 millones e indagan origen del dinero - El Diario - Bolivia\",\"isPartOf\":{\"@id\":\"https:\\\/\\\/www.eldiario.net\\\/portal\\\/#website\"},\"primaryImageOfPage\":{\"@id\":\"https:\\\/\\\/www.eldiario.net\\\/portal\\\/2026\\\/05\\\/14\\\/detienen-a-hombre-con-bs-5-millones-e-indagan-origen-del-dinero\\\/#primaryimage\"},\"image\":{\"@id\":\"https:\\\/\\\/www.eldiario.net\\\/portal\\\/2026\\\/05\\\/14\\\/detienen-a-hombre-con-bs-5-millones-e-indagan-origen-del-dinero\\\/#primaryimage\"},\"thumbnailUrl\":\"https:\\\/\\\/www.eldiario.net\\\/portal\\\/wp-content\\\/uploads\\\/2026\\\/05\\\/DINERO-FOTO.webp\",\"datePublished\":\"2026-05-14T10:28:13+00:00\",\"breadcrumb\":{\"@id\":\"https:\\\/\\\/www.eldiario.net\\\/portal\\\/2026\\\/05\\\/14\\\/detienen-a-hombre-con-bs-5-millones-e-indagan-origen-del-dinero\\\/#breadcrumb\"},\"inLanguage\":\"es\",\"potentialAction\":[{\"@type\":\"ReadAction\",\"target\":[\"https:\\\/\\\/www.eldiario.net\\\/portal\\\/2026\\\/05\\\/14\\\/detienen-a-hombre-con-bs-5-millones-e-indagan-origen-del-dinero\\\/\"]}]},{\"@type\":\"ImageObject\",\"inLanguage\":\"es\",\"@id\":\"https:\\\/\\\/www.eldiario.net\\\/portal\\\/2026\\\/05\\\/14\\\/detienen-a-hombre-con-bs-5-millones-e-indagan-origen-del-dinero\\\/#primaryimage\",\"url\":\"https:\\\/\\\/www.eldiario.net\\\/portal\\\/wp-content\\\/uploads\\\/2026\\\/05\\\/DINERO-FOTO.webp\",\"contentUrl\":\"https:\\\/\\\/www.eldiario.net\\\/portal\\\/wp-content\\\/uploads\\\/2026\\\/05\\\/DINERO-FOTO.webp\",\"width\":1013,\"height\":619,\"caption\":\"El sujeto fue aprehendido alrededor de las 21:00 horas del martes. Cr\u00e9dito de foto: RRSS\"},{\"@type\":\"BreadcrumbList\",\"@id\":\"https:\\\/\\\/www.eldiario.net\\\/portal\\\/2026\\\/05\\\/14\\\/detienen-a-hombre-con-bs-5-millones-e-indagan-origen-del-dinero\\\/#breadcrumb\",\"itemListElement\":[{\"@type\":\"ListItem\",\"position\":1,\"name\":\"Portada\",\"item\":\"https:\\\/\\\/www.eldiario.net\\\/portal\\\/\"},{\"@type\":\"ListItem\",\"position\":2,\"name\":\"Detienen a hombre con Bs 5 millones e indagan origen del dinero\"}]},{\"@type\":\"WebSite\",\"@id\":\"https:\\\/\\\/www.eldiario.net\\\/portal\\\/#website\",\"url\":\"https:\\\/\\\/www.eldiario.net\\\/portal\\\/\",\"name\":\"El Diario - Decano de la prensa nacional\",\"description\":\"El Diario - Decano de la prensa nacional\",\"publisher\":{\"@id\":\"https:\\\/\\\/www.eldiario.net\\\/portal\\\/#organization\"},\"potentialAction\":[{\"@type\":\"SearchAction\",\"target\":{\"@type\":\"EntryPoint\",\"urlTemplate\":\"https:\\\/\\\/www.eldiario.net\\\/portal\\\/?s={search_term_string}\"},\"query-input\":{\"@type\":\"PropertyValueSpecification\",\"valueRequired\":true,\"valueName\":\"search_term_string\"}}],\"inLanguage\":\"es\"},{\"@type\":\"Organization\",\"@id\":\"https:\\\/\\\/www.eldiario.net\\\/portal\\\/#organization\",\"name\":\"El Diario - Decano de la prensa nacional\",\"url\":\"https:\\\/\\\/www.eldiario.net\\\/portal\\\/\",\"logo\":{\"@type\":\"ImageObject\",\"inLanguage\":\"es\",\"@id\":\"https:\\\/\\\/www.eldiario.net\\\/portal\\\/#\\\/schema\\\/logo\\\/image\\\/\",\"url\":\"https:\\\/\\\/www.eldiario.net\\\/portal\\\/wp-content\\\/uploads\\\/2023\\\/07\\\/logo_ED.jpg\",\"contentUrl\":\"https:\\\/\\\/www.eldiario.net\\\/portal\\\/wp-content\\\/uploads\\\/2023\\\/07\\\/logo_ED.jpg\",\"width\":272,\"height\":52,\"caption\":\"El Diario - Decano de la prensa nacional\"},\"image\":{\"@id\":\"https:\\\/\\\/www.eldiario.net\\\/portal\\\/#\\\/schema\\\/logo\\\/image\\\/\"},\"sameAs\":[\"https:\\\/\\\/www.facebook.com\\\/eldiario.bolivia\\\/\",\"https:\\\/\\\/x.com\\\/eldiario_net\"]},{\"@type\":\"Person\",\"@id\":\"https:\\\/\\\/www.eldiario.net\\\/portal\\\/#\\\/schema\\\/person\\\/f46445640444750d7d753ccd04ae01b7\",\"name\":\"Jeanette\",\"image\":{\"@type\":\"ImageObject\",\"inLanguage\":\"es\",\"@id\":\"https:\\\/\\\/secure.gravatar.com\\\/avatar\\\/3ea2118a5f7dad2b7138b1187a6b7ee55f160b9968b66013c3a3ef39dd7e5798?s=96&d=mm&r=g\",\"url\":\"https:\\\/\\\/secure.gravatar.com\\\/avatar\\\/3ea2118a5f7dad2b7138b1187a6b7ee55f160b9968b66013c3a3ef39dd7e5798?s=96&d=mm&r=g\",\"contentUrl\":\"https:\\\/\\\/secure.gravatar.com\\\/avatar\\\/3ea2118a5f7dad2b7138b1187a6b7ee55f160b9968b66013c3a3ef39dd7e5798?s=96&d=mm&r=g\",\"caption\":\"Jeanette\"},\"sameAs\":[\"https:\\\/\\\/www.eldiario.net\\\/portal\"],\"url\":\"https:\\\/\\\/www.eldiario.net\\\/portal\\\/author\\\/jeanette\\\/\"}]}<\/script>\n<!-- \/ Yoast SEO plugin. -->","yoast_head_json":{"title":"Detienen a hombre con Bs 5 millones e indagan origen del dinero - El Diario - Bolivia","robots":{"index":"index","follow":"follow","max-snippet":"max-snippet:-1","max-image-preview":"max-image-preview:large","max-video-preview":"max-video-preview:-1"},"canonical":"https:\/\/www.eldiario.net\/portal\/2026\/05\/14\/detienen-a-hombre-con-bs-5-millones-e-indagan-origen-del-dinero\/","og_locale":"es_ES","og_type":"article","og_title":"Detienen a hombre con Bs 5 millones e indagan origen del dinero - El Diario - Bolivia","og_description":"La Polic\u00eda aprehendi\u00f3 a un hombre que transportaba cerca de Bs 5 millones en una maleta, luego de que no pudiera justificar el origen del dinero, por lo que fue abierto un proceso por legitimaci\u00f3n de ganancias il\u00edcitas y se investiga adem\u00e1s si tendr\u00eda relaci\u00f3n con los bloqueos registrados en el pa\u00eds. El director departamental [&hellip;]","og_url":"https:\/\/www.eldiario.net\/portal\/2026\/05\/14\/detienen-a-hombre-con-bs-5-millones-e-indagan-origen-del-dinero\/","og_site_name":"El Diario - Bolivia","article_publisher":"https:\/\/www.facebook.com\/eldiario.bolivia\/","article_published_time":"2026-05-14T10:28:13+00:00","og_image":[{"width":1013,"height":619,"url":"https:\/\/www.eldiario.net\/portal\/wp-content\/uploads\/2026\/05\/DINERO-FOTO.webp","type":"image\/webp"}],"author":"Jeanette","twitter_card":"summary_large_image","twitter_creator":"@eldiario_net","twitter_site":"@eldiario_net","twitter_misc":{"Escrito por":"Jeanette","Tiempo de lectura":"2 minutos"},"schema":{"@context":"https:\/\/schema.org","@graph":[{"@type":"Article","@id":"https:\/\/www.eldiario.net\/portal\/2026\/05\/14\/detienen-a-hombre-con-bs-5-millones-e-indagan-origen-del-dinero\/#article","isPartOf":{"@id":"https:\/\/www.eldiario.net\/portal\/2026\/05\/14\/detienen-a-hombre-con-bs-5-millones-e-indagan-origen-del-dinero\/"},"author":{"name":"Jeanette","@id":"https:\/\/www.eldiario.net\/portal\/#\/schema\/person\/f46445640444750d7d753ccd04ae01b7"},"headline":"Detienen a hombre con Bs 5 millones e indagan origen del dinero","datePublished":"2026-05-14T10:28:13+00:00","mainEntityOfPage":{"@id":"https:\/\/www.eldiario.net\/portal\/2026\/05\/14\/detienen-a-hombre-con-bs-5-millones-e-indagan-origen-del-dinero\/"},"wordCount":247,"publisher":{"@id":"https:\/\/www.eldiario.net\/portal\/#organization"},"image":{"@id":"https:\/\/www.eldiario.net\/portal\/2026\/05\/14\/detienen-a-hombre-con-bs-5-millones-e-indagan-origen-del-dinero\/#primaryimage"},"thumbnailUrl":"https:\/\/www.eldiario.net\/portal\/wp-content\/uploads\/2026\/05\/DINERO-FOTO.webp","articleSection":["Sociedad - Seguridad"],"inLanguage":"es"},{"@type":"WebPage","@id":"https:\/\/www.eldiario.net\/portal\/2026\/05\/14\/detienen-a-hombre-con-bs-5-millones-e-indagan-origen-del-dinero\/","url":"https:\/\/www.eldiario.net\/portal\/2026\/05\/14\/detienen-a-hombre-con-bs-5-millones-e-indagan-origen-del-dinero\/","name":"Detienen a hombre con Bs 5 millones e indagan origen del dinero - El Diario - Bolivia","isPartOf":{"@id":"https:\/\/www.eldiario.net\/portal\/#website"},"primaryImageOfPage":{"@id":"https:\/\/www.eldiario.net\/portal\/2026\/05\/14\/detienen-a-hombre-con-bs-5-millones-e-indagan-origen-del-dinero\/#primaryimage"},"image":{"@id":"https:\/\/www.eldiario.net\/portal\/2026\/05\/14\/detienen-a-hombre-con-bs-5-millones-e-indagan-origen-del-dinero\/#primaryimage"},"thumbnailUrl":"https:\/\/www.eldiario.net\/portal\/wp-content\/uploads\/2026\/05\/DINERO-FOTO.webp","datePublished":"2026-05-14T10:28:13+00:00","breadcrumb":{"@id":"https:\/\/www.eldiario.net\/portal\/2026\/05\/14\/detienen-a-hombre-con-bs-5-millones-e-indagan-origen-del-dinero\/#breadcrumb"},"inLanguage":"es","potentialAction":[{"@type":"ReadAction","target":["https:\/\/www.eldiario.net\/portal\/2026\/05\/14\/detienen-a-hombre-con-bs-5-millones-e-indagan-origen-del-dinero\/"]}]},{"@type":"ImageObject","inLanguage":"es","@id":"https:\/\/www.eldiario.net\/portal\/2026\/05\/14\/detienen-a-hombre-con-bs-5-millones-e-indagan-origen-del-dinero\/#primaryimage","url":"https:\/\/www.eldiario.net\/portal\/wp-content\/uploads\/2026\/05\/DINERO-FOTO.webp","contentUrl":"https:\/\/www.eldiario.net\/portal\/wp-content\/uploads\/2026\/05\/DINERO-FOTO.webp","width":1013,"height":619,"caption":"El sujeto fue aprehendido alrededor de las 21:00 horas del martes. Cr\u00e9dito de foto: RRSS"},{"@type":"BreadcrumbList","@id":"https:\/\/www.eldiario.net\/portal\/2026\/05\/14\/detienen-a-hombre-con-bs-5-millones-e-indagan-origen-del-dinero\/#breadcrumb","itemListElement":[{"@type":"ListItem","position":1,"name":"Portada","item":"https:\/\/www.eldiario.net\/portal\/"},{"@type":"ListItem","position":2,"name":"Detienen a hombre con Bs 5 millones e indagan origen del dinero"}]},{"@type":"WebSite","@id":"https:\/\/www.eldiario.net\/portal\/#website","url":"https:\/\/www.eldiario.net\/portal\/","name":"El Diario - Decano de la prensa nacional","description":"El Diario - Decano de la prensa nacional","publisher":{"@id":"https:\/\/www.eldiario.net\/portal\/#organization"},"potentialAction":[{"@type":"SearchAction","target":{"@type":"EntryPoint","urlTemplate":"https:\/\/www.eldiario.net\/portal\/?s={search_term_string}"},"query-input":{"@type":"PropertyValueSpecification","valueRequired":true,"valueName":"search_term_string"}}],"inLanguage":"es"},{"@type":"Organization","@id":"https:\/\/www.eldiario.net\/portal\/#organization","name":"El Diario - Decano de la prensa nacional","url":"https:\/\/www.eldiario.net\/portal\/","logo":{"@type":"ImageObject","inLanguage":"es","@id":"https:\/\/www.eldiario.net\/portal\/#\/schema\/logo\/image\/","url":"https:\/\/www.eldiario.net\/portal\/wp-content\/uploads\/2023\/07\/logo_ED.jpg","contentUrl":"https:\/\/www.eldiario.net\/portal\/wp-content\/uploads\/2023\/07\/logo_ED.jpg","width":272,"height":52,"caption":"El Diario - Decano de la prensa nacional"},"image":{"@id":"https:\/\/www.eldiario.net\/portal\/#\/schema\/logo\/image\/"},"sameAs":["https:\/\/www.facebook.com\/eldiario.bolivia\/","https:\/\/x.com\/eldiario_net"]},{"@type":"Person","@id":"https:\/\/www.eldiario.net\/portal\/#\/schema\/person\/f46445640444750d7d753ccd04ae01b7","name":"Jeanette","image":{"@type":"ImageObject","inLanguage":"es","@id":"https:\/\/secure.gravatar.com\/avatar\/3ea2118a5f7dad2b7138b1187a6b7ee55f160b9968b66013c3a3ef39dd7e5798?s=96&d=mm&r=g","url":"https:\/\/secure.gravatar.com\/avatar\/3ea2118a5f7dad2b7138b1187a6b7ee55f160b9968b66013c3a3ef39dd7e5798?s=96&d=mm&r=g","contentUrl":"https:\/\/secure.gravatar.com\/avatar\/3ea2118a5f7dad2b7138b1187a6b7ee55f160b9968b66013c3a3ef39dd7e5798?s=96&d=mm&r=g","caption":"Jeanette"},"sameAs":["https:\/\/www.eldiario.net\/portal"],"url":"https:\/\/www.eldiario.net\/portal\/author\/jeanette\/"}]}},"_links":{"self":[{"href":"https:\/\/www.eldiario.net\/portal\/wp-json\/wp\/v2\/posts\/394036","targetHints":{"allow":["GET"]}}],"collection":[{"href":"https:\/\/www.eldiario.net\/portal\/wp-json\/wp\/v2\/posts"}],"about":[{"href":"https:\/\/www.eldiario.net\/portal\/wp-json\/wp\/v2\/types\/post"}],"author":[{"embeddable":true,"href":"https:\/\/www.eldiario.net\/portal\/wp-json\/wp\/v2\/users\/1"}],"replies":[{"embeddable":true,"href":"https:\/\/www.eldiario.net\/portal\/wp-json\/wp\/v2\/comments?post=394036"}],"version-history":[{"count":1,"href":"https:\/\/www.eldiario.net\/portal\/wp-json\/wp\/v2\/posts\/394036\/revisions"}],"predecessor-version":[{"id":394038,"href":"https:\/\/www.eldiario.net\/portal\/wp-json\/wp\/v2\/posts\/394036\/revisions\/394038"}],"wp:featuredmedia":[{"embeddable":true,"href":"https:\/\/www.eldiario.net\/portal\/wp-json\/wp\/v2\/media\/394037"}],"wp:attachment":[{"href":"https:\/\/www.eldiario.net\/portal\/wp-json\/wp\/v2\/media?parent=394036"}],"wp:term":[{"taxonomy":"category","embeddable":true,"href":"https:\/\/www.eldiario.net\/portal\/wp-json\/wp\/v2\/categories?post=394036"},{"taxonomy":"post_tag","embeddable":true,"href":"https:\/\/www.eldiario.net\/portal\/wp-json\/wp\/v2\/tags?post=394036"}],"curies":[{"name":"wp","href":"https:\/\/api.w.org\/{rel}","templated":true}]}}