{"id":394030,"date":"2026-05-14T06:26:24","date_gmt":"2026-05-14T10:26:24","guid":{"rendered":"https:\/\/www.eldiario.net\/portal\/?p=394030"},"modified":"2026-05-14T06:26:24","modified_gmt":"2026-05-14T10:26:24","slug":"atracadores-hieren-de-bala-a-un-hombre-por-un-celular","status":"publish","type":"post","link":"https:\/\/www.eldiario.net\/portal\/2026\/05\/14\/atracadores-hieren-de-bala-a-un-hombre-por-un-celular\/","title":{"rendered":"Atracadores hieren de bala a un hombre por un celular"},"content":{"rendered":"<p>Un hombre de 29 a\u00f1os result\u00f3 herido de bala durante un atraco registrado la madrugada del mi\u00e9rcoles en la zona de la Radial 10 y avenida 16 de Julio, luego de que dos delincuentes le robaran su celular y uno de ellos le disparara en la pierna cuando intent\u00f3 resistirse al asalto; la v\u00edctima permanece a la espera de una cirug\u00eda por las lesiones sufridas.<\/p>\n<p>De acuerdo con el director de la Estaci\u00f3n Policial Integral (EPI) 5, William Benavides, el hecho ocurri\u00f3 alrededor de las 02:00, cuando la v\u00edctima se encontraba esperando un veh\u00edculo solicitado mediante aplicaci\u00f3n m\u00f3vil.<\/p>\n<p>Seg\u00fan el informe policial, dos personas que se movilizaban en motocicleta llegaron al lugar e intentaron sustraerle el tel\u00e9fono celular. Ante la resistencia de la v\u00edctima, se produjo un forcejeo durante el cual uno de los agresores le dispar\u00f3 en la pierna izquierda, tras lo cual ambos huyeron del lugar.<\/p>\n<p>Vecinos del sector auxiliaron al joven y personal policial lo traslad\u00f3 inicialmente a la cl\u00ednica San Isidro, donde recibi\u00f3 atenci\u00f3n m\u00e9dica y qued\u00f3 en observaci\u00f3n, activ\u00e1ndose el Plan Z.<\/p>\n<p>Posteriormente, el paciente fue derivado a otro centro de salud, donde una radiograf\u00eda confirm\u00f3 la presencia de un proyectil en el muslo izquierdo.<\/p>\n<p>La m\u00e9dica de emergencia Laura Callejas inform\u00f3 que el joven fue trasladado al hospital del Plan 3000 para continuar con su atenci\u00f3n.<\/p>\n<p>La Polic\u00eda inici\u00f3 las investigaciones correspondientes para identificar y capturar a los responsables. (Con informaci\u00f3n de Unitel)<\/p>\n","protected":false},"excerpt":{"rendered":"<p>Un hombre de 29 a\u00f1os result\u00f3 herido de bala durante un atraco registrado la madrugada del mi\u00e9rcoles en la zona de la Radial 10 y avenida 16 de Julio, luego de que dos delincuentes le robaran su celular y uno de ellos le disparara en la pierna cuando intent\u00f3 resistirse al asalto; la v\u00edctima permanece [&hellip;]<\/p>\n","protected":false},"author":1,"featured_media":394031,"comment_status":"closed","ping_status":"open","sticky":false,"template":"","format":"standard","meta":{"_acf_changed":false,"footnotes":""},"categories":[39],"tags":[],"class_list":["post-394030","post","type-post","status-publish","format-standard","has-post-thumbnail","category-sociedad"],"acf":{"antetitulo":"Santa Cruz"},"yoast_head":"<!-- This site is optimized with the Yoast SEO plugin v28.3 - https:\/\/yoast.com\/product\/yoast-seo-wordpress\/ -->\n<title>Atracadores hieren de bala a un hombre por un celular - El Diario - Bolivia<\/title>\n<meta name=\"robots\" content=\"index, follow, max-snippet:-1, max-image-preview:large, max-video-preview:-1\" \/>\n<link rel=\"canonical\" href=\"https:\/\/www.eldiario.net\/portal\/2026\/05\/14\/atracadores-hieren-de-bala-a-un-hombre-por-un-celular\/\" \/>\n<meta property=\"og:locale\" content=\"es_ES\" \/>\n<meta property=\"og:type\" content=\"article\" \/>\n<meta property=\"og:title\" content=\"Atracadores hieren de bala a un hombre por un celular - El Diario - Bolivia\" \/>\n<meta property=\"og:description\" content=\"Un hombre de 29 a\u00f1os result\u00f3 herido de bala durante un atraco registrado la madrugada del mi\u00e9rcoles en la zona de la Radial 10 y avenida 16 de Julio, luego de que dos delincuentes le robaran su celular y uno de ellos le disparara en la pierna cuando intent\u00f3 resistirse al asalto; la v\u00edctima permanece [&hellip;]\" \/>\n<meta property=\"og:url\" content=\"https:\/\/www.eldiario.net\/portal\/2026\/05\/14\/atracadores-hieren-de-bala-a-un-hombre-por-un-celular\/\" \/>\n<meta property=\"og:site_name\" content=\"El Diario - Bolivia\" \/>\n<meta property=\"article:publisher\" content=\"https:\/\/www.facebook.com\/eldiario.bolivia\/\" \/>\n<meta property=\"article:published_time\" content=\"2026-05-14T10:26:24+00:00\" \/>\n<meta property=\"og:image\" content=\"https:\/\/www.eldiario.net\/portal\/wp-content\/uploads\/2026\/05\/ROBO-FOTO.webp\" \/>\n\t<meta property=\"og:image:width\" content=\"530\" \/>\n\t<meta property=\"og:image:height\" content=\"298\" \/>\n\t<meta property=\"og:image:type\" content=\"image\/webp\" \/>\n<meta name=\"author\" content=\"Jeanette\" \/>\n<meta name=\"twitter:card\" content=\"summary_large_image\" \/>\n<meta name=\"twitter:creator\" content=\"@eldiario_net\" \/>\n<meta name=\"twitter:site\" content=\"@eldiario_net\" \/>\n<meta name=\"twitter:label1\" content=\"Escrito por\" \/>\n\t<meta name=\"twitter:data1\" content=\"Jeanette\" \/>\n\t<meta name=\"twitter:label2\" content=\"Tiempo de lectura\" \/>\n\t<meta name=\"twitter:data2\" content=\"2 minutos\" \/>\n<script type=\"application\/ld+json\" class=\"yoast-schema-graph\">{\"@context\":\"https:\\\/\\\/schema.org\",\"@graph\":[{\"@type\":\"Article\",\"@id\":\"https:\\\/\\\/www.eldiario.net\\\/portal\\\/2026\\\/05\\\/14\\\/atracadores-hieren-de-bala-a-un-hombre-por-un-celular\\\/#article\",\"isPartOf\":{\"@id\":\"https:\\\/\\\/www.eldiario.net\\\/portal\\\/2026\\\/05\\\/14\\\/atracadores-hieren-de-bala-a-un-hombre-por-un-celular\\\/\"},\"author\":{\"name\":\"Jeanette\",\"@id\":\"https:\\\/\\\/www.eldiario.net\\\/portal\\\/#\\\/schema\\\/person\\\/f46445640444750d7d753ccd04ae01b7\"},\"headline\":\"Atracadores hieren de bala a un hombre por un celular\",\"datePublished\":\"2026-05-14T10:26:24+00:00\",\"mainEntityOfPage\":{\"@id\":\"https:\\\/\\\/www.eldiario.net\\\/portal\\\/2026\\\/05\\\/14\\\/atracadores-hieren-de-bala-a-un-hombre-por-un-celular\\\/\"},\"wordCount\":265,\"publisher\":{\"@id\":\"https:\\\/\\\/www.eldiario.net\\\/portal\\\/#organization\"},\"image\":{\"@id\":\"https:\\\/\\\/www.eldiario.net\\\/portal\\\/2026\\\/05\\\/14\\\/atracadores-hieren-de-bala-a-un-hombre-por-un-celular\\\/#primaryimage\"},\"thumbnailUrl\":\"https:\\\/\\\/www.eldiario.net\\\/portal\\\/wp-content\\\/uploads\\\/2026\\\/05\\\/ROBO-FOTO.webp\",\"articleSection\":[\"Sociedad - Seguridad\"],\"inLanguage\":\"es\"},{\"@type\":\"WebPage\",\"@id\":\"https:\\\/\\\/www.eldiario.net\\\/portal\\\/2026\\\/05\\\/14\\\/atracadores-hieren-de-bala-a-un-hombre-por-un-celular\\\/\",\"url\":\"https:\\\/\\\/www.eldiario.net\\\/portal\\\/2026\\\/05\\\/14\\\/atracadores-hieren-de-bala-a-un-hombre-por-un-celular\\\/\",\"name\":\"Atracadores hieren de bala a un hombre por un celular - El Diario - Bolivia\",\"isPartOf\":{\"@id\":\"https:\\\/\\\/www.eldiario.net\\\/portal\\\/#website\"},\"primaryImageOfPage\":{\"@id\":\"https:\\\/\\\/www.eldiario.net\\\/portal\\\/2026\\\/05\\\/14\\\/atracadores-hieren-de-bala-a-un-hombre-por-un-celular\\\/#primaryimage\"},\"image\":{\"@id\":\"https:\\\/\\\/www.eldiario.net\\\/portal\\\/2026\\\/05\\\/14\\\/atracadores-hieren-de-bala-a-un-hombre-por-un-celular\\\/#primaryimage\"},\"thumbnailUrl\":\"https:\\\/\\\/www.eldiario.net\\\/portal\\\/wp-content\\\/uploads\\\/2026\\\/05\\\/ROBO-FOTO.webp\",\"datePublished\":\"2026-05-14T10:26:24+00:00\",\"breadcrumb\":{\"@id\":\"https:\\\/\\\/www.eldiario.net\\\/portal\\\/2026\\\/05\\\/14\\\/atracadores-hieren-de-bala-a-un-hombre-por-un-celular\\\/#breadcrumb\"},\"inLanguage\":\"es\",\"potentialAction\":[{\"@type\":\"ReadAction\",\"target\":[\"https:\\\/\\\/www.eldiario.net\\\/portal\\\/2026\\\/05\\\/14\\\/atracadores-hieren-de-bala-a-un-hombre-por-un-celular\\\/\"]}]},{\"@type\":\"ImageObject\",\"inLanguage\":\"es\",\"@id\":\"https:\\\/\\\/www.eldiario.net\\\/portal\\\/2026\\\/05\\\/14\\\/atracadores-hieren-de-bala-a-un-hombre-por-un-celular\\\/#primaryimage\",\"url\":\"https:\\\/\\\/www.eldiario.net\\\/portal\\\/wp-content\\\/uploads\\\/2026\\\/05\\\/ROBO-FOTO.webp\",\"contentUrl\":\"https:\\\/\\\/www.eldiario.net\\\/portal\\\/wp-content\\\/uploads\\\/2026\\\/05\\\/ROBO-FOTO.webp\",\"width\":530,\"height\":298,\"caption\":\"Imagen referencial. Cr\u00e9dito de foto: Internet\"},{\"@type\":\"BreadcrumbList\",\"@id\":\"https:\\\/\\\/www.eldiario.net\\\/portal\\\/2026\\\/05\\\/14\\\/atracadores-hieren-de-bala-a-un-hombre-por-un-celular\\\/#breadcrumb\",\"itemListElement\":[{\"@type\":\"ListItem\",\"position\":1,\"name\":\"Portada\",\"item\":\"https:\\\/\\\/www.eldiario.net\\\/portal\\\/\"},{\"@type\":\"ListItem\",\"position\":2,\"name\":\"Atracadores hieren de bala a un hombre por un celular\"}]},{\"@type\":\"WebSite\",\"@id\":\"https:\\\/\\\/www.eldiario.net\\\/portal\\\/#website\",\"url\":\"https:\\\/\\\/www.eldiario.net\\\/portal\\\/\",\"name\":\"El Diario - Decano de la prensa nacional\",\"description\":\"El Diario - Decano de la prensa nacional\",\"publisher\":{\"@id\":\"https:\\\/\\\/www.eldiario.net\\\/portal\\\/#organization\"},\"potentialAction\":[{\"@type\":\"SearchAction\",\"target\":{\"@type\":\"EntryPoint\",\"urlTemplate\":\"https:\\\/\\\/www.eldiario.net\\\/portal\\\/?s={search_term_string}\"},\"query-input\":{\"@type\":\"PropertyValueSpecification\",\"valueRequired\":true,\"valueName\":\"search_term_string\"}}],\"inLanguage\":\"es\"},{\"@type\":\"Organization\",\"@id\":\"https:\\\/\\\/www.eldiario.net\\\/portal\\\/#organization\",\"name\":\"El Diario - Decano de la prensa nacional\",\"url\":\"https:\\\/\\\/www.eldiario.net\\\/portal\\\/\",\"logo\":{\"@type\":\"ImageObject\",\"inLanguage\":\"es\",\"@id\":\"https:\\\/\\\/www.eldiario.net\\\/portal\\\/#\\\/schema\\\/logo\\\/image\\\/\",\"url\":\"https:\\\/\\\/www.eldiario.net\\\/portal\\\/wp-content\\\/uploads\\\/2023\\\/07\\\/logo_ED.jpg\",\"contentUrl\":\"https:\\\/\\\/www.eldiario.net\\\/portal\\\/wp-content\\\/uploads\\\/2023\\\/07\\\/logo_ED.jpg\",\"width\":272,\"height\":52,\"caption\":\"El Diario - Decano de la prensa nacional\"},\"image\":{\"@id\":\"https:\\\/\\\/www.eldiario.net\\\/portal\\\/#\\\/schema\\\/logo\\\/image\\\/\"},\"sameAs\":[\"https:\\\/\\\/www.facebook.com\\\/eldiario.bolivia\\\/\",\"https:\\\/\\\/x.com\\\/eldiario_net\"]},{\"@type\":\"Person\",\"@id\":\"https:\\\/\\\/www.eldiario.net\\\/portal\\\/#\\\/schema\\\/person\\\/f46445640444750d7d753ccd04ae01b7\",\"name\":\"Jeanette\",\"image\":{\"@type\":\"ImageObject\",\"inLanguage\":\"es\",\"@id\":\"https:\\\/\\\/secure.gravatar.com\\\/avatar\\\/3ea2118a5f7dad2b7138b1187a6b7ee55f160b9968b66013c3a3ef39dd7e5798?s=96&d=mm&r=g\",\"url\":\"https:\\\/\\\/secure.gravatar.com\\\/avatar\\\/3ea2118a5f7dad2b7138b1187a6b7ee55f160b9968b66013c3a3ef39dd7e5798?s=96&d=mm&r=g\",\"contentUrl\":\"https:\\\/\\\/secure.gravatar.com\\\/avatar\\\/3ea2118a5f7dad2b7138b1187a6b7ee55f160b9968b66013c3a3ef39dd7e5798?s=96&d=mm&r=g\",\"caption\":\"Jeanette\"},\"sameAs\":[\"https:\\\/\\\/www.eldiario.net\\\/portal\"],\"url\":\"https:\\\/\\\/www.eldiario.net\\\/portal\\\/author\\\/jeanette\\\/\"}]}<\/script>\n<!-- \/ Yoast SEO plugin. -->","yoast_head_json":{"title":"Atracadores hieren de bala a un hombre por un celular - El Diario - Bolivia","robots":{"index":"index","follow":"follow","max-snippet":"max-snippet:-1","max-image-preview":"max-image-preview:large","max-video-preview":"max-video-preview:-1"},"canonical":"https:\/\/www.eldiario.net\/portal\/2026\/05\/14\/atracadores-hieren-de-bala-a-un-hombre-por-un-celular\/","og_locale":"es_ES","og_type":"article","og_title":"Atracadores hieren de bala a un hombre por un celular - El Diario - Bolivia","og_description":"Un hombre de 29 a\u00f1os result\u00f3 herido de bala durante un atraco registrado la madrugada del mi\u00e9rcoles en la zona de la Radial 10 y avenida 16 de Julio, luego de que dos delincuentes le robaran su celular y uno de ellos le disparara en la pierna cuando intent\u00f3 resistirse al asalto; la v\u00edctima permanece [&hellip;]","og_url":"https:\/\/www.eldiario.net\/portal\/2026\/05\/14\/atracadores-hieren-de-bala-a-un-hombre-por-un-celular\/","og_site_name":"El Diario - Bolivia","article_publisher":"https:\/\/www.facebook.com\/eldiario.bolivia\/","article_published_time":"2026-05-14T10:26:24+00:00","og_image":[{"width":530,"height":298,"url":"https:\/\/www.eldiario.net\/portal\/wp-content\/uploads\/2026\/05\/ROBO-FOTO.webp","type":"image\/webp"}],"author":"Jeanette","twitter_card":"summary_large_image","twitter_creator":"@eldiario_net","twitter_site":"@eldiario_net","twitter_misc":{"Escrito por":"Jeanette","Tiempo de lectura":"2 minutos"},"schema":{"@context":"https:\/\/schema.org","@graph":[{"@type":"Article","@id":"https:\/\/www.eldiario.net\/portal\/2026\/05\/14\/atracadores-hieren-de-bala-a-un-hombre-por-un-celular\/#article","isPartOf":{"@id":"https:\/\/www.eldiario.net\/portal\/2026\/05\/14\/atracadores-hieren-de-bala-a-un-hombre-por-un-celular\/"},"author":{"name":"Jeanette","@id":"https:\/\/www.eldiario.net\/portal\/#\/schema\/person\/f46445640444750d7d753ccd04ae01b7"},"headline":"Atracadores hieren de bala a un hombre por un celular","datePublished":"2026-05-14T10:26:24+00:00","mainEntityOfPage":{"@id":"https:\/\/www.eldiario.net\/portal\/2026\/05\/14\/atracadores-hieren-de-bala-a-un-hombre-por-un-celular\/"},"wordCount":265,"publisher":{"@id":"https:\/\/www.eldiario.net\/portal\/#organization"},"image":{"@id":"https:\/\/www.eldiario.net\/portal\/2026\/05\/14\/atracadores-hieren-de-bala-a-un-hombre-por-un-celular\/#primaryimage"},"thumbnailUrl":"https:\/\/www.eldiario.net\/portal\/wp-content\/uploads\/2026\/05\/ROBO-FOTO.webp","articleSection":["Sociedad - Seguridad"],"inLanguage":"es"},{"@type":"WebPage","@id":"https:\/\/www.eldiario.net\/portal\/2026\/05\/14\/atracadores-hieren-de-bala-a-un-hombre-por-un-celular\/","url":"https:\/\/www.eldiario.net\/portal\/2026\/05\/14\/atracadores-hieren-de-bala-a-un-hombre-por-un-celular\/","name":"Atracadores hieren de bala a un hombre por un celular - El Diario - Bolivia","isPartOf":{"@id":"https:\/\/www.eldiario.net\/portal\/#website"},"primaryImageOfPage":{"@id":"https:\/\/www.eldiario.net\/portal\/2026\/05\/14\/atracadores-hieren-de-bala-a-un-hombre-por-un-celular\/#primaryimage"},"image":{"@id":"https:\/\/www.eldiario.net\/portal\/2026\/05\/14\/atracadores-hieren-de-bala-a-un-hombre-por-un-celular\/#primaryimage"},"thumbnailUrl":"https:\/\/www.eldiario.net\/portal\/wp-content\/uploads\/2026\/05\/ROBO-FOTO.webp","datePublished":"2026-05-14T10:26:24+00:00","breadcrumb":{"@id":"https:\/\/www.eldiario.net\/portal\/2026\/05\/14\/atracadores-hieren-de-bala-a-un-hombre-por-un-celular\/#breadcrumb"},"inLanguage":"es","potentialAction":[{"@type":"ReadAction","target":["https:\/\/www.eldiario.net\/portal\/2026\/05\/14\/atracadores-hieren-de-bala-a-un-hombre-por-un-celular\/"]}]},{"@type":"ImageObject","inLanguage":"es","@id":"https:\/\/www.eldiario.net\/portal\/2026\/05\/14\/atracadores-hieren-de-bala-a-un-hombre-por-un-celular\/#primaryimage","url":"https:\/\/www.eldiario.net\/portal\/wp-content\/uploads\/2026\/05\/ROBO-FOTO.webp","contentUrl":"https:\/\/www.eldiario.net\/portal\/wp-content\/uploads\/2026\/05\/ROBO-FOTO.webp","width":530,"height":298,"caption":"Imagen referencial. Cr\u00e9dito de foto: Internet"},{"@type":"BreadcrumbList","@id":"https:\/\/www.eldiario.net\/portal\/2026\/05\/14\/atracadores-hieren-de-bala-a-un-hombre-por-un-celular\/#breadcrumb","itemListElement":[{"@type":"ListItem","position":1,"name":"Portada","item":"https:\/\/www.eldiario.net\/portal\/"},{"@type":"ListItem","position":2,"name":"Atracadores hieren de bala a un hombre por un celular"}]},{"@type":"WebSite","@id":"https:\/\/www.eldiario.net\/portal\/#website","url":"https:\/\/www.eldiario.net\/portal\/","name":"El Diario - Decano de la prensa nacional","description":"El Diario - Decano de la prensa nacional","publisher":{"@id":"https:\/\/www.eldiario.net\/portal\/#organization"},"potentialAction":[{"@type":"SearchAction","target":{"@type":"EntryPoint","urlTemplate":"https:\/\/www.eldiario.net\/portal\/?s={search_term_string}"},"query-input":{"@type":"PropertyValueSpecification","valueRequired":true,"valueName":"search_term_string"}}],"inLanguage":"es"},{"@type":"Organization","@id":"https:\/\/www.eldiario.net\/portal\/#organization","name":"El Diario - Decano de la prensa nacional","url":"https:\/\/www.eldiario.net\/portal\/","logo":{"@type":"ImageObject","inLanguage":"es","@id":"https:\/\/www.eldiario.net\/portal\/#\/schema\/logo\/image\/","url":"https:\/\/www.eldiario.net\/portal\/wp-content\/uploads\/2023\/07\/logo_ED.jpg","contentUrl":"https:\/\/www.eldiario.net\/portal\/wp-content\/uploads\/2023\/07\/logo_ED.jpg","width":272,"height":52,"caption":"El Diario - Decano de la prensa nacional"},"image":{"@id":"https:\/\/www.eldiario.net\/portal\/#\/schema\/logo\/image\/"},"sameAs":["https:\/\/www.facebook.com\/eldiario.bolivia\/","https:\/\/x.com\/eldiario_net"]},{"@type":"Person","@id":"https:\/\/www.eldiario.net\/portal\/#\/schema\/person\/f46445640444750d7d753ccd04ae01b7","name":"Jeanette","image":{"@type":"ImageObject","inLanguage":"es","@id":"https:\/\/secure.gravatar.com\/avatar\/3ea2118a5f7dad2b7138b1187a6b7ee55f160b9968b66013c3a3ef39dd7e5798?s=96&d=mm&r=g","url":"https:\/\/secure.gravatar.com\/avatar\/3ea2118a5f7dad2b7138b1187a6b7ee55f160b9968b66013c3a3ef39dd7e5798?s=96&d=mm&r=g","contentUrl":"https:\/\/secure.gravatar.com\/avatar\/3ea2118a5f7dad2b7138b1187a6b7ee55f160b9968b66013c3a3ef39dd7e5798?s=96&d=mm&r=g","caption":"Jeanette"},"sameAs":["https:\/\/www.eldiario.net\/portal"],"url":"https:\/\/www.eldiario.net\/portal\/author\/jeanette\/"}]}},"_links":{"self":[{"href":"https:\/\/www.eldiario.net\/portal\/wp-json\/wp\/v2\/posts\/394030","targetHints":{"allow":["GET"]}}],"collection":[{"href":"https:\/\/www.eldiario.net\/portal\/wp-json\/wp\/v2\/posts"}],"about":[{"href":"https:\/\/www.eldiario.net\/portal\/wp-json\/wp\/v2\/types\/post"}],"author":[{"embeddable":true,"href":"https:\/\/www.eldiario.net\/portal\/wp-json\/wp\/v2\/users\/1"}],"replies":[{"embeddable":true,"href":"https:\/\/www.eldiario.net\/portal\/wp-json\/wp\/v2\/comments?post=394030"}],"version-history":[{"count":1,"href":"https:\/\/www.eldiario.net\/portal\/wp-json\/wp\/v2\/posts\/394030\/revisions"}],"predecessor-version":[{"id":394032,"href":"https:\/\/www.eldiario.net\/portal\/wp-json\/wp\/v2\/posts\/394030\/revisions\/394032"}],"wp:featuredmedia":[{"embeddable":true,"href":"https:\/\/www.eldiario.net\/portal\/wp-json\/wp\/v2\/media\/394031"}],"wp:attachment":[{"href":"https:\/\/www.eldiario.net\/portal\/wp-json\/wp\/v2\/media?parent=394030"}],"wp:term":[{"taxonomy":"category","embeddable":true,"href":"https:\/\/www.eldiario.net\/portal\/wp-json\/wp\/v2\/categories?post=394030"},{"taxonomy":"post_tag","embeddable":true,"href":"https:\/\/www.eldiario.net\/portal\/wp-json\/wp\/v2\/tags?post=394030"}],"curies":[{"name":"wp","href":"https:\/\/api.w.org\/{rel}","templated":true}]}}