{"id":392328,"date":"2026-05-08T06:56:08","date_gmt":"2026-05-08T10:56:08","guid":{"rendered":"https:\/\/www.eldiario.net\/portal\/?p=392328"},"modified":"2026-05-08T06:56:08","modified_gmt":"2026-05-08T10:56:08","slug":"carga-horaria-escolar-evolucion-o-involucion-del-aprendizaje-6","status":"publish","type":"post","link":"https:\/\/www.eldiario.net\/portal\/2026\/05\/08\/carga-horaria-escolar-evolucion-o-involucion-del-aprendizaje-6\/","title":{"rendered":"Carga horaria escolar Evoluci\u00f3n o involuci\u00f3n del aprendizaje"},"content":{"rendered":"<p><strong>Por. Lic. H\u00e9ctor Molina<\/strong><\/p>\n<p>&nbsp;<\/p>\n<p><strong>Recordemos que\u2026<\/strong><\/p>\n<p>&nbsp;<\/p>\n<p>En palabras de Jurjo Torres Santom\u00e9, la carga horaria es una dimensi\u00f3n del curr\u00edculum que refleja las prioridades pol\u00edticas y sociales de un sistema educativo. No es un valor neutro; la distribuci\u00f3n del tiempo determina qu\u00e9 conocimientos se consideran valiosos y cu\u00e1les se marginalizan. Seg\u00fan este autor, la carga horaria debe ser analizada desde su calidad y no solo desde su cantidad, diferenciando entre el \u201ctiempo nominal\u201d lo que dicta el horario, y el \u201ctiempo funcional\u201d el que realmente se dedica al aprendizaje activo.<\/p>\n<p>&nbsp;<\/p>\n<p>Asimismo, la carga horaria escolar no se entiende simplemente como una suma de minutos frente a un pupitre, sino como la gesti\u00f3n del tiempo pedag\u00f3gico necesario para la consolidaci\u00f3n de procesos cognitivos y el desarrollo de competencias.<\/p>\n<p>&nbsp;<\/p>\n<p><strong>C\u00f3mo optimizar la carga horaria escolar en tiempo de la IA<\/strong><\/p>\n<p>&nbsp;<\/p>\n<p>La optimizaci\u00f3n del tiempo en las instituciones educativas ha dado un giro radical con la integraci\u00f3n de la inteligencia artificial. Ya no se trata solo de cumplir con un horario de entrada y salida, sino de transformar la calidad de las horas que se pasan en el aula y en casa. Para que un estudiante de secundaria logre un equilibrio real, es necesario entender c\u00f3mo la tecnolog\u00eda puede actuar como un motor de eficiencia y no como una distracci\u00f3n.<\/p>\n<p>&nbsp;<\/p>\n<p><strong>La redistribuci\u00f3n del esfuerzo cognitivo<\/strong><\/p>\n<p>&nbsp;<\/p>\n<p>Hist\u00f3ricamente, gran parte de la carga horaria se consum\u00eda en tareas mec\u00e1nicas: transcribir datos, buscar fuentes b\u00e1sicas o realizar c\u00e1lculos repetitivos. La inteligencia artificial permite que estas funciones sean delegadas, liberando tiempo para el procesamiento profundo.<\/p>\n<p>&nbsp;<\/p>\n<p>Al utilizar herramientas de automatizaci\u00f3n, el cerebro puede enfocarse en la resoluci\u00f3n de problemas complejos y la creatividad. Esto significa que el horario escolar puede ser m\u00e1s corto en t\u00e9rminos de \u201ctrabajo pesado\u201d, permitiendo sesiones m\u00e1s intensas de debate, experimentaci\u00f3n y an\u00e1lisis cr\u00edtico.<\/p>\n<p>&nbsp;<\/p>\n<p><strong>La personalizaci\u00f3n del ritmo de aprendizaje<\/strong><\/p>\n<p>&nbsp;<\/p>\n<p>Uno de los mayores problemas de la carga horaria tradicional es el \u201critmo promedio\u201d, donde algunos estudiantes se aburren por la lentitud y otros se pierden por la rapidez del docente. La IA facilita un modelo de aprendizaje adaptativo.<\/p>\n<p>&nbsp;<\/p>\n<p>A trav\u00e9s de plataformas inteligentes, el tiempo dedicado a cada materia se ajusta a las necesidades reales del alumno. Si una persona domina la l\u00f3gica matem\u00e1tica pero tiene dificultades con la literatura, el sistema permite dedicar menos minutos a lo ya aprendido y reinvertir ese tiempo en los desaf\u00edos personales. Esto elimina las \u201choras muertas\u201d en el aula, donde el estudiante est\u00e1 presente f\u00edsicamente pero no est\u00e1 progresando intelectualmente.<\/p>\n<p>&nbsp;<\/p>\n<p><strong>El concepto de aula invertida potenciada<\/strong><\/p>\n<p>&nbsp;<\/p>\n<p>La carga horaria se optimiza cuando la teor\u00eda se consume de forma asincr\u00f3nica mediante tutores de IA personalizados fuera del horario escolar. De esta manera, el tiempo dentro del colegio se reserva exclusivamente para la interacci\u00f3n social y la aplicaci\u00f3n pr\u00e1ctica.<\/p>\n<p>&nbsp;<\/p>\n<p>El estudiante llega a la clase con una base s\u00f3lida construida a su propio ritmo, lo que permite que las horas lectivas sean mucho m\u00e1s din\u00e1micas. En lugar de escuchar una clase magistral de sesenta minutos, el tiempo se utiliza para proyectos grupales o laboratorios, aumentando la retenci\u00f3n de conocimientos y reduciendo la sensaci\u00f3n de fatiga acad\u00e9mica.<\/p>\n<p>&nbsp;<\/p>\n<p><strong>Gesti\u00f3n del tiempo y productividad digital<\/strong><\/p>\n<p>&nbsp;<\/p>\n<p>La IA tambi\u00e9n funciona como un gestor de proyectos personal. Existen algoritmos que pueden ayudar a organizar calendarios de estudio basados en los niveles de energ\u00eda del estudiante durante el d\u00eda.<\/p>\n<p>&nbsp;<\/p>\n<p>Al optimizar la carga horaria, se debe considerar la eliminaci\u00f3n de la \u201cmultitarea ineficaz\u201d. Las herramientas digitales pueden agrupar tareas similares y establecer bloques de enfoque profundo (Deep Work), lo que permite terminar las obligaciones escolares en menos tiempo y con un menor costo mental.<\/p>\n<p>&nbsp;<\/p>\n<p><strong>El descanso programado y la salud mental<\/strong><\/p>\n<p>&nbsp;<\/p>\n<p>Optimizar no significa hacer m\u00e1s en menos tiempo, sino hacer lo importante de manera m\u00e1s inteligente para proteger el bienestar. La neurociencia explica que el cerebro necesita periodos de consolidaci\u00f3n para que el aprendizaje sea efectivo.<\/p>\n<p>&nbsp;<\/p>\n<p>Una carga horaria optimizada con IA incluye intervalos de desconexi\u00f3n. Al reducir el tiempo dedicado a tareas administrativas gracias a la asistencia tecnol\u00f3gica, se recuperan espacios para el deporte, el arte y el sue\u00f1o reparador, factores que son biol\u00f3gicamente indispensables para que el aprendizaje realmente ocurra.<\/p>\n<p>&nbsp;<\/p>\n<p>En base a todo lo expuesto, podemos aseverar que la era de la IA invita a pasar de un modelo de \u201choras-asiento\u201d a un modelo de \u201choras-logro\u201d, donde el \u00e9xito no se mide por cu\u00e1nto tiempo se estuvo frente a un libro, sino por la eficacia con la que se gestionaron los recursos tecnol\u00f3gicos para alcanzar los objetivos acad\u00e9micos.<\/p>\n\r\n                <style type=\"text\/css\">\r\n                    \r\n                    #tdi_1  .td-doubleSlider-2 .td-item1 {\r\n                        background: url(https:\/\/www.eldiario.net\/portal\/wp-content\/uploads\/2026\/05\/Socio-Gestion-del-tiempo-80x60.webp) 0 0 no-repeat;\r\n                    }\r\n                    #tdi_1  .td-doubleSlider-2 .td-item2 {\r\n                        background: url(https:\/\/www.eldiario.net\/portal\/wp-content\/uploads\/2026\/05\/Socio-Productividad-digital-80x60.webp) 0 0 no-repeat;\r\n                    }\r\n                    #tdi_1  .td-doubleSlider-2 .td-item3 {\r\n                        background: url(https:\/\/www.eldiario.net\/portal\/wp-content\/uploads\/2026\/05\/Socio-Aula-invertida-potenciada-80x60.webp) 0 0 no-repeat;\r\n                    }\r\n                <\/style>\r\n\r\n                <div id=\"tdi_1\" class=\"td-gallery td-slide-on-2-columns\">\r\n                    <div class=\"post_td_gallery\">\r\n                        <div class=\"td-gallery-slide-top\">\r\n                           <div class=\"td-gallery-title\"><\/div>\r\n\r\n                            <div class=\"td-gallery-controls-wrapper\">\r\n                                <div class=\"td-gallery-slide-count\"><span class=\"td-gallery-slide-item-focus\">1<\/span> de 3<\/div>\r\n                                <div class=\"td-gallery-slide-prev-next-but\">\r\n                                    <i class = \"td-icon-left doubleSliderPrevButton\"><\/i>\r\n                                    <i class = \"td-icon-right doubleSliderNextButton\"><\/i>\r\n                                <\/div>\r\n                            <\/div>\r\n                        <\/div>\r\n\r\n                        <div class = \"td-doubleSlider-1 \">\r\n                            <div class = \"td-slider\">\r\n                                \r\n                    <div class = \"td-slide-item td-item1\">\r\n                        <figure class=\"td-slide-galery-figure td-slide-popup-gallery\">\r\n                            <a class=\"slide-gallery-image-link\" href=\"https:\/\/www.eldiario.net\/portal\/wp-content\/uploads\/2026\/05\/Socio-Gestion-del-tiempo.webp\" title=\"Socio - Gesti\u00f3n del tiempo\"  data-caption=\"\"  data-description=\"\">\r\n                                <img decoding=\"async\" src=\"https:\/\/www.eldiario.net\/portal\/wp-content\/uploads\/2026\/05\/Socio-Gestion-del-tiempo.webp\" srcset=\"https:\/\/www.eldiario.net\/portal\/wp-content\/uploads\/2026\/05\/Socio-Gestion-del-tiempo.webp 501w, https:\/\/www.eldiario.net\/portal\/wp-content\/uploads\/2026\/05\/Socio-Gestion-del-tiempo-300x216.webp 300w, https:\/\/www.eldiario.net\/portal\/wp-content\/uploads\/2026\/05\/Socio-Gestion-del-tiempo-150x108.webp 150w\" sizes=\"(max-width: 501px) 100vw, 501px\" alt=\"\">\r\n                            <\/a>\r\n                            \r\n                        <\/figure>\r\n                    <\/div>\r\n                    <div class = \"td-slide-item td-item2\">\r\n                        <figure class=\"td-slide-galery-figure td-slide-popup-gallery\">\r\n                            <a class=\"slide-gallery-image-link\" href=\"https:\/\/www.eldiario.net\/portal\/wp-content\/uploads\/2026\/05\/Socio-Productividad-digital.webp\" title=\"Socio - Productividad digital\"  data-caption=\"\"  data-description=\"\">\r\n                                <img decoding=\"async\" src=\"https:\/\/www.eldiario.net\/portal\/wp-content\/uploads\/2026\/05\/Socio-Productividad-digital-621x420.webp\" srcset=\"https:\/\/www.eldiario.net\/portal\/wp-content\/uploads\/2026\/05\/Socio-Productividad-digital-621x420.webp 621w, https:\/\/www.eldiario.net\/portal\/wp-content\/uploads\/2026\/05\/Socio-Productividad-digital-300x203.webp 300w, https:\/\/www.eldiario.net\/portal\/wp-content\/uploads\/2026\/05\/Socio-Productividad-digital-1024x693.webp 1024w, https:\/\/www.eldiario.net\/portal\/wp-content\/uploads\/2026\/05\/Socio-Productividad-digital-768x520.webp 768w, https:\/\/www.eldiario.net\/portal\/wp-content\/uploads\/2026\/05\/Socio-Productividad-digital-150x101.webp 150w, https:\/\/www.eldiario.net\/portal\/wp-content\/uploads\/2026\/05\/Socio-Productividad-digital-696x471.webp 696w, https:\/\/www.eldiario.net\/portal\/wp-content\/uploads\/2026\/05\/Socio-Productividad-digital-1068x723.webp 1068w, https:\/\/www.eldiario.net\/portal\/wp-content\/uploads\/2026\/05\/Socio-Productividad-digital.webp 1478w\" sizes=\"(max-width: 621px) 100vw, 621px\" alt=\"\">\r\n                            <\/a>\r\n                            \r\n                        <\/figure>\r\n                    <\/div>\r\n                    <div class = \"td-slide-item td-item3\">\r\n                        <figure class=\"td-slide-galery-figure td-slide-popup-gallery\">\r\n                            <a class=\"slide-gallery-image-link\" href=\"https:\/\/www.eldiario.net\/portal\/wp-content\/uploads\/2026\/05\/Socio-Aula-invertida-potenciada.webp\" title=\"Socio - Aula invertida potenciada\"  data-caption=\"\"  data-description=\"\">\r\n                                <img decoding=\"async\" src=\"https:\/\/www.eldiario.net\/portal\/wp-content\/uploads\/2026\/05\/Socio-Aula-invertida-potenciada-630x420.webp\" srcset=\"https:\/\/www.eldiario.net\/portal\/wp-content\/uploads\/2026\/05\/Socio-Aula-invertida-potenciada-630x420.webp 630w, https:\/\/www.eldiario.net\/portal\/wp-content\/uploads\/2026\/05\/Socio-Aula-invertida-potenciada-300x200.webp 300w, https:\/\/www.eldiario.net\/portal\/wp-content\/uploads\/2026\/05\/Socio-Aula-invertida-potenciada-1024x682.webp 1024w, https:\/\/www.eldiario.net\/portal\/wp-content\/uploads\/2026\/05\/Socio-Aula-invertida-potenciada-768x512.webp 768w, https:\/\/www.eldiario.net\/portal\/wp-content\/uploads\/2026\/05\/Socio-Aula-invertida-potenciada-1536x1024.webp 1536w, https:\/\/www.eldiario.net\/portal\/wp-content\/uploads\/2026\/05\/Socio-Aula-invertida-potenciada-150x100.webp 150w, https:\/\/www.eldiario.net\/portal\/wp-content\/uploads\/2026\/05\/Socio-Aula-invertida-potenciada-696x464.webp 696w, https:\/\/www.eldiario.net\/portal\/wp-content\/uploads\/2026\/05\/Socio-Aula-invertida-potenciada-1068x712.webp 1068w, https:\/\/www.eldiario.net\/portal\/wp-content\/uploads\/2026\/05\/Socio-Aula-invertida-potenciada-1920x1280.webp 1920w, https:\/\/www.eldiario.net\/portal\/wp-content\/uploads\/2026\/05\/Socio-Aula-invertida-potenciada.webp 2000w\" sizes=\"(max-width: 630px) 100vw, 630px\" alt=\"\">\r\n                            <\/a>\r\n                            \r\n                        <\/figure>\r\n                    <\/div>\r\n                            <\/div>\r\n                        <\/div>\r\n\r\n                        <div class = \"td-doubleSlider-2\">\r\n                            <div class = \"td-slider\">\r\n                                \r\n                    <div class = \"td-button td-item1\">\r\n                        <div class = \"td-border\"><\/div>\r\n                    <\/div>\r\n                    <div class = \"td-button td-item2\">\r\n                        <div class = \"td-border\"><\/div>\r\n                    <\/div>\r\n                    <div class = \"td-button td-item3\">\r\n                        <div class = \"td-border\"><\/div>\r\n                    <\/div>\r\n                            <\/div>\r\n                        <\/div>\r\n\r\n                    <\/div>\r\n\r\n                <\/div>\r\n                \n","protected":false},"excerpt":{"rendered":"<p>Por. Lic. H\u00e9ctor Molina &nbsp; Recordemos que\u2026 &nbsp; En palabras de Jurjo Torres Santom\u00e9, la carga horaria es una dimensi\u00f3n del curr\u00edculum que refleja las prioridades pol\u00edticas y sociales de un sistema educativo. No es un valor neutro; la distribuci\u00f3n del tiempo determina qu\u00e9 conocimientos se consideran valiosos y cu\u00e1les se marginalizan. Seg\u00fan este autor, [&hellip;]<\/p>\n","protected":false},"author":1,"featured_media":392330,"comment_status":"closed","ping_status":"open","sticky":false,"template":"","format":"standard","meta":{"_acf_changed":false,"footnotes":""},"categories":[43],"tags":[],"class_list":["post-392328","post","type-post","status-publish","format-standard","has-post-thumbnail","category-nuevos-horizontes"],"acf":{"antetitulo":"Sexta Parte"},"yoast_head":"<!-- This site is optimized with the Yoast SEO plugin v28.4 - https:\/\/yoast.com\/product\/yoast-seo-wordpress\/ -->\n<title>Carga horaria escolar Evoluci\u00f3n o involuci\u00f3n del aprendizaje - El Diario - Bolivia<\/title>\n<meta name=\"robots\" content=\"index, follow, max-snippet:-1, max-image-preview:large, max-video-preview:-1\" \/>\n<link rel=\"canonical\" href=\"https:\/\/www.eldiario.net\/portal\/2026\/05\/08\/carga-horaria-escolar-evolucion-o-involucion-del-aprendizaje-6\/\" \/>\n<meta property=\"og:locale\" content=\"es_ES\" \/>\n<meta property=\"og:type\" content=\"article\" \/>\n<meta property=\"og:title\" content=\"Carga horaria escolar Evoluci\u00f3n o involuci\u00f3n del aprendizaje - El Diario - Bolivia\" \/>\n<meta property=\"og:description\" content=\"Por. Lic. H\u00e9ctor Molina &nbsp; Recordemos que\u2026 &nbsp; En palabras de Jurjo Torres Santom\u00e9, la carga horaria es una dimensi\u00f3n del curr\u00edculum que refleja las prioridades pol\u00edticas y sociales de un sistema educativo. No es un valor neutro; la distribuci\u00f3n del tiempo determina qu\u00e9 conocimientos se consideran valiosos y cu\u00e1les se marginalizan. Seg\u00fan este autor, [&hellip;]\" \/>\n<meta property=\"og:url\" content=\"https:\/\/www.eldiario.net\/portal\/2026\/05\/08\/carga-horaria-escolar-evolucion-o-involucion-del-aprendizaje-6\/\" \/>\n<meta property=\"og:site_name\" content=\"El Diario - Bolivia\" \/>\n<meta property=\"article:publisher\" content=\"https:\/\/www.facebook.com\/eldiario.bolivia\/\" \/>\n<meta property=\"article:published_time\" content=\"2026-05-08T10:56:08+00:00\" \/>\n<meta property=\"og:image\" content=\"https:\/\/www.eldiario.net\/portal\/wp-content\/uploads\/2026\/05\/Socio-Productividad-digital.webp\" \/>\n\t<meta property=\"og:image:width\" content=\"1478\" \/>\n\t<meta property=\"og:image:height\" content=\"1000\" \/>\n\t<meta property=\"og:image:type\" content=\"image\/webp\" \/>\n<meta name=\"author\" content=\"Jeanette\" \/>\n<meta name=\"twitter:card\" content=\"summary_large_image\" \/>\n<meta name=\"twitter:creator\" content=\"@eldiario_net\" \/>\n<meta name=\"twitter:site\" content=\"@eldiario_net\" \/>\n<meta name=\"twitter:label1\" content=\"Escrito por\" \/>\n\t<meta name=\"twitter:data1\" content=\"Jeanette\" \/>\n\t<meta name=\"twitter:label2\" content=\"Tiempo de lectura\" \/>\n\t<meta name=\"twitter:data2\" content=\"4 minutos\" \/>\n<script type=\"application\/ld+json\" class=\"yoast-schema-graph\">{\"@context\":\"https:\\\/\\\/schema.org\",\"@graph\":[{\"@type\":\"Article\",\"@id\":\"https:\\\/\\\/www.eldiario.net\\\/portal\\\/2026\\\/05\\\/08\\\/carga-horaria-escolar-evolucion-o-involucion-del-aprendizaje-6\\\/#article\",\"isPartOf\":{\"@id\":\"https:\\\/\\\/www.eldiario.net\\\/portal\\\/2026\\\/05\\\/08\\\/carga-horaria-escolar-evolucion-o-involucion-del-aprendizaje-6\\\/\"},\"author\":{\"name\":\"Jeanette\",\"@id\":\"https:\\\/\\\/www.eldiario.net\\\/portal\\\/#\\\/schema\\\/person\\\/2c57cf2b7a7ae032e449e4c9b1019eac\"},\"headline\":\"Carga horaria escolar Evoluci\u00f3n o involuci\u00f3n del aprendizaje\",\"datePublished\":\"2026-05-08T10:56:08+00:00\",\"mainEntityOfPage\":{\"@id\":\"https:\\\/\\\/www.eldiario.net\\\/portal\\\/2026\\\/05\\\/08\\\/carga-horaria-escolar-evolucion-o-involucion-del-aprendizaje-6\\\/\"},\"wordCount\":851,\"publisher\":{\"@id\":\"https:\\\/\\\/www.eldiario.net\\\/portal\\\/#organization\"},\"image\":{\"@id\":\"https:\\\/\\\/www.eldiario.net\\\/portal\\\/2026\\\/05\\\/08\\\/carga-horaria-escolar-evolucion-o-involucion-del-aprendizaje-6\\\/#primaryimage\"},\"thumbnailUrl\":\"https:\\\/\\\/www.eldiario.net\\\/portal\\\/wp-content\\\/uploads\\\/2026\\\/05\\\/Socio-Productividad-digital.webp\",\"articleSection\":[\"Nuevos Horizontes\"],\"inLanguage\":\"es\"},{\"@type\":\"WebPage\",\"@id\":\"https:\\\/\\\/www.eldiario.net\\\/portal\\\/2026\\\/05\\\/08\\\/carga-horaria-escolar-evolucion-o-involucion-del-aprendizaje-6\\\/\",\"url\":\"https:\\\/\\\/www.eldiario.net\\\/portal\\\/2026\\\/05\\\/08\\\/carga-horaria-escolar-evolucion-o-involucion-del-aprendizaje-6\\\/\",\"name\":\"Carga horaria escolar Evoluci\u00f3n o involuci\u00f3n del aprendizaje - El Diario - Bolivia\",\"isPartOf\":{\"@id\":\"https:\\\/\\\/www.eldiario.net\\\/portal\\\/#website\"},\"primaryImageOfPage\":{\"@id\":\"https:\\\/\\\/www.eldiario.net\\\/portal\\\/2026\\\/05\\\/08\\\/carga-horaria-escolar-evolucion-o-involucion-del-aprendizaje-6\\\/#primaryimage\"},\"image\":{\"@id\":\"https:\\\/\\\/www.eldiario.net\\\/portal\\\/2026\\\/05\\\/08\\\/carga-horaria-escolar-evolucion-o-involucion-del-aprendizaje-6\\\/#primaryimage\"},\"thumbnailUrl\":\"https:\\\/\\\/www.eldiario.net\\\/portal\\\/wp-content\\\/uploads\\\/2026\\\/05\\\/Socio-Productividad-digital.webp\",\"datePublished\":\"2026-05-08T10:56:08+00:00\",\"breadcrumb\":{\"@id\":\"https:\\\/\\\/www.eldiario.net\\\/portal\\\/2026\\\/05\\\/08\\\/carga-horaria-escolar-evolucion-o-involucion-del-aprendizaje-6\\\/#breadcrumb\"},\"inLanguage\":\"es\",\"potentialAction\":[{\"@type\":\"ReadAction\",\"target\":[\"https:\\\/\\\/www.eldiario.net\\\/portal\\\/2026\\\/05\\\/08\\\/carga-horaria-escolar-evolucion-o-involucion-del-aprendizaje-6\\\/\"]}]},{\"@type\":\"ImageObject\",\"inLanguage\":\"es\",\"@id\":\"https:\\\/\\\/www.eldiario.net\\\/portal\\\/2026\\\/05\\\/08\\\/carga-horaria-escolar-evolucion-o-involucion-del-aprendizaje-6\\\/#primaryimage\",\"url\":\"https:\\\/\\\/www.eldiario.net\\\/portal\\\/wp-content\\\/uploads\\\/2026\\\/05\\\/Socio-Productividad-digital.webp\",\"contentUrl\":\"https:\\\/\\\/www.eldiario.net\\\/portal\\\/wp-content\\\/uploads\\\/2026\\\/05\\\/Socio-Productividad-digital.webp\",\"width\":1478,\"height\":1000},{\"@type\":\"BreadcrumbList\",\"@id\":\"https:\\\/\\\/www.eldiario.net\\\/portal\\\/2026\\\/05\\\/08\\\/carga-horaria-escolar-evolucion-o-involucion-del-aprendizaje-6\\\/#breadcrumb\",\"itemListElement\":[{\"@type\":\"ListItem\",\"position\":1,\"name\":\"Portada\",\"item\":\"https:\\\/\\\/www.eldiario.net\\\/portal\\\/\"},{\"@type\":\"ListItem\",\"position\":2,\"name\":\"Carga horaria escolar Evoluci\u00f3n o involuci\u00f3n del aprendizaje\"}]},{\"@type\":\"WebSite\",\"@id\":\"https:\\\/\\\/www.eldiario.net\\\/portal\\\/#website\",\"url\":\"https:\\\/\\\/www.eldiario.net\\\/portal\\\/\",\"name\":\"El Diario - Decano de la prensa nacional\",\"description\":\"El Diario - Decano de la prensa nacional\",\"publisher\":{\"@id\":\"https:\\\/\\\/www.eldiario.net\\\/portal\\\/#organization\"},\"potentialAction\":[{\"@type\":\"SearchAction\",\"target\":{\"@type\":\"EntryPoint\",\"urlTemplate\":\"https:\\\/\\\/www.eldiario.net\\\/portal\\\/?s={search_term_string}\"},\"query-input\":{\"@type\":\"PropertyValueSpecification\",\"valueRequired\":true,\"valueName\":\"search_term_string\"}}],\"inLanguage\":\"es\"},{\"@type\":\"Organization\",\"@id\":\"https:\\\/\\\/www.eldiario.net\\\/portal\\\/#organization\",\"name\":\"El Diario - Decano de la prensa nacional\",\"url\":\"https:\\\/\\\/www.eldiario.net\\\/portal\\\/\",\"logo\":{\"@type\":\"ImageObject\",\"inLanguage\":\"es\",\"@id\":\"https:\\\/\\\/www.eldiario.net\\\/portal\\\/#\\\/schema\\\/logo\\\/image\\\/\",\"url\":\"https:\\\/\\\/www.eldiario.net\\\/portal\\\/wp-content\\\/uploads\\\/2023\\\/07\\\/logo_ED.jpg\",\"contentUrl\":\"https:\\\/\\\/www.eldiario.net\\\/portal\\\/wp-content\\\/uploads\\\/2023\\\/07\\\/logo_ED.jpg\",\"width\":272,\"height\":52,\"caption\":\"El Diario - Decano de la prensa nacional\"},\"image\":{\"@id\":\"https:\\\/\\\/www.eldiario.net\\\/portal\\\/#\\\/schema\\\/logo\\\/image\\\/\"},\"sameAs\":[\"https:\\\/\\\/www.facebook.com\\\/eldiario.bolivia\\\/\",\"https:\\\/\\\/x.com\\\/eldiario_net\"]},{\"@type\":\"Person\",\"@id\":\"https:\\\/\\\/www.eldiario.net\\\/portal\\\/#\\\/schema\\\/person\\\/2c57cf2b7a7ae032e449e4c9b1019eac\",\"name\":\"Jeanette\",\"image\":{\"@type\":\"ImageObject\",\"inLanguage\":\"es\",\"@id\":\"https:\\\/\\\/secure.gravatar.com\\\/avatar\\\/3ea2118a5f7dad2b7138b1187a6b7ee55f160b9968b66013c3a3ef39dd7e5798?s=96&d=mm&r=g\",\"url\":\"https:\\\/\\\/secure.gravatar.com\\\/avatar\\\/3ea2118a5f7dad2b7138b1187a6b7ee55f160b9968b66013c3a3ef39dd7e5798?s=96&d=mm&r=g\",\"contentUrl\":\"https:\\\/\\\/secure.gravatar.com\\\/avatar\\\/3ea2118a5f7dad2b7138b1187a6b7ee55f160b9968b66013c3a3ef39dd7e5798?s=96&d=mm&r=g\",\"caption\":\"Jeanette\"},\"sameAs\":[\"https:\\\/\\\/www.eldiario.net\\\/portal\"],\"url\":\"https:\\\/\\\/www.eldiario.net\\\/portal\\\/author\\\/jeanette\\\/\"}]}<\/script>\n<!-- \/ Yoast SEO plugin. -->","yoast_head_json":{"title":"Carga horaria escolar Evoluci\u00f3n o involuci\u00f3n del aprendizaje - El Diario - Bolivia","robots":{"index":"index","follow":"follow","max-snippet":"max-snippet:-1","max-image-preview":"max-image-preview:large","max-video-preview":"max-video-preview:-1"},"canonical":"https:\/\/www.eldiario.net\/portal\/2026\/05\/08\/carga-horaria-escolar-evolucion-o-involucion-del-aprendizaje-6\/","og_locale":"es_ES","og_type":"article","og_title":"Carga horaria escolar Evoluci\u00f3n o involuci\u00f3n del aprendizaje - El Diario - Bolivia","og_description":"Por. Lic. H\u00e9ctor Molina &nbsp; Recordemos que\u2026 &nbsp; En palabras de Jurjo Torres Santom\u00e9, la carga horaria es una dimensi\u00f3n del curr\u00edculum que refleja las prioridades pol\u00edticas y sociales de un sistema educativo. No es un valor neutro; la distribuci\u00f3n del tiempo determina qu\u00e9 conocimientos se consideran valiosos y cu\u00e1les se marginalizan. Seg\u00fan este autor, [&hellip;]","og_url":"https:\/\/www.eldiario.net\/portal\/2026\/05\/08\/carga-horaria-escolar-evolucion-o-involucion-del-aprendizaje-6\/","og_site_name":"El Diario - Bolivia","article_publisher":"https:\/\/www.facebook.com\/eldiario.bolivia\/","article_published_time":"2026-05-08T10:56:08+00:00","og_image":[{"width":1478,"height":1000,"url":"https:\/\/www.eldiario.net\/portal\/wp-content\/uploads\/2026\/05\/Socio-Productividad-digital.webp","type":"image\/webp"}],"author":"Jeanette","twitter_card":"summary_large_image","twitter_creator":"@eldiario_net","twitter_site":"@eldiario_net","twitter_misc":{"Escrito por":"Jeanette","Tiempo de lectura":"4 minutos"},"schema":{"@context":"https:\/\/schema.org","@graph":[{"@type":"Article","@id":"https:\/\/www.eldiario.net\/portal\/2026\/05\/08\/carga-horaria-escolar-evolucion-o-involucion-del-aprendizaje-6\/#article","isPartOf":{"@id":"https:\/\/www.eldiario.net\/portal\/2026\/05\/08\/carga-horaria-escolar-evolucion-o-involucion-del-aprendizaje-6\/"},"author":{"name":"Jeanette","@id":"https:\/\/www.eldiario.net\/portal\/#\/schema\/person\/2c57cf2b7a7ae032e449e4c9b1019eac"},"headline":"Carga horaria escolar Evoluci\u00f3n o involuci\u00f3n del aprendizaje","datePublished":"2026-05-08T10:56:08+00:00","mainEntityOfPage":{"@id":"https:\/\/www.eldiario.net\/portal\/2026\/05\/08\/carga-horaria-escolar-evolucion-o-involucion-del-aprendizaje-6\/"},"wordCount":851,"publisher":{"@id":"https:\/\/www.eldiario.net\/portal\/#organization"},"image":{"@id":"https:\/\/www.eldiario.net\/portal\/2026\/05\/08\/carga-horaria-escolar-evolucion-o-involucion-del-aprendizaje-6\/#primaryimage"},"thumbnailUrl":"https:\/\/www.eldiario.net\/portal\/wp-content\/uploads\/2026\/05\/Socio-Productividad-digital.webp","articleSection":["Nuevos Horizontes"],"inLanguage":"es"},{"@type":"WebPage","@id":"https:\/\/www.eldiario.net\/portal\/2026\/05\/08\/carga-horaria-escolar-evolucion-o-involucion-del-aprendizaje-6\/","url":"https:\/\/www.eldiario.net\/portal\/2026\/05\/08\/carga-horaria-escolar-evolucion-o-involucion-del-aprendizaje-6\/","name":"Carga horaria escolar Evoluci\u00f3n o involuci\u00f3n del aprendizaje - El Diario - Bolivia","isPartOf":{"@id":"https:\/\/www.eldiario.net\/portal\/#website"},"primaryImageOfPage":{"@id":"https:\/\/www.eldiario.net\/portal\/2026\/05\/08\/carga-horaria-escolar-evolucion-o-involucion-del-aprendizaje-6\/#primaryimage"},"image":{"@id":"https:\/\/www.eldiario.net\/portal\/2026\/05\/08\/carga-horaria-escolar-evolucion-o-involucion-del-aprendizaje-6\/#primaryimage"},"thumbnailUrl":"https:\/\/www.eldiario.net\/portal\/wp-content\/uploads\/2026\/05\/Socio-Productividad-digital.webp","datePublished":"2026-05-08T10:56:08+00:00","breadcrumb":{"@id":"https:\/\/www.eldiario.net\/portal\/2026\/05\/08\/carga-horaria-escolar-evolucion-o-involucion-del-aprendizaje-6\/#breadcrumb"},"inLanguage":"es","potentialAction":[{"@type":"ReadAction","target":["https:\/\/www.eldiario.net\/portal\/2026\/05\/08\/carga-horaria-escolar-evolucion-o-involucion-del-aprendizaje-6\/"]}]},{"@type":"ImageObject","inLanguage":"es","@id":"https:\/\/www.eldiario.net\/portal\/2026\/05\/08\/carga-horaria-escolar-evolucion-o-involucion-del-aprendizaje-6\/#primaryimage","url":"https:\/\/www.eldiario.net\/portal\/wp-content\/uploads\/2026\/05\/Socio-Productividad-digital.webp","contentUrl":"https:\/\/www.eldiario.net\/portal\/wp-content\/uploads\/2026\/05\/Socio-Productividad-digital.webp","width":1478,"height":1000},{"@type":"BreadcrumbList","@id":"https:\/\/www.eldiario.net\/portal\/2026\/05\/08\/carga-horaria-escolar-evolucion-o-involucion-del-aprendizaje-6\/#breadcrumb","itemListElement":[{"@type":"ListItem","position":1,"name":"Portada","item":"https:\/\/www.eldiario.net\/portal\/"},{"@type":"ListItem","position":2,"name":"Carga horaria escolar Evoluci\u00f3n o involuci\u00f3n del aprendizaje"}]},{"@type":"WebSite","@id":"https:\/\/www.eldiario.net\/portal\/#website","url":"https:\/\/www.eldiario.net\/portal\/","name":"El Diario - Decano de la prensa nacional","description":"El Diario - Decano de la prensa nacional","publisher":{"@id":"https:\/\/www.eldiario.net\/portal\/#organization"},"potentialAction":[{"@type":"SearchAction","target":{"@type":"EntryPoint","urlTemplate":"https:\/\/www.eldiario.net\/portal\/?s={search_term_string}"},"query-input":{"@type":"PropertyValueSpecification","valueRequired":true,"valueName":"search_term_string"}}],"inLanguage":"es"},{"@type":"Organization","@id":"https:\/\/www.eldiario.net\/portal\/#organization","name":"El Diario - Decano de la prensa nacional","url":"https:\/\/www.eldiario.net\/portal\/","logo":{"@type":"ImageObject","inLanguage":"es","@id":"https:\/\/www.eldiario.net\/portal\/#\/schema\/logo\/image\/","url":"https:\/\/www.eldiario.net\/portal\/wp-content\/uploads\/2023\/07\/logo_ED.jpg","contentUrl":"https:\/\/www.eldiario.net\/portal\/wp-content\/uploads\/2023\/07\/logo_ED.jpg","width":272,"height":52,"caption":"El Diario - Decano de la prensa nacional"},"image":{"@id":"https:\/\/www.eldiario.net\/portal\/#\/schema\/logo\/image\/"},"sameAs":["https:\/\/www.facebook.com\/eldiario.bolivia\/","https:\/\/x.com\/eldiario_net"]},{"@type":"Person","@id":"https:\/\/www.eldiario.net\/portal\/#\/schema\/person\/2c57cf2b7a7ae032e449e4c9b1019eac","name":"Jeanette","image":{"@type":"ImageObject","inLanguage":"es","@id":"https:\/\/secure.gravatar.com\/avatar\/3ea2118a5f7dad2b7138b1187a6b7ee55f160b9968b66013c3a3ef39dd7e5798?s=96&d=mm&r=g","url":"https:\/\/secure.gravatar.com\/avatar\/3ea2118a5f7dad2b7138b1187a6b7ee55f160b9968b66013c3a3ef39dd7e5798?s=96&d=mm&r=g","contentUrl":"https:\/\/secure.gravatar.com\/avatar\/3ea2118a5f7dad2b7138b1187a6b7ee55f160b9968b66013c3a3ef39dd7e5798?s=96&d=mm&r=g","caption":"Jeanette"},"sameAs":["https:\/\/www.eldiario.net\/portal"],"url":"https:\/\/www.eldiario.net\/portal\/author\/jeanette\/"}]}},"_links":{"self":[{"href":"https:\/\/www.eldiario.net\/portal\/wp-json\/wp\/v2\/posts\/392328","targetHints":{"allow":["GET"]}}],"collection":[{"href":"https:\/\/www.eldiario.net\/portal\/wp-json\/wp\/v2\/posts"}],"about":[{"href":"https:\/\/www.eldiario.net\/portal\/wp-json\/wp\/v2\/types\/post"}],"author":[{"embeddable":true,"href":"https:\/\/www.eldiario.net\/portal\/wp-json\/wp\/v2\/users\/1"}],"replies":[{"embeddable":true,"href":"https:\/\/www.eldiario.net\/portal\/wp-json\/wp\/v2\/comments?post=392328"}],"version-history":[{"count":1,"href":"https:\/\/www.eldiario.net\/portal\/wp-json\/wp\/v2\/posts\/392328\/revisions"}],"predecessor-version":[{"id":392332,"href":"https:\/\/www.eldiario.net\/portal\/wp-json\/wp\/v2\/posts\/392328\/revisions\/392332"}],"wp:featuredmedia":[{"embeddable":true,"href":"https:\/\/www.eldiario.net\/portal\/wp-json\/wp\/v2\/media\/392330"}],"wp:attachment":[{"href":"https:\/\/www.eldiario.net\/portal\/wp-json\/wp\/v2\/media?parent=392328"}],"wp:term":[{"taxonomy":"category","embeddable":true,"href":"https:\/\/www.eldiario.net\/portal\/wp-json\/wp\/v2\/categories?post=392328"},{"taxonomy":"post_tag","embeddable":true,"href":"https:\/\/www.eldiario.net\/portal\/wp-json\/wp\/v2\/tags?post=392328"}],"curies":[{"name":"wp","href":"https:\/\/api.w.org\/{rel}","templated":true}]}}