{"id":392317,"date":"2026-05-08T06:53:08","date_gmt":"2026-05-08T10:53:08","guid":{"rendered":"https:\/\/www.eldiario.net\/portal\/?p=392317"},"modified":"2026-05-08T06:53:08","modified_gmt":"2026-05-08T10:53:08","slug":"la-dopamina-y-como-descargarla-6","status":"publish","type":"post","link":"https:\/\/www.eldiario.net\/portal\/2026\/05\/08\/la-dopamina-y-como-descargarla-6\/","title":{"rendered":"La dopamina Y c\u00f3mo descargarla"},"content":{"rendered":"<p><strong>Por. Lic. H\u00e9ctor Molina<\/strong><\/p>\n<p>&nbsp;<\/p>\n<p><strong>Recordemos que\u2026<\/strong><\/p>\n<p>&nbsp;<\/p>\n<p>Seg\u00fan Wolfram Schultz, la dopamina adem\u00e1s de se considerada la mol\u00e9cula del placer, debe tomarse como la se\u00f1al del \u201cerror de predicci\u00f3n de recompensa\u201d. Seg\u00fan sus estudios, las neuronas dopamin\u00e9rgicas se activan ante la discrepancia entre la recompensa esperada y la recibida. Esta definici\u00f3n es vital para la educaci\u00f3n y el desarrollo humano, ya que establece que la dopamina es el motor del aprendizaje basado en la novedad y la actualizaci\u00f3n de expectativas.<\/p>\n<p>&nbsp;<\/p>\n<p>La dopamina constituye uno de los ejes neurobiol\u00f3gicos m\u00e1s cr\u00edticos para la comprensi\u00f3n del comportamiento humano. Desde la perspectiva de la neurociencia y la psicopedagog\u00eda, esta mol\u00e9cula no solo funciona como un neurotransmisor encargado de la comunicaci\u00f3n entre neuronas, sino que act\u00faa como un regulador hormonal que define la motivaci\u00f3n, el aprendizaje y el control motor en los j\u00f3venes y adultos.<\/p>\n<p>&nbsp;<\/p>\n<p><strong>Criterios para saber si mi dopamina se genera de forma correcta<\/strong><\/p>\n<p>&nbsp;<\/p>\n<p>La dopamina es un neurotransmisor fundamental en el sistema de recompensa del cerebro, actuando como un mensajero qu\u00edmico que facilita la comunicaci\u00f3n entre las neuronas. Para comprender si este proceso ocurre de manera equilibrada, es necesario observar la relaci\u00f3n entre la motivaci\u00f3n, el enfoque y la capacidad de experimentar satisfacci\u00f3n tras el esfuerzo.<\/p>\n<p>&nbsp;<\/p>\n<p>A continuaci\u00f3n, se presenta un an\u00e1lisis detallado sobre el funcionamiento \u00f3ptimo de este sistema neurobiol\u00f3gico.<\/p>\n<p>&nbsp;<\/p>\n<p><strong>El circuito de la recompensa y la anticipaci\u00f3n<\/strong><\/p>\n<p>&nbsp;<\/p>\n<p>Contario a la creencia popular, la dopamina no es el neurotransmisor del placer inmediato, sino del deseo y la anticipaci\u00f3n. Un sistema dopamin\u00e9rgico saludable se manifiesta cuando existe una motivaci\u00f3n sostenida hacia metas a largo plazo. Cuando el cerebro identifica una recompensa potencial, libera dopamina para movilizar la energ\u00eda f\u00edsica y mental necesaria para alcanzarla.<\/p>\n<p>&nbsp;<\/p>\n<p>Si una persona logra mantener la concentraci\u00f3n en una tarea compleja \u2014como el estudio de una asignatura universitaria\u2014 y experimenta una sensaci\u00f3n de logro al finalizar, se puede inferir que los receptores en el n\u00facleo accumbens y la corteza prefrontal est\u00e1n procesando la se\u00f1al qu\u00edmica con normalidad.<\/p>\n<p>&nbsp;<\/p>\n<p><strong>Indicadores de una regulaci\u00f3n dopamin\u00e9rgica funcional<\/strong><\/p>\n<p>&nbsp;<\/p>\n<p>Un funcionamiento correcto se evidencia a trav\u00e9s de los siguientes indicadores neuroconductuales:<\/p>\n<p>&nbsp;<\/p>\n<ul>\n<li><strong>Capacidad de enfoque.<\/strong> El cerebro permite priorizar est\u00edmulos relevantes sobre distracciones irrelevantes.<\/li>\n<\/ul>\n<p>&nbsp;<\/p>\n<ul>\n<li><strong>Regulaci\u00f3n del estado de \u00e1nimo.<\/strong> Se observa una estabilidad emocional que no depende exclusivamente de est\u00edmulos externos constantes (como notificaciones de redes sociales o consumo de sustancias).<\/li>\n<\/ul>\n<p>&nbsp;<\/p>\n<ul>\n<li><strong>Resiliencia cognitiva.<\/strong> La capacidad de persistir en una actividad a pesar de no recibir una gratificaci\u00f3n instant\u00e1nea.<\/li>\n<\/ul>\n<p>&nbsp;<\/p>\n<ul>\n<li><strong>Ciclo sue\u00f1o-vigilia estable.<\/strong> La dopamina influye en los ritmos circadianos; un despertar con energ\u00eda y una reducci\u00f3n gradual de la alerta al anochecer sugieren una s\u00edntesis adecuada del neurotransmisor.<\/li>\n<\/ul>\n<p>&nbsp;<\/p>\n<p><strong>La problem\u00e1tica de la Dopamina barata<\/strong><\/p>\n<p>&nbsp;<\/p>\n<p>En la actualidad, los entornos digitales est\u00e1n dise\u00f1ados para generar picos artificiales de dopamina mediante est\u00edmulos breves, intensos y sin esfuerzo. Cuando el cerebro se acostumbra a estos niveles elevados de estimulaci\u00f3n, ocurre un fen\u00f3meno de regulaci\u00f3n a la baja (downregulation): las neuronas reducen el n\u00famero de receptores disponibles para protegerse de la sobreexcitaci\u00f3n.<\/p>\n<p>&nbsp;<\/p>\n<p>Esto provoca que las actividades cotidianas y acad\u00e9micas, que poseen un ritmo m\u00e1s lento, resulten tediosas o imposibles de ejecutar. La incapacidad de sentir motivaci\u00f3n por tareas ordinarias suele ser una se\u00f1al de que el sistema est\u00e1 saturado, no por falta de dopamina, sino por un agotamiento de la sensibilidad de sus receptores.<\/p>\n<p>&nbsp;<\/p>\n<p><strong>Mantenimiento de la homeostasis neuroqu\u00edmica<\/strong><\/p>\n<p>&nbsp;<\/p>\n<p>Para asegurar que la producci\u00f3n de dopamina sea correcta, la neurociencia sugiere el fortalecimiento de la \u201cdopamina t\u00f3nica\u201d, que es el nivel base y constante de este neurotransmisor en el organismo. Esto se logra mediante:<\/p>\n<p>&nbsp;<\/p>\n<ul>\n<li><strong>Exposici\u00f3n a la luz solar.<\/strong> Especialmente durante las primeras horas de la ma\u00f1ana, para regular la s\u00edntesis de tirosina, el precursor de la dopamina.<\/li>\n<\/ul>\n<p>&nbsp;<\/p>\n<ul>\n<li><strong>Actividad f\u00edsica regular.<\/strong> El ejercicio promueve la salud de las v\u00edas dopamin\u00e9rgicas y aumenta la densidad de los receptores.<\/li>\n<\/ul>\n<p>&nbsp;<\/p>\n<ul>\n<li><strong>Gesti\u00f3n de est\u00edmulos.<\/strong> Practicar periodos de desconexi\u00f3n digital permite que los niveles de sensibilidad en la sinapsis regresen a sus valores basales.<\/li>\n<\/ul>\n<p>&nbsp;<\/p>\n<p>En s\u00edntesis, la correcta generaci\u00f3n de dopamina se identifica no por la intensidad de la euforia, sino por la fluidez de la voluntad, la claridad mental y la capacidad de regular el comportamiento en funci\u00f3n de prop\u00f3sitos significativos.<\/p>\n\r\n                <style type=\"text\/css\">\r\n                    \r\n                    #tdi_1  .td-doubleSlider-2 .td-item1 {\r\n                        background: url(https:\/\/www.eldiario.net\/portal\/wp-content\/uploads\/2026\/05\/Bio-Vias-dopaminergica-funcional-80x60.webp) 0 0 no-repeat;\r\n                    }\r\n                    #tdi_1  .td-doubleSlider-2 .td-item2 {\r\n                        background: url(https:\/\/www.eldiario.net\/portal\/wp-content\/uploads\/2026\/05\/Bio-Dopamina-funcional-80x60.webp) 0 0 no-repeat;\r\n                    }\r\n                    #tdi_1  .td-doubleSlider-2 .td-item3 {\r\n                        background: url(https:\/\/www.eldiario.net\/portal\/wp-content\/uploads\/2026\/05\/Bio-Dopamina-80x60.webp) 0 0 no-repeat;\r\n                    }\r\n                    #tdi_1  .td-doubleSlider-2 .td-item4 {\r\n                        background: url(https:\/\/www.eldiario.net\/portal\/wp-content\/uploads\/2026\/05\/Bio-Regulador-de-Dopamina-80x60.webp) 0 0 no-repeat;\r\n                    }\r\n                <\/style>\r\n\r\n                <div id=\"tdi_1\" class=\"td-gallery td-slide-on-2-columns\">\r\n                    <div class=\"post_td_gallery\">\r\n                        <div class=\"td-gallery-slide-top\">\r\n                           <div class=\"td-gallery-title\"><\/div>\r\n\r\n                            <div class=\"td-gallery-controls-wrapper\">\r\n                                <div class=\"td-gallery-slide-count\"><span class=\"td-gallery-slide-item-focus\">1<\/span> de 4<\/div>\r\n                                <div class=\"td-gallery-slide-prev-next-but\">\r\n                                    <i class = \"td-icon-left doubleSliderPrevButton\"><\/i>\r\n                                    <i class = \"td-icon-right doubleSliderNextButton\"><\/i>\r\n                                <\/div>\r\n                            <\/div>\r\n                        <\/div>\r\n\r\n                        <div class = \"td-doubleSlider-1 \">\r\n                            <div class = \"td-slider\">\r\n                                \r\n                    <div class = \"td-slide-item td-item1\">\r\n                        <figure class=\"td-slide-galery-figure td-slide-popup-gallery\">\r\n                            <a class=\"slide-gallery-image-link\" href=\"https:\/\/www.eldiario.net\/portal\/wp-content\/uploads\/2026\/05\/Bio-Vias-dopaminergica-funcional.webp\" title=\"Bio - V\u00edas dopamin\u00e9rgica funcional\"  data-caption=\"\"  data-description=\"\">\r\n                                <img decoding=\"async\" src=\"https:\/\/www.eldiario.net\/portal\/wp-content\/uploads\/2026\/05\/Bio-Vias-dopaminergica-funcional-262x420.webp\" srcset=\"https:\/\/www.eldiario.net\/portal\/wp-content\/uploads\/2026\/05\/Bio-Vias-dopaminergica-funcional-262x420.webp 262w, https:\/\/www.eldiario.net\/portal\/wp-content\/uploads\/2026\/05\/Bio-Vias-dopaminergica-funcional-187x300.webp 187w, https:\/\/www.eldiario.net\/portal\/wp-content\/uploads\/2026\/05\/Bio-Vias-dopaminergica-funcional-150x240.webp 150w, https:\/\/www.eldiario.net\/portal\/wp-content\/uploads\/2026\/05\/Bio-Vias-dopaminergica-funcional-300x480.webp 300w, https:\/\/www.eldiario.net\/portal\/wp-content\/uploads\/2026\/05\/Bio-Vias-dopaminergica-funcional.webp 374w\" sizes=\"(max-width: 262px) 100vw, 262px\" alt=\"\">\r\n                            <\/a>\r\n                            \r\n                        <\/figure>\r\n                    <\/div>\r\n                    <div class = \"td-slide-item td-item2\">\r\n                        <figure class=\"td-slide-galery-figure td-slide-popup-gallery\">\r\n                            <a class=\"slide-gallery-image-link\" href=\"https:\/\/www.eldiario.net\/portal\/wp-content\/uploads\/2026\/05\/Bio-Dopamina-funcional.webp\" title=\"Bio - Dopamina funcional\"  data-caption=\"\"  data-description=\"\">\r\n                                <img decoding=\"async\" src=\"https:\/\/www.eldiario.net\/portal\/wp-content\/uploads\/2026\/05\/Bio-Dopamina-funcional-598x420.webp\" srcset=\"https:\/\/www.eldiario.net\/portal\/wp-content\/uploads\/2026\/05\/Bio-Dopamina-funcional-598x420.webp 598w, https:\/\/www.eldiario.net\/portal\/wp-content\/uploads\/2026\/05\/Bio-Dopamina-funcional-300x211.webp 300w, https:\/\/www.eldiario.net\/portal\/wp-content\/uploads\/2026\/05\/Bio-Dopamina-funcional-150x105.webp 150w, https:\/\/www.eldiario.net\/portal\/wp-content\/uploads\/2026\/05\/Bio-Dopamina-funcional-696x489.webp 696w, https:\/\/www.eldiario.net\/portal\/wp-content\/uploads\/2026\/05\/Bio-Dopamina-funcional.webp 740w\" sizes=\"(max-width: 598px) 100vw, 598px\" alt=\"\">\r\n                            <\/a>\r\n                            \r\n                        <\/figure>\r\n                    <\/div>\r\n                    <div class = \"td-slide-item td-item3\">\r\n                        <figure class=\"td-slide-galery-figure td-slide-popup-gallery\">\r\n                            <a class=\"slide-gallery-image-link\" href=\"https:\/\/www.eldiario.net\/portal\/wp-content\/uploads\/2026\/05\/Bio-Dopamina.webp\" title=\"Bio - Dopamina\"  data-caption=\"\"  data-description=\"\">\r\n                                <img decoding=\"async\" src=\"https:\/\/www.eldiario.net\/portal\/wp-content\/uploads\/2026\/05\/Bio-Dopamina-840x420.webp\" srcset=\"https:\/\/www.eldiario.net\/portal\/wp-content\/uploads\/2026\/05\/Bio-Dopamina-840x420.webp 840w, https:\/\/www.eldiario.net\/portal\/wp-content\/uploads\/2026\/05\/Bio-Dopamina-300x150.webp 300w, https:\/\/www.eldiario.net\/portal\/wp-content\/uploads\/2026\/05\/Bio-Dopamina-1024x512.webp 1024w, https:\/\/www.eldiario.net\/portal\/wp-content\/uploads\/2026\/05\/Bio-Dopamina-768x384.webp 768w, https:\/\/www.eldiario.net\/portal\/wp-content\/uploads\/2026\/05\/Bio-Dopamina-150x75.webp 150w, https:\/\/www.eldiario.net\/portal\/wp-content\/uploads\/2026\/05\/Bio-Dopamina-696x348.webp 696w, https:\/\/www.eldiario.net\/portal\/wp-content\/uploads\/2026\/05\/Bio-Dopamina-1068x534.webp 1068w, https:\/\/www.eldiario.net\/portal\/wp-content\/uploads\/2026\/05\/Bio-Dopamina.webp 1140w\" sizes=\"(max-width: 840px) 100vw, 840px\" alt=\"\">\r\n                            <\/a>\r\n                            \r\n                        <\/figure>\r\n                    <\/div>\r\n                    <div class = \"td-slide-item td-item4\">\r\n                        <figure class=\"td-slide-galery-figure td-slide-popup-gallery\">\r\n                            <a class=\"slide-gallery-image-link\" href=\"https:\/\/www.eldiario.net\/portal\/wp-content\/uploads\/2026\/05\/Bio-Regulador-de-Dopamina.webp\" title=\"Bio - Regulador de Dopamina\"  data-caption=\"\"  data-description=\"\">\r\n                                <img decoding=\"async\" src=\"https:\/\/www.eldiario.net\/portal\/wp-content\/uploads\/2026\/05\/Bio-Regulador-de-Dopamina.webp\" srcset=\"https:\/\/www.eldiario.net\/portal\/wp-content\/uploads\/2026\/05\/Bio-Regulador-de-Dopamina.webp 509w, https:\/\/www.eldiario.net\/portal\/wp-content\/uploads\/2026\/05\/Bio-Regulador-de-Dopamina-300x200.webp 300w, https:\/\/www.eldiario.net\/portal\/wp-content\/uploads\/2026\/05\/Bio-Regulador-de-Dopamina-150x100.webp 150w\" sizes=\"(max-width: 509px) 100vw, 509px\" alt=\"\">\r\n                            <\/a>\r\n                            \r\n                        <\/figure>\r\n                    <\/div>\r\n                            <\/div>\r\n                        <\/div>\r\n\r\n                        <div class = \"td-doubleSlider-2\">\r\n                            <div class = \"td-slider\">\r\n                                \r\n                    <div class = \"td-button td-item1\">\r\n                        <div class = \"td-border\"><\/div>\r\n                    <\/div>\r\n                    <div class = \"td-button td-item2\">\r\n                        <div class = \"td-border\"><\/div>\r\n                    <\/div>\r\n                    <div class = \"td-button td-item3\">\r\n                        <div class = \"td-border\"><\/div>\r\n                    <\/div>\r\n                    <div class = \"td-button td-item4\">\r\n                        <div class = \"td-border\"><\/div>\r\n                    <\/div>\r\n                            <\/div>\r\n                        <\/div>\r\n\r\n                    <\/div>\r\n\r\n                <\/div>\r\n                \n","protected":false},"excerpt":{"rendered":"<p>Por. Lic. H\u00e9ctor Molina &nbsp; Recordemos que\u2026 &nbsp; Seg\u00fan Wolfram Schultz, la dopamina adem\u00e1s de se considerada la mol\u00e9cula del placer, debe tomarse como la se\u00f1al del \u201cerror de predicci\u00f3n de recompensa\u201d. Seg\u00fan sus estudios, las neuronas dopamin\u00e9rgicas se activan ante la discrepancia entre la recompensa esperada y la recibida. Esta definici\u00f3n es vital para [&hellip;]<\/p>\n","protected":false},"author":1,"featured_media":392321,"comment_status":"closed","ping_status":"open","sticky":false,"template":"","format":"standard","meta":{"_acf_changed":false,"footnotes":""},"categories":[43],"tags":[],"class_list":["post-392317","post","type-post","status-publish","format-standard","has-post-thumbnail","category-nuevos-horizontes"],"acf":{"antetitulo":"Sexta Parte"},"yoast_head":"<!-- This site is optimized with the Yoast SEO plugin v28.4 - https:\/\/yoast.com\/product\/yoast-seo-wordpress\/ -->\n<title>La dopamina Y c\u00f3mo descargarla - El Diario - Bolivia<\/title>\n<meta name=\"robots\" content=\"index, follow, max-snippet:-1, max-image-preview:large, max-video-preview:-1\" \/>\n<link rel=\"canonical\" href=\"https:\/\/www.eldiario.net\/portal\/2026\/05\/08\/la-dopamina-y-como-descargarla-6\/\" \/>\n<meta property=\"og:locale\" content=\"es_ES\" \/>\n<meta property=\"og:type\" content=\"article\" \/>\n<meta property=\"og:title\" content=\"La dopamina Y c\u00f3mo descargarla - El Diario - Bolivia\" \/>\n<meta property=\"og:description\" content=\"Por. Lic. H\u00e9ctor Molina &nbsp; Recordemos que\u2026 &nbsp; Seg\u00fan Wolfram Schultz, la dopamina adem\u00e1s de se considerada la mol\u00e9cula del placer, debe tomarse como la se\u00f1al del \u201cerror de predicci\u00f3n de recompensa\u201d. Seg\u00fan sus estudios, las neuronas dopamin\u00e9rgicas se activan ante la discrepancia entre la recompensa esperada y la recibida. Esta definici\u00f3n es vital para [&hellip;]\" \/>\n<meta property=\"og:url\" content=\"https:\/\/www.eldiario.net\/portal\/2026\/05\/08\/la-dopamina-y-como-descargarla-6\/\" \/>\n<meta property=\"og:site_name\" content=\"El Diario - Bolivia\" \/>\n<meta property=\"article:publisher\" content=\"https:\/\/www.facebook.com\/eldiario.bolivia\/\" \/>\n<meta property=\"article:published_time\" content=\"2026-05-08T10:53:08+00:00\" \/>\n<meta property=\"og:image\" content=\"https:\/\/www.eldiario.net\/portal\/wp-content\/uploads\/2026\/05\/Bio-Regulador-de-Dopamina.webp\" \/>\n\t<meta property=\"og:image:width\" content=\"509\" \/>\n\t<meta property=\"og:image:height\" content=\"339\" \/>\n\t<meta property=\"og:image:type\" content=\"image\/webp\" \/>\n<meta name=\"author\" content=\"Jeanette\" \/>\n<meta name=\"twitter:card\" content=\"summary_large_image\" \/>\n<meta name=\"twitter:creator\" content=\"@eldiario_net\" \/>\n<meta name=\"twitter:site\" content=\"@eldiario_net\" \/>\n<meta name=\"twitter:label1\" content=\"Escrito por\" \/>\n\t<meta name=\"twitter:data1\" content=\"Jeanette\" \/>\n\t<meta name=\"twitter:label2\" content=\"Tiempo de lectura\" \/>\n\t<meta name=\"twitter:data2\" content=\"4 minutos\" \/>\n<script type=\"application\/ld+json\" class=\"yoast-schema-graph\">{\"@context\":\"https:\\\/\\\/schema.org\",\"@graph\":[{\"@type\":\"Article\",\"@id\":\"https:\\\/\\\/www.eldiario.net\\\/portal\\\/2026\\\/05\\\/08\\\/la-dopamina-y-como-descargarla-6\\\/#article\",\"isPartOf\":{\"@id\":\"https:\\\/\\\/www.eldiario.net\\\/portal\\\/2026\\\/05\\\/08\\\/la-dopamina-y-como-descargarla-6\\\/\"},\"author\":{\"name\":\"Jeanette\",\"@id\":\"https:\\\/\\\/www.eldiario.net\\\/portal\\\/#\\\/schema\\\/person\\\/2c57cf2b7a7ae032e449e4c9b1019eac\"},\"headline\":\"La dopamina Y c\u00f3mo descargarla\",\"datePublished\":\"2026-05-08T10:53:08+00:00\",\"mainEntityOfPage\":{\"@id\":\"https:\\\/\\\/www.eldiario.net\\\/portal\\\/2026\\\/05\\\/08\\\/la-dopamina-y-como-descargarla-6\\\/\"},\"wordCount\":809,\"publisher\":{\"@id\":\"https:\\\/\\\/www.eldiario.net\\\/portal\\\/#organization\"},\"image\":{\"@id\":\"https:\\\/\\\/www.eldiario.net\\\/portal\\\/2026\\\/05\\\/08\\\/la-dopamina-y-como-descargarla-6\\\/#primaryimage\"},\"thumbnailUrl\":\"https:\\\/\\\/www.eldiario.net\\\/portal\\\/wp-content\\\/uploads\\\/2026\\\/05\\\/Bio-Regulador-de-Dopamina.webp\",\"articleSection\":[\"Nuevos Horizontes\"],\"inLanguage\":\"es\"},{\"@type\":\"WebPage\",\"@id\":\"https:\\\/\\\/www.eldiario.net\\\/portal\\\/2026\\\/05\\\/08\\\/la-dopamina-y-como-descargarla-6\\\/\",\"url\":\"https:\\\/\\\/www.eldiario.net\\\/portal\\\/2026\\\/05\\\/08\\\/la-dopamina-y-como-descargarla-6\\\/\",\"name\":\"La dopamina Y c\u00f3mo descargarla - El Diario - Bolivia\",\"isPartOf\":{\"@id\":\"https:\\\/\\\/www.eldiario.net\\\/portal\\\/#website\"},\"primaryImageOfPage\":{\"@id\":\"https:\\\/\\\/www.eldiario.net\\\/portal\\\/2026\\\/05\\\/08\\\/la-dopamina-y-como-descargarla-6\\\/#primaryimage\"},\"image\":{\"@id\":\"https:\\\/\\\/www.eldiario.net\\\/portal\\\/2026\\\/05\\\/08\\\/la-dopamina-y-como-descargarla-6\\\/#primaryimage\"},\"thumbnailUrl\":\"https:\\\/\\\/www.eldiario.net\\\/portal\\\/wp-content\\\/uploads\\\/2026\\\/05\\\/Bio-Regulador-de-Dopamina.webp\",\"datePublished\":\"2026-05-08T10:53:08+00:00\",\"breadcrumb\":{\"@id\":\"https:\\\/\\\/www.eldiario.net\\\/portal\\\/2026\\\/05\\\/08\\\/la-dopamina-y-como-descargarla-6\\\/#breadcrumb\"},\"inLanguage\":\"es\",\"potentialAction\":[{\"@type\":\"ReadAction\",\"target\":[\"https:\\\/\\\/www.eldiario.net\\\/portal\\\/2026\\\/05\\\/08\\\/la-dopamina-y-como-descargarla-6\\\/\"]}]},{\"@type\":\"ImageObject\",\"inLanguage\":\"es\",\"@id\":\"https:\\\/\\\/www.eldiario.net\\\/portal\\\/2026\\\/05\\\/08\\\/la-dopamina-y-como-descargarla-6\\\/#primaryimage\",\"url\":\"https:\\\/\\\/www.eldiario.net\\\/portal\\\/wp-content\\\/uploads\\\/2026\\\/05\\\/Bio-Regulador-de-Dopamina.webp\",\"contentUrl\":\"https:\\\/\\\/www.eldiario.net\\\/portal\\\/wp-content\\\/uploads\\\/2026\\\/05\\\/Bio-Regulador-de-Dopamina.webp\",\"width\":509,\"height\":339},{\"@type\":\"BreadcrumbList\",\"@id\":\"https:\\\/\\\/www.eldiario.net\\\/portal\\\/2026\\\/05\\\/08\\\/la-dopamina-y-como-descargarla-6\\\/#breadcrumb\",\"itemListElement\":[{\"@type\":\"ListItem\",\"position\":1,\"name\":\"Portada\",\"item\":\"https:\\\/\\\/www.eldiario.net\\\/portal\\\/\"},{\"@type\":\"ListItem\",\"position\":2,\"name\":\"La dopamina Y c\u00f3mo descargarla\"}]},{\"@type\":\"WebSite\",\"@id\":\"https:\\\/\\\/www.eldiario.net\\\/portal\\\/#website\",\"url\":\"https:\\\/\\\/www.eldiario.net\\\/portal\\\/\",\"name\":\"El Diario - Decano de la prensa nacional\",\"description\":\"El Diario - Decano de la prensa nacional\",\"publisher\":{\"@id\":\"https:\\\/\\\/www.eldiario.net\\\/portal\\\/#organization\"},\"potentialAction\":[{\"@type\":\"SearchAction\",\"target\":{\"@type\":\"EntryPoint\",\"urlTemplate\":\"https:\\\/\\\/www.eldiario.net\\\/portal\\\/?s={search_term_string}\"},\"query-input\":{\"@type\":\"PropertyValueSpecification\",\"valueRequired\":true,\"valueName\":\"search_term_string\"}}],\"inLanguage\":\"es\"},{\"@type\":\"Organization\",\"@id\":\"https:\\\/\\\/www.eldiario.net\\\/portal\\\/#organization\",\"name\":\"El Diario - Decano de la prensa nacional\",\"url\":\"https:\\\/\\\/www.eldiario.net\\\/portal\\\/\",\"logo\":{\"@type\":\"ImageObject\",\"inLanguage\":\"es\",\"@id\":\"https:\\\/\\\/www.eldiario.net\\\/portal\\\/#\\\/schema\\\/logo\\\/image\\\/\",\"url\":\"https:\\\/\\\/www.eldiario.net\\\/portal\\\/wp-content\\\/uploads\\\/2023\\\/07\\\/logo_ED.jpg\",\"contentUrl\":\"https:\\\/\\\/www.eldiario.net\\\/portal\\\/wp-content\\\/uploads\\\/2023\\\/07\\\/logo_ED.jpg\",\"width\":272,\"height\":52,\"caption\":\"El Diario - Decano de la prensa nacional\"},\"image\":{\"@id\":\"https:\\\/\\\/www.eldiario.net\\\/portal\\\/#\\\/schema\\\/logo\\\/image\\\/\"},\"sameAs\":[\"https:\\\/\\\/www.facebook.com\\\/eldiario.bolivia\\\/\",\"https:\\\/\\\/x.com\\\/eldiario_net\"]},{\"@type\":\"Person\",\"@id\":\"https:\\\/\\\/www.eldiario.net\\\/portal\\\/#\\\/schema\\\/person\\\/2c57cf2b7a7ae032e449e4c9b1019eac\",\"name\":\"Jeanette\",\"image\":{\"@type\":\"ImageObject\",\"inLanguage\":\"es\",\"@id\":\"https:\\\/\\\/secure.gravatar.com\\\/avatar\\\/3ea2118a5f7dad2b7138b1187a6b7ee55f160b9968b66013c3a3ef39dd7e5798?s=96&d=mm&r=g\",\"url\":\"https:\\\/\\\/secure.gravatar.com\\\/avatar\\\/3ea2118a5f7dad2b7138b1187a6b7ee55f160b9968b66013c3a3ef39dd7e5798?s=96&d=mm&r=g\",\"contentUrl\":\"https:\\\/\\\/secure.gravatar.com\\\/avatar\\\/3ea2118a5f7dad2b7138b1187a6b7ee55f160b9968b66013c3a3ef39dd7e5798?s=96&d=mm&r=g\",\"caption\":\"Jeanette\"},\"sameAs\":[\"https:\\\/\\\/www.eldiario.net\\\/portal\"],\"url\":\"https:\\\/\\\/www.eldiario.net\\\/portal\\\/author\\\/jeanette\\\/\"}]}<\/script>\n<!-- \/ Yoast SEO plugin. -->","yoast_head_json":{"title":"La dopamina Y c\u00f3mo descargarla - El Diario - Bolivia","robots":{"index":"index","follow":"follow","max-snippet":"max-snippet:-1","max-image-preview":"max-image-preview:large","max-video-preview":"max-video-preview:-1"},"canonical":"https:\/\/www.eldiario.net\/portal\/2026\/05\/08\/la-dopamina-y-como-descargarla-6\/","og_locale":"es_ES","og_type":"article","og_title":"La dopamina Y c\u00f3mo descargarla - El Diario - Bolivia","og_description":"Por. Lic. H\u00e9ctor Molina &nbsp; Recordemos que\u2026 &nbsp; Seg\u00fan Wolfram Schultz, la dopamina adem\u00e1s de se considerada la mol\u00e9cula del placer, debe tomarse como la se\u00f1al del \u201cerror de predicci\u00f3n de recompensa\u201d. Seg\u00fan sus estudios, las neuronas dopamin\u00e9rgicas se activan ante la discrepancia entre la recompensa esperada y la recibida. Esta definici\u00f3n es vital para [&hellip;]","og_url":"https:\/\/www.eldiario.net\/portal\/2026\/05\/08\/la-dopamina-y-como-descargarla-6\/","og_site_name":"El Diario - Bolivia","article_publisher":"https:\/\/www.facebook.com\/eldiario.bolivia\/","article_published_time":"2026-05-08T10:53:08+00:00","og_image":[{"width":509,"height":339,"url":"https:\/\/www.eldiario.net\/portal\/wp-content\/uploads\/2026\/05\/Bio-Regulador-de-Dopamina.webp","type":"image\/webp"}],"author":"Jeanette","twitter_card":"summary_large_image","twitter_creator":"@eldiario_net","twitter_site":"@eldiario_net","twitter_misc":{"Escrito por":"Jeanette","Tiempo de lectura":"4 minutos"},"schema":{"@context":"https:\/\/schema.org","@graph":[{"@type":"Article","@id":"https:\/\/www.eldiario.net\/portal\/2026\/05\/08\/la-dopamina-y-como-descargarla-6\/#article","isPartOf":{"@id":"https:\/\/www.eldiario.net\/portal\/2026\/05\/08\/la-dopamina-y-como-descargarla-6\/"},"author":{"name":"Jeanette","@id":"https:\/\/www.eldiario.net\/portal\/#\/schema\/person\/2c57cf2b7a7ae032e449e4c9b1019eac"},"headline":"La dopamina Y c\u00f3mo descargarla","datePublished":"2026-05-08T10:53:08+00:00","mainEntityOfPage":{"@id":"https:\/\/www.eldiario.net\/portal\/2026\/05\/08\/la-dopamina-y-como-descargarla-6\/"},"wordCount":809,"publisher":{"@id":"https:\/\/www.eldiario.net\/portal\/#organization"},"image":{"@id":"https:\/\/www.eldiario.net\/portal\/2026\/05\/08\/la-dopamina-y-como-descargarla-6\/#primaryimage"},"thumbnailUrl":"https:\/\/www.eldiario.net\/portal\/wp-content\/uploads\/2026\/05\/Bio-Regulador-de-Dopamina.webp","articleSection":["Nuevos Horizontes"],"inLanguage":"es"},{"@type":"WebPage","@id":"https:\/\/www.eldiario.net\/portal\/2026\/05\/08\/la-dopamina-y-como-descargarla-6\/","url":"https:\/\/www.eldiario.net\/portal\/2026\/05\/08\/la-dopamina-y-como-descargarla-6\/","name":"La dopamina Y c\u00f3mo descargarla - El Diario - Bolivia","isPartOf":{"@id":"https:\/\/www.eldiario.net\/portal\/#website"},"primaryImageOfPage":{"@id":"https:\/\/www.eldiario.net\/portal\/2026\/05\/08\/la-dopamina-y-como-descargarla-6\/#primaryimage"},"image":{"@id":"https:\/\/www.eldiario.net\/portal\/2026\/05\/08\/la-dopamina-y-como-descargarla-6\/#primaryimage"},"thumbnailUrl":"https:\/\/www.eldiario.net\/portal\/wp-content\/uploads\/2026\/05\/Bio-Regulador-de-Dopamina.webp","datePublished":"2026-05-08T10:53:08+00:00","breadcrumb":{"@id":"https:\/\/www.eldiario.net\/portal\/2026\/05\/08\/la-dopamina-y-como-descargarla-6\/#breadcrumb"},"inLanguage":"es","potentialAction":[{"@type":"ReadAction","target":["https:\/\/www.eldiario.net\/portal\/2026\/05\/08\/la-dopamina-y-como-descargarla-6\/"]}]},{"@type":"ImageObject","inLanguage":"es","@id":"https:\/\/www.eldiario.net\/portal\/2026\/05\/08\/la-dopamina-y-como-descargarla-6\/#primaryimage","url":"https:\/\/www.eldiario.net\/portal\/wp-content\/uploads\/2026\/05\/Bio-Regulador-de-Dopamina.webp","contentUrl":"https:\/\/www.eldiario.net\/portal\/wp-content\/uploads\/2026\/05\/Bio-Regulador-de-Dopamina.webp","width":509,"height":339},{"@type":"BreadcrumbList","@id":"https:\/\/www.eldiario.net\/portal\/2026\/05\/08\/la-dopamina-y-como-descargarla-6\/#breadcrumb","itemListElement":[{"@type":"ListItem","position":1,"name":"Portada","item":"https:\/\/www.eldiario.net\/portal\/"},{"@type":"ListItem","position":2,"name":"La dopamina Y c\u00f3mo descargarla"}]},{"@type":"WebSite","@id":"https:\/\/www.eldiario.net\/portal\/#website","url":"https:\/\/www.eldiario.net\/portal\/","name":"El Diario - Decano de la prensa nacional","description":"El Diario - Decano de la prensa nacional","publisher":{"@id":"https:\/\/www.eldiario.net\/portal\/#organization"},"potentialAction":[{"@type":"SearchAction","target":{"@type":"EntryPoint","urlTemplate":"https:\/\/www.eldiario.net\/portal\/?s={search_term_string}"},"query-input":{"@type":"PropertyValueSpecification","valueRequired":true,"valueName":"search_term_string"}}],"inLanguage":"es"},{"@type":"Organization","@id":"https:\/\/www.eldiario.net\/portal\/#organization","name":"El Diario - Decano de la prensa nacional","url":"https:\/\/www.eldiario.net\/portal\/","logo":{"@type":"ImageObject","inLanguage":"es","@id":"https:\/\/www.eldiario.net\/portal\/#\/schema\/logo\/image\/","url":"https:\/\/www.eldiario.net\/portal\/wp-content\/uploads\/2023\/07\/logo_ED.jpg","contentUrl":"https:\/\/www.eldiario.net\/portal\/wp-content\/uploads\/2023\/07\/logo_ED.jpg","width":272,"height":52,"caption":"El Diario - Decano de la prensa nacional"},"image":{"@id":"https:\/\/www.eldiario.net\/portal\/#\/schema\/logo\/image\/"},"sameAs":["https:\/\/www.facebook.com\/eldiario.bolivia\/","https:\/\/x.com\/eldiario_net"]},{"@type":"Person","@id":"https:\/\/www.eldiario.net\/portal\/#\/schema\/person\/2c57cf2b7a7ae032e449e4c9b1019eac","name":"Jeanette","image":{"@type":"ImageObject","inLanguage":"es","@id":"https:\/\/secure.gravatar.com\/avatar\/3ea2118a5f7dad2b7138b1187a6b7ee55f160b9968b66013c3a3ef39dd7e5798?s=96&d=mm&r=g","url":"https:\/\/secure.gravatar.com\/avatar\/3ea2118a5f7dad2b7138b1187a6b7ee55f160b9968b66013c3a3ef39dd7e5798?s=96&d=mm&r=g","contentUrl":"https:\/\/secure.gravatar.com\/avatar\/3ea2118a5f7dad2b7138b1187a6b7ee55f160b9968b66013c3a3ef39dd7e5798?s=96&d=mm&r=g","caption":"Jeanette"},"sameAs":["https:\/\/www.eldiario.net\/portal"],"url":"https:\/\/www.eldiario.net\/portal\/author\/jeanette\/"}]}},"_links":{"self":[{"href":"https:\/\/www.eldiario.net\/portal\/wp-json\/wp\/v2\/posts\/392317","targetHints":{"allow":["GET"]}}],"collection":[{"href":"https:\/\/www.eldiario.net\/portal\/wp-json\/wp\/v2\/posts"}],"about":[{"href":"https:\/\/www.eldiario.net\/portal\/wp-json\/wp\/v2\/types\/post"}],"author":[{"embeddable":true,"href":"https:\/\/www.eldiario.net\/portal\/wp-json\/wp\/v2\/users\/1"}],"replies":[{"embeddable":true,"href":"https:\/\/www.eldiario.net\/portal\/wp-json\/wp\/v2\/comments?post=392317"}],"version-history":[{"count":1,"href":"https:\/\/www.eldiario.net\/portal\/wp-json\/wp\/v2\/posts\/392317\/revisions"}],"predecessor-version":[{"id":392322,"href":"https:\/\/www.eldiario.net\/portal\/wp-json\/wp\/v2\/posts\/392317\/revisions\/392322"}],"wp:featuredmedia":[{"embeddable":true,"href":"https:\/\/www.eldiario.net\/portal\/wp-json\/wp\/v2\/media\/392321"}],"wp:attachment":[{"href":"https:\/\/www.eldiario.net\/portal\/wp-json\/wp\/v2\/media?parent=392317"}],"wp:term":[{"taxonomy":"category","embeddable":true,"href":"https:\/\/www.eldiario.net\/portal\/wp-json\/wp\/v2\/categories?post=392317"},{"taxonomy":"post_tag","embeddable":true,"href":"https:\/\/www.eldiario.net\/portal\/wp-json\/wp\/v2\/tags?post=392317"}],"curies":[{"name":"wp","href":"https:\/\/api.w.org\/{rel}","templated":true}]}}