{"id":390829,"date":"2026-05-04T06:01:22","date_gmt":"2026-05-04T10:01:22","guid":{"rendered":"https:\/\/www.eldiario.net\/portal\/?p=390829"},"modified":"2026-05-04T06:01:22","modified_gmt":"2026-05-04T10:01:22","slug":"la-salud-intestinal-influye-en-el-bienestar","status":"publish","type":"post","link":"https:\/\/www.eldiario.net\/portal\/2026\/05\/04\/la-salud-intestinal-influye-en-el-bienestar\/","title":{"rendered":"La salud intestinal influye en el bienestar"},"content":{"rendered":"<p>Estudios muestran que el microbiota intestinal puede influir en el estado de \u00e1nimo, la inmunidad, el metabolismo e incluso en la calidad del sue\u00f1o. Entender las razones y conocer algunas recomendaciones puede ayudar a cuidar mejor la salud del intestino.<br \/>\nDurante mucho tiempo se pens\u00f3 que el intestino era solo el \u00f3rgano encargado de la digesti\u00f3n. Hoy, sin embargo, la ciencia muestra que cumple un papel mucho m\u00e1s amplio en la salud.<br \/>\nEl intestino alberga billones de microorganismos que forman la llamada microbiota intestinal. Este ecosistema participa en procesos que van desde la digesti\u00f3n y la absorci\u00f3n de nutrientes hasta la regulaci\u00f3n del sistema inmunol\u00f3gico, del metabolismo y la comunicaci\u00f3n con el cerebro.<br \/>\n\u201cPor eso, cuidar el equilibrio del microbiota intestinal es esencial para mantener la salud, ya que los desequilibrios (o disbiosis) pueden estar asociados a diversas enfermedades metab\u00f3licas, inflamatorias y neurol\u00f3gicas\u201d, se\u00f1ala la nutricionista y M\u00e1ster en Nutrici\u00f3n, Ana Cristina Guti\u00e9rrez, miembro del Consejo Consultor de Nutrici\u00f3n de Herbalife.<br \/>\nFunci\u00f3n cognitiva<br \/>\ny salud del cerebro<br \/>\nEl microbiota intestinal desempe\u00f1a un papel importante en la comunicaci\u00f3n del eje microbiota\u2013intestino\u2013cerebro. Evidencias cient\u00edficas, como las publicadas en la revista Physiological Reviews, indican que los microorganismos presentes en el intestino pueden influir en el desarrollo y el funcionamiento del cerebro, y se han asociado con diferentes condiciones psiqui\u00e1tricas, neurol\u00f3gicas y neurodegenerativas. Aun as\u00ed, especialistas se\u00f1alan que se trata de un campo en expansi\u00f3n y que a\u00fan se necesitan m\u00e1s estudios para comprender mejor los mecanismos involucrados.<br \/>\nEstado de \u00e1nimo y<br \/>\nsalud mental<br \/>\nUna investigaci\u00f3n publicada en la revista cient\u00edfica Annals of Gastroenterology se\u00f1ala que la actividad del microbiota intestinal tambi\u00e9n puede influir en el cerebro y en los sistemas neuroendocrinos, relacion\u00e1ndose con la respuesta al estr\u00e9s, la ansiedad y la memoria. Seg\u00fan los autores, los microorganismos del intestino pueden modular la producci\u00f3n de neurotransmisores y metabolitos capaces de afectar el funcionamiento del sistema nervioso central.<br \/>\nCalidad del sue\u00f1o<br \/>\ny estr\u00e9s<br \/>\nLa microbiota tambi\u00e9n podr\u00eda influir en la producci\u00f3n de sustancias involucradas en el ciclo sue\u00f1o\u2013vigilia y en la respuesta al estr\u00e9s, seg\u00fan la revista Plos One. De acuerdo con la investigaci\u00f3n, se observ\u00f3 una asociaci\u00f3n entre una mayor diversidad de la microbiota intestinal y mejores indicadores de calidad del sue\u00f1o.<br \/>\nInmunidad<br \/>\nGran parte de las c\u00e9lulas del sistema inmunol\u00f3gico se encuentra en el intestino, lo que explica su estrecha relaci\u00f3n con las defensas del organismo.<br \/>\n\u201cDe esa manera, el \u00f3rgano ayuda a entrenar al sistema inmunitario para reconocer agentes nocivos y evitar inflamaciones excesivas. Si existe un desequilibrio, puede haber mayor riesgo de inflamaci\u00f3n cr\u00f3nica y mayor susceptibilidad a infecciones\u201d, explica Ana Cristina.<br \/>\nControl del peso<br \/>\nAlgunas bacterias intestinales participan en la fermentaci\u00f3n de algunas fibras alimentarias y producen sustancias llamadas \u00e1cidos grasos de cadena corta, que ayudan a regular el metabolismo de la glucosa, el almacenamiento de grasa y la sensibilidad a la insulina.<br \/>\n\u201cNo es casualidad que las alteraciones en el microbiota se hayan asociado con condiciones como la obesidad y el s\u00edndrome metab\u00f3lico\u201d, destaca la nutricionista.<br \/>\nC\u00f3mo cuidar el<br \/>\nintestino<br \/>\nLos h\u00e1bitos del d\u00eda a d\u00eda pueden marcar una diferencia para mantener el intestino saludable y favorecer la diversidad y el equilibrio del microbiota.<br \/>\nAnte esa situaci\u00f3n, la experta en el tema brinda algunas recomendaciones para el cuidado: consumir diariamente alimentos ricos en fibra, como frutas, verduras, legumbres y granos integrales; incluir alimentos fermentados, como yogur, k\u00e9fir y kombucha, ya que podr\u00edan contribuir a la salud intestinal; evitar el consumo excesivo de az\u00facares y grasas, ya que pueden afectar el equilibrio de la microbiota; mantener una buena hidrataci\u00f3n para favorecer el funcionamiento adecuado del intestino; realizar actividad f\u00edsica de forma regular; y dormir bien y manejar el estr\u00e9s.<br \/>\n\u201cLos suplementos de fibra tambi\u00e9n pueden ser opciones, pr\u00e1cticas para alcanzar la meta propuesta por la Organizaci\u00f3n Mundial de la Salud (OMS) de 25 gramos de fibra al d\u00eda\u201d, recomienda la nutricionista.<\/p>\n","protected":false},"excerpt":{"rendered":"<p>Estudios muestran que el microbiota intestinal puede influir en el estado de \u00e1nimo, la inmunidad, el metabolismo e incluso en la calidad del sue\u00f1o. Entender las razones y conocer algunas recomendaciones puede ayudar a cuidar mejor la salud del intestino. Durante mucho tiempo se pens\u00f3 que el intestino era solo el \u00f3rgano encargado de la [&hellip;]<\/p>\n","protected":false},"author":1,"featured_media":390830,"comment_status":"closed","ping_status":"open","sticky":false,"template":"","format":"standard","meta":{"_acf_changed":false,"footnotes":""},"categories":[12],"tags":[],"class_list":["post-390829","post","type-post","status-publish","format-standard","has-post-thumbnail","category-nacional"],"acf":{"antetitulo":"Seg\u00fan estudios"},"yoast_head":"<!-- This site is optimized with the Yoast SEO plugin v28.4 - https:\/\/yoast.com\/product\/yoast-seo-wordpress\/ -->\n<title>La salud intestinal influye en el bienestar - El Diario - Bolivia<\/title>\n<meta name=\"robots\" content=\"index, follow, max-snippet:-1, max-image-preview:large, max-video-preview:-1\" \/>\n<link rel=\"canonical\" href=\"https:\/\/www.eldiario.net\/portal\/2026\/05\/04\/la-salud-intestinal-influye-en-el-bienestar\/\" \/>\n<meta property=\"og:locale\" content=\"es_ES\" \/>\n<meta property=\"og:type\" content=\"article\" \/>\n<meta property=\"og:title\" content=\"La salud intestinal influye en el bienestar - El Diario - Bolivia\" \/>\n<meta property=\"og:description\" content=\"Estudios muestran que el microbiota intestinal puede influir en el estado de \u00e1nimo, la inmunidad, el metabolismo e incluso en la calidad del sue\u00f1o. Entender las razones y conocer algunas recomendaciones puede ayudar a cuidar mejor la salud del intestino. Durante mucho tiempo se pens\u00f3 que el intestino era solo el \u00f3rgano encargado de la [&hellip;]\" \/>\n<meta property=\"og:url\" content=\"https:\/\/www.eldiario.net\/portal\/2026\/05\/04\/la-salud-intestinal-influye-en-el-bienestar\/\" \/>\n<meta property=\"og:site_name\" content=\"El Diario - Bolivia\" \/>\n<meta property=\"article:publisher\" content=\"https:\/\/www.facebook.com\/eldiario.bolivia\/\" \/>\n<meta property=\"article:published_time\" content=\"2026-05-04T10:01:22+00:00\" \/>\n<meta property=\"og:image\" content=\"https:\/\/www.eldiario.net\/portal\/wp-content\/uploads\/2026\/05\/micro.webp\" \/>\n\t<meta property=\"og:image:width\" content=\"1600\" \/>\n\t<meta property=\"og:image:height\" content=\"1022\" \/>\n\t<meta property=\"og:image:type\" content=\"image\/webp\" \/>\n<meta name=\"author\" content=\"Jeanette\" \/>\n<meta name=\"twitter:card\" content=\"summary_large_image\" \/>\n<meta name=\"twitter:creator\" content=\"@eldiario_net\" \/>\n<meta name=\"twitter:site\" content=\"@eldiario_net\" \/>\n<meta name=\"twitter:label1\" content=\"Escrito por\" \/>\n\t<meta name=\"twitter:data1\" content=\"Jeanette\" \/>\n\t<meta name=\"twitter:label2\" content=\"Tiempo de lectura\" \/>\n\t<meta name=\"twitter:data2\" content=\"4 minutos\" \/>\n<script type=\"application\/ld+json\" class=\"yoast-schema-graph\">{\"@context\":\"https:\\\/\\\/schema.org\",\"@graph\":[{\"@type\":\"Article\",\"@id\":\"https:\\\/\\\/www.eldiario.net\\\/portal\\\/2026\\\/05\\\/04\\\/la-salud-intestinal-influye-en-el-bienestar\\\/#article\",\"isPartOf\":{\"@id\":\"https:\\\/\\\/www.eldiario.net\\\/portal\\\/2026\\\/05\\\/04\\\/la-salud-intestinal-influye-en-el-bienestar\\\/\"},\"author\":{\"name\":\"Jeanette\",\"@id\":\"https:\\\/\\\/www.eldiario.net\\\/portal\\\/#\\\/schema\\\/person\\\/2c57cf2b7a7ae032e449e4c9b1019eac\"},\"headline\":\"La salud intestinal influye en el bienestar\",\"datePublished\":\"2026-05-04T10:01:22+00:00\",\"mainEntityOfPage\":{\"@id\":\"https:\\\/\\\/www.eldiario.net\\\/portal\\\/2026\\\/05\\\/04\\\/la-salud-intestinal-influye-en-el-bienestar\\\/\"},\"wordCount\":717,\"publisher\":{\"@id\":\"https:\\\/\\\/www.eldiario.net\\\/portal\\\/#organization\"},\"image\":{\"@id\":\"https:\\\/\\\/www.eldiario.net\\\/portal\\\/2026\\\/05\\\/04\\\/la-salud-intestinal-influye-en-el-bienestar\\\/#primaryimage\"},\"thumbnailUrl\":\"https:\\\/\\\/www.eldiario.net\\\/portal\\\/wp-content\\\/uploads\\\/2026\\\/05\\\/micro.webp\",\"articleSection\":[\"Nacional\"],\"inLanguage\":\"es\"},{\"@type\":\"WebPage\",\"@id\":\"https:\\\/\\\/www.eldiario.net\\\/portal\\\/2026\\\/05\\\/04\\\/la-salud-intestinal-influye-en-el-bienestar\\\/\",\"url\":\"https:\\\/\\\/www.eldiario.net\\\/portal\\\/2026\\\/05\\\/04\\\/la-salud-intestinal-influye-en-el-bienestar\\\/\",\"name\":\"La salud intestinal influye en el bienestar - El Diario - Bolivia\",\"isPartOf\":{\"@id\":\"https:\\\/\\\/www.eldiario.net\\\/portal\\\/#website\"},\"primaryImageOfPage\":{\"@id\":\"https:\\\/\\\/www.eldiario.net\\\/portal\\\/2026\\\/05\\\/04\\\/la-salud-intestinal-influye-en-el-bienestar\\\/#primaryimage\"},\"image\":{\"@id\":\"https:\\\/\\\/www.eldiario.net\\\/portal\\\/2026\\\/05\\\/04\\\/la-salud-intestinal-influye-en-el-bienestar\\\/#primaryimage\"},\"thumbnailUrl\":\"https:\\\/\\\/www.eldiario.net\\\/portal\\\/wp-content\\\/uploads\\\/2026\\\/05\\\/micro.webp\",\"datePublished\":\"2026-05-04T10:01:22+00:00\",\"breadcrumb\":{\"@id\":\"https:\\\/\\\/www.eldiario.net\\\/portal\\\/2026\\\/05\\\/04\\\/la-salud-intestinal-influye-en-el-bienestar\\\/#breadcrumb\"},\"inLanguage\":\"es\",\"potentialAction\":[{\"@type\":\"ReadAction\",\"target\":[\"https:\\\/\\\/www.eldiario.net\\\/portal\\\/2026\\\/05\\\/04\\\/la-salud-intestinal-influye-en-el-bienestar\\\/\"]}]},{\"@type\":\"ImageObject\",\"inLanguage\":\"es\",\"@id\":\"https:\\\/\\\/www.eldiario.net\\\/portal\\\/2026\\\/05\\\/04\\\/la-salud-intestinal-influye-en-el-bienestar\\\/#primaryimage\",\"url\":\"https:\\\/\\\/www.eldiario.net\\\/portal\\\/wp-content\\\/uploads\\\/2026\\\/05\\\/micro.webp\",\"contentUrl\":\"https:\\\/\\\/www.eldiario.net\\\/portal\\\/wp-content\\\/uploads\\\/2026\\\/05\\\/micro.webp\",\"width\":1600,\"height\":1022,\"caption\":\"El cuidado de la salud es importante, por ello recomiendan comer alimentos saludables.\"},{\"@type\":\"BreadcrumbList\",\"@id\":\"https:\\\/\\\/www.eldiario.net\\\/portal\\\/2026\\\/05\\\/04\\\/la-salud-intestinal-influye-en-el-bienestar\\\/#breadcrumb\",\"itemListElement\":[{\"@type\":\"ListItem\",\"position\":1,\"name\":\"Portada\",\"item\":\"https:\\\/\\\/www.eldiario.net\\\/portal\\\/\"},{\"@type\":\"ListItem\",\"position\":2,\"name\":\"La salud intestinal influye en el bienestar\"}]},{\"@type\":\"WebSite\",\"@id\":\"https:\\\/\\\/www.eldiario.net\\\/portal\\\/#website\",\"url\":\"https:\\\/\\\/www.eldiario.net\\\/portal\\\/\",\"name\":\"El Diario - Decano de la prensa nacional\",\"description\":\"El Diario - Decano de la prensa nacional\",\"publisher\":{\"@id\":\"https:\\\/\\\/www.eldiario.net\\\/portal\\\/#organization\"},\"potentialAction\":[{\"@type\":\"SearchAction\",\"target\":{\"@type\":\"EntryPoint\",\"urlTemplate\":\"https:\\\/\\\/www.eldiario.net\\\/portal\\\/?s={search_term_string}\"},\"query-input\":{\"@type\":\"PropertyValueSpecification\",\"valueRequired\":true,\"valueName\":\"search_term_string\"}}],\"inLanguage\":\"es\"},{\"@type\":\"Organization\",\"@id\":\"https:\\\/\\\/www.eldiario.net\\\/portal\\\/#organization\",\"name\":\"El Diario - Decano de la prensa nacional\",\"url\":\"https:\\\/\\\/www.eldiario.net\\\/portal\\\/\",\"logo\":{\"@type\":\"ImageObject\",\"inLanguage\":\"es\",\"@id\":\"https:\\\/\\\/www.eldiario.net\\\/portal\\\/#\\\/schema\\\/logo\\\/image\\\/\",\"url\":\"https:\\\/\\\/www.eldiario.net\\\/portal\\\/wp-content\\\/uploads\\\/2023\\\/07\\\/logo_ED.jpg\",\"contentUrl\":\"https:\\\/\\\/www.eldiario.net\\\/portal\\\/wp-content\\\/uploads\\\/2023\\\/07\\\/logo_ED.jpg\",\"width\":272,\"height\":52,\"caption\":\"El Diario - Decano de la prensa nacional\"},\"image\":{\"@id\":\"https:\\\/\\\/www.eldiario.net\\\/portal\\\/#\\\/schema\\\/logo\\\/image\\\/\"},\"sameAs\":[\"https:\\\/\\\/www.facebook.com\\\/eldiario.bolivia\\\/\",\"https:\\\/\\\/x.com\\\/eldiario_net\"]},{\"@type\":\"Person\",\"@id\":\"https:\\\/\\\/www.eldiario.net\\\/portal\\\/#\\\/schema\\\/person\\\/2c57cf2b7a7ae032e449e4c9b1019eac\",\"name\":\"Jeanette\",\"image\":{\"@type\":\"ImageObject\",\"inLanguage\":\"es\",\"@id\":\"https:\\\/\\\/secure.gravatar.com\\\/avatar\\\/3ea2118a5f7dad2b7138b1187a6b7ee55f160b9968b66013c3a3ef39dd7e5798?s=96&d=mm&r=g\",\"url\":\"https:\\\/\\\/secure.gravatar.com\\\/avatar\\\/3ea2118a5f7dad2b7138b1187a6b7ee55f160b9968b66013c3a3ef39dd7e5798?s=96&d=mm&r=g\",\"contentUrl\":\"https:\\\/\\\/secure.gravatar.com\\\/avatar\\\/3ea2118a5f7dad2b7138b1187a6b7ee55f160b9968b66013c3a3ef39dd7e5798?s=96&d=mm&r=g\",\"caption\":\"Jeanette\"},\"sameAs\":[\"https:\\\/\\\/www.eldiario.net\\\/portal\"],\"url\":\"https:\\\/\\\/www.eldiario.net\\\/portal\\\/author\\\/jeanette\\\/\"}]}<\/script>\n<!-- \/ Yoast SEO plugin. -->","yoast_head_json":{"title":"La salud intestinal influye en el bienestar - El Diario - Bolivia","robots":{"index":"index","follow":"follow","max-snippet":"max-snippet:-1","max-image-preview":"max-image-preview:large","max-video-preview":"max-video-preview:-1"},"canonical":"https:\/\/www.eldiario.net\/portal\/2026\/05\/04\/la-salud-intestinal-influye-en-el-bienestar\/","og_locale":"es_ES","og_type":"article","og_title":"La salud intestinal influye en el bienestar - El Diario - Bolivia","og_description":"Estudios muestran que el microbiota intestinal puede influir en el estado de \u00e1nimo, la inmunidad, el metabolismo e incluso en la calidad del sue\u00f1o. Entender las razones y conocer algunas recomendaciones puede ayudar a cuidar mejor la salud del intestino. Durante mucho tiempo se pens\u00f3 que el intestino era solo el \u00f3rgano encargado de la [&hellip;]","og_url":"https:\/\/www.eldiario.net\/portal\/2026\/05\/04\/la-salud-intestinal-influye-en-el-bienestar\/","og_site_name":"El Diario - Bolivia","article_publisher":"https:\/\/www.facebook.com\/eldiario.bolivia\/","article_published_time":"2026-05-04T10:01:22+00:00","og_image":[{"width":1600,"height":1022,"url":"https:\/\/www.eldiario.net\/portal\/wp-content\/uploads\/2026\/05\/micro.webp","type":"image\/webp"}],"author":"Jeanette","twitter_card":"summary_large_image","twitter_creator":"@eldiario_net","twitter_site":"@eldiario_net","twitter_misc":{"Escrito por":"Jeanette","Tiempo de lectura":"4 minutos"},"schema":{"@context":"https:\/\/schema.org","@graph":[{"@type":"Article","@id":"https:\/\/www.eldiario.net\/portal\/2026\/05\/04\/la-salud-intestinal-influye-en-el-bienestar\/#article","isPartOf":{"@id":"https:\/\/www.eldiario.net\/portal\/2026\/05\/04\/la-salud-intestinal-influye-en-el-bienestar\/"},"author":{"name":"Jeanette","@id":"https:\/\/www.eldiario.net\/portal\/#\/schema\/person\/2c57cf2b7a7ae032e449e4c9b1019eac"},"headline":"La salud intestinal influye en el bienestar","datePublished":"2026-05-04T10:01:22+00:00","mainEntityOfPage":{"@id":"https:\/\/www.eldiario.net\/portal\/2026\/05\/04\/la-salud-intestinal-influye-en-el-bienestar\/"},"wordCount":717,"publisher":{"@id":"https:\/\/www.eldiario.net\/portal\/#organization"},"image":{"@id":"https:\/\/www.eldiario.net\/portal\/2026\/05\/04\/la-salud-intestinal-influye-en-el-bienestar\/#primaryimage"},"thumbnailUrl":"https:\/\/www.eldiario.net\/portal\/wp-content\/uploads\/2026\/05\/micro.webp","articleSection":["Nacional"],"inLanguage":"es"},{"@type":"WebPage","@id":"https:\/\/www.eldiario.net\/portal\/2026\/05\/04\/la-salud-intestinal-influye-en-el-bienestar\/","url":"https:\/\/www.eldiario.net\/portal\/2026\/05\/04\/la-salud-intestinal-influye-en-el-bienestar\/","name":"La salud intestinal influye en el bienestar - El Diario - Bolivia","isPartOf":{"@id":"https:\/\/www.eldiario.net\/portal\/#website"},"primaryImageOfPage":{"@id":"https:\/\/www.eldiario.net\/portal\/2026\/05\/04\/la-salud-intestinal-influye-en-el-bienestar\/#primaryimage"},"image":{"@id":"https:\/\/www.eldiario.net\/portal\/2026\/05\/04\/la-salud-intestinal-influye-en-el-bienestar\/#primaryimage"},"thumbnailUrl":"https:\/\/www.eldiario.net\/portal\/wp-content\/uploads\/2026\/05\/micro.webp","datePublished":"2026-05-04T10:01:22+00:00","breadcrumb":{"@id":"https:\/\/www.eldiario.net\/portal\/2026\/05\/04\/la-salud-intestinal-influye-en-el-bienestar\/#breadcrumb"},"inLanguage":"es","potentialAction":[{"@type":"ReadAction","target":["https:\/\/www.eldiario.net\/portal\/2026\/05\/04\/la-salud-intestinal-influye-en-el-bienestar\/"]}]},{"@type":"ImageObject","inLanguage":"es","@id":"https:\/\/www.eldiario.net\/portal\/2026\/05\/04\/la-salud-intestinal-influye-en-el-bienestar\/#primaryimage","url":"https:\/\/www.eldiario.net\/portal\/wp-content\/uploads\/2026\/05\/micro.webp","contentUrl":"https:\/\/www.eldiario.net\/portal\/wp-content\/uploads\/2026\/05\/micro.webp","width":1600,"height":1022,"caption":"El cuidado de la salud es importante, por ello recomiendan comer alimentos saludables."},{"@type":"BreadcrumbList","@id":"https:\/\/www.eldiario.net\/portal\/2026\/05\/04\/la-salud-intestinal-influye-en-el-bienestar\/#breadcrumb","itemListElement":[{"@type":"ListItem","position":1,"name":"Portada","item":"https:\/\/www.eldiario.net\/portal\/"},{"@type":"ListItem","position":2,"name":"La salud intestinal influye en el bienestar"}]},{"@type":"WebSite","@id":"https:\/\/www.eldiario.net\/portal\/#website","url":"https:\/\/www.eldiario.net\/portal\/","name":"El Diario - Decano de la prensa nacional","description":"El Diario - Decano de la prensa nacional","publisher":{"@id":"https:\/\/www.eldiario.net\/portal\/#organization"},"potentialAction":[{"@type":"SearchAction","target":{"@type":"EntryPoint","urlTemplate":"https:\/\/www.eldiario.net\/portal\/?s={search_term_string}"},"query-input":{"@type":"PropertyValueSpecification","valueRequired":true,"valueName":"search_term_string"}}],"inLanguage":"es"},{"@type":"Organization","@id":"https:\/\/www.eldiario.net\/portal\/#organization","name":"El Diario - Decano de la prensa nacional","url":"https:\/\/www.eldiario.net\/portal\/","logo":{"@type":"ImageObject","inLanguage":"es","@id":"https:\/\/www.eldiario.net\/portal\/#\/schema\/logo\/image\/","url":"https:\/\/www.eldiario.net\/portal\/wp-content\/uploads\/2023\/07\/logo_ED.jpg","contentUrl":"https:\/\/www.eldiario.net\/portal\/wp-content\/uploads\/2023\/07\/logo_ED.jpg","width":272,"height":52,"caption":"El Diario - Decano de la prensa nacional"},"image":{"@id":"https:\/\/www.eldiario.net\/portal\/#\/schema\/logo\/image\/"},"sameAs":["https:\/\/www.facebook.com\/eldiario.bolivia\/","https:\/\/x.com\/eldiario_net"]},{"@type":"Person","@id":"https:\/\/www.eldiario.net\/portal\/#\/schema\/person\/2c57cf2b7a7ae032e449e4c9b1019eac","name":"Jeanette","image":{"@type":"ImageObject","inLanguage":"es","@id":"https:\/\/secure.gravatar.com\/avatar\/3ea2118a5f7dad2b7138b1187a6b7ee55f160b9968b66013c3a3ef39dd7e5798?s=96&d=mm&r=g","url":"https:\/\/secure.gravatar.com\/avatar\/3ea2118a5f7dad2b7138b1187a6b7ee55f160b9968b66013c3a3ef39dd7e5798?s=96&d=mm&r=g","contentUrl":"https:\/\/secure.gravatar.com\/avatar\/3ea2118a5f7dad2b7138b1187a6b7ee55f160b9968b66013c3a3ef39dd7e5798?s=96&d=mm&r=g","caption":"Jeanette"},"sameAs":["https:\/\/www.eldiario.net\/portal"],"url":"https:\/\/www.eldiario.net\/portal\/author\/jeanette\/"}]}},"_links":{"self":[{"href":"https:\/\/www.eldiario.net\/portal\/wp-json\/wp\/v2\/posts\/390829","targetHints":{"allow":["GET"]}}],"collection":[{"href":"https:\/\/www.eldiario.net\/portal\/wp-json\/wp\/v2\/posts"}],"about":[{"href":"https:\/\/www.eldiario.net\/portal\/wp-json\/wp\/v2\/types\/post"}],"author":[{"embeddable":true,"href":"https:\/\/www.eldiario.net\/portal\/wp-json\/wp\/v2\/users\/1"}],"replies":[{"embeddable":true,"href":"https:\/\/www.eldiario.net\/portal\/wp-json\/wp\/v2\/comments?post=390829"}],"version-history":[{"count":1,"href":"https:\/\/www.eldiario.net\/portal\/wp-json\/wp\/v2\/posts\/390829\/revisions"}],"predecessor-version":[{"id":390831,"href":"https:\/\/www.eldiario.net\/portal\/wp-json\/wp\/v2\/posts\/390829\/revisions\/390831"}],"wp:featuredmedia":[{"embeddable":true,"href":"https:\/\/www.eldiario.net\/portal\/wp-json\/wp\/v2\/media\/390830"}],"wp:attachment":[{"href":"https:\/\/www.eldiario.net\/portal\/wp-json\/wp\/v2\/media?parent=390829"}],"wp:term":[{"taxonomy":"category","embeddable":true,"href":"https:\/\/www.eldiario.net\/portal\/wp-json\/wp\/v2\/categories?post=390829"},{"taxonomy":"post_tag","embeddable":true,"href":"https:\/\/www.eldiario.net\/portal\/wp-json\/wp\/v2\/tags?post=390829"}],"curies":[{"name":"wp","href":"https:\/\/api.w.org\/{rel}","templated":true}]}}