{"id":390826,"date":"2026-05-04T06:00:11","date_gmt":"2026-05-04T10:00:11","guid":{"rendered":"https:\/\/www.eldiario.net\/portal\/?p=390826"},"modified":"2026-05-04T06:00:11","modified_gmt":"2026-05-04T10:00:11","slug":"accidentes-aereos-repiten-patrones-que-deben-resolverse","status":"publish","type":"post","link":"https:\/\/www.eldiario.net\/portal\/2026\/05\/04\/accidentes-aereos-repiten-patrones-que-deben-resolverse\/","title":{"rendered":"Accidentes a\u00e9reos repiten  patrones que deben resolverse"},"content":{"rendered":"<p>Haciendo referencia a los dos accidentes a\u00e9reos que marcaron los primeros meses del a\u00f1o en curso, el exdiputado por La Paz, Ingvar Ellefsen, advirti\u00f3 que existen aspectos de seguridad y ciertos patrones que constantemente se repiten en incidentes a\u00e9reos, mismos que deben ser resueltos con eficiencia por parte de las instancias responsables de la aeronavegaci\u00f3n nacional.<br \/>\nA trav\u00e9s de sus redes sociales, el jurista y exparlamentario sostuvo que, tanto el accidente a\u00e9reo del avi\u00f3n militar que sali\u00f3 de pista en el aeropuerto internacional de El Alto, en el mes de febrero, adem\u00e1s del reciente incidente con una avioneta que present\u00f3 fallas mec\u00e1nicas en pleno vuelo y tuvo que aterrizar de emergencia en un r\u00edo del departamento del Beni, demuestra que existen aspectos por resolverse en temas de seguridad.<br \/>\n\u201cAmbos hechos, con caracter\u00edsticas diferentes, repiten patrones que deben ser resueltos con la eficiencia de las instancias responsables de cada una de las tareas que hacen el conjunto de la seguridad para la navegaci\u00f3n a\u00e9rea, tanto en tierra como en aire\u201d, sostuvo Ellefsen.<br \/>\nEn su criterio, ambos hechos han vuelto a \u201cencender alarmas nunca atendidas\u201d y menos resueltas respecto a la seguridad para la aeronavegaci\u00f3n en Bolivia. El primero, con avi\u00f3n militar que transportaba valores y el segundo una avioneta Cessna, en un vuelo particular.<br \/>\nAsimismo, cuestion\u00f3 que personal de las entidades encargadas de la seguridad para la aeronavegaci\u00f3n sean m\u00e1s conocidos por los malos tratos a los usuarios de terminales a\u00e9reas y aerol\u00edneas, que por cumplir estrictamente con los protocolos de seguridad establecidos para evitar y prevenir incidentes a\u00e9reos.<br \/>\n\u201cNinguno dio la talla para garantizar la seguridad para la navegaci\u00f3n a\u00e9rea, al contrario, parece que la funci\u00f3n del personal revestido de un chaleco, solo es la de amedrentar al pasajero\/usuario porque de las terminales que est\u00e1n a su cargo despegan y aterrizan aviones sin que se tenga certeza de las condiciones de la pista, sin llevar el combustible necesario para el vuelo previsto y con la lista de pasajeros que no coincide con la de los ocupantes de la nave o con sobrecarga que pone el riesgo el viaje\u201d, observ\u00f3, calificando como irrelevante establecer nombres, cargos o las instancias encargadas del tema de la seguridad que hoy \u201cdespilfarran el poco prestigio que ten\u00edan Aasana y Sabsa\u201d.<br \/>\nEllefsen puntualiz\u00f3 que sus cr\u00edticas y consideraciones surgen de los datos revelados respecto a los accidentes mencionados y su experiencia como abogado de la firma Dotzauer &amp; Ellefsen, que en asociaci\u00f3n con el Bufet Montoya Law, representaron a los pasajeros de la primera aeronave de l\u00ednea a\u00e9rea boliviana que se precipit\u00f3 por falta de combustible en el a\u00f1o 2008.<br \/>\nLa semana pasada, un informe t\u00e9cnico presentado por la Fuerza A\u00e9rea Boliviana (FAB) revel\u00f3 que el accidente a\u00e9reo del avi\u00f3n H\u00e9rcules, ocurrido el pasado 27 de febrero en la ciudad de El Alto, fue provocado por una combinaci\u00f3n de fallas operacionales, condiciones meteorol\u00f3gicas adversas y factores humanos, descartando fallas mec\u00e1nicas en la aeronave.<br \/>\nSeg\u00fan el informe, el siniestro a\u00e9reo pod\u00eda haberse evitado si se hubieran recibido los datos meteorol\u00f3gicos correctos y se hubieran considerado todas las opciones operativas disponibles, por lo que la \u201ccomunicaci\u00f3n err\u00f3nea\u201d sobre el estado de la pista, termin\u00f3 afectando la toma de decisiones en cabina.<br \/>\nSe detall\u00f3 que, el controlador a\u00e9reo en funciones era un practicante bajo supervisi\u00f3n, quien no habr\u00eda proporcionado datos precisos sobre las condiciones reales.<br \/>\nProducto de este informe y las investigaciones que se realizan en el marco de un proceso por homicidio culposo y lesiones culposas, el Ministerio P\u00fablico emiti\u00f3 una orden de aprehensi\u00f3n contra el piloto y copiloto de la aeronave siniestrada en febrero pasado.<br \/>\nEste fin de semana, la justicia determin\u00f3 dictar detenci\u00f3n preventiva por seis meses en la c\u00e1rcel de San Pedro para el piloto y detenci\u00f3n domiciliaria en el caso del copiloto.<br \/>\nEn el accidente a\u00e9reo fallecieron 22 personas, m\u00e1s 30 resultaron heridas y varios veh\u00edculos quedaron da\u00f1ados. El avi\u00f3n hab\u00eda despegado del Aeropuerto Internacional de Viru Viru a las 16.56, transportando material monetario del Banco Central de Bolivia (BCB), sin valor legal, con destino a El Alto.<br \/>\nEn febrero de 2008, un Boeing 727-200, matr\u00edcula CP-2429, del Lloyd A\u00e9reo Boliviano, trasladaba a 156 pasajeros desde La Paz a Cobija, pero la falta de combustible oblig\u00f3 al piloto a desviar su vuelo e intentar aterrizar en el aeropuerto \u201cTeniente Jorge Henrich Ara\u00faz\u201d en Trinidad; sin embargo, cuando faltaban diez kil\u00f3metros para tocar la pista, el Jet Fuel se agot\u00f3 y la aeronave se cay\u00f3 impactando en los humedales aleda\u00f1os. Fue la primera aeronave de una l\u00ednea a\u00e9rea boliviana que se precipit\u00f3 por falta de combustible en pleno vuelo.<br \/>\nOtro caso se registr\u00f3 en noviembre de 2016, cuando el vuelo 2933 de LaMia, procedente del aeropuerto internacional de Viru Viru, transportaba al equipo Chapecoense (Brasil), debido a la falta de combustible por una gesti\u00f3n deficiente, planeaci\u00f3n inapropiada y decisiones equivocadas de la tripulaci\u00f3n, provoco el fallecimiento de 71 personas al estrellarse a pocos kil\u00f3metros de su lugar de aterrizaje en el aeropuerto internacional de Jos\u00e9 Mar\u00eda C\u00f3rdova (Medell\u00edn-Colombia), tras agotar el carburante sin declarar emergencia a tiempo.<\/p>\n","protected":false},"excerpt":{"rendered":"<p>Haciendo referencia a los dos accidentes a\u00e9reos que marcaron los primeros meses del a\u00f1o en curso, el exdiputado por La Paz, Ingvar Ellefsen, advirti\u00f3 que existen aspectos de seguridad y ciertos patrones que constantemente se repiten en incidentes a\u00e9reos, mismos que deben ser resueltos con eficiencia por parte de las instancias responsables de la aeronavegaci\u00f3n [&hellip;]<\/p>\n","protected":false},"author":1,"featured_media":390827,"comment_status":"closed","ping_status":"open","sticky":false,"template":"","format":"standard","meta":{"_acf_changed":false,"footnotes":""},"categories":[39],"tags":[],"class_list":["post-390826","post","type-post","status-publish","format-standard","has-post-thumbnail","category-sociedad"],"acf":{"antetitulo":"Se\u00f1ala exdiputado "},"yoast_head":"<!-- This site is optimized with the Yoast SEO plugin v28.4 - https:\/\/yoast.com\/product\/yoast-seo-wordpress\/ -->\n<title>Accidentes a\u00e9reos repiten patrones que deben resolverse - El Diario - Bolivia<\/title>\n<meta name=\"robots\" content=\"index, follow, max-snippet:-1, max-image-preview:large, max-video-preview:-1\" \/>\n<link rel=\"canonical\" href=\"https:\/\/www.eldiario.net\/portal\/2026\/05\/04\/accidentes-aereos-repiten-patrones-que-deben-resolverse\/\" \/>\n<meta property=\"og:locale\" content=\"es_ES\" \/>\n<meta property=\"og:type\" content=\"article\" \/>\n<meta property=\"og:title\" content=\"Accidentes a\u00e9reos repiten patrones que deben resolverse - El Diario - Bolivia\" \/>\n<meta property=\"og:description\" content=\"Haciendo referencia a los dos accidentes a\u00e9reos que marcaron los primeros meses del a\u00f1o en curso, el exdiputado por La Paz, Ingvar Ellefsen, advirti\u00f3 que existen aspectos de seguridad y ciertos patrones que constantemente se repiten en incidentes a\u00e9reos, mismos que deben ser resueltos con eficiencia por parte de las instancias responsables de la aeronavegaci\u00f3n [&hellip;]\" \/>\n<meta property=\"og:url\" content=\"https:\/\/www.eldiario.net\/portal\/2026\/05\/04\/accidentes-aereos-repiten-patrones-que-deben-resolverse\/\" \/>\n<meta property=\"og:site_name\" content=\"El Diario - Bolivia\" \/>\n<meta property=\"article:publisher\" content=\"https:\/\/www.facebook.com\/eldiario.bolivia\/\" \/>\n<meta property=\"article:published_time\" content=\"2026-05-04T10:00:11+00:00\" \/>\n<meta property=\"og:image\" content=\"https:\/\/www.eldiario.net\/portal\/wp-content\/uploads\/2026\/05\/1PATRONES-ELLEFSEN.webp\" \/>\n\t<meta property=\"og:image:width\" content=\"894\" \/>\n\t<meta property=\"og:image:height\" content=\"609\" \/>\n\t<meta property=\"og:image:type\" content=\"image\/webp\" \/>\n<meta name=\"author\" content=\"Jeanette\" \/>\n<meta name=\"twitter:card\" content=\"summary_large_image\" \/>\n<meta name=\"twitter:creator\" content=\"@eldiario_net\" \/>\n<meta name=\"twitter:site\" content=\"@eldiario_net\" \/>\n<meta name=\"twitter:label1\" content=\"Escrito por\" \/>\n\t<meta name=\"twitter:data1\" content=\"Jeanette\" \/>\n\t<meta name=\"twitter:label2\" content=\"Tiempo de lectura\" \/>\n\t<meta name=\"twitter:data2\" content=\"5 minutos\" \/>\n<script type=\"application\/ld+json\" class=\"yoast-schema-graph\">{\"@context\":\"https:\\\/\\\/schema.org\",\"@graph\":[{\"@type\":\"Article\",\"@id\":\"https:\\\/\\\/www.eldiario.net\\\/portal\\\/2026\\\/05\\\/04\\\/accidentes-aereos-repiten-patrones-que-deben-resolverse\\\/#article\",\"isPartOf\":{\"@id\":\"https:\\\/\\\/www.eldiario.net\\\/portal\\\/2026\\\/05\\\/04\\\/accidentes-aereos-repiten-patrones-que-deben-resolverse\\\/\"},\"author\":{\"name\":\"Jeanette\",\"@id\":\"https:\\\/\\\/www.eldiario.net\\\/portal\\\/#\\\/schema\\\/person\\\/2c57cf2b7a7ae032e449e4c9b1019eac\"},\"headline\":\"Accidentes a\u00e9reos repiten patrones que deben resolverse\",\"datePublished\":\"2026-05-04T10:00:11+00:00\",\"mainEntityOfPage\":{\"@id\":\"https:\\\/\\\/www.eldiario.net\\\/portal\\\/2026\\\/05\\\/04\\\/accidentes-aereos-repiten-patrones-que-deben-resolverse\\\/\"},\"wordCount\":913,\"publisher\":{\"@id\":\"https:\\\/\\\/www.eldiario.net\\\/portal\\\/#organization\"},\"image\":{\"@id\":\"https:\\\/\\\/www.eldiario.net\\\/portal\\\/2026\\\/05\\\/04\\\/accidentes-aereos-repiten-patrones-que-deben-resolverse\\\/#primaryimage\"},\"thumbnailUrl\":\"https:\\\/\\\/www.eldiario.net\\\/portal\\\/wp-content\\\/uploads\\\/2026\\\/05\\\/1PATRONES-ELLEFSEN.webp\",\"articleSection\":[\"Sociedad - Seguridad\"],\"inLanguage\":\"es\"},{\"@type\":\"WebPage\",\"@id\":\"https:\\\/\\\/www.eldiario.net\\\/portal\\\/2026\\\/05\\\/04\\\/accidentes-aereos-repiten-patrones-que-deben-resolverse\\\/\",\"url\":\"https:\\\/\\\/www.eldiario.net\\\/portal\\\/2026\\\/05\\\/04\\\/accidentes-aereos-repiten-patrones-que-deben-resolverse\\\/\",\"name\":\"Accidentes a\u00e9reos repiten patrones que deben resolverse - El Diario - Bolivia\",\"isPartOf\":{\"@id\":\"https:\\\/\\\/www.eldiario.net\\\/portal\\\/#website\"},\"primaryImageOfPage\":{\"@id\":\"https:\\\/\\\/www.eldiario.net\\\/portal\\\/2026\\\/05\\\/04\\\/accidentes-aereos-repiten-patrones-que-deben-resolverse\\\/#primaryimage\"},\"image\":{\"@id\":\"https:\\\/\\\/www.eldiario.net\\\/portal\\\/2026\\\/05\\\/04\\\/accidentes-aereos-repiten-patrones-que-deben-resolverse\\\/#primaryimage\"},\"thumbnailUrl\":\"https:\\\/\\\/www.eldiario.net\\\/portal\\\/wp-content\\\/uploads\\\/2026\\\/05\\\/1PATRONES-ELLEFSEN.webp\",\"datePublished\":\"2026-05-04T10:00:11+00:00\",\"breadcrumb\":{\"@id\":\"https:\\\/\\\/www.eldiario.net\\\/portal\\\/2026\\\/05\\\/04\\\/accidentes-aereos-repiten-patrones-que-deben-resolverse\\\/#breadcrumb\"},\"inLanguage\":\"es\",\"potentialAction\":[{\"@type\":\"ReadAction\",\"target\":[\"https:\\\/\\\/www.eldiario.net\\\/portal\\\/2026\\\/05\\\/04\\\/accidentes-aereos-repiten-patrones-que-deben-resolverse\\\/\"]}]},{\"@type\":\"ImageObject\",\"inLanguage\":\"es\",\"@id\":\"https:\\\/\\\/www.eldiario.net\\\/portal\\\/2026\\\/05\\\/04\\\/accidentes-aereos-repiten-patrones-que-deben-resolverse\\\/#primaryimage\",\"url\":\"https:\\\/\\\/www.eldiario.net\\\/portal\\\/wp-content\\\/uploads\\\/2026\\\/05\\\/1PATRONES-ELLEFSEN.webp\",\"contentUrl\":\"https:\\\/\\\/www.eldiario.net\\\/portal\\\/wp-content\\\/uploads\\\/2026\\\/05\\\/1PATRONES-ELLEFSEN.webp\",\"width\":894,\"height\":609,\"caption\":\"Ingvar Ellefsen, exdiputado y abogado.\"},{\"@type\":\"BreadcrumbList\",\"@id\":\"https:\\\/\\\/www.eldiario.net\\\/portal\\\/2026\\\/05\\\/04\\\/accidentes-aereos-repiten-patrones-que-deben-resolverse\\\/#breadcrumb\",\"itemListElement\":[{\"@type\":\"ListItem\",\"position\":1,\"name\":\"Portada\",\"item\":\"https:\\\/\\\/www.eldiario.net\\\/portal\\\/\"},{\"@type\":\"ListItem\",\"position\":2,\"name\":\"Accidentes a\u00e9reos repiten patrones que deben resolverse\"}]},{\"@type\":\"WebSite\",\"@id\":\"https:\\\/\\\/www.eldiario.net\\\/portal\\\/#website\",\"url\":\"https:\\\/\\\/www.eldiario.net\\\/portal\\\/\",\"name\":\"El Diario - Decano de la prensa nacional\",\"description\":\"El Diario - Decano de la prensa nacional\",\"publisher\":{\"@id\":\"https:\\\/\\\/www.eldiario.net\\\/portal\\\/#organization\"},\"potentialAction\":[{\"@type\":\"SearchAction\",\"target\":{\"@type\":\"EntryPoint\",\"urlTemplate\":\"https:\\\/\\\/www.eldiario.net\\\/portal\\\/?s={search_term_string}\"},\"query-input\":{\"@type\":\"PropertyValueSpecification\",\"valueRequired\":true,\"valueName\":\"search_term_string\"}}],\"inLanguage\":\"es\"},{\"@type\":\"Organization\",\"@id\":\"https:\\\/\\\/www.eldiario.net\\\/portal\\\/#organization\",\"name\":\"El Diario - Decano de la prensa nacional\",\"url\":\"https:\\\/\\\/www.eldiario.net\\\/portal\\\/\",\"logo\":{\"@type\":\"ImageObject\",\"inLanguage\":\"es\",\"@id\":\"https:\\\/\\\/www.eldiario.net\\\/portal\\\/#\\\/schema\\\/logo\\\/image\\\/\",\"url\":\"https:\\\/\\\/www.eldiario.net\\\/portal\\\/wp-content\\\/uploads\\\/2023\\\/07\\\/logo_ED.jpg\",\"contentUrl\":\"https:\\\/\\\/www.eldiario.net\\\/portal\\\/wp-content\\\/uploads\\\/2023\\\/07\\\/logo_ED.jpg\",\"width\":272,\"height\":52,\"caption\":\"El Diario - Decano de la prensa nacional\"},\"image\":{\"@id\":\"https:\\\/\\\/www.eldiario.net\\\/portal\\\/#\\\/schema\\\/logo\\\/image\\\/\"},\"sameAs\":[\"https:\\\/\\\/www.facebook.com\\\/eldiario.bolivia\\\/\",\"https:\\\/\\\/x.com\\\/eldiario_net\"]},{\"@type\":\"Person\",\"@id\":\"https:\\\/\\\/www.eldiario.net\\\/portal\\\/#\\\/schema\\\/person\\\/2c57cf2b7a7ae032e449e4c9b1019eac\",\"name\":\"Jeanette\",\"image\":{\"@type\":\"ImageObject\",\"inLanguage\":\"es\",\"@id\":\"https:\\\/\\\/secure.gravatar.com\\\/avatar\\\/3ea2118a5f7dad2b7138b1187a6b7ee55f160b9968b66013c3a3ef39dd7e5798?s=96&d=mm&r=g\",\"url\":\"https:\\\/\\\/secure.gravatar.com\\\/avatar\\\/3ea2118a5f7dad2b7138b1187a6b7ee55f160b9968b66013c3a3ef39dd7e5798?s=96&d=mm&r=g\",\"contentUrl\":\"https:\\\/\\\/secure.gravatar.com\\\/avatar\\\/3ea2118a5f7dad2b7138b1187a6b7ee55f160b9968b66013c3a3ef39dd7e5798?s=96&d=mm&r=g\",\"caption\":\"Jeanette\"},\"sameAs\":[\"https:\\\/\\\/www.eldiario.net\\\/portal\"],\"url\":\"https:\\\/\\\/www.eldiario.net\\\/portal\\\/author\\\/jeanette\\\/\"}]}<\/script>\n<!-- \/ Yoast SEO plugin. -->","yoast_head_json":{"title":"Accidentes a\u00e9reos repiten patrones que deben resolverse - El Diario - Bolivia","robots":{"index":"index","follow":"follow","max-snippet":"max-snippet:-1","max-image-preview":"max-image-preview:large","max-video-preview":"max-video-preview:-1"},"canonical":"https:\/\/www.eldiario.net\/portal\/2026\/05\/04\/accidentes-aereos-repiten-patrones-que-deben-resolverse\/","og_locale":"es_ES","og_type":"article","og_title":"Accidentes a\u00e9reos repiten patrones que deben resolverse - El Diario - Bolivia","og_description":"Haciendo referencia a los dos accidentes a\u00e9reos que marcaron los primeros meses del a\u00f1o en curso, el exdiputado por La Paz, Ingvar Ellefsen, advirti\u00f3 que existen aspectos de seguridad y ciertos patrones que constantemente se repiten en incidentes a\u00e9reos, mismos que deben ser resueltos con eficiencia por parte de las instancias responsables de la aeronavegaci\u00f3n [&hellip;]","og_url":"https:\/\/www.eldiario.net\/portal\/2026\/05\/04\/accidentes-aereos-repiten-patrones-que-deben-resolverse\/","og_site_name":"El Diario - Bolivia","article_publisher":"https:\/\/www.facebook.com\/eldiario.bolivia\/","article_published_time":"2026-05-04T10:00:11+00:00","og_image":[{"width":894,"height":609,"url":"https:\/\/www.eldiario.net\/portal\/wp-content\/uploads\/2026\/05\/1PATRONES-ELLEFSEN.webp","type":"image\/webp"}],"author":"Jeanette","twitter_card":"summary_large_image","twitter_creator":"@eldiario_net","twitter_site":"@eldiario_net","twitter_misc":{"Escrito por":"Jeanette","Tiempo de lectura":"5 minutos"},"schema":{"@context":"https:\/\/schema.org","@graph":[{"@type":"Article","@id":"https:\/\/www.eldiario.net\/portal\/2026\/05\/04\/accidentes-aereos-repiten-patrones-que-deben-resolverse\/#article","isPartOf":{"@id":"https:\/\/www.eldiario.net\/portal\/2026\/05\/04\/accidentes-aereos-repiten-patrones-que-deben-resolverse\/"},"author":{"name":"Jeanette","@id":"https:\/\/www.eldiario.net\/portal\/#\/schema\/person\/2c57cf2b7a7ae032e449e4c9b1019eac"},"headline":"Accidentes a\u00e9reos repiten patrones que deben resolverse","datePublished":"2026-05-04T10:00:11+00:00","mainEntityOfPage":{"@id":"https:\/\/www.eldiario.net\/portal\/2026\/05\/04\/accidentes-aereos-repiten-patrones-que-deben-resolverse\/"},"wordCount":913,"publisher":{"@id":"https:\/\/www.eldiario.net\/portal\/#organization"},"image":{"@id":"https:\/\/www.eldiario.net\/portal\/2026\/05\/04\/accidentes-aereos-repiten-patrones-que-deben-resolverse\/#primaryimage"},"thumbnailUrl":"https:\/\/www.eldiario.net\/portal\/wp-content\/uploads\/2026\/05\/1PATRONES-ELLEFSEN.webp","articleSection":["Sociedad - Seguridad"],"inLanguage":"es"},{"@type":"WebPage","@id":"https:\/\/www.eldiario.net\/portal\/2026\/05\/04\/accidentes-aereos-repiten-patrones-que-deben-resolverse\/","url":"https:\/\/www.eldiario.net\/portal\/2026\/05\/04\/accidentes-aereos-repiten-patrones-que-deben-resolverse\/","name":"Accidentes a\u00e9reos repiten patrones que deben resolverse - El Diario - Bolivia","isPartOf":{"@id":"https:\/\/www.eldiario.net\/portal\/#website"},"primaryImageOfPage":{"@id":"https:\/\/www.eldiario.net\/portal\/2026\/05\/04\/accidentes-aereos-repiten-patrones-que-deben-resolverse\/#primaryimage"},"image":{"@id":"https:\/\/www.eldiario.net\/portal\/2026\/05\/04\/accidentes-aereos-repiten-patrones-que-deben-resolverse\/#primaryimage"},"thumbnailUrl":"https:\/\/www.eldiario.net\/portal\/wp-content\/uploads\/2026\/05\/1PATRONES-ELLEFSEN.webp","datePublished":"2026-05-04T10:00:11+00:00","breadcrumb":{"@id":"https:\/\/www.eldiario.net\/portal\/2026\/05\/04\/accidentes-aereos-repiten-patrones-que-deben-resolverse\/#breadcrumb"},"inLanguage":"es","potentialAction":[{"@type":"ReadAction","target":["https:\/\/www.eldiario.net\/portal\/2026\/05\/04\/accidentes-aereos-repiten-patrones-que-deben-resolverse\/"]}]},{"@type":"ImageObject","inLanguage":"es","@id":"https:\/\/www.eldiario.net\/portal\/2026\/05\/04\/accidentes-aereos-repiten-patrones-que-deben-resolverse\/#primaryimage","url":"https:\/\/www.eldiario.net\/portal\/wp-content\/uploads\/2026\/05\/1PATRONES-ELLEFSEN.webp","contentUrl":"https:\/\/www.eldiario.net\/portal\/wp-content\/uploads\/2026\/05\/1PATRONES-ELLEFSEN.webp","width":894,"height":609,"caption":"Ingvar Ellefsen, exdiputado y abogado."},{"@type":"BreadcrumbList","@id":"https:\/\/www.eldiario.net\/portal\/2026\/05\/04\/accidentes-aereos-repiten-patrones-que-deben-resolverse\/#breadcrumb","itemListElement":[{"@type":"ListItem","position":1,"name":"Portada","item":"https:\/\/www.eldiario.net\/portal\/"},{"@type":"ListItem","position":2,"name":"Accidentes a\u00e9reos repiten patrones que deben resolverse"}]},{"@type":"WebSite","@id":"https:\/\/www.eldiario.net\/portal\/#website","url":"https:\/\/www.eldiario.net\/portal\/","name":"El Diario - Decano de la prensa nacional","description":"El Diario - Decano de la prensa nacional","publisher":{"@id":"https:\/\/www.eldiario.net\/portal\/#organization"},"potentialAction":[{"@type":"SearchAction","target":{"@type":"EntryPoint","urlTemplate":"https:\/\/www.eldiario.net\/portal\/?s={search_term_string}"},"query-input":{"@type":"PropertyValueSpecification","valueRequired":true,"valueName":"search_term_string"}}],"inLanguage":"es"},{"@type":"Organization","@id":"https:\/\/www.eldiario.net\/portal\/#organization","name":"El Diario - Decano de la prensa nacional","url":"https:\/\/www.eldiario.net\/portal\/","logo":{"@type":"ImageObject","inLanguage":"es","@id":"https:\/\/www.eldiario.net\/portal\/#\/schema\/logo\/image\/","url":"https:\/\/www.eldiario.net\/portal\/wp-content\/uploads\/2023\/07\/logo_ED.jpg","contentUrl":"https:\/\/www.eldiario.net\/portal\/wp-content\/uploads\/2023\/07\/logo_ED.jpg","width":272,"height":52,"caption":"El Diario - Decano de la prensa nacional"},"image":{"@id":"https:\/\/www.eldiario.net\/portal\/#\/schema\/logo\/image\/"},"sameAs":["https:\/\/www.facebook.com\/eldiario.bolivia\/","https:\/\/x.com\/eldiario_net"]},{"@type":"Person","@id":"https:\/\/www.eldiario.net\/portal\/#\/schema\/person\/2c57cf2b7a7ae032e449e4c9b1019eac","name":"Jeanette","image":{"@type":"ImageObject","inLanguage":"es","@id":"https:\/\/secure.gravatar.com\/avatar\/3ea2118a5f7dad2b7138b1187a6b7ee55f160b9968b66013c3a3ef39dd7e5798?s=96&d=mm&r=g","url":"https:\/\/secure.gravatar.com\/avatar\/3ea2118a5f7dad2b7138b1187a6b7ee55f160b9968b66013c3a3ef39dd7e5798?s=96&d=mm&r=g","contentUrl":"https:\/\/secure.gravatar.com\/avatar\/3ea2118a5f7dad2b7138b1187a6b7ee55f160b9968b66013c3a3ef39dd7e5798?s=96&d=mm&r=g","caption":"Jeanette"},"sameAs":["https:\/\/www.eldiario.net\/portal"],"url":"https:\/\/www.eldiario.net\/portal\/author\/jeanette\/"}]}},"_links":{"self":[{"href":"https:\/\/www.eldiario.net\/portal\/wp-json\/wp\/v2\/posts\/390826","targetHints":{"allow":["GET"]}}],"collection":[{"href":"https:\/\/www.eldiario.net\/portal\/wp-json\/wp\/v2\/posts"}],"about":[{"href":"https:\/\/www.eldiario.net\/portal\/wp-json\/wp\/v2\/types\/post"}],"author":[{"embeddable":true,"href":"https:\/\/www.eldiario.net\/portal\/wp-json\/wp\/v2\/users\/1"}],"replies":[{"embeddable":true,"href":"https:\/\/www.eldiario.net\/portal\/wp-json\/wp\/v2\/comments?post=390826"}],"version-history":[{"count":1,"href":"https:\/\/www.eldiario.net\/portal\/wp-json\/wp\/v2\/posts\/390826\/revisions"}],"predecessor-version":[{"id":390828,"href":"https:\/\/www.eldiario.net\/portal\/wp-json\/wp\/v2\/posts\/390826\/revisions\/390828"}],"wp:featuredmedia":[{"embeddable":true,"href":"https:\/\/www.eldiario.net\/portal\/wp-json\/wp\/v2\/media\/390827"}],"wp:attachment":[{"href":"https:\/\/www.eldiario.net\/portal\/wp-json\/wp\/v2\/media?parent=390826"}],"wp:term":[{"taxonomy":"category","embeddable":true,"href":"https:\/\/www.eldiario.net\/portal\/wp-json\/wp\/v2\/categories?post=390826"},{"taxonomy":"post_tag","embeddable":true,"href":"https:\/\/www.eldiario.net\/portal\/wp-json\/wp\/v2\/tags?post=390826"}],"curies":[{"name":"wp","href":"https:\/\/api.w.org\/{rel}","templated":true}]}}