{"id":390823,"date":"2026-05-04T05:59:32","date_gmt":"2026-05-04T09:59:32","guid":{"rendered":"https:\/\/www.eldiario.net\/portal\/?p=390823"},"modified":"2026-05-04T05:59:32","modified_gmt":"2026-05-04T09:59:32","slug":"la-armada-y-la-felcn-dan-duro-golpe-al-narcotrafico","status":"publish","type":"post","link":"https:\/\/www.eldiario.net\/portal\/2026\/05\/04\/la-armada-y-la-felcn-dan-duro-golpe-al-narcotrafico\/","title":{"rendered":"La Armada y la Felcn dan  duro golpe al narcotr\u00e1fico"},"content":{"rendered":"<p>Un operativo conjunto de la Armada Boliviana y la Fuerza Especial de Lucha Contra el Narcotr\u00e1fico (Felcn), procedi\u00f3 a la incautaci\u00f3n de 195 kilos de clorhidrato de coca\u00edna, valuados en m\u00e1s de tres millones de bolivianos, que eran transportados en una embarcaci\u00f3n de madera que transitaba por el sector lacustre del lago Titicaca.<br \/>\nSeg\u00fan el reporte oficial, efectivos antidroga, respaldados por personal de la Armada Boliviana, realizaron un patrullaje de interdicci\u00f3n al narcotr\u00e1fico en inmediaciones del lago Titicaca del Municipio de Ancoraimes, donde se intercept\u00f3 un bote de madera con dos personas de nacionalidad peruana.<br \/>\nDurante la requisa, se hallaron 7 bolsas de yute que conten\u00edan 186 paquetes con una sustancia blanquecina. Al realizar la prueba de campo, se obtuvo resultado positivo para clorhidrato de coca\u00edna.<br \/>\nAnte la flagrancia del hecho, se procedi\u00f3 a la aprehensi\u00f3n de ambos ciudadanos extranjeros, quienes fueron puestos a disposici\u00f3n del Ministerio P\u00fablico.<br \/>\nEl operativo tuvo lugar el pasado viernes 1 de mayo y debido a la cantidad de droga incautada se constituye en un significativo golpe a las estructuras del narcotr\u00e1fico que operan en esta regi\u00f3n estrat\u00e9gica.<br \/>\nTras la intervenci\u00f3n, se procedi\u00f3 al secuestro de la embarcaci\u00f3n involucrada, as\u00ed como los dos motores fuera de borda, uno de 40 HP de industria china y otro de 60 HP marca Yamaha, medios presuntamente utilizados para el transporte il\u00edcito de sustancias controladas.<br \/>\nEl material incautado alcanza una afectaci\u00f3n econ\u00f3mica estimada de Bs 3.200.015 (tres millones doscientos mil quince bolivianos), consolidando un resultado operativo de alto impacto en la lucha contra el narcotr\u00e1fico, inform\u00f3 el comandante de la Fuerza de Tarea Especial \u201cDiablos Azules\u201d capit\u00e1n Herbi Rioja Mej\u00eda.<br \/>\nAdem\u00e1s, se adelant\u00f3 la intensificaci\u00f3n de los controles en espacios lacustres y la ejecuci\u00f3n de operaciones sostenidas que coadyuven de manera decisiva en la lucha frontal contra el narcotr\u00e1fico, en resguardo de la soberan\u00eda y la poblaci\u00f3n boliviana.<\/p>\n<p>PIE DE FOTO<br \/>\nCREDITOS \/ RRSS<\/p>\n","protected":false},"excerpt":{"rendered":"<p>Un operativo conjunto de la Armada Boliviana y la Fuerza Especial de Lucha Contra el Narcotr\u00e1fico (Felcn), procedi\u00f3 a la incautaci\u00f3n de 195 kilos de clorhidrato de coca\u00edna, valuados en m\u00e1s de tres millones de bolivianos, que eran transportados en una embarcaci\u00f3n de madera que transitaba por el sector lacustre del lago Titicaca. Seg\u00fan el [&hellip;]<\/p>\n","protected":false},"author":1,"featured_media":390824,"comment_status":"closed","ping_status":"open","sticky":false,"template":"","format":"standard","meta":{"_acf_changed":false,"footnotes":""},"categories":[39],"tags":[],"class_list":["post-390823","post","type-post","status-publish","format-standard","has-post-thumbnail","category-sociedad"],"acf":{"antetitulo":"En lago Titicaca"},"yoast_head":"<!-- This site is optimized with the Yoast SEO plugin v28.4 - https:\/\/yoast.com\/product\/yoast-seo-wordpress\/ -->\n<title>La Armada y la Felcn dan duro golpe al narcotr\u00e1fico - El Diario - Bolivia<\/title>\n<meta name=\"robots\" content=\"index, follow, max-snippet:-1, max-image-preview:large, max-video-preview:-1\" \/>\n<link rel=\"canonical\" href=\"https:\/\/www.eldiario.net\/portal\/2026\/05\/04\/la-armada-y-la-felcn-dan-duro-golpe-al-narcotrafico\/\" \/>\n<meta property=\"og:locale\" content=\"es_ES\" \/>\n<meta property=\"og:type\" content=\"article\" \/>\n<meta property=\"og:title\" content=\"La Armada y la Felcn dan duro golpe al narcotr\u00e1fico - El Diario - Bolivia\" \/>\n<meta property=\"og:description\" content=\"Un operativo conjunto de la Armada Boliviana y la Fuerza Especial de Lucha Contra el Narcotr\u00e1fico (Felcn), procedi\u00f3 a la incautaci\u00f3n de 195 kilos de clorhidrato de coca\u00edna, valuados en m\u00e1s de tres millones de bolivianos, que eran transportados en una embarcaci\u00f3n de madera que transitaba por el sector lacustre del lago Titicaca. Seg\u00fan el [&hellip;]\" \/>\n<meta property=\"og:url\" content=\"https:\/\/www.eldiario.net\/portal\/2026\/05\/04\/la-armada-y-la-felcn-dan-duro-golpe-al-narcotrafico\/\" \/>\n<meta property=\"og:site_name\" content=\"El Diario - Bolivia\" \/>\n<meta property=\"article:publisher\" content=\"https:\/\/www.facebook.com\/eldiario.bolivia\/\" \/>\n<meta property=\"article:published_time\" content=\"2026-05-04T09:59:32+00:00\" \/>\n<meta property=\"og:image\" content=\"https:\/\/www.eldiario.net\/portal\/wp-content\/uploads\/2026\/05\/5LAGO.webp\" \/>\n\t<meta property=\"og:image:width\" content=\"1280\" \/>\n\t<meta property=\"og:image:height\" content=\"960\" \/>\n\t<meta property=\"og:image:type\" content=\"image\/webp\" \/>\n<meta name=\"author\" content=\"Jeanette\" \/>\n<meta name=\"twitter:card\" content=\"summary_large_image\" \/>\n<meta name=\"twitter:creator\" content=\"@eldiario_net\" \/>\n<meta name=\"twitter:site\" content=\"@eldiario_net\" \/>\n<meta name=\"twitter:label1\" content=\"Escrito por\" \/>\n\t<meta name=\"twitter:data1\" content=\"Jeanette\" \/>\n\t<meta name=\"twitter:label2\" content=\"Tiempo de lectura\" \/>\n\t<meta name=\"twitter:data2\" content=\"2 minutos\" \/>\n<script type=\"application\/ld+json\" class=\"yoast-schema-graph\">{\"@context\":\"https:\\\/\\\/schema.org\",\"@graph\":[{\"@type\":\"Article\",\"@id\":\"https:\\\/\\\/www.eldiario.net\\\/portal\\\/2026\\\/05\\\/04\\\/la-armada-y-la-felcn-dan-duro-golpe-al-narcotrafico\\\/#article\",\"isPartOf\":{\"@id\":\"https:\\\/\\\/www.eldiario.net\\\/portal\\\/2026\\\/05\\\/04\\\/la-armada-y-la-felcn-dan-duro-golpe-al-narcotrafico\\\/\"},\"author\":{\"name\":\"Jeanette\",\"@id\":\"https:\\\/\\\/www.eldiario.net\\\/portal\\\/#\\\/schema\\\/person\\\/f46445640444750d7d753ccd04ae01b7\"},\"headline\":\"La Armada y la Felcn dan duro golpe al narcotr\u00e1fico\",\"datePublished\":\"2026-05-04T09:59:32+00:00\",\"mainEntityOfPage\":{\"@id\":\"https:\\\/\\\/www.eldiario.net\\\/portal\\\/2026\\\/05\\\/04\\\/la-armada-y-la-felcn-dan-duro-golpe-al-narcotrafico\\\/\"},\"wordCount\":348,\"publisher\":{\"@id\":\"https:\\\/\\\/www.eldiario.net\\\/portal\\\/#organization\"},\"image\":{\"@id\":\"https:\\\/\\\/www.eldiario.net\\\/portal\\\/2026\\\/05\\\/04\\\/la-armada-y-la-felcn-dan-duro-golpe-al-narcotrafico\\\/#primaryimage\"},\"thumbnailUrl\":\"https:\\\/\\\/www.eldiario.net\\\/portal\\\/wp-content\\\/uploads\\\/2026\\\/05\\\/5LAGO.webp\",\"articleSection\":[\"Sociedad - Seguridad\"],\"inLanguage\":\"es\"},{\"@type\":\"WebPage\",\"@id\":\"https:\\\/\\\/www.eldiario.net\\\/portal\\\/2026\\\/05\\\/04\\\/la-armada-y-la-felcn-dan-duro-golpe-al-narcotrafico\\\/\",\"url\":\"https:\\\/\\\/www.eldiario.net\\\/portal\\\/2026\\\/05\\\/04\\\/la-armada-y-la-felcn-dan-duro-golpe-al-narcotrafico\\\/\",\"name\":\"La Armada y la Felcn dan duro golpe al narcotr\u00e1fico - El Diario - Bolivia\",\"isPartOf\":{\"@id\":\"https:\\\/\\\/www.eldiario.net\\\/portal\\\/#website\"},\"primaryImageOfPage\":{\"@id\":\"https:\\\/\\\/www.eldiario.net\\\/portal\\\/2026\\\/05\\\/04\\\/la-armada-y-la-felcn-dan-duro-golpe-al-narcotrafico\\\/#primaryimage\"},\"image\":{\"@id\":\"https:\\\/\\\/www.eldiario.net\\\/portal\\\/2026\\\/05\\\/04\\\/la-armada-y-la-felcn-dan-duro-golpe-al-narcotrafico\\\/#primaryimage\"},\"thumbnailUrl\":\"https:\\\/\\\/www.eldiario.net\\\/portal\\\/wp-content\\\/uploads\\\/2026\\\/05\\\/5LAGO.webp\",\"datePublished\":\"2026-05-04T09:59:32+00:00\",\"breadcrumb\":{\"@id\":\"https:\\\/\\\/www.eldiario.net\\\/portal\\\/2026\\\/05\\\/04\\\/la-armada-y-la-felcn-dan-duro-golpe-al-narcotrafico\\\/#breadcrumb\"},\"inLanguage\":\"es\",\"potentialAction\":[{\"@type\":\"ReadAction\",\"target\":[\"https:\\\/\\\/www.eldiario.net\\\/portal\\\/2026\\\/05\\\/04\\\/la-armada-y-la-felcn-dan-duro-golpe-al-narcotrafico\\\/\"]}]},{\"@type\":\"ImageObject\",\"inLanguage\":\"es\",\"@id\":\"https:\\\/\\\/www.eldiario.net\\\/portal\\\/2026\\\/05\\\/04\\\/la-armada-y-la-felcn-dan-duro-golpe-al-narcotrafico\\\/#primaryimage\",\"url\":\"https:\\\/\\\/www.eldiario.net\\\/portal\\\/wp-content\\\/uploads\\\/2026\\\/05\\\/5LAGO.webp\",\"contentUrl\":\"https:\\\/\\\/www.eldiario.net\\\/portal\\\/wp-content\\\/uploads\\\/2026\\\/05\\\/5LAGO.webp\",\"width\":1280,\"height\":960,\"caption\":\"Embarcaci\u00f3n de madera que transportaba droga en el lago Titicaca.\"},{\"@type\":\"BreadcrumbList\",\"@id\":\"https:\\\/\\\/www.eldiario.net\\\/portal\\\/2026\\\/05\\\/04\\\/la-armada-y-la-felcn-dan-duro-golpe-al-narcotrafico\\\/#breadcrumb\",\"itemListElement\":[{\"@type\":\"ListItem\",\"position\":1,\"name\":\"Portada\",\"item\":\"https:\\\/\\\/www.eldiario.net\\\/portal\\\/\"},{\"@type\":\"ListItem\",\"position\":2,\"name\":\"La Armada y la Felcn dan duro golpe al narcotr\u00e1fico\"}]},{\"@type\":\"WebSite\",\"@id\":\"https:\\\/\\\/www.eldiario.net\\\/portal\\\/#website\",\"url\":\"https:\\\/\\\/www.eldiario.net\\\/portal\\\/\",\"name\":\"El Diario - Decano de la prensa nacional\",\"description\":\"El Diario - Decano de la prensa nacional\",\"publisher\":{\"@id\":\"https:\\\/\\\/www.eldiario.net\\\/portal\\\/#organization\"},\"potentialAction\":[{\"@type\":\"SearchAction\",\"target\":{\"@type\":\"EntryPoint\",\"urlTemplate\":\"https:\\\/\\\/www.eldiario.net\\\/portal\\\/?s={search_term_string}\"},\"query-input\":{\"@type\":\"PropertyValueSpecification\",\"valueRequired\":true,\"valueName\":\"search_term_string\"}}],\"inLanguage\":\"es\"},{\"@type\":\"Organization\",\"@id\":\"https:\\\/\\\/www.eldiario.net\\\/portal\\\/#organization\",\"name\":\"El Diario - Decano de la prensa nacional\",\"url\":\"https:\\\/\\\/www.eldiario.net\\\/portal\\\/\",\"logo\":{\"@type\":\"ImageObject\",\"inLanguage\":\"es\",\"@id\":\"https:\\\/\\\/www.eldiario.net\\\/portal\\\/#\\\/schema\\\/logo\\\/image\\\/\",\"url\":\"https:\\\/\\\/www.eldiario.net\\\/portal\\\/wp-content\\\/uploads\\\/2023\\\/07\\\/logo_ED.jpg\",\"contentUrl\":\"https:\\\/\\\/www.eldiario.net\\\/portal\\\/wp-content\\\/uploads\\\/2023\\\/07\\\/logo_ED.jpg\",\"width\":272,\"height\":52,\"caption\":\"El Diario - Decano de la prensa nacional\"},\"image\":{\"@id\":\"https:\\\/\\\/www.eldiario.net\\\/portal\\\/#\\\/schema\\\/logo\\\/image\\\/\"},\"sameAs\":[\"https:\\\/\\\/www.facebook.com\\\/eldiario.bolivia\\\/\",\"https:\\\/\\\/x.com\\\/eldiario_net\"]},{\"@type\":\"Person\",\"@id\":\"https:\\\/\\\/www.eldiario.net\\\/portal\\\/#\\\/schema\\\/person\\\/f46445640444750d7d753ccd04ae01b7\",\"name\":\"Jeanette\",\"image\":{\"@type\":\"ImageObject\",\"inLanguage\":\"es\",\"@id\":\"https:\\\/\\\/secure.gravatar.com\\\/avatar\\\/3ea2118a5f7dad2b7138b1187a6b7ee55f160b9968b66013c3a3ef39dd7e5798?s=96&d=mm&r=g\",\"url\":\"https:\\\/\\\/secure.gravatar.com\\\/avatar\\\/3ea2118a5f7dad2b7138b1187a6b7ee55f160b9968b66013c3a3ef39dd7e5798?s=96&d=mm&r=g\",\"contentUrl\":\"https:\\\/\\\/secure.gravatar.com\\\/avatar\\\/3ea2118a5f7dad2b7138b1187a6b7ee55f160b9968b66013c3a3ef39dd7e5798?s=96&d=mm&r=g\",\"caption\":\"Jeanette\"},\"sameAs\":[\"https:\\\/\\\/www.eldiario.net\\\/portal\"],\"url\":\"https:\\\/\\\/www.eldiario.net\\\/portal\\\/author\\\/jeanette\\\/\"}]}<\/script>\n<!-- \/ Yoast SEO plugin. -->","yoast_head_json":{"title":"La Armada y la Felcn dan duro golpe al narcotr\u00e1fico - El Diario - Bolivia","robots":{"index":"index","follow":"follow","max-snippet":"max-snippet:-1","max-image-preview":"max-image-preview:large","max-video-preview":"max-video-preview:-1"},"canonical":"https:\/\/www.eldiario.net\/portal\/2026\/05\/04\/la-armada-y-la-felcn-dan-duro-golpe-al-narcotrafico\/","og_locale":"es_ES","og_type":"article","og_title":"La Armada y la Felcn dan duro golpe al narcotr\u00e1fico - El Diario - Bolivia","og_description":"Un operativo conjunto de la Armada Boliviana y la Fuerza Especial de Lucha Contra el Narcotr\u00e1fico (Felcn), procedi\u00f3 a la incautaci\u00f3n de 195 kilos de clorhidrato de coca\u00edna, valuados en m\u00e1s de tres millones de bolivianos, que eran transportados en una embarcaci\u00f3n de madera que transitaba por el sector lacustre del lago Titicaca. Seg\u00fan el [&hellip;]","og_url":"https:\/\/www.eldiario.net\/portal\/2026\/05\/04\/la-armada-y-la-felcn-dan-duro-golpe-al-narcotrafico\/","og_site_name":"El Diario - Bolivia","article_publisher":"https:\/\/www.facebook.com\/eldiario.bolivia\/","article_published_time":"2026-05-04T09:59:32+00:00","og_image":[{"width":1280,"height":960,"url":"https:\/\/www.eldiario.net\/portal\/wp-content\/uploads\/2026\/05\/5LAGO.webp","type":"image\/webp"}],"author":"Jeanette","twitter_card":"summary_large_image","twitter_creator":"@eldiario_net","twitter_site":"@eldiario_net","twitter_misc":{"Escrito por":"Jeanette","Tiempo de lectura":"2 minutos"},"schema":{"@context":"https:\/\/schema.org","@graph":[{"@type":"Article","@id":"https:\/\/www.eldiario.net\/portal\/2026\/05\/04\/la-armada-y-la-felcn-dan-duro-golpe-al-narcotrafico\/#article","isPartOf":{"@id":"https:\/\/www.eldiario.net\/portal\/2026\/05\/04\/la-armada-y-la-felcn-dan-duro-golpe-al-narcotrafico\/"},"author":{"name":"Jeanette","@id":"https:\/\/www.eldiario.net\/portal\/#\/schema\/person\/f46445640444750d7d753ccd04ae01b7"},"headline":"La Armada y la Felcn dan duro golpe al narcotr\u00e1fico","datePublished":"2026-05-04T09:59:32+00:00","mainEntityOfPage":{"@id":"https:\/\/www.eldiario.net\/portal\/2026\/05\/04\/la-armada-y-la-felcn-dan-duro-golpe-al-narcotrafico\/"},"wordCount":348,"publisher":{"@id":"https:\/\/www.eldiario.net\/portal\/#organization"},"image":{"@id":"https:\/\/www.eldiario.net\/portal\/2026\/05\/04\/la-armada-y-la-felcn-dan-duro-golpe-al-narcotrafico\/#primaryimage"},"thumbnailUrl":"https:\/\/www.eldiario.net\/portal\/wp-content\/uploads\/2026\/05\/5LAGO.webp","articleSection":["Sociedad - Seguridad"],"inLanguage":"es"},{"@type":"WebPage","@id":"https:\/\/www.eldiario.net\/portal\/2026\/05\/04\/la-armada-y-la-felcn-dan-duro-golpe-al-narcotrafico\/","url":"https:\/\/www.eldiario.net\/portal\/2026\/05\/04\/la-armada-y-la-felcn-dan-duro-golpe-al-narcotrafico\/","name":"La Armada y la Felcn dan duro golpe al narcotr\u00e1fico - El Diario - Bolivia","isPartOf":{"@id":"https:\/\/www.eldiario.net\/portal\/#website"},"primaryImageOfPage":{"@id":"https:\/\/www.eldiario.net\/portal\/2026\/05\/04\/la-armada-y-la-felcn-dan-duro-golpe-al-narcotrafico\/#primaryimage"},"image":{"@id":"https:\/\/www.eldiario.net\/portal\/2026\/05\/04\/la-armada-y-la-felcn-dan-duro-golpe-al-narcotrafico\/#primaryimage"},"thumbnailUrl":"https:\/\/www.eldiario.net\/portal\/wp-content\/uploads\/2026\/05\/5LAGO.webp","datePublished":"2026-05-04T09:59:32+00:00","breadcrumb":{"@id":"https:\/\/www.eldiario.net\/portal\/2026\/05\/04\/la-armada-y-la-felcn-dan-duro-golpe-al-narcotrafico\/#breadcrumb"},"inLanguage":"es","potentialAction":[{"@type":"ReadAction","target":["https:\/\/www.eldiario.net\/portal\/2026\/05\/04\/la-armada-y-la-felcn-dan-duro-golpe-al-narcotrafico\/"]}]},{"@type":"ImageObject","inLanguage":"es","@id":"https:\/\/www.eldiario.net\/portal\/2026\/05\/04\/la-armada-y-la-felcn-dan-duro-golpe-al-narcotrafico\/#primaryimage","url":"https:\/\/www.eldiario.net\/portal\/wp-content\/uploads\/2026\/05\/5LAGO.webp","contentUrl":"https:\/\/www.eldiario.net\/portal\/wp-content\/uploads\/2026\/05\/5LAGO.webp","width":1280,"height":960,"caption":"Embarcaci\u00f3n de madera que transportaba droga en el lago Titicaca."},{"@type":"BreadcrumbList","@id":"https:\/\/www.eldiario.net\/portal\/2026\/05\/04\/la-armada-y-la-felcn-dan-duro-golpe-al-narcotrafico\/#breadcrumb","itemListElement":[{"@type":"ListItem","position":1,"name":"Portada","item":"https:\/\/www.eldiario.net\/portal\/"},{"@type":"ListItem","position":2,"name":"La Armada y la Felcn dan duro golpe al narcotr\u00e1fico"}]},{"@type":"WebSite","@id":"https:\/\/www.eldiario.net\/portal\/#website","url":"https:\/\/www.eldiario.net\/portal\/","name":"El Diario - Decano de la prensa nacional","description":"El Diario - Decano de la prensa nacional","publisher":{"@id":"https:\/\/www.eldiario.net\/portal\/#organization"},"potentialAction":[{"@type":"SearchAction","target":{"@type":"EntryPoint","urlTemplate":"https:\/\/www.eldiario.net\/portal\/?s={search_term_string}"},"query-input":{"@type":"PropertyValueSpecification","valueRequired":true,"valueName":"search_term_string"}}],"inLanguage":"es"},{"@type":"Organization","@id":"https:\/\/www.eldiario.net\/portal\/#organization","name":"El Diario - Decano de la prensa nacional","url":"https:\/\/www.eldiario.net\/portal\/","logo":{"@type":"ImageObject","inLanguage":"es","@id":"https:\/\/www.eldiario.net\/portal\/#\/schema\/logo\/image\/","url":"https:\/\/www.eldiario.net\/portal\/wp-content\/uploads\/2023\/07\/logo_ED.jpg","contentUrl":"https:\/\/www.eldiario.net\/portal\/wp-content\/uploads\/2023\/07\/logo_ED.jpg","width":272,"height":52,"caption":"El Diario - Decano de la prensa nacional"},"image":{"@id":"https:\/\/www.eldiario.net\/portal\/#\/schema\/logo\/image\/"},"sameAs":["https:\/\/www.facebook.com\/eldiario.bolivia\/","https:\/\/x.com\/eldiario_net"]},{"@type":"Person","@id":"https:\/\/www.eldiario.net\/portal\/#\/schema\/person\/f46445640444750d7d753ccd04ae01b7","name":"Jeanette","image":{"@type":"ImageObject","inLanguage":"es","@id":"https:\/\/secure.gravatar.com\/avatar\/3ea2118a5f7dad2b7138b1187a6b7ee55f160b9968b66013c3a3ef39dd7e5798?s=96&d=mm&r=g","url":"https:\/\/secure.gravatar.com\/avatar\/3ea2118a5f7dad2b7138b1187a6b7ee55f160b9968b66013c3a3ef39dd7e5798?s=96&d=mm&r=g","contentUrl":"https:\/\/secure.gravatar.com\/avatar\/3ea2118a5f7dad2b7138b1187a6b7ee55f160b9968b66013c3a3ef39dd7e5798?s=96&d=mm&r=g","caption":"Jeanette"},"sameAs":["https:\/\/www.eldiario.net\/portal"],"url":"https:\/\/www.eldiario.net\/portal\/author\/jeanette\/"}]}},"_links":{"self":[{"href":"https:\/\/www.eldiario.net\/portal\/wp-json\/wp\/v2\/posts\/390823","targetHints":{"allow":["GET"]}}],"collection":[{"href":"https:\/\/www.eldiario.net\/portal\/wp-json\/wp\/v2\/posts"}],"about":[{"href":"https:\/\/www.eldiario.net\/portal\/wp-json\/wp\/v2\/types\/post"}],"author":[{"embeddable":true,"href":"https:\/\/www.eldiario.net\/portal\/wp-json\/wp\/v2\/users\/1"}],"replies":[{"embeddable":true,"href":"https:\/\/www.eldiario.net\/portal\/wp-json\/wp\/v2\/comments?post=390823"}],"version-history":[{"count":1,"href":"https:\/\/www.eldiario.net\/portal\/wp-json\/wp\/v2\/posts\/390823\/revisions"}],"predecessor-version":[{"id":390825,"href":"https:\/\/www.eldiario.net\/portal\/wp-json\/wp\/v2\/posts\/390823\/revisions\/390825"}],"wp:featuredmedia":[{"embeddable":true,"href":"https:\/\/www.eldiario.net\/portal\/wp-json\/wp\/v2\/media\/390824"}],"wp:attachment":[{"href":"https:\/\/www.eldiario.net\/portal\/wp-json\/wp\/v2\/media?parent=390823"}],"wp:term":[{"taxonomy":"category","embeddable":true,"href":"https:\/\/www.eldiario.net\/portal\/wp-json\/wp\/v2\/categories?post=390823"},{"taxonomy":"post_tag","embeddable":true,"href":"https:\/\/www.eldiario.net\/portal\/wp-json\/wp\/v2\/tags?post=390823"}],"curies":[{"name":"wp","href":"https:\/\/api.w.org\/{rel}","templated":true}]}}