{"id":390820,"date":"2026-05-04T05:58:31","date_gmt":"2026-05-04T09:58:31","guid":{"rendered":"https:\/\/www.eldiario.net\/portal\/?p=390820"},"modified":"2026-05-04T05:58:31","modified_gmt":"2026-05-04T09:58:31","slug":"no-descartan-que-violencia-en-santa-cruz-este-relacionada-al-caso-marset","status":"publish","type":"post","link":"https:\/\/www.eldiario.net\/portal\/2026\/05\/04\/no-descartan-que-violencia-en-santa-cruz-este-relacionada-al-caso-marset\/","title":{"rendered":"No descartan que violencia en Santa  Cruz est\u00e9 relacionada al caso Marset"},"content":{"rendered":"<p>Se\u00f1alan que el tema debe manejarse con responsabilidad, por lo que se debe esperar a que autoridades del \u00e1rea se pronuncien al respecto.<br \/>\nTras la conformaci\u00f3n de un grupo t\u00e1ctico contra el crimen organizado para reforzar la seguridad en el departamento de Santa Cruz, el vocero presidencial, Jos\u00e9 Luis G\u00e1lvez, afirm\u00f3 que una de las principales hip\u00f3tesis respecto a los recientes hechos de violencia en la regi\u00f3n oriental del pa\u00eds tiene que ver con la posible rearticulaci\u00f3n del grupo criminal que era dirigido por el narcotraficante uruguayo Sebasti\u00e1n Marset.<br \/>\n\u201cEsta es una de las principales hip\u00f3tesis que se vienen manejando, porque se han suscitado mayor cantidad de hechos de sangre a partir del apresamiento de Sebasti\u00e1n Marset. Se entiende por l\u00f3gica que esta es una organizaci\u00f3n importante y que, eventualmente, en su proceso de reorganizaci\u00f3n y venganzas pueden darse este tipo de fen\u00f3menos, pero por ahora son hip\u00f3tesis\u201d, explic\u00f3 G\u00e1lvez en declaraciones al canal estatal.<br \/>\nEl vocero insisti\u00f3 en que el tema debe manejarse con responsabilidad, por lo que se debe esperar a que autoridades del \u00e1rea se pronuncien al respecto.<br \/>\nDestac\u00f3 la coordinaci\u00f3n y predisposici\u00f3n demostrada por parte de las autoridades de todos los niveles, con la finalidad de llevar calma al departamento de Santa Cruz y atender temas de seguridad, adem\u00e1s de todas las investigaciones alrededor de los hechos de extrema violencia registrados en esta regi\u00f3n en las \u00faltimas semanas.<br \/>\n\u201cSe entiende que hay grandes avances, pero lo informar\u00e1n oportunamente las autoridades, esperamos dentro de poco dar muy buenos resultados, sobre todo garantizar a la ciudadan\u00eda cruce\u00f1a y boliviana que la polic\u00eda, el gobierno y todas las autoridades en general est\u00e1n trabajando de manera conjunta para traer la tranquilidad que nos merecemos los bolivianos\u201d, agreg\u00f3.<br \/>\nLa noche del s\u00e1bado, tras una reuni\u00f3n de emergencia, autoridades nacionales, departamentales y judiciales acordaron una serie de medidas para enfrentar la creciente ola de violencia, el crimen organizado y el sicariato que ha venido golpeando al departamento cruce\u00f1o en las \u00faltimas semanas.<br \/>\nEntre las medidas inmediatas se dispuso una coordinaci\u00f3n nacional y la activaci\u00f3n de equipos especializados en operaciones t\u00e1cticas encargados de reforzar la lucha contra el crimen organizado.<br \/>\nAsimismo, se determin\u00f3 solicitar al Ministerio de Defensa que de manera inmediata se instruya a las Fuerzas Armadas reforzar su presencia en ciudades y poblaciones fronterizas.<br \/>\n\u201cLas autoridades presentes nos comprometemos a la defensa firme de la seguridad de nuestro pueblo, el estado de derecho, la libertad y la democracia. Gracias se\u00f1ores\u201d, inform\u00f3 el ministro de Gobierno, Marco Antonio Oviedo, a\u00f1adiendo que se tiene previsto que este grupo de \u00e9lite sea replicado en otros departamentos del pa\u00eds.<\/p>\n","protected":false},"excerpt":{"rendered":"<p>Se\u00f1alan que el tema debe manejarse con responsabilidad, por lo que se debe esperar a que autoridades del \u00e1rea se pronuncien al respecto. Tras la conformaci\u00f3n de un grupo t\u00e1ctico contra el crimen organizado para reforzar la seguridad en el departamento de Santa Cruz, el vocero presidencial, Jos\u00e9 Luis G\u00e1lvez, afirm\u00f3 que una de las [&hellip;]<\/p>\n","protected":false},"author":1,"featured_media":390821,"comment_status":"closed","ping_status":"open","sticky":false,"template":"","format":"standard","meta":{"_acf_changed":false,"footnotes":""},"categories":[39],"tags":[],"class_list":["post-390820","post","type-post","status-publish","format-standard","has-post-thumbnail","category-sociedad"],"acf":{"antetitulo":"Vocero presidencial"},"yoast_head":"<!-- This site is optimized with the Yoast SEO plugin v28.4 - https:\/\/yoast.com\/product\/yoast-seo-wordpress\/ -->\n<title>No descartan que violencia en Santa Cruz est\u00e9 relacionada al caso Marset - El Diario - Bolivia<\/title>\n<meta name=\"robots\" content=\"index, follow, max-snippet:-1, max-image-preview:large, max-video-preview:-1\" \/>\n<link rel=\"canonical\" href=\"https:\/\/www.eldiario.net\/portal\/2026\/05\/04\/no-descartan-que-violencia-en-santa-cruz-este-relacionada-al-caso-marset\/\" \/>\n<meta property=\"og:locale\" content=\"es_ES\" \/>\n<meta property=\"og:type\" content=\"article\" \/>\n<meta property=\"og:title\" content=\"No descartan que violencia en Santa Cruz est\u00e9 relacionada al caso Marset - El Diario - Bolivia\" \/>\n<meta property=\"og:description\" content=\"Se\u00f1alan que el tema debe manejarse con responsabilidad, por lo que se debe esperar a que autoridades del \u00e1rea se pronuncien al respecto. Tras la conformaci\u00f3n de un grupo t\u00e1ctico contra el crimen organizado para reforzar la seguridad en el departamento de Santa Cruz, el vocero presidencial, Jos\u00e9 Luis G\u00e1lvez, afirm\u00f3 que una de las [&hellip;]\" \/>\n<meta property=\"og:url\" content=\"https:\/\/www.eldiario.net\/portal\/2026\/05\/04\/no-descartan-que-violencia-en-santa-cruz-este-relacionada-al-caso-marset\/\" \/>\n<meta property=\"og:site_name\" content=\"El Diario - Bolivia\" \/>\n<meta property=\"article:publisher\" content=\"https:\/\/www.facebook.com\/eldiario.bolivia\/\" \/>\n<meta property=\"article:published_time\" content=\"2026-05-04T09:58:31+00:00\" \/>\n<meta property=\"og:image\" content=\"https:\/\/www.eldiario.net\/portal\/wp-content\/uploads\/2026\/05\/2RELACIONADA-GALVEZ.webp\" \/>\n\t<meta property=\"og:image:width\" content=\"992\" \/>\n\t<meta property=\"og:image:height\" content=\"722\" \/>\n\t<meta property=\"og:image:type\" content=\"image\/webp\" \/>\n<meta name=\"author\" content=\"Jeanette\" \/>\n<meta name=\"twitter:card\" content=\"summary_large_image\" \/>\n<meta name=\"twitter:creator\" content=\"@eldiario_net\" \/>\n<meta name=\"twitter:site\" content=\"@eldiario_net\" \/>\n<meta name=\"twitter:label1\" content=\"Escrito por\" \/>\n\t<meta name=\"twitter:data1\" content=\"Jeanette\" \/>\n\t<meta name=\"twitter:label2\" content=\"Tiempo de lectura\" \/>\n\t<meta name=\"twitter:data2\" content=\"3 minutos\" \/>\n<script type=\"application\/ld+json\" class=\"yoast-schema-graph\">{\"@context\":\"https:\\\/\\\/schema.org\",\"@graph\":[{\"@type\":\"Article\",\"@id\":\"https:\\\/\\\/www.eldiario.net\\\/portal\\\/2026\\\/05\\\/04\\\/no-descartan-que-violencia-en-santa-cruz-este-relacionada-al-caso-marset\\\/#article\",\"isPartOf\":{\"@id\":\"https:\\\/\\\/www.eldiario.net\\\/portal\\\/2026\\\/05\\\/04\\\/no-descartan-que-violencia-en-santa-cruz-este-relacionada-al-caso-marset\\\/\"},\"author\":{\"name\":\"Jeanette\",\"@id\":\"https:\\\/\\\/www.eldiario.net\\\/portal\\\/#\\\/schema\\\/person\\\/f46445640444750d7d753ccd04ae01b7\"},\"headline\":\"No descartan que violencia en Santa Cruz est\u00e9 relacionada al caso Marset\",\"datePublished\":\"2026-05-04T09:58:31+00:00\",\"mainEntityOfPage\":{\"@id\":\"https:\\\/\\\/www.eldiario.net\\\/portal\\\/2026\\\/05\\\/04\\\/no-descartan-que-violencia-en-santa-cruz-este-relacionada-al-caso-marset\\\/\"},\"wordCount\":481,\"publisher\":{\"@id\":\"https:\\\/\\\/www.eldiario.net\\\/portal\\\/#organization\"},\"image\":{\"@id\":\"https:\\\/\\\/www.eldiario.net\\\/portal\\\/2026\\\/05\\\/04\\\/no-descartan-que-violencia-en-santa-cruz-este-relacionada-al-caso-marset\\\/#primaryimage\"},\"thumbnailUrl\":\"https:\\\/\\\/www.eldiario.net\\\/portal\\\/wp-content\\\/uploads\\\/2026\\\/05\\\/2RELACIONADA-GALVEZ.webp\",\"articleSection\":[\"Sociedad - Seguridad\"],\"inLanguage\":\"es\"},{\"@type\":\"WebPage\",\"@id\":\"https:\\\/\\\/www.eldiario.net\\\/portal\\\/2026\\\/05\\\/04\\\/no-descartan-que-violencia-en-santa-cruz-este-relacionada-al-caso-marset\\\/\",\"url\":\"https:\\\/\\\/www.eldiario.net\\\/portal\\\/2026\\\/05\\\/04\\\/no-descartan-que-violencia-en-santa-cruz-este-relacionada-al-caso-marset\\\/\",\"name\":\"No descartan que violencia en Santa Cruz est\u00e9 relacionada al caso Marset - El Diario - Bolivia\",\"isPartOf\":{\"@id\":\"https:\\\/\\\/www.eldiario.net\\\/portal\\\/#website\"},\"primaryImageOfPage\":{\"@id\":\"https:\\\/\\\/www.eldiario.net\\\/portal\\\/2026\\\/05\\\/04\\\/no-descartan-que-violencia-en-santa-cruz-este-relacionada-al-caso-marset\\\/#primaryimage\"},\"image\":{\"@id\":\"https:\\\/\\\/www.eldiario.net\\\/portal\\\/2026\\\/05\\\/04\\\/no-descartan-que-violencia-en-santa-cruz-este-relacionada-al-caso-marset\\\/#primaryimage\"},\"thumbnailUrl\":\"https:\\\/\\\/www.eldiario.net\\\/portal\\\/wp-content\\\/uploads\\\/2026\\\/05\\\/2RELACIONADA-GALVEZ.webp\",\"datePublished\":\"2026-05-04T09:58:31+00:00\",\"breadcrumb\":{\"@id\":\"https:\\\/\\\/www.eldiario.net\\\/portal\\\/2026\\\/05\\\/04\\\/no-descartan-que-violencia-en-santa-cruz-este-relacionada-al-caso-marset\\\/#breadcrumb\"},\"inLanguage\":\"es\",\"potentialAction\":[{\"@type\":\"ReadAction\",\"target\":[\"https:\\\/\\\/www.eldiario.net\\\/portal\\\/2026\\\/05\\\/04\\\/no-descartan-que-violencia-en-santa-cruz-este-relacionada-al-caso-marset\\\/\"]}]},{\"@type\":\"ImageObject\",\"inLanguage\":\"es\",\"@id\":\"https:\\\/\\\/www.eldiario.net\\\/portal\\\/2026\\\/05\\\/04\\\/no-descartan-que-violencia-en-santa-cruz-este-relacionada-al-caso-marset\\\/#primaryimage\",\"url\":\"https:\\\/\\\/www.eldiario.net\\\/portal\\\/wp-content\\\/uploads\\\/2026\\\/05\\\/2RELACIONADA-GALVEZ.webp\",\"contentUrl\":\"https:\\\/\\\/www.eldiario.net\\\/portal\\\/wp-content\\\/uploads\\\/2026\\\/05\\\/2RELACIONADA-GALVEZ.webp\",\"width\":992,\"height\":722,\"caption\":\"El vocero presidencial, Jos\u00e9 Luis G\u00e1lvez.\"},{\"@type\":\"BreadcrumbList\",\"@id\":\"https:\\\/\\\/www.eldiario.net\\\/portal\\\/2026\\\/05\\\/04\\\/no-descartan-que-violencia-en-santa-cruz-este-relacionada-al-caso-marset\\\/#breadcrumb\",\"itemListElement\":[{\"@type\":\"ListItem\",\"position\":1,\"name\":\"Portada\",\"item\":\"https:\\\/\\\/www.eldiario.net\\\/portal\\\/\"},{\"@type\":\"ListItem\",\"position\":2,\"name\":\"No descartan que violencia en Santa Cruz est\u00e9 relacionada al caso Marset\"}]},{\"@type\":\"WebSite\",\"@id\":\"https:\\\/\\\/www.eldiario.net\\\/portal\\\/#website\",\"url\":\"https:\\\/\\\/www.eldiario.net\\\/portal\\\/\",\"name\":\"El Diario - Decano de la prensa nacional\",\"description\":\"El Diario - Decano de la prensa nacional\",\"publisher\":{\"@id\":\"https:\\\/\\\/www.eldiario.net\\\/portal\\\/#organization\"},\"potentialAction\":[{\"@type\":\"SearchAction\",\"target\":{\"@type\":\"EntryPoint\",\"urlTemplate\":\"https:\\\/\\\/www.eldiario.net\\\/portal\\\/?s={search_term_string}\"},\"query-input\":{\"@type\":\"PropertyValueSpecification\",\"valueRequired\":true,\"valueName\":\"search_term_string\"}}],\"inLanguage\":\"es\"},{\"@type\":\"Organization\",\"@id\":\"https:\\\/\\\/www.eldiario.net\\\/portal\\\/#organization\",\"name\":\"El Diario - Decano de la prensa nacional\",\"url\":\"https:\\\/\\\/www.eldiario.net\\\/portal\\\/\",\"logo\":{\"@type\":\"ImageObject\",\"inLanguage\":\"es\",\"@id\":\"https:\\\/\\\/www.eldiario.net\\\/portal\\\/#\\\/schema\\\/logo\\\/image\\\/\",\"url\":\"https:\\\/\\\/www.eldiario.net\\\/portal\\\/wp-content\\\/uploads\\\/2023\\\/07\\\/logo_ED.jpg\",\"contentUrl\":\"https:\\\/\\\/www.eldiario.net\\\/portal\\\/wp-content\\\/uploads\\\/2023\\\/07\\\/logo_ED.jpg\",\"width\":272,\"height\":52,\"caption\":\"El Diario - Decano de la prensa nacional\"},\"image\":{\"@id\":\"https:\\\/\\\/www.eldiario.net\\\/portal\\\/#\\\/schema\\\/logo\\\/image\\\/\"},\"sameAs\":[\"https:\\\/\\\/www.facebook.com\\\/eldiario.bolivia\\\/\",\"https:\\\/\\\/x.com\\\/eldiario_net\"]},{\"@type\":\"Person\",\"@id\":\"https:\\\/\\\/www.eldiario.net\\\/portal\\\/#\\\/schema\\\/person\\\/f46445640444750d7d753ccd04ae01b7\",\"name\":\"Jeanette\",\"image\":{\"@type\":\"ImageObject\",\"inLanguage\":\"es\",\"@id\":\"https:\\\/\\\/secure.gravatar.com\\\/avatar\\\/3ea2118a5f7dad2b7138b1187a6b7ee55f160b9968b66013c3a3ef39dd7e5798?s=96&d=mm&r=g\",\"url\":\"https:\\\/\\\/secure.gravatar.com\\\/avatar\\\/3ea2118a5f7dad2b7138b1187a6b7ee55f160b9968b66013c3a3ef39dd7e5798?s=96&d=mm&r=g\",\"contentUrl\":\"https:\\\/\\\/secure.gravatar.com\\\/avatar\\\/3ea2118a5f7dad2b7138b1187a6b7ee55f160b9968b66013c3a3ef39dd7e5798?s=96&d=mm&r=g\",\"caption\":\"Jeanette\"},\"sameAs\":[\"https:\\\/\\\/www.eldiario.net\\\/portal\"],\"url\":\"https:\\\/\\\/www.eldiario.net\\\/portal\\\/author\\\/jeanette\\\/\"}]}<\/script>\n<!-- \/ Yoast SEO plugin. -->","yoast_head_json":{"title":"No descartan que violencia en Santa Cruz est\u00e9 relacionada al caso Marset - El Diario - Bolivia","robots":{"index":"index","follow":"follow","max-snippet":"max-snippet:-1","max-image-preview":"max-image-preview:large","max-video-preview":"max-video-preview:-1"},"canonical":"https:\/\/www.eldiario.net\/portal\/2026\/05\/04\/no-descartan-que-violencia-en-santa-cruz-este-relacionada-al-caso-marset\/","og_locale":"es_ES","og_type":"article","og_title":"No descartan que violencia en Santa Cruz est\u00e9 relacionada al caso Marset - El Diario - Bolivia","og_description":"Se\u00f1alan que el tema debe manejarse con responsabilidad, por lo que se debe esperar a que autoridades del \u00e1rea se pronuncien al respecto. Tras la conformaci\u00f3n de un grupo t\u00e1ctico contra el crimen organizado para reforzar la seguridad en el departamento de Santa Cruz, el vocero presidencial, Jos\u00e9 Luis G\u00e1lvez, afirm\u00f3 que una de las [&hellip;]","og_url":"https:\/\/www.eldiario.net\/portal\/2026\/05\/04\/no-descartan-que-violencia-en-santa-cruz-este-relacionada-al-caso-marset\/","og_site_name":"El Diario - Bolivia","article_publisher":"https:\/\/www.facebook.com\/eldiario.bolivia\/","article_published_time":"2026-05-04T09:58:31+00:00","og_image":[{"width":992,"height":722,"url":"https:\/\/www.eldiario.net\/portal\/wp-content\/uploads\/2026\/05\/2RELACIONADA-GALVEZ.webp","type":"image\/webp"}],"author":"Jeanette","twitter_card":"summary_large_image","twitter_creator":"@eldiario_net","twitter_site":"@eldiario_net","twitter_misc":{"Escrito por":"Jeanette","Tiempo de lectura":"3 minutos"},"schema":{"@context":"https:\/\/schema.org","@graph":[{"@type":"Article","@id":"https:\/\/www.eldiario.net\/portal\/2026\/05\/04\/no-descartan-que-violencia-en-santa-cruz-este-relacionada-al-caso-marset\/#article","isPartOf":{"@id":"https:\/\/www.eldiario.net\/portal\/2026\/05\/04\/no-descartan-que-violencia-en-santa-cruz-este-relacionada-al-caso-marset\/"},"author":{"name":"Jeanette","@id":"https:\/\/www.eldiario.net\/portal\/#\/schema\/person\/f46445640444750d7d753ccd04ae01b7"},"headline":"No descartan que violencia en Santa Cruz est\u00e9 relacionada al caso Marset","datePublished":"2026-05-04T09:58:31+00:00","mainEntityOfPage":{"@id":"https:\/\/www.eldiario.net\/portal\/2026\/05\/04\/no-descartan-que-violencia-en-santa-cruz-este-relacionada-al-caso-marset\/"},"wordCount":481,"publisher":{"@id":"https:\/\/www.eldiario.net\/portal\/#organization"},"image":{"@id":"https:\/\/www.eldiario.net\/portal\/2026\/05\/04\/no-descartan-que-violencia-en-santa-cruz-este-relacionada-al-caso-marset\/#primaryimage"},"thumbnailUrl":"https:\/\/www.eldiario.net\/portal\/wp-content\/uploads\/2026\/05\/2RELACIONADA-GALVEZ.webp","articleSection":["Sociedad - Seguridad"],"inLanguage":"es"},{"@type":"WebPage","@id":"https:\/\/www.eldiario.net\/portal\/2026\/05\/04\/no-descartan-que-violencia-en-santa-cruz-este-relacionada-al-caso-marset\/","url":"https:\/\/www.eldiario.net\/portal\/2026\/05\/04\/no-descartan-que-violencia-en-santa-cruz-este-relacionada-al-caso-marset\/","name":"No descartan que violencia en Santa Cruz est\u00e9 relacionada al caso Marset - El Diario - Bolivia","isPartOf":{"@id":"https:\/\/www.eldiario.net\/portal\/#website"},"primaryImageOfPage":{"@id":"https:\/\/www.eldiario.net\/portal\/2026\/05\/04\/no-descartan-que-violencia-en-santa-cruz-este-relacionada-al-caso-marset\/#primaryimage"},"image":{"@id":"https:\/\/www.eldiario.net\/portal\/2026\/05\/04\/no-descartan-que-violencia-en-santa-cruz-este-relacionada-al-caso-marset\/#primaryimage"},"thumbnailUrl":"https:\/\/www.eldiario.net\/portal\/wp-content\/uploads\/2026\/05\/2RELACIONADA-GALVEZ.webp","datePublished":"2026-05-04T09:58:31+00:00","breadcrumb":{"@id":"https:\/\/www.eldiario.net\/portal\/2026\/05\/04\/no-descartan-que-violencia-en-santa-cruz-este-relacionada-al-caso-marset\/#breadcrumb"},"inLanguage":"es","potentialAction":[{"@type":"ReadAction","target":["https:\/\/www.eldiario.net\/portal\/2026\/05\/04\/no-descartan-que-violencia-en-santa-cruz-este-relacionada-al-caso-marset\/"]}]},{"@type":"ImageObject","inLanguage":"es","@id":"https:\/\/www.eldiario.net\/portal\/2026\/05\/04\/no-descartan-que-violencia-en-santa-cruz-este-relacionada-al-caso-marset\/#primaryimage","url":"https:\/\/www.eldiario.net\/portal\/wp-content\/uploads\/2026\/05\/2RELACIONADA-GALVEZ.webp","contentUrl":"https:\/\/www.eldiario.net\/portal\/wp-content\/uploads\/2026\/05\/2RELACIONADA-GALVEZ.webp","width":992,"height":722,"caption":"El vocero presidencial, Jos\u00e9 Luis G\u00e1lvez."},{"@type":"BreadcrumbList","@id":"https:\/\/www.eldiario.net\/portal\/2026\/05\/04\/no-descartan-que-violencia-en-santa-cruz-este-relacionada-al-caso-marset\/#breadcrumb","itemListElement":[{"@type":"ListItem","position":1,"name":"Portada","item":"https:\/\/www.eldiario.net\/portal\/"},{"@type":"ListItem","position":2,"name":"No descartan que violencia en Santa Cruz est\u00e9 relacionada al caso Marset"}]},{"@type":"WebSite","@id":"https:\/\/www.eldiario.net\/portal\/#website","url":"https:\/\/www.eldiario.net\/portal\/","name":"El Diario - Decano de la prensa nacional","description":"El Diario - Decano de la prensa nacional","publisher":{"@id":"https:\/\/www.eldiario.net\/portal\/#organization"},"potentialAction":[{"@type":"SearchAction","target":{"@type":"EntryPoint","urlTemplate":"https:\/\/www.eldiario.net\/portal\/?s={search_term_string}"},"query-input":{"@type":"PropertyValueSpecification","valueRequired":true,"valueName":"search_term_string"}}],"inLanguage":"es"},{"@type":"Organization","@id":"https:\/\/www.eldiario.net\/portal\/#organization","name":"El Diario - Decano de la prensa nacional","url":"https:\/\/www.eldiario.net\/portal\/","logo":{"@type":"ImageObject","inLanguage":"es","@id":"https:\/\/www.eldiario.net\/portal\/#\/schema\/logo\/image\/","url":"https:\/\/www.eldiario.net\/portal\/wp-content\/uploads\/2023\/07\/logo_ED.jpg","contentUrl":"https:\/\/www.eldiario.net\/portal\/wp-content\/uploads\/2023\/07\/logo_ED.jpg","width":272,"height":52,"caption":"El Diario - Decano de la prensa nacional"},"image":{"@id":"https:\/\/www.eldiario.net\/portal\/#\/schema\/logo\/image\/"},"sameAs":["https:\/\/www.facebook.com\/eldiario.bolivia\/","https:\/\/x.com\/eldiario_net"]},{"@type":"Person","@id":"https:\/\/www.eldiario.net\/portal\/#\/schema\/person\/f46445640444750d7d753ccd04ae01b7","name":"Jeanette","image":{"@type":"ImageObject","inLanguage":"es","@id":"https:\/\/secure.gravatar.com\/avatar\/3ea2118a5f7dad2b7138b1187a6b7ee55f160b9968b66013c3a3ef39dd7e5798?s=96&d=mm&r=g","url":"https:\/\/secure.gravatar.com\/avatar\/3ea2118a5f7dad2b7138b1187a6b7ee55f160b9968b66013c3a3ef39dd7e5798?s=96&d=mm&r=g","contentUrl":"https:\/\/secure.gravatar.com\/avatar\/3ea2118a5f7dad2b7138b1187a6b7ee55f160b9968b66013c3a3ef39dd7e5798?s=96&d=mm&r=g","caption":"Jeanette"},"sameAs":["https:\/\/www.eldiario.net\/portal"],"url":"https:\/\/www.eldiario.net\/portal\/author\/jeanette\/"}]}},"_links":{"self":[{"href":"https:\/\/www.eldiario.net\/portal\/wp-json\/wp\/v2\/posts\/390820","targetHints":{"allow":["GET"]}}],"collection":[{"href":"https:\/\/www.eldiario.net\/portal\/wp-json\/wp\/v2\/posts"}],"about":[{"href":"https:\/\/www.eldiario.net\/portal\/wp-json\/wp\/v2\/types\/post"}],"author":[{"embeddable":true,"href":"https:\/\/www.eldiario.net\/portal\/wp-json\/wp\/v2\/users\/1"}],"replies":[{"embeddable":true,"href":"https:\/\/www.eldiario.net\/portal\/wp-json\/wp\/v2\/comments?post=390820"}],"version-history":[{"count":1,"href":"https:\/\/www.eldiario.net\/portal\/wp-json\/wp\/v2\/posts\/390820\/revisions"}],"predecessor-version":[{"id":390822,"href":"https:\/\/www.eldiario.net\/portal\/wp-json\/wp\/v2\/posts\/390820\/revisions\/390822"}],"wp:featuredmedia":[{"embeddable":true,"href":"https:\/\/www.eldiario.net\/portal\/wp-json\/wp\/v2\/media\/390821"}],"wp:attachment":[{"href":"https:\/\/www.eldiario.net\/portal\/wp-json\/wp\/v2\/media?parent=390820"}],"wp:term":[{"taxonomy":"category","embeddable":true,"href":"https:\/\/www.eldiario.net\/portal\/wp-json\/wp\/v2\/categories?post=390820"},{"taxonomy":"post_tag","embeddable":true,"href":"https:\/\/www.eldiario.net\/portal\/wp-json\/wp\/v2\/tags?post=390820"}],"curies":[{"name":"wp","href":"https:\/\/api.w.org\/{rel}","templated":true}]}}