{"id":390813,"date":"2026-05-04T05:50:29","date_gmt":"2026-05-04T09:50:29","guid":{"rendered":"https:\/\/www.eldiario.net\/portal\/?p=390813"},"modified":"2026-05-04T05:50:29","modified_gmt":"2026-05-04T09:50:29","slug":"rechazan-paro-de-la-cob-y-exigen-estabilidad-en-el-pais","status":"publish","type":"post","link":"https:\/\/www.eldiario.net\/portal\/2026\/05\/04\/rechazan-paro-de-la-cob-y-exigen-estabilidad-en-el-pais\/","title":{"rendered":"Rechazan paro de la COB y exigen estabilidad en el pa\u00eds"},"content":{"rendered":"<p>La convocatoria de la Central Obrera Boliviana (COB) a un paro general indefinido movilizado fue rechazada por sectores estrat\u00e9gicos del pa\u00eds. Los transportistas, gremiales, plataformas ciudadanas y el Comit\u00e9 pro Santa Cruz se desmarcaron de la medida, al considerar que responde a intereses pol\u00edticos y no a las verdaderas necesidades de los trabajadores que enfrentan la crisis econ\u00f3mica por la que atraviesa el pa\u00eds.<br \/>\nA pesar del anuncio realizado durante el cabildo de la COB en El Alto, el s\u00e1bado las actividades se desarrollaron con normalidad en las principales carreteras, terminales y ciudades capitales, sin reportes de bloqueos ni interrupciones.<br \/>\nLos dirigentes del transporte pesado y del transporte libre cuestionaron la oportunidad de la medida en medio de la crisis econ\u00f3mica. Desde el sector gremial, se advirti\u00f3 que el paro no defiende a los trabajadores, sino que busca ejercer presi\u00f3n pol\u00edtica, mientras millones de bolivianos contin\u00faan sosteniendo la econom\u00eda desde la informalidad.<br \/>\nEl Comit\u00e9 pro Santa Cruz que remarc\u00f3 la necesidad de priorizar la producci\u00f3n, la estabilidad y el trabajo; entretanto, diversos sectores coincidieron en que Bolivia requiere soluciones concretas a la crisis, y no medidas de presi\u00f3n que carecen de representatividad y respaldo nacional.<\/p>\n<p>CONVOCATORIA DE<br \/>\nLA COB<br \/>\nLa Central Obrera Boliviana convoc\u00f3 a un paro movilizado nacional y cit\u00f3 a sus organizaciones afiliadas a concentrarse hoy en la ciudad de La Paz, en cumplimiento de las resoluciones asumidas en su reciente cabildo.<br \/>\nSeg\u00fan el instructivo emitido por el Comit\u00e9 Ejecutivo Nacional, la concentraci\u00f3n est\u00e1 prevista para las 9:00 en el frontis de la Federaci\u00f3n Sindical de Trabajadores Mineros de Bolivia, ubicada en la avenida 16 de Julio.<\/p>\n<p>NO HAY BLOQUEO<br \/>\nEN LOS YUNGAS<br \/>\nLas autoridades gubernamentales y la dirigencia del transporte de los Yungas lograron un acuerdo anoche que permitir\u00e1 levantar los bloqueos en la carretera que conecta La Paz con el norte del departamento, una vez que desde este lunes ingresen cisternas y maquinaria pesada para atender las demandas del sector.<br \/>\nEl presidente Rodrigo Paz destac\u00f3 que el entendimiento permitir\u00e1 encarar soluciones inmediatas y tambi\u00e9n estructurales para una regi\u00f3n que, seg\u00fan indic\u00f3, arrastra problemas hist\u00f3ricos.<br \/>\nPor su parte, el ministro de Obras P\u00fablicas, Mauricio Zamora, confirm\u00f3 que el acuerdo ya fue suscrito y que su ejecuci\u00f3n comenzar\u00e1 de inmediato con el despliegue de equipos en la zona de conflicto.<\/p>\n","protected":false},"excerpt":{"rendered":"<p>La convocatoria de la Central Obrera Boliviana (COB) a un paro general indefinido movilizado fue rechazada por sectores estrat\u00e9gicos del pa\u00eds. Los transportistas, gremiales, plataformas ciudadanas y el Comit\u00e9 pro Santa Cruz se desmarcaron de la medida, al considerar que responde a intereses pol\u00edticos y no a las verdaderas necesidades de los trabajadores que enfrentan [&hellip;]<\/p>\n","protected":false},"author":1,"featured_media":390814,"comment_status":"closed","ping_status":"open","sticky":false,"template":"","format":"standard","meta":{"_acf_changed":false,"footnotes":""},"categories":[17],"tags":[],"class_list":["post-390813","post","type-post","status-publish","format-standard","has-post-thumbnail","category-principal"],"acf":{"antetitulo":"Acuerdo levanta bloqueo de v\u00edas a los Yungas"},"yoast_head":"<!-- This site is optimized with the Yoast SEO plugin v28.4 - https:\/\/yoast.com\/product\/yoast-seo-wordpress\/ -->\n<title>Rechazan paro de la COB y exigen estabilidad en el pa\u00eds - El Diario - Bolivia<\/title>\n<meta name=\"robots\" content=\"index, follow, max-snippet:-1, max-image-preview:large, max-video-preview:-1\" \/>\n<link rel=\"canonical\" href=\"https:\/\/www.eldiario.net\/portal\/2026\/05\/04\/rechazan-paro-de-la-cob-y-exigen-estabilidad-en-el-pais\/\" \/>\n<meta property=\"og:locale\" content=\"es_ES\" \/>\n<meta property=\"og:type\" content=\"article\" \/>\n<meta property=\"og:title\" content=\"Rechazan paro de la COB y exigen estabilidad en el pa\u00eds - El Diario - Bolivia\" \/>\n<meta property=\"og:description\" content=\"La convocatoria de la Central Obrera Boliviana (COB) a un paro general indefinido movilizado fue rechazada por sectores estrat\u00e9gicos del pa\u00eds. Los transportistas, gremiales, plataformas ciudadanas y el Comit\u00e9 pro Santa Cruz se desmarcaron de la medida, al considerar que responde a intereses pol\u00edticos y no a las verdaderas necesidades de los trabajadores que enfrentan [&hellip;]\" \/>\n<meta property=\"og:url\" content=\"https:\/\/www.eldiario.net\/portal\/2026\/05\/04\/rechazan-paro-de-la-cob-y-exigen-estabilidad-en-el-pais\/\" \/>\n<meta property=\"og:site_name\" content=\"El Diario - Bolivia\" \/>\n<meta property=\"article:publisher\" content=\"https:\/\/www.facebook.com\/eldiario.bolivia\/\" \/>\n<meta property=\"article:published_time\" content=\"2026-05-04T09:50:29+00:00\" \/>\n<meta property=\"og:image\" content=\"https:\/\/www.eldiario.net\/portal\/wp-content\/uploads\/2026\/05\/bloqueo-Yungas-agp-15-cm-x-10.webp\" \/>\n\t<meta property=\"og:image:width\" content=\"1200\" \/>\n\t<meta property=\"og:image:height\" content=\"788\" \/>\n\t<meta property=\"og:image:type\" content=\"image\/webp\" \/>\n<meta name=\"author\" content=\"Jeanette\" \/>\n<meta name=\"twitter:card\" content=\"summary_large_image\" \/>\n<meta name=\"twitter:creator\" content=\"@eldiario_net\" \/>\n<meta name=\"twitter:site\" content=\"@eldiario_net\" \/>\n<meta name=\"twitter:label1\" content=\"Escrito por\" \/>\n\t<meta name=\"twitter:data1\" content=\"Jeanette\" \/>\n\t<meta name=\"twitter:label2\" content=\"Tiempo de lectura\" \/>\n\t<meta name=\"twitter:data2\" content=\"2 minutos\" \/>\n<script type=\"application\/ld+json\" class=\"yoast-schema-graph\">{\"@context\":\"https:\\\/\\\/schema.org\",\"@graph\":[{\"@type\":\"Article\",\"@id\":\"https:\\\/\\\/www.eldiario.net\\\/portal\\\/2026\\\/05\\\/04\\\/rechazan-paro-de-la-cob-y-exigen-estabilidad-en-el-pais\\\/#article\",\"isPartOf\":{\"@id\":\"https:\\\/\\\/www.eldiario.net\\\/portal\\\/2026\\\/05\\\/04\\\/rechazan-paro-de-la-cob-y-exigen-estabilidad-en-el-pais\\\/\"},\"author\":{\"name\":\"Jeanette\",\"@id\":\"https:\\\/\\\/www.eldiario.net\\\/portal\\\/#\\\/schema\\\/person\\\/f46445640444750d7d753ccd04ae01b7\"},\"headline\":\"Rechazan paro de la COB y exigen estabilidad en el pa\u00eds\",\"datePublished\":\"2026-05-04T09:50:29+00:00\",\"mainEntityOfPage\":{\"@id\":\"https:\\\/\\\/www.eldiario.net\\\/portal\\\/2026\\\/05\\\/04\\\/rechazan-paro-de-la-cob-y-exigen-estabilidad-en-el-pais\\\/\"},\"wordCount\":414,\"publisher\":{\"@id\":\"https:\\\/\\\/www.eldiario.net\\\/portal\\\/#organization\"},\"image\":{\"@id\":\"https:\\\/\\\/www.eldiario.net\\\/portal\\\/2026\\\/05\\\/04\\\/rechazan-paro-de-la-cob-y-exigen-estabilidad-en-el-pais\\\/#primaryimage\"},\"thumbnailUrl\":\"https:\\\/\\\/www.eldiario.net\\\/portal\\\/wp-content\\\/uploads\\\/2026\\\/05\\\/bloqueo-Yungas-agp-15-cm-x-10.webp\",\"articleSection\":[\"Principal\"],\"inLanguage\":\"es\"},{\"@type\":\"WebPage\",\"@id\":\"https:\\\/\\\/www.eldiario.net\\\/portal\\\/2026\\\/05\\\/04\\\/rechazan-paro-de-la-cob-y-exigen-estabilidad-en-el-pais\\\/\",\"url\":\"https:\\\/\\\/www.eldiario.net\\\/portal\\\/2026\\\/05\\\/04\\\/rechazan-paro-de-la-cob-y-exigen-estabilidad-en-el-pais\\\/\",\"name\":\"Rechazan paro de la COB y exigen estabilidad en el pa\u00eds - El Diario - Bolivia\",\"isPartOf\":{\"@id\":\"https:\\\/\\\/www.eldiario.net\\\/portal\\\/#website\"},\"primaryImageOfPage\":{\"@id\":\"https:\\\/\\\/www.eldiario.net\\\/portal\\\/2026\\\/05\\\/04\\\/rechazan-paro-de-la-cob-y-exigen-estabilidad-en-el-pais\\\/#primaryimage\"},\"image\":{\"@id\":\"https:\\\/\\\/www.eldiario.net\\\/portal\\\/2026\\\/05\\\/04\\\/rechazan-paro-de-la-cob-y-exigen-estabilidad-en-el-pais\\\/#primaryimage\"},\"thumbnailUrl\":\"https:\\\/\\\/www.eldiario.net\\\/portal\\\/wp-content\\\/uploads\\\/2026\\\/05\\\/bloqueo-Yungas-agp-15-cm-x-10.webp\",\"datePublished\":\"2026-05-04T09:50:29+00:00\",\"breadcrumb\":{\"@id\":\"https:\\\/\\\/www.eldiario.net\\\/portal\\\/2026\\\/05\\\/04\\\/rechazan-paro-de-la-cob-y-exigen-estabilidad-en-el-pais\\\/#breadcrumb\"},\"inLanguage\":\"es\",\"potentialAction\":[{\"@type\":\"ReadAction\",\"target\":[\"https:\\\/\\\/www.eldiario.net\\\/portal\\\/2026\\\/05\\\/04\\\/rechazan-paro-de-la-cob-y-exigen-estabilidad-en-el-pais\\\/\"]}]},{\"@type\":\"ImageObject\",\"inLanguage\":\"es\",\"@id\":\"https:\\\/\\\/www.eldiario.net\\\/portal\\\/2026\\\/05\\\/04\\\/rechazan-paro-de-la-cob-y-exigen-estabilidad-en-el-pais\\\/#primaryimage\",\"url\":\"https:\\\/\\\/www.eldiario.net\\\/portal\\\/wp-content\\\/uploads\\\/2026\\\/05\\\/bloqueo-Yungas-agp-15-cm-x-10.webp\",\"contentUrl\":\"https:\\\/\\\/www.eldiario.net\\\/portal\\\/wp-content\\\/uploads\\\/2026\\\/05\\\/bloqueo-Yungas-agp-15-cm-x-10.webp\",\"width\":1200,\"height\":788,\"caption\":\"Las salidas a Los Yungas (Urujara) y La Cumbre, se normalizan a partir de este lunes. Las personas caminaron distancias largas para poder llegar a sus destinos.\"},{\"@type\":\"BreadcrumbList\",\"@id\":\"https:\\\/\\\/www.eldiario.net\\\/portal\\\/2026\\\/05\\\/04\\\/rechazan-paro-de-la-cob-y-exigen-estabilidad-en-el-pais\\\/#breadcrumb\",\"itemListElement\":[{\"@type\":\"ListItem\",\"position\":1,\"name\":\"Portada\",\"item\":\"https:\\\/\\\/www.eldiario.net\\\/portal\\\/\"},{\"@type\":\"ListItem\",\"position\":2,\"name\":\"Rechazan paro de la COB y exigen estabilidad en el pa\u00eds\"}]},{\"@type\":\"WebSite\",\"@id\":\"https:\\\/\\\/www.eldiario.net\\\/portal\\\/#website\",\"url\":\"https:\\\/\\\/www.eldiario.net\\\/portal\\\/\",\"name\":\"El Diario - Decano de la prensa nacional\",\"description\":\"El Diario - Decano de la prensa nacional\",\"publisher\":{\"@id\":\"https:\\\/\\\/www.eldiario.net\\\/portal\\\/#organization\"},\"potentialAction\":[{\"@type\":\"SearchAction\",\"target\":{\"@type\":\"EntryPoint\",\"urlTemplate\":\"https:\\\/\\\/www.eldiario.net\\\/portal\\\/?s={search_term_string}\"},\"query-input\":{\"@type\":\"PropertyValueSpecification\",\"valueRequired\":true,\"valueName\":\"search_term_string\"}}],\"inLanguage\":\"es\"},{\"@type\":\"Organization\",\"@id\":\"https:\\\/\\\/www.eldiario.net\\\/portal\\\/#organization\",\"name\":\"El Diario - Decano de la prensa nacional\",\"url\":\"https:\\\/\\\/www.eldiario.net\\\/portal\\\/\",\"logo\":{\"@type\":\"ImageObject\",\"inLanguage\":\"es\",\"@id\":\"https:\\\/\\\/www.eldiario.net\\\/portal\\\/#\\\/schema\\\/logo\\\/image\\\/\",\"url\":\"https:\\\/\\\/www.eldiario.net\\\/portal\\\/wp-content\\\/uploads\\\/2023\\\/07\\\/logo_ED.jpg\",\"contentUrl\":\"https:\\\/\\\/www.eldiario.net\\\/portal\\\/wp-content\\\/uploads\\\/2023\\\/07\\\/logo_ED.jpg\",\"width\":272,\"height\":52,\"caption\":\"El Diario - Decano de la prensa nacional\"},\"image\":{\"@id\":\"https:\\\/\\\/www.eldiario.net\\\/portal\\\/#\\\/schema\\\/logo\\\/image\\\/\"},\"sameAs\":[\"https:\\\/\\\/www.facebook.com\\\/eldiario.bolivia\\\/\",\"https:\\\/\\\/x.com\\\/eldiario_net\"]},{\"@type\":\"Person\",\"@id\":\"https:\\\/\\\/www.eldiario.net\\\/portal\\\/#\\\/schema\\\/person\\\/f46445640444750d7d753ccd04ae01b7\",\"name\":\"Jeanette\",\"image\":{\"@type\":\"ImageObject\",\"inLanguage\":\"es\",\"@id\":\"https:\\\/\\\/secure.gravatar.com\\\/avatar\\\/3ea2118a5f7dad2b7138b1187a6b7ee55f160b9968b66013c3a3ef39dd7e5798?s=96&d=mm&r=g\",\"url\":\"https:\\\/\\\/secure.gravatar.com\\\/avatar\\\/3ea2118a5f7dad2b7138b1187a6b7ee55f160b9968b66013c3a3ef39dd7e5798?s=96&d=mm&r=g\",\"contentUrl\":\"https:\\\/\\\/secure.gravatar.com\\\/avatar\\\/3ea2118a5f7dad2b7138b1187a6b7ee55f160b9968b66013c3a3ef39dd7e5798?s=96&d=mm&r=g\",\"caption\":\"Jeanette\"},\"sameAs\":[\"https:\\\/\\\/www.eldiario.net\\\/portal\"],\"url\":\"https:\\\/\\\/www.eldiario.net\\\/portal\\\/author\\\/jeanette\\\/\"}]}<\/script>\n<!-- \/ Yoast SEO plugin. -->","yoast_head_json":{"title":"Rechazan paro de la COB y exigen estabilidad en el pa\u00eds - El Diario - Bolivia","robots":{"index":"index","follow":"follow","max-snippet":"max-snippet:-1","max-image-preview":"max-image-preview:large","max-video-preview":"max-video-preview:-1"},"canonical":"https:\/\/www.eldiario.net\/portal\/2026\/05\/04\/rechazan-paro-de-la-cob-y-exigen-estabilidad-en-el-pais\/","og_locale":"es_ES","og_type":"article","og_title":"Rechazan paro de la COB y exigen estabilidad en el pa\u00eds - El Diario - Bolivia","og_description":"La convocatoria de la Central Obrera Boliviana (COB) a un paro general indefinido movilizado fue rechazada por sectores estrat\u00e9gicos del pa\u00eds. Los transportistas, gremiales, plataformas ciudadanas y el Comit\u00e9 pro Santa Cruz se desmarcaron de la medida, al considerar que responde a intereses pol\u00edticos y no a las verdaderas necesidades de los trabajadores que enfrentan [&hellip;]","og_url":"https:\/\/www.eldiario.net\/portal\/2026\/05\/04\/rechazan-paro-de-la-cob-y-exigen-estabilidad-en-el-pais\/","og_site_name":"El Diario - Bolivia","article_publisher":"https:\/\/www.facebook.com\/eldiario.bolivia\/","article_published_time":"2026-05-04T09:50:29+00:00","og_image":[{"width":1200,"height":788,"url":"https:\/\/www.eldiario.net\/portal\/wp-content\/uploads\/2026\/05\/bloqueo-Yungas-agp-15-cm-x-10.webp","type":"image\/webp"}],"author":"Jeanette","twitter_card":"summary_large_image","twitter_creator":"@eldiario_net","twitter_site":"@eldiario_net","twitter_misc":{"Escrito por":"Jeanette","Tiempo de lectura":"2 minutos"},"schema":{"@context":"https:\/\/schema.org","@graph":[{"@type":"Article","@id":"https:\/\/www.eldiario.net\/portal\/2026\/05\/04\/rechazan-paro-de-la-cob-y-exigen-estabilidad-en-el-pais\/#article","isPartOf":{"@id":"https:\/\/www.eldiario.net\/portal\/2026\/05\/04\/rechazan-paro-de-la-cob-y-exigen-estabilidad-en-el-pais\/"},"author":{"name":"Jeanette","@id":"https:\/\/www.eldiario.net\/portal\/#\/schema\/person\/f46445640444750d7d753ccd04ae01b7"},"headline":"Rechazan paro de la COB y exigen estabilidad en el pa\u00eds","datePublished":"2026-05-04T09:50:29+00:00","mainEntityOfPage":{"@id":"https:\/\/www.eldiario.net\/portal\/2026\/05\/04\/rechazan-paro-de-la-cob-y-exigen-estabilidad-en-el-pais\/"},"wordCount":414,"publisher":{"@id":"https:\/\/www.eldiario.net\/portal\/#organization"},"image":{"@id":"https:\/\/www.eldiario.net\/portal\/2026\/05\/04\/rechazan-paro-de-la-cob-y-exigen-estabilidad-en-el-pais\/#primaryimage"},"thumbnailUrl":"https:\/\/www.eldiario.net\/portal\/wp-content\/uploads\/2026\/05\/bloqueo-Yungas-agp-15-cm-x-10.webp","articleSection":["Principal"],"inLanguage":"es"},{"@type":"WebPage","@id":"https:\/\/www.eldiario.net\/portal\/2026\/05\/04\/rechazan-paro-de-la-cob-y-exigen-estabilidad-en-el-pais\/","url":"https:\/\/www.eldiario.net\/portal\/2026\/05\/04\/rechazan-paro-de-la-cob-y-exigen-estabilidad-en-el-pais\/","name":"Rechazan paro de la COB y exigen estabilidad en el pa\u00eds - El Diario - Bolivia","isPartOf":{"@id":"https:\/\/www.eldiario.net\/portal\/#website"},"primaryImageOfPage":{"@id":"https:\/\/www.eldiario.net\/portal\/2026\/05\/04\/rechazan-paro-de-la-cob-y-exigen-estabilidad-en-el-pais\/#primaryimage"},"image":{"@id":"https:\/\/www.eldiario.net\/portal\/2026\/05\/04\/rechazan-paro-de-la-cob-y-exigen-estabilidad-en-el-pais\/#primaryimage"},"thumbnailUrl":"https:\/\/www.eldiario.net\/portal\/wp-content\/uploads\/2026\/05\/bloqueo-Yungas-agp-15-cm-x-10.webp","datePublished":"2026-05-04T09:50:29+00:00","breadcrumb":{"@id":"https:\/\/www.eldiario.net\/portal\/2026\/05\/04\/rechazan-paro-de-la-cob-y-exigen-estabilidad-en-el-pais\/#breadcrumb"},"inLanguage":"es","potentialAction":[{"@type":"ReadAction","target":["https:\/\/www.eldiario.net\/portal\/2026\/05\/04\/rechazan-paro-de-la-cob-y-exigen-estabilidad-en-el-pais\/"]}]},{"@type":"ImageObject","inLanguage":"es","@id":"https:\/\/www.eldiario.net\/portal\/2026\/05\/04\/rechazan-paro-de-la-cob-y-exigen-estabilidad-en-el-pais\/#primaryimage","url":"https:\/\/www.eldiario.net\/portal\/wp-content\/uploads\/2026\/05\/bloqueo-Yungas-agp-15-cm-x-10.webp","contentUrl":"https:\/\/www.eldiario.net\/portal\/wp-content\/uploads\/2026\/05\/bloqueo-Yungas-agp-15-cm-x-10.webp","width":1200,"height":788,"caption":"Las salidas a Los Yungas (Urujara) y La Cumbre, se normalizan a partir de este lunes. Las personas caminaron distancias largas para poder llegar a sus destinos."},{"@type":"BreadcrumbList","@id":"https:\/\/www.eldiario.net\/portal\/2026\/05\/04\/rechazan-paro-de-la-cob-y-exigen-estabilidad-en-el-pais\/#breadcrumb","itemListElement":[{"@type":"ListItem","position":1,"name":"Portada","item":"https:\/\/www.eldiario.net\/portal\/"},{"@type":"ListItem","position":2,"name":"Rechazan paro de la COB y exigen estabilidad en el pa\u00eds"}]},{"@type":"WebSite","@id":"https:\/\/www.eldiario.net\/portal\/#website","url":"https:\/\/www.eldiario.net\/portal\/","name":"El Diario - Decano de la prensa nacional","description":"El Diario - Decano de la prensa nacional","publisher":{"@id":"https:\/\/www.eldiario.net\/portal\/#organization"},"potentialAction":[{"@type":"SearchAction","target":{"@type":"EntryPoint","urlTemplate":"https:\/\/www.eldiario.net\/portal\/?s={search_term_string}"},"query-input":{"@type":"PropertyValueSpecification","valueRequired":true,"valueName":"search_term_string"}}],"inLanguage":"es"},{"@type":"Organization","@id":"https:\/\/www.eldiario.net\/portal\/#organization","name":"El Diario - Decano de la prensa nacional","url":"https:\/\/www.eldiario.net\/portal\/","logo":{"@type":"ImageObject","inLanguage":"es","@id":"https:\/\/www.eldiario.net\/portal\/#\/schema\/logo\/image\/","url":"https:\/\/www.eldiario.net\/portal\/wp-content\/uploads\/2023\/07\/logo_ED.jpg","contentUrl":"https:\/\/www.eldiario.net\/portal\/wp-content\/uploads\/2023\/07\/logo_ED.jpg","width":272,"height":52,"caption":"El Diario - Decano de la prensa nacional"},"image":{"@id":"https:\/\/www.eldiario.net\/portal\/#\/schema\/logo\/image\/"},"sameAs":["https:\/\/www.facebook.com\/eldiario.bolivia\/","https:\/\/x.com\/eldiario_net"]},{"@type":"Person","@id":"https:\/\/www.eldiario.net\/portal\/#\/schema\/person\/f46445640444750d7d753ccd04ae01b7","name":"Jeanette","image":{"@type":"ImageObject","inLanguage":"es","@id":"https:\/\/secure.gravatar.com\/avatar\/3ea2118a5f7dad2b7138b1187a6b7ee55f160b9968b66013c3a3ef39dd7e5798?s=96&d=mm&r=g","url":"https:\/\/secure.gravatar.com\/avatar\/3ea2118a5f7dad2b7138b1187a6b7ee55f160b9968b66013c3a3ef39dd7e5798?s=96&d=mm&r=g","contentUrl":"https:\/\/secure.gravatar.com\/avatar\/3ea2118a5f7dad2b7138b1187a6b7ee55f160b9968b66013c3a3ef39dd7e5798?s=96&d=mm&r=g","caption":"Jeanette"},"sameAs":["https:\/\/www.eldiario.net\/portal"],"url":"https:\/\/www.eldiario.net\/portal\/author\/jeanette\/"}]}},"_links":{"self":[{"href":"https:\/\/www.eldiario.net\/portal\/wp-json\/wp\/v2\/posts\/390813","targetHints":{"allow":["GET"]}}],"collection":[{"href":"https:\/\/www.eldiario.net\/portal\/wp-json\/wp\/v2\/posts"}],"about":[{"href":"https:\/\/www.eldiario.net\/portal\/wp-json\/wp\/v2\/types\/post"}],"author":[{"embeddable":true,"href":"https:\/\/www.eldiario.net\/portal\/wp-json\/wp\/v2\/users\/1"}],"replies":[{"embeddable":true,"href":"https:\/\/www.eldiario.net\/portal\/wp-json\/wp\/v2\/comments?post=390813"}],"version-history":[{"count":1,"href":"https:\/\/www.eldiario.net\/portal\/wp-json\/wp\/v2\/posts\/390813\/revisions"}],"predecessor-version":[{"id":390815,"href":"https:\/\/www.eldiario.net\/portal\/wp-json\/wp\/v2\/posts\/390813\/revisions\/390815"}],"wp:featuredmedia":[{"embeddable":true,"href":"https:\/\/www.eldiario.net\/portal\/wp-json\/wp\/v2\/media\/390814"}],"wp:attachment":[{"href":"https:\/\/www.eldiario.net\/portal\/wp-json\/wp\/v2\/media?parent=390813"}],"wp:term":[{"taxonomy":"category","embeddable":true,"href":"https:\/\/www.eldiario.net\/portal\/wp-json\/wp\/v2\/categories?post=390813"},{"taxonomy":"post_tag","embeddable":true,"href":"https:\/\/www.eldiario.net\/portal\/wp-json\/wp\/v2\/tags?post=390813"}],"curies":[{"name":"wp","href":"https:\/\/api.w.org\/{rel}","templated":true}]}}