{"id":390810,"date":"2026-05-04T05:48:49","date_gmt":"2026-05-04T09:48:49","guid":{"rendered":"https:\/\/www.eldiario.net\/portal\/?p=390810"},"modified":"2026-05-04T05:48:49","modified_gmt":"2026-05-04T09:48:49","slug":"iglesia-insta-a-priorizar-dialogo-y-no-perjudicar-a-la-poblacion","status":"publish","type":"post","link":"https:\/\/www.eldiario.net\/portal\/2026\/05\/04\/iglesia-insta-a-priorizar-dialogo-y-no-perjudicar-a-la-poblacion\/","title":{"rendered":"Iglesia insta a priorizar di\u00e1logo  y no perjudicar a la poblaci\u00f3n"},"content":{"rendered":"<p>Ante el inicio de una semana en la que se esperan medidas de presi\u00f3n y amenazas de mayor conflictividad, autoridades de la Iglesia Cat\u00f3lica en Bolivia exhortaron al di\u00e1logo y cuestionaron las medidas de presi\u00f3n, como el paro indefinido anunciado en el pa\u00eds, al considerar que este tipo de manifestaciones no contribuyen a la soluci\u00f3n de conflictos sociales.<br \/>\nEl arzobispo de la Arquidi\u00f3cesis de La Paz, monse\u00f1or Percy Galv\u00e1n, se\u00f1al\u00f3 en su homil\u00eda del Quinto Domingo de Pascua, que los conflictos pol\u00edticos y sociales se agravan por la falta de entendimiento entre los diferentes actores involucrados.<br \/>\n\u201cEn conflictos pol\u00edticos, sociales e ideol\u00f3gicos, parece que todo parte de que los l\u00edderes no se conocen, no se aceptan ni se aman. Por eso son incapaces de dialogar y de buscar positivamente recorrer el camino\u201d, dijo.<br \/>\nEl prelado inst\u00f3 a las autoridades, dirigentes y sectores sociales a priorizar el encuentro y la comprensi\u00f3n mutua. \u201cRecorramos este camino conoci\u00e9ndonos, acept\u00e1ndonos y am\u00e1ndonos en la verdad\u201d, exhort\u00f3 Galv\u00e1n.<br \/>\nPor su parte, desde la ciudad de Santa Cruz, monse\u00f1or Ren\u00e9 Leigue, expres\u00f3 dudas sobre la efectividad de los paros y bloqueos como mecanismos de presi\u00f3n y pidi\u00f3 buscar alternativas que no perjudiquen a la poblaci\u00f3n.<br \/>\n\u201cNecesitamos di\u00e1logo, no s\u00e9 si haciendo paro o bloqueo es el camino. Busquen otras soluciones\u201d, manifest\u00f3. (ABI)<br \/>\nAsimismo, inst\u00f3 tanto a los sectores movilizados, como a las autoridades, a avanzar en espacios de di\u00e1logo que permitan atender las demandas sociales sin afectar la paz social.<br \/>\nLeigue tambi\u00e9n reflexion\u00f3 sobre la gran cantidad de familias que \u201csufren las necesidades cotidianas\u201d por la falta de ingresos, empleo o acceso a la salud, y cuestion\u00f3 tanto el paro m\u00e9dico de cinco d\u00edas en Santa Cruz como las causas que lo originaron.<br \/>\nEl pronunciamiento de ambos sacerdotes surge en un contexto de tensiones sociales ante el anuncio de un paro indefinido de la Central Obrera Boliviana desde este martes, medida que fue cuestionada por varios sectores sociales por sus posibles efectos en la econom\u00eda de la poblaci\u00f3n.<\/p>\n","protected":false},"excerpt":{"rendered":"<p>Ante el inicio de una semana en la que se esperan medidas de presi\u00f3n y amenazas de mayor conflictividad, autoridades de la Iglesia Cat\u00f3lica en Bolivia exhortaron al di\u00e1logo y cuestionaron las medidas de presi\u00f3n, como el paro indefinido anunciado en el pa\u00eds, al considerar que este tipo de manifestaciones no contribuyen a la soluci\u00f3n [&hellip;]<\/p>\n","protected":false},"author":1,"featured_media":390811,"comment_status":"closed","ping_status":"open","sticky":false,"template":"","format":"standard","meta":{"_acf_changed":false,"footnotes":""},"categories":[15],"tags":[],"class_list":["post-390810","post","type-post","status-publish","format-standard","has-post-thumbnail","category-portada"],"acf":{"antetitulo":"Presiones no solucionan conflictos"},"yoast_head":"<!-- This site is optimized with the Yoast SEO plugin v28.4 - https:\/\/yoast.com\/product\/yoast-seo-wordpress\/ -->\n<title>Iglesia insta a priorizar di\u00e1logo y no perjudicar a la poblaci\u00f3n - El Diario - Bolivia<\/title>\n<meta name=\"robots\" content=\"index, follow, max-snippet:-1, max-image-preview:large, max-video-preview:-1\" \/>\n<link rel=\"canonical\" href=\"https:\/\/www.eldiario.net\/portal\/2026\/05\/04\/iglesia-insta-a-priorizar-dialogo-y-no-perjudicar-a-la-poblacion\/\" \/>\n<meta property=\"og:locale\" content=\"es_ES\" \/>\n<meta property=\"og:type\" content=\"article\" \/>\n<meta property=\"og:title\" content=\"Iglesia insta a priorizar di\u00e1logo y no perjudicar a la poblaci\u00f3n - El Diario - Bolivia\" \/>\n<meta property=\"og:description\" content=\"Ante el inicio de una semana en la que se esperan medidas de presi\u00f3n y amenazas de mayor conflictividad, autoridades de la Iglesia Cat\u00f3lica en Bolivia exhortaron al di\u00e1logo y cuestionaron las medidas de presi\u00f3n, como el paro indefinido anunciado en el pa\u00eds, al considerar que este tipo de manifestaciones no contribuyen a la soluci\u00f3n [&hellip;]\" \/>\n<meta property=\"og:url\" content=\"https:\/\/www.eldiario.net\/portal\/2026\/05\/04\/iglesia-insta-a-priorizar-dialogo-y-no-perjudicar-a-la-poblacion\/\" \/>\n<meta property=\"og:site_name\" content=\"El Diario - Bolivia\" \/>\n<meta property=\"article:publisher\" content=\"https:\/\/www.facebook.com\/eldiario.bolivia\/\" \/>\n<meta property=\"article:published_time\" content=\"2026-05-04T09:48:49+00:00\" \/>\n<meta property=\"og:image\" content=\"https:\/\/www.eldiario.net\/portal\/wp-content\/uploads\/2026\/05\/Galvan-rrss-10-cm-x-7.webp\" \/>\n\t<meta property=\"og:image:width\" content=\"1280\" \/>\n\t<meta property=\"og:image:height\" content=\"853\" \/>\n\t<meta property=\"og:image:type\" content=\"image\/webp\" \/>\n<meta name=\"author\" content=\"Jeanette\" \/>\n<meta name=\"twitter:card\" content=\"summary_large_image\" \/>\n<meta name=\"twitter:creator\" content=\"@eldiario_net\" \/>\n<meta name=\"twitter:site\" content=\"@eldiario_net\" \/>\n<meta name=\"twitter:label1\" content=\"Escrito por\" \/>\n\t<meta name=\"twitter:data1\" content=\"Jeanette\" \/>\n\t<meta name=\"twitter:label2\" content=\"Tiempo de lectura\" \/>\n\t<meta name=\"twitter:data2\" content=\"2 minutos\" \/>\n<script type=\"application\/ld+json\" class=\"yoast-schema-graph\">{\"@context\":\"https:\\\/\\\/schema.org\",\"@graph\":[{\"@type\":\"Article\",\"@id\":\"https:\\\/\\\/www.eldiario.net\\\/portal\\\/2026\\\/05\\\/04\\\/iglesia-insta-a-priorizar-dialogo-y-no-perjudicar-a-la-poblacion\\\/#article\",\"isPartOf\":{\"@id\":\"https:\\\/\\\/www.eldiario.net\\\/portal\\\/2026\\\/05\\\/04\\\/iglesia-insta-a-priorizar-dialogo-y-no-perjudicar-a-la-poblacion\\\/\"},\"author\":{\"name\":\"Jeanette\",\"@id\":\"https:\\\/\\\/www.eldiario.net\\\/portal\\\/#\\\/schema\\\/person\\\/f46445640444750d7d753ccd04ae01b7\"},\"headline\":\"Iglesia insta a priorizar di\u00e1logo y no perjudicar a la poblaci\u00f3n\",\"datePublished\":\"2026-05-04T09:48:49+00:00\",\"mainEntityOfPage\":{\"@id\":\"https:\\\/\\\/www.eldiario.net\\\/portal\\\/2026\\\/05\\\/04\\\/iglesia-insta-a-priorizar-dialogo-y-no-perjudicar-a-la-poblacion\\\/\"},\"wordCount\":375,\"publisher\":{\"@id\":\"https:\\\/\\\/www.eldiario.net\\\/portal\\\/#organization\"},\"image\":{\"@id\":\"https:\\\/\\\/www.eldiario.net\\\/portal\\\/2026\\\/05\\\/04\\\/iglesia-insta-a-priorizar-dialogo-y-no-perjudicar-a-la-poblacion\\\/#primaryimage\"},\"thumbnailUrl\":\"https:\\\/\\\/www.eldiario.net\\\/portal\\\/wp-content\\\/uploads\\\/2026\\\/05\\\/Galvan-rrss-10-cm-x-7.webp\",\"articleSection\":[\"Portada\"],\"inLanguage\":\"es\"},{\"@type\":\"WebPage\",\"@id\":\"https:\\\/\\\/www.eldiario.net\\\/portal\\\/2026\\\/05\\\/04\\\/iglesia-insta-a-priorizar-dialogo-y-no-perjudicar-a-la-poblacion\\\/\",\"url\":\"https:\\\/\\\/www.eldiario.net\\\/portal\\\/2026\\\/05\\\/04\\\/iglesia-insta-a-priorizar-dialogo-y-no-perjudicar-a-la-poblacion\\\/\",\"name\":\"Iglesia insta a priorizar di\u00e1logo y no perjudicar a la poblaci\u00f3n - El Diario - Bolivia\",\"isPartOf\":{\"@id\":\"https:\\\/\\\/www.eldiario.net\\\/portal\\\/#website\"},\"primaryImageOfPage\":{\"@id\":\"https:\\\/\\\/www.eldiario.net\\\/portal\\\/2026\\\/05\\\/04\\\/iglesia-insta-a-priorizar-dialogo-y-no-perjudicar-a-la-poblacion\\\/#primaryimage\"},\"image\":{\"@id\":\"https:\\\/\\\/www.eldiario.net\\\/portal\\\/2026\\\/05\\\/04\\\/iglesia-insta-a-priorizar-dialogo-y-no-perjudicar-a-la-poblacion\\\/#primaryimage\"},\"thumbnailUrl\":\"https:\\\/\\\/www.eldiario.net\\\/portal\\\/wp-content\\\/uploads\\\/2026\\\/05\\\/Galvan-rrss-10-cm-x-7.webp\",\"datePublished\":\"2026-05-04T09:48:49+00:00\",\"breadcrumb\":{\"@id\":\"https:\\\/\\\/www.eldiario.net\\\/portal\\\/2026\\\/05\\\/04\\\/iglesia-insta-a-priorizar-dialogo-y-no-perjudicar-a-la-poblacion\\\/#breadcrumb\"},\"inLanguage\":\"es\",\"potentialAction\":[{\"@type\":\"ReadAction\",\"target\":[\"https:\\\/\\\/www.eldiario.net\\\/portal\\\/2026\\\/05\\\/04\\\/iglesia-insta-a-priorizar-dialogo-y-no-perjudicar-a-la-poblacion\\\/\"]}]},{\"@type\":\"ImageObject\",\"inLanguage\":\"es\",\"@id\":\"https:\\\/\\\/www.eldiario.net\\\/portal\\\/2026\\\/05\\\/04\\\/iglesia-insta-a-priorizar-dialogo-y-no-perjudicar-a-la-poblacion\\\/#primaryimage\",\"url\":\"https:\\\/\\\/www.eldiario.net\\\/portal\\\/wp-content\\\/uploads\\\/2026\\\/05\\\/Galvan-rrss-10-cm-x-7.webp\",\"contentUrl\":\"https:\\\/\\\/www.eldiario.net\\\/portal\\\/wp-content\\\/uploads\\\/2026\\\/05\\\/Galvan-rrss-10-cm-x-7.webp\",\"width\":1280,\"height\":853,\"caption\":\"Percy Galv\u00e1n, arzobispo de la Arquidi\u00f3cesis de La Paz.\"},{\"@type\":\"BreadcrumbList\",\"@id\":\"https:\\\/\\\/www.eldiario.net\\\/portal\\\/2026\\\/05\\\/04\\\/iglesia-insta-a-priorizar-dialogo-y-no-perjudicar-a-la-poblacion\\\/#breadcrumb\",\"itemListElement\":[{\"@type\":\"ListItem\",\"position\":1,\"name\":\"Portada\",\"item\":\"https:\\\/\\\/www.eldiario.net\\\/portal\\\/\"},{\"@type\":\"ListItem\",\"position\":2,\"name\":\"Iglesia insta a priorizar di\u00e1logo y no perjudicar a la poblaci\u00f3n\"}]},{\"@type\":\"WebSite\",\"@id\":\"https:\\\/\\\/www.eldiario.net\\\/portal\\\/#website\",\"url\":\"https:\\\/\\\/www.eldiario.net\\\/portal\\\/\",\"name\":\"El Diario - Decano de la prensa nacional\",\"description\":\"El Diario - Decano de la prensa nacional\",\"publisher\":{\"@id\":\"https:\\\/\\\/www.eldiario.net\\\/portal\\\/#organization\"},\"potentialAction\":[{\"@type\":\"SearchAction\",\"target\":{\"@type\":\"EntryPoint\",\"urlTemplate\":\"https:\\\/\\\/www.eldiario.net\\\/portal\\\/?s={search_term_string}\"},\"query-input\":{\"@type\":\"PropertyValueSpecification\",\"valueRequired\":true,\"valueName\":\"search_term_string\"}}],\"inLanguage\":\"es\"},{\"@type\":\"Organization\",\"@id\":\"https:\\\/\\\/www.eldiario.net\\\/portal\\\/#organization\",\"name\":\"El Diario - Decano de la prensa nacional\",\"url\":\"https:\\\/\\\/www.eldiario.net\\\/portal\\\/\",\"logo\":{\"@type\":\"ImageObject\",\"inLanguage\":\"es\",\"@id\":\"https:\\\/\\\/www.eldiario.net\\\/portal\\\/#\\\/schema\\\/logo\\\/image\\\/\",\"url\":\"https:\\\/\\\/www.eldiario.net\\\/portal\\\/wp-content\\\/uploads\\\/2023\\\/07\\\/logo_ED.jpg\",\"contentUrl\":\"https:\\\/\\\/www.eldiario.net\\\/portal\\\/wp-content\\\/uploads\\\/2023\\\/07\\\/logo_ED.jpg\",\"width\":272,\"height\":52,\"caption\":\"El Diario - Decano de la prensa nacional\"},\"image\":{\"@id\":\"https:\\\/\\\/www.eldiario.net\\\/portal\\\/#\\\/schema\\\/logo\\\/image\\\/\"},\"sameAs\":[\"https:\\\/\\\/www.facebook.com\\\/eldiario.bolivia\\\/\",\"https:\\\/\\\/x.com\\\/eldiario_net\"]},{\"@type\":\"Person\",\"@id\":\"https:\\\/\\\/www.eldiario.net\\\/portal\\\/#\\\/schema\\\/person\\\/f46445640444750d7d753ccd04ae01b7\",\"name\":\"Jeanette\",\"image\":{\"@type\":\"ImageObject\",\"inLanguage\":\"es\",\"@id\":\"https:\\\/\\\/secure.gravatar.com\\\/avatar\\\/3ea2118a5f7dad2b7138b1187a6b7ee55f160b9968b66013c3a3ef39dd7e5798?s=96&d=mm&r=g\",\"url\":\"https:\\\/\\\/secure.gravatar.com\\\/avatar\\\/3ea2118a5f7dad2b7138b1187a6b7ee55f160b9968b66013c3a3ef39dd7e5798?s=96&d=mm&r=g\",\"contentUrl\":\"https:\\\/\\\/secure.gravatar.com\\\/avatar\\\/3ea2118a5f7dad2b7138b1187a6b7ee55f160b9968b66013c3a3ef39dd7e5798?s=96&d=mm&r=g\",\"caption\":\"Jeanette\"},\"sameAs\":[\"https:\\\/\\\/www.eldiario.net\\\/portal\"],\"url\":\"https:\\\/\\\/www.eldiario.net\\\/portal\\\/author\\\/jeanette\\\/\"}]}<\/script>\n<!-- \/ Yoast SEO plugin. -->","yoast_head_json":{"title":"Iglesia insta a priorizar di\u00e1logo y no perjudicar a la poblaci\u00f3n - El Diario - Bolivia","robots":{"index":"index","follow":"follow","max-snippet":"max-snippet:-1","max-image-preview":"max-image-preview:large","max-video-preview":"max-video-preview:-1"},"canonical":"https:\/\/www.eldiario.net\/portal\/2026\/05\/04\/iglesia-insta-a-priorizar-dialogo-y-no-perjudicar-a-la-poblacion\/","og_locale":"es_ES","og_type":"article","og_title":"Iglesia insta a priorizar di\u00e1logo y no perjudicar a la poblaci\u00f3n - El Diario - Bolivia","og_description":"Ante el inicio de una semana en la que se esperan medidas de presi\u00f3n y amenazas de mayor conflictividad, autoridades de la Iglesia Cat\u00f3lica en Bolivia exhortaron al di\u00e1logo y cuestionaron las medidas de presi\u00f3n, como el paro indefinido anunciado en el pa\u00eds, al considerar que este tipo de manifestaciones no contribuyen a la soluci\u00f3n [&hellip;]","og_url":"https:\/\/www.eldiario.net\/portal\/2026\/05\/04\/iglesia-insta-a-priorizar-dialogo-y-no-perjudicar-a-la-poblacion\/","og_site_name":"El Diario - Bolivia","article_publisher":"https:\/\/www.facebook.com\/eldiario.bolivia\/","article_published_time":"2026-05-04T09:48:49+00:00","og_image":[{"width":1280,"height":853,"url":"https:\/\/www.eldiario.net\/portal\/wp-content\/uploads\/2026\/05\/Galvan-rrss-10-cm-x-7.webp","type":"image\/webp"}],"author":"Jeanette","twitter_card":"summary_large_image","twitter_creator":"@eldiario_net","twitter_site":"@eldiario_net","twitter_misc":{"Escrito por":"Jeanette","Tiempo de lectura":"2 minutos"},"schema":{"@context":"https:\/\/schema.org","@graph":[{"@type":"Article","@id":"https:\/\/www.eldiario.net\/portal\/2026\/05\/04\/iglesia-insta-a-priorizar-dialogo-y-no-perjudicar-a-la-poblacion\/#article","isPartOf":{"@id":"https:\/\/www.eldiario.net\/portal\/2026\/05\/04\/iglesia-insta-a-priorizar-dialogo-y-no-perjudicar-a-la-poblacion\/"},"author":{"name":"Jeanette","@id":"https:\/\/www.eldiario.net\/portal\/#\/schema\/person\/f46445640444750d7d753ccd04ae01b7"},"headline":"Iglesia insta a priorizar di\u00e1logo y no perjudicar a la poblaci\u00f3n","datePublished":"2026-05-04T09:48:49+00:00","mainEntityOfPage":{"@id":"https:\/\/www.eldiario.net\/portal\/2026\/05\/04\/iglesia-insta-a-priorizar-dialogo-y-no-perjudicar-a-la-poblacion\/"},"wordCount":375,"publisher":{"@id":"https:\/\/www.eldiario.net\/portal\/#organization"},"image":{"@id":"https:\/\/www.eldiario.net\/portal\/2026\/05\/04\/iglesia-insta-a-priorizar-dialogo-y-no-perjudicar-a-la-poblacion\/#primaryimage"},"thumbnailUrl":"https:\/\/www.eldiario.net\/portal\/wp-content\/uploads\/2026\/05\/Galvan-rrss-10-cm-x-7.webp","articleSection":["Portada"],"inLanguage":"es"},{"@type":"WebPage","@id":"https:\/\/www.eldiario.net\/portal\/2026\/05\/04\/iglesia-insta-a-priorizar-dialogo-y-no-perjudicar-a-la-poblacion\/","url":"https:\/\/www.eldiario.net\/portal\/2026\/05\/04\/iglesia-insta-a-priorizar-dialogo-y-no-perjudicar-a-la-poblacion\/","name":"Iglesia insta a priorizar di\u00e1logo y no perjudicar a la poblaci\u00f3n - El Diario - Bolivia","isPartOf":{"@id":"https:\/\/www.eldiario.net\/portal\/#website"},"primaryImageOfPage":{"@id":"https:\/\/www.eldiario.net\/portal\/2026\/05\/04\/iglesia-insta-a-priorizar-dialogo-y-no-perjudicar-a-la-poblacion\/#primaryimage"},"image":{"@id":"https:\/\/www.eldiario.net\/portal\/2026\/05\/04\/iglesia-insta-a-priorizar-dialogo-y-no-perjudicar-a-la-poblacion\/#primaryimage"},"thumbnailUrl":"https:\/\/www.eldiario.net\/portal\/wp-content\/uploads\/2026\/05\/Galvan-rrss-10-cm-x-7.webp","datePublished":"2026-05-04T09:48:49+00:00","breadcrumb":{"@id":"https:\/\/www.eldiario.net\/portal\/2026\/05\/04\/iglesia-insta-a-priorizar-dialogo-y-no-perjudicar-a-la-poblacion\/#breadcrumb"},"inLanguage":"es","potentialAction":[{"@type":"ReadAction","target":["https:\/\/www.eldiario.net\/portal\/2026\/05\/04\/iglesia-insta-a-priorizar-dialogo-y-no-perjudicar-a-la-poblacion\/"]}]},{"@type":"ImageObject","inLanguage":"es","@id":"https:\/\/www.eldiario.net\/portal\/2026\/05\/04\/iglesia-insta-a-priorizar-dialogo-y-no-perjudicar-a-la-poblacion\/#primaryimage","url":"https:\/\/www.eldiario.net\/portal\/wp-content\/uploads\/2026\/05\/Galvan-rrss-10-cm-x-7.webp","contentUrl":"https:\/\/www.eldiario.net\/portal\/wp-content\/uploads\/2026\/05\/Galvan-rrss-10-cm-x-7.webp","width":1280,"height":853,"caption":"Percy Galv\u00e1n, arzobispo de la Arquidi\u00f3cesis de La Paz."},{"@type":"BreadcrumbList","@id":"https:\/\/www.eldiario.net\/portal\/2026\/05\/04\/iglesia-insta-a-priorizar-dialogo-y-no-perjudicar-a-la-poblacion\/#breadcrumb","itemListElement":[{"@type":"ListItem","position":1,"name":"Portada","item":"https:\/\/www.eldiario.net\/portal\/"},{"@type":"ListItem","position":2,"name":"Iglesia insta a priorizar di\u00e1logo y no perjudicar a la poblaci\u00f3n"}]},{"@type":"WebSite","@id":"https:\/\/www.eldiario.net\/portal\/#website","url":"https:\/\/www.eldiario.net\/portal\/","name":"El Diario - Decano de la prensa nacional","description":"El Diario - Decano de la prensa nacional","publisher":{"@id":"https:\/\/www.eldiario.net\/portal\/#organization"},"potentialAction":[{"@type":"SearchAction","target":{"@type":"EntryPoint","urlTemplate":"https:\/\/www.eldiario.net\/portal\/?s={search_term_string}"},"query-input":{"@type":"PropertyValueSpecification","valueRequired":true,"valueName":"search_term_string"}}],"inLanguage":"es"},{"@type":"Organization","@id":"https:\/\/www.eldiario.net\/portal\/#organization","name":"El Diario - Decano de la prensa nacional","url":"https:\/\/www.eldiario.net\/portal\/","logo":{"@type":"ImageObject","inLanguage":"es","@id":"https:\/\/www.eldiario.net\/portal\/#\/schema\/logo\/image\/","url":"https:\/\/www.eldiario.net\/portal\/wp-content\/uploads\/2023\/07\/logo_ED.jpg","contentUrl":"https:\/\/www.eldiario.net\/portal\/wp-content\/uploads\/2023\/07\/logo_ED.jpg","width":272,"height":52,"caption":"El Diario - Decano de la prensa nacional"},"image":{"@id":"https:\/\/www.eldiario.net\/portal\/#\/schema\/logo\/image\/"},"sameAs":["https:\/\/www.facebook.com\/eldiario.bolivia\/","https:\/\/x.com\/eldiario_net"]},{"@type":"Person","@id":"https:\/\/www.eldiario.net\/portal\/#\/schema\/person\/f46445640444750d7d753ccd04ae01b7","name":"Jeanette","image":{"@type":"ImageObject","inLanguage":"es","@id":"https:\/\/secure.gravatar.com\/avatar\/3ea2118a5f7dad2b7138b1187a6b7ee55f160b9968b66013c3a3ef39dd7e5798?s=96&d=mm&r=g","url":"https:\/\/secure.gravatar.com\/avatar\/3ea2118a5f7dad2b7138b1187a6b7ee55f160b9968b66013c3a3ef39dd7e5798?s=96&d=mm&r=g","contentUrl":"https:\/\/secure.gravatar.com\/avatar\/3ea2118a5f7dad2b7138b1187a6b7ee55f160b9968b66013c3a3ef39dd7e5798?s=96&d=mm&r=g","caption":"Jeanette"},"sameAs":["https:\/\/www.eldiario.net\/portal"],"url":"https:\/\/www.eldiario.net\/portal\/author\/jeanette\/"}]}},"_links":{"self":[{"href":"https:\/\/www.eldiario.net\/portal\/wp-json\/wp\/v2\/posts\/390810","targetHints":{"allow":["GET"]}}],"collection":[{"href":"https:\/\/www.eldiario.net\/portal\/wp-json\/wp\/v2\/posts"}],"about":[{"href":"https:\/\/www.eldiario.net\/portal\/wp-json\/wp\/v2\/types\/post"}],"author":[{"embeddable":true,"href":"https:\/\/www.eldiario.net\/portal\/wp-json\/wp\/v2\/users\/1"}],"replies":[{"embeddable":true,"href":"https:\/\/www.eldiario.net\/portal\/wp-json\/wp\/v2\/comments?post=390810"}],"version-history":[{"count":1,"href":"https:\/\/www.eldiario.net\/portal\/wp-json\/wp\/v2\/posts\/390810\/revisions"}],"predecessor-version":[{"id":390812,"href":"https:\/\/www.eldiario.net\/portal\/wp-json\/wp\/v2\/posts\/390810\/revisions\/390812"}],"wp:featuredmedia":[{"embeddable":true,"href":"https:\/\/www.eldiario.net\/portal\/wp-json\/wp\/v2\/media\/390811"}],"wp:attachment":[{"href":"https:\/\/www.eldiario.net\/portal\/wp-json\/wp\/v2\/media?parent=390810"}],"wp:term":[{"taxonomy":"category","embeddable":true,"href":"https:\/\/www.eldiario.net\/portal\/wp-json\/wp\/v2\/categories?post=390810"},{"taxonomy":"post_tag","embeddable":true,"href":"https:\/\/www.eldiario.net\/portal\/wp-json\/wp\/v2\/tags?post=390810"}],"curies":[{"name":"wp","href":"https:\/\/api.w.org\/{rel}","templated":true}]}}