{"id":390807,"date":"2026-05-04T05:47:44","date_gmt":"2026-05-04T09:47:44","guid":{"rendered":"https:\/\/www.eldiario.net\/portal\/?p=390807"},"modified":"2026-05-04T05:47:44","modified_gmt":"2026-05-04T09:47:44","slug":"la-paz-santa-cruz-y-cochabamba-concentran-la-mayor-presion-social","status":"publish","type":"post","link":"https:\/\/www.eldiario.net\/portal\/2026\/05\/04\/la-paz-santa-cruz-y-cochabamba-concentran-la-mayor-presion-social\/","title":{"rendered":"La Paz, Santa Cruz y Cochabamba  concentran la mayor presi\u00f3n social"},"content":{"rendered":"<p class=\"v1MsoNormal\">Seg\u00fan un informe de monitoreo y alerta temprana de la Defensor\u00eda del Pueblo, los departamentos que concentran la mayor cantidad de conflictividad social son La Paz con 47 casos, seguido por Santa Cruz (28) y Cochabamba (19), adem\u00e1s se evidencia una expansi\u00f3n territorial de los conflictos, hacia ciudades intermedias y zonas rurales.<\/p>\n<p class=\"v1MsoNormal\">El Sistema Inteligente de Monitoreo, An\u00e1lisis y Alerta Temprana (SIMAT) de la Defensor\u00eda del pueblo report\u00f3 que, durante el primer trimestre de la gesti\u00f3n 2026, se registr\u00f3 un total de 176 eventos de conflictividad, de los cuales 157 corresponden a conflictos activos y 19 a anuncios de conflicto.<\/p>\n<p class=\"v1MsoNormal\">De los 157 conflictos identificados, el Defensor del Pueblo, a trav\u00e9s de su Unidad de Prevenci\u00f3n y Transformaci\u00f3n de Conflictos realiz\u00f3 intervenciones en 119 hechos, promoviendo\u00a0el di\u00e1logo y la b\u00fasqueda de soluciones entre partes.<\/p>\n<p class=\"v1MsoNormal\">El informe tambi\u00e9n estableci\u00f3 que, durante el primer cuatrimestre de la presente gesti\u00f3n, la conflictividad social en Bolivia estuvo marcada por tres conflictos que, tras un periodo de demandas insatisfechas, derivaron en escenarios de escalamiento con impactos en el orden p\u00fablico y en el ejercicio de los derechos humanos.<\/p>\n<p class=\"v1MsoNormal\">El primero se origin\u00f3 con la promulgaci\u00f3n del Decreto Supremo 5503, que establece medidas excepcionales destinadas a restablecer la estabilidad macroecon\u00f3mica y garantizar el abastecimiento de combustible y energ\u00eda.<\/p>\n<p class=\"v1MsoNormal\">Otro conflicto surgi\u00f3 tras la alerta sobre la falta presupuesto en el Hospital de la Mujer de La Paz, denunciada por trabajadores y m\u00e9dicos del nosocomio El conflicto escal\u00f3 a movilizaciones y a un paro de brazos ca\u00eddos, generando afectaciones al derecho a la salud.<\/p>\n<p class=\"v1MsoNormal\">Finalmente, el tercero, surgi\u00f3 el 8 de abril con la marcha de trabajadores campesinos de Pando hacia La Paz en demanda a la atenci\u00f3n de dotaci\u00f3n de tierras y relacionadas al Proyecto de Ley 157 (hoy Ley 1720), de conversi\u00f3n de la propiedad agraria.<\/p>\n<p class=\"v1MsoNormal\">\n","protected":false},"excerpt":{"rendered":"<p>Seg\u00fan un informe de monitoreo y alerta temprana de la Defensor\u00eda del Pueblo, los departamentos que concentran la mayor cantidad de conflictividad social son La Paz con 47 casos, seguido por Santa Cruz (28) y Cochabamba (19), adem\u00e1s se evidencia una expansi\u00f3n territorial de los conflictos, hacia ciudades intermedias y zonas rurales. El Sistema Inteligente [&hellip;]<\/p>\n","protected":false},"author":1,"featured_media":390808,"comment_status":"closed","ping_status":"open","sticky":false,"template":"","format":"standard","meta":{"_acf_changed":false,"footnotes":""},"categories":[15],"tags":[],"class_list":["post-390807","post","type-post","status-publish","format-standard","has-post-thumbnail","category-portada"],"acf":{"antetitulo":"Informe defensorial"},"yoast_head":"<!-- This site is optimized with the Yoast SEO plugin v28.4 - https:\/\/yoast.com\/product\/yoast-seo-wordpress\/ -->\n<title>La Paz, Santa Cruz y Cochabamba concentran la mayor presi\u00f3n social - El Diario - Bolivia<\/title>\n<meta name=\"robots\" content=\"index, follow, max-snippet:-1, max-image-preview:large, max-video-preview:-1\" \/>\n<link rel=\"canonical\" href=\"https:\/\/www.eldiario.net\/portal\/2026\/05\/04\/la-paz-santa-cruz-y-cochabamba-concentran-la-mayor-presion-social\/\" \/>\n<meta property=\"og:locale\" content=\"es_ES\" \/>\n<meta property=\"og:type\" content=\"article\" \/>\n<meta property=\"og:title\" content=\"La Paz, Santa Cruz y Cochabamba concentran la mayor presi\u00f3n social - El Diario - Bolivia\" \/>\n<meta property=\"og:description\" content=\"Seg\u00fan un informe de monitoreo y alerta temprana de la Defensor\u00eda del Pueblo, los departamentos que concentran la mayor cantidad de conflictividad social son La Paz con 47 casos, seguido por Santa Cruz (28) y Cochabamba (19), adem\u00e1s se evidencia una expansi\u00f3n territorial de los conflictos, hacia ciudades intermedias y zonas rurales. El Sistema Inteligente [&hellip;]\" \/>\n<meta property=\"og:url\" content=\"https:\/\/www.eldiario.net\/portal\/2026\/05\/04\/la-paz-santa-cruz-y-cochabamba-concentran-la-mayor-presion-social\/\" \/>\n<meta property=\"og:site_name\" content=\"El Diario - Bolivia\" \/>\n<meta property=\"article:publisher\" content=\"https:\/\/www.facebook.com\/eldiario.bolivia\/\" \/>\n<meta property=\"article:published_time\" content=\"2026-05-04T09:47:44+00:00\" \/>\n<meta property=\"og:image\" content=\"https:\/\/www.eldiario.net\/portal\/wp-content\/uploads\/2026\/05\/Conflitos-Defensoria.webp\" \/>\n\t<meta property=\"og:image:width\" content=\"1200\" \/>\n\t<meta property=\"og:image:height\" content=\"675\" \/>\n\t<meta property=\"og:image:type\" content=\"image\/webp\" \/>\n<meta name=\"author\" content=\"Jeanette\" \/>\n<meta name=\"twitter:card\" content=\"summary_large_image\" \/>\n<meta name=\"twitter:creator\" content=\"@eldiario_net\" \/>\n<meta name=\"twitter:site\" content=\"@eldiario_net\" \/>\n<meta name=\"twitter:label1\" content=\"Escrito por\" \/>\n\t<meta name=\"twitter:data1\" content=\"Jeanette\" \/>\n\t<meta name=\"twitter:label2\" content=\"Tiempo de lectura\" \/>\n\t<meta name=\"twitter:data2\" content=\"2 minutos\" \/>\n<script type=\"application\/ld+json\" class=\"yoast-schema-graph\">{\"@context\":\"https:\\\/\\\/schema.org\",\"@graph\":[{\"@type\":\"Article\",\"@id\":\"https:\\\/\\\/www.eldiario.net\\\/portal\\\/2026\\\/05\\\/04\\\/la-paz-santa-cruz-y-cochabamba-concentran-la-mayor-presion-social\\\/#article\",\"isPartOf\":{\"@id\":\"https:\\\/\\\/www.eldiario.net\\\/portal\\\/2026\\\/05\\\/04\\\/la-paz-santa-cruz-y-cochabamba-concentran-la-mayor-presion-social\\\/\"},\"author\":{\"name\":\"Jeanette\",\"@id\":\"https:\\\/\\\/www.eldiario.net\\\/portal\\\/#\\\/schema\\\/person\\\/f46445640444750d7d753ccd04ae01b7\"},\"headline\":\"La Paz, Santa Cruz y Cochabamba concentran la mayor presi\u00f3n social\",\"datePublished\":\"2026-05-04T09:47:44+00:00\",\"mainEntityOfPage\":{\"@id\":\"https:\\\/\\\/www.eldiario.net\\\/portal\\\/2026\\\/05\\\/04\\\/la-paz-santa-cruz-y-cochabamba-concentran-la-mayor-presion-social\\\/\"},\"wordCount\":324,\"publisher\":{\"@id\":\"https:\\\/\\\/www.eldiario.net\\\/portal\\\/#organization\"},\"image\":{\"@id\":\"https:\\\/\\\/www.eldiario.net\\\/portal\\\/2026\\\/05\\\/04\\\/la-paz-santa-cruz-y-cochabamba-concentran-la-mayor-presion-social\\\/#primaryimage\"},\"thumbnailUrl\":\"https:\\\/\\\/www.eldiario.net\\\/portal\\\/wp-content\\\/uploads\\\/2026\\\/05\\\/Conflitos-Defensoria.webp\",\"articleSection\":[\"Portada\"],\"inLanguage\":\"es\"},{\"@type\":\"WebPage\",\"@id\":\"https:\\\/\\\/www.eldiario.net\\\/portal\\\/2026\\\/05\\\/04\\\/la-paz-santa-cruz-y-cochabamba-concentran-la-mayor-presion-social\\\/\",\"url\":\"https:\\\/\\\/www.eldiario.net\\\/portal\\\/2026\\\/05\\\/04\\\/la-paz-santa-cruz-y-cochabamba-concentran-la-mayor-presion-social\\\/\",\"name\":\"La Paz, Santa Cruz y Cochabamba concentran la mayor presi\u00f3n social - El Diario - Bolivia\",\"isPartOf\":{\"@id\":\"https:\\\/\\\/www.eldiario.net\\\/portal\\\/#website\"},\"primaryImageOfPage\":{\"@id\":\"https:\\\/\\\/www.eldiario.net\\\/portal\\\/2026\\\/05\\\/04\\\/la-paz-santa-cruz-y-cochabamba-concentran-la-mayor-presion-social\\\/#primaryimage\"},\"image\":{\"@id\":\"https:\\\/\\\/www.eldiario.net\\\/portal\\\/2026\\\/05\\\/04\\\/la-paz-santa-cruz-y-cochabamba-concentran-la-mayor-presion-social\\\/#primaryimage\"},\"thumbnailUrl\":\"https:\\\/\\\/www.eldiario.net\\\/portal\\\/wp-content\\\/uploads\\\/2026\\\/05\\\/Conflitos-Defensoria.webp\",\"datePublished\":\"2026-05-04T09:47:44+00:00\",\"breadcrumb\":{\"@id\":\"https:\\\/\\\/www.eldiario.net\\\/portal\\\/2026\\\/05\\\/04\\\/la-paz-santa-cruz-y-cochabamba-concentran-la-mayor-presion-social\\\/#breadcrumb\"},\"inLanguage\":\"es\",\"potentialAction\":[{\"@type\":\"ReadAction\",\"target\":[\"https:\\\/\\\/www.eldiario.net\\\/portal\\\/2026\\\/05\\\/04\\\/la-paz-santa-cruz-y-cochabamba-concentran-la-mayor-presion-social\\\/\"]}]},{\"@type\":\"ImageObject\",\"inLanguage\":\"es\",\"@id\":\"https:\\\/\\\/www.eldiario.net\\\/portal\\\/2026\\\/05\\\/04\\\/la-paz-santa-cruz-y-cochabamba-concentran-la-mayor-presion-social\\\/#primaryimage\",\"url\":\"https:\\\/\\\/www.eldiario.net\\\/portal\\\/wp-content\\\/uploads\\\/2026\\\/05\\\/Conflitos-Defensoria.webp\",\"contentUrl\":\"https:\\\/\\\/www.eldiario.net\\\/portal\\\/wp-content\\\/uploads\\\/2026\\\/05\\\/Conflitos-Defensoria.webp\",\"width\":1200,\"height\":675,\"caption\":\"La Defensor\u00eda del Pueblo registra conflictos en regiones del eje troncal del pa\u00eds. CR\u00c9DITO \\\/ Defensor\u00eda del Pueblo\"},{\"@type\":\"BreadcrumbList\",\"@id\":\"https:\\\/\\\/www.eldiario.net\\\/portal\\\/2026\\\/05\\\/04\\\/la-paz-santa-cruz-y-cochabamba-concentran-la-mayor-presion-social\\\/#breadcrumb\",\"itemListElement\":[{\"@type\":\"ListItem\",\"position\":1,\"name\":\"Portada\",\"item\":\"https:\\\/\\\/www.eldiario.net\\\/portal\\\/\"},{\"@type\":\"ListItem\",\"position\":2,\"name\":\"La Paz, Santa Cruz y Cochabamba concentran la mayor presi\u00f3n social\"}]},{\"@type\":\"WebSite\",\"@id\":\"https:\\\/\\\/www.eldiario.net\\\/portal\\\/#website\",\"url\":\"https:\\\/\\\/www.eldiario.net\\\/portal\\\/\",\"name\":\"El Diario - Decano de la prensa nacional\",\"description\":\"El Diario - Decano de la prensa nacional\",\"publisher\":{\"@id\":\"https:\\\/\\\/www.eldiario.net\\\/portal\\\/#organization\"},\"potentialAction\":[{\"@type\":\"SearchAction\",\"target\":{\"@type\":\"EntryPoint\",\"urlTemplate\":\"https:\\\/\\\/www.eldiario.net\\\/portal\\\/?s={search_term_string}\"},\"query-input\":{\"@type\":\"PropertyValueSpecification\",\"valueRequired\":true,\"valueName\":\"search_term_string\"}}],\"inLanguage\":\"es\"},{\"@type\":\"Organization\",\"@id\":\"https:\\\/\\\/www.eldiario.net\\\/portal\\\/#organization\",\"name\":\"El Diario - Decano de la prensa nacional\",\"url\":\"https:\\\/\\\/www.eldiario.net\\\/portal\\\/\",\"logo\":{\"@type\":\"ImageObject\",\"inLanguage\":\"es\",\"@id\":\"https:\\\/\\\/www.eldiario.net\\\/portal\\\/#\\\/schema\\\/logo\\\/image\\\/\",\"url\":\"https:\\\/\\\/www.eldiario.net\\\/portal\\\/wp-content\\\/uploads\\\/2023\\\/07\\\/logo_ED.jpg\",\"contentUrl\":\"https:\\\/\\\/www.eldiario.net\\\/portal\\\/wp-content\\\/uploads\\\/2023\\\/07\\\/logo_ED.jpg\",\"width\":272,\"height\":52,\"caption\":\"El Diario - Decano de la prensa nacional\"},\"image\":{\"@id\":\"https:\\\/\\\/www.eldiario.net\\\/portal\\\/#\\\/schema\\\/logo\\\/image\\\/\"},\"sameAs\":[\"https:\\\/\\\/www.facebook.com\\\/eldiario.bolivia\\\/\",\"https:\\\/\\\/x.com\\\/eldiario_net\"]},{\"@type\":\"Person\",\"@id\":\"https:\\\/\\\/www.eldiario.net\\\/portal\\\/#\\\/schema\\\/person\\\/f46445640444750d7d753ccd04ae01b7\",\"name\":\"Jeanette\",\"image\":{\"@type\":\"ImageObject\",\"inLanguage\":\"es\",\"@id\":\"https:\\\/\\\/secure.gravatar.com\\\/avatar\\\/3ea2118a5f7dad2b7138b1187a6b7ee55f160b9968b66013c3a3ef39dd7e5798?s=96&d=mm&r=g\",\"url\":\"https:\\\/\\\/secure.gravatar.com\\\/avatar\\\/3ea2118a5f7dad2b7138b1187a6b7ee55f160b9968b66013c3a3ef39dd7e5798?s=96&d=mm&r=g\",\"contentUrl\":\"https:\\\/\\\/secure.gravatar.com\\\/avatar\\\/3ea2118a5f7dad2b7138b1187a6b7ee55f160b9968b66013c3a3ef39dd7e5798?s=96&d=mm&r=g\",\"caption\":\"Jeanette\"},\"sameAs\":[\"https:\\\/\\\/www.eldiario.net\\\/portal\"],\"url\":\"https:\\\/\\\/www.eldiario.net\\\/portal\\\/author\\\/jeanette\\\/\"}]}<\/script>\n<!-- \/ Yoast SEO plugin. -->","yoast_head_json":{"title":"La Paz, Santa Cruz y Cochabamba concentran la mayor presi\u00f3n social - El Diario - Bolivia","robots":{"index":"index","follow":"follow","max-snippet":"max-snippet:-1","max-image-preview":"max-image-preview:large","max-video-preview":"max-video-preview:-1"},"canonical":"https:\/\/www.eldiario.net\/portal\/2026\/05\/04\/la-paz-santa-cruz-y-cochabamba-concentran-la-mayor-presion-social\/","og_locale":"es_ES","og_type":"article","og_title":"La Paz, Santa Cruz y Cochabamba concentran la mayor presi\u00f3n social - El Diario - Bolivia","og_description":"Seg\u00fan un informe de monitoreo y alerta temprana de la Defensor\u00eda del Pueblo, los departamentos que concentran la mayor cantidad de conflictividad social son La Paz con 47 casos, seguido por Santa Cruz (28) y Cochabamba (19), adem\u00e1s se evidencia una expansi\u00f3n territorial de los conflictos, hacia ciudades intermedias y zonas rurales. El Sistema Inteligente [&hellip;]","og_url":"https:\/\/www.eldiario.net\/portal\/2026\/05\/04\/la-paz-santa-cruz-y-cochabamba-concentran-la-mayor-presion-social\/","og_site_name":"El Diario - Bolivia","article_publisher":"https:\/\/www.facebook.com\/eldiario.bolivia\/","article_published_time":"2026-05-04T09:47:44+00:00","og_image":[{"width":1200,"height":675,"url":"https:\/\/www.eldiario.net\/portal\/wp-content\/uploads\/2026\/05\/Conflitos-Defensoria.webp","type":"image\/webp"}],"author":"Jeanette","twitter_card":"summary_large_image","twitter_creator":"@eldiario_net","twitter_site":"@eldiario_net","twitter_misc":{"Escrito por":"Jeanette","Tiempo de lectura":"2 minutos"},"schema":{"@context":"https:\/\/schema.org","@graph":[{"@type":"Article","@id":"https:\/\/www.eldiario.net\/portal\/2026\/05\/04\/la-paz-santa-cruz-y-cochabamba-concentran-la-mayor-presion-social\/#article","isPartOf":{"@id":"https:\/\/www.eldiario.net\/portal\/2026\/05\/04\/la-paz-santa-cruz-y-cochabamba-concentran-la-mayor-presion-social\/"},"author":{"name":"Jeanette","@id":"https:\/\/www.eldiario.net\/portal\/#\/schema\/person\/f46445640444750d7d753ccd04ae01b7"},"headline":"La Paz, Santa Cruz y Cochabamba concentran la mayor presi\u00f3n social","datePublished":"2026-05-04T09:47:44+00:00","mainEntityOfPage":{"@id":"https:\/\/www.eldiario.net\/portal\/2026\/05\/04\/la-paz-santa-cruz-y-cochabamba-concentran-la-mayor-presion-social\/"},"wordCount":324,"publisher":{"@id":"https:\/\/www.eldiario.net\/portal\/#organization"},"image":{"@id":"https:\/\/www.eldiario.net\/portal\/2026\/05\/04\/la-paz-santa-cruz-y-cochabamba-concentran-la-mayor-presion-social\/#primaryimage"},"thumbnailUrl":"https:\/\/www.eldiario.net\/portal\/wp-content\/uploads\/2026\/05\/Conflitos-Defensoria.webp","articleSection":["Portada"],"inLanguage":"es"},{"@type":"WebPage","@id":"https:\/\/www.eldiario.net\/portal\/2026\/05\/04\/la-paz-santa-cruz-y-cochabamba-concentran-la-mayor-presion-social\/","url":"https:\/\/www.eldiario.net\/portal\/2026\/05\/04\/la-paz-santa-cruz-y-cochabamba-concentran-la-mayor-presion-social\/","name":"La Paz, Santa Cruz y Cochabamba concentran la mayor presi\u00f3n social - El Diario - Bolivia","isPartOf":{"@id":"https:\/\/www.eldiario.net\/portal\/#website"},"primaryImageOfPage":{"@id":"https:\/\/www.eldiario.net\/portal\/2026\/05\/04\/la-paz-santa-cruz-y-cochabamba-concentran-la-mayor-presion-social\/#primaryimage"},"image":{"@id":"https:\/\/www.eldiario.net\/portal\/2026\/05\/04\/la-paz-santa-cruz-y-cochabamba-concentran-la-mayor-presion-social\/#primaryimage"},"thumbnailUrl":"https:\/\/www.eldiario.net\/portal\/wp-content\/uploads\/2026\/05\/Conflitos-Defensoria.webp","datePublished":"2026-05-04T09:47:44+00:00","breadcrumb":{"@id":"https:\/\/www.eldiario.net\/portal\/2026\/05\/04\/la-paz-santa-cruz-y-cochabamba-concentran-la-mayor-presion-social\/#breadcrumb"},"inLanguage":"es","potentialAction":[{"@type":"ReadAction","target":["https:\/\/www.eldiario.net\/portal\/2026\/05\/04\/la-paz-santa-cruz-y-cochabamba-concentran-la-mayor-presion-social\/"]}]},{"@type":"ImageObject","inLanguage":"es","@id":"https:\/\/www.eldiario.net\/portal\/2026\/05\/04\/la-paz-santa-cruz-y-cochabamba-concentran-la-mayor-presion-social\/#primaryimage","url":"https:\/\/www.eldiario.net\/portal\/wp-content\/uploads\/2026\/05\/Conflitos-Defensoria.webp","contentUrl":"https:\/\/www.eldiario.net\/portal\/wp-content\/uploads\/2026\/05\/Conflitos-Defensoria.webp","width":1200,"height":675,"caption":"La Defensor\u00eda del Pueblo registra conflictos en regiones del eje troncal del pa\u00eds. CR\u00c9DITO \/ Defensor\u00eda del Pueblo"},{"@type":"BreadcrumbList","@id":"https:\/\/www.eldiario.net\/portal\/2026\/05\/04\/la-paz-santa-cruz-y-cochabamba-concentran-la-mayor-presion-social\/#breadcrumb","itemListElement":[{"@type":"ListItem","position":1,"name":"Portada","item":"https:\/\/www.eldiario.net\/portal\/"},{"@type":"ListItem","position":2,"name":"La Paz, Santa Cruz y Cochabamba concentran la mayor presi\u00f3n social"}]},{"@type":"WebSite","@id":"https:\/\/www.eldiario.net\/portal\/#website","url":"https:\/\/www.eldiario.net\/portal\/","name":"El Diario - Decano de la prensa nacional","description":"El Diario - Decano de la prensa nacional","publisher":{"@id":"https:\/\/www.eldiario.net\/portal\/#organization"},"potentialAction":[{"@type":"SearchAction","target":{"@type":"EntryPoint","urlTemplate":"https:\/\/www.eldiario.net\/portal\/?s={search_term_string}"},"query-input":{"@type":"PropertyValueSpecification","valueRequired":true,"valueName":"search_term_string"}}],"inLanguage":"es"},{"@type":"Organization","@id":"https:\/\/www.eldiario.net\/portal\/#organization","name":"El Diario - Decano de la prensa nacional","url":"https:\/\/www.eldiario.net\/portal\/","logo":{"@type":"ImageObject","inLanguage":"es","@id":"https:\/\/www.eldiario.net\/portal\/#\/schema\/logo\/image\/","url":"https:\/\/www.eldiario.net\/portal\/wp-content\/uploads\/2023\/07\/logo_ED.jpg","contentUrl":"https:\/\/www.eldiario.net\/portal\/wp-content\/uploads\/2023\/07\/logo_ED.jpg","width":272,"height":52,"caption":"El Diario - Decano de la prensa nacional"},"image":{"@id":"https:\/\/www.eldiario.net\/portal\/#\/schema\/logo\/image\/"},"sameAs":["https:\/\/www.facebook.com\/eldiario.bolivia\/","https:\/\/x.com\/eldiario_net"]},{"@type":"Person","@id":"https:\/\/www.eldiario.net\/portal\/#\/schema\/person\/f46445640444750d7d753ccd04ae01b7","name":"Jeanette","image":{"@type":"ImageObject","inLanguage":"es","@id":"https:\/\/secure.gravatar.com\/avatar\/3ea2118a5f7dad2b7138b1187a6b7ee55f160b9968b66013c3a3ef39dd7e5798?s=96&d=mm&r=g","url":"https:\/\/secure.gravatar.com\/avatar\/3ea2118a5f7dad2b7138b1187a6b7ee55f160b9968b66013c3a3ef39dd7e5798?s=96&d=mm&r=g","contentUrl":"https:\/\/secure.gravatar.com\/avatar\/3ea2118a5f7dad2b7138b1187a6b7ee55f160b9968b66013c3a3ef39dd7e5798?s=96&d=mm&r=g","caption":"Jeanette"},"sameAs":["https:\/\/www.eldiario.net\/portal"],"url":"https:\/\/www.eldiario.net\/portal\/author\/jeanette\/"}]}},"_links":{"self":[{"href":"https:\/\/www.eldiario.net\/portal\/wp-json\/wp\/v2\/posts\/390807","targetHints":{"allow":["GET"]}}],"collection":[{"href":"https:\/\/www.eldiario.net\/portal\/wp-json\/wp\/v2\/posts"}],"about":[{"href":"https:\/\/www.eldiario.net\/portal\/wp-json\/wp\/v2\/types\/post"}],"author":[{"embeddable":true,"href":"https:\/\/www.eldiario.net\/portal\/wp-json\/wp\/v2\/users\/1"}],"replies":[{"embeddable":true,"href":"https:\/\/www.eldiario.net\/portal\/wp-json\/wp\/v2\/comments?post=390807"}],"version-history":[{"count":1,"href":"https:\/\/www.eldiario.net\/portal\/wp-json\/wp\/v2\/posts\/390807\/revisions"}],"predecessor-version":[{"id":390809,"href":"https:\/\/www.eldiario.net\/portal\/wp-json\/wp\/v2\/posts\/390807\/revisions\/390809"}],"wp:featuredmedia":[{"embeddable":true,"href":"https:\/\/www.eldiario.net\/portal\/wp-json\/wp\/v2\/media\/390808"}],"wp:attachment":[{"href":"https:\/\/www.eldiario.net\/portal\/wp-json\/wp\/v2\/media?parent=390807"}],"wp:term":[{"taxonomy":"category","embeddable":true,"href":"https:\/\/www.eldiario.net\/portal\/wp-json\/wp\/v2\/categories?post=390807"},{"taxonomy":"post_tag","embeddable":true,"href":"https:\/\/www.eldiario.net\/portal\/wp-json\/wp\/v2\/tags?post=390807"}],"curies":[{"name":"wp","href":"https:\/\/api.w.org\/{rel}","templated":true}]}}