{"id":390801,"date":"2026-05-04T05:45:40","date_gmt":"2026-05-04T09:45:40","guid":{"rendered":"https:\/\/www.eldiario.net\/portal\/?p=390801"},"modified":"2026-05-04T05:45:40","modified_gmt":"2026-05-04T09:45:40","slug":"dictan-detencion-preventiva-para-piloto-y-domiciliaria-para-copiloto","status":"publish","type":"post","link":"https:\/\/www.eldiario.net\/portal\/2026\/05\/04\/dictan-detencion-preventiva-para-piloto-y-domiciliaria-para-copiloto\/","title":{"rendered":"Dictan detenci\u00f3n preventiva para  piloto y domiciliaria para copiloto"},"content":{"rendered":"<p class=\"v1MsoNormal\">La justicia determin\u00f3 dictar detenci\u00f3n preventiva y domiciliaria para los dos pilotos de la Fuerza A\u00e9rea Boliviana (FAB) involucrados en el accidente del avi\u00f3n H\u00e9rcules ocurrido el 27 de febrero de 2026 en la ciudad de El Alto.<\/p>\n<p class=\"v1MsoNormal\">La decisi\u00f3n fue asumida por el Juzgado Primero de Instrucci\u00f3n Penal, Anticorrupci\u00f3n y Contra la Violencia hacia las Mujeres, dentro de la investigaci\u00f3n por los delitos de homicidio y lesiones culposas.<\/p>\n<p class=\"v1MsoNormal\">El fiscal departamental de La Paz, Luis Carlos Torrez, inform\u00f3 que durante la audiencia de medidas cautelares el Ministerio P\u00fablico present\u00f3 suficientes elementos de convicci\u00f3n para sostener la probabilidad de autor\u00eda de James R. E. y Erick R. Z., ambos pilotos de la FAB.<\/p>\n<p class=\"v1MsoNormal\">Como resultado, el juez dispuso seis meses de detenci\u00f3n preventiva para Erick R. Z. en el penal de San Pedro, mientras que James R. E. deber\u00e1 cumplir detenci\u00f3n domiciliaria con medidas restrictivas mientras contin\u00faan las investigaciones.<\/p>\n<p class=\"v1MsoNormal\">El proceso judicial se desarrolla a ra\u00edz del accidente de la aeronave militar registrado durante la maniobra de aproximaci\u00f3n a la terminal a\u00e9rea alte\u00f1a. Seg\u00fan los antecedentes, el impacto se produjo al momento del contacto con la pista, dejando v\u00edctimas fatales y heridos, en uno de los hechos a\u00e9reos m\u00e1s graves ocurridos en Bolivia en los \u00faltimos a\u00f1os.<\/p>\n<p class=\"v1MsoNormal\">Las investigaciones tambi\u00e9n alcanzan al cargamento de billetes de la Serie B que era transportado desde Santa Cruz hacia La Paz. Parte del material monetario result\u00f3 da\u00f1ado tras el siniestro y posteriormente el Banco Central de Bolivia decidi\u00f3 invalidar esa serie de billetes, situaci\u00f3n que deriv\u00f3 en cuestionamientos y problemas en transacciones comerciales y financieras en distintas regiones del pa\u00eds. (Erbol)<\/p>\n<p class=\"v1MsoNormal\">\n","protected":false},"excerpt":{"rendered":"<p>La justicia determin\u00f3 dictar detenci\u00f3n preventiva y domiciliaria para los dos pilotos de la Fuerza A\u00e9rea Boliviana (FAB) involucrados en el accidente del avi\u00f3n H\u00e9rcules ocurrido el 27 de febrero de 2026 en la ciudad de El Alto. La decisi\u00f3n fue asumida por el Juzgado Primero de Instrucci\u00f3n Penal, Anticorrupci\u00f3n y Contra la Violencia hacia [&hellip;]<\/p>\n","protected":false},"author":1,"featured_media":390802,"comment_status":"closed","ping_status":"open","sticky":false,"template":"","format":"standard","meta":{"_acf_changed":false,"footnotes":""},"categories":[15],"tags":[],"class_list":["post-390801","post","type-post","status-publish","format-standard","has-post-thumbnail","category-portada"],"acf":{"antetitulo":"Tras audiencia cautelar"},"yoast_head":"<!-- This site is optimized with the Yoast SEO plugin v28.4 - https:\/\/yoast.com\/product\/yoast-seo-wordpress\/ -->\n<title>Dictan detenci\u00f3n preventiva para piloto y domiciliaria para copiloto - El Diario - Bolivia<\/title>\n<meta name=\"robots\" content=\"index, follow, max-snippet:-1, max-image-preview:large, max-video-preview:-1\" \/>\n<link rel=\"canonical\" href=\"https:\/\/www.eldiario.net\/portal\/2026\/05\/04\/dictan-detencion-preventiva-para-piloto-y-domiciliaria-para-copiloto\/\" \/>\n<meta property=\"og:locale\" content=\"es_ES\" \/>\n<meta property=\"og:type\" content=\"article\" \/>\n<meta property=\"og:title\" content=\"Dictan detenci\u00f3n preventiva para piloto y domiciliaria para copiloto - El Diario - Bolivia\" \/>\n<meta property=\"og:description\" content=\"La justicia determin\u00f3 dictar detenci\u00f3n preventiva y domiciliaria para los dos pilotos de la Fuerza A\u00e9rea Boliviana (FAB) involucrados en el accidente del avi\u00f3n H\u00e9rcules ocurrido el 27 de febrero de 2026 en la ciudad de El Alto. La decisi\u00f3n fue asumida por el Juzgado Primero de Instrucci\u00f3n Penal, Anticorrupci\u00f3n y Contra la Violencia hacia [&hellip;]\" \/>\n<meta property=\"og:url\" content=\"https:\/\/www.eldiario.net\/portal\/2026\/05\/04\/dictan-detencion-preventiva-para-piloto-y-domiciliaria-para-copiloto\/\" \/>\n<meta property=\"og:site_name\" content=\"El Diario - Bolivia\" \/>\n<meta property=\"article:publisher\" content=\"https:\/\/www.facebook.com\/eldiario.bolivia\/\" \/>\n<meta property=\"article:published_time\" content=\"2026-05-04T09:45:40+00:00\" \/>\n<meta property=\"og:image\" content=\"https:\/\/www.eldiario.net\/portal\/wp-content\/uploads\/2026\/05\/Hercules-rrss-10-cm-x-7.webp\" \/>\n\t<meta property=\"og:image:width\" content=\"775\" \/>\n\t<meta property=\"og:image:height\" content=\"411\" \/>\n\t<meta property=\"og:image:type\" content=\"image\/webp\" \/>\n<meta name=\"author\" content=\"Jeanette\" \/>\n<meta name=\"twitter:card\" content=\"summary_large_image\" \/>\n<meta name=\"twitter:creator\" content=\"@eldiario_net\" \/>\n<meta name=\"twitter:site\" content=\"@eldiario_net\" \/>\n<meta name=\"twitter:label1\" content=\"Escrito por\" \/>\n\t<meta name=\"twitter:data1\" content=\"Jeanette\" \/>\n\t<meta name=\"twitter:label2\" content=\"Tiempo de lectura\" \/>\n\t<meta name=\"twitter:data2\" content=\"2 minutos\" \/>\n<script type=\"application\/ld+json\" class=\"yoast-schema-graph\">{\"@context\":\"https:\\\/\\\/schema.org\",\"@graph\":[{\"@type\":\"Article\",\"@id\":\"https:\\\/\\\/www.eldiario.net\\\/portal\\\/2026\\\/05\\\/04\\\/dictan-detencion-preventiva-para-piloto-y-domiciliaria-para-copiloto\\\/#article\",\"isPartOf\":{\"@id\":\"https:\\\/\\\/www.eldiario.net\\\/portal\\\/2026\\\/05\\\/04\\\/dictan-detencion-preventiva-para-piloto-y-domiciliaria-para-copiloto\\\/\"},\"author\":{\"name\":\"Jeanette\",\"@id\":\"https:\\\/\\\/www.eldiario.net\\\/portal\\\/#\\\/schema\\\/person\\\/2c57cf2b7a7ae032e449e4c9b1019eac\"},\"headline\":\"Dictan detenci\u00f3n preventiva para piloto y domiciliaria para copiloto\",\"datePublished\":\"2026-05-04T09:45:40+00:00\",\"mainEntityOfPage\":{\"@id\":\"https:\\\/\\\/www.eldiario.net\\\/portal\\\/2026\\\/05\\\/04\\\/dictan-detencion-preventiva-para-piloto-y-domiciliaria-para-copiloto\\\/\"},\"wordCount\":303,\"publisher\":{\"@id\":\"https:\\\/\\\/www.eldiario.net\\\/portal\\\/#organization\"},\"image\":{\"@id\":\"https:\\\/\\\/www.eldiario.net\\\/portal\\\/2026\\\/05\\\/04\\\/dictan-detencion-preventiva-para-piloto-y-domiciliaria-para-copiloto\\\/#primaryimage\"},\"thumbnailUrl\":\"https:\\\/\\\/www.eldiario.net\\\/portal\\\/wp-content\\\/uploads\\\/2026\\\/05\\\/Hercules-rrss-10-cm-x-7.webp\",\"articleSection\":[\"Portada\"],\"inLanguage\":\"es\"},{\"@type\":\"WebPage\",\"@id\":\"https:\\\/\\\/www.eldiario.net\\\/portal\\\/2026\\\/05\\\/04\\\/dictan-detencion-preventiva-para-piloto-y-domiciliaria-para-copiloto\\\/\",\"url\":\"https:\\\/\\\/www.eldiario.net\\\/portal\\\/2026\\\/05\\\/04\\\/dictan-detencion-preventiva-para-piloto-y-domiciliaria-para-copiloto\\\/\",\"name\":\"Dictan detenci\u00f3n preventiva para piloto y domiciliaria para copiloto - El Diario - Bolivia\",\"isPartOf\":{\"@id\":\"https:\\\/\\\/www.eldiario.net\\\/portal\\\/#website\"},\"primaryImageOfPage\":{\"@id\":\"https:\\\/\\\/www.eldiario.net\\\/portal\\\/2026\\\/05\\\/04\\\/dictan-detencion-preventiva-para-piloto-y-domiciliaria-para-copiloto\\\/#primaryimage\"},\"image\":{\"@id\":\"https:\\\/\\\/www.eldiario.net\\\/portal\\\/2026\\\/05\\\/04\\\/dictan-detencion-preventiva-para-piloto-y-domiciliaria-para-copiloto\\\/#primaryimage\"},\"thumbnailUrl\":\"https:\\\/\\\/www.eldiario.net\\\/portal\\\/wp-content\\\/uploads\\\/2026\\\/05\\\/Hercules-rrss-10-cm-x-7.webp\",\"datePublished\":\"2026-05-04T09:45:40+00:00\",\"breadcrumb\":{\"@id\":\"https:\\\/\\\/www.eldiario.net\\\/portal\\\/2026\\\/05\\\/04\\\/dictan-detencion-preventiva-para-piloto-y-domiciliaria-para-copiloto\\\/#breadcrumb\"},\"inLanguage\":\"es\",\"potentialAction\":[{\"@type\":\"ReadAction\",\"target\":[\"https:\\\/\\\/www.eldiario.net\\\/portal\\\/2026\\\/05\\\/04\\\/dictan-detencion-preventiva-para-piloto-y-domiciliaria-para-copiloto\\\/\"]}]},{\"@type\":\"ImageObject\",\"inLanguage\":\"es\",\"@id\":\"https:\\\/\\\/www.eldiario.net\\\/portal\\\/2026\\\/05\\\/04\\\/dictan-detencion-preventiva-para-piloto-y-domiciliaria-para-copiloto\\\/#primaryimage\",\"url\":\"https:\\\/\\\/www.eldiario.net\\\/portal\\\/wp-content\\\/uploads\\\/2026\\\/05\\\/Hercules-rrss-10-cm-x-7.webp\",\"contentUrl\":\"https:\\\/\\\/www.eldiario.net\\\/portal\\\/wp-content\\\/uploads\\\/2026\\\/05\\\/Hercules-rrss-10-cm-x-7.webp\",\"width\":775,\"height\":411,\"caption\":\"Avi\u00f3n H\u00e9rcules siniestrado en aeropuerto de El Alto\"},{\"@type\":\"BreadcrumbList\",\"@id\":\"https:\\\/\\\/www.eldiario.net\\\/portal\\\/2026\\\/05\\\/04\\\/dictan-detencion-preventiva-para-piloto-y-domiciliaria-para-copiloto\\\/#breadcrumb\",\"itemListElement\":[{\"@type\":\"ListItem\",\"position\":1,\"name\":\"Portada\",\"item\":\"https:\\\/\\\/www.eldiario.net\\\/portal\\\/\"},{\"@type\":\"ListItem\",\"position\":2,\"name\":\"Dictan detenci\u00f3n preventiva para piloto y domiciliaria para copiloto\"}]},{\"@type\":\"WebSite\",\"@id\":\"https:\\\/\\\/www.eldiario.net\\\/portal\\\/#website\",\"url\":\"https:\\\/\\\/www.eldiario.net\\\/portal\\\/\",\"name\":\"El Diario - Decano de la prensa nacional\",\"description\":\"El Diario - Decano de la prensa nacional\",\"publisher\":{\"@id\":\"https:\\\/\\\/www.eldiario.net\\\/portal\\\/#organization\"},\"potentialAction\":[{\"@type\":\"SearchAction\",\"target\":{\"@type\":\"EntryPoint\",\"urlTemplate\":\"https:\\\/\\\/www.eldiario.net\\\/portal\\\/?s={search_term_string}\"},\"query-input\":{\"@type\":\"PropertyValueSpecification\",\"valueRequired\":true,\"valueName\":\"search_term_string\"}}],\"inLanguage\":\"es\"},{\"@type\":\"Organization\",\"@id\":\"https:\\\/\\\/www.eldiario.net\\\/portal\\\/#organization\",\"name\":\"El Diario - Decano de la prensa nacional\",\"url\":\"https:\\\/\\\/www.eldiario.net\\\/portal\\\/\",\"logo\":{\"@type\":\"ImageObject\",\"inLanguage\":\"es\",\"@id\":\"https:\\\/\\\/www.eldiario.net\\\/portal\\\/#\\\/schema\\\/logo\\\/image\\\/\",\"url\":\"https:\\\/\\\/www.eldiario.net\\\/portal\\\/wp-content\\\/uploads\\\/2023\\\/07\\\/logo_ED.jpg\",\"contentUrl\":\"https:\\\/\\\/www.eldiario.net\\\/portal\\\/wp-content\\\/uploads\\\/2023\\\/07\\\/logo_ED.jpg\",\"width\":272,\"height\":52,\"caption\":\"El Diario - Decano de la prensa nacional\"},\"image\":{\"@id\":\"https:\\\/\\\/www.eldiario.net\\\/portal\\\/#\\\/schema\\\/logo\\\/image\\\/\"},\"sameAs\":[\"https:\\\/\\\/www.facebook.com\\\/eldiario.bolivia\\\/\",\"https:\\\/\\\/x.com\\\/eldiario_net\"]},{\"@type\":\"Person\",\"@id\":\"https:\\\/\\\/www.eldiario.net\\\/portal\\\/#\\\/schema\\\/person\\\/2c57cf2b7a7ae032e449e4c9b1019eac\",\"name\":\"Jeanette\",\"image\":{\"@type\":\"ImageObject\",\"inLanguage\":\"es\",\"@id\":\"https:\\\/\\\/secure.gravatar.com\\\/avatar\\\/3ea2118a5f7dad2b7138b1187a6b7ee55f160b9968b66013c3a3ef39dd7e5798?s=96&d=mm&r=g\",\"url\":\"https:\\\/\\\/secure.gravatar.com\\\/avatar\\\/3ea2118a5f7dad2b7138b1187a6b7ee55f160b9968b66013c3a3ef39dd7e5798?s=96&d=mm&r=g\",\"contentUrl\":\"https:\\\/\\\/secure.gravatar.com\\\/avatar\\\/3ea2118a5f7dad2b7138b1187a6b7ee55f160b9968b66013c3a3ef39dd7e5798?s=96&d=mm&r=g\",\"caption\":\"Jeanette\"},\"sameAs\":[\"https:\\\/\\\/www.eldiario.net\\\/portal\"],\"url\":\"https:\\\/\\\/www.eldiario.net\\\/portal\\\/author\\\/jeanette\\\/\"}]}<\/script>\n<!-- \/ Yoast SEO plugin. -->","yoast_head_json":{"title":"Dictan detenci\u00f3n preventiva para piloto y domiciliaria para copiloto - El Diario - Bolivia","robots":{"index":"index","follow":"follow","max-snippet":"max-snippet:-1","max-image-preview":"max-image-preview:large","max-video-preview":"max-video-preview:-1"},"canonical":"https:\/\/www.eldiario.net\/portal\/2026\/05\/04\/dictan-detencion-preventiva-para-piloto-y-domiciliaria-para-copiloto\/","og_locale":"es_ES","og_type":"article","og_title":"Dictan detenci\u00f3n preventiva para piloto y domiciliaria para copiloto - El Diario - Bolivia","og_description":"La justicia determin\u00f3 dictar detenci\u00f3n preventiva y domiciliaria para los dos pilotos de la Fuerza A\u00e9rea Boliviana (FAB) involucrados en el accidente del avi\u00f3n H\u00e9rcules ocurrido el 27 de febrero de 2026 en la ciudad de El Alto. La decisi\u00f3n fue asumida por el Juzgado Primero de Instrucci\u00f3n Penal, Anticorrupci\u00f3n y Contra la Violencia hacia [&hellip;]","og_url":"https:\/\/www.eldiario.net\/portal\/2026\/05\/04\/dictan-detencion-preventiva-para-piloto-y-domiciliaria-para-copiloto\/","og_site_name":"El Diario - Bolivia","article_publisher":"https:\/\/www.facebook.com\/eldiario.bolivia\/","article_published_time":"2026-05-04T09:45:40+00:00","og_image":[{"width":775,"height":411,"url":"https:\/\/www.eldiario.net\/portal\/wp-content\/uploads\/2026\/05\/Hercules-rrss-10-cm-x-7.webp","type":"image\/webp"}],"author":"Jeanette","twitter_card":"summary_large_image","twitter_creator":"@eldiario_net","twitter_site":"@eldiario_net","twitter_misc":{"Escrito por":"Jeanette","Tiempo de lectura":"2 minutos"},"schema":{"@context":"https:\/\/schema.org","@graph":[{"@type":"Article","@id":"https:\/\/www.eldiario.net\/portal\/2026\/05\/04\/dictan-detencion-preventiva-para-piloto-y-domiciliaria-para-copiloto\/#article","isPartOf":{"@id":"https:\/\/www.eldiario.net\/portal\/2026\/05\/04\/dictan-detencion-preventiva-para-piloto-y-domiciliaria-para-copiloto\/"},"author":{"name":"Jeanette","@id":"https:\/\/www.eldiario.net\/portal\/#\/schema\/person\/2c57cf2b7a7ae032e449e4c9b1019eac"},"headline":"Dictan detenci\u00f3n preventiva para piloto y domiciliaria para copiloto","datePublished":"2026-05-04T09:45:40+00:00","mainEntityOfPage":{"@id":"https:\/\/www.eldiario.net\/portal\/2026\/05\/04\/dictan-detencion-preventiva-para-piloto-y-domiciliaria-para-copiloto\/"},"wordCount":303,"publisher":{"@id":"https:\/\/www.eldiario.net\/portal\/#organization"},"image":{"@id":"https:\/\/www.eldiario.net\/portal\/2026\/05\/04\/dictan-detencion-preventiva-para-piloto-y-domiciliaria-para-copiloto\/#primaryimage"},"thumbnailUrl":"https:\/\/www.eldiario.net\/portal\/wp-content\/uploads\/2026\/05\/Hercules-rrss-10-cm-x-7.webp","articleSection":["Portada"],"inLanguage":"es"},{"@type":"WebPage","@id":"https:\/\/www.eldiario.net\/portal\/2026\/05\/04\/dictan-detencion-preventiva-para-piloto-y-domiciliaria-para-copiloto\/","url":"https:\/\/www.eldiario.net\/portal\/2026\/05\/04\/dictan-detencion-preventiva-para-piloto-y-domiciliaria-para-copiloto\/","name":"Dictan detenci\u00f3n preventiva para piloto y domiciliaria para copiloto - El Diario - Bolivia","isPartOf":{"@id":"https:\/\/www.eldiario.net\/portal\/#website"},"primaryImageOfPage":{"@id":"https:\/\/www.eldiario.net\/portal\/2026\/05\/04\/dictan-detencion-preventiva-para-piloto-y-domiciliaria-para-copiloto\/#primaryimage"},"image":{"@id":"https:\/\/www.eldiario.net\/portal\/2026\/05\/04\/dictan-detencion-preventiva-para-piloto-y-domiciliaria-para-copiloto\/#primaryimage"},"thumbnailUrl":"https:\/\/www.eldiario.net\/portal\/wp-content\/uploads\/2026\/05\/Hercules-rrss-10-cm-x-7.webp","datePublished":"2026-05-04T09:45:40+00:00","breadcrumb":{"@id":"https:\/\/www.eldiario.net\/portal\/2026\/05\/04\/dictan-detencion-preventiva-para-piloto-y-domiciliaria-para-copiloto\/#breadcrumb"},"inLanguage":"es","potentialAction":[{"@type":"ReadAction","target":["https:\/\/www.eldiario.net\/portal\/2026\/05\/04\/dictan-detencion-preventiva-para-piloto-y-domiciliaria-para-copiloto\/"]}]},{"@type":"ImageObject","inLanguage":"es","@id":"https:\/\/www.eldiario.net\/portal\/2026\/05\/04\/dictan-detencion-preventiva-para-piloto-y-domiciliaria-para-copiloto\/#primaryimage","url":"https:\/\/www.eldiario.net\/portal\/wp-content\/uploads\/2026\/05\/Hercules-rrss-10-cm-x-7.webp","contentUrl":"https:\/\/www.eldiario.net\/portal\/wp-content\/uploads\/2026\/05\/Hercules-rrss-10-cm-x-7.webp","width":775,"height":411,"caption":"Avi\u00f3n H\u00e9rcules siniestrado en aeropuerto de El Alto"},{"@type":"BreadcrumbList","@id":"https:\/\/www.eldiario.net\/portal\/2026\/05\/04\/dictan-detencion-preventiva-para-piloto-y-domiciliaria-para-copiloto\/#breadcrumb","itemListElement":[{"@type":"ListItem","position":1,"name":"Portada","item":"https:\/\/www.eldiario.net\/portal\/"},{"@type":"ListItem","position":2,"name":"Dictan detenci\u00f3n preventiva para piloto y domiciliaria para copiloto"}]},{"@type":"WebSite","@id":"https:\/\/www.eldiario.net\/portal\/#website","url":"https:\/\/www.eldiario.net\/portal\/","name":"El Diario - Decano de la prensa nacional","description":"El Diario - Decano de la prensa nacional","publisher":{"@id":"https:\/\/www.eldiario.net\/portal\/#organization"},"potentialAction":[{"@type":"SearchAction","target":{"@type":"EntryPoint","urlTemplate":"https:\/\/www.eldiario.net\/portal\/?s={search_term_string}"},"query-input":{"@type":"PropertyValueSpecification","valueRequired":true,"valueName":"search_term_string"}}],"inLanguage":"es"},{"@type":"Organization","@id":"https:\/\/www.eldiario.net\/portal\/#organization","name":"El Diario - Decano de la prensa nacional","url":"https:\/\/www.eldiario.net\/portal\/","logo":{"@type":"ImageObject","inLanguage":"es","@id":"https:\/\/www.eldiario.net\/portal\/#\/schema\/logo\/image\/","url":"https:\/\/www.eldiario.net\/portal\/wp-content\/uploads\/2023\/07\/logo_ED.jpg","contentUrl":"https:\/\/www.eldiario.net\/portal\/wp-content\/uploads\/2023\/07\/logo_ED.jpg","width":272,"height":52,"caption":"El Diario - Decano de la prensa nacional"},"image":{"@id":"https:\/\/www.eldiario.net\/portal\/#\/schema\/logo\/image\/"},"sameAs":["https:\/\/www.facebook.com\/eldiario.bolivia\/","https:\/\/x.com\/eldiario_net"]},{"@type":"Person","@id":"https:\/\/www.eldiario.net\/portal\/#\/schema\/person\/2c57cf2b7a7ae032e449e4c9b1019eac","name":"Jeanette","image":{"@type":"ImageObject","inLanguage":"es","@id":"https:\/\/secure.gravatar.com\/avatar\/3ea2118a5f7dad2b7138b1187a6b7ee55f160b9968b66013c3a3ef39dd7e5798?s=96&d=mm&r=g","url":"https:\/\/secure.gravatar.com\/avatar\/3ea2118a5f7dad2b7138b1187a6b7ee55f160b9968b66013c3a3ef39dd7e5798?s=96&d=mm&r=g","contentUrl":"https:\/\/secure.gravatar.com\/avatar\/3ea2118a5f7dad2b7138b1187a6b7ee55f160b9968b66013c3a3ef39dd7e5798?s=96&d=mm&r=g","caption":"Jeanette"},"sameAs":["https:\/\/www.eldiario.net\/portal"],"url":"https:\/\/www.eldiario.net\/portal\/author\/jeanette\/"}]}},"_links":{"self":[{"href":"https:\/\/www.eldiario.net\/portal\/wp-json\/wp\/v2\/posts\/390801","targetHints":{"allow":["GET"]}}],"collection":[{"href":"https:\/\/www.eldiario.net\/portal\/wp-json\/wp\/v2\/posts"}],"about":[{"href":"https:\/\/www.eldiario.net\/portal\/wp-json\/wp\/v2\/types\/post"}],"author":[{"embeddable":true,"href":"https:\/\/www.eldiario.net\/portal\/wp-json\/wp\/v2\/users\/1"}],"replies":[{"embeddable":true,"href":"https:\/\/www.eldiario.net\/portal\/wp-json\/wp\/v2\/comments?post=390801"}],"version-history":[{"count":1,"href":"https:\/\/www.eldiario.net\/portal\/wp-json\/wp\/v2\/posts\/390801\/revisions"}],"predecessor-version":[{"id":390803,"href":"https:\/\/www.eldiario.net\/portal\/wp-json\/wp\/v2\/posts\/390801\/revisions\/390803"}],"wp:featuredmedia":[{"embeddable":true,"href":"https:\/\/www.eldiario.net\/portal\/wp-json\/wp\/v2\/media\/390802"}],"wp:attachment":[{"href":"https:\/\/www.eldiario.net\/portal\/wp-json\/wp\/v2\/media?parent=390801"}],"wp:term":[{"taxonomy":"category","embeddable":true,"href":"https:\/\/www.eldiario.net\/portal\/wp-json\/wp\/v2\/categories?post=390801"},{"taxonomy":"post_tag","embeddable":true,"href":"https:\/\/www.eldiario.net\/portal\/wp-json\/wp\/v2\/tags?post=390801"}],"curies":[{"name":"wp","href":"https:\/\/api.w.org\/{rel}","templated":true}]}}