{"id":39070,"date":"2021-10-26T04:23:19","date_gmt":"2021-10-26T08:23:19","guid":{"rendered":"https:\/\/www.eldiario.net\/portal\/?p=39070"},"modified":"2021-10-26T04:23:19","modified_gmt":"2021-10-26T08:23:19","slug":"luis-gutierrez-estamos-a-paso-firme-y-en-silencio","status":"publish","type":"post","link":"https:\/\/www.eldiario.net\/portal\/2021\/10\/26\/luis-gutierrez-estamos-a-paso-firme-y-en-silencio\/","title":{"rendered":"Luis Guti\u00e9rrez: \u00abEstamos a paso firme y en silencio\u00bb"},"content":{"rendered":"<p class=\"v1MsoNormal\">El defensor de Bol\u00edvar, Luis Guti\u00e9rrez, indic\u00f3 ayer -un d\u00eda despu\u00e9s del partido que gan\u00f3 la Academia por 3-0 a Real Santa Cruz- que van a paso firme y en silencio en busca de alcanzar a los punteros del torneo de la Divisi\u00f3n Profesional.<\/p>\n<p class=\"v1MsoNormal\">\u00abFue un partido muy bueno ante Real Santa Cruz, hace mucho tiempo no gan\u00e1bamos ah\u00ed (el suelo cruce\u00f1o) y sab\u00edamos la importancia de ese encuentro. Ganamos tres unidades que nos acercan a\u00fan m\u00e1s (a la punta). Estamos a paso firme y en silencio para subir en la tabla\u00bb, sostuvo Guti\u00e9rrez.<\/p>\n<p class=\"v1MsoNormal\">Bol\u00edvar no sabe de perder desde hace cuatro partidos y acumula 43 puntos. Est\u00e1 a siete unidades del l\u00edder Always Ready y en un notable ascenso. Esto lo quieren ratificar el jueves en su siguiente partido ante Nacional Potos\u00ed que se jugar\u00e1 desde las 18.15 en el estadio Hernando Siles, de La Paz.<\/p>\n<p class=\"v1MsoNormal\">Para este lance contra los potosinos (que tiene 31 puntos en la tabla) el defensor Jairo Quinteros ser\u00e1 baja debido a que vio su quinta amarilla en el \u00faltimo lance. Asimismo, Leonardo Ramos, Gabriel Villamil, C\u00e9sar Martins, Rub\u00e9n Cordano y Guti\u00e9rrez, llegan condicionados ya que acumulan cuatro tarjetas amarillas.<\/p>\n<p class=\"v1MsoNormal\">Los cinco futbolistas son seguros titulares para este cotejo y de ver alguna amonestaci\u00f3n se perder\u00edan el encuentro del domingo frente a Oriente Petrolero, en Santa Cruz.\u00a0 \u00abEstoy tranquilo con eso (amarillas) me estoy cuidando, pero espero no quedar fuera porque quiero jugar hasta el \u00faltimo juego del torneo\u00bb, destac\u00f3 Martins. (Foto Club Bol\u00edvar)<\/p>\n","protected":false},"excerpt":{"rendered":"<p>El defensor de Bol\u00edvar, Luis Guti\u00e9rrez, indic\u00f3 ayer -un d\u00eda despu\u00e9s del partido que gan\u00f3 la Academia por 3-0 a Real Santa Cruz- que van a paso firme y en silencio en busca de alcanzar a los punteros del torneo de la Divisi\u00f3n Profesional. \u00abFue un partido muy bueno ante Real Santa Cruz, hace mucho [&hellip;]<\/p>\n","protected":false},"author":1,"featured_media":39071,"comment_status":"closed","ping_status":"closed","sticky":false,"template":"","format":"standard","meta":{"_acf_changed":false,"footnotes":""},"categories":[6],"tags":[],"class_list":["post-39070","post","type-post","status-publish","format-standard","has-post-thumbnail","category-deportes"],"acf":{"antetitulo":""},"yoast_head":"<!-- This site is optimized with the Yoast SEO plugin v28.4 - https:\/\/yoast.com\/product\/yoast-seo-wordpress\/ -->\n<title>Luis Guti\u00e9rrez: &quot;Estamos a paso firme y en silencio&quot; - El Diario - Bolivia<\/title>\n<meta name=\"robots\" content=\"index, follow, max-snippet:-1, max-image-preview:large, max-video-preview:-1\" \/>\n<link rel=\"canonical\" href=\"https:\/\/www.eldiario.net\/portal\/2021\/10\/26\/luis-gutierrez-estamos-a-paso-firme-y-en-silencio\/\" \/>\n<meta property=\"og:locale\" content=\"es_ES\" \/>\n<meta property=\"og:type\" content=\"article\" \/>\n<meta property=\"og:title\" content=\"Luis Guti\u00e9rrez: &quot;Estamos a paso firme y en silencio&quot; - El Diario - Bolivia\" \/>\n<meta property=\"og:description\" content=\"El defensor de Bol\u00edvar, Luis Guti\u00e9rrez, indic\u00f3 ayer -un d\u00eda despu\u00e9s del partido que gan\u00f3 la Academia por 3-0 a Real Santa Cruz- que van a paso firme y en silencio en busca de alcanzar a los punteros del torneo de la Divisi\u00f3n Profesional. \u00abFue un partido muy bueno ante Real Santa Cruz, hace mucho [&hellip;]\" \/>\n<meta property=\"og:url\" content=\"https:\/\/www.eldiario.net\/portal\/2021\/10\/26\/luis-gutierrez-estamos-a-paso-firme-y-en-silencio\/\" \/>\n<meta property=\"og:site_name\" content=\"El Diario - Bolivia\" \/>\n<meta property=\"article:publisher\" content=\"https:\/\/www.facebook.com\/eldiario.bolivia\/\" \/>\n<meta property=\"article:published_time\" content=\"2021-10-26T08:23:19+00:00\" \/>\n<meta name=\"author\" content=\"Jeanette\" \/>\n<meta name=\"twitter:card\" content=\"summary_large_image\" \/>\n<meta name=\"twitter:creator\" content=\"@eldiario_net\" \/>\n<meta name=\"twitter:site\" content=\"@eldiario_net\" \/>\n<meta name=\"twitter:label1\" content=\"Escrito por\" \/>\n\t<meta name=\"twitter:data1\" content=\"Jeanette\" \/>\n\t<meta name=\"twitter:label2\" content=\"Tiempo de lectura\" \/>\n\t<meta name=\"twitter:data2\" content=\"2 minutos\" \/>\n<script type=\"application\/ld+json\" class=\"yoast-schema-graph\">{\"@context\":\"https:\\\/\\\/schema.org\",\"@graph\":[{\"@type\":\"Article\",\"@id\":\"https:\\\/\\\/www.eldiario.net\\\/portal\\\/2021\\\/10\\\/26\\\/luis-gutierrez-estamos-a-paso-firme-y-en-silencio\\\/#article\",\"isPartOf\":{\"@id\":\"https:\\\/\\\/www.eldiario.net\\\/portal\\\/2021\\\/10\\\/26\\\/luis-gutierrez-estamos-a-paso-firme-y-en-silencio\\\/\"},\"author\":{\"name\":\"Jeanette\",\"@id\":\"https:\\\/\\\/www.eldiario.net\\\/portal\\\/#\\\/schema\\\/person\\\/2c57cf2b7a7ae032e449e4c9b1019eac\"},\"headline\":\"Luis Guti\u00e9rrez: \u00abEstamos a paso firme y en silencio\u00bb\",\"datePublished\":\"2021-10-26T08:23:19+00:00\",\"mainEntityOfPage\":{\"@id\":\"https:\\\/\\\/www.eldiario.net\\\/portal\\\/2021\\\/10\\\/26\\\/luis-gutierrez-estamos-a-paso-firme-y-en-silencio\\\/\"},\"wordCount\":276,\"publisher\":{\"@id\":\"https:\\\/\\\/www.eldiario.net\\\/portal\\\/#organization\"},\"image\":{\"@id\":\"https:\\\/\\\/www.eldiario.net\\\/portal\\\/2021\\\/10\\\/26\\\/luis-gutierrez-estamos-a-paso-firme-y-en-silencio\\\/#primaryimage\"},\"thumbnailUrl\":\"\",\"articleSection\":[\"Deportes\"],\"inLanguage\":\"es\"},{\"@type\":\"WebPage\",\"@id\":\"https:\\\/\\\/www.eldiario.net\\\/portal\\\/2021\\\/10\\\/26\\\/luis-gutierrez-estamos-a-paso-firme-y-en-silencio\\\/\",\"url\":\"https:\\\/\\\/www.eldiario.net\\\/portal\\\/2021\\\/10\\\/26\\\/luis-gutierrez-estamos-a-paso-firme-y-en-silencio\\\/\",\"name\":\"Luis Guti\u00e9rrez: \\\"Estamos a paso firme y en silencio\\\" - El Diario - Bolivia\",\"isPartOf\":{\"@id\":\"https:\\\/\\\/www.eldiario.net\\\/portal\\\/#website\"},\"primaryImageOfPage\":{\"@id\":\"https:\\\/\\\/www.eldiario.net\\\/portal\\\/2021\\\/10\\\/26\\\/luis-gutierrez-estamos-a-paso-firme-y-en-silencio\\\/#primaryimage\"},\"image\":{\"@id\":\"https:\\\/\\\/www.eldiario.net\\\/portal\\\/2021\\\/10\\\/26\\\/luis-gutierrez-estamos-a-paso-firme-y-en-silencio\\\/#primaryimage\"},\"thumbnailUrl\":\"\",\"datePublished\":\"2021-10-26T08:23:19+00:00\",\"breadcrumb\":{\"@id\":\"https:\\\/\\\/www.eldiario.net\\\/portal\\\/2021\\\/10\\\/26\\\/luis-gutierrez-estamos-a-paso-firme-y-en-silencio\\\/#breadcrumb\"},\"inLanguage\":\"es\",\"potentialAction\":[{\"@type\":\"ReadAction\",\"target\":[\"https:\\\/\\\/www.eldiario.net\\\/portal\\\/2021\\\/10\\\/26\\\/luis-gutierrez-estamos-a-paso-firme-y-en-silencio\\\/\"]}]},{\"@type\":\"ImageObject\",\"inLanguage\":\"es\",\"@id\":\"https:\\\/\\\/www.eldiario.net\\\/portal\\\/2021\\\/10\\\/26\\\/luis-gutierrez-estamos-a-paso-firme-y-en-silencio\\\/#primaryimage\",\"url\":\"\",\"contentUrl\":\"\"},{\"@type\":\"BreadcrumbList\",\"@id\":\"https:\\\/\\\/www.eldiario.net\\\/portal\\\/2021\\\/10\\\/26\\\/luis-gutierrez-estamos-a-paso-firme-y-en-silencio\\\/#breadcrumb\",\"itemListElement\":[{\"@type\":\"ListItem\",\"position\":1,\"name\":\"Portada\",\"item\":\"https:\\\/\\\/www.eldiario.net\\\/portal\\\/\"},{\"@type\":\"ListItem\",\"position\":2,\"name\":\"Luis Guti\u00e9rrez: \u00abEstamos a paso firme y en silencio\u00bb\"}]},{\"@type\":\"WebSite\",\"@id\":\"https:\\\/\\\/www.eldiario.net\\\/portal\\\/#website\",\"url\":\"https:\\\/\\\/www.eldiario.net\\\/portal\\\/\",\"name\":\"El Diario - Decano de la prensa nacional\",\"description\":\"El Diario - Decano de la prensa nacional\",\"publisher\":{\"@id\":\"https:\\\/\\\/www.eldiario.net\\\/portal\\\/#organization\"},\"potentialAction\":[{\"@type\":\"SearchAction\",\"target\":{\"@type\":\"EntryPoint\",\"urlTemplate\":\"https:\\\/\\\/www.eldiario.net\\\/portal\\\/?s={search_term_string}\"},\"query-input\":{\"@type\":\"PropertyValueSpecification\",\"valueRequired\":true,\"valueName\":\"search_term_string\"}}],\"inLanguage\":\"es\"},{\"@type\":\"Organization\",\"@id\":\"https:\\\/\\\/www.eldiario.net\\\/portal\\\/#organization\",\"name\":\"El Diario - Decano de la prensa nacional\",\"url\":\"https:\\\/\\\/www.eldiario.net\\\/portal\\\/\",\"logo\":{\"@type\":\"ImageObject\",\"inLanguage\":\"es\",\"@id\":\"https:\\\/\\\/www.eldiario.net\\\/portal\\\/#\\\/schema\\\/logo\\\/image\\\/\",\"url\":\"https:\\\/\\\/www.eldiario.net\\\/portal\\\/wp-content\\\/uploads\\\/2023\\\/07\\\/logo_ED.jpg\",\"contentUrl\":\"https:\\\/\\\/www.eldiario.net\\\/portal\\\/wp-content\\\/uploads\\\/2023\\\/07\\\/logo_ED.jpg\",\"width\":272,\"height\":52,\"caption\":\"El Diario - Decano de la prensa nacional\"},\"image\":{\"@id\":\"https:\\\/\\\/www.eldiario.net\\\/portal\\\/#\\\/schema\\\/logo\\\/image\\\/\"},\"sameAs\":[\"https:\\\/\\\/www.facebook.com\\\/eldiario.bolivia\\\/\",\"https:\\\/\\\/x.com\\\/eldiario_net\"]},{\"@type\":\"Person\",\"@id\":\"https:\\\/\\\/www.eldiario.net\\\/portal\\\/#\\\/schema\\\/person\\\/2c57cf2b7a7ae032e449e4c9b1019eac\",\"name\":\"Jeanette\",\"image\":{\"@type\":\"ImageObject\",\"inLanguage\":\"es\",\"@id\":\"https:\\\/\\\/secure.gravatar.com\\\/avatar\\\/3ea2118a5f7dad2b7138b1187a6b7ee55f160b9968b66013c3a3ef39dd7e5798?s=96&d=mm&r=g\",\"url\":\"https:\\\/\\\/secure.gravatar.com\\\/avatar\\\/3ea2118a5f7dad2b7138b1187a6b7ee55f160b9968b66013c3a3ef39dd7e5798?s=96&d=mm&r=g\",\"contentUrl\":\"https:\\\/\\\/secure.gravatar.com\\\/avatar\\\/3ea2118a5f7dad2b7138b1187a6b7ee55f160b9968b66013c3a3ef39dd7e5798?s=96&d=mm&r=g\",\"caption\":\"Jeanette\"},\"sameAs\":[\"https:\\\/\\\/www.eldiario.net\\\/portal\"],\"url\":\"https:\\\/\\\/www.eldiario.net\\\/portal\\\/author\\\/jeanette\\\/\"}]}<\/script>\n<!-- \/ Yoast SEO plugin. -->","yoast_head_json":{"title":"Luis Guti\u00e9rrez: \"Estamos a paso firme y en silencio\" - El Diario - Bolivia","robots":{"index":"index","follow":"follow","max-snippet":"max-snippet:-1","max-image-preview":"max-image-preview:large","max-video-preview":"max-video-preview:-1"},"canonical":"https:\/\/www.eldiario.net\/portal\/2021\/10\/26\/luis-gutierrez-estamos-a-paso-firme-y-en-silencio\/","og_locale":"es_ES","og_type":"article","og_title":"Luis Guti\u00e9rrez: \"Estamos a paso firme y en silencio\" - El Diario - Bolivia","og_description":"El defensor de Bol\u00edvar, Luis Guti\u00e9rrez, indic\u00f3 ayer -un d\u00eda despu\u00e9s del partido que gan\u00f3 la Academia por 3-0 a Real Santa Cruz- que van a paso firme y en silencio en busca de alcanzar a los punteros del torneo de la Divisi\u00f3n Profesional. \u00abFue un partido muy bueno ante Real Santa Cruz, hace mucho [&hellip;]","og_url":"https:\/\/www.eldiario.net\/portal\/2021\/10\/26\/luis-gutierrez-estamos-a-paso-firme-y-en-silencio\/","og_site_name":"El Diario - Bolivia","article_publisher":"https:\/\/www.facebook.com\/eldiario.bolivia\/","article_published_time":"2021-10-26T08:23:19+00:00","author":"Jeanette","twitter_card":"summary_large_image","twitter_creator":"@eldiario_net","twitter_site":"@eldiario_net","twitter_misc":{"Escrito por":"Jeanette","Tiempo de lectura":"2 minutos"},"schema":{"@context":"https:\/\/schema.org","@graph":[{"@type":"Article","@id":"https:\/\/www.eldiario.net\/portal\/2021\/10\/26\/luis-gutierrez-estamos-a-paso-firme-y-en-silencio\/#article","isPartOf":{"@id":"https:\/\/www.eldiario.net\/portal\/2021\/10\/26\/luis-gutierrez-estamos-a-paso-firme-y-en-silencio\/"},"author":{"name":"Jeanette","@id":"https:\/\/www.eldiario.net\/portal\/#\/schema\/person\/2c57cf2b7a7ae032e449e4c9b1019eac"},"headline":"Luis Guti\u00e9rrez: \u00abEstamos a paso firme y en silencio\u00bb","datePublished":"2021-10-26T08:23:19+00:00","mainEntityOfPage":{"@id":"https:\/\/www.eldiario.net\/portal\/2021\/10\/26\/luis-gutierrez-estamos-a-paso-firme-y-en-silencio\/"},"wordCount":276,"publisher":{"@id":"https:\/\/www.eldiario.net\/portal\/#organization"},"image":{"@id":"https:\/\/www.eldiario.net\/portal\/2021\/10\/26\/luis-gutierrez-estamos-a-paso-firme-y-en-silencio\/#primaryimage"},"thumbnailUrl":"","articleSection":["Deportes"],"inLanguage":"es"},{"@type":"WebPage","@id":"https:\/\/www.eldiario.net\/portal\/2021\/10\/26\/luis-gutierrez-estamos-a-paso-firme-y-en-silencio\/","url":"https:\/\/www.eldiario.net\/portal\/2021\/10\/26\/luis-gutierrez-estamos-a-paso-firme-y-en-silencio\/","name":"Luis Guti\u00e9rrez: \"Estamos a paso firme y en silencio\" - El Diario - Bolivia","isPartOf":{"@id":"https:\/\/www.eldiario.net\/portal\/#website"},"primaryImageOfPage":{"@id":"https:\/\/www.eldiario.net\/portal\/2021\/10\/26\/luis-gutierrez-estamos-a-paso-firme-y-en-silencio\/#primaryimage"},"image":{"@id":"https:\/\/www.eldiario.net\/portal\/2021\/10\/26\/luis-gutierrez-estamos-a-paso-firme-y-en-silencio\/#primaryimage"},"thumbnailUrl":"","datePublished":"2021-10-26T08:23:19+00:00","breadcrumb":{"@id":"https:\/\/www.eldiario.net\/portal\/2021\/10\/26\/luis-gutierrez-estamos-a-paso-firme-y-en-silencio\/#breadcrumb"},"inLanguage":"es","potentialAction":[{"@type":"ReadAction","target":["https:\/\/www.eldiario.net\/portal\/2021\/10\/26\/luis-gutierrez-estamos-a-paso-firme-y-en-silencio\/"]}]},{"@type":"ImageObject","inLanguage":"es","@id":"https:\/\/www.eldiario.net\/portal\/2021\/10\/26\/luis-gutierrez-estamos-a-paso-firme-y-en-silencio\/#primaryimage","url":"","contentUrl":""},{"@type":"BreadcrumbList","@id":"https:\/\/www.eldiario.net\/portal\/2021\/10\/26\/luis-gutierrez-estamos-a-paso-firme-y-en-silencio\/#breadcrumb","itemListElement":[{"@type":"ListItem","position":1,"name":"Portada","item":"https:\/\/www.eldiario.net\/portal\/"},{"@type":"ListItem","position":2,"name":"Luis Guti\u00e9rrez: \u00abEstamos a paso firme y en silencio\u00bb"}]},{"@type":"WebSite","@id":"https:\/\/www.eldiario.net\/portal\/#website","url":"https:\/\/www.eldiario.net\/portal\/","name":"El Diario - Decano de la prensa nacional","description":"El Diario - Decano de la prensa nacional","publisher":{"@id":"https:\/\/www.eldiario.net\/portal\/#organization"},"potentialAction":[{"@type":"SearchAction","target":{"@type":"EntryPoint","urlTemplate":"https:\/\/www.eldiario.net\/portal\/?s={search_term_string}"},"query-input":{"@type":"PropertyValueSpecification","valueRequired":true,"valueName":"search_term_string"}}],"inLanguage":"es"},{"@type":"Organization","@id":"https:\/\/www.eldiario.net\/portal\/#organization","name":"El Diario - Decano de la prensa nacional","url":"https:\/\/www.eldiario.net\/portal\/","logo":{"@type":"ImageObject","inLanguage":"es","@id":"https:\/\/www.eldiario.net\/portal\/#\/schema\/logo\/image\/","url":"https:\/\/www.eldiario.net\/portal\/wp-content\/uploads\/2023\/07\/logo_ED.jpg","contentUrl":"https:\/\/www.eldiario.net\/portal\/wp-content\/uploads\/2023\/07\/logo_ED.jpg","width":272,"height":52,"caption":"El Diario - Decano de la prensa nacional"},"image":{"@id":"https:\/\/www.eldiario.net\/portal\/#\/schema\/logo\/image\/"},"sameAs":["https:\/\/www.facebook.com\/eldiario.bolivia\/","https:\/\/x.com\/eldiario_net"]},{"@type":"Person","@id":"https:\/\/www.eldiario.net\/portal\/#\/schema\/person\/2c57cf2b7a7ae032e449e4c9b1019eac","name":"Jeanette","image":{"@type":"ImageObject","inLanguage":"es","@id":"https:\/\/secure.gravatar.com\/avatar\/3ea2118a5f7dad2b7138b1187a6b7ee55f160b9968b66013c3a3ef39dd7e5798?s=96&d=mm&r=g","url":"https:\/\/secure.gravatar.com\/avatar\/3ea2118a5f7dad2b7138b1187a6b7ee55f160b9968b66013c3a3ef39dd7e5798?s=96&d=mm&r=g","contentUrl":"https:\/\/secure.gravatar.com\/avatar\/3ea2118a5f7dad2b7138b1187a6b7ee55f160b9968b66013c3a3ef39dd7e5798?s=96&d=mm&r=g","caption":"Jeanette"},"sameAs":["https:\/\/www.eldiario.net\/portal"],"url":"https:\/\/www.eldiario.net\/portal\/author\/jeanette\/"}]}},"_links":{"self":[{"href":"https:\/\/www.eldiario.net\/portal\/wp-json\/wp\/v2\/posts\/39070","targetHints":{"allow":["GET"]}}],"collection":[{"href":"https:\/\/www.eldiario.net\/portal\/wp-json\/wp\/v2\/posts"}],"about":[{"href":"https:\/\/www.eldiario.net\/portal\/wp-json\/wp\/v2\/types\/post"}],"author":[{"embeddable":true,"href":"https:\/\/www.eldiario.net\/portal\/wp-json\/wp\/v2\/users\/1"}],"replies":[{"embeddable":true,"href":"https:\/\/www.eldiario.net\/portal\/wp-json\/wp\/v2\/comments?post=39070"}],"version-history":[{"count":0,"href":"https:\/\/www.eldiario.net\/portal\/wp-json\/wp\/v2\/posts\/39070\/revisions"}],"wp:attachment":[{"href":"https:\/\/www.eldiario.net\/portal\/wp-json\/wp\/v2\/media?parent=39070"}],"wp:term":[{"taxonomy":"category","embeddable":true,"href":"https:\/\/www.eldiario.net\/portal\/wp-json\/wp\/v2\/categories?post=39070"},{"taxonomy":"post_tag","embeddable":true,"href":"https:\/\/www.eldiario.net\/portal\/wp-json\/wp\/v2\/tags?post=39070"}],"curies":[{"name":"wp","href":"https:\/\/api.w.org\/{rel}","templated":true}]}}