{"id":39067,"date":"2021-10-26T04:22:16","date_gmt":"2021-10-26T08:22:16","guid":{"rendered":"https:\/\/www.eldiario.net\/portal\/?p=39067"},"modified":"2021-10-26T04:22:16","modified_gmt":"2021-10-26T08:22:16","slug":"el-tigre-intenta-volver-al-liderato-a-costa-de-guabira","status":"publish","type":"post","link":"https:\/\/www.eldiario.net\/portal\/2021\/10\/26\/el-tigre-intenta-volver-al-liderato-a-costa-de-guabira\/","title":{"rendered":"El Tigre intenta volver al liderato a costa de Guabir\u00e1"},"content":{"rendered":"<p class=\"v1MsoNormal\">Guabir\u00e1 jugar\u00e1 contra The Strongest este martes, a partir de las 15:00, en el estadio Gilberto Parada, de Montero, escenario donde se abrir\u00e1 la vig\u00e9sima cuarta fecha del campeonato con la misi\u00f3n de ganar para el cuadro local y continuar en la lucha por ganarse un lugar en la zona de clasificaci\u00f3n a la Copa Sudamericana.<\/p>\n<p class=\"v1MsoNormal\">Mientras, el Tigre intentar\u00e1 ganar para volver al liderato en solitario con 52 puntos, en desmedro de Always que recibe a Independiente y tiene 40 puntos actualmente.<\/p>\n<p class=\"v1MsoNormal\">La derrota contra Oriente Petrolero (0-2) ha colocado en peligro la presencia de los azucareros en la zona de premiaci\u00f3n. Pese a que Guabir\u00e1 est\u00e1 octavo con 34 puntos, est\u00e1 igualado en puntos con Wilstermann con seis goles de diferencia entre estos planteles, y la amenaza viene de un pelda\u00f1o m\u00e1s abajo con Mcepal Vinto Palmaflor, que aparece con 32.<\/p>\n<p class=\"v1MsoNormal\">Con el final del campeonato aproxim\u00e1ndose cada vez m\u00e1s, Guabir\u00e1 debe afinar su f\u00fatbol para seguir compitiendo por un premio internacional y corregir la irregularidad en su producci\u00f3n, una marca que ha impedido que salte a un lugar c\u00f3modo en la tabla.<\/p>\n<p class=\"v1MsoNormal\">Por acumulaci\u00f3n de amonestaciones, el mediocampista Diego Hoyos qued\u00f3 fuera de este partido, su lugar ser\u00e1 ocupado por Alan Mercado para completar el medio terreno. La ofensiva estar\u00e1 a cargo de Kevin Mina y Juan Vogliotti, una dupla que ha dado resultado ante la ausencia de John Jairo Mosquera por lesi\u00f3n.<\/p>\n<p class=\"v1MsoNormal\">El plantel atigrado venci\u00f3 a Real Potos\u00ed el s\u00e1bado por 1-0, pero la producci\u00f3n dej\u00f3 disconforme. Por un d\u00eda, el Tigre recuper\u00f3 el primer puesto despu\u00e9s de cinco fechas, al d\u00eda siguiente Always Ready retom\u00f3 la cima sacando un punto de ventaja a The Strongest e Independiente.<\/p>\n<p class=\"v1MsoNormal\">Por ese motivo, los atigrados necesitan de los tres puntos para seguir entre los primeros puestos sin dar tregua a los dem\u00e1s rivales en una lucha que no permite errores y con esa condicionante, la delegaci\u00f3n aurinegra viaj\u00f3 a Santa Cruz.<\/p>\n<p class=\"v1MsoNormal\">Guabir\u00e1: Jairo Cuellar; Fran Supayabe, Juan Mercado, Mart\u00edn Gala\u00edn, Jhon Velasco, \u00c1lvaro Quiroga, Luis Hurtado, Alan Mercado, Gustavo Peredo, Juan Vogliotti y Kevin Mina.<\/p>\n<p class=\"v1MsoNormal\">DT V\u00edctor Hugo Antelo.<\/p>\n<p class=\"v1MsoNormal\">The Strongest: Daniel Vaca; Jes\u00fas Sagredo, Adri\u00e1n Jusino, David Mateos, Jos\u00e9 Sagredo, Diego Wayar, Richet G\u00f3mez, Aldo Qui\u00f1\u00f3nez, Jos\u00e9 Flores, Jair Reinoso y Rolando Blackburn.<\/p>\n<p class=\"v1MsoNormal\">DT: Cristian D\u00edaz.<\/p>\n","protected":false},"excerpt":{"rendered":"<p>Guabir\u00e1 jugar\u00e1 contra The Strongest este martes, a partir de las 15:00, en el estadio Gilberto Parada, de Montero, escenario donde se abrir\u00e1 la vig\u00e9sima cuarta fecha del campeonato con la misi\u00f3n de ganar para el cuadro local y continuar en la lucha por ganarse un lugar en la zona de clasificaci\u00f3n a la Copa [&hellip;]<\/p>\n","protected":false},"author":1,"featured_media":39068,"comment_status":"closed","ping_status":"closed","sticky":false,"template":"","format":"standard","meta":{"_acf_changed":false,"footnotes":""},"categories":[6],"tags":[],"class_list":["post-39067","post","type-post","status-publish","format-standard","has-post-thumbnail","category-deportes"],"acf":{"antetitulo":""},"yoast_head":"<!-- This site is optimized with the Yoast SEO plugin v28.4 - https:\/\/yoast.com\/product\/yoast-seo-wordpress\/ -->\n<title>El Tigre intenta volver al liderato a costa de Guabir\u00e1 - El Diario - Bolivia<\/title>\n<meta name=\"robots\" content=\"index, follow, max-snippet:-1, max-image-preview:large, max-video-preview:-1\" \/>\n<link rel=\"canonical\" href=\"https:\/\/www.eldiario.net\/portal\/2021\/10\/26\/el-tigre-intenta-volver-al-liderato-a-costa-de-guabira\/\" \/>\n<meta property=\"og:locale\" content=\"es_ES\" \/>\n<meta property=\"og:type\" content=\"article\" \/>\n<meta property=\"og:title\" content=\"El Tigre intenta volver al liderato a costa de Guabir\u00e1 - El Diario - Bolivia\" \/>\n<meta property=\"og:description\" content=\"Guabir\u00e1 jugar\u00e1 contra The Strongest este martes, a partir de las 15:00, en el estadio Gilberto Parada, de Montero, escenario donde se abrir\u00e1 la vig\u00e9sima cuarta fecha del campeonato con la misi\u00f3n de ganar para el cuadro local y continuar en la lucha por ganarse un lugar en la zona de clasificaci\u00f3n a la Copa [&hellip;]\" \/>\n<meta property=\"og:url\" content=\"https:\/\/www.eldiario.net\/portal\/2021\/10\/26\/el-tigre-intenta-volver-al-liderato-a-costa-de-guabira\/\" \/>\n<meta property=\"og:site_name\" content=\"El Diario - Bolivia\" \/>\n<meta property=\"article:publisher\" content=\"https:\/\/www.facebook.com\/eldiario.bolivia\/\" \/>\n<meta property=\"article:published_time\" content=\"2021-10-26T08:22:16+00:00\" \/>\n<meta name=\"author\" content=\"Jeanette\" \/>\n<meta name=\"twitter:card\" content=\"summary_large_image\" \/>\n<meta name=\"twitter:creator\" content=\"@eldiario_net\" \/>\n<meta name=\"twitter:site\" content=\"@eldiario_net\" \/>\n<meta name=\"twitter:label1\" content=\"Escrito por\" \/>\n\t<meta name=\"twitter:data1\" content=\"Jeanette\" \/>\n\t<meta name=\"twitter:label2\" content=\"Tiempo de lectura\" \/>\n\t<meta name=\"twitter:data2\" content=\"2 minutos\" \/>\n<script type=\"application\/ld+json\" class=\"yoast-schema-graph\">{\"@context\":\"https:\\\/\\\/schema.org\",\"@graph\":[{\"@type\":\"Article\",\"@id\":\"https:\\\/\\\/www.eldiario.net\\\/portal\\\/2021\\\/10\\\/26\\\/el-tigre-intenta-volver-al-liderato-a-costa-de-guabira\\\/#article\",\"isPartOf\":{\"@id\":\"https:\\\/\\\/www.eldiario.net\\\/portal\\\/2021\\\/10\\\/26\\\/el-tigre-intenta-volver-al-liderato-a-costa-de-guabira\\\/\"},\"author\":{\"name\":\"Jeanette\",\"@id\":\"https:\\\/\\\/www.eldiario.net\\\/portal\\\/#\\\/schema\\\/person\\\/2c57cf2b7a7ae032e449e4c9b1019eac\"},\"headline\":\"El Tigre intenta volver al liderato a costa de Guabir\u00e1\",\"datePublished\":\"2021-10-26T08:22:16+00:00\",\"mainEntityOfPage\":{\"@id\":\"https:\\\/\\\/www.eldiario.net\\\/portal\\\/2021\\\/10\\\/26\\\/el-tigre-intenta-volver-al-liderato-a-costa-de-guabira\\\/\"},\"wordCount\":413,\"publisher\":{\"@id\":\"https:\\\/\\\/www.eldiario.net\\\/portal\\\/#organization\"},\"image\":{\"@id\":\"https:\\\/\\\/www.eldiario.net\\\/portal\\\/2021\\\/10\\\/26\\\/el-tigre-intenta-volver-al-liderato-a-costa-de-guabira\\\/#primaryimage\"},\"thumbnailUrl\":\"\",\"articleSection\":[\"Deportes\"],\"inLanguage\":\"es\"},{\"@type\":\"WebPage\",\"@id\":\"https:\\\/\\\/www.eldiario.net\\\/portal\\\/2021\\\/10\\\/26\\\/el-tigre-intenta-volver-al-liderato-a-costa-de-guabira\\\/\",\"url\":\"https:\\\/\\\/www.eldiario.net\\\/portal\\\/2021\\\/10\\\/26\\\/el-tigre-intenta-volver-al-liderato-a-costa-de-guabira\\\/\",\"name\":\"El Tigre intenta volver al liderato a costa de Guabir\u00e1 - El Diario - Bolivia\",\"isPartOf\":{\"@id\":\"https:\\\/\\\/www.eldiario.net\\\/portal\\\/#website\"},\"primaryImageOfPage\":{\"@id\":\"https:\\\/\\\/www.eldiario.net\\\/portal\\\/2021\\\/10\\\/26\\\/el-tigre-intenta-volver-al-liderato-a-costa-de-guabira\\\/#primaryimage\"},\"image\":{\"@id\":\"https:\\\/\\\/www.eldiario.net\\\/portal\\\/2021\\\/10\\\/26\\\/el-tigre-intenta-volver-al-liderato-a-costa-de-guabira\\\/#primaryimage\"},\"thumbnailUrl\":\"\",\"datePublished\":\"2021-10-26T08:22:16+00:00\",\"breadcrumb\":{\"@id\":\"https:\\\/\\\/www.eldiario.net\\\/portal\\\/2021\\\/10\\\/26\\\/el-tigre-intenta-volver-al-liderato-a-costa-de-guabira\\\/#breadcrumb\"},\"inLanguage\":\"es\",\"potentialAction\":[{\"@type\":\"ReadAction\",\"target\":[\"https:\\\/\\\/www.eldiario.net\\\/portal\\\/2021\\\/10\\\/26\\\/el-tigre-intenta-volver-al-liderato-a-costa-de-guabira\\\/\"]}]},{\"@type\":\"ImageObject\",\"inLanguage\":\"es\",\"@id\":\"https:\\\/\\\/www.eldiario.net\\\/portal\\\/2021\\\/10\\\/26\\\/el-tigre-intenta-volver-al-liderato-a-costa-de-guabira\\\/#primaryimage\",\"url\":\"\",\"contentUrl\":\"\"},{\"@type\":\"BreadcrumbList\",\"@id\":\"https:\\\/\\\/www.eldiario.net\\\/portal\\\/2021\\\/10\\\/26\\\/el-tigre-intenta-volver-al-liderato-a-costa-de-guabira\\\/#breadcrumb\",\"itemListElement\":[{\"@type\":\"ListItem\",\"position\":1,\"name\":\"Portada\",\"item\":\"https:\\\/\\\/www.eldiario.net\\\/portal\\\/\"},{\"@type\":\"ListItem\",\"position\":2,\"name\":\"El Tigre intenta volver al liderato a costa de Guabir\u00e1\"}]},{\"@type\":\"WebSite\",\"@id\":\"https:\\\/\\\/www.eldiario.net\\\/portal\\\/#website\",\"url\":\"https:\\\/\\\/www.eldiario.net\\\/portal\\\/\",\"name\":\"El Diario - Decano de la prensa nacional\",\"description\":\"El Diario - Decano de la prensa nacional\",\"publisher\":{\"@id\":\"https:\\\/\\\/www.eldiario.net\\\/portal\\\/#organization\"},\"potentialAction\":[{\"@type\":\"SearchAction\",\"target\":{\"@type\":\"EntryPoint\",\"urlTemplate\":\"https:\\\/\\\/www.eldiario.net\\\/portal\\\/?s={search_term_string}\"},\"query-input\":{\"@type\":\"PropertyValueSpecification\",\"valueRequired\":true,\"valueName\":\"search_term_string\"}}],\"inLanguage\":\"es\"},{\"@type\":\"Organization\",\"@id\":\"https:\\\/\\\/www.eldiario.net\\\/portal\\\/#organization\",\"name\":\"El Diario - Decano de la prensa nacional\",\"url\":\"https:\\\/\\\/www.eldiario.net\\\/portal\\\/\",\"logo\":{\"@type\":\"ImageObject\",\"inLanguage\":\"es\",\"@id\":\"https:\\\/\\\/www.eldiario.net\\\/portal\\\/#\\\/schema\\\/logo\\\/image\\\/\",\"url\":\"https:\\\/\\\/www.eldiario.net\\\/portal\\\/wp-content\\\/uploads\\\/2023\\\/07\\\/logo_ED.jpg\",\"contentUrl\":\"https:\\\/\\\/www.eldiario.net\\\/portal\\\/wp-content\\\/uploads\\\/2023\\\/07\\\/logo_ED.jpg\",\"width\":272,\"height\":52,\"caption\":\"El Diario - Decano de la prensa nacional\"},\"image\":{\"@id\":\"https:\\\/\\\/www.eldiario.net\\\/portal\\\/#\\\/schema\\\/logo\\\/image\\\/\"},\"sameAs\":[\"https:\\\/\\\/www.facebook.com\\\/eldiario.bolivia\\\/\",\"https:\\\/\\\/x.com\\\/eldiario_net\"]},{\"@type\":\"Person\",\"@id\":\"https:\\\/\\\/www.eldiario.net\\\/portal\\\/#\\\/schema\\\/person\\\/2c57cf2b7a7ae032e449e4c9b1019eac\",\"name\":\"Jeanette\",\"image\":{\"@type\":\"ImageObject\",\"inLanguage\":\"es\",\"@id\":\"https:\\\/\\\/secure.gravatar.com\\\/avatar\\\/3ea2118a5f7dad2b7138b1187a6b7ee55f160b9968b66013c3a3ef39dd7e5798?s=96&d=mm&r=g\",\"url\":\"https:\\\/\\\/secure.gravatar.com\\\/avatar\\\/3ea2118a5f7dad2b7138b1187a6b7ee55f160b9968b66013c3a3ef39dd7e5798?s=96&d=mm&r=g\",\"contentUrl\":\"https:\\\/\\\/secure.gravatar.com\\\/avatar\\\/3ea2118a5f7dad2b7138b1187a6b7ee55f160b9968b66013c3a3ef39dd7e5798?s=96&d=mm&r=g\",\"caption\":\"Jeanette\"},\"sameAs\":[\"https:\\\/\\\/www.eldiario.net\\\/portal\"],\"url\":\"https:\\\/\\\/www.eldiario.net\\\/portal\\\/author\\\/jeanette\\\/\"}]}<\/script>\n<!-- \/ Yoast SEO plugin. -->","yoast_head_json":{"title":"El Tigre intenta volver al liderato a costa de Guabir\u00e1 - El Diario - Bolivia","robots":{"index":"index","follow":"follow","max-snippet":"max-snippet:-1","max-image-preview":"max-image-preview:large","max-video-preview":"max-video-preview:-1"},"canonical":"https:\/\/www.eldiario.net\/portal\/2021\/10\/26\/el-tigre-intenta-volver-al-liderato-a-costa-de-guabira\/","og_locale":"es_ES","og_type":"article","og_title":"El Tigre intenta volver al liderato a costa de Guabir\u00e1 - El Diario - Bolivia","og_description":"Guabir\u00e1 jugar\u00e1 contra The Strongest este martes, a partir de las 15:00, en el estadio Gilberto Parada, de Montero, escenario donde se abrir\u00e1 la vig\u00e9sima cuarta fecha del campeonato con la misi\u00f3n de ganar para el cuadro local y continuar en la lucha por ganarse un lugar en la zona de clasificaci\u00f3n a la Copa [&hellip;]","og_url":"https:\/\/www.eldiario.net\/portal\/2021\/10\/26\/el-tigre-intenta-volver-al-liderato-a-costa-de-guabira\/","og_site_name":"El Diario - Bolivia","article_publisher":"https:\/\/www.facebook.com\/eldiario.bolivia\/","article_published_time":"2021-10-26T08:22:16+00:00","author":"Jeanette","twitter_card":"summary_large_image","twitter_creator":"@eldiario_net","twitter_site":"@eldiario_net","twitter_misc":{"Escrito por":"Jeanette","Tiempo de lectura":"2 minutos"},"schema":{"@context":"https:\/\/schema.org","@graph":[{"@type":"Article","@id":"https:\/\/www.eldiario.net\/portal\/2021\/10\/26\/el-tigre-intenta-volver-al-liderato-a-costa-de-guabira\/#article","isPartOf":{"@id":"https:\/\/www.eldiario.net\/portal\/2021\/10\/26\/el-tigre-intenta-volver-al-liderato-a-costa-de-guabira\/"},"author":{"name":"Jeanette","@id":"https:\/\/www.eldiario.net\/portal\/#\/schema\/person\/2c57cf2b7a7ae032e449e4c9b1019eac"},"headline":"El Tigre intenta volver al liderato a costa de Guabir\u00e1","datePublished":"2021-10-26T08:22:16+00:00","mainEntityOfPage":{"@id":"https:\/\/www.eldiario.net\/portal\/2021\/10\/26\/el-tigre-intenta-volver-al-liderato-a-costa-de-guabira\/"},"wordCount":413,"publisher":{"@id":"https:\/\/www.eldiario.net\/portal\/#organization"},"image":{"@id":"https:\/\/www.eldiario.net\/portal\/2021\/10\/26\/el-tigre-intenta-volver-al-liderato-a-costa-de-guabira\/#primaryimage"},"thumbnailUrl":"","articleSection":["Deportes"],"inLanguage":"es"},{"@type":"WebPage","@id":"https:\/\/www.eldiario.net\/portal\/2021\/10\/26\/el-tigre-intenta-volver-al-liderato-a-costa-de-guabira\/","url":"https:\/\/www.eldiario.net\/portal\/2021\/10\/26\/el-tigre-intenta-volver-al-liderato-a-costa-de-guabira\/","name":"El Tigre intenta volver al liderato a costa de Guabir\u00e1 - El Diario - Bolivia","isPartOf":{"@id":"https:\/\/www.eldiario.net\/portal\/#website"},"primaryImageOfPage":{"@id":"https:\/\/www.eldiario.net\/portal\/2021\/10\/26\/el-tigre-intenta-volver-al-liderato-a-costa-de-guabira\/#primaryimage"},"image":{"@id":"https:\/\/www.eldiario.net\/portal\/2021\/10\/26\/el-tigre-intenta-volver-al-liderato-a-costa-de-guabira\/#primaryimage"},"thumbnailUrl":"","datePublished":"2021-10-26T08:22:16+00:00","breadcrumb":{"@id":"https:\/\/www.eldiario.net\/portal\/2021\/10\/26\/el-tigre-intenta-volver-al-liderato-a-costa-de-guabira\/#breadcrumb"},"inLanguage":"es","potentialAction":[{"@type":"ReadAction","target":["https:\/\/www.eldiario.net\/portal\/2021\/10\/26\/el-tigre-intenta-volver-al-liderato-a-costa-de-guabira\/"]}]},{"@type":"ImageObject","inLanguage":"es","@id":"https:\/\/www.eldiario.net\/portal\/2021\/10\/26\/el-tigre-intenta-volver-al-liderato-a-costa-de-guabira\/#primaryimage","url":"","contentUrl":""},{"@type":"BreadcrumbList","@id":"https:\/\/www.eldiario.net\/portal\/2021\/10\/26\/el-tigre-intenta-volver-al-liderato-a-costa-de-guabira\/#breadcrumb","itemListElement":[{"@type":"ListItem","position":1,"name":"Portada","item":"https:\/\/www.eldiario.net\/portal\/"},{"@type":"ListItem","position":2,"name":"El Tigre intenta volver al liderato a costa de Guabir\u00e1"}]},{"@type":"WebSite","@id":"https:\/\/www.eldiario.net\/portal\/#website","url":"https:\/\/www.eldiario.net\/portal\/","name":"El Diario - Decano de la prensa nacional","description":"El Diario - Decano de la prensa nacional","publisher":{"@id":"https:\/\/www.eldiario.net\/portal\/#organization"},"potentialAction":[{"@type":"SearchAction","target":{"@type":"EntryPoint","urlTemplate":"https:\/\/www.eldiario.net\/portal\/?s={search_term_string}"},"query-input":{"@type":"PropertyValueSpecification","valueRequired":true,"valueName":"search_term_string"}}],"inLanguage":"es"},{"@type":"Organization","@id":"https:\/\/www.eldiario.net\/portal\/#organization","name":"El Diario - Decano de la prensa nacional","url":"https:\/\/www.eldiario.net\/portal\/","logo":{"@type":"ImageObject","inLanguage":"es","@id":"https:\/\/www.eldiario.net\/portal\/#\/schema\/logo\/image\/","url":"https:\/\/www.eldiario.net\/portal\/wp-content\/uploads\/2023\/07\/logo_ED.jpg","contentUrl":"https:\/\/www.eldiario.net\/portal\/wp-content\/uploads\/2023\/07\/logo_ED.jpg","width":272,"height":52,"caption":"El Diario - Decano de la prensa nacional"},"image":{"@id":"https:\/\/www.eldiario.net\/portal\/#\/schema\/logo\/image\/"},"sameAs":["https:\/\/www.facebook.com\/eldiario.bolivia\/","https:\/\/x.com\/eldiario_net"]},{"@type":"Person","@id":"https:\/\/www.eldiario.net\/portal\/#\/schema\/person\/2c57cf2b7a7ae032e449e4c9b1019eac","name":"Jeanette","image":{"@type":"ImageObject","inLanguage":"es","@id":"https:\/\/secure.gravatar.com\/avatar\/3ea2118a5f7dad2b7138b1187a6b7ee55f160b9968b66013c3a3ef39dd7e5798?s=96&d=mm&r=g","url":"https:\/\/secure.gravatar.com\/avatar\/3ea2118a5f7dad2b7138b1187a6b7ee55f160b9968b66013c3a3ef39dd7e5798?s=96&d=mm&r=g","contentUrl":"https:\/\/secure.gravatar.com\/avatar\/3ea2118a5f7dad2b7138b1187a6b7ee55f160b9968b66013c3a3ef39dd7e5798?s=96&d=mm&r=g","caption":"Jeanette"},"sameAs":["https:\/\/www.eldiario.net\/portal"],"url":"https:\/\/www.eldiario.net\/portal\/author\/jeanette\/"}]}},"_links":{"self":[{"href":"https:\/\/www.eldiario.net\/portal\/wp-json\/wp\/v2\/posts\/39067","targetHints":{"allow":["GET"]}}],"collection":[{"href":"https:\/\/www.eldiario.net\/portal\/wp-json\/wp\/v2\/posts"}],"about":[{"href":"https:\/\/www.eldiario.net\/portal\/wp-json\/wp\/v2\/types\/post"}],"author":[{"embeddable":true,"href":"https:\/\/www.eldiario.net\/portal\/wp-json\/wp\/v2\/users\/1"}],"replies":[{"embeddable":true,"href":"https:\/\/www.eldiario.net\/portal\/wp-json\/wp\/v2\/comments?post=39067"}],"version-history":[{"count":0,"href":"https:\/\/www.eldiario.net\/portal\/wp-json\/wp\/v2\/posts\/39067\/revisions"}],"wp:attachment":[{"href":"https:\/\/www.eldiario.net\/portal\/wp-json\/wp\/v2\/media?parent=39067"}],"wp:term":[{"taxonomy":"category","embeddable":true,"href":"https:\/\/www.eldiario.net\/portal\/wp-json\/wp\/v2\/categories?post=39067"},{"taxonomy":"post_tag","embeddable":true,"href":"https:\/\/www.eldiario.net\/portal\/wp-json\/wp\/v2\/tags?post=39067"}],"curies":[{"name":"wp","href":"https:\/\/api.w.org\/{rel}","templated":true}]}}