{"id":39064,"date":"2021-10-26T04:21:05","date_gmt":"2021-10-26T08:21:05","guid":{"rendered":"https:\/\/www.eldiario.net\/portal\/?p=39064"},"modified":"2021-10-26T04:21:05","modified_gmt":"2021-10-26T08:21:05","slug":"real-potosi-recibe-al-envalentonado-wilstermann","status":"publish","type":"post","link":"https:\/\/www.eldiario.net\/portal\/2021\/10\/26\/real-potosi-recibe-al-envalentonado-wilstermann\/","title":{"rendered":"Real Potos\u00ed recibe al envalentonado Wilstermann"},"content":{"rendered":"<p class=\"v1MsoNormal\">Real Potos\u00ed jugar\u00e1 un partido determinante frente a Wilstermann en condici\u00f3n de local, este martes, a partir de las 18:15, cotejo que representa la oportunidad de los lilas de dejar la zona del descenso indirecto de categor\u00eda.<\/p>\n<p class=\"v1MsoNormal\">La irregularidad en la producci\u00f3n del cuadro de la Villa Imperial siga siendo una carga que imposibilita al equipo dejar la zona de riesgo. El fin de semana perdi\u00f3 contra The Strongest (0-1) en La Paz, luego de que en la anterior jornada derrot\u00f3 a Oriente Petrolero (2-1). Por esa falta de estabilidad, el plantel realista est\u00e1 metido en problemas.<\/p>\n<p class=\"v1MsoNormal\">El entrenador Sebasti\u00e1n N\u00fa\u00f1ez est\u00e1 teniendo dificultades para colocar al plantel un paso m\u00e1s adelante que sus rivales en el campo. En la sede de gobierno hubo ocasiones de anotar, se gener\u00f3 f\u00fatbol, pero falt\u00f3 la definici\u00f3n, adem\u00e1s de la aparici\u00f3n de errores en la \u00faltima l\u00ednea. Adem\u00e1s de cargas las estad\u00edsticas en contra, con 29 triunfos de Real Potos\u00ed ante 40 de los aviadores, el plantel potosino tiene la presi\u00f3n de Blooming, que est\u00e1 antepen\u00faltimo. Entre ambos hay tres puntos de diferencia.<\/p>\n<p class=\"v1MsoNormal\">Las derrotas de Real Potos\u00ed y Blooming han mantenido esta brecha intacta, pero el elenco de la Villa Imperial ya no puede confiarse en que los cruce\u00f1os sigan perdiendo, tomando en cuenta que el cl\u00e1sico cruce\u00f1o se jugar\u00e1 este mi\u00e9rcoles en un escenario donde cualquier marcador puede darse.<\/p>\n<p class=\"v1MsoNormal\">Wilstermann tiene las cartas a su favor en este duelo por la victoria obtenida contra Royal Pari (4-1), resultado que ayud\u00f3 a ingresar a la zona de clasificaci\u00f3n a la Copa Sudamericana. Con ese impulso an\u00edmico, el equipo del entrenador Sebasti\u00e1n Migliaccio buscar\u00e1 los tres puntos en su visita a Potos\u00ed.<\/p>\n<p class=\"v1MsoNormal\">La formaci\u00f3n titular tendr\u00e1 las ausencias de Ramiro Ballivi\u00e1n y Mois\u00e9s Villarroel por acumulaci\u00f3n de amonestaciones, dejando vac\u00edos en el costado derecho de la defensa y en el mediocampo. El cuerpo t\u00e9cnico del club valluno optar\u00e1 por colocar a Alejandro Mele\u00e1n y a Jorge Ortiz para completar la formaci\u00f3n.<\/p>\n<p class=\"v1MsoNormal\">Real Potos\u00ed: Carlos L\u00f3pez; Joel Fern\u00e1ndez, Ronald Eguino, Luis Trujillo, Miyhel Ortiz, Rodrigo Borda, Aldo Gallardo, Nahuel Cisneros, L\u00e9iner Escalante, Gerardo Yecerotte y Bismark Ubah. DT: Sebasti\u00e1n N\u00fa\u00f1ez.<\/p>\n<p class=\"v1MsoNormal\">Wilstermann: Arnaldo Gim\u00e9nez; Alejandro Mele\u00e1n, Maximiliano Ortiz, Santiago Echeverr\u00eda, Luis Rodr\u00edguez, Carlos \u00c1\u00f1ez, Jorge Ortiz, Cristian Ch\u00e1vez, Patricio Rodr\u00edguez, Serginho y Gilbert \u00c1lvarez. DT: Sergio Migliaccio. (APG)<\/p>\n","protected":false},"excerpt":{"rendered":"<p>Real Potos\u00ed jugar\u00e1 un partido determinante frente a Wilstermann en condici\u00f3n de local, este martes, a partir de las 18:15, cotejo que representa la oportunidad de los lilas de dejar la zona del descenso indirecto de categor\u00eda. La irregularidad en la producci\u00f3n del cuadro de la Villa Imperial siga siendo una carga que imposibilita al [&hellip;]<\/p>\n","protected":false},"author":1,"featured_media":39065,"comment_status":"closed","ping_status":"closed","sticky":false,"template":"","format":"standard","meta":{"_acf_changed":false,"footnotes":""},"categories":[6],"tags":[],"class_list":["post-39064","post","type-post","status-publish","format-standard","has-post-thumbnail","category-deportes"],"acf":{"antetitulo":""},"yoast_head":"<!-- This site is optimized with the Yoast SEO plugin v28.4 - https:\/\/yoast.com\/product\/yoast-seo-wordpress\/ -->\n<title>Real Potos\u00ed recibe al envalentonado Wilstermann - El Diario - Bolivia<\/title>\n<meta name=\"robots\" content=\"index, follow, max-snippet:-1, max-image-preview:large, max-video-preview:-1\" \/>\n<link rel=\"canonical\" href=\"https:\/\/www.eldiario.net\/portal\/2021\/10\/26\/real-potosi-recibe-al-envalentonado-wilstermann\/\" \/>\n<meta property=\"og:locale\" content=\"es_ES\" \/>\n<meta property=\"og:type\" content=\"article\" \/>\n<meta property=\"og:title\" content=\"Real Potos\u00ed recibe al envalentonado Wilstermann - El Diario - Bolivia\" \/>\n<meta property=\"og:description\" content=\"Real Potos\u00ed jugar\u00e1 un partido determinante frente a Wilstermann en condici\u00f3n de local, este martes, a partir de las 18:15, cotejo que representa la oportunidad de los lilas de dejar la zona del descenso indirecto de categor\u00eda. La irregularidad en la producci\u00f3n del cuadro de la Villa Imperial siga siendo una carga que imposibilita al [&hellip;]\" \/>\n<meta property=\"og:url\" content=\"https:\/\/www.eldiario.net\/portal\/2021\/10\/26\/real-potosi-recibe-al-envalentonado-wilstermann\/\" \/>\n<meta property=\"og:site_name\" content=\"El Diario - Bolivia\" \/>\n<meta property=\"article:publisher\" content=\"https:\/\/www.facebook.com\/eldiario.bolivia\/\" \/>\n<meta property=\"article:published_time\" content=\"2021-10-26T08:21:05+00:00\" \/>\n<meta name=\"author\" content=\"Jeanette\" \/>\n<meta name=\"twitter:card\" content=\"summary_large_image\" \/>\n<meta name=\"twitter:creator\" content=\"@eldiario_net\" \/>\n<meta name=\"twitter:site\" content=\"@eldiario_net\" \/>\n<meta name=\"twitter:label1\" content=\"Escrito por\" \/>\n\t<meta name=\"twitter:data1\" content=\"Jeanette\" \/>\n\t<meta name=\"twitter:label2\" content=\"Tiempo de lectura\" \/>\n\t<meta name=\"twitter:data2\" content=\"2 minutos\" \/>\n<script type=\"application\/ld+json\" class=\"yoast-schema-graph\">{\"@context\":\"https:\\\/\\\/schema.org\",\"@graph\":[{\"@type\":\"Article\",\"@id\":\"https:\\\/\\\/www.eldiario.net\\\/portal\\\/2021\\\/10\\\/26\\\/real-potosi-recibe-al-envalentonado-wilstermann\\\/#article\",\"isPartOf\":{\"@id\":\"https:\\\/\\\/www.eldiario.net\\\/portal\\\/2021\\\/10\\\/26\\\/real-potosi-recibe-al-envalentonado-wilstermann\\\/\"},\"author\":{\"name\":\"Jeanette\",\"@id\":\"https:\\\/\\\/www.eldiario.net\\\/portal\\\/#\\\/schema\\\/person\\\/2c57cf2b7a7ae032e449e4c9b1019eac\"},\"headline\":\"Real Potos\u00ed recibe al envalentonado Wilstermann\",\"datePublished\":\"2021-10-26T08:21:05+00:00\",\"mainEntityOfPage\":{\"@id\":\"https:\\\/\\\/www.eldiario.net\\\/portal\\\/2021\\\/10\\\/26\\\/real-potosi-recibe-al-envalentonado-wilstermann\\\/\"},\"wordCount\":427,\"publisher\":{\"@id\":\"https:\\\/\\\/www.eldiario.net\\\/portal\\\/#organization\"},\"image\":{\"@id\":\"https:\\\/\\\/www.eldiario.net\\\/portal\\\/2021\\\/10\\\/26\\\/real-potosi-recibe-al-envalentonado-wilstermann\\\/#primaryimage\"},\"thumbnailUrl\":\"\",\"articleSection\":[\"Deportes\"],\"inLanguage\":\"es\"},{\"@type\":\"WebPage\",\"@id\":\"https:\\\/\\\/www.eldiario.net\\\/portal\\\/2021\\\/10\\\/26\\\/real-potosi-recibe-al-envalentonado-wilstermann\\\/\",\"url\":\"https:\\\/\\\/www.eldiario.net\\\/portal\\\/2021\\\/10\\\/26\\\/real-potosi-recibe-al-envalentonado-wilstermann\\\/\",\"name\":\"Real Potos\u00ed recibe al envalentonado Wilstermann - El Diario - Bolivia\",\"isPartOf\":{\"@id\":\"https:\\\/\\\/www.eldiario.net\\\/portal\\\/#website\"},\"primaryImageOfPage\":{\"@id\":\"https:\\\/\\\/www.eldiario.net\\\/portal\\\/2021\\\/10\\\/26\\\/real-potosi-recibe-al-envalentonado-wilstermann\\\/#primaryimage\"},\"image\":{\"@id\":\"https:\\\/\\\/www.eldiario.net\\\/portal\\\/2021\\\/10\\\/26\\\/real-potosi-recibe-al-envalentonado-wilstermann\\\/#primaryimage\"},\"thumbnailUrl\":\"\",\"datePublished\":\"2021-10-26T08:21:05+00:00\",\"breadcrumb\":{\"@id\":\"https:\\\/\\\/www.eldiario.net\\\/portal\\\/2021\\\/10\\\/26\\\/real-potosi-recibe-al-envalentonado-wilstermann\\\/#breadcrumb\"},\"inLanguage\":\"es\",\"potentialAction\":[{\"@type\":\"ReadAction\",\"target\":[\"https:\\\/\\\/www.eldiario.net\\\/portal\\\/2021\\\/10\\\/26\\\/real-potosi-recibe-al-envalentonado-wilstermann\\\/\"]}]},{\"@type\":\"ImageObject\",\"inLanguage\":\"es\",\"@id\":\"https:\\\/\\\/www.eldiario.net\\\/portal\\\/2021\\\/10\\\/26\\\/real-potosi-recibe-al-envalentonado-wilstermann\\\/#primaryimage\",\"url\":\"\",\"contentUrl\":\"\"},{\"@type\":\"BreadcrumbList\",\"@id\":\"https:\\\/\\\/www.eldiario.net\\\/portal\\\/2021\\\/10\\\/26\\\/real-potosi-recibe-al-envalentonado-wilstermann\\\/#breadcrumb\",\"itemListElement\":[{\"@type\":\"ListItem\",\"position\":1,\"name\":\"Portada\",\"item\":\"https:\\\/\\\/www.eldiario.net\\\/portal\\\/\"},{\"@type\":\"ListItem\",\"position\":2,\"name\":\"Real Potos\u00ed recibe al envalentonado Wilstermann\"}]},{\"@type\":\"WebSite\",\"@id\":\"https:\\\/\\\/www.eldiario.net\\\/portal\\\/#website\",\"url\":\"https:\\\/\\\/www.eldiario.net\\\/portal\\\/\",\"name\":\"El Diario - Decano de la prensa nacional\",\"description\":\"El Diario - Decano de la prensa nacional\",\"publisher\":{\"@id\":\"https:\\\/\\\/www.eldiario.net\\\/portal\\\/#organization\"},\"potentialAction\":[{\"@type\":\"SearchAction\",\"target\":{\"@type\":\"EntryPoint\",\"urlTemplate\":\"https:\\\/\\\/www.eldiario.net\\\/portal\\\/?s={search_term_string}\"},\"query-input\":{\"@type\":\"PropertyValueSpecification\",\"valueRequired\":true,\"valueName\":\"search_term_string\"}}],\"inLanguage\":\"es\"},{\"@type\":\"Organization\",\"@id\":\"https:\\\/\\\/www.eldiario.net\\\/portal\\\/#organization\",\"name\":\"El Diario - Decano de la prensa nacional\",\"url\":\"https:\\\/\\\/www.eldiario.net\\\/portal\\\/\",\"logo\":{\"@type\":\"ImageObject\",\"inLanguage\":\"es\",\"@id\":\"https:\\\/\\\/www.eldiario.net\\\/portal\\\/#\\\/schema\\\/logo\\\/image\\\/\",\"url\":\"https:\\\/\\\/www.eldiario.net\\\/portal\\\/wp-content\\\/uploads\\\/2023\\\/07\\\/logo_ED.jpg\",\"contentUrl\":\"https:\\\/\\\/www.eldiario.net\\\/portal\\\/wp-content\\\/uploads\\\/2023\\\/07\\\/logo_ED.jpg\",\"width\":272,\"height\":52,\"caption\":\"El Diario - Decano de la prensa nacional\"},\"image\":{\"@id\":\"https:\\\/\\\/www.eldiario.net\\\/portal\\\/#\\\/schema\\\/logo\\\/image\\\/\"},\"sameAs\":[\"https:\\\/\\\/www.facebook.com\\\/eldiario.bolivia\\\/\",\"https:\\\/\\\/x.com\\\/eldiario_net\"]},{\"@type\":\"Person\",\"@id\":\"https:\\\/\\\/www.eldiario.net\\\/portal\\\/#\\\/schema\\\/person\\\/2c57cf2b7a7ae032e449e4c9b1019eac\",\"name\":\"Jeanette\",\"image\":{\"@type\":\"ImageObject\",\"inLanguage\":\"es\",\"@id\":\"https:\\\/\\\/secure.gravatar.com\\\/avatar\\\/3ea2118a5f7dad2b7138b1187a6b7ee55f160b9968b66013c3a3ef39dd7e5798?s=96&d=mm&r=g\",\"url\":\"https:\\\/\\\/secure.gravatar.com\\\/avatar\\\/3ea2118a5f7dad2b7138b1187a6b7ee55f160b9968b66013c3a3ef39dd7e5798?s=96&d=mm&r=g\",\"contentUrl\":\"https:\\\/\\\/secure.gravatar.com\\\/avatar\\\/3ea2118a5f7dad2b7138b1187a6b7ee55f160b9968b66013c3a3ef39dd7e5798?s=96&d=mm&r=g\",\"caption\":\"Jeanette\"},\"sameAs\":[\"https:\\\/\\\/www.eldiario.net\\\/portal\"],\"url\":\"https:\\\/\\\/www.eldiario.net\\\/portal\\\/author\\\/jeanette\\\/\"}]}<\/script>\n<!-- \/ Yoast SEO plugin. -->","yoast_head_json":{"title":"Real Potos\u00ed recibe al envalentonado Wilstermann - El Diario - Bolivia","robots":{"index":"index","follow":"follow","max-snippet":"max-snippet:-1","max-image-preview":"max-image-preview:large","max-video-preview":"max-video-preview:-1"},"canonical":"https:\/\/www.eldiario.net\/portal\/2021\/10\/26\/real-potosi-recibe-al-envalentonado-wilstermann\/","og_locale":"es_ES","og_type":"article","og_title":"Real Potos\u00ed recibe al envalentonado Wilstermann - El Diario - Bolivia","og_description":"Real Potos\u00ed jugar\u00e1 un partido determinante frente a Wilstermann en condici\u00f3n de local, este martes, a partir de las 18:15, cotejo que representa la oportunidad de los lilas de dejar la zona del descenso indirecto de categor\u00eda. La irregularidad en la producci\u00f3n del cuadro de la Villa Imperial siga siendo una carga que imposibilita al [&hellip;]","og_url":"https:\/\/www.eldiario.net\/portal\/2021\/10\/26\/real-potosi-recibe-al-envalentonado-wilstermann\/","og_site_name":"El Diario - Bolivia","article_publisher":"https:\/\/www.facebook.com\/eldiario.bolivia\/","article_published_time":"2021-10-26T08:21:05+00:00","author":"Jeanette","twitter_card":"summary_large_image","twitter_creator":"@eldiario_net","twitter_site":"@eldiario_net","twitter_misc":{"Escrito por":"Jeanette","Tiempo de lectura":"2 minutos"},"schema":{"@context":"https:\/\/schema.org","@graph":[{"@type":"Article","@id":"https:\/\/www.eldiario.net\/portal\/2021\/10\/26\/real-potosi-recibe-al-envalentonado-wilstermann\/#article","isPartOf":{"@id":"https:\/\/www.eldiario.net\/portal\/2021\/10\/26\/real-potosi-recibe-al-envalentonado-wilstermann\/"},"author":{"name":"Jeanette","@id":"https:\/\/www.eldiario.net\/portal\/#\/schema\/person\/2c57cf2b7a7ae032e449e4c9b1019eac"},"headline":"Real Potos\u00ed recibe al envalentonado Wilstermann","datePublished":"2021-10-26T08:21:05+00:00","mainEntityOfPage":{"@id":"https:\/\/www.eldiario.net\/portal\/2021\/10\/26\/real-potosi-recibe-al-envalentonado-wilstermann\/"},"wordCount":427,"publisher":{"@id":"https:\/\/www.eldiario.net\/portal\/#organization"},"image":{"@id":"https:\/\/www.eldiario.net\/portal\/2021\/10\/26\/real-potosi-recibe-al-envalentonado-wilstermann\/#primaryimage"},"thumbnailUrl":"","articleSection":["Deportes"],"inLanguage":"es"},{"@type":"WebPage","@id":"https:\/\/www.eldiario.net\/portal\/2021\/10\/26\/real-potosi-recibe-al-envalentonado-wilstermann\/","url":"https:\/\/www.eldiario.net\/portal\/2021\/10\/26\/real-potosi-recibe-al-envalentonado-wilstermann\/","name":"Real Potos\u00ed recibe al envalentonado Wilstermann - El Diario - Bolivia","isPartOf":{"@id":"https:\/\/www.eldiario.net\/portal\/#website"},"primaryImageOfPage":{"@id":"https:\/\/www.eldiario.net\/portal\/2021\/10\/26\/real-potosi-recibe-al-envalentonado-wilstermann\/#primaryimage"},"image":{"@id":"https:\/\/www.eldiario.net\/portal\/2021\/10\/26\/real-potosi-recibe-al-envalentonado-wilstermann\/#primaryimage"},"thumbnailUrl":"","datePublished":"2021-10-26T08:21:05+00:00","breadcrumb":{"@id":"https:\/\/www.eldiario.net\/portal\/2021\/10\/26\/real-potosi-recibe-al-envalentonado-wilstermann\/#breadcrumb"},"inLanguage":"es","potentialAction":[{"@type":"ReadAction","target":["https:\/\/www.eldiario.net\/portal\/2021\/10\/26\/real-potosi-recibe-al-envalentonado-wilstermann\/"]}]},{"@type":"ImageObject","inLanguage":"es","@id":"https:\/\/www.eldiario.net\/portal\/2021\/10\/26\/real-potosi-recibe-al-envalentonado-wilstermann\/#primaryimage","url":"","contentUrl":""},{"@type":"BreadcrumbList","@id":"https:\/\/www.eldiario.net\/portal\/2021\/10\/26\/real-potosi-recibe-al-envalentonado-wilstermann\/#breadcrumb","itemListElement":[{"@type":"ListItem","position":1,"name":"Portada","item":"https:\/\/www.eldiario.net\/portal\/"},{"@type":"ListItem","position":2,"name":"Real Potos\u00ed recibe al envalentonado Wilstermann"}]},{"@type":"WebSite","@id":"https:\/\/www.eldiario.net\/portal\/#website","url":"https:\/\/www.eldiario.net\/portal\/","name":"El Diario - Decano de la prensa nacional","description":"El Diario - Decano de la prensa nacional","publisher":{"@id":"https:\/\/www.eldiario.net\/portal\/#organization"},"potentialAction":[{"@type":"SearchAction","target":{"@type":"EntryPoint","urlTemplate":"https:\/\/www.eldiario.net\/portal\/?s={search_term_string}"},"query-input":{"@type":"PropertyValueSpecification","valueRequired":true,"valueName":"search_term_string"}}],"inLanguage":"es"},{"@type":"Organization","@id":"https:\/\/www.eldiario.net\/portal\/#organization","name":"El Diario - Decano de la prensa nacional","url":"https:\/\/www.eldiario.net\/portal\/","logo":{"@type":"ImageObject","inLanguage":"es","@id":"https:\/\/www.eldiario.net\/portal\/#\/schema\/logo\/image\/","url":"https:\/\/www.eldiario.net\/portal\/wp-content\/uploads\/2023\/07\/logo_ED.jpg","contentUrl":"https:\/\/www.eldiario.net\/portal\/wp-content\/uploads\/2023\/07\/logo_ED.jpg","width":272,"height":52,"caption":"El Diario - Decano de la prensa nacional"},"image":{"@id":"https:\/\/www.eldiario.net\/portal\/#\/schema\/logo\/image\/"},"sameAs":["https:\/\/www.facebook.com\/eldiario.bolivia\/","https:\/\/x.com\/eldiario_net"]},{"@type":"Person","@id":"https:\/\/www.eldiario.net\/portal\/#\/schema\/person\/2c57cf2b7a7ae032e449e4c9b1019eac","name":"Jeanette","image":{"@type":"ImageObject","inLanguage":"es","@id":"https:\/\/secure.gravatar.com\/avatar\/3ea2118a5f7dad2b7138b1187a6b7ee55f160b9968b66013c3a3ef39dd7e5798?s=96&d=mm&r=g","url":"https:\/\/secure.gravatar.com\/avatar\/3ea2118a5f7dad2b7138b1187a6b7ee55f160b9968b66013c3a3ef39dd7e5798?s=96&d=mm&r=g","contentUrl":"https:\/\/secure.gravatar.com\/avatar\/3ea2118a5f7dad2b7138b1187a6b7ee55f160b9968b66013c3a3ef39dd7e5798?s=96&d=mm&r=g","caption":"Jeanette"},"sameAs":["https:\/\/www.eldiario.net\/portal"],"url":"https:\/\/www.eldiario.net\/portal\/author\/jeanette\/"}]}},"_links":{"self":[{"href":"https:\/\/www.eldiario.net\/portal\/wp-json\/wp\/v2\/posts\/39064","targetHints":{"allow":["GET"]}}],"collection":[{"href":"https:\/\/www.eldiario.net\/portal\/wp-json\/wp\/v2\/posts"}],"about":[{"href":"https:\/\/www.eldiario.net\/portal\/wp-json\/wp\/v2\/types\/post"}],"author":[{"embeddable":true,"href":"https:\/\/www.eldiario.net\/portal\/wp-json\/wp\/v2\/users\/1"}],"replies":[{"embeddable":true,"href":"https:\/\/www.eldiario.net\/portal\/wp-json\/wp\/v2\/comments?post=39064"}],"version-history":[{"count":0,"href":"https:\/\/www.eldiario.net\/portal\/wp-json\/wp\/v2\/posts\/39064\/revisions"}],"wp:attachment":[{"href":"https:\/\/www.eldiario.net\/portal\/wp-json\/wp\/v2\/media?parent=39064"}],"wp:term":[{"taxonomy":"category","embeddable":true,"href":"https:\/\/www.eldiario.net\/portal\/wp-json\/wp\/v2\/categories?post=39064"},{"taxonomy":"post_tag","embeddable":true,"href":"https:\/\/www.eldiario.net\/portal\/wp-json\/wp\/v2\/tags?post=39064"}],"curies":[{"name":"wp","href":"https:\/\/api.w.org\/{rel}","templated":true}]}}