{"id":39061,"date":"2021-10-26T04:20:54","date_gmt":"2021-10-26T08:20:54","guid":{"rendered":"https:\/\/www.eldiario.net\/portal\/?p=39061"},"modified":"2021-10-26T04:20:54","modified_gmt":"2021-10-26T08:20:54","slug":"guachalla-impone-su-ritmo-en-la-jacha-avalancha","status":"publish","type":"post","link":"https:\/\/www.eldiario.net\/portal\/2021\/10\/26\/guachalla-impone-su-ritmo-en-la-jacha-avalancha\/","title":{"rendered":"Guachalla impone su ritmo en la Jacha Avalancha"},"content":{"rendered":"<p class=\"v1MsoNormal\">El ciclista Jubert Guachalla, de la categor\u00eda Elite Pro, fue el ganador de la carrera Jacha Avalancha Sorata Internacional, competencia que cont\u00f3 con la participaci\u00f3n de 200 corredores en las dos etapas, atravesando por la l\u00ednea sendero Loma-Loma y Paso Chu-Chu, en esta localidad pace\u00f1a, ubicada dentro de la provincia Larecaja.<\/p>\n<p class=\"v1MsoNormal\">Con un tiempo de 36:59.098, Guachalla fue el vencedor de esta prueba que re\u00fane la belleza del paisaje de Sorata con un recorrido en descenso, que representa un desaf\u00edo para los corredores, con ca\u00eddas en plena carrera y con la hospitalidad de los lugare\u00f1os en la meta.<\/p>\n<p class=\"v1MsoNormal\">Guachalla marc\u00f3 el ritmo de esta prueba con una ventaja considerable sobre los dem\u00e1s participantes en Elite Pro. El podio, ubicado en la plaza principal, fue completado por Juan Carlos Oztria (37:16.962) y Mauricio Jord\u00e1n (37:31.225).<\/p>\n<p class=\"v1MsoNormal\">En el a\u00f1o de la reactivaci\u00f3n econ\u00f3mica en el sector del turismo, Sorata dio la bienvenida a 200 ciclistas, divididos en 11 categor\u00edas, compitiendo los dos d\u00edas y que finaliz\u00f3 el domingo con una fraternizaci\u00f3n con los pobladores que completaron esta fiesta deportiva. Hubo presencia de deportistas de Colombia, Per\u00fa, Estados Unidos, Francia y del interior del pa\u00eds.<\/p>\n<p class=\"v1MsoNormal\">Estos fueron los ganadores en los dem\u00e1s grupos: Vincent Metge, con 37:46.070, en Elite; Linda Fraikin, con 51:12.052, en Damas; Ariel Quelca, con 37:38.128, en Hardtail Pro; Fidel Laura Mamani, con 46:14.381, en Hardtail; Noel Molina Irahola, con 39:42.901, en Juvenil; Pedro Ticona Condori, con 39:52.327, en Mayores \u00abA\u00bb; Ernesto Garc\u00eda Luzio, con 43:28.182, en Mayores \u00abB\u00bb; Luis Alegre Machaca, con 43:47.394, en Menores; Miguel Barroso Uzqueda, con 58:12.871, en Sport; y Paul El Hage, con 18:16.343, en Cronowar. (APG)<\/p>\n","protected":false},"excerpt":{"rendered":"<p>El ciclista Jubert Guachalla, de la categor\u00eda Elite Pro, fue el ganador de la carrera Jacha Avalancha Sorata Internacional, competencia que cont\u00f3 con la participaci\u00f3n de 200 corredores en las dos etapas, atravesando por la l\u00ednea sendero Loma-Loma y Paso Chu-Chu, en esta localidad pace\u00f1a, ubicada dentro de la provincia Larecaja. Con un tiempo de [&hellip;]<\/p>\n","protected":false},"author":1,"featured_media":39062,"comment_status":"closed","ping_status":"closed","sticky":false,"template":"","format":"standard","meta":{"_acf_changed":false,"footnotes":""},"categories":[6],"tags":[],"class_list":["post-39061","post","type-post","status-publish","format-standard","has-post-thumbnail","category-deportes"],"acf":{"antetitulo":""},"yoast_head":"<!-- This site is optimized with the Yoast SEO plugin v28.4 - https:\/\/yoast.com\/product\/yoast-seo-wordpress\/ -->\n<title>Guachalla impone su ritmo en la Jacha Avalancha - El Diario - Bolivia<\/title>\n<meta name=\"robots\" content=\"index, follow, max-snippet:-1, max-image-preview:large, max-video-preview:-1\" \/>\n<link rel=\"canonical\" href=\"https:\/\/www.eldiario.net\/portal\/2021\/10\/26\/guachalla-impone-su-ritmo-en-la-jacha-avalancha\/\" \/>\n<meta property=\"og:locale\" content=\"es_ES\" \/>\n<meta property=\"og:type\" content=\"article\" \/>\n<meta property=\"og:title\" content=\"Guachalla impone su ritmo en la Jacha Avalancha - El Diario - Bolivia\" \/>\n<meta property=\"og:description\" content=\"El ciclista Jubert Guachalla, de la categor\u00eda Elite Pro, fue el ganador de la carrera Jacha Avalancha Sorata Internacional, competencia que cont\u00f3 con la participaci\u00f3n de 200 corredores en las dos etapas, atravesando por la l\u00ednea sendero Loma-Loma y Paso Chu-Chu, en esta localidad pace\u00f1a, ubicada dentro de la provincia Larecaja. Con un tiempo de [&hellip;]\" \/>\n<meta property=\"og:url\" content=\"https:\/\/www.eldiario.net\/portal\/2021\/10\/26\/guachalla-impone-su-ritmo-en-la-jacha-avalancha\/\" \/>\n<meta property=\"og:site_name\" content=\"El Diario - Bolivia\" \/>\n<meta property=\"article:publisher\" content=\"https:\/\/www.facebook.com\/eldiario.bolivia\/\" \/>\n<meta property=\"article:published_time\" content=\"2021-10-26T08:20:54+00:00\" \/>\n<meta name=\"author\" content=\"Jeanette\" \/>\n<meta name=\"twitter:card\" content=\"summary_large_image\" \/>\n<meta name=\"twitter:creator\" content=\"@eldiario_net\" \/>\n<meta name=\"twitter:site\" content=\"@eldiario_net\" \/>\n<meta name=\"twitter:label1\" content=\"Escrito por\" \/>\n\t<meta name=\"twitter:data1\" content=\"Jeanette\" \/>\n\t<meta name=\"twitter:label2\" content=\"Tiempo de lectura\" \/>\n\t<meta name=\"twitter:data2\" content=\"2 minutos\" \/>\n<script type=\"application\/ld+json\" class=\"yoast-schema-graph\">{\"@context\":\"https:\\\/\\\/schema.org\",\"@graph\":[{\"@type\":\"Article\",\"@id\":\"https:\\\/\\\/www.eldiario.net\\\/portal\\\/2021\\\/10\\\/26\\\/guachalla-impone-su-ritmo-en-la-jacha-avalancha\\\/#article\",\"isPartOf\":{\"@id\":\"https:\\\/\\\/www.eldiario.net\\\/portal\\\/2021\\\/10\\\/26\\\/guachalla-impone-su-ritmo-en-la-jacha-avalancha\\\/\"},\"author\":{\"name\":\"Jeanette\",\"@id\":\"https:\\\/\\\/www.eldiario.net\\\/portal\\\/#\\\/schema\\\/person\\\/2c57cf2b7a7ae032e449e4c9b1019eac\"},\"headline\":\"Guachalla impone su ritmo en la Jacha Avalancha\",\"datePublished\":\"2021-10-26T08:20:54+00:00\",\"mainEntityOfPage\":{\"@id\":\"https:\\\/\\\/www.eldiario.net\\\/portal\\\/2021\\\/10\\\/26\\\/guachalla-impone-su-ritmo-en-la-jacha-avalancha\\\/\"},\"wordCount\":283,\"publisher\":{\"@id\":\"https:\\\/\\\/www.eldiario.net\\\/portal\\\/#organization\"},\"image\":{\"@id\":\"https:\\\/\\\/www.eldiario.net\\\/portal\\\/2021\\\/10\\\/26\\\/guachalla-impone-su-ritmo-en-la-jacha-avalancha\\\/#primaryimage\"},\"thumbnailUrl\":\"\",\"articleSection\":[\"Deportes\"],\"inLanguage\":\"es\"},{\"@type\":\"WebPage\",\"@id\":\"https:\\\/\\\/www.eldiario.net\\\/portal\\\/2021\\\/10\\\/26\\\/guachalla-impone-su-ritmo-en-la-jacha-avalancha\\\/\",\"url\":\"https:\\\/\\\/www.eldiario.net\\\/portal\\\/2021\\\/10\\\/26\\\/guachalla-impone-su-ritmo-en-la-jacha-avalancha\\\/\",\"name\":\"Guachalla impone su ritmo en la Jacha Avalancha - El Diario - Bolivia\",\"isPartOf\":{\"@id\":\"https:\\\/\\\/www.eldiario.net\\\/portal\\\/#website\"},\"primaryImageOfPage\":{\"@id\":\"https:\\\/\\\/www.eldiario.net\\\/portal\\\/2021\\\/10\\\/26\\\/guachalla-impone-su-ritmo-en-la-jacha-avalancha\\\/#primaryimage\"},\"image\":{\"@id\":\"https:\\\/\\\/www.eldiario.net\\\/portal\\\/2021\\\/10\\\/26\\\/guachalla-impone-su-ritmo-en-la-jacha-avalancha\\\/#primaryimage\"},\"thumbnailUrl\":\"\",\"datePublished\":\"2021-10-26T08:20:54+00:00\",\"breadcrumb\":{\"@id\":\"https:\\\/\\\/www.eldiario.net\\\/portal\\\/2021\\\/10\\\/26\\\/guachalla-impone-su-ritmo-en-la-jacha-avalancha\\\/#breadcrumb\"},\"inLanguage\":\"es\",\"potentialAction\":[{\"@type\":\"ReadAction\",\"target\":[\"https:\\\/\\\/www.eldiario.net\\\/portal\\\/2021\\\/10\\\/26\\\/guachalla-impone-su-ritmo-en-la-jacha-avalancha\\\/\"]}]},{\"@type\":\"ImageObject\",\"inLanguage\":\"es\",\"@id\":\"https:\\\/\\\/www.eldiario.net\\\/portal\\\/2021\\\/10\\\/26\\\/guachalla-impone-su-ritmo-en-la-jacha-avalancha\\\/#primaryimage\",\"url\":\"\",\"contentUrl\":\"\"},{\"@type\":\"BreadcrumbList\",\"@id\":\"https:\\\/\\\/www.eldiario.net\\\/portal\\\/2021\\\/10\\\/26\\\/guachalla-impone-su-ritmo-en-la-jacha-avalancha\\\/#breadcrumb\",\"itemListElement\":[{\"@type\":\"ListItem\",\"position\":1,\"name\":\"Portada\",\"item\":\"https:\\\/\\\/www.eldiario.net\\\/portal\\\/\"},{\"@type\":\"ListItem\",\"position\":2,\"name\":\"Guachalla impone su ritmo en la Jacha Avalancha\"}]},{\"@type\":\"WebSite\",\"@id\":\"https:\\\/\\\/www.eldiario.net\\\/portal\\\/#website\",\"url\":\"https:\\\/\\\/www.eldiario.net\\\/portal\\\/\",\"name\":\"El Diario - Decano de la prensa nacional\",\"description\":\"El Diario - Decano de la prensa nacional\",\"publisher\":{\"@id\":\"https:\\\/\\\/www.eldiario.net\\\/portal\\\/#organization\"},\"potentialAction\":[{\"@type\":\"SearchAction\",\"target\":{\"@type\":\"EntryPoint\",\"urlTemplate\":\"https:\\\/\\\/www.eldiario.net\\\/portal\\\/?s={search_term_string}\"},\"query-input\":{\"@type\":\"PropertyValueSpecification\",\"valueRequired\":true,\"valueName\":\"search_term_string\"}}],\"inLanguage\":\"es\"},{\"@type\":\"Organization\",\"@id\":\"https:\\\/\\\/www.eldiario.net\\\/portal\\\/#organization\",\"name\":\"El Diario - Decano de la prensa nacional\",\"url\":\"https:\\\/\\\/www.eldiario.net\\\/portal\\\/\",\"logo\":{\"@type\":\"ImageObject\",\"inLanguage\":\"es\",\"@id\":\"https:\\\/\\\/www.eldiario.net\\\/portal\\\/#\\\/schema\\\/logo\\\/image\\\/\",\"url\":\"https:\\\/\\\/www.eldiario.net\\\/portal\\\/wp-content\\\/uploads\\\/2023\\\/07\\\/logo_ED.jpg\",\"contentUrl\":\"https:\\\/\\\/www.eldiario.net\\\/portal\\\/wp-content\\\/uploads\\\/2023\\\/07\\\/logo_ED.jpg\",\"width\":272,\"height\":52,\"caption\":\"El Diario - Decano de la prensa nacional\"},\"image\":{\"@id\":\"https:\\\/\\\/www.eldiario.net\\\/portal\\\/#\\\/schema\\\/logo\\\/image\\\/\"},\"sameAs\":[\"https:\\\/\\\/www.facebook.com\\\/eldiario.bolivia\\\/\",\"https:\\\/\\\/x.com\\\/eldiario_net\"]},{\"@type\":\"Person\",\"@id\":\"https:\\\/\\\/www.eldiario.net\\\/portal\\\/#\\\/schema\\\/person\\\/2c57cf2b7a7ae032e449e4c9b1019eac\",\"name\":\"Jeanette\",\"image\":{\"@type\":\"ImageObject\",\"inLanguage\":\"es\",\"@id\":\"https:\\\/\\\/secure.gravatar.com\\\/avatar\\\/3ea2118a5f7dad2b7138b1187a6b7ee55f160b9968b66013c3a3ef39dd7e5798?s=96&d=mm&r=g\",\"url\":\"https:\\\/\\\/secure.gravatar.com\\\/avatar\\\/3ea2118a5f7dad2b7138b1187a6b7ee55f160b9968b66013c3a3ef39dd7e5798?s=96&d=mm&r=g\",\"contentUrl\":\"https:\\\/\\\/secure.gravatar.com\\\/avatar\\\/3ea2118a5f7dad2b7138b1187a6b7ee55f160b9968b66013c3a3ef39dd7e5798?s=96&d=mm&r=g\",\"caption\":\"Jeanette\"},\"sameAs\":[\"https:\\\/\\\/www.eldiario.net\\\/portal\"],\"url\":\"https:\\\/\\\/www.eldiario.net\\\/portal\\\/author\\\/jeanette\\\/\"}]}<\/script>\n<!-- \/ Yoast SEO plugin. -->","yoast_head_json":{"title":"Guachalla impone su ritmo en la Jacha Avalancha - El Diario - Bolivia","robots":{"index":"index","follow":"follow","max-snippet":"max-snippet:-1","max-image-preview":"max-image-preview:large","max-video-preview":"max-video-preview:-1"},"canonical":"https:\/\/www.eldiario.net\/portal\/2021\/10\/26\/guachalla-impone-su-ritmo-en-la-jacha-avalancha\/","og_locale":"es_ES","og_type":"article","og_title":"Guachalla impone su ritmo en la Jacha Avalancha - El Diario - Bolivia","og_description":"El ciclista Jubert Guachalla, de la categor\u00eda Elite Pro, fue el ganador de la carrera Jacha Avalancha Sorata Internacional, competencia que cont\u00f3 con la participaci\u00f3n de 200 corredores en las dos etapas, atravesando por la l\u00ednea sendero Loma-Loma y Paso Chu-Chu, en esta localidad pace\u00f1a, ubicada dentro de la provincia Larecaja. Con un tiempo de [&hellip;]","og_url":"https:\/\/www.eldiario.net\/portal\/2021\/10\/26\/guachalla-impone-su-ritmo-en-la-jacha-avalancha\/","og_site_name":"El Diario - Bolivia","article_publisher":"https:\/\/www.facebook.com\/eldiario.bolivia\/","article_published_time":"2021-10-26T08:20:54+00:00","author":"Jeanette","twitter_card":"summary_large_image","twitter_creator":"@eldiario_net","twitter_site":"@eldiario_net","twitter_misc":{"Escrito por":"Jeanette","Tiempo de lectura":"2 minutos"},"schema":{"@context":"https:\/\/schema.org","@graph":[{"@type":"Article","@id":"https:\/\/www.eldiario.net\/portal\/2021\/10\/26\/guachalla-impone-su-ritmo-en-la-jacha-avalancha\/#article","isPartOf":{"@id":"https:\/\/www.eldiario.net\/portal\/2021\/10\/26\/guachalla-impone-su-ritmo-en-la-jacha-avalancha\/"},"author":{"name":"Jeanette","@id":"https:\/\/www.eldiario.net\/portal\/#\/schema\/person\/2c57cf2b7a7ae032e449e4c9b1019eac"},"headline":"Guachalla impone su ritmo en la Jacha Avalancha","datePublished":"2021-10-26T08:20:54+00:00","mainEntityOfPage":{"@id":"https:\/\/www.eldiario.net\/portal\/2021\/10\/26\/guachalla-impone-su-ritmo-en-la-jacha-avalancha\/"},"wordCount":283,"publisher":{"@id":"https:\/\/www.eldiario.net\/portal\/#organization"},"image":{"@id":"https:\/\/www.eldiario.net\/portal\/2021\/10\/26\/guachalla-impone-su-ritmo-en-la-jacha-avalancha\/#primaryimage"},"thumbnailUrl":"","articleSection":["Deportes"],"inLanguage":"es"},{"@type":"WebPage","@id":"https:\/\/www.eldiario.net\/portal\/2021\/10\/26\/guachalla-impone-su-ritmo-en-la-jacha-avalancha\/","url":"https:\/\/www.eldiario.net\/portal\/2021\/10\/26\/guachalla-impone-su-ritmo-en-la-jacha-avalancha\/","name":"Guachalla impone su ritmo en la Jacha Avalancha - El Diario - Bolivia","isPartOf":{"@id":"https:\/\/www.eldiario.net\/portal\/#website"},"primaryImageOfPage":{"@id":"https:\/\/www.eldiario.net\/portal\/2021\/10\/26\/guachalla-impone-su-ritmo-en-la-jacha-avalancha\/#primaryimage"},"image":{"@id":"https:\/\/www.eldiario.net\/portal\/2021\/10\/26\/guachalla-impone-su-ritmo-en-la-jacha-avalancha\/#primaryimage"},"thumbnailUrl":"","datePublished":"2021-10-26T08:20:54+00:00","breadcrumb":{"@id":"https:\/\/www.eldiario.net\/portal\/2021\/10\/26\/guachalla-impone-su-ritmo-en-la-jacha-avalancha\/#breadcrumb"},"inLanguage":"es","potentialAction":[{"@type":"ReadAction","target":["https:\/\/www.eldiario.net\/portal\/2021\/10\/26\/guachalla-impone-su-ritmo-en-la-jacha-avalancha\/"]}]},{"@type":"ImageObject","inLanguage":"es","@id":"https:\/\/www.eldiario.net\/portal\/2021\/10\/26\/guachalla-impone-su-ritmo-en-la-jacha-avalancha\/#primaryimage","url":"","contentUrl":""},{"@type":"BreadcrumbList","@id":"https:\/\/www.eldiario.net\/portal\/2021\/10\/26\/guachalla-impone-su-ritmo-en-la-jacha-avalancha\/#breadcrumb","itemListElement":[{"@type":"ListItem","position":1,"name":"Portada","item":"https:\/\/www.eldiario.net\/portal\/"},{"@type":"ListItem","position":2,"name":"Guachalla impone su ritmo en la Jacha Avalancha"}]},{"@type":"WebSite","@id":"https:\/\/www.eldiario.net\/portal\/#website","url":"https:\/\/www.eldiario.net\/portal\/","name":"El Diario - Decano de la prensa nacional","description":"El Diario - Decano de la prensa nacional","publisher":{"@id":"https:\/\/www.eldiario.net\/portal\/#organization"},"potentialAction":[{"@type":"SearchAction","target":{"@type":"EntryPoint","urlTemplate":"https:\/\/www.eldiario.net\/portal\/?s={search_term_string}"},"query-input":{"@type":"PropertyValueSpecification","valueRequired":true,"valueName":"search_term_string"}}],"inLanguage":"es"},{"@type":"Organization","@id":"https:\/\/www.eldiario.net\/portal\/#organization","name":"El Diario - Decano de la prensa nacional","url":"https:\/\/www.eldiario.net\/portal\/","logo":{"@type":"ImageObject","inLanguage":"es","@id":"https:\/\/www.eldiario.net\/portal\/#\/schema\/logo\/image\/","url":"https:\/\/www.eldiario.net\/portal\/wp-content\/uploads\/2023\/07\/logo_ED.jpg","contentUrl":"https:\/\/www.eldiario.net\/portal\/wp-content\/uploads\/2023\/07\/logo_ED.jpg","width":272,"height":52,"caption":"El Diario - Decano de la prensa nacional"},"image":{"@id":"https:\/\/www.eldiario.net\/portal\/#\/schema\/logo\/image\/"},"sameAs":["https:\/\/www.facebook.com\/eldiario.bolivia\/","https:\/\/x.com\/eldiario_net"]},{"@type":"Person","@id":"https:\/\/www.eldiario.net\/portal\/#\/schema\/person\/2c57cf2b7a7ae032e449e4c9b1019eac","name":"Jeanette","image":{"@type":"ImageObject","inLanguage":"es","@id":"https:\/\/secure.gravatar.com\/avatar\/3ea2118a5f7dad2b7138b1187a6b7ee55f160b9968b66013c3a3ef39dd7e5798?s=96&d=mm&r=g","url":"https:\/\/secure.gravatar.com\/avatar\/3ea2118a5f7dad2b7138b1187a6b7ee55f160b9968b66013c3a3ef39dd7e5798?s=96&d=mm&r=g","contentUrl":"https:\/\/secure.gravatar.com\/avatar\/3ea2118a5f7dad2b7138b1187a6b7ee55f160b9968b66013c3a3ef39dd7e5798?s=96&d=mm&r=g","caption":"Jeanette"},"sameAs":["https:\/\/www.eldiario.net\/portal"],"url":"https:\/\/www.eldiario.net\/portal\/author\/jeanette\/"}]}},"_links":{"self":[{"href":"https:\/\/www.eldiario.net\/portal\/wp-json\/wp\/v2\/posts\/39061","targetHints":{"allow":["GET"]}}],"collection":[{"href":"https:\/\/www.eldiario.net\/portal\/wp-json\/wp\/v2\/posts"}],"about":[{"href":"https:\/\/www.eldiario.net\/portal\/wp-json\/wp\/v2\/types\/post"}],"author":[{"embeddable":true,"href":"https:\/\/www.eldiario.net\/portal\/wp-json\/wp\/v2\/users\/1"}],"replies":[{"embeddable":true,"href":"https:\/\/www.eldiario.net\/portal\/wp-json\/wp\/v2\/comments?post=39061"}],"version-history":[{"count":0,"href":"https:\/\/www.eldiario.net\/portal\/wp-json\/wp\/v2\/posts\/39061\/revisions"}],"wp:attachment":[{"href":"https:\/\/www.eldiario.net\/portal\/wp-json\/wp\/v2\/media?parent=39061"}],"wp:term":[{"taxonomy":"category","embeddable":true,"href":"https:\/\/www.eldiario.net\/portal\/wp-json\/wp\/v2\/categories?post=39061"},{"taxonomy":"post_tag","embeddable":true,"href":"https:\/\/www.eldiario.net\/portal\/wp-json\/wp\/v2\/tags?post=39061"}],"curies":[{"name":"wp","href":"https:\/\/api.w.org\/{rel}","templated":true}]}}