{"id":39056,"date":"2021-10-26T04:19:02","date_gmt":"2021-10-26T08:19:02","guid":{"rendered":"https:\/\/www.eldiario.net\/portal\/?p=39056"},"modified":"2021-10-26T04:19:02","modified_gmt":"2021-10-26T08:19:02","slug":"las-vacunas-y-nuestro-sistema-inmunitario","status":"publish","type":"post","link":"https:\/\/www.eldiario.net\/portal\/2021\/10\/26\/las-vacunas-y-nuestro-sistema-inmunitario\/","title":{"rendered":"Las vacunas y nuestro sistema inmunitario"},"content":{"rendered":"<p><strong>Por: Equipo editor<\/strong><\/p>\n<p>&nbsp;<\/p>\n<p><strong>\u00bfQu\u00e9 es una vacuna?<\/strong><\/p>\n<p>&nbsp;<\/p>\n<p>Son productos biol\u00f3gicos creados a partir de microorganismos como bacterias o virus, muertos o atenuados con la finalidad de generar inmunidad en el organismo frente a una determinada enfermedad, estimul\u00e1ndolo para que genere anticuerpos que luego actuar\u00e1n protegi\u00e9ndolo frente a futuras infecciones, pues el sistema inmune podr\u00e1 reconocer el agente infeccioso y destruirlo. Generalmente, se proporcionan durante la infancia para proteger a los ni\u00f1os contra enfermedades graves y, a menudo, mortales. Sin embargo, hoy m\u00e1s que nunca se hace necesario y habitual la vacunaci\u00f3n a cualquier grupo etario para encarar diferentes enfermedades, como el VPH, Covid-19, entre otros.<\/p>\n<p>&nbsp;<\/p>\n<p><strong>\u00bfCu\u00e1les son los ingredientes de una vacuna?<\/strong><\/p>\n<p>&nbsp;<\/p>\n<p>Las vacunas contienen fragmentos min\u00fasculos del organismo causante de la enfermedad, y en algunas ocasiones esos fragmentos se construyen en base a una gu\u00eda. Asimismo, contienen otros ingredientes para mantener la seguridad y la eficacia de la vacuna. Estos \u00faltimos se incluyen en la mayor\u00eda de las vacunas y se han utilizado durante varias d\u00e9cadas.<\/p>\n<p>&nbsp;<\/p>\n<p>Cada componente de una vacuna cumple una finalidad espec\u00edfica, y cada ingrediente se somete a diversas pruebas durante el proceso de fabricaci\u00f3n. En ese proceso se verifica la seguridad de todos los ingredientes.<\/p>\n<p>&nbsp;<\/p>\n<p>Seg\u00fan un documento de la Organizaci\u00f3n Mundial de la Salud, los componentes de una vacuna son:<\/p>\n<p>&nbsp;<\/p>\n<p><strong>Ant\u00edgeno<\/strong><\/p>\n<p>&nbsp;<\/p>\n<p>Todas las vacunas contienen un componente activo (el ant\u00edgeno) que genera una respuesta inmunitaria, o las instrucciones para producir ese componente activo. El ant\u00edgeno puede ser una peque\u00f1a parte del organismo causante de la enfermedad, por ejemplo, una prote\u00edna o az\u00facar, o bien el organismo completo atenuado o inactivado.<\/p>\n<p>&nbsp;<\/p>\n<p><strong>Conservantes<\/strong><\/p>\n<p>&nbsp;<\/p>\n<p>Los conservantes impiden que la vacuna se contamine cuando se abre un vial que se utilizar\u00e1 para vacunar a m\u00e1s de una persona. Algunas vacunas no tienen conservantes porque se almacenan en viales monodosis y se desechan tras su administraci\u00f3n. El conservante m\u00e1s com\u00fanmente utilizado es el 2-phenoxyethanol. Se lo ha usado durante muchos a\u00f1os en algunas vacunas, as\u00ed como en una serie de productos para cuidados infantiles, y su uso en las vacunas es seguro porque posee muy baja toxicidad en seres humanos.<\/p>\n<p>&nbsp;<\/p>\n<p><strong>Estabilizantes<\/strong><\/p>\n<p>&nbsp;<\/p>\n<p>Los estabilizantes impiden que se produzcan reacciones qu\u00edmicas en la vacuna y evitan que los componentes de la vacuna se adhieran al vial. Los estabilizantes pueden ser az\u00facares (lactosa, sacarosa), amino\u00e1cidos (glicina), gelatina y prote\u00ednas (alb\u00famina humana recombinante, derivada de levaduras).<\/p>\n<p>&nbsp;<\/p>\n<p><strong>Sustancias tensioactivas<\/strong><\/p>\n<p>&nbsp;<\/p>\n<p>Las sustancias tensioactivas mantienen mezclados todos los ingredientes de la vacuna. Esas sustancias impiden que los elementos presentes en la forma l\u00edquida de la vacuna se asienten o se aglutinen. Tambi\u00e9n se las suele utilizar en alimentos, por ejemplo, en los helados.<\/p>\n<p>&nbsp;<\/p>\n<p><strong>Sustancias residuales<\/strong><\/p>\n<p>&nbsp;<\/p>\n<p>Las sustancias residuales son \u00ednfimas cantidades de diversas sustancias utilizadas durante la fabricaci\u00f3n o producci\u00f3n de la vacuna, que no son ingredientes activos en la vacuna final. Las sustancias variar\u00e1n en funci\u00f3n del proceso de fabricaci\u00f3n utilizado, y pueden incluir prote\u00ednas de huevo, levaduras o antibi\u00f3ticos. Las trazas residuales de esas sustancias que se podr\u00edan encontrar en una vacuna son tan \u00ednfimas que se las debe medir como partes por mill\u00f3n o partes por mil millones.<\/p>\n<p>&nbsp;<\/p>\n<p><strong>Diluyente<\/strong><\/p>\n<p>&nbsp;<\/p>\n<p>Un diluyente es un l\u00edquido utilizado para diluir una vacuna en la concentraci\u00f3n correcta, inmediatamente antes de su uso. El diluyente de uso m\u00e1s generalizado es el agua esterilizada.<\/p>\n<p>&nbsp;<\/p>\n<p><strong>Coadyuvante<\/strong><\/p>\n<p>&nbsp;<\/p>\n<p>Adem\u00e1s, algunas vacunas contienen coadyuvantes. Un coadyuvante mejora la respuesta inmunitaria a la vacuna, bien sea reteniendo la vacuna en el lugar de la inyecci\u00f3n durante algo m\u00e1s de tiempo, o mediante la estimulaci\u00f3n de c\u00e9lulas inmunitarias locales.<\/p>\n<p>&nbsp;<\/p>\n<p>El coadyuvante puede ser una \u00ednfima cantidad de sales de aluminio (por ejemplo, fosfato de aluminio, hidr\u00f3xido de aluminio o alumbre pot\u00e1sico). Se ha demostrado que el aluminio no ocasiona ning\u00fan problema de salud a largo plazo; de hecho, las personas ingieren aluminio com\u00fanmente a trav\u00e9s de comidas y bebidas.<\/p>\n<p>&nbsp;<\/p>\n<p><strong>\u00bfC\u00f3mo se desarrollan las vacunas?<\/strong><\/p>\n<p>&nbsp;<\/p>\n<p>La mayor\u00eda de las vacunas se han utilizado durante decenios, y millones de personas las han recibido cada a\u00f1o con total seguridad. Al igual que todos los medicamentos, cada vacuna debe pasar pruebas amplias y rigurosas que garantizan su seguridad antes de introducirla en un programa nacional de vacunaci\u00f3n.<\/p>\n<p>&nbsp;<\/p>\n<p>Ante todo, cada vacuna en desarrollo debe someterse a investigaciones y evaluaciones destinadas a identificar los ant\u00edgenos que se deber\u00edan utilizar para generar una respuesta inmunitaria. Esa fase precl\u00ednica se realiza sin pruebas en seres humanos. Una vacuna experimental se prueba inicialmente en animales, con el fin de evaluar su seguridad y sus posibilidades para prevenir la enfermedad.<\/p>\n<p>&nbsp;<\/p>\n<p>Si la vacuna provoca una respuesta inmunitaria, se la prueba en ensayos cl\u00ednicos con seres humanos, en tres fases.<\/p>\n<p>&nbsp;<\/p>\n<p><strong>Fase 1<\/strong><\/p>\n<p>&nbsp;<\/p>\n<p>La vacuna se administra a un peque\u00f1o n\u00famero de voluntarios con el fin de evaluar su seguridad, confirmar que genera una respuesta inmunitaria y determinar la dosis correcta. En esta fase, por lo general, las vacunas se prueban en voluntarios adultos j\u00f3venes y sanos.<\/p>\n<p>&nbsp;<\/p>\n<p><strong>Fase 2<\/strong><\/p>\n<p>&nbsp;<\/p>\n<p>La vacuna se administra a varios cientos de voluntarios, con el fin de evaluar m\u00e1s a fondo su seguridad y su capacidad para generar una respuesta inmunitaria. Los participantes en estos ensayos re\u00fanen las mismas caracter\u00edsticas (por ejemplo, edad, sexo) que las personas a las que se prev\u00e9 administrar la vacuna. En esta fase se suelen realizar m\u00faltiples ensayos para evaluar diversos grupos etarios y diferentes formulaciones de la vacuna. Generalmente, en esta fase se incluye un grupo al que no se le administra la vacuna, con miras a realizar comparaciones y determinar si los cambios en el grupo vacunado son atribuibles a la vacuna o se han producido por azar.<\/p>\n<p>&nbsp;<\/p>\n<p><strong>Fase 3<\/strong><\/p>\n<p>&nbsp;<\/p>\n<p>La vacuna se administra a miles de voluntarios y se realizan comparaciones con un grupo similar de persona que no fueron vacunadas pero recibieron un producto comparador, a fin de determinar si la vacuna es eficaz contra la enfermedad y estudiar su seguridad en un grupo de personas mucho m\u00e1s numeroso. Por lo general, los ensayos de fase 3 se realizan en muchos pa\u00edses y en numerosos lugares de cada pa\u00eds, con el fin de asegurar que las conclusiones respecto de la eficacia de la vacuna sean v\u00e1lidas en relaci\u00f3n con muchas poblaciones diferentes.<\/p>\n<p>&nbsp;<\/p>\n<p>Durante los ensayos de fase 2 y fase 3 los voluntarios y los cient\u00edficos que realizan el estudio no saben\u00a0a qu\u00e9 voluntarios se les administra la vacuna y a qui\u00e9nes se les administra el producto comparador. Esto se conoce como \u201censayo de doble ciego\u201d, y es necesario para asegurar que en sus evaluaciones de la seguridad o la eficacia de la vacuna, ni los voluntarios ni los cient\u00edficos se vean influenciados por saber qui\u00e9nes recibieron qu\u00e9 producto. Una vez finalizado el ensayo y obtenidos todos los resultados se revela a los voluntarios y a los cient\u00edficos que condujeron el ensayo, qui\u00e9nes recibieron la vacuna y qui\u00e9nes el comparador.<\/p>\n<p>&nbsp;<\/p>\n<p>Una vez disponibles los resultados de todos esos ensayos cl\u00ednicos es necesario realizar una serie de pasos que incluyen ex\u00e1menes de la eficacia y la seguridad destinados a obtener las aprobaciones reglamentarias y normativas de salud p\u00fablica. Las autoridades de cada pa\u00eds examinar\u00e1n minuciosamente los datos del estudio y decidir\u00e1n si autorizan la vacuna para su uso. Antes de introducir una vacuna en un programa nacional de inmunizaci\u00f3n es preciso demostrar su seguridad y eficacia en una poblaci\u00f3n amplia. Las exigencias relativas a la seguridad y la eficacia de las vacuna son extremadamente altas, habida cuenta de que las vacunas se administran a personas sanas y sin enfermedad.<\/p>\n<p>&nbsp;<\/p>\n<p>Tras la introducci\u00f3n de la vacuna se realiza un seguimiento constante. Existen sistemas de seguimiento de la seguridad y la eficacia de todas las vacunas. Esto permite a los cient\u00edficos conocer los efectos y la seguridad de la vacuna incluso cuando se utilizan en un gran n\u00famero de personas durante un periodo prolongado. Esos datos se usan para modificar las pol\u00edticas concernientes al uso de la vacuna con el fin de optimizar sus efectos, y permiten el estricto seguimiento de la vacuna mientras se la utilice.<\/p>\n<p>&nbsp;<\/p>\n<p>Una vez que se comienza a utilizar una vacuna es preciso mantener un seguimiento continuado para garantizar que sigue siendo segura.<\/p>\n<p>&nbsp;<\/p>\n<p><strong>\u00bfC\u00f3mo funcionan las vacunas dentro del organismo?<\/strong><\/p>\n<p>&nbsp;<\/p>\n<p>Las vacunas ingresan al organismo para enga\u00f1arlo, espec\u00edficamente al sistema inmunol\u00f3gico, haci\u00e9ndole pensar que est\u00e1 siendo atacado por un agente infeccioso y oblig\u00e1ndole a defenderse. El microorganismo inoculado con la vacuna est\u00e1 muerto o muy debilitado (atenuado), por lo que no representa ning\u00fan peligro para el paciente; esta acci\u00f3n, es suficiente para que el sistema inmune reaccione generando anticuerpos contra el agente y a la vez adquiriendo una memoria inmunitaria que le permitir\u00e1 reconocer ese microorganismo concreto y eliminarlo en un futuro.<\/p>\n<p>&nbsp;<\/p>\n<p>Cuando una persona est\u00e1 vacunada contra una enfermedad, es muy probable que est\u00e9 protegida contra esa enfermedad. Ahora bien, no todas las personas se pueden vacunar. Algunas, con enfermedades preexistentes que debilitan sus sistemas inmunitarios (por ejemplo, c\u00e1ncer o VIH) o las que tienen alergias graves a algunos componentes de las vacunas, tal vez no puedan recibir determinadas vacunas. Esas personas pueden estar protegidas si viven entre otras personas que s\u00ed lo est\u00e9n. Cuando muchas personas de una comunidad est\u00e1n vacunadas, la circulaci\u00f3n del pat\u00f3geno es dif\u00edcil porque la mayor\u00eda de las personas est\u00e1n inmunizadas.\u00a0 Por lo tanto, cuanto m\u00e1s personas est\u00e9n vacunadas, menos probable ser\u00e1 que una persona que no puede protegerse con vacunas corra el riesgo de verse expuesta a pat\u00f3genos. Esto se denomina inmunidad colectiva.<\/p>\n<p>&nbsp;<\/p>\n<p>Esto es especialmente importante no solo para las personas que no pueden vacunarse, sino tambi\u00e9n para las que pueden ser m\u00e1s susceptibles a las enfermedades contra las que vacunamos. Ninguna vacuna proporciona por s\u00ed sola una protecci\u00f3n del 100%, y la inmunidad colectiva no ofrece protecci\u00f3n total a quienes no pueden vacunarse con seguridad. No obstante, la inmunidad colectiva ofrece a esas personas un grado sustancial de protecci\u00f3n, gracias a que las personas de su entorno est\u00e1n vacunadas.<\/p>\n<div id='gallery-1' class='gallery galleryid-39056 gallery-columns-3 gallery-size-medium'><figure class='gallery-item'>\n\t\t\t<div class='gallery-icon portrait'>\n\t\t\t\t<a href='https:\/\/www.eldiario.net\/portal\/2021\/10\/26\/las-vacunas-y-nuestro-sistema-inmunitario\/bio-crear-nuevas-vacunas\/'><img loading=\"lazy\" decoding=\"async\" width=\"183\" height=\"300\" src=\"https:\/\/www.eldiario.net\/portal\/wp-content\/uploads\/2021\/10\/Bio-Crear-nuevas-vacunas-183x300.jpg\" class=\"attachment-medium size-medium\" alt=\"\" srcset=\"https:\/\/www.eldiario.net\/portal\/wp-content\/uploads\/2021\/10\/Bio-Crear-nuevas-vacunas-183x300.jpg 183w, https:\/\/www.eldiario.net\/portal\/wp-content\/uploads\/2021\/10\/Bio-Crear-nuevas-vacunas-624x1024.jpg 624w, https:\/\/www.eldiario.net\/portal\/wp-content\/uploads\/2021\/10\/Bio-Crear-nuevas-vacunas.jpg 640w\" sizes=\"auto, (max-width: 183px) 100vw, 183px\" \/><\/a>\n\t\t\t<\/div><\/figure>\n\t\t<\/div>\n\n","protected":false},"excerpt":{"rendered":"<p>Por: Equipo editor &nbsp; \u00bfQu\u00e9 es una vacuna? &nbsp; Son productos biol\u00f3gicos creados a partir de microorganismos como bacterias o virus, muertos o atenuados con la finalidad de generar inmunidad en el organismo frente a una determinada enfermedad, estimul\u00e1ndolo para que genere anticuerpos que luego actuar\u00e1n protegi\u00e9ndolo frente a futuras infecciones, pues el sistema inmune [&hellip;]<\/p>\n","protected":false},"author":1,"featured_media":39057,"comment_status":"closed","ping_status":"closed","sticky":false,"template":"","format":"standard","meta":{"_acf_changed":false,"footnotes":""},"categories":[43],"tags":[],"class_list":["post-39056","post","type-post","status-publish","format-standard","has-post-thumbnail","category-nuevos-horizontes"],"acf":{"antetitulo":""},"yoast_head":"<!-- This site is optimized with the Yoast SEO plugin v28.4 - https:\/\/yoast.com\/product\/yoast-seo-wordpress\/ -->\n<title>Las vacunas y nuestro sistema inmunitario - El Diario - Bolivia<\/title>\n<meta name=\"robots\" content=\"index, follow, max-snippet:-1, max-image-preview:large, max-video-preview:-1\" \/>\n<link rel=\"canonical\" href=\"https:\/\/www.eldiario.net\/portal\/2021\/10\/26\/las-vacunas-y-nuestro-sistema-inmunitario\/\" \/>\n<meta property=\"og:locale\" content=\"es_ES\" \/>\n<meta property=\"og:type\" content=\"article\" \/>\n<meta property=\"og:title\" content=\"Las vacunas y nuestro sistema inmunitario - El Diario - Bolivia\" \/>\n<meta property=\"og:description\" content=\"Por: Equipo editor &nbsp; \u00bfQu\u00e9 es una vacuna? &nbsp; Son productos biol\u00f3gicos creados a partir de microorganismos como bacterias o virus, muertos o atenuados con la finalidad de generar inmunidad en el organismo frente a una determinada enfermedad, estimul\u00e1ndolo para que genere anticuerpos que luego actuar\u00e1n protegi\u00e9ndolo frente a futuras infecciones, pues el sistema inmune [&hellip;]\" \/>\n<meta property=\"og:url\" content=\"https:\/\/www.eldiario.net\/portal\/2021\/10\/26\/las-vacunas-y-nuestro-sistema-inmunitario\/\" \/>\n<meta property=\"og:site_name\" content=\"El Diario - Bolivia\" \/>\n<meta property=\"article:publisher\" content=\"https:\/\/www.facebook.com\/eldiario.bolivia\/\" \/>\n<meta property=\"article:published_time\" content=\"2021-10-26T08:19:02+00:00\" \/>\n<meta name=\"author\" content=\"Jeanette\" \/>\n<meta name=\"twitter:card\" content=\"summary_large_image\" \/>\n<meta name=\"twitter:creator\" content=\"@eldiario_net\" \/>\n<meta name=\"twitter:site\" content=\"@eldiario_net\" \/>\n<meta name=\"twitter:label1\" content=\"Escrito por\" \/>\n\t<meta name=\"twitter:data1\" content=\"Jeanette\" \/>\n\t<meta name=\"twitter:label2\" content=\"Tiempo de lectura\" \/>\n\t<meta name=\"twitter:data2\" content=\"8 minutos\" \/>\n<script type=\"application\/ld+json\" class=\"yoast-schema-graph\">{\"@context\":\"https:\\\/\\\/schema.org\",\"@graph\":[{\"@type\":\"Article\",\"@id\":\"https:\\\/\\\/www.eldiario.net\\\/portal\\\/2021\\\/10\\\/26\\\/las-vacunas-y-nuestro-sistema-inmunitario\\\/#article\",\"isPartOf\":{\"@id\":\"https:\\\/\\\/www.eldiario.net\\\/portal\\\/2021\\\/10\\\/26\\\/las-vacunas-y-nuestro-sistema-inmunitario\\\/\"},\"author\":{\"name\":\"Jeanette\",\"@id\":\"https:\\\/\\\/www.eldiario.net\\\/portal\\\/#\\\/schema\\\/person\\\/2c57cf2b7a7ae032e449e4c9b1019eac\"},\"headline\":\"Las vacunas y nuestro sistema inmunitario\",\"datePublished\":\"2021-10-26T08:19:02+00:00\",\"mainEntityOfPage\":{\"@id\":\"https:\\\/\\\/www.eldiario.net\\\/portal\\\/2021\\\/10\\\/26\\\/las-vacunas-y-nuestro-sistema-inmunitario\\\/\"},\"wordCount\":1801,\"publisher\":{\"@id\":\"https:\\\/\\\/www.eldiario.net\\\/portal\\\/#organization\"},\"image\":{\"@id\":\"https:\\\/\\\/www.eldiario.net\\\/portal\\\/2021\\\/10\\\/26\\\/las-vacunas-y-nuestro-sistema-inmunitario\\\/#primaryimage\"},\"thumbnailUrl\":\"\",\"articleSection\":[\"Nuevos Horizontes\"],\"inLanguage\":\"es\"},{\"@type\":\"WebPage\",\"@id\":\"https:\\\/\\\/www.eldiario.net\\\/portal\\\/2021\\\/10\\\/26\\\/las-vacunas-y-nuestro-sistema-inmunitario\\\/\",\"url\":\"https:\\\/\\\/www.eldiario.net\\\/portal\\\/2021\\\/10\\\/26\\\/las-vacunas-y-nuestro-sistema-inmunitario\\\/\",\"name\":\"Las vacunas y nuestro sistema inmunitario - El Diario - Bolivia\",\"isPartOf\":{\"@id\":\"https:\\\/\\\/www.eldiario.net\\\/portal\\\/#website\"},\"primaryImageOfPage\":{\"@id\":\"https:\\\/\\\/www.eldiario.net\\\/portal\\\/2021\\\/10\\\/26\\\/las-vacunas-y-nuestro-sistema-inmunitario\\\/#primaryimage\"},\"image\":{\"@id\":\"https:\\\/\\\/www.eldiario.net\\\/portal\\\/2021\\\/10\\\/26\\\/las-vacunas-y-nuestro-sistema-inmunitario\\\/#primaryimage\"},\"thumbnailUrl\":\"\",\"datePublished\":\"2021-10-26T08:19:02+00:00\",\"breadcrumb\":{\"@id\":\"https:\\\/\\\/www.eldiario.net\\\/portal\\\/2021\\\/10\\\/26\\\/las-vacunas-y-nuestro-sistema-inmunitario\\\/#breadcrumb\"},\"inLanguage\":\"es\",\"potentialAction\":[{\"@type\":\"ReadAction\",\"target\":[\"https:\\\/\\\/www.eldiario.net\\\/portal\\\/2021\\\/10\\\/26\\\/las-vacunas-y-nuestro-sistema-inmunitario\\\/\"]}]},{\"@type\":\"ImageObject\",\"inLanguage\":\"es\",\"@id\":\"https:\\\/\\\/www.eldiario.net\\\/portal\\\/2021\\\/10\\\/26\\\/las-vacunas-y-nuestro-sistema-inmunitario\\\/#primaryimage\",\"url\":\"\",\"contentUrl\":\"\"},{\"@type\":\"BreadcrumbList\",\"@id\":\"https:\\\/\\\/www.eldiario.net\\\/portal\\\/2021\\\/10\\\/26\\\/las-vacunas-y-nuestro-sistema-inmunitario\\\/#breadcrumb\",\"itemListElement\":[{\"@type\":\"ListItem\",\"position\":1,\"name\":\"Portada\",\"item\":\"https:\\\/\\\/www.eldiario.net\\\/portal\\\/\"},{\"@type\":\"ListItem\",\"position\":2,\"name\":\"Las vacunas y nuestro sistema inmunitario\"}]},{\"@type\":\"WebSite\",\"@id\":\"https:\\\/\\\/www.eldiario.net\\\/portal\\\/#website\",\"url\":\"https:\\\/\\\/www.eldiario.net\\\/portal\\\/\",\"name\":\"El Diario - Decano de la prensa nacional\",\"description\":\"El Diario - Decano de la prensa nacional\",\"publisher\":{\"@id\":\"https:\\\/\\\/www.eldiario.net\\\/portal\\\/#organization\"},\"potentialAction\":[{\"@type\":\"SearchAction\",\"target\":{\"@type\":\"EntryPoint\",\"urlTemplate\":\"https:\\\/\\\/www.eldiario.net\\\/portal\\\/?s={search_term_string}\"},\"query-input\":{\"@type\":\"PropertyValueSpecification\",\"valueRequired\":true,\"valueName\":\"search_term_string\"}}],\"inLanguage\":\"es\"},{\"@type\":\"Organization\",\"@id\":\"https:\\\/\\\/www.eldiario.net\\\/portal\\\/#organization\",\"name\":\"El Diario - Decano de la prensa nacional\",\"url\":\"https:\\\/\\\/www.eldiario.net\\\/portal\\\/\",\"logo\":{\"@type\":\"ImageObject\",\"inLanguage\":\"es\",\"@id\":\"https:\\\/\\\/www.eldiario.net\\\/portal\\\/#\\\/schema\\\/logo\\\/image\\\/\",\"url\":\"https:\\\/\\\/www.eldiario.net\\\/portal\\\/wp-content\\\/uploads\\\/2023\\\/07\\\/logo_ED.jpg\",\"contentUrl\":\"https:\\\/\\\/www.eldiario.net\\\/portal\\\/wp-content\\\/uploads\\\/2023\\\/07\\\/logo_ED.jpg\",\"width\":272,\"height\":52,\"caption\":\"El Diario - Decano de la prensa nacional\"},\"image\":{\"@id\":\"https:\\\/\\\/www.eldiario.net\\\/portal\\\/#\\\/schema\\\/logo\\\/image\\\/\"},\"sameAs\":[\"https:\\\/\\\/www.facebook.com\\\/eldiario.bolivia\\\/\",\"https:\\\/\\\/x.com\\\/eldiario_net\"]},{\"@type\":\"Person\",\"@id\":\"https:\\\/\\\/www.eldiario.net\\\/portal\\\/#\\\/schema\\\/person\\\/2c57cf2b7a7ae032e449e4c9b1019eac\",\"name\":\"Jeanette\",\"image\":{\"@type\":\"ImageObject\",\"inLanguage\":\"es\",\"@id\":\"https:\\\/\\\/secure.gravatar.com\\\/avatar\\\/3ea2118a5f7dad2b7138b1187a6b7ee55f160b9968b66013c3a3ef39dd7e5798?s=96&d=mm&r=g\",\"url\":\"https:\\\/\\\/secure.gravatar.com\\\/avatar\\\/3ea2118a5f7dad2b7138b1187a6b7ee55f160b9968b66013c3a3ef39dd7e5798?s=96&d=mm&r=g\",\"contentUrl\":\"https:\\\/\\\/secure.gravatar.com\\\/avatar\\\/3ea2118a5f7dad2b7138b1187a6b7ee55f160b9968b66013c3a3ef39dd7e5798?s=96&d=mm&r=g\",\"caption\":\"Jeanette\"},\"sameAs\":[\"https:\\\/\\\/www.eldiario.net\\\/portal\"],\"url\":\"https:\\\/\\\/www.eldiario.net\\\/portal\\\/author\\\/jeanette\\\/\"}]}<\/script>\n<!-- \/ Yoast SEO plugin. -->","yoast_head_json":{"title":"Las vacunas y nuestro sistema inmunitario - El Diario - Bolivia","robots":{"index":"index","follow":"follow","max-snippet":"max-snippet:-1","max-image-preview":"max-image-preview:large","max-video-preview":"max-video-preview:-1"},"canonical":"https:\/\/www.eldiario.net\/portal\/2021\/10\/26\/las-vacunas-y-nuestro-sistema-inmunitario\/","og_locale":"es_ES","og_type":"article","og_title":"Las vacunas y nuestro sistema inmunitario - El Diario - Bolivia","og_description":"Por: Equipo editor &nbsp; \u00bfQu\u00e9 es una vacuna? &nbsp; Son productos biol\u00f3gicos creados a partir de microorganismos como bacterias o virus, muertos o atenuados con la finalidad de generar inmunidad en el organismo frente a una determinada enfermedad, estimul\u00e1ndolo para que genere anticuerpos que luego actuar\u00e1n protegi\u00e9ndolo frente a futuras infecciones, pues el sistema inmune [&hellip;]","og_url":"https:\/\/www.eldiario.net\/portal\/2021\/10\/26\/las-vacunas-y-nuestro-sistema-inmunitario\/","og_site_name":"El Diario - Bolivia","article_publisher":"https:\/\/www.facebook.com\/eldiario.bolivia\/","article_published_time":"2021-10-26T08:19:02+00:00","author":"Jeanette","twitter_card":"summary_large_image","twitter_creator":"@eldiario_net","twitter_site":"@eldiario_net","twitter_misc":{"Escrito por":"Jeanette","Tiempo de lectura":"8 minutos"},"schema":{"@context":"https:\/\/schema.org","@graph":[{"@type":"Article","@id":"https:\/\/www.eldiario.net\/portal\/2021\/10\/26\/las-vacunas-y-nuestro-sistema-inmunitario\/#article","isPartOf":{"@id":"https:\/\/www.eldiario.net\/portal\/2021\/10\/26\/las-vacunas-y-nuestro-sistema-inmunitario\/"},"author":{"name":"Jeanette","@id":"https:\/\/www.eldiario.net\/portal\/#\/schema\/person\/2c57cf2b7a7ae032e449e4c9b1019eac"},"headline":"Las vacunas y nuestro sistema inmunitario","datePublished":"2021-10-26T08:19:02+00:00","mainEntityOfPage":{"@id":"https:\/\/www.eldiario.net\/portal\/2021\/10\/26\/las-vacunas-y-nuestro-sistema-inmunitario\/"},"wordCount":1801,"publisher":{"@id":"https:\/\/www.eldiario.net\/portal\/#organization"},"image":{"@id":"https:\/\/www.eldiario.net\/portal\/2021\/10\/26\/las-vacunas-y-nuestro-sistema-inmunitario\/#primaryimage"},"thumbnailUrl":"","articleSection":["Nuevos Horizontes"],"inLanguage":"es"},{"@type":"WebPage","@id":"https:\/\/www.eldiario.net\/portal\/2021\/10\/26\/las-vacunas-y-nuestro-sistema-inmunitario\/","url":"https:\/\/www.eldiario.net\/portal\/2021\/10\/26\/las-vacunas-y-nuestro-sistema-inmunitario\/","name":"Las vacunas y nuestro sistema inmunitario - El Diario - Bolivia","isPartOf":{"@id":"https:\/\/www.eldiario.net\/portal\/#website"},"primaryImageOfPage":{"@id":"https:\/\/www.eldiario.net\/portal\/2021\/10\/26\/las-vacunas-y-nuestro-sistema-inmunitario\/#primaryimage"},"image":{"@id":"https:\/\/www.eldiario.net\/portal\/2021\/10\/26\/las-vacunas-y-nuestro-sistema-inmunitario\/#primaryimage"},"thumbnailUrl":"","datePublished":"2021-10-26T08:19:02+00:00","breadcrumb":{"@id":"https:\/\/www.eldiario.net\/portal\/2021\/10\/26\/las-vacunas-y-nuestro-sistema-inmunitario\/#breadcrumb"},"inLanguage":"es","potentialAction":[{"@type":"ReadAction","target":["https:\/\/www.eldiario.net\/portal\/2021\/10\/26\/las-vacunas-y-nuestro-sistema-inmunitario\/"]}]},{"@type":"ImageObject","inLanguage":"es","@id":"https:\/\/www.eldiario.net\/portal\/2021\/10\/26\/las-vacunas-y-nuestro-sistema-inmunitario\/#primaryimage","url":"","contentUrl":""},{"@type":"BreadcrumbList","@id":"https:\/\/www.eldiario.net\/portal\/2021\/10\/26\/las-vacunas-y-nuestro-sistema-inmunitario\/#breadcrumb","itemListElement":[{"@type":"ListItem","position":1,"name":"Portada","item":"https:\/\/www.eldiario.net\/portal\/"},{"@type":"ListItem","position":2,"name":"Las vacunas y nuestro sistema inmunitario"}]},{"@type":"WebSite","@id":"https:\/\/www.eldiario.net\/portal\/#website","url":"https:\/\/www.eldiario.net\/portal\/","name":"El Diario - Decano de la prensa nacional","description":"El Diario - Decano de la prensa nacional","publisher":{"@id":"https:\/\/www.eldiario.net\/portal\/#organization"},"potentialAction":[{"@type":"SearchAction","target":{"@type":"EntryPoint","urlTemplate":"https:\/\/www.eldiario.net\/portal\/?s={search_term_string}"},"query-input":{"@type":"PropertyValueSpecification","valueRequired":true,"valueName":"search_term_string"}}],"inLanguage":"es"},{"@type":"Organization","@id":"https:\/\/www.eldiario.net\/portal\/#organization","name":"El Diario - Decano de la prensa nacional","url":"https:\/\/www.eldiario.net\/portal\/","logo":{"@type":"ImageObject","inLanguage":"es","@id":"https:\/\/www.eldiario.net\/portal\/#\/schema\/logo\/image\/","url":"https:\/\/www.eldiario.net\/portal\/wp-content\/uploads\/2023\/07\/logo_ED.jpg","contentUrl":"https:\/\/www.eldiario.net\/portal\/wp-content\/uploads\/2023\/07\/logo_ED.jpg","width":272,"height":52,"caption":"El Diario - Decano de la prensa nacional"},"image":{"@id":"https:\/\/www.eldiario.net\/portal\/#\/schema\/logo\/image\/"},"sameAs":["https:\/\/www.facebook.com\/eldiario.bolivia\/","https:\/\/x.com\/eldiario_net"]},{"@type":"Person","@id":"https:\/\/www.eldiario.net\/portal\/#\/schema\/person\/2c57cf2b7a7ae032e449e4c9b1019eac","name":"Jeanette","image":{"@type":"ImageObject","inLanguage":"es","@id":"https:\/\/secure.gravatar.com\/avatar\/3ea2118a5f7dad2b7138b1187a6b7ee55f160b9968b66013c3a3ef39dd7e5798?s=96&d=mm&r=g","url":"https:\/\/secure.gravatar.com\/avatar\/3ea2118a5f7dad2b7138b1187a6b7ee55f160b9968b66013c3a3ef39dd7e5798?s=96&d=mm&r=g","contentUrl":"https:\/\/secure.gravatar.com\/avatar\/3ea2118a5f7dad2b7138b1187a6b7ee55f160b9968b66013c3a3ef39dd7e5798?s=96&d=mm&r=g","caption":"Jeanette"},"sameAs":["https:\/\/www.eldiario.net\/portal"],"url":"https:\/\/www.eldiario.net\/portal\/author\/jeanette\/"}]}},"_links":{"self":[{"href":"https:\/\/www.eldiario.net\/portal\/wp-json\/wp\/v2\/posts\/39056","targetHints":{"allow":["GET"]}}],"collection":[{"href":"https:\/\/www.eldiario.net\/portal\/wp-json\/wp\/v2\/posts"}],"about":[{"href":"https:\/\/www.eldiario.net\/portal\/wp-json\/wp\/v2\/types\/post"}],"author":[{"embeddable":true,"href":"https:\/\/www.eldiario.net\/portal\/wp-json\/wp\/v2\/users\/1"}],"replies":[{"embeddable":true,"href":"https:\/\/www.eldiario.net\/portal\/wp-json\/wp\/v2\/comments?post=39056"}],"version-history":[{"count":0,"href":"https:\/\/www.eldiario.net\/portal\/wp-json\/wp\/v2\/posts\/39056\/revisions"}],"wp:attachment":[{"href":"https:\/\/www.eldiario.net\/portal\/wp-json\/wp\/v2\/media?parent=39056"}],"wp:term":[{"taxonomy":"category","embeddable":true,"href":"https:\/\/www.eldiario.net\/portal\/wp-json\/wp\/v2\/categories?post=39056"},{"taxonomy":"post_tag","embeddable":true,"href":"https:\/\/www.eldiario.net\/portal\/wp-json\/wp\/v2\/tags?post=39056"}],"curies":[{"name":"wp","href":"https:\/\/api.w.org\/{rel}","templated":true}]}}