{"id":39050,"date":"2021-10-26T04:18:07","date_gmt":"2021-10-26T08:18:07","guid":{"rendered":"https:\/\/www.eldiario.net\/portal\/?p=39050"},"modified":"2021-10-26T04:18:07","modified_gmt":"2021-10-26T08:18:07","slug":"la-ansiedad-y-su-repercusion-en-la-vida-diaria-2","status":"publish","type":"post","link":"https:\/\/www.eldiario.net\/portal\/2021\/10\/26\/la-ansiedad-y-su-repercusion-en-la-vida-diaria-2\/","title":{"rendered":"La ansiedad y su repercusi\u00f3n en la vida diaria"},"content":{"rendered":"<p><strong>Por: Equipo editor<\/strong><\/p>\n<p>&nbsp;<\/p>\n<p>Tomando en cuenta la definici\u00f3n sobre ansiedad que brinda la Asociaci\u00f3n Estadounidense de Psicolog\u00eda, la cual la describe como \u201cuna emoci\u00f3n caracterizada por sentimientos de tensi\u00f3n, pensamientos angustiantes y cambios f\u00edsicos como el aumento de la presi\u00f3n arterial\u201d.<\/p>\n<p>&nbsp;<\/p>\n<p>Los trastornos de\u00a0ansiedad\u00a0forman una categor\u00eda de diagn\u00f3sticos de salud mental que provocan nerviosismo excesivo, miedo, aprehensi\u00f3n y preocupaci\u00f3n.<\/p>\n<p>&nbsp;<\/p>\n<p>Estos trastornos alteran la forma en que una persona procesa las emociones y se comporta, causando tambi\u00e9n s\u00edntomas f\u00edsicos. La ansiedad leve puede ser vaga e inquietante, mientras que la ansiedad severa puede afectar seriamente la vida cotidiana.<\/p>\n<p>&nbsp;<\/p>\n<p>Conocer la diferencia entre los sentimientos normales de ansiedad y un trastorno de ansiedad que requiere atenci\u00f3n m\u00e9dica puede ayudar a una persona a identificar y tratar la afecci\u00f3n.<\/p>\n<p>&nbsp;<\/p>\n<p><strong>Existen diferentes tratamiento<\/strong><strong>s contra la ansiedad<\/strong><\/p>\n<p>&nbsp;<\/p>\n<p>Existen tratamientos especializados que consisten en una combinaci\u00f3n de psicoterapia, terapia conductual y medicaci\u00f3n; sin embargo, tambi\u00e9n se observan a diario diferentes t\u00e9cnicas y tratamientos m\u00e1s naturales y muchos de ellos pueden ser realizados sin supervisi\u00f3n m\u00e9dica o de otro especialista.<\/p>\n<p>&nbsp;<\/p>\n<p><strong>Autotratamiento<\/strong><\/p>\n<p>&nbsp;<\/p>\n<p>En algunos casos, una persona puede tratar un trastorno de ansiedad en casa sin supervisi\u00f3n m\u00e9dica. Sin embargo, esto podr\u00eda no ser eficaz para los trastornos de ansiedad graves o prolongados.<\/p>\n<p>&nbsp;<\/p>\n<p>Hay varios ejercicios y acciones para ayudar a una persona a lidiar con trastornos de ansiedad m\u00e1s leves, m\u00e1s enfocados o a corto plazo, que incluyen:<\/p>\n<p>&nbsp;<\/p>\n<p><strong>Control del estr\u00e9s. <\/strong>Aprender a manejar el estr\u00e9s puede ayudar a limitar los posibles desencadenantes. Organiza cualquier actividad que te cause presi\u00f3n o alguna fecha l\u00edmite, elabora listas para hacer que las tareas abrumadoras sean m\u00e1s manejables y comprom\u00e9tete a tomarte un tiempo libre del estudio o del trabajo.<\/p>\n<p>&nbsp;<\/p>\n<p><strong>T\u00e9cnicas de relajaci\u00f3n. <\/strong>Las actividades sencillas pueden ayudar a calmar las se\u00f1ales mentales y f\u00edsicas de la ansiedad. Estas t\u00e9cnicas incluyen meditaci\u00f3n, ejercicios de respiraci\u00f3n profunda, ba\u00f1os largos, descansar en un lugar oscuro y practicar yoga.<\/p>\n<p>&nbsp;<\/p>\n<p><strong>Ejercicios para reemplazar pensamientos negativos por positivos. <\/strong>Haz una lista de los pensamientos negativos que podr\u00edas estar teniendo como resultado de la ansiedad, y escribe otra lista junto a ella que contenga pensamientos positivos y cre\u00edbles para reemplazarlos. Crear una imagen mental de enfrentar y conquistar con \u00e9xito un miedo espec\u00edfico tambi\u00e9n puede proporcionar beneficios si los s\u00edntomas de ansiedad se relacionan con una causa espec\u00edfica, como una fobia.<\/p>\n<p>&nbsp;<\/p>\n<p><strong>Red de apoyo. <\/strong>Habla con personas conocidas que te apoyen, como un familiar o un amigo. Los servicios de grupos de apoyo tambi\u00e9n pueden estar disponibles en el \u00e1rea local y en l\u00ednea.<\/p>\n<p>&nbsp;<\/p>\n<p><strong>Ejercicio. <\/strong>El esfuerzo f\u00edsico puede mejorar la autoestima y liberar sustancias qu\u00edmicas en el cerebro que desencadenan sentimientos positivos.<\/p>\n<p>&nbsp;<\/p>\n<p><strong>Consejer\u00eda. <\/strong>Una forma est\u00e1ndar de tratar la ansiedad es la consejer\u00eda psicol\u00f3gica. Esto puede incluir terapia cognitivo-conductual, psicoterapia o una combinaci\u00f3n de terapias.<\/p>\n<p>&nbsp;<\/p>\n<p><strong>Terapia cognitivo-conductucal<\/strong><\/p>\n<p>&nbsp;<\/p>\n<p>Este tipo de psicoterapia tiene como objetivo reconocer y cambiar los patrones de pensamiento da\u00f1inos que forman la base de los sentimientos problem\u00e1ticos y de ansiedad. En el proceso, quienes practican la terapia cognitivo-conductucal esperan limitar el pensamiento distorsionado y cambiar la forma en que reaccionan a objetos o situaciones que desencadenan ansiedad.<\/p>\n<p>&nbsp;<\/p>\n<p>Por ejemplo, un psicoterapeuta que proporciona terapia cognitivo-conductucal para el trastorno de p\u00e1nico tratar\u00e1 de reforzar el hecho de que los ataques de p\u00e1nico no son realmente ataques card\u00edacos. La exposici\u00f3n a miedos y desencadenantes puede ser parte de la terapia cognitivo-conductucal. Esto anima a las personas a confrontar sus miedos y ayuda a reducir la sensibilidad a sus desencadenantes habituales de ansiedad.<\/p>\n<p>&nbsp;<\/p>\n<p><strong>Medicamentos<\/strong><\/p>\n<p>&nbsp;<\/p>\n<p>Una persona puede apoyar el manejo de la ansiedad con varios tipos de medicamentos.<\/p>\n<p>&nbsp;<\/p>\n<p>Los medicamentos que podr\u00edan controlar algunos de los s\u00edntomas f\u00edsicos y mentales incluyen antidepresivos, benzodiazepinas, tric\u00edclicos y betabloqueantes.<\/p>\n<p>&nbsp;<\/p>\n<p><strong>Benzodiazepinas. <\/strong>Un m\u00e9dico puede recetarlas para ciertas personas con ansiedad, pero pueden ser altamente adictivas. Estos f\u00e1rmacos tienden a tener pocos efectos secundarios a excepci\u00f3n de la somnolencia y la posible dependencia. Diazepam, o Valium, es un ejemplo de una benzodiazepina com\u00fanmente recetada.<\/p>\n<p>&nbsp;<\/p>\n<p><strong>Advertencias de la FDA<\/strong><\/p>\n<p>&nbsp;<\/p>\n<p>Las benzodiazepinas llevan una advertencia en un recuadro negro. Esta es la advertencia m\u00e1s seria de la Direcci\u00f3n de Alimentos y Medicamentos de Estados Unidos (FDA, por sus siglas en ingl\u00e9s). Una advertencia, en un recuadro negro en la caja, alerta a los m\u00e9dicos y a los pacientes sobre efectos de los medicamentos que pueden ser peligrosos.<\/p>\n<p>&nbsp;<\/p>\n<p>Tomar benzodiazepinas con opioides aumenta el riesgo de somnolencia grave, depresi\u00f3n respiratoria, coma e incluso la muerte. El alprazolam no se debe tomar con un opioide a menos que no haya otras opciones de tratamiento disponibles.<\/p>\n<p>&nbsp;<\/p>\n<p>El uso de benzodiazepinas, incluso seg\u00fan lo recetado, puede conducir a la dependencia f\u00edsica y efectos secundarios si dejas de tomar el f\u00e1rmaco de forma repentina. La abstinencia repentina puede poner en peligro la vida.<\/p>\n<p>&nbsp;<\/p>\n<p>Tomar benzodiazepinas tambi\u00e9n puede conducir al mal uso y la adicci\u00f3n. El uso indebido de benzodiazepinas aumenta el riesgo de sobredosis y muerte.<\/p>\n<p>Solo toma benzodiazepinas siguiendo las indicaciones de tu m\u00e9dico. Habla con tu proveedor de salud si tienes alguna preocupaci\u00f3n acerca de tomar este f\u00e1rmaco de manera segura.<\/p>\n<p>&nbsp;<\/p>\n<p><strong>Antidepresivos. <\/strong>Estos com\u00fanmente ayudan con la ansiedad, aunque tambi\u00e9n abordan la depresi\u00f3n. Las personas suelen usar inhibidores de la recaptaci\u00f3n de serotonina, que tienen menos efectos secundarios que los antidepresivos m\u00e1s antiguos, pero es probable que causen nerviosismo, n\u00e1useas y disfunci\u00f3n sexual cuando comienza el tratamiento.<\/p>\n<p>&nbsp;<\/p>\n<p>Otros antidepresivos incluyen fluoxetina, o Prozac, y citalopram, o Celexa.<\/p>\n<p>&nbsp;<\/p>\n<p><strong>Tric\u00edclicos. <\/strong>Esta es una clase de f\u00e1rmacos m\u00e1s antiguos que los inhibidores de la recaptaci\u00f3n de serotonina, y proporcionan beneficios para la mayor\u00eda de los trastornos de ansiedad distintos del trastorno obsesivo compulsivo. Estos f\u00e1rmacos pueden causar efectos secundarios, como mareos, somnolencia, sequedad de boca y aumento de peso. La imipramina y la clomipramina son dos ejemplos de tric\u00edclicos.<\/p>\n<p>&nbsp;<\/p>\n<p>Los f\u00e1rmacos adicionales que una persona podr\u00eda usar para tratar la ansiedad incluyen:<\/p>\n<p>&nbsp;<\/p>\n<ul>\n<li>inhibidores de la monoaminooxidasa<\/li>\n<li>betabloqueantes<\/li>\n<li>buspirona<\/li>\n<\/ul>\n<p>&nbsp;<\/p>\n<p>Habla con tu m\u00e9dico si los efectos adversos de cualquier medicamento recetado se vuelven graves.<\/p>\n<p>&nbsp;<\/p>\n<p><strong>Consejos de estilo de vida<\/strong><strong> para enfrentar la ansiedad<\/strong><\/p>\n<p>&nbsp;<\/p>\n<p>Estos son algunos consejos para que puedas controlar el estr\u00e9s y la ansiedad:<\/p>\n<p>&nbsp;<\/p>\n<p><strong>Conoce los signos<\/strong><\/p>\n<p>&nbsp;<\/p>\n<p>Si sabes cu\u00e1ndo reconocer los signos de lo que te estresa o te da ansiedad, puedes hacer algo al respecto. El dolor de cabeza, la incapacidad para dormir o comer en exceso pueden ser se\u00f1ales de que es hora de tomar un descanso o pedir ayuda.<\/p>\n<p>&nbsp;<\/p>\n<p><strong>Conoce tus desencadenantes<\/strong><\/p>\n<p>&nbsp;<\/p>\n<p>Si puedes aprender a reconocer lo que te hace sentir ansioso, puedes abordarlo. \u00bfQuiz\u00e1s has asumido demasiadas responsabilidades? \u00bfPuedes pedirle ayuda a alguien? \u00bfEl caf\u00e9 o el alcohol lo empeora? Considera ponerle un alto a estas situaciones.<\/p>\n<p>&nbsp;<\/p>\n<p><strong>Dieta<\/strong><\/p>\n<p>&nbsp;<\/p>\n<p>Un estilo de vida ocupado puede resultar en consumir demasiada comida r\u00e1pida o hacer muy poco ejercicio. Trata de tomarte el tiempo para sentarte a comer de forma saludable, o lleva un almuerzo casero con muchas frutas y verduras frescas a la oficina, en lugar de ir por una hamburguesa.<\/p>\n<p>&nbsp;<\/p>\n<p><strong>Haz ejercicio<\/strong><\/p>\n<p>&nbsp;<\/p>\n<p>Mantenerse sentado por mucho tiempo frente a la pantalla de una computadora o mientras conduces trae consecuencias. Trata de tomar un descanso de 30 minutos y camina una vez al d\u00eda para aumentar tu sensaci\u00f3n de bienestar.<\/p>\n<p>&nbsp;<\/p>\n<p><strong>Aprende algunas t\u00e9cnicas de relajaci\u00f3n<\/strong><\/p>\n<p>&nbsp;<\/p>\n<p>La respiraci\u00f3n en el\u00a0yoga, la meditaci\u00f3n y otras estrategias pueden ayudarte a reducir el estr\u00e9s y la ansiedad. Existe cierta evidencia de que el uso de aromaterapia puede ayudar a reducir el estr\u00e9s, aunque se necesitan m\u00e1s investigaciones.<\/p>\n<p>&nbsp;<\/p>\n<p><strong>Prueba involucrarte en una nueva actividad<\/strong><\/p>\n<p>&nbsp;<\/p>\n<p>La m\u00fasica, la meditaci\u00f3n, la jardiner\u00eda o unirte a un coro, un grupo de yoga, pilates o de otro tipo pueden aliviar el estr\u00e9s y ayudarte a que dejes de pensar en tus preocupaciones por un tiempo. Puedes conocer personas con preocupaciones similares con las que puedas compartir tus sentimientos.<\/p>\n<p>&nbsp;<\/p>\n<p><strong>Incremento de las relaciones sociales<\/strong><\/p>\n<p>&nbsp;<\/p>\n<p>Pasa tiempo con amigos y familiares, o encuentra un grupo donde puedas conocer a otros, por ejemplo, haz voluntariado o \u00fanete a un grupo de apoyo. Es posible que descubras que en esos espacios pueden brindarte apoyo emocional y pr\u00e1ctico y, adem\u00e1s, puedes dejar de pensar en el problema que te aflige.<\/p>\n<p>&nbsp;<\/p>\n<p><strong>Establece metas<\/strong><\/p>\n<p>&nbsp;<\/p>\n<p>Por ejemplo, si te sientes abrumado por problemas financieros o administrativos, si\u00e9ntate y haz un plan. Establece objetivos y prioridades y m\u00e1rcalos a medida que los resuelves. Un plan tambi\u00e9n te ayudar\u00e1 a decir \u201cno\u201d a los requerimientos adicionales de otros para los que no tienes tiempo.<\/p>\n\n","protected":false},"excerpt":{"rendered":"<p>Por: Equipo editor &nbsp; Tomando en cuenta la definici\u00f3n sobre ansiedad que brinda la Asociaci\u00f3n Estadounidense de Psicolog\u00eda, la cual la describe como \u201cuna emoci\u00f3n caracterizada por sentimientos de tensi\u00f3n, pensamientos angustiantes y cambios f\u00edsicos como el aumento de la presi\u00f3n arterial\u201d. &nbsp; Los trastornos de\u00a0ansiedad\u00a0forman una categor\u00eda de diagn\u00f3sticos de salud mental que provocan [&hellip;]<\/p>\n","protected":false},"author":1,"featured_media":39051,"comment_status":"closed","ping_status":"closed","sticky":false,"template":"","format":"standard","meta":{"_acf_changed":false,"footnotes":""},"categories":[43],"tags":[],"class_list":["post-39050","post","type-post","status-publish","format-standard","has-post-thumbnail","category-nuevos-horizontes"],"acf":{"antetitulo":""},"yoast_head":"<!-- This site is optimized with the Yoast SEO plugin v28.4 - https:\/\/yoast.com\/product\/yoast-seo-wordpress\/ -->\n<title>La ansiedad y su repercusi\u00f3n en la vida diaria - El Diario - Bolivia<\/title>\n<meta name=\"robots\" content=\"index, follow, max-snippet:-1, max-image-preview:large, max-video-preview:-1\" \/>\n<link rel=\"canonical\" href=\"https:\/\/www.eldiario.net\/portal\/2021\/10\/26\/la-ansiedad-y-su-repercusion-en-la-vida-diaria-2\/\" \/>\n<meta property=\"og:locale\" content=\"es_ES\" \/>\n<meta property=\"og:type\" content=\"article\" \/>\n<meta property=\"og:title\" content=\"La ansiedad y su repercusi\u00f3n en la vida diaria - El Diario - Bolivia\" \/>\n<meta property=\"og:description\" content=\"Por: Equipo editor &nbsp; Tomando en cuenta la definici\u00f3n sobre ansiedad que brinda la Asociaci\u00f3n Estadounidense de Psicolog\u00eda, la cual la describe como \u201cuna emoci\u00f3n caracterizada por sentimientos de tensi\u00f3n, pensamientos angustiantes y cambios f\u00edsicos como el aumento de la presi\u00f3n arterial\u201d. &nbsp; Los trastornos de\u00a0ansiedad\u00a0forman una categor\u00eda de diagn\u00f3sticos de salud mental que provocan [&hellip;]\" \/>\n<meta property=\"og:url\" content=\"https:\/\/www.eldiario.net\/portal\/2021\/10\/26\/la-ansiedad-y-su-repercusion-en-la-vida-diaria-2\/\" \/>\n<meta property=\"og:site_name\" content=\"El Diario - Bolivia\" \/>\n<meta property=\"article:publisher\" content=\"https:\/\/www.facebook.com\/eldiario.bolivia\/\" \/>\n<meta property=\"article:published_time\" content=\"2021-10-26T08:18:07+00:00\" \/>\n<meta name=\"author\" content=\"Jeanette\" \/>\n<meta name=\"twitter:card\" content=\"summary_large_image\" \/>\n<meta name=\"twitter:creator\" content=\"@eldiario_net\" \/>\n<meta name=\"twitter:site\" content=\"@eldiario_net\" \/>\n<meta name=\"twitter:label1\" content=\"Escrito por\" \/>\n\t<meta name=\"twitter:data1\" content=\"Jeanette\" \/>\n\t<meta name=\"twitter:label2\" content=\"Tiempo de lectura\" \/>\n\t<meta name=\"twitter:data2\" content=\"7 minutos\" \/>\n<script type=\"application\/ld+json\" class=\"yoast-schema-graph\">{\"@context\":\"https:\\\/\\\/schema.org\",\"@graph\":[{\"@type\":\"Article\",\"@id\":\"https:\\\/\\\/www.eldiario.net\\\/portal\\\/2021\\\/10\\\/26\\\/la-ansiedad-y-su-repercusion-en-la-vida-diaria-2\\\/#article\",\"isPartOf\":{\"@id\":\"https:\\\/\\\/www.eldiario.net\\\/portal\\\/2021\\\/10\\\/26\\\/la-ansiedad-y-su-repercusion-en-la-vida-diaria-2\\\/\"},\"author\":{\"name\":\"Jeanette\",\"@id\":\"https:\\\/\\\/www.eldiario.net\\\/portal\\\/#\\\/schema\\\/person\\\/2c57cf2b7a7ae032e449e4c9b1019eac\"},\"headline\":\"La ansiedad y su repercusi\u00f3n en la vida diaria\",\"datePublished\":\"2021-10-26T08:18:07+00:00\",\"mainEntityOfPage\":{\"@id\":\"https:\\\/\\\/www.eldiario.net\\\/portal\\\/2021\\\/10\\\/26\\\/la-ansiedad-y-su-repercusion-en-la-vida-diaria-2\\\/\"},\"wordCount\":1584,\"publisher\":{\"@id\":\"https:\\\/\\\/www.eldiario.net\\\/portal\\\/#organization\"},\"image\":{\"@id\":\"https:\\\/\\\/www.eldiario.net\\\/portal\\\/2021\\\/10\\\/26\\\/la-ansiedad-y-su-repercusion-en-la-vida-diaria-2\\\/#primaryimage\"},\"thumbnailUrl\":\"\",\"articleSection\":[\"Nuevos Horizontes\"],\"inLanguage\":\"es\"},{\"@type\":\"WebPage\",\"@id\":\"https:\\\/\\\/www.eldiario.net\\\/portal\\\/2021\\\/10\\\/26\\\/la-ansiedad-y-su-repercusion-en-la-vida-diaria-2\\\/\",\"url\":\"https:\\\/\\\/www.eldiario.net\\\/portal\\\/2021\\\/10\\\/26\\\/la-ansiedad-y-su-repercusion-en-la-vida-diaria-2\\\/\",\"name\":\"La ansiedad y su repercusi\u00f3n en la vida diaria - El Diario - Bolivia\",\"isPartOf\":{\"@id\":\"https:\\\/\\\/www.eldiario.net\\\/portal\\\/#website\"},\"primaryImageOfPage\":{\"@id\":\"https:\\\/\\\/www.eldiario.net\\\/portal\\\/2021\\\/10\\\/26\\\/la-ansiedad-y-su-repercusion-en-la-vida-diaria-2\\\/#primaryimage\"},\"image\":{\"@id\":\"https:\\\/\\\/www.eldiario.net\\\/portal\\\/2021\\\/10\\\/26\\\/la-ansiedad-y-su-repercusion-en-la-vida-diaria-2\\\/#primaryimage\"},\"thumbnailUrl\":\"\",\"datePublished\":\"2021-10-26T08:18:07+00:00\",\"breadcrumb\":{\"@id\":\"https:\\\/\\\/www.eldiario.net\\\/portal\\\/2021\\\/10\\\/26\\\/la-ansiedad-y-su-repercusion-en-la-vida-diaria-2\\\/#breadcrumb\"},\"inLanguage\":\"es\",\"potentialAction\":[{\"@type\":\"ReadAction\",\"target\":[\"https:\\\/\\\/www.eldiario.net\\\/portal\\\/2021\\\/10\\\/26\\\/la-ansiedad-y-su-repercusion-en-la-vida-diaria-2\\\/\"]}]},{\"@type\":\"ImageObject\",\"inLanguage\":\"es\",\"@id\":\"https:\\\/\\\/www.eldiario.net\\\/portal\\\/2021\\\/10\\\/26\\\/la-ansiedad-y-su-repercusion-en-la-vida-diaria-2\\\/#primaryimage\",\"url\":\"\",\"contentUrl\":\"\"},{\"@type\":\"BreadcrumbList\",\"@id\":\"https:\\\/\\\/www.eldiario.net\\\/portal\\\/2021\\\/10\\\/26\\\/la-ansiedad-y-su-repercusion-en-la-vida-diaria-2\\\/#breadcrumb\",\"itemListElement\":[{\"@type\":\"ListItem\",\"position\":1,\"name\":\"Portada\",\"item\":\"https:\\\/\\\/www.eldiario.net\\\/portal\\\/\"},{\"@type\":\"ListItem\",\"position\":2,\"name\":\"La ansiedad y su repercusi\u00f3n en la vida diaria\"}]},{\"@type\":\"WebSite\",\"@id\":\"https:\\\/\\\/www.eldiario.net\\\/portal\\\/#website\",\"url\":\"https:\\\/\\\/www.eldiario.net\\\/portal\\\/\",\"name\":\"El Diario - Decano de la prensa nacional\",\"description\":\"El Diario - Decano de la prensa nacional\",\"publisher\":{\"@id\":\"https:\\\/\\\/www.eldiario.net\\\/portal\\\/#organization\"},\"potentialAction\":[{\"@type\":\"SearchAction\",\"target\":{\"@type\":\"EntryPoint\",\"urlTemplate\":\"https:\\\/\\\/www.eldiario.net\\\/portal\\\/?s={search_term_string}\"},\"query-input\":{\"@type\":\"PropertyValueSpecification\",\"valueRequired\":true,\"valueName\":\"search_term_string\"}}],\"inLanguage\":\"es\"},{\"@type\":\"Organization\",\"@id\":\"https:\\\/\\\/www.eldiario.net\\\/portal\\\/#organization\",\"name\":\"El Diario - Decano de la prensa nacional\",\"url\":\"https:\\\/\\\/www.eldiario.net\\\/portal\\\/\",\"logo\":{\"@type\":\"ImageObject\",\"inLanguage\":\"es\",\"@id\":\"https:\\\/\\\/www.eldiario.net\\\/portal\\\/#\\\/schema\\\/logo\\\/image\\\/\",\"url\":\"https:\\\/\\\/www.eldiario.net\\\/portal\\\/wp-content\\\/uploads\\\/2023\\\/07\\\/logo_ED.jpg\",\"contentUrl\":\"https:\\\/\\\/www.eldiario.net\\\/portal\\\/wp-content\\\/uploads\\\/2023\\\/07\\\/logo_ED.jpg\",\"width\":272,\"height\":52,\"caption\":\"El Diario - Decano de la prensa nacional\"},\"image\":{\"@id\":\"https:\\\/\\\/www.eldiario.net\\\/portal\\\/#\\\/schema\\\/logo\\\/image\\\/\"},\"sameAs\":[\"https:\\\/\\\/www.facebook.com\\\/eldiario.bolivia\\\/\",\"https:\\\/\\\/x.com\\\/eldiario_net\"]},{\"@type\":\"Person\",\"@id\":\"https:\\\/\\\/www.eldiario.net\\\/portal\\\/#\\\/schema\\\/person\\\/2c57cf2b7a7ae032e449e4c9b1019eac\",\"name\":\"Jeanette\",\"image\":{\"@type\":\"ImageObject\",\"inLanguage\":\"es\",\"@id\":\"https:\\\/\\\/secure.gravatar.com\\\/avatar\\\/3ea2118a5f7dad2b7138b1187a6b7ee55f160b9968b66013c3a3ef39dd7e5798?s=96&d=mm&r=g\",\"url\":\"https:\\\/\\\/secure.gravatar.com\\\/avatar\\\/3ea2118a5f7dad2b7138b1187a6b7ee55f160b9968b66013c3a3ef39dd7e5798?s=96&d=mm&r=g\",\"contentUrl\":\"https:\\\/\\\/secure.gravatar.com\\\/avatar\\\/3ea2118a5f7dad2b7138b1187a6b7ee55f160b9968b66013c3a3ef39dd7e5798?s=96&d=mm&r=g\",\"caption\":\"Jeanette\"},\"sameAs\":[\"https:\\\/\\\/www.eldiario.net\\\/portal\"],\"url\":\"https:\\\/\\\/www.eldiario.net\\\/portal\\\/author\\\/jeanette\\\/\"}]}<\/script>\n<!-- \/ Yoast SEO plugin. -->","yoast_head_json":{"title":"La ansiedad y su repercusi\u00f3n en la vida diaria - El Diario - Bolivia","robots":{"index":"index","follow":"follow","max-snippet":"max-snippet:-1","max-image-preview":"max-image-preview:large","max-video-preview":"max-video-preview:-1"},"canonical":"https:\/\/www.eldiario.net\/portal\/2021\/10\/26\/la-ansiedad-y-su-repercusion-en-la-vida-diaria-2\/","og_locale":"es_ES","og_type":"article","og_title":"La ansiedad y su repercusi\u00f3n en la vida diaria - El Diario - Bolivia","og_description":"Por: Equipo editor &nbsp; Tomando en cuenta la definici\u00f3n sobre ansiedad que brinda la Asociaci\u00f3n Estadounidense de Psicolog\u00eda, la cual la describe como \u201cuna emoci\u00f3n caracterizada por sentimientos de tensi\u00f3n, pensamientos angustiantes y cambios f\u00edsicos como el aumento de la presi\u00f3n arterial\u201d. &nbsp; Los trastornos de\u00a0ansiedad\u00a0forman una categor\u00eda de diagn\u00f3sticos de salud mental que provocan [&hellip;]","og_url":"https:\/\/www.eldiario.net\/portal\/2021\/10\/26\/la-ansiedad-y-su-repercusion-en-la-vida-diaria-2\/","og_site_name":"El Diario - Bolivia","article_publisher":"https:\/\/www.facebook.com\/eldiario.bolivia\/","article_published_time":"2021-10-26T08:18:07+00:00","author":"Jeanette","twitter_card":"summary_large_image","twitter_creator":"@eldiario_net","twitter_site":"@eldiario_net","twitter_misc":{"Escrito por":"Jeanette","Tiempo de lectura":"7 minutos"},"schema":{"@context":"https:\/\/schema.org","@graph":[{"@type":"Article","@id":"https:\/\/www.eldiario.net\/portal\/2021\/10\/26\/la-ansiedad-y-su-repercusion-en-la-vida-diaria-2\/#article","isPartOf":{"@id":"https:\/\/www.eldiario.net\/portal\/2021\/10\/26\/la-ansiedad-y-su-repercusion-en-la-vida-diaria-2\/"},"author":{"name":"Jeanette","@id":"https:\/\/www.eldiario.net\/portal\/#\/schema\/person\/2c57cf2b7a7ae032e449e4c9b1019eac"},"headline":"La ansiedad y su repercusi\u00f3n en la vida diaria","datePublished":"2021-10-26T08:18:07+00:00","mainEntityOfPage":{"@id":"https:\/\/www.eldiario.net\/portal\/2021\/10\/26\/la-ansiedad-y-su-repercusion-en-la-vida-diaria-2\/"},"wordCount":1584,"publisher":{"@id":"https:\/\/www.eldiario.net\/portal\/#organization"},"image":{"@id":"https:\/\/www.eldiario.net\/portal\/2021\/10\/26\/la-ansiedad-y-su-repercusion-en-la-vida-diaria-2\/#primaryimage"},"thumbnailUrl":"","articleSection":["Nuevos Horizontes"],"inLanguage":"es"},{"@type":"WebPage","@id":"https:\/\/www.eldiario.net\/portal\/2021\/10\/26\/la-ansiedad-y-su-repercusion-en-la-vida-diaria-2\/","url":"https:\/\/www.eldiario.net\/portal\/2021\/10\/26\/la-ansiedad-y-su-repercusion-en-la-vida-diaria-2\/","name":"La ansiedad y su repercusi\u00f3n en la vida diaria - El Diario - Bolivia","isPartOf":{"@id":"https:\/\/www.eldiario.net\/portal\/#website"},"primaryImageOfPage":{"@id":"https:\/\/www.eldiario.net\/portal\/2021\/10\/26\/la-ansiedad-y-su-repercusion-en-la-vida-diaria-2\/#primaryimage"},"image":{"@id":"https:\/\/www.eldiario.net\/portal\/2021\/10\/26\/la-ansiedad-y-su-repercusion-en-la-vida-diaria-2\/#primaryimage"},"thumbnailUrl":"","datePublished":"2021-10-26T08:18:07+00:00","breadcrumb":{"@id":"https:\/\/www.eldiario.net\/portal\/2021\/10\/26\/la-ansiedad-y-su-repercusion-en-la-vida-diaria-2\/#breadcrumb"},"inLanguage":"es","potentialAction":[{"@type":"ReadAction","target":["https:\/\/www.eldiario.net\/portal\/2021\/10\/26\/la-ansiedad-y-su-repercusion-en-la-vida-diaria-2\/"]}]},{"@type":"ImageObject","inLanguage":"es","@id":"https:\/\/www.eldiario.net\/portal\/2021\/10\/26\/la-ansiedad-y-su-repercusion-en-la-vida-diaria-2\/#primaryimage","url":"","contentUrl":""},{"@type":"BreadcrumbList","@id":"https:\/\/www.eldiario.net\/portal\/2021\/10\/26\/la-ansiedad-y-su-repercusion-en-la-vida-diaria-2\/#breadcrumb","itemListElement":[{"@type":"ListItem","position":1,"name":"Portada","item":"https:\/\/www.eldiario.net\/portal\/"},{"@type":"ListItem","position":2,"name":"La ansiedad y su repercusi\u00f3n en la vida diaria"}]},{"@type":"WebSite","@id":"https:\/\/www.eldiario.net\/portal\/#website","url":"https:\/\/www.eldiario.net\/portal\/","name":"El Diario - Decano de la prensa nacional","description":"El Diario - Decano de la prensa nacional","publisher":{"@id":"https:\/\/www.eldiario.net\/portal\/#organization"},"potentialAction":[{"@type":"SearchAction","target":{"@type":"EntryPoint","urlTemplate":"https:\/\/www.eldiario.net\/portal\/?s={search_term_string}"},"query-input":{"@type":"PropertyValueSpecification","valueRequired":true,"valueName":"search_term_string"}}],"inLanguage":"es"},{"@type":"Organization","@id":"https:\/\/www.eldiario.net\/portal\/#organization","name":"El Diario - Decano de la prensa nacional","url":"https:\/\/www.eldiario.net\/portal\/","logo":{"@type":"ImageObject","inLanguage":"es","@id":"https:\/\/www.eldiario.net\/portal\/#\/schema\/logo\/image\/","url":"https:\/\/www.eldiario.net\/portal\/wp-content\/uploads\/2023\/07\/logo_ED.jpg","contentUrl":"https:\/\/www.eldiario.net\/portal\/wp-content\/uploads\/2023\/07\/logo_ED.jpg","width":272,"height":52,"caption":"El Diario - Decano de la prensa nacional"},"image":{"@id":"https:\/\/www.eldiario.net\/portal\/#\/schema\/logo\/image\/"},"sameAs":["https:\/\/www.facebook.com\/eldiario.bolivia\/","https:\/\/x.com\/eldiario_net"]},{"@type":"Person","@id":"https:\/\/www.eldiario.net\/portal\/#\/schema\/person\/2c57cf2b7a7ae032e449e4c9b1019eac","name":"Jeanette","image":{"@type":"ImageObject","inLanguage":"es","@id":"https:\/\/secure.gravatar.com\/avatar\/3ea2118a5f7dad2b7138b1187a6b7ee55f160b9968b66013c3a3ef39dd7e5798?s=96&d=mm&r=g","url":"https:\/\/secure.gravatar.com\/avatar\/3ea2118a5f7dad2b7138b1187a6b7ee55f160b9968b66013c3a3ef39dd7e5798?s=96&d=mm&r=g","contentUrl":"https:\/\/secure.gravatar.com\/avatar\/3ea2118a5f7dad2b7138b1187a6b7ee55f160b9968b66013c3a3ef39dd7e5798?s=96&d=mm&r=g","caption":"Jeanette"},"sameAs":["https:\/\/www.eldiario.net\/portal"],"url":"https:\/\/www.eldiario.net\/portal\/author\/jeanette\/"}]}},"_links":{"self":[{"href":"https:\/\/www.eldiario.net\/portal\/wp-json\/wp\/v2\/posts\/39050","targetHints":{"allow":["GET"]}}],"collection":[{"href":"https:\/\/www.eldiario.net\/portal\/wp-json\/wp\/v2\/posts"}],"about":[{"href":"https:\/\/www.eldiario.net\/portal\/wp-json\/wp\/v2\/types\/post"}],"author":[{"embeddable":true,"href":"https:\/\/www.eldiario.net\/portal\/wp-json\/wp\/v2\/users\/1"}],"replies":[{"embeddable":true,"href":"https:\/\/www.eldiario.net\/portal\/wp-json\/wp\/v2\/comments?post=39050"}],"version-history":[{"count":0,"href":"https:\/\/www.eldiario.net\/portal\/wp-json\/wp\/v2\/posts\/39050\/revisions"}],"wp:attachment":[{"href":"https:\/\/www.eldiario.net\/portal\/wp-json\/wp\/v2\/media?parent=39050"}],"wp:term":[{"taxonomy":"category","embeddable":true,"href":"https:\/\/www.eldiario.net\/portal\/wp-json\/wp\/v2\/categories?post=39050"},{"taxonomy":"post_tag","embeddable":true,"href":"https:\/\/www.eldiario.net\/portal\/wp-json\/wp\/v2\/tags?post=39050"}],"curies":[{"name":"wp","href":"https:\/\/api.w.org\/{rel}","templated":true}]}}