{"id":390236,"date":"2026-05-01T09:56:42","date_gmt":"2026-05-01T13:56:42","guid":{"rendered":"https:\/\/www.eldiario.net\/portal\/?p=390236"},"modified":"2026-05-01T09:56:42","modified_gmt":"2026-05-01T13:56:42","slug":"autonomia-comunicativa-habilidad-demandada-actualmente-2","status":"publish","type":"post","link":"https:\/\/www.eldiario.net\/portal\/2026\/05\/01\/autonomia-comunicativa-habilidad-demandada-actualmente-2\/","title":{"rendered":"Autonom\u00eda comunicativa Habilidad demandada actualmente"},"content":{"rendered":"<p><strong>Por. Lic. H\u00e9ctor Molina<\/strong><\/p>\n<p>&nbsp;<\/p>\n<p><strong>Recordemos que\u2026<\/strong><\/p>\n<p>&nbsp;<\/p>\n<p>La autonom\u00eda comunicativa se define como la capacidad meta-cognitiva y socio-afectiva del sujeto para gestionar sus propios procesos de intercambio de significados de manera independiente, cr\u00edtica y \u00e9tica. Desde la perspectiva de la Pragm\u00e1tica Ling\u00fc\u00edstica, autores como Habermas sugieren que la autonom\u00eda no es solo el dominio del c\u00f3digo (gram\u00e1tica), sino la capacidad de participar en una \u201csituaci\u00f3n ideal de habla\u201d, donde el individuo es capaz de validar sus propias pretensiones de verdad y rectitud sin coacci\u00f3n externa. En el contexto de la Neuroeducaci\u00f3n, implica el funcionamiento \u00f3ptimo de las funciones ejecutivas para planificar, supervisar y ajustar el discurso seg\u00fan las demandas del entorno.<\/p>\n<p>&nbsp;<\/p>\n<p><strong>El componente neuropsicol\u00f3gico &#8211; Las bases del \u201cYo\u201d comunicativo<\/strong><\/p>\n<p>&nbsp;<\/p>\n<p>El estudio de las bases neuropsicol\u00f3gicas del \u201cYo\u201d comunicativo permite comprender que la autonom\u00eda en el lenguaje no es un acto puramente espont\u00e1neo, sino el resultado de una orquestaci\u00f3n compleja de redes neuronales y procesos cognitivos superiores. Para estudiantes de secundaria y de formaci\u00f3n superior, este an\u00e1lisis revela c\u00f3mo el cerebro transforma impulsos biol\u00f3gicos en mensajes con identidad propia.<\/p>\n<p>&nbsp;<\/p>\n<ol>\n<li><strong> El sistema ejecutivo &#8211; El director de orquesta de la palabra<\/strong><\/li>\n<\/ol>\n<p>&nbsp;<\/p>\n<p>La autonom\u00eda comunicativa reside principalmente en el l\u00f3bulo prefrontal, la regi\u00f3n cerebral encargada de las funciones ejecutivas. Estas funciones act\u00faan como el centro de control que permite al individuo dejar de ser un receptor pasivo o un repetidor de frases hechas.<\/p>\n<p>&nbsp;<\/p>\n<ul>\n<li><strong>El control inhibitorio.<\/strong> Esta capacidad permite al cerebro frenar la primera respuesta impulsiva (reacci\u00f3n amigdalina). En un entorno social, el control inhibitorio es lo que faculta a un estudiante para evaluar si lo que va a decir es coherente con sus valores o si solo est\u00e1 respondiendo por presi\u00f3n de grupo.<\/li>\n<\/ul>\n<p>&nbsp;<\/p>\n<ul>\n<li><strong>La memoria de trabajo.<\/strong> Es el espacio mental donde se retiene y manipula la informaci\u00f3n en tiempo real. Gracias a ella, se pueden construir argumentos complejos, conectando una idea inicial con una conclusi\u00f3n l\u00f3gica sin perder el hilo del discurso.<\/li>\n<\/ul>\n<p>&nbsp;<\/p>\n<ul>\n<li><strong>La flexibilidad cognitiva.<\/strong> Permite cambiar el registro comunicativo seg\u00fan el contexto. Un comunicador con alta flexibilidad neuropsicol\u00f3gica puede adaptar su l\u00e9xico y tono si habla con un docente, un ni\u00f1o o un compa\u00f1ero, sin perder su autenticidad.<\/li>\n<\/ul>\n<p>&nbsp;<\/p>\n<ol start=\"2\">\n<li><strong> El di\u00e1logo interhemisf\u00e9rico y la identidad narrativa<\/strong><\/li>\n<\/ol>\n<p>&nbsp;<\/p>\n<p>La neuropsicolog\u00eda moderna sostiene que la autonom\u00eda comunicativa requiere una integraci\u00f3n eficiente entre ambos hemisferios cerebrales.<\/p>\n<p>&nbsp;<\/p>\n<ul>\n<li><strong>Hemisferio izquierdo.<\/strong> Gestiona la estructura l\u00f3gica, la sintaxis y la selecci\u00f3n precisa de las palabras. Es el encargado de la \u201cmec\u00e1nica\u201d del lenguaje.<\/li>\n<\/ul>\n<p>&nbsp;<\/p>\n<ul>\n<li><strong>Hemisferio derecho.<\/strong> Aporta la prosodia (entonaci\u00f3n), la interpretaci\u00f3n de met\u00e1foras y la comprensi\u00f3n del contexto emocional.<\/li>\n<\/ul>\n<p>&nbsp;<\/p>\n<ul>\n<li><strong>El cuerpo calloso.<\/strong> La comunicaci\u00f3n entre ambos hemisferios permite que el individuo no solo emita palabras correctas, sino que estas lleven una carga de identidad. Cuando esta integraci\u00f3n es fluida, el sujeto desarrolla una narrativa personal, logrando que su discurso sea una expresi\u00f3n genuina de su \u201cYo\u201d interno y no una respuesta mec\u00e1nica.<\/li>\n<\/ul>\n<p>&nbsp;<\/p>\n<ol start=\"3\">\n<li><strong> La dualidad am\u00edgdala-corteza &#8211; Autonom\u00eda bajo presi\u00f3n<\/strong><\/li>\n<\/ol>\n<p>&nbsp;<\/p>\n<p>Un punto cr\u00edtico para la poblaci\u00f3n joven es entender el fen\u00f3meno del \u201csecuestro emocional\u201d. La am\u00edgdala, responsable de las respuestas de supervivencia (ataque o huida), puede interferir en la autonom\u00eda comunicativa ante situaciones de estr\u00e9s o ansiedad social.<\/p>\n<p>&nbsp;<\/p>\n<p>Cuando la am\u00edgdala se hiperactiva, la comunicaci\u00f3n se vuelve reactiva, defensiva o sumisa. La autonom\u00eda neuropsicol\u00f3gica se alcanza cuando las v\u00edas que conectan la corteza prefrontal con el sistema l\u00edmbico est\u00e1n lo suficientemente fortalecidas para regular estas emociones. Este proceso, conocido como regulaci\u00f3n de arriba hacia abajo (top-down), es lo que permite que una persona mantenga su voz propia incluso en situaciones de conflicto o debate intenso.<\/p>\n<p>&nbsp;<\/p>\n<ol start=\"4\">\n<li><strong> La teor\u00eda de la mente (ToM) y la diferenciaci\u00f3n del \u201cYo\u201d<\/strong><\/li>\n<\/ol>\n<p>&nbsp;<\/p>\n<p>Desde una perspectiva psicopedag\u00f3gica y neurocient\u00edfica, la autonom\u00eda comunicativa se apoya en la maduraci\u00f3n de la Teor\u00eda de la mente, procesada en \u00e1reas como la uni\u00f3n temporoparietal y la corteza prefrontal medial.<\/p>\n<p>&nbsp;<\/p>\n<p>Esta capacidad permite al cerebro realizar dos operaciones simult\u00e1neas.<\/p>\n<p>&nbsp;<\/p>\n<ul>\n<li>Atribuir estados mentales, deseos e intenciones a los dem\u00e1s.<\/li>\n<li>Diferenciar esos estados ajenos de los propios.<\/li>\n<\/ul>\n<p>&nbsp;<\/p>\n<p>Sin una Teor\u00eda de la Mente desarrollada, el individuo tiende a mimetizarse con el discurso del otro o a ser incapaz de prever el impacto de sus palabras. La verdadera autonom\u00eda surge cuando el cerebro comprende la perspectiva ajena pero elige, de manera deliberada, mantener su posici\u00f3n o negociar desde su propia identidad.<\/p>\n<p>&nbsp;<\/p>\n<ol start=\"5\">\n<li><strong> La neuroplasticidad y el fortalecimiento del \u201cYo\u201d comunicativo<\/strong><\/li>\n<\/ol>\n<p>&nbsp;<\/p>\n<p>Finalmente, es relevante considerar que las redes neuronales que sustentan la autonom\u00eda no son est\u00e1ticas. A trav\u00e9s de la neuroplasticidad, el ejercicio constante de la reflexi\u00f3n, la lectura cr\u00edtica y el debate argumentado fortalece las conexiones sin\u00e1pticas en las \u00e1reas de Broca y Wernicke, vincul\u00e1ndolas m\u00e1s estrechamente con los centros de identidad personal. Esto significa que la autonom\u00eda comunicativa es una habilidad neurobiol\u00f3gica que puede entrenarse y perfeccionarse a lo largo de la vida acad\u00e9mica.<\/p>\n\r\n                <style type=\"text\/css\">\r\n                    \r\n                    #tdi_1  .td-doubleSlider-2 .td-item1 {\r\n                        background: url(https:\/\/www.eldiario.net\/portal\/wp-content\/uploads\/2026\/05\/Len-Teoria-de-la-mente-80x60.webp) 0 0 no-repeat;\r\n                    }\r\n                    #tdi_1  .td-doubleSlider-2 .td-item2 {\r\n                        background: url(https:\/\/www.eldiario.net\/portal\/wp-content\/uploads\/2026\/05\/Len-Neuroplasticidad-80x60.webp) 0 0 no-repeat;\r\n                    }\r\n                <\/style>\r\n\r\n                <div id=\"tdi_1\" class=\"td-gallery td-slide-on-2-columns\">\r\n                    <div class=\"post_td_gallery\">\r\n                        <div class=\"td-gallery-slide-top\">\r\n                           <div class=\"td-gallery-title\"><\/div>\r\n\r\n                            <div class=\"td-gallery-controls-wrapper\">\r\n                                <div class=\"td-gallery-slide-count\"><span class=\"td-gallery-slide-item-focus\">1<\/span> de 2<\/div>\r\n                                <div class=\"td-gallery-slide-prev-next-but\">\r\n                                    <i class = \"td-icon-left doubleSliderPrevButton\"><\/i>\r\n                                    <i class = \"td-icon-right doubleSliderNextButton\"><\/i>\r\n                                <\/div>\r\n                            <\/div>\r\n                        <\/div>\r\n\r\n                        <div class = \"td-doubleSlider-1 \">\r\n                            <div class = \"td-slider\">\r\n                                \r\n                    <div class = \"td-slide-item td-item1\">\r\n                        <figure class=\"td-slide-galery-figure td-slide-popup-gallery\">\r\n                            <a class=\"slide-gallery-image-link\" href=\"https:\/\/www.eldiario.net\/portal\/wp-content\/uploads\/2026\/05\/Len-Teoria-de-la-mente.webp\" title=\"Len - Teor\u00eda de la mente\"  data-caption=\"\"  data-description=\"\">\r\n                                <img decoding=\"async\" src=\"https:\/\/www.eldiario.net\/portal\/wp-content\/uploads\/2026\/05\/Len-Teoria-de-la-mente-420x420.webp\" srcset=\"https:\/\/www.eldiario.net\/portal\/wp-content\/uploads\/2026\/05\/Len-Teoria-de-la-mente-420x420.webp 420w, https:\/\/www.eldiario.net\/portal\/wp-content\/uploads\/2026\/05\/Len-Teoria-de-la-mente-300x300.webp 300w, https:\/\/www.eldiario.net\/portal\/wp-content\/uploads\/2026\/05\/Len-Teoria-de-la-mente-150x150.webp 150w, https:\/\/www.eldiario.net\/portal\/wp-content\/uploads\/2026\/05\/Len-Teoria-de-la-mente-768x768.webp 768w, https:\/\/www.eldiario.net\/portal\/wp-content\/uploads\/2026\/05\/Len-Teoria-de-la-mente-696x696.webp 696w, https:\/\/www.eldiario.net\/portal\/wp-content\/uploads\/2026\/05\/Len-Teoria-de-la-mente.webp 1024w\" sizes=\"(max-width: 420px) 100vw, 420px\" alt=\"\">\r\n                            <\/a>\r\n                            \r\n                        <\/figure>\r\n                    <\/div>\r\n                    <div class = \"td-slide-item td-item2\">\r\n                        <figure class=\"td-slide-galery-figure td-slide-popup-gallery\">\r\n                            <a class=\"slide-gallery-image-link\" href=\"https:\/\/www.eldiario.net\/portal\/wp-content\/uploads\/2026\/05\/Len-Neuroplasticidad.webp\" title=\"Len - Neuroplasticidad\"  data-caption=\"\"  data-description=\"\">\r\n                                <img decoding=\"async\" src=\"https:\/\/www.eldiario.net\/portal\/wp-content\/uploads\/2026\/05\/Len-Neuroplasticidad-953x420.webp\" srcset=\"https:\/\/www.eldiario.net\/portal\/wp-content\/uploads\/2026\/05\/Len-Neuroplasticidad-953x420.webp 953w, https:\/\/www.eldiario.net\/portal\/wp-content\/uploads\/2026\/05\/Len-Neuroplasticidad-300x132.webp 300w, https:\/\/www.eldiario.net\/portal\/wp-content\/uploads\/2026\/05\/Len-Neuroplasticidad-768x339.webp 768w, https:\/\/www.eldiario.net\/portal\/wp-content\/uploads\/2026\/05\/Len-Neuroplasticidad-150x66.webp 150w, https:\/\/www.eldiario.net\/portal\/wp-content\/uploads\/2026\/05\/Len-Neuroplasticidad-696x307.webp 696w, https:\/\/www.eldiario.net\/portal\/wp-content\/uploads\/2026\/05\/Len-Neuroplasticidad.webp 973w\" sizes=\"(max-width: 953px) 100vw, 953px\" alt=\"\">\r\n                            <\/a>\r\n                            \r\n                        <\/figure>\r\n                    <\/div>\r\n                            <\/div>\r\n                        <\/div>\r\n\r\n                        <div class = \"td-doubleSlider-2\">\r\n                            <div class = \"td-slider\">\r\n                                \r\n                    <div class = \"td-button td-item1\">\r\n                        <div class = \"td-border\"><\/div>\r\n                    <\/div>\r\n                    <div class = \"td-button td-item2\">\r\n                        <div class = \"td-border\"><\/div>\r\n                    <\/div>\r\n                            <\/div>\r\n                        <\/div>\r\n\r\n                    <\/div>\r\n\r\n                <\/div>\r\n                \n","protected":false},"excerpt":{"rendered":"<p>Por. Lic. H\u00e9ctor Molina &nbsp; Recordemos que\u2026 &nbsp; La autonom\u00eda comunicativa se define como la capacidad meta-cognitiva y socio-afectiva del sujeto para gestionar sus propios procesos de intercambio de significados de manera independiente, cr\u00edtica y \u00e9tica. Desde la perspectiva de la Pragm\u00e1tica Ling\u00fc\u00edstica, autores como Habermas sugieren que la autonom\u00eda no es solo el dominio [&hellip;]<\/p>\n","protected":false},"author":1,"featured_media":390238,"comment_status":"closed","ping_status":"open","sticky":false,"template":"","format":"standard","meta":{"_acf_changed":false,"footnotes":""},"categories":[43],"tags":[],"class_list":["post-390236","post","type-post","status-publish","format-standard","has-post-thumbnail","category-nuevos-horizontes"],"acf":{"antetitulo":"Segunda Parte"},"yoast_head":"<!-- This site is optimized with the Yoast SEO plugin v28.4 - https:\/\/yoast.com\/product\/yoast-seo-wordpress\/ -->\n<title>Autonom\u00eda comunicativa Habilidad demandada actualmente - El Diario - Bolivia<\/title>\n<meta name=\"robots\" content=\"index, follow, max-snippet:-1, max-image-preview:large, max-video-preview:-1\" \/>\n<link rel=\"canonical\" href=\"https:\/\/www.eldiario.net\/portal\/2026\/05\/01\/autonomia-comunicativa-habilidad-demandada-actualmente-2\/\" \/>\n<meta property=\"og:locale\" content=\"es_ES\" \/>\n<meta property=\"og:type\" content=\"article\" \/>\n<meta property=\"og:title\" content=\"Autonom\u00eda comunicativa Habilidad demandada actualmente - El Diario - Bolivia\" \/>\n<meta property=\"og:description\" content=\"Por. Lic. H\u00e9ctor Molina &nbsp; Recordemos que\u2026 &nbsp; La autonom\u00eda comunicativa se define como la capacidad meta-cognitiva y socio-afectiva del sujeto para gestionar sus propios procesos de intercambio de significados de manera independiente, cr\u00edtica y \u00e9tica. Desde la perspectiva de la Pragm\u00e1tica Ling\u00fc\u00edstica, autores como Habermas sugieren que la autonom\u00eda no es solo el dominio [&hellip;]\" \/>\n<meta property=\"og:url\" content=\"https:\/\/www.eldiario.net\/portal\/2026\/05\/01\/autonomia-comunicativa-habilidad-demandada-actualmente-2\/\" \/>\n<meta property=\"og:site_name\" content=\"El Diario - Bolivia\" \/>\n<meta property=\"article:publisher\" content=\"https:\/\/www.facebook.com\/eldiario.bolivia\/\" \/>\n<meta property=\"article:published_time\" content=\"2026-05-01T13:56:42+00:00\" \/>\n<meta property=\"og:image\" content=\"https:\/\/www.eldiario.net\/portal\/wp-content\/uploads\/2026\/05\/Len-Neuroplasticidad.webp\" \/>\n\t<meta property=\"og:image:width\" content=\"973\" \/>\n\t<meta property=\"og:image:height\" content=\"429\" \/>\n\t<meta property=\"og:image:type\" content=\"image\/webp\" \/>\n<meta name=\"author\" content=\"Jeanette\" \/>\n<meta name=\"twitter:card\" content=\"summary_large_image\" \/>\n<meta name=\"twitter:creator\" content=\"@eldiario_net\" \/>\n<meta name=\"twitter:site\" content=\"@eldiario_net\" \/>\n<meta name=\"twitter:label1\" content=\"Escrito por\" \/>\n\t<meta name=\"twitter:data1\" content=\"Jeanette\" \/>\n\t<meta name=\"twitter:label2\" content=\"Tiempo de lectura\" \/>\n\t<meta name=\"twitter:data2\" content=\"4 minutos\" \/>\n<script type=\"application\/ld+json\" class=\"yoast-schema-graph\">{\"@context\":\"https:\\\/\\\/schema.org\",\"@graph\":[{\"@type\":\"Article\",\"@id\":\"https:\\\/\\\/www.eldiario.net\\\/portal\\\/2026\\\/05\\\/01\\\/autonomia-comunicativa-habilidad-demandada-actualmente-2\\\/#article\",\"isPartOf\":{\"@id\":\"https:\\\/\\\/www.eldiario.net\\\/portal\\\/2026\\\/05\\\/01\\\/autonomia-comunicativa-habilidad-demandada-actualmente-2\\\/\"},\"author\":{\"name\":\"Jeanette\",\"@id\":\"https:\\\/\\\/www.eldiario.net\\\/portal\\\/#\\\/schema\\\/person\\\/2c57cf2b7a7ae032e449e4c9b1019eac\"},\"headline\":\"Autonom\u00eda comunicativa Habilidad demandada actualmente\",\"datePublished\":\"2026-05-01T13:56:42+00:00\",\"mainEntityOfPage\":{\"@id\":\"https:\\\/\\\/www.eldiario.net\\\/portal\\\/2026\\\/05\\\/01\\\/autonomia-comunicativa-habilidad-demandada-actualmente-2\\\/\"},\"wordCount\":920,\"publisher\":{\"@id\":\"https:\\\/\\\/www.eldiario.net\\\/portal\\\/#organization\"},\"image\":{\"@id\":\"https:\\\/\\\/www.eldiario.net\\\/portal\\\/2026\\\/05\\\/01\\\/autonomia-comunicativa-habilidad-demandada-actualmente-2\\\/#primaryimage\"},\"thumbnailUrl\":\"https:\\\/\\\/www.eldiario.net\\\/portal\\\/wp-content\\\/uploads\\\/2026\\\/05\\\/Len-Neuroplasticidad.webp\",\"articleSection\":[\"Nuevos Horizontes\"],\"inLanguage\":\"es\"},{\"@type\":\"WebPage\",\"@id\":\"https:\\\/\\\/www.eldiario.net\\\/portal\\\/2026\\\/05\\\/01\\\/autonomia-comunicativa-habilidad-demandada-actualmente-2\\\/\",\"url\":\"https:\\\/\\\/www.eldiario.net\\\/portal\\\/2026\\\/05\\\/01\\\/autonomia-comunicativa-habilidad-demandada-actualmente-2\\\/\",\"name\":\"Autonom\u00eda comunicativa Habilidad demandada actualmente - El Diario - Bolivia\",\"isPartOf\":{\"@id\":\"https:\\\/\\\/www.eldiario.net\\\/portal\\\/#website\"},\"primaryImageOfPage\":{\"@id\":\"https:\\\/\\\/www.eldiario.net\\\/portal\\\/2026\\\/05\\\/01\\\/autonomia-comunicativa-habilidad-demandada-actualmente-2\\\/#primaryimage\"},\"image\":{\"@id\":\"https:\\\/\\\/www.eldiario.net\\\/portal\\\/2026\\\/05\\\/01\\\/autonomia-comunicativa-habilidad-demandada-actualmente-2\\\/#primaryimage\"},\"thumbnailUrl\":\"https:\\\/\\\/www.eldiario.net\\\/portal\\\/wp-content\\\/uploads\\\/2026\\\/05\\\/Len-Neuroplasticidad.webp\",\"datePublished\":\"2026-05-01T13:56:42+00:00\",\"breadcrumb\":{\"@id\":\"https:\\\/\\\/www.eldiario.net\\\/portal\\\/2026\\\/05\\\/01\\\/autonomia-comunicativa-habilidad-demandada-actualmente-2\\\/#breadcrumb\"},\"inLanguage\":\"es\",\"potentialAction\":[{\"@type\":\"ReadAction\",\"target\":[\"https:\\\/\\\/www.eldiario.net\\\/portal\\\/2026\\\/05\\\/01\\\/autonomia-comunicativa-habilidad-demandada-actualmente-2\\\/\"]}]},{\"@type\":\"ImageObject\",\"inLanguage\":\"es\",\"@id\":\"https:\\\/\\\/www.eldiario.net\\\/portal\\\/2026\\\/05\\\/01\\\/autonomia-comunicativa-habilidad-demandada-actualmente-2\\\/#primaryimage\",\"url\":\"https:\\\/\\\/www.eldiario.net\\\/portal\\\/wp-content\\\/uploads\\\/2026\\\/05\\\/Len-Neuroplasticidad.webp\",\"contentUrl\":\"https:\\\/\\\/www.eldiario.net\\\/portal\\\/wp-content\\\/uploads\\\/2026\\\/05\\\/Len-Neuroplasticidad.webp\",\"width\":973,\"height\":429},{\"@type\":\"BreadcrumbList\",\"@id\":\"https:\\\/\\\/www.eldiario.net\\\/portal\\\/2026\\\/05\\\/01\\\/autonomia-comunicativa-habilidad-demandada-actualmente-2\\\/#breadcrumb\",\"itemListElement\":[{\"@type\":\"ListItem\",\"position\":1,\"name\":\"Portada\",\"item\":\"https:\\\/\\\/www.eldiario.net\\\/portal\\\/\"},{\"@type\":\"ListItem\",\"position\":2,\"name\":\"Autonom\u00eda comunicativa Habilidad demandada actualmente\"}]},{\"@type\":\"WebSite\",\"@id\":\"https:\\\/\\\/www.eldiario.net\\\/portal\\\/#website\",\"url\":\"https:\\\/\\\/www.eldiario.net\\\/portal\\\/\",\"name\":\"El Diario - Decano de la prensa nacional\",\"description\":\"El Diario - Decano de la prensa nacional\",\"publisher\":{\"@id\":\"https:\\\/\\\/www.eldiario.net\\\/portal\\\/#organization\"},\"potentialAction\":[{\"@type\":\"SearchAction\",\"target\":{\"@type\":\"EntryPoint\",\"urlTemplate\":\"https:\\\/\\\/www.eldiario.net\\\/portal\\\/?s={search_term_string}\"},\"query-input\":{\"@type\":\"PropertyValueSpecification\",\"valueRequired\":true,\"valueName\":\"search_term_string\"}}],\"inLanguage\":\"es\"},{\"@type\":\"Organization\",\"@id\":\"https:\\\/\\\/www.eldiario.net\\\/portal\\\/#organization\",\"name\":\"El Diario - Decano de la prensa nacional\",\"url\":\"https:\\\/\\\/www.eldiario.net\\\/portal\\\/\",\"logo\":{\"@type\":\"ImageObject\",\"inLanguage\":\"es\",\"@id\":\"https:\\\/\\\/www.eldiario.net\\\/portal\\\/#\\\/schema\\\/logo\\\/image\\\/\",\"url\":\"https:\\\/\\\/www.eldiario.net\\\/portal\\\/wp-content\\\/uploads\\\/2023\\\/07\\\/logo_ED.jpg\",\"contentUrl\":\"https:\\\/\\\/www.eldiario.net\\\/portal\\\/wp-content\\\/uploads\\\/2023\\\/07\\\/logo_ED.jpg\",\"width\":272,\"height\":52,\"caption\":\"El Diario - Decano de la prensa nacional\"},\"image\":{\"@id\":\"https:\\\/\\\/www.eldiario.net\\\/portal\\\/#\\\/schema\\\/logo\\\/image\\\/\"},\"sameAs\":[\"https:\\\/\\\/www.facebook.com\\\/eldiario.bolivia\\\/\",\"https:\\\/\\\/x.com\\\/eldiario_net\"]},{\"@type\":\"Person\",\"@id\":\"https:\\\/\\\/www.eldiario.net\\\/portal\\\/#\\\/schema\\\/person\\\/2c57cf2b7a7ae032e449e4c9b1019eac\",\"name\":\"Jeanette\",\"image\":{\"@type\":\"ImageObject\",\"inLanguage\":\"es\",\"@id\":\"https:\\\/\\\/secure.gravatar.com\\\/avatar\\\/3ea2118a5f7dad2b7138b1187a6b7ee55f160b9968b66013c3a3ef39dd7e5798?s=96&d=mm&r=g\",\"url\":\"https:\\\/\\\/secure.gravatar.com\\\/avatar\\\/3ea2118a5f7dad2b7138b1187a6b7ee55f160b9968b66013c3a3ef39dd7e5798?s=96&d=mm&r=g\",\"contentUrl\":\"https:\\\/\\\/secure.gravatar.com\\\/avatar\\\/3ea2118a5f7dad2b7138b1187a6b7ee55f160b9968b66013c3a3ef39dd7e5798?s=96&d=mm&r=g\",\"caption\":\"Jeanette\"},\"sameAs\":[\"https:\\\/\\\/www.eldiario.net\\\/portal\"],\"url\":\"https:\\\/\\\/www.eldiario.net\\\/portal\\\/author\\\/jeanette\\\/\"}]}<\/script>\n<!-- \/ Yoast SEO plugin. -->","yoast_head_json":{"title":"Autonom\u00eda comunicativa Habilidad demandada actualmente - El Diario - Bolivia","robots":{"index":"index","follow":"follow","max-snippet":"max-snippet:-1","max-image-preview":"max-image-preview:large","max-video-preview":"max-video-preview:-1"},"canonical":"https:\/\/www.eldiario.net\/portal\/2026\/05\/01\/autonomia-comunicativa-habilidad-demandada-actualmente-2\/","og_locale":"es_ES","og_type":"article","og_title":"Autonom\u00eda comunicativa Habilidad demandada actualmente - El Diario - Bolivia","og_description":"Por. Lic. H\u00e9ctor Molina &nbsp; Recordemos que\u2026 &nbsp; La autonom\u00eda comunicativa se define como la capacidad meta-cognitiva y socio-afectiva del sujeto para gestionar sus propios procesos de intercambio de significados de manera independiente, cr\u00edtica y \u00e9tica. Desde la perspectiva de la Pragm\u00e1tica Ling\u00fc\u00edstica, autores como Habermas sugieren que la autonom\u00eda no es solo el dominio [&hellip;]","og_url":"https:\/\/www.eldiario.net\/portal\/2026\/05\/01\/autonomia-comunicativa-habilidad-demandada-actualmente-2\/","og_site_name":"El Diario - Bolivia","article_publisher":"https:\/\/www.facebook.com\/eldiario.bolivia\/","article_published_time":"2026-05-01T13:56:42+00:00","og_image":[{"width":973,"height":429,"url":"https:\/\/www.eldiario.net\/portal\/wp-content\/uploads\/2026\/05\/Len-Neuroplasticidad.webp","type":"image\/webp"}],"author":"Jeanette","twitter_card":"summary_large_image","twitter_creator":"@eldiario_net","twitter_site":"@eldiario_net","twitter_misc":{"Escrito por":"Jeanette","Tiempo de lectura":"4 minutos"},"schema":{"@context":"https:\/\/schema.org","@graph":[{"@type":"Article","@id":"https:\/\/www.eldiario.net\/portal\/2026\/05\/01\/autonomia-comunicativa-habilidad-demandada-actualmente-2\/#article","isPartOf":{"@id":"https:\/\/www.eldiario.net\/portal\/2026\/05\/01\/autonomia-comunicativa-habilidad-demandada-actualmente-2\/"},"author":{"name":"Jeanette","@id":"https:\/\/www.eldiario.net\/portal\/#\/schema\/person\/2c57cf2b7a7ae032e449e4c9b1019eac"},"headline":"Autonom\u00eda comunicativa Habilidad demandada actualmente","datePublished":"2026-05-01T13:56:42+00:00","mainEntityOfPage":{"@id":"https:\/\/www.eldiario.net\/portal\/2026\/05\/01\/autonomia-comunicativa-habilidad-demandada-actualmente-2\/"},"wordCount":920,"publisher":{"@id":"https:\/\/www.eldiario.net\/portal\/#organization"},"image":{"@id":"https:\/\/www.eldiario.net\/portal\/2026\/05\/01\/autonomia-comunicativa-habilidad-demandada-actualmente-2\/#primaryimage"},"thumbnailUrl":"https:\/\/www.eldiario.net\/portal\/wp-content\/uploads\/2026\/05\/Len-Neuroplasticidad.webp","articleSection":["Nuevos Horizontes"],"inLanguage":"es"},{"@type":"WebPage","@id":"https:\/\/www.eldiario.net\/portal\/2026\/05\/01\/autonomia-comunicativa-habilidad-demandada-actualmente-2\/","url":"https:\/\/www.eldiario.net\/portal\/2026\/05\/01\/autonomia-comunicativa-habilidad-demandada-actualmente-2\/","name":"Autonom\u00eda comunicativa Habilidad demandada actualmente - El Diario - Bolivia","isPartOf":{"@id":"https:\/\/www.eldiario.net\/portal\/#website"},"primaryImageOfPage":{"@id":"https:\/\/www.eldiario.net\/portal\/2026\/05\/01\/autonomia-comunicativa-habilidad-demandada-actualmente-2\/#primaryimage"},"image":{"@id":"https:\/\/www.eldiario.net\/portal\/2026\/05\/01\/autonomia-comunicativa-habilidad-demandada-actualmente-2\/#primaryimage"},"thumbnailUrl":"https:\/\/www.eldiario.net\/portal\/wp-content\/uploads\/2026\/05\/Len-Neuroplasticidad.webp","datePublished":"2026-05-01T13:56:42+00:00","breadcrumb":{"@id":"https:\/\/www.eldiario.net\/portal\/2026\/05\/01\/autonomia-comunicativa-habilidad-demandada-actualmente-2\/#breadcrumb"},"inLanguage":"es","potentialAction":[{"@type":"ReadAction","target":["https:\/\/www.eldiario.net\/portal\/2026\/05\/01\/autonomia-comunicativa-habilidad-demandada-actualmente-2\/"]}]},{"@type":"ImageObject","inLanguage":"es","@id":"https:\/\/www.eldiario.net\/portal\/2026\/05\/01\/autonomia-comunicativa-habilidad-demandada-actualmente-2\/#primaryimage","url":"https:\/\/www.eldiario.net\/portal\/wp-content\/uploads\/2026\/05\/Len-Neuroplasticidad.webp","contentUrl":"https:\/\/www.eldiario.net\/portal\/wp-content\/uploads\/2026\/05\/Len-Neuroplasticidad.webp","width":973,"height":429},{"@type":"BreadcrumbList","@id":"https:\/\/www.eldiario.net\/portal\/2026\/05\/01\/autonomia-comunicativa-habilidad-demandada-actualmente-2\/#breadcrumb","itemListElement":[{"@type":"ListItem","position":1,"name":"Portada","item":"https:\/\/www.eldiario.net\/portal\/"},{"@type":"ListItem","position":2,"name":"Autonom\u00eda comunicativa Habilidad demandada actualmente"}]},{"@type":"WebSite","@id":"https:\/\/www.eldiario.net\/portal\/#website","url":"https:\/\/www.eldiario.net\/portal\/","name":"El Diario - Decano de la prensa nacional","description":"El Diario - Decano de la prensa nacional","publisher":{"@id":"https:\/\/www.eldiario.net\/portal\/#organization"},"potentialAction":[{"@type":"SearchAction","target":{"@type":"EntryPoint","urlTemplate":"https:\/\/www.eldiario.net\/portal\/?s={search_term_string}"},"query-input":{"@type":"PropertyValueSpecification","valueRequired":true,"valueName":"search_term_string"}}],"inLanguage":"es"},{"@type":"Organization","@id":"https:\/\/www.eldiario.net\/portal\/#organization","name":"El Diario - Decano de la prensa nacional","url":"https:\/\/www.eldiario.net\/portal\/","logo":{"@type":"ImageObject","inLanguage":"es","@id":"https:\/\/www.eldiario.net\/portal\/#\/schema\/logo\/image\/","url":"https:\/\/www.eldiario.net\/portal\/wp-content\/uploads\/2023\/07\/logo_ED.jpg","contentUrl":"https:\/\/www.eldiario.net\/portal\/wp-content\/uploads\/2023\/07\/logo_ED.jpg","width":272,"height":52,"caption":"El Diario - Decano de la prensa nacional"},"image":{"@id":"https:\/\/www.eldiario.net\/portal\/#\/schema\/logo\/image\/"},"sameAs":["https:\/\/www.facebook.com\/eldiario.bolivia\/","https:\/\/x.com\/eldiario_net"]},{"@type":"Person","@id":"https:\/\/www.eldiario.net\/portal\/#\/schema\/person\/2c57cf2b7a7ae032e449e4c9b1019eac","name":"Jeanette","image":{"@type":"ImageObject","inLanguage":"es","@id":"https:\/\/secure.gravatar.com\/avatar\/3ea2118a5f7dad2b7138b1187a6b7ee55f160b9968b66013c3a3ef39dd7e5798?s=96&d=mm&r=g","url":"https:\/\/secure.gravatar.com\/avatar\/3ea2118a5f7dad2b7138b1187a6b7ee55f160b9968b66013c3a3ef39dd7e5798?s=96&d=mm&r=g","contentUrl":"https:\/\/secure.gravatar.com\/avatar\/3ea2118a5f7dad2b7138b1187a6b7ee55f160b9968b66013c3a3ef39dd7e5798?s=96&d=mm&r=g","caption":"Jeanette"},"sameAs":["https:\/\/www.eldiario.net\/portal"],"url":"https:\/\/www.eldiario.net\/portal\/author\/jeanette\/"}]}},"_links":{"self":[{"href":"https:\/\/www.eldiario.net\/portal\/wp-json\/wp\/v2\/posts\/390236","targetHints":{"allow":["GET"]}}],"collection":[{"href":"https:\/\/www.eldiario.net\/portal\/wp-json\/wp\/v2\/posts"}],"about":[{"href":"https:\/\/www.eldiario.net\/portal\/wp-json\/wp\/v2\/types\/post"}],"author":[{"embeddable":true,"href":"https:\/\/www.eldiario.net\/portal\/wp-json\/wp\/v2\/users\/1"}],"replies":[{"embeddable":true,"href":"https:\/\/www.eldiario.net\/portal\/wp-json\/wp\/v2\/comments?post=390236"}],"version-history":[{"count":1,"href":"https:\/\/www.eldiario.net\/portal\/wp-json\/wp\/v2\/posts\/390236\/revisions"}],"predecessor-version":[{"id":390239,"href":"https:\/\/www.eldiario.net\/portal\/wp-json\/wp\/v2\/posts\/390236\/revisions\/390239"}],"wp:featuredmedia":[{"embeddable":true,"href":"https:\/\/www.eldiario.net\/portal\/wp-json\/wp\/v2\/media\/390238"}],"wp:attachment":[{"href":"https:\/\/www.eldiario.net\/portal\/wp-json\/wp\/v2\/media?parent=390236"}],"wp:term":[{"taxonomy":"category","embeddable":true,"href":"https:\/\/www.eldiario.net\/portal\/wp-json\/wp\/v2\/categories?post=390236"},{"taxonomy":"post_tag","embeddable":true,"href":"https:\/\/www.eldiario.net\/portal\/wp-json\/wp\/v2\/tags?post=390236"}],"curies":[{"name":"wp","href":"https:\/\/api.w.org\/{rel}","templated":true}]}}