{"id":390231,"date":"2026-05-01T09:55:29","date_gmt":"2026-05-01T13:55:29","guid":{"rendered":"https:\/\/www.eldiario.net\/portal\/?p=390231"},"modified":"2026-05-01T09:55:29","modified_gmt":"2026-05-01T13:55:29","slug":"la-dopamina-y-como-descargarla-5","status":"publish","type":"post","link":"https:\/\/www.eldiario.net\/portal\/2026\/05\/01\/la-dopamina-y-como-descargarla-5\/","title":{"rendered":"La dopamina Y c\u00f3mo descargarla"},"content":{"rendered":"<p><strong>Por. Lic. H\u00e9ctor Molina<\/strong><\/p>\n<p>&nbsp;<\/p>\n<p><strong>Recordemos que\u2026<\/strong><\/p>\n<p>&nbsp;<\/p>\n<p>Seg\u00fan Wolfram Schultz, la dopamina adem\u00e1s de se considerada la mol\u00e9cula del placer, debe tomarse como la se\u00f1al del \u201cerror de predicci\u00f3n de recompensa\u201d. Seg\u00fan sus estudios, las neuronas dopamin\u00e9rgicas se activan ante la discrepancia entre la recompensa esperada y la recibida. Esta definici\u00f3n es vital para la educaci\u00f3n y el desarrollo humano, ya que establece que la dopamina es el motor del aprendizaje basado en la novedad y la actualizaci\u00f3n de expectativas.<\/p>\n<p>&nbsp;<\/p>\n<p>La dopamina constituye uno de los ejes neurobiol\u00f3gicos m\u00e1s cr\u00edticos para la comprensi\u00f3n del comportamiento humano. Desde la perspectiva de la neurociencia y la psicopedagog\u00eda, esta mol\u00e9cula no solo funciona como un neurotransmisor encargado de la comunicaci\u00f3n entre neuronas, sino que act\u00faa como un regulador hormonal que define la motivaci\u00f3n, el aprendizaje y el control motor en los j\u00f3venes y adultos.<\/p>\n<p>&nbsp;<\/p>\n<p><strong>C\u00f3mo corregir la generaci\u00f3n inadecuada de Dopamina &#8211; El reequilibrio del sistema de recompensa<\/strong><\/p>\n<p>&nbsp;<\/p>\n<p>La dopamina es frecuentemente malinterpretada como el qu\u00edmico del placer. Sin embargo, desde la neurobiolog\u00eda celular, su funci\u00f3n principal es actuar como un neuromodulador de la motivaci\u00f3n, la anticipaci\u00f3n y el aprendizaje por refuerzo. En la sociedad contempor\u00e1nea, el acceso constante a est\u00edmulos de alta gratificaci\u00f3n, como las redes sociales, los videojuegos y el consumo inmediato de ultraprocesados, ha generado un fen\u00f3meno de desensibilizaci\u00f3n en los receptores dopamin\u00e9rgicos, provocando lo que t\u00e9cnicamente se conoce como una regulaci\u00f3n a la baja.<\/p>\n<p>&nbsp;<\/p>\n<p><strong>La biolog\u00eda del desequilibrio &#8211; El ciclo de tolerancia<\/strong><\/p>\n<p>&nbsp;<\/p>\n<p>A nivel de la hendidura sin\u00e1ptica, la liberaci\u00f3n masiva y constante de dopamina satura los receptores (especialmente los tipos D1 y D2). Para protegerse de esta sobreestimulaci\u00f3n, las neuronas postsin\u00e1pticas reducen la cantidad de receptores disponibles. Este proceso biol\u00f3gico explica por qu\u00e9, tras periodos prolongados de sobreestimulaci\u00f3n digital o diet\u00e9tica, las actividades cotidianas pierden su atractivo, generando apat\u00eda y falta de concentraci\u00f3n.<\/p>\n<p>&nbsp;<\/p>\n<p>Corregir esta generaci\u00f3n inadecuada no implica eliminar la dopamina, sino recuperar la sensibilidad de los receptores y estabilizar los niveles t\u00f3nicos (base) frente a los niveles f\u00e1sicos (picos).<\/p>\n<p>&nbsp;<\/p>\n<p><strong>Estrategias de restauraci\u00f3n neurocognitiva<\/strong><\/p>\n<p>&nbsp;<\/p>\n<ol>\n<li><strong> La implementaci\u00f3n de periodos de ayuno de estimulaci\u00f3n<\/strong><\/li>\n<\/ol>\n<p>&nbsp;<\/p>\n<p>La evidencia en neurociencias sugiere que la reducci\u00f3n dr\u00e1stica de est\u00edmulos artificiales permite que el sistema nervioso recupere su equilibrio homeost\u00e1tico. Al limitar el acceso a fuentes de gratificaci\u00f3n instant\u00e1nea, las neuronas inician un proceso de resensibilizaci\u00f3n. Este \u201creinicio\u201d biol\u00f3gico facilita que actividades que requieren esfuerzo sostenido, como el estudio o la investigaci\u00f3n, vuelvan a ser procesadas como tareas motivadoras.<\/p>\n<p>&nbsp;<\/p>\n<ol start=\"2\">\n<li><strong> Optimizaci\u00f3n de la precursores bioqu\u00edmicos &#8211; Tirosina<\/strong><\/li>\n<\/ol>\n<p>&nbsp;<\/p>\n<p>Desde la biolog\u00eda celular, la dopamina se sintetiza a partir del amino\u00e1cido L-tirosina. Una dieta deficiente en precursores limita la capacidad del cerebro para producir niveles adecuados de este neurotransmisor de forma natural. El consumo de alimentos ricos en prote\u00ednas (legumbres, huevos, frutos secos) proporciona los bloques de construcci\u00f3n necesarios para que la s\u00edntesis de dopamina sea eficiente y constante, evitando los colapsos energ\u00e9ticos asociados a las dietas altas en az\u00facares simples.<\/p>\n<p>&nbsp;<\/p>\n<ol start=\"3\">\n<li><strong> Regulaci\u00f3n mediante el esfuerzo f\u00edsico y la exposici\u00f3n lum\u00ednica<\/strong><\/li>\n<\/ol>\n<p>&nbsp;<\/p>\n<p>El ejercicio f\u00edsico aer\u00f3bico incrementa la producci\u00f3n de factores neurotr\u00f3ficos (como el BDNF) y mejora la densidad de los receptores dopamin\u00e9rgicos en el cuerpo estriado. Por otro lado, la exposici\u00f3n a la luz solar durante las primeras horas del d\u00eda regula el ritmo circadiano, lo cual es cr\u00edtico, ya que la liberaci\u00f3n de dopamina sigue un patr\u00f3n biol\u00f3gico estrechamente vinculado al ciclo de sue\u00f1o y vigilia.<\/p>\n<p>&nbsp;<\/p>\n<ol start=\"4\">\n<li><strong> T\u00e9cnica de apilamiento de h\u00e1bitos y enfoque en el proceso<\/strong><\/li>\n<\/ol>\n<p>&nbsp;<\/p>\n<p>Para corregir la generaci\u00f3n inadecuada, es vital desplazar el foco de la recompensa final hacia el esfuerzo realizado. Al valorar el proceso de aprendizaje o el trabajo de investigaci\u00f3n en s\u00ed mismo, se fomenta una liberaci\u00f3n de dopamina m\u00e1s estable y duradera. Esto previene la fatiga neuronal que ocurre cuando el cerebro solo busca el resultado inmediato.<\/p>\n\r\n                <style type=\"text\/css\">\r\n                    \r\n                    #tdi_1  .td-doubleSlider-2 .td-item1 {\r\n                        background: url(https:\/\/www.eldiario.net\/portal\/wp-content\/uploads\/2026\/05\/Bio-La-Tolerancia-80x60.webp) 0 0 no-repeat;\r\n                    }\r\n                    #tdi_1  .td-doubleSlider-2 .td-item2 {\r\n                        background: url(https:\/\/www.eldiario.net\/portal\/wp-content\/uploads\/2026\/05\/Bio-Tirosina-80x60.webp) 0 0 no-repeat;\r\n                    }\r\n                    #tdi_1  .td-doubleSlider-2 .td-item3 {\r\n                        background: url(https:\/\/www.eldiario.net\/portal\/wp-content\/uploads\/2026\/05\/Bio-Estrategias-de-restauracion-neurocognitiva-80x60.webp) 0 0 no-repeat;\r\n                    }\r\n                <\/style>\r\n\r\n                <div id=\"tdi_1\" class=\"td-gallery td-slide-on-2-columns\">\r\n                    <div class=\"post_td_gallery\">\r\n                        <div class=\"td-gallery-slide-top\">\r\n                           <div class=\"td-gallery-title\"><\/div>\r\n\r\n                            <div class=\"td-gallery-controls-wrapper\">\r\n                                <div class=\"td-gallery-slide-count\"><span class=\"td-gallery-slide-item-focus\">1<\/span> de 3<\/div>\r\n                                <div class=\"td-gallery-slide-prev-next-but\">\r\n                                    <i class = \"td-icon-left doubleSliderPrevButton\"><\/i>\r\n                                    <i class = \"td-icon-right doubleSliderNextButton\"><\/i>\r\n                                <\/div>\r\n                            <\/div>\r\n                        <\/div>\r\n\r\n                        <div class = \"td-doubleSlider-1 \">\r\n                            <div class = \"td-slider\">\r\n                                \r\n                    <div class = \"td-slide-item td-item1\">\r\n                        <figure class=\"td-slide-galery-figure td-slide-popup-gallery\">\r\n                            <a class=\"slide-gallery-image-link\" href=\"https:\/\/www.eldiario.net\/portal\/wp-content\/uploads\/2026\/05\/Bio-La-Tolerancia.webp\" title=\"Bio - La Tolerancia\"  data-caption=\"\"  data-description=\"\">\r\n                                <img decoding=\"async\" src=\"https:\/\/www.eldiario.net\/portal\/wp-content\/uploads\/2026\/05\/Bio-La-Tolerancia-420x420.webp\" srcset=\"https:\/\/www.eldiario.net\/portal\/wp-content\/uploads\/2026\/05\/Bio-La-Tolerancia-420x420.webp 420w, https:\/\/www.eldiario.net\/portal\/wp-content\/uploads\/2026\/05\/Bio-La-Tolerancia-300x300.webp 300w, https:\/\/www.eldiario.net\/portal\/wp-content\/uploads\/2026\/05\/Bio-La-Tolerancia-150x150.webp 150w, https:\/\/www.eldiario.net\/portal\/wp-content\/uploads\/2026\/05\/Bio-La-Tolerancia-696x696.webp 696w, https:\/\/www.eldiario.net\/portal\/wp-content\/uploads\/2026\/05\/Bio-La-Tolerancia.webp 700w\" sizes=\"(max-width: 420px) 100vw, 420px\" alt=\"\">\r\n                            <\/a>\r\n                            \r\n                        <\/figure>\r\n                    <\/div>\r\n                    <div class = \"td-slide-item td-item2\">\r\n                        <figure class=\"td-slide-galery-figure td-slide-popup-gallery\">\r\n                            <a class=\"slide-gallery-image-link\" href=\"https:\/\/www.eldiario.net\/portal\/wp-content\/uploads\/2026\/05\/Bio-Tirosina.webp\" title=\"Bio - Tirosina\"  data-caption=\"\"  data-description=\"\">\r\n                                <img decoding=\"async\" src=\"https:\/\/www.eldiario.net\/portal\/wp-content\/uploads\/2026\/05\/Bio-Tirosina-393x420.webp\" srcset=\"https:\/\/www.eldiario.net\/portal\/wp-content\/uploads\/2026\/05\/Bio-Tirosina-393x420.webp 393w, https:\/\/www.eldiario.net\/portal\/wp-content\/uploads\/2026\/05\/Bio-Tirosina-281x300.webp 281w, https:\/\/www.eldiario.net\/portal\/wp-content\/uploads\/2026\/05\/Bio-Tirosina-958x1024.webp 958w, https:\/\/www.eldiario.net\/portal\/wp-content\/uploads\/2026\/05\/Bio-Tirosina-768x821.webp 768w, https:\/\/www.eldiario.net\/portal\/wp-content\/uploads\/2026\/05\/Bio-Tirosina-150x160.webp 150w, https:\/\/www.eldiario.net\/portal\/wp-content\/uploads\/2026\/05\/Bio-Tirosina-300x321.webp 300w, https:\/\/www.eldiario.net\/portal\/wp-content\/uploads\/2026\/05\/Bio-Tirosina-696x744.webp 696w, https:\/\/www.eldiario.net\/portal\/wp-content\/uploads\/2026\/05\/Bio-Tirosina-1068x1142.webp 1068w, https:\/\/www.eldiario.net\/portal\/wp-content\/uploads\/2026\/05\/Bio-Tirosina.webp 1300w\" sizes=\"(max-width: 393px) 100vw, 393px\" alt=\"\">\r\n                            <\/a>\r\n                            \r\n                        <\/figure>\r\n                    <\/div>\r\n                    <div class = \"td-slide-item td-item3\">\r\n                        <figure class=\"td-slide-galery-figure td-slide-popup-gallery\">\r\n                            <a class=\"slide-gallery-image-link\" href=\"https:\/\/www.eldiario.net\/portal\/wp-content\/uploads\/2026\/05\/Bio-Estrategias-de-restauracion-neurocognitiva.webp\" title=\"Bio - Estrategias de restauraci\u00f3n neurocognitiva\"  data-caption=\"\"  data-description=\"\">\r\n                                <img decoding=\"async\" src=\"https:\/\/www.eldiario.net\/portal\/wp-content\/uploads\/2026\/05\/Bio-Estrategias-de-restauracion-neurocognitiva-634x420.webp\" srcset=\"https:\/\/www.eldiario.net\/portal\/wp-content\/uploads\/2026\/05\/Bio-Estrategias-de-restauracion-neurocognitiva-634x420.webp 634w, https:\/\/www.eldiario.net\/portal\/wp-content\/uploads\/2026\/05\/Bio-Estrategias-de-restauracion-neurocognitiva-300x199.webp 300w, https:\/\/www.eldiario.net\/portal\/wp-content\/uploads\/2026\/05\/Bio-Estrategias-de-restauracion-neurocognitiva-1024x678.webp 1024w, https:\/\/www.eldiario.net\/portal\/wp-content\/uploads\/2026\/05\/Bio-Estrategias-de-restauracion-neurocognitiva-768x509.webp 768w, https:\/\/www.eldiario.net\/portal\/wp-content\/uploads\/2026\/05\/Bio-Estrategias-de-restauracion-neurocognitiva-1536x1018.webp 1536w, https:\/\/www.eldiario.net\/portal\/wp-content\/uploads\/2026\/05\/Bio-Estrategias-de-restauracion-neurocognitiva-150x99.webp 150w, https:\/\/www.eldiario.net\/portal\/wp-content\/uploads\/2026\/05\/Bio-Estrategias-de-restauracion-neurocognitiva-696x461.webp 696w, https:\/\/www.eldiario.net\/portal\/wp-content\/uploads\/2026\/05\/Bio-Estrategias-de-restauracion-neurocognitiva-1068x708.webp 1068w, https:\/\/www.eldiario.net\/portal\/wp-content\/uploads\/2026\/05\/Bio-Estrategias-de-restauracion-neurocognitiva.webp 1630w\" sizes=\"(max-width: 634px) 100vw, 634px\" alt=\"\">\r\n                            <\/a>\r\n                            \r\n                        <\/figure>\r\n                    <\/div>\r\n                            <\/div>\r\n                        <\/div>\r\n\r\n                        <div class = \"td-doubleSlider-2\">\r\n                            <div class = \"td-slider\">\r\n                                \r\n                    <div class = \"td-button td-item1\">\r\n                        <div class = \"td-border\"><\/div>\r\n                    <\/div>\r\n                    <div class = \"td-button td-item2\">\r\n                        <div class = \"td-border\"><\/div>\r\n                    <\/div>\r\n                    <div class = \"td-button td-item3\">\r\n                        <div class = \"td-border\"><\/div>\r\n                    <\/div>\r\n                            <\/div>\r\n                        <\/div>\r\n\r\n                    <\/div>\r\n\r\n                <\/div>\r\n                \n","protected":false},"excerpt":{"rendered":"<p>Por. Lic. H\u00e9ctor Molina &nbsp; Recordemos que\u2026 &nbsp; Seg\u00fan Wolfram Schultz, la dopamina adem\u00e1s de se considerada la mol\u00e9cula del placer, debe tomarse como la se\u00f1al del \u201cerror de predicci\u00f3n de recompensa\u201d. Seg\u00fan sus estudios, las neuronas dopamin\u00e9rgicas se activan ante la discrepancia entre la recompensa esperada y la recibida. Esta definici\u00f3n es vital para [&hellip;]<\/p>\n","protected":false},"author":1,"featured_media":390234,"comment_status":"closed","ping_status":"open","sticky":false,"template":"","format":"standard","meta":{"_acf_changed":false,"footnotes":""},"categories":[43],"tags":[],"class_list":["post-390231","post","type-post","status-publish","format-standard","has-post-thumbnail","category-nuevos-horizontes"],"acf":{"antetitulo":"Quinta Parte"},"yoast_head":"<!-- This site is optimized with the Yoast SEO plugin v28.4 - https:\/\/yoast.com\/product\/yoast-seo-wordpress\/ -->\n<title>La dopamina Y c\u00f3mo descargarla - El Diario - Bolivia<\/title>\n<meta name=\"robots\" content=\"index, follow, max-snippet:-1, max-image-preview:large, max-video-preview:-1\" \/>\n<link rel=\"canonical\" href=\"https:\/\/www.eldiario.net\/portal\/2026\/05\/01\/la-dopamina-y-como-descargarla-5\/\" \/>\n<meta property=\"og:locale\" content=\"es_ES\" \/>\n<meta property=\"og:type\" content=\"article\" \/>\n<meta property=\"og:title\" content=\"La dopamina Y c\u00f3mo descargarla - El Diario - Bolivia\" \/>\n<meta property=\"og:description\" content=\"Por. Lic. H\u00e9ctor Molina &nbsp; Recordemos que\u2026 &nbsp; Seg\u00fan Wolfram Schultz, la dopamina adem\u00e1s de se considerada la mol\u00e9cula del placer, debe tomarse como la se\u00f1al del \u201cerror de predicci\u00f3n de recompensa\u201d. Seg\u00fan sus estudios, las neuronas dopamin\u00e9rgicas se activan ante la discrepancia entre la recompensa esperada y la recibida. Esta definici\u00f3n es vital para [&hellip;]\" \/>\n<meta property=\"og:url\" content=\"https:\/\/www.eldiario.net\/portal\/2026\/05\/01\/la-dopamina-y-como-descargarla-5\/\" \/>\n<meta property=\"og:site_name\" content=\"El Diario - Bolivia\" \/>\n<meta property=\"article:publisher\" content=\"https:\/\/www.facebook.com\/eldiario.bolivia\/\" \/>\n<meta property=\"article:published_time\" content=\"2026-05-01T13:55:29+00:00\" \/>\n<meta property=\"og:image\" content=\"https:\/\/www.eldiario.net\/portal\/wp-content\/uploads\/2026\/05\/Bio-Estrategias-de-restauracion-neurocognitiva.webp\" \/>\n\t<meta property=\"og:image:width\" content=\"1630\" \/>\n\t<meta property=\"og:image:height\" content=\"1080\" \/>\n\t<meta property=\"og:image:type\" content=\"image\/webp\" \/>\n<meta name=\"author\" content=\"Jeanette\" \/>\n<meta name=\"twitter:card\" content=\"summary_large_image\" \/>\n<meta name=\"twitter:creator\" content=\"@eldiario_net\" \/>\n<meta name=\"twitter:site\" content=\"@eldiario_net\" \/>\n<meta name=\"twitter:label1\" content=\"Escrito por\" \/>\n\t<meta name=\"twitter:data1\" content=\"Jeanette\" \/>\n\t<meta name=\"twitter:label2\" content=\"Tiempo de lectura\" \/>\n\t<meta name=\"twitter:data2\" content=\"4 minutos\" \/>\n<script type=\"application\/ld+json\" class=\"yoast-schema-graph\">{\"@context\":\"https:\\\/\\\/schema.org\",\"@graph\":[{\"@type\":\"Article\",\"@id\":\"https:\\\/\\\/www.eldiario.net\\\/portal\\\/2026\\\/05\\\/01\\\/la-dopamina-y-como-descargarla-5\\\/#article\",\"isPartOf\":{\"@id\":\"https:\\\/\\\/www.eldiario.net\\\/portal\\\/2026\\\/05\\\/01\\\/la-dopamina-y-como-descargarla-5\\\/\"},\"author\":{\"name\":\"Jeanette\",\"@id\":\"https:\\\/\\\/www.eldiario.net\\\/portal\\\/#\\\/schema\\\/person\\\/2c57cf2b7a7ae032e449e4c9b1019eac\"},\"headline\":\"La dopamina Y c\u00f3mo descargarla\",\"datePublished\":\"2026-05-01T13:55:29+00:00\",\"mainEntityOfPage\":{\"@id\":\"https:\\\/\\\/www.eldiario.net\\\/portal\\\/2026\\\/05\\\/01\\\/la-dopamina-y-como-descargarla-5\\\/\"},\"wordCount\":750,\"publisher\":{\"@id\":\"https:\\\/\\\/www.eldiario.net\\\/portal\\\/#organization\"},\"image\":{\"@id\":\"https:\\\/\\\/www.eldiario.net\\\/portal\\\/2026\\\/05\\\/01\\\/la-dopamina-y-como-descargarla-5\\\/#primaryimage\"},\"thumbnailUrl\":\"https:\\\/\\\/www.eldiario.net\\\/portal\\\/wp-content\\\/uploads\\\/2026\\\/05\\\/Bio-Estrategias-de-restauracion-neurocognitiva.webp\",\"articleSection\":[\"Nuevos Horizontes\"],\"inLanguage\":\"es\"},{\"@type\":\"WebPage\",\"@id\":\"https:\\\/\\\/www.eldiario.net\\\/portal\\\/2026\\\/05\\\/01\\\/la-dopamina-y-como-descargarla-5\\\/\",\"url\":\"https:\\\/\\\/www.eldiario.net\\\/portal\\\/2026\\\/05\\\/01\\\/la-dopamina-y-como-descargarla-5\\\/\",\"name\":\"La dopamina Y c\u00f3mo descargarla - El Diario - Bolivia\",\"isPartOf\":{\"@id\":\"https:\\\/\\\/www.eldiario.net\\\/portal\\\/#website\"},\"primaryImageOfPage\":{\"@id\":\"https:\\\/\\\/www.eldiario.net\\\/portal\\\/2026\\\/05\\\/01\\\/la-dopamina-y-como-descargarla-5\\\/#primaryimage\"},\"image\":{\"@id\":\"https:\\\/\\\/www.eldiario.net\\\/portal\\\/2026\\\/05\\\/01\\\/la-dopamina-y-como-descargarla-5\\\/#primaryimage\"},\"thumbnailUrl\":\"https:\\\/\\\/www.eldiario.net\\\/portal\\\/wp-content\\\/uploads\\\/2026\\\/05\\\/Bio-Estrategias-de-restauracion-neurocognitiva.webp\",\"datePublished\":\"2026-05-01T13:55:29+00:00\",\"breadcrumb\":{\"@id\":\"https:\\\/\\\/www.eldiario.net\\\/portal\\\/2026\\\/05\\\/01\\\/la-dopamina-y-como-descargarla-5\\\/#breadcrumb\"},\"inLanguage\":\"es\",\"potentialAction\":[{\"@type\":\"ReadAction\",\"target\":[\"https:\\\/\\\/www.eldiario.net\\\/portal\\\/2026\\\/05\\\/01\\\/la-dopamina-y-como-descargarla-5\\\/\"]}]},{\"@type\":\"ImageObject\",\"inLanguage\":\"es\",\"@id\":\"https:\\\/\\\/www.eldiario.net\\\/portal\\\/2026\\\/05\\\/01\\\/la-dopamina-y-como-descargarla-5\\\/#primaryimage\",\"url\":\"https:\\\/\\\/www.eldiario.net\\\/portal\\\/wp-content\\\/uploads\\\/2026\\\/05\\\/Bio-Estrategias-de-restauracion-neurocognitiva.webp\",\"contentUrl\":\"https:\\\/\\\/www.eldiario.net\\\/portal\\\/wp-content\\\/uploads\\\/2026\\\/05\\\/Bio-Estrategias-de-restauracion-neurocognitiva.webp\",\"width\":1630,\"height\":1080},{\"@type\":\"BreadcrumbList\",\"@id\":\"https:\\\/\\\/www.eldiario.net\\\/portal\\\/2026\\\/05\\\/01\\\/la-dopamina-y-como-descargarla-5\\\/#breadcrumb\",\"itemListElement\":[{\"@type\":\"ListItem\",\"position\":1,\"name\":\"Portada\",\"item\":\"https:\\\/\\\/www.eldiario.net\\\/portal\\\/\"},{\"@type\":\"ListItem\",\"position\":2,\"name\":\"La dopamina Y c\u00f3mo descargarla\"}]},{\"@type\":\"WebSite\",\"@id\":\"https:\\\/\\\/www.eldiario.net\\\/portal\\\/#website\",\"url\":\"https:\\\/\\\/www.eldiario.net\\\/portal\\\/\",\"name\":\"El Diario - Decano de la prensa nacional\",\"description\":\"El Diario - Decano de la prensa nacional\",\"publisher\":{\"@id\":\"https:\\\/\\\/www.eldiario.net\\\/portal\\\/#organization\"},\"potentialAction\":[{\"@type\":\"SearchAction\",\"target\":{\"@type\":\"EntryPoint\",\"urlTemplate\":\"https:\\\/\\\/www.eldiario.net\\\/portal\\\/?s={search_term_string}\"},\"query-input\":{\"@type\":\"PropertyValueSpecification\",\"valueRequired\":true,\"valueName\":\"search_term_string\"}}],\"inLanguage\":\"es\"},{\"@type\":\"Organization\",\"@id\":\"https:\\\/\\\/www.eldiario.net\\\/portal\\\/#organization\",\"name\":\"El Diario - Decano de la prensa nacional\",\"url\":\"https:\\\/\\\/www.eldiario.net\\\/portal\\\/\",\"logo\":{\"@type\":\"ImageObject\",\"inLanguage\":\"es\",\"@id\":\"https:\\\/\\\/www.eldiario.net\\\/portal\\\/#\\\/schema\\\/logo\\\/image\\\/\",\"url\":\"https:\\\/\\\/www.eldiario.net\\\/portal\\\/wp-content\\\/uploads\\\/2023\\\/07\\\/logo_ED.jpg\",\"contentUrl\":\"https:\\\/\\\/www.eldiario.net\\\/portal\\\/wp-content\\\/uploads\\\/2023\\\/07\\\/logo_ED.jpg\",\"width\":272,\"height\":52,\"caption\":\"El Diario - Decano de la prensa nacional\"},\"image\":{\"@id\":\"https:\\\/\\\/www.eldiario.net\\\/portal\\\/#\\\/schema\\\/logo\\\/image\\\/\"},\"sameAs\":[\"https:\\\/\\\/www.facebook.com\\\/eldiario.bolivia\\\/\",\"https:\\\/\\\/x.com\\\/eldiario_net\"]},{\"@type\":\"Person\",\"@id\":\"https:\\\/\\\/www.eldiario.net\\\/portal\\\/#\\\/schema\\\/person\\\/2c57cf2b7a7ae032e449e4c9b1019eac\",\"name\":\"Jeanette\",\"image\":{\"@type\":\"ImageObject\",\"inLanguage\":\"es\",\"@id\":\"https:\\\/\\\/secure.gravatar.com\\\/avatar\\\/3ea2118a5f7dad2b7138b1187a6b7ee55f160b9968b66013c3a3ef39dd7e5798?s=96&d=mm&r=g\",\"url\":\"https:\\\/\\\/secure.gravatar.com\\\/avatar\\\/3ea2118a5f7dad2b7138b1187a6b7ee55f160b9968b66013c3a3ef39dd7e5798?s=96&d=mm&r=g\",\"contentUrl\":\"https:\\\/\\\/secure.gravatar.com\\\/avatar\\\/3ea2118a5f7dad2b7138b1187a6b7ee55f160b9968b66013c3a3ef39dd7e5798?s=96&d=mm&r=g\",\"caption\":\"Jeanette\"},\"sameAs\":[\"https:\\\/\\\/www.eldiario.net\\\/portal\"],\"url\":\"https:\\\/\\\/www.eldiario.net\\\/portal\\\/author\\\/jeanette\\\/\"}]}<\/script>\n<!-- \/ Yoast SEO plugin. -->","yoast_head_json":{"title":"La dopamina Y c\u00f3mo descargarla - El Diario - Bolivia","robots":{"index":"index","follow":"follow","max-snippet":"max-snippet:-1","max-image-preview":"max-image-preview:large","max-video-preview":"max-video-preview:-1"},"canonical":"https:\/\/www.eldiario.net\/portal\/2026\/05\/01\/la-dopamina-y-como-descargarla-5\/","og_locale":"es_ES","og_type":"article","og_title":"La dopamina Y c\u00f3mo descargarla - El Diario - Bolivia","og_description":"Por. Lic. H\u00e9ctor Molina &nbsp; Recordemos que\u2026 &nbsp; Seg\u00fan Wolfram Schultz, la dopamina adem\u00e1s de se considerada la mol\u00e9cula del placer, debe tomarse como la se\u00f1al del \u201cerror de predicci\u00f3n de recompensa\u201d. Seg\u00fan sus estudios, las neuronas dopamin\u00e9rgicas se activan ante la discrepancia entre la recompensa esperada y la recibida. Esta definici\u00f3n es vital para [&hellip;]","og_url":"https:\/\/www.eldiario.net\/portal\/2026\/05\/01\/la-dopamina-y-como-descargarla-5\/","og_site_name":"El Diario - Bolivia","article_publisher":"https:\/\/www.facebook.com\/eldiario.bolivia\/","article_published_time":"2026-05-01T13:55:29+00:00","og_image":[{"width":1630,"height":1080,"url":"https:\/\/www.eldiario.net\/portal\/wp-content\/uploads\/2026\/05\/Bio-Estrategias-de-restauracion-neurocognitiva.webp","type":"image\/webp"}],"author":"Jeanette","twitter_card":"summary_large_image","twitter_creator":"@eldiario_net","twitter_site":"@eldiario_net","twitter_misc":{"Escrito por":"Jeanette","Tiempo de lectura":"4 minutos"},"schema":{"@context":"https:\/\/schema.org","@graph":[{"@type":"Article","@id":"https:\/\/www.eldiario.net\/portal\/2026\/05\/01\/la-dopamina-y-como-descargarla-5\/#article","isPartOf":{"@id":"https:\/\/www.eldiario.net\/portal\/2026\/05\/01\/la-dopamina-y-como-descargarla-5\/"},"author":{"name":"Jeanette","@id":"https:\/\/www.eldiario.net\/portal\/#\/schema\/person\/2c57cf2b7a7ae032e449e4c9b1019eac"},"headline":"La dopamina Y c\u00f3mo descargarla","datePublished":"2026-05-01T13:55:29+00:00","mainEntityOfPage":{"@id":"https:\/\/www.eldiario.net\/portal\/2026\/05\/01\/la-dopamina-y-como-descargarla-5\/"},"wordCount":750,"publisher":{"@id":"https:\/\/www.eldiario.net\/portal\/#organization"},"image":{"@id":"https:\/\/www.eldiario.net\/portal\/2026\/05\/01\/la-dopamina-y-como-descargarla-5\/#primaryimage"},"thumbnailUrl":"https:\/\/www.eldiario.net\/portal\/wp-content\/uploads\/2026\/05\/Bio-Estrategias-de-restauracion-neurocognitiva.webp","articleSection":["Nuevos Horizontes"],"inLanguage":"es"},{"@type":"WebPage","@id":"https:\/\/www.eldiario.net\/portal\/2026\/05\/01\/la-dopamina-y-como-descargarla-5\/","url":"https:\/\/www.eldiario.net\/portal\/2026\/05\/01\/la-dopamina-y-como-descargarla-5\/","name":"La dopamina Y c\u00f3mo descargarla - El Diario - Bolivia","isPartOf":{"@id":"https:\/\/www.eldiario.net\/portal\/#website"},"primaryImageOfPage":{"@id":"https:\/\/www.eldiario.net\/portal\/2026\/05\/01\/la-dopamina-y-como-descargarla-5\/#primaryimage"},"image":{"@id":"https:\/\/www.eldiario.net\/portal\/2026\/05\/01\/la-dopamina-y-como-descargarla-5\/#primaryimage"},"thumbnailUrl":"https:\/\/www.eldiario.net\/portal\/wp-content\/uploads\/2026\/05\/Bio-Estrategias-de-restauracion-neurocognitiva.webp","datePublished":"2026-05-01T13:55:29+00:00","breadcrumb":{"@id":"https:\/\/www.eldiario.net\/portal\/2026\/05\/01\/la-dopamina-y-como-descargarla-5\/#breadcrumb"},"inLanguage":"es","potentialAction":[{"@type":"ReadAction","target":["https:\/\/www.eldiario.net\/portal\/2026\/05\/01\/la-dopamina-y-como-descargarla-5\/"]}]},{"@type":"ImageObject","inLanguage":"es","@id":"https:\/\/www.eldiario.net\/portal\/2026\/05\/01\/la-dopamina-y-como-descargarla-5\/#primaryimage","url":"https:\/\/www.eldiario.net\/portal\/wp-content\/uploads\/2026\/05\/Bio-Estrategias-de-restauracion-neurocognitiva.webp","contentUrl":"https:\/\/www.eldiario.net\/portal\/wp-content\/uploads\/2026\/05\/Bio-Estrategias-de-restauracion-neurocognitiva.webp","width":1630,"height":1080},{"@type":"BreadcrumbList","@id":"https:\/\/www.eldiario.net\/portal\/2026\/05\/01\/la-dopamina-y-como-descargarla-5\/#breadcrumb","itemListElement":[{"@type":"ListItem","position":1,"name":"Portada","item":"https:\/\/www.eldiario.net\/portal\/"},{"@type":"ListItem","position":2,"name":"La dopamina Y c\u00f3mo descargarla"}]},{"@type":"WebSite","@id":"https:\/\/www.eldiario.net\/portal\/#website","url":"https:\/\/www.eldiario.net\/portal\/","name":"El Diario - Decano de la prensa nacional","description":"El Diario - Decano de la prensa nacional","publisher":{"@id":"https:\/\/www.eldiario.net\/portal\/#organization"},"potentialAction":[{"@type":"SearchAction","target":{"@type":"EntryPoint","urlTemplate":"https:\/\/www.eldiario.net\/portal\/?s={search_term_string}"},"query-input":{"@type":"PropertyValueSpecification","valueRequired":true,"valueName":"search_term_string"}}],"inLanguage":"es"},{"@type":"Organization","@id":"https:\/\/www.eldiario.net\/portal\/#organization","name":"El Diario - Decano de la prensa nacional","url":"https:\/\/www.eldiario.net\/portal\/","logo":{"@type":"ImageObject","inLanguage":"es","@id":"https:\/\/www.eldiario.net\/portal\/#\/schema\/logo\/image\/","url":"https:\/\/www.eldiario.net\/portal\/wp-content\/uploads\/2023\/07\/logo_ED.jpg","contentUrl":"https:\/\/www.eldiario.net\/portal\/wp-content\/uploads\/2023\/07\/logo_ED.jpg","width":272,"height":52,"caption":"El Diario - Decano de la prensa nacional"},"image":{"@id":"https:\/\/www.eldiario.net\/portal\/#\/schema\/logo\/image\/"},"sameAs":["https:\/\/www.facebook.com\/eldiario.bolivia\/","https:\/\/x.com\/eldiario_net"]},{"@type":"Person","@id":"https:\/\/www.eldiario.net\/portal\/#\/schema\/person\/2c57cf2b7a7ae032e449e4c9b1019eac","name":"Jeanette","image":{"@type":"ImageObject","inLanguage":"es","@id":"https:\/\/secure.gravatar.com\/avatar\/3ea2118a5f7dad2b7138b1187a6b7ee55f160b9968b66013c3a3ef39dd7e5798?s=96&d=mm&r=g","url":"https:\/\/secure.gravatar.com\/avatar\/3ea2118a5f7dad2b7138b1187a6b7ee55f160b9968b66013c3a3ef39dd7e5798?s=96&d=mm&r=g","contentUrl":"https:\/\/secure.gravatar.com\/avatar\/3ea2118a5f7dad2b7138b1187a6b7ee55f160b9968b66013c3a3ef39dd7e5798?s=96&d=mm&r=g","caption":"Jeanette"},"sameAs":["https:\/\/www.eldiario.net\/portal"],"url":"https:\/\/www.eldiario.net\/portal\/author\/jeanette\/"}]}},"_links":{"self":[{"href":"https:\/\/www.eldiario.net\/portal\/wp-json\/wp\/v2\/posts\/390231","targetHints":{"allow":["GET"]}}],"collection":[{"href":"https:\/\/www.eldiario.net\/portal\/wp-json\/wp\/v2\/posts"}],"about":[{"href":"https:\/\/www.eldiario.net\/portal\/wp-json\/wp\/v2\/types\/post"}],"author":[{"embeddable":true,"href":"https:\/\/www.eldiario.net\/portal\/wp-json\/wp\/v2\/users\/1"}],"replies":[{"embeddable":true,"href":"https:\/\/www.eldiario.net\/portal\/wp-json\/wp\/v2\/comments?post=390231"}],"version-history":[{"count":1,"href":"https:\/\/www.eldiario.net\/portal\/wp-json\/wp\/v2\/posts\/390231\/revisions"}],"predecessor-version":[{"id":390235,"href":"https:\/\/www.eldiario.net\/portal\/wp-json\/wp\/v2\/posts\/390231\/revisions\/390235"}],"wp:featuredmedia":[{"embeddable":true,"href":"https:\/\/www.eldiario.net\/portal\/wp-json\/wp\/v2\/media\/390234"}],"wp:attachment":[{"href":"https:\/\/www.eldiario.net\/portal\/wp-json\/wp\/v2\/media?parent=390231"}],"wp:term":[{"taxonomy":"category","embeddable":true,"href":"https:\/\/www.eldiario.net\/portal\/wp-json\/wp\/v2\/categories?post=390231"},{"taxonomy":"post_tag","embeddable":true,"href":"https:\/\/www.eldiario.net\/portal\/wp-json\/wp\/v2\/tags?post=390231"}],"curies":[{"name":"wp","href":"https:\/\/api.w.org\/{rel}","templated":true}]}}