{"id":390205,"date":"2026-05-01T08:42:24","date_gmt":"2026-05-01T12:42:24","guid":{"rendered":"https:\/\/www.eldiario.net\/portal\/?p=390205"},"modified":"2026-05-01T08:42:24","modified_gmt":"2026-05-01T12:42:24","slug":"eurocine-2026-reune-diez-producciones-de-alta-calidad-en-el-mes-de-europa","status":"publish","type":"post","link":"https:\/\/www.eldiario.net\/portal\/2026\/05\/01\/eurocine-2026-reune-diez-producciones-de-alta-calidad-en-el-mes-de-europa\/","title":{"rendered":"Eurocine 2026 re\u00fane diez producciones de alta calidad en el Mes de Europa"},"content":{"rendered":"<p>Por Susana Guti\u00e9rrez<\/p>\n<p>&nbsp;<\/p>\n<p>En el marco de las celebraciones por el Mes de Europa, la 27\u00aa versi\u00f3n de Eurocine se consolida como uno de los encuentros culturales m\u00e1s significativos de Bolivia. Con una selecci\u00f3n de diez pel\u00edculas contempor\u00e1neas que recorren la memoria, la resiliencia y las complejidades humanas, la muestra se inaugurar\u00e1 el pr\u00f3ximo 5 de mayo en la Cinemateca Boliviana, traslad\u00e1ndose posteriormente a Santa Cruz de la Sierra.<\/p>\n<p>&nbsp;<\/p>\n<p>Organizado por la Delegaci\u00f3n de la Uni\u00f3n Europea en Bolivia junto a las embajadas y centros culturales de Alemania, Espa\u00f1a, Francia, Italia y Suecia, el festival forma parte de las actividades del Mes de Europa para promover los valores de cooperaci\u00f3n y unidad. La muestra no solo destaca por la calidad de su cartelera \u2014encabezada por el documental ganador del Oscar 2026, Mr. Nobody Against Putin\u2014 sino por su voluntad de generar un di\u00e1logo con el p\u00fablico boliviano, reafirmando al s\u00e9ptimo arte como un motor de desarrollo y un espejo de identidad.<\/p>\n<p>&nbsp;<\/p>\n<p>La directora de la Fundaci\u00f3n Cinemateca Boliviana, Mela M\u00e1rquez, enfatiz\u00f3 la trayectoria de este encuentro, se\u00f1alando que alcanzar 27 ediciones demuestra que el cine europeo tiene un lugar privilegiado en el coraz\u00f3n de la audiencia local. \u00abEl cine no solamente representa la identidad, sino que tambi\u00e9n es Marca Pa\u00eds. Los pa\u00edses europeos han entendido hace mucho tiempo que su cine los representa, que viaja a trav\u00e9s de las fronteras y hace que nos conozcamos y conversemos entre el Norte y el Sur\u00bb.<\/p>\n<p>&nbsp;<\/p>\n<p>Asimismo, M\u00e1rquez vincul\u00f3 la gesti\u00f3n cultural con el crecimiento econ\u00f3mico, asegurando que apostar por la cultura es tambi\u00e9n apostar por la creaci\u00f3n de empleo y el intercambio global. En un a\u00f1o particularmente especial, M\u00e1rquez record\u00f3 que la Cinemateca celebra su 50 aniversario, un acontecimiento que calific\u00f3 de \u00abobra heroica\u00bb dada la escasez de pol\u00edticas culturales en el pa\u00eds, pero que se mantiene firme gracias a alianzas estrat\u00e9gicas como la que sostiene con la Uni\u00f3n Europea.<\/p>\n<p>&nbsp;<\/p>\n<p>Por su parte, Adolfo Campos, representante de la Delegaci\u00f3n de la Uni\u00f3n Europea en Bolivia, resalt\u00f3 la evoluci\u00f3n del formato de Eurocine desde su creaci\u00f3n en 1999 y anunci\u00f3 novedades importantes para esta gesti\u00f3n. Una de las m\u00e1s destacadas es la inclusi\u00f3n de cinematograf\u00edas de Estados miembros que no cuentan con representaci\u00f3n diplom\u00e1tica permanente en Bolivia.<\/p>\n<p>&nbsp;<\/p>\n<p>\u00abEste a\u00f1o hemos querido acercar el cine de otros Estados miembros para un mayor conocimiento del p\u00fablico boliviano. Habr\u00e1 pel\u00edculas de Eslovenia, Irlanda, B\u00e9lgica y los Pa\u00edses Bajos, entre otros\u00bb, explic\u00f3 Campos.<\/p>\n<p>&nbsp;<\/p>\n<p>El representante diplom\u00e1tico tambi\u00e9n subray\u00f3 el valor de ofrecer estas proyecciones de manera gratuita, permitiendo el acceso a una industria que muchas veces queda fuera de los circuitos comerciales tradicionales por razones de marketing, mas no de calidad. \u00abSabemos que el cine europeo tiene aqu\u00ed seguidores que esperan cada a\u00f1o esta edici\u00f3n\u00bb, a\u00f1adi\u00f3, invitando a la poblaci\u00f3n a llenar las salas.<\/p>\n<p>&nbsp;<\/p>\n<p><strong>Sobre e<\/strong><strong>l Festival<\/strong><\/p>\n<p>El Eurocine 2026 ofrecer\u00e1 una programaci\u00f3n diversa que incluye drama, comedia y documentales de alto impacto pol\u00edtico y social, como la cinta francesa Fanon, que explora el pensamiento anticolonialista.<\/p>\n<p>&nbsp;<\/p>\n<p>En La Paz: Del 5 al 10 de mayo en la Cinemateca Boliviana. Funciones a las 17:00 y 19:30 (excepto la inauguraci\u00f3n).<\/p>\n<p>&nbsp;<\/p>\n<p>En Santa Cruz: Del 14 al 22 de mayo en el Centro de Formaci\u00f3n de la Cooperaci\u00f3n Espa\u00f1ola (AECID).<\/p>\n<p>&nbsp;<\/p>\n<p>Ingreso: Libre y gratuito para todo el p\u00fablico.<\/p>\n<p>&nbsp;<\/p>\n<p>Esta nueva edici\u00f3n reafirma que, m\u00e1s all\u00e1 de la pantalla, el cine es una invitaci\u00f3n a mirar el mundo desde perspectivas diversas, fortaleciendo los lazos de cooperaci\u00f3n y unidad a trav\u00e9s del lenguaje universal de las im\u00e1genes.<\/p>\n\r\n                <style type=\"text\/css\">\r\n                    \r\n                    #tdi_1  .td-doubleSlider-2 .td-item1 {\r\n                        background: url(https:\/\/www.eldiario.net\/portal\/wp-content\/uploads\/2026\/05\/FOTO-2-80x60.webp) 0 0 no-repeat;\r\n                    }\r\n                    #tdi_1  .td-doubleSlider-2 .td-item2 {\r\n                        background: url(https:\/\/www.eldiario.net\/portal\/wp-content\/uploads\/2026\/05\/FOTO-1-80x60.webp) 0 0 no-repeat;\r\n                    }\r\n                <\/style>\r\n\r\n                <div id=\"tdi_1\" class=\"td-gallery td-slide-on-2-columns\">\r\n                    <div class=\"post_td_gallery\">\r\n                        <div class=\"td-gallery-slide-top\">\r\n                           <div class=\"td-gallery-title\"><\/div>\r\n\r\n                            <div class=\"td-gallery-controls-wrapper\">\r\n                                <div class=\"td-gallery-slide-count\"><span class=\"td-gallery-slide-item-focus\">1<\/span> de 2<\/div>\r\n                                <div class=\"td-gallery-slide-prev-next-but\">\r\n                                    <i class = \"td-icon-left doubleSliderPrevButton\"><\/i>\r\n                                    <i class = \"td-icon-right doubleSliderNextButton\"><\/i>\r\n                                <\/div>\r\n                            <\/div>\r\n                        <\/div>\r\n\r\n                        <div class = \"td-doubleSlider-1 \">\r\n                            <div class = \"td-slider\">\r\n                                \r\n                    <div class = \"td-slide-item td-item1\">\r\n                        <figure class=\"td-slide-galery-figure td-slide-popup-gallery\">\r\n                            <a class=\"slide-gallery-image-link\" href=\"https:\/\/www.eldiario.net\/portal\/wp-content\/uploads\/2026\/05\/FOTO-2.webp\" title=\"FOTO-2\"  data-caption=\"\"  data-description=\"\">\r\n                                <img decoding=\"async\" src=\"https:\/\/www.eldiario.net\/portal\/wp-content\/uploads\/2026\/05\/FOTO-2-1087x420.webp\" srcset=\"https:\/\/www.eldiario.net\/portal\/wp-content\/uploads\/2026\/05\/FOTO-2-1087x420.webp 1087w, https:\/\/www.eldiario.net\/portal\/wp-content\/uploads\/2026\/05\/FOTO-2-300x116.webp 300w, https:\/\/www.eldiario.net\/portal\/wp-content\/uploads\/2026\/05\/FOTO-2-1024x396.webp 1024w, https:\/\/www.eldiario.net\/portal\/wp-content\/uploads\/2026\/05\/FOTO-2-768x297.webp 768w, https:\/\/www.eldiario.net\/portal\/wp-content\/uploads\/2026\/05\/FOTO-2-1536x593.webp 1536w, https:\/\/www.eldiario.net\/portal\/wp-content\/uploads\/2026\/05\/FOTO-2-150x58.webp 150w, https:\/\/www.eldiario.net\/portal\/wp-content\/uploads\/2026\/05\/FOTO-2-696x269.webp 696w, https:\/\/www.eldiario.net\/portal\/wp-content\/uploads\/2026\/05\/FOTO-2-1068x413.webp 1068w, https:\/\/www.eldiario.net\/portal\/wp-content\/uploads\/2026\/05\/FOTO-2.webp 1690w\" sizes=\"(max-width: 1087px) 100vw, 1087px\" alt=\"\">\r\n                            <\/a>\r\n                            \r\n                        <\/figure>\r\n                    <\/div>\r\n                    <div class = \"td-slide-item td-item2\">\r\n                        <figure class=\"td-slide-galery-figure td-slide-popup-gallery\">\r\n                            <a class=\"slide-gallery-image-link\" href=\"https:\/\/www.eldiario.net\/portal\/wp-content\/uploads\/2026\/05\/FOTO-1.webp\" title=\"FOTO-1\"  data-caption=\"PATRICIA CUARITA, EMBAJADA ALEMANA; ADOLFO CAMPOS, DELEGACI\u00d3N DE LA UNI\u00d3N EUROPEA; MELA M\u00c1RQUEZ, DIRECTORA CINEMATECA BOLIVIANA; MILENA VILLEU, EMBAJADA FRANCIA, Y MARTHA REBOLLO, CENTRO CULTURAL DE ESPA\u00d1A.\"  data-description=\"\">\r\n                                <img decoding=\"async\" src=\"https:\/\/www.eldiario.net\/portal\/wp-content\/uploads\/2026\/05\/FOTO-1-629x420.webp\" srcset=\"https:\/\/www.eldiario.net\/portal\/wp-content\/uploads\/2026\/05\/FOTO-1-629x420.webp 629w, https:\/\/www.eldiario.net\/portal\/wp-content\/uploads\/2026\/05\/FOTO-1-300x200.webp 300w, https:\/\/www.eldiario.net\/portal\/wp-content\/uploads\/2026\/05\/FOTO-1-1024x684.webp 1024w, https:\/\/www.eldiario.net\/portal\/wp-content\/uploads\/2026\/05\/FOTO-1-768x513.webp 768w, https:\/\/www.eldiario.net\/portal\/wp-content\/uploads\/2026\/05\/FOTO-1-150x100.webp 150w, https:\/\/www.eldiario.net\/portal\/wp-content\/uploads\/2026\/05\/FOTO-1-696x465.webp 696w, https:\/\/www.eldiario.net\/portal\/wp-content\/uploads\/2026\/05\/FOTO-1-1068x713.webp 1068w, https:\/\/www.eldiario.net\/portal\/wp-content\/uploads\/2026\/05\/FOTO-1.webp 1200w\" sizes=\"(max-width: 629px) 100vw, 629px\" alt=\"\">\r\n                            <\/a>\r\n                            <figcaption class = \"td-slide-caption td-gallery-slide-content\"><div class = \"td-gallery-slide-copywrite\">PATRICIA CUARITA, EMBAJADA ALEMANA; ADOLFO CAMPOS, DELEGACI\u00d3N DE LA UNI\u00d3N EUROPEA; MELA M\u00c1RQUEZ, DIRECTORA CINEMATECA BOLIVIANA; MILENA VILLEU, EMBAJADA FRANCIA, Y MARTHA REBOLLO, CENTRO CULTURAL DE ESPA\u00d1A.<\/div><\/figcaption>\r\n                        <\/figure>\r\n                    <\/div>\r\n                            <\/div>\r\n                        <\/div>\r\n\r\n                        <div class = \"td-doubleSlider-2\">\r\n                            <div class = \"td-slider\">\r\n                                \r\n                    <div class = \"td-button td-item1\">\r\n                        <div class = \"td-border\"><\/div>\r\n                    <\/div>\r\n                    <div class = \"td-button td-item2\">\r\n                        <div class = \"td-border\"><\/div>\r\n                    <\/div>\r\n                            <\/div>\r\n                        <\/div>\r\n\r\n                    <\/div>\r\n\r\n                <\/div>\r\n                \n","protected":false},"excerpt":{"rendered":"<p>Por Susana Guti\u00e9rrez &nbsp; En el marco de las celebraciones por el Mes de Europa, la 27\u00aa versi\u00f3n de Eurocine se consolida como uno de los encuentros culturales m\u00e1s significativos de Bolivia. Con una selecci\u00f3n de diez pel\u00edculas contempor\u00e1neas que recorren la memoria, la resiliencia y las complejidades humanas, la muestra se inaugurar\u00e1 el pr\u00f3ximo [&hellip;]<\/p>\n","protected":false},"author":1,"featured_media":390207,"comment_status":"closed","ping_status":"open","sticky":false,"template":"","format":"standard","meta":{"_acf_changed":false,"footnotes":""},"categories":[8],"tags":[],"class_list":["post-390205","post","type-post","status-publish","format-standard","has-post-thumbnail","category-cultural"],"acf":{"antetitulo":"Encuentro con el s\u00e9ptimo arte"},"yoast_head":"<!-- This site is optimized with the Yoast SEO plugin v28.4 - https:\/\/yoast.com\/product\/yoast-seo-wordpress\/ -->\n<title>Eurocine 2026 re\u00fane diez producciones de alta calidad en el Mes de Europa - El Diario - Bolivia<\/title>\n<meta name=\"robots\" content=\"index, follow, max-snippet:-1, max-image-preview:large, max-video-preview:-1\" \/>\n<link rel=\"canonical\" href=\"https:\/\/www.eldiario.net\/portal\/2026\/05\/01\/eurocine-2026-reune-diez-producciones-de-alta-calidad-en-el-mes-de-europa\/\" \/>\n<meta property=\"og:locale\" content=\"es_ES\" \/>\n<meta property=\"og:type\" content=\"article\" \/>\n<meta property=\"og:title\" content=\"Eurocine 2026 re\u00fane diez producciones de alta calidad en el Mes de Europa - El Diario - Bolivia\" \/>\n<meta property=\"og:description\" content=\"Por Susana Guti\u00e9rrez &nbsp; En el marco de las celebraciones por el Mes de Europa, la 27\u00aa versi\u00f3n de Eurocine se consolida como uno de los encuentros culturales m\u00e1s significativos de Bolivia. Con una selecci\u00f3n de diez pel\u00edculas contempor\u00e1neas que recorren la memoria, la resiliencia y las complejidades humanas, la muestra se inaugurar\u00e1 el pr\u00f3ximo [&hellip;]\" \/>\n<meta property=\"og:url\" content=\"https:\/\/www.eldiario.net\/portal\/2026\/05\/01\/eurocine-2026-reune-diez-producciones-de-alta-calidad-en-el-mes-de-europa\/\" \/>\n<meta property=\"og:site_name\" content=\"El Diario - Bolivia\" \/>\n<meta property=\"article:publisher\" content=\"https:\/\/www.facebook.com\/eldiario.bolivia\/\" \/>\n<meta property=\"article:published_time\" content=\"2026-05-01T12:42:24+00:00\" \/>\n<meta property=\"og:image\" content=\"https:\/\/www.eldiario.net\/portal\/wp-content\/uploads\/2026\/05\/FOTO-1.webp\" \/>\n\t<meta property=\"og:image:width\" content=\"1200\" \/>\n\t<meta property=\"og:image:height\" content=\"801\" \/>\n\t<meta property=\"og:image:type\" content=\"image\/webp\" \/>\n<meta name=\"author\" content=\"Jeanette\" \/>\n<meta name=\"twitter:card\" content=\"summary_large_image\" \/>\n<meta name=\"twitter:creator\" content=\"@eldiario_net\" \/>\n<meta name=\"twitter:site\" content=\"@eldiario_net\" \/>\n<meta name=\"twitter:label1\" content=\"Escrito por\" \/>\n\t<meta name=\"twitter:data1\" content=\"Jeanette\" \/>\n\t<meta name=\"twitter:label2\" content=\"Tiempo de lectura\" \/>\n\t<meta name=\"twitter:data2\" content=\"3 minutos\" \/>\n<script type=\"application\/ld+json\" class=\"yoast-schema-graph\">{\"@context\":\"https:\\\/\\\/schema.org\",\"@graph\":[{\"@type\":\"Article\",\"@id\":\"https:\\\/\\\/www.eldiario.net\\\/portal\\\/2026\\\/05\\\/01\\\/eurocine-2026-reune-diez-producciones-de-alta-calidad-en-el-mes-de-europa\\\/#article\",\"isPartOf\":{\"@id\":\"https:\\\/\\\/www.eldiario.net\\\/portal\\\/2026\\\/05\\\/01\\\/eurocine-2026-reune-diez-producciones-de-alta-calidad-en-el-mes-de-europa\\\/\"},\"author\":{\"name\":\"Jeanette\",\"@id\":\"https:\\\/\\\/www.eldiario.net\\\/portal\\\/#\\\/schema\\\/person\\\/2c57cf2b7a7ae032e449e4c9b1019eac\"},\"headline\":\"Eurocine 2026 re\u00fane diez producciones de alta calidad en el Mes de Europa\",\"datePublished\":\"2026-05-01T12:42:24+00:00\",\"mainEntityOfPage\":{\"@id\":\"https:\\\/\\\/www.eldiario.net\\\/portal\\\/2026\\\/05\\\/01\\\/eurocine-2026-reune-diez-producciones-de-alta-calidad-en-el-mes-de-europa\\\/\"},\"wordCount\":675,\"publisher\":{\"@id\":\"https:\\\/\\\/www.eldiario.net\\\/portal\\\/#organization\"},\"image\":{\"@id\":\"https:\\\/\\\/www.eldiario.net\\\/portal\\\/2026\\\/05\\\/01\\\/eurocine-2026-reune-diez-producciones-de-alta-calidad-en-el-mes-de-europa\\\/#primaryimage\"},\"thumbnailUrl\":\"https:\\\/\\\/www.eldiario.net\\\/portal\\\/wp-content\\\/uploads\\\/2026\\\/05\\\/FOTO-1.webp\",\"articleSection\":[\"Cultural\"],\"inLanguage\":\"es\"},{\"@type\":\"WebPage\",\"@id\":\"https:\\\/\\\/www.eldiario.net\\\/portal\\\/2026\\\/05\\\/01\\\/eurocine-2026-reune-diez-producciones-de-alta-calidad-en-el-mes-de-europa\\\/\",\"url\":\"https:\\\/\\\/www.eldiario.net\\\/portal\\\/2026\\\/05\\\/01\\\/eurocine-2026-reune-diez-producciones-de-alta-calidad-en-el-mes-de-europa\\\/\",\"name\":\"Eurocine 2026 re\u00fane diez producciones de alta calidad en el Mes de Europa - El Diario - Bolivia\",\"isPartOf\":{\"@id\":\"https:\\\/\\\/www.eldiario.net\\\/portal\\\/#website\"},\"primaryImageOfPage\":{\"@id\":\"https:\\\/\\\/www.eldiario.net\\\/portal\\\/2026\\\/05\\\/01\\\/eurocine-2026-reune-diez-producciones-de-alta-calidad-en-el-mes-de-europa\\\/#primaryimage\"},\"image\":{\"@id\":\"https:\\\/\\\/www.eldiario.net\\\/portal\\\/2026\\\/05\\\/01\\\/eurocine-2026-reune-diez-producciones-de-alta-calidad-en-el-mes-de-europa\\\/#primaryimage\"},\"thumbnailUrl\":\"https:\\\/\\\/www.eldiario.net\\\/portal\\\/wp-content\\\/uploads\\\/2026\\\/05\\\/FOTO-1.webp\",\"datePublished\":\"2026-05-01T12:42:24+00:00\",\"breadcrumb\":{\"@id\":\"https:\\\/\\\/www.eldiario.net\\\/portal\\\/2026\\\/05\\\/01\\\/eurocine-2026-reune-diez-producciones-de-alta-calidad-en-el-mes-de-europa\\\/#breadcrumb\"},\"inLanguage\":\"es\",\"potentialAction\":[{\"@type\":\"ReadAction\",\"target\":[\"https:\\\/\\\/www.eldiario.net\\\/portal\\\/2026\\\/05\\\/01\\\/eurocine-2026-reune-diez-producciones-de-alta-calidad-en-el-mes-de-europa\\\/\"]}]},{\"@type\":\"ImageObject\",\"inLanguage\":\"es\",\"@id\":\"https:\\\/\\\/www.eldiario.net\\\/portal\\\/2026\\\/05\\\/01\\\/eurocine-2026-reune-diez-producciones-de-alta-calidad-en-el-mes-de-europa\\\/#primaryimage\",\"url\":\"https:\\\/\\\/www.eldiario.net\\\/portal\\\/wp-content\\\/uploads\\\/2026\\\/05\\\/FOTO-1.webp\",\"contentUrl\":\"https:\\\/\\\/www.eldiario.net\\\/portal\\\/wp-content\\\/uploads\\\/2026\\\/05\\\/FOTO-1.webp\",\"width\":1200,\"height\":801,\"caption\":\"PATRICIA CUARITA, EMBAJADA ALEMANA; ADOLFO CAMPOS, DELEGACI\u00d3N DE LA UNI\u00d3N EUROPEA; MELA M\u00c1RQUEZ, DIRECTORA CINEMATECA BOLIVIANA; MILENA VILLEU, EMBAJADA FRANCIA, Y MARTHA REBOLLO, CENTRO CULTURAL DE ESPA\u00d1A.\"},{\"@type\":\"BreadcrumbList\",\"@id\":\"https:\\\/\\\/www.eldiario.net\\\/portal\\\/2026\\\/05\\\/01\\\/eurocine-2026-reune-diez-producciones-de-alta-calidad-en-el-mes-de-europa\\\/#breadcrumb\",\"itemListElement\":[{\"@type\":\"ListItem\",\"position\":1,\"name\":\"Portada\",\"item\":\"https:\\\/\\\/www.eldiario.net\\\/portal\\\/\"},{\"@type\":\"ListItem\",\"position\":2,\"name\":\"Eurocine 2026 re\u00fane diez producciones de alta calidad en el Mes de Europa\"}]},{\"@type\":\"WebSite\",\"@id\":\"https:\\\/\\\/www.eldiario.net\\\/portal\\\/#website\",\"url\":\"https:\\\/\\\/www.eldiario.net\\\/portal\\\/\",\"name\":\"El Diario - Decano de la prensa nacional\",\"description\":\"El Diario - Decano de la prensa nacional\",\"publisher\":{\"@id\":\"https:\\\/\\\/www.eldiario.net\\\/portal\\\/#organization\"},\"potentialAction\":[{\"@type\":\"SearchAction\",\"target\":{\"@type\":\"EntryPoint\",\"urlTemplate\":\"https:\\\/\\\/www.eldiario.net\\\/portal\\\/?s={search_term_string}\"},\"query-input\":{\"@type\":\"PropertyValueSpecification\",\"valueRequired\":true,\"valueName\":\"search_term_string\"}}],\"inLanguage\":\"es\"},{\"@type\":\"Organization\",\"@id\":\"https:\\\/\\\/www.eldiario.net\\\/portal\\\/#organization\",\"name\":\"El Diario - Decano de la prensa nacional\",\"url\":\"https:\\\/\\\/www.eldiario.net\\\/portal\\\/\",\"logo\":{\"@type\":\"ImageObject\",\"inLanguage\":\"es\",\"@id\":\"https:\\\/\\\/www.eldiario.net\\\/portal\\\/#\\\/schema\\\/logo\\\/image\\\/\",\"url\":\"https:\\\/\\\/www.eldiario.net\\\/portal\\\/wp-content\\\/uploads\\\/2023\\\/07\\\/logo_ED.jpg\",\"contentUrl\":\"https:\\\/\\\/www.eldiario.net\\\/portal\\\/wp-content\\\/uploads\\\/2023\\\/07\\\/logo_ED.jpg\",\"width\":272,\"height\":52,\"caption\":\"El Diario - Decano de la prensa nacional\"},\"image\":{\"@id\":\"https:\\\/\\\/www.eldiario.net\\\/portal\\\/#\\\/schema\\\/logo\\\/image\\\/\"},\"sameAs\":[\"https:\\\/\\\/www.facebook.com\\\/eldiario.bolivia\\\/\",\"https:\\\/\\\/x.com\\\/eldiario_net\"]},{\"@type\":\"Person\",\"@id\":\"https:\\\/\\\/www.eldiario.net\\\/portal\\\/#\\\/schema\\\/person\\\/2c57cf2b7a7ae032e449e4c9b1019eac\",\"name\":\"Jeanette\",\"image\":{\"@type\":\"ImageObject\",\"inLanguage\":\"es\",\"@id\":\"https:\\\/\\\/secure.gravatar.com\\\/avatar\\\/3ea2118a5f7dad2b7138b1187a6b7ee55f160b9968b66013c3a3ef39dd7e5798?s=96&d=mm&r=g\",\"url\":\"https:\\\/\\\/secure.gravatar.com\\\/avatar\\\/3ea2118a5f7dad2b7138b1187a6b7ee55f160b9968b66013c3a3ef39dd7e5798?s=96&d=mm&r=g\",\"contentUrl\":\"https:\\\/\\\/secure.gravatar.com\\\/avatar\\\/3ea2118a5f7dad2b7138b1187a6b7ee55f160b9968b66013c3a3ef39dd7e5798?s=96&d=mm&r=g\",\"caption\":\"Jeanette\"},\"sameAs\":[\"https:\\\/\\\/www.eldiario.net\\\/portal\"],\"url\":\"https:\\\/\\\/www.eldiario.net\\\/portal\\\/author\\\/jeanette\\\/\"}]}<\/script>\n<!-- \/ Yoast SEO plugin. -->","yoast_head_json":{"title":"Eurocine 2026 re\u00fane diez producciones de alta calidad en el Mes de Europa - El Diario - Bolivia","robots":{"index":"index","follow":"follow","max-snippet":"max-snippet:-1","max-image-preview":"max-image-preview:large","max-video-preview":"max-video-preview:-1"},"canonical":"https:\/\/www.eldiario.net\/portal\/2026\/05\/01\/eurocine-2026-reune-diez-producciones-de-alta-calidad-en-el-mes-de-europa\/","og_locale":"es_ES","og_type":"article","og_title":"Eurocine 2026 re\u00fane diez producciones de alta calidad en el Mes de Europa - El Diario - Bolivia","og_description":"Por Susana Guti\u00e9rrez &nbsp; En el marco de las celebraciones por el Mes de Europa, la 27\u00aa versi\u00f3n de Eurocine se consolida como uno de los encuentros culturales m\u00e1s significativos de Bolivia. Con una selecci\u00f3n de diez pel\u00edculas contempor\u00e1neas que recorren la memoria, la resiliencia y las complejidades humanas, la muestra se inaugurar\u00e1 el pr\u00f3ximo [&hellip;]","og_url":"https:\/\/www.eldiario.net\/portal\/2026\/05\/01\/eurocine-2026-reune-diez-producciones-de-alta-calidad-en-el-mes-de-europa\/","og_site_name":"El Diario - Bolivia","article_publisher":"https:\/\/www.facebook.com\/eldiario.bolivia\/","article_published_time":"2026-05-01T12:42:24+00:00","og_image":[{"width":1200,"height":801,"url":"https:\/\/www.eldiario.net\/portal\/wp-content\/uploads\/2026\/05\/FOTO-1.webp","type":"image\/webp"}],"author":"Jeanette","twitter_card":"summary_large_image","twitter_creator":"@eldiario_net","twitter_site":"@eldiario_net","twitter_misc":{"Escrito por":"Jeanette","Tiempo de lectura":"3 minutos"},"schema":{"@context":"https:\/\/schema.org","@graph":[{"@type":"Article","@id":"https:\/\/www.eldiario.net\/portal\/2026\/05\/01\/eurocine-2026-reune-diez-producciones-de-alta-calidad-en-el-mes-de-europa\/#article","isPartOf":{"@id":"https:\/\/www.eldiario.net\/portal\/2026\/05\/01\/eurocine-2026-reune-diez-producciones-de-alta-calidad-en-el-mes-de-europa\/"},"author":{"name":"Jeanette","@id":"https:\/\/www.eldiario.net\/portal\/#\/schema\/person\/2c57cf2b7a7ae032e449e4c9b1019eac"},"headline":"Eurocine 2026 re\u00fane diez producciones de alta calidad en el Mes de Europa","datePublished":"2026-05-01T12:42:24+00:00","mainEntityOfPage":{"@id":"https:\/\/www.eldiario.net\/portal\/2026\/05\/01\/eurocine-2026-reune-diez-producciones-de-alta-calidad-en-el-mes-de-europa\/"},"wordCount":675,"publisher":{"@id":"https:\/\/www.eldiario.net\/portal\/#organization"},"image":{"@id":"https:\/\/www.eldiario.net\/portal\/2026\/05\/01\/eurocine-2026-reune-diez-producciones-de-alta-calidad-en-el-mes-de-europa\/#primaryimage"},"thumbnailUrl":"https:\/\/www.eldiario.net\/portal\/wp-content\/uploads\/2026\/05\/FOTO-1.webp","articleSection":["Cultural"],"inLanguage":"es"},{"@type":"WebPage","@id":"https:\/\/www.eldiario.net\/portal\/2026\/05\/01\/eurocine-2026-reune-diez-producciones-de-alta-calidad-en-el-mes-de-europa\/","url":"https:\/\/www.eldiario.net\/portal\/2026\/05\/01\/eurocine-2026-reune-diez-producciones-de-alta-calidad-en-el-mes-de-europa\/","name":"Eurocine 2026 re\u00fane diez producciones de alta calidad en el Mes de Europa - El Diario - Bolivia","isPartOf":{"@id":"https:\/\/www.eldiario.net\/portal\/#website"},"primaryImageOfPage":{"@id":"https:\/\/www.eldiario.net\/portal\/2026\/05\/01\/eurocine-2026-reune-diez-producciones-de-alta-calidad-en-el-mes-de-europa\/#primaryimage"},"image":{"@id":"https:\/\/www.eldiario.net\/portal\/2026\/05\/01\/eurocine-2026-reune-diez-producciones-de-alta-calidad-en-el-mes-de-europa\/#primaryimage"},"thumbnailUrl":"https:\/\/www.eldiario.net\/portal\/wp-content\/uploads\/2026\/05\/FOTO-1.webp","datePublished":"2026-05-01T12:42:24+00:00","breadcrumb":{"@id":"https:\/\/www.eldiario.net\/portal\/2026\/05\/01\/eurocine-2026-reune-diez-producciones-de-alta-calidad-en-el-mes-de-europa\/#breadcrumb"},"inLanguage":"es","potentialAction":[{"@type":"ReadAction","target":["https:\/\/www.eldiario.net\/portal\/2026\/05\/01\/eurocine-2026-reune-diez-producciones-de-alta-calidad-en-el-mes-de-europa\/"]}]},{"@type":"ImageObject","inLanguage":"es","@id":"https:\/\/www.eldiario.net\/portal\/2026\/05\/01\/eurocine-2026-reune-diez-producciones-de-alta-calidad-en-el-mes-de-europa\/#primaryimage","url":"https:\/\/www.eldiario.net\/portal\/wp-content\/uploads\/2026\/05\/FOTO-1.webp","contentUrl":"https:\/\/www.eldiario.net\/portal\/wp-content\/uploads\/2026\/05\/FOTO-1.webp","width":1200,"height":801,"caption":"PATRICIA CUARITA, EMBAJADA ALEMANA; ADOLFO CAMPOS, DELEGACI\u00d3N DE LA UNI\u00d3N EUROPEA; MELA M\u00c1RQUEZ, DIRECTORA CINEMATECA BOLIVIANA; MILENA VILLEU, EMBAJADA FRANCIA, Y MARTHA REBOLLO, CENTRO CULTURAL DE ESPA\u00d1A."},{"@type":"BreadcrumbList","@id":"https:\/\/www.eldiario.net\/portal\/2026\/05\/01\/eurocine-2026-reune-diez-producciones-de-alta-calidad-en-el-mes-de-europa\/#breadcrumb","itemListElement":[{"@type":"ListItem","position":1,"name":"Portada","item":"https:\/\/www.eldiario.net\/portal\/"},{"@type":"ListItem","position":2,"name":"Eurocine 2026 re\u00fane diez producciones de alta calidad en el Mes de Europa"}]},{"@type":"WebSite","@id":"https:\/\/www.eldiario.net\/portal\/#website","url":"https:\/\/www.eldiario.net\/portal\/","name":"El Diario - Decano de la prensa nacional","description":"El Diario - Decano de la prensa nacional","publisher":{"@id":"https:\/\/www.eldiario.net\/portal\/#organization"},"potentialAction":[{"@type":"SearchAction","target":{"@type":"EntryPoint","urlTemplate":"https:\/\/www.eldiario.net\/portal\/?s={search_term_string}"},"query-input":{"@type":"PropertyValueSpecification","valueRequired":true,"valueName":"search_term_string"}}],"inLanguage":"es"},{"@type":"Organization","@id":"https:\/\/www.eldiario.net\/portal\/#organization","name":"El Diario - Decano de la prensa nacional","url":"https:\/\/www.eldiario.net\/portal\/","logo":{"@type":"ImageObject","inLanguage":"es","@id":"https:\/\/www.eldiario.net\/portal\/#\/schema\/logo\/image\/","url":"https:\/\/www.eldiario.net\/portal\/wp-content\/uploads\/2023\/07\/logo_ED.jpg","contentUrl":"https:\/\/www.eldiario.net\/portal\/wp-content\/uploads\/2023\/07\/logo_ED.jpg","width":272,"height":52,"caption":"El Diario - Decano de la prensa nacional"},"image":{"@id":"https:\/\/www.eldiario.net\/portal\/#\/schema\/logo\/image\/"},"sameAs":["https:\/\/www.facebook.com\/eldiario.bolivia\/","https:\/\/x.com\/eldiario_net"]},{"@type":"Person","@id":"https:\/\/www.eldiario.net\/portal\/#\/schema\/person\/2c57cf2b7a7ae032e449e4c9b1019eac","name":"Jeanette","image":{"@type":"ImageObject","inLanguage":"es","@id":"https:\/\/secure.gravatar.com\/avatar\/3ea2118a5f7dad2b7138b1187a6b7ee55f160b9968b66013c3a3ef39dd7e5798?s=96&d=mm&r=g","url":"https:\/\/secure.gravatar.com\/avatar\/3ea2118a5f7dad2b7138b1187a6b7ee55f160b9968b66013c3a3ef39dd7e5798?s=96&d=mm&r=g","contentUrl":"https:\/\/secure.gravatar.com\/avatar\/3ea2118a5f7dad2b7138b1187a6b7ee55f160b9968b66013c3a3ef39dd7e5798?s=96&d=mm&r=g","caption":"Jeanette"},"sameAs":["https:\/\/www.eldiario.net\/portal"],"url":"https:\/\/www.eldiario.net\/portal\/author\/jeanette\/"}]}},"_links":{"self":[{"href":"https:\/\/www.eldiario.net\/portal\/wp-json\/wp\/v2\/posts\/390205","targetHints":{"allow":["GET"]}}],"collection":[{"href":"https:\/\/www.eldiario.net\/portal\/wp-json\/wp\/v2\/posts"}],"about":[{"href":"https:\/\/www.eldiario.net\/portal\/wp-json\/wp\/v2\/types\/post"}],"author":[{"embeddable":true,"href":"https:\/\/www.eldiario.net\/portal\/wp-json\/wp\/v2\/users\/1"}],"replies":[{"embeddable":true,"href":"https:\/\/www.eldiario.net\/portal\/wp-json\/wp\/v2\/comments?post=390205"}],"version-history":[{"count":1,"href":"https:\/\/www.eldiario.net\/portal\/wp-json\/wp\/v2\/posts\/390205\/revisions"}],"predecessor-version":[{"id":390208,"href":"https:\/\/www.eldiario.net\/portal\/wp-json\/wp\/v2\/posts\/390205\/revisions\/390208"}],"wp:featuredmedia":[{"embeddable":true,"href":"https:\/\/www.eldiario.net\/portal\/wp-json\/wp\/v2\/media\/390207"}],"wp:attachment":[{"href":"https:\/\/www.eldiario.net\/portal\/wp-json\/wp\/v2\/media?parent=390205"}],"wp:term":[{"taxonomy":"category","embeddable":true,"href":"https:\/\/www.eldiario.net\/portal\/wp-json\/wp\/v2\/categories?post=390205"},{"taxonomy":"post_tag","embeddable":true,"href":"https:\/\/www.eldiario.net\/portal\/wp-json\/wp\/v2\/tags?post=390205"}],"curies":[{"name":"wp","href":"https:\/\/api.w.org\/{rel}","templated":true}]}}